{"id":28205,"date":"2024-07-03T10:31:11","date_gmt":"2024-07-03T08:31:11","guid":{"rendered":"https:\/\/www.organisator.ch\/?p=28205"},"modified":"2024-07-03T10:01:59","modified_gmt":"2024-07-03T08:01:59","slug":"ingo-steinkellner-wird-neuer-ceo-der-swiss-moonshot-ag","status":"publish","type":"post","link":"https:\/\/www.organisator.ch\/en\/management\/2024-07-03\/ingo-steinkellner-wird-neuer-ceo-der-swiss-moonshot-ag\/","title":{"rendered":"Ingo Steinkellner becomes the new CEO of swiss moonshot AG"},"content":{"rendered":"<figure id=\"attachment_28207\" aria-describedby=\"caption-attachment-28207\" style=\"width: 680px\" class=\"wp-caption alignnone\"><img loading=\"lazy\" decoding=\"async\" class=\"size-full wp-image-28207\" src=\"https:\/\/www.organisator.ch\/wp-content\/uploads\/2024\/07\/ingo_steinkellner_aiaibot_Bild1_ps.jpg\" alt=\"\" width=\"680\" height=\"451\" srcset=\"https:\/\/www.organisator.ch\/wp-content\/uploads\/2024\/07\/ingo_steinkellner_aiaibot_Bild1_ps.jpg 680w, https:\/\/www.organisator.ch\/wp-content\/uploads\/2024\/07\/ingo_steinkellner_aiaibot_Bild1_ps-18x12.jpg 18w, https:\/\/www.organisator.ch\/wp-content\/uploads\/2024\/07\/ingo_steinkellner_aiaibot_Bild1_ps-375x249.jpg 375w, https:\/\/www.organisator.ch\/wp-content\/uploads\/2024\/07\/ingo_steinkellner_aiaibot_Bild1_ps-528x350.jpg 528w\" sizes=\"auto, (max-width: 680px) 100vw, 680px\" \/><figcaption id=\"caption-attachment-28207\" class=\"wp-caption-text\">swiss moonshot AG appoints Ingo Steinkellner as new CEO. (Image: www.aiaibot.com)<\/figcaption><\/figure>\n<h3><strong>From IT supporter to CEO: the career of Ingo Steinkellner<\/strong><\/h3>\n<p>Ingo Steinkellner's career within the polydata Group began in 2007 as a 1st level supporter at pidas in Graz. Over the course of 17 years, he worked in various departments and completed a degree in information management at the same time. In 2019, he obtained an Executive MBA from the University of Zurich (UZH). He then seamlessly took on the role of Chief Technology Officer (CTO) at swiss moonshot AG.<\/p>\n<h3><strong>Building the aiaibot platform: Steinkellner's contribution to success<\/strong><\/h3>\n<p>As CTO, Steinkellner was largely responsible for the development of the aiaibot platform. This powerful platform enables companies to process customer inquiries efficiently and optimize personalized customer interactions. Under his technical leadership, aiaibot developed into a leading platform in the field of AI-supported customer service solutions.<\/p>\n<h3><strong>Looking to the future: Steinkellner's plans for swiss moonshot AG<\/strong><\/h3>\n<p>In his new role as CEO, Steinkellner will continue the existing growth of swiss moonshot AG and exploit new growth opportunities. \"We are implementing the AI revolution in customer service,\" explains Steinkellner enthusiastically. \"Our mission is to offer our customers unparalleled added value through advanced technologies. I look forward to continuing this journey at the helm of swiss moonshot AG and shaping the future of customer service together with our motivated team.\"<\/p>\n<h3><strong>Support of the Board of Directors: trust in the new management<\/strong><\/h3>\n<p>Stephan Wintsch, Chairman of the Board of Directors, comments on the change in leadership: \"We are delighted to have found the right candidate in our own ranks in Ingo Steinkellner and are convinced that he will provide the right impetus as CEO.\"<\/p>\n<p><em>Source: <a href=\"http:\/\/www.aiaibot.com\">www.aiaibot.com<\/a><\/em><\/p>","protected":false},"excerpt":{"rendered":"<p>swiss moonshot AG is pleased to announce the appointment of Ingo Steinkellner (40) as its new CEO. Born in Austria, he brings the ideal mix of leadership and technical expertise to lead the company into the future. <\/p>","protected":false},"author":58,"featured_media":28207,"comment_status":"closed","ping_status":"closed","sticky":false,"template":"","format":"standard","meta":{"_acf_changed":false,"_yoast_wpseo_focuskw":"Ingo Steinkellner","_yoast_wpseo_metadesc":"Die swiss moonshot AG freut sich, die Ernennung von Ingo Steinkellner (40) zum neuen CEO bekannt zu geben.","articlekey":"","footnotes":""},"categories":[28],"tags":[904,335,424,492],"class_list":["post-28205","post","type-post","status-publish","format-standard","has-post-thumbnail","hentry","category-management","tag-ceo","tag-management-und-unternehmensfuehrung","tag-schweiz","tag-unternehmen"],"acf":[],"yoast_head":"<!-- This site is optimized with the Yoast SEO plugin v27.5 - https:\/\/yoast.com\/product\/yoast-seo-wordpress\/ -->\n<title>Ingo Steinkellner wird neuer CEO der swiss moonshot AG - Organisator<\/title>\n<meta name=\"description\" content=\"Die swiss moonshot AG freut sich, die Ernennung von Ingo Steinkellner (40) zum neuen CEO bekannt zu geben.\" \/>\n<meta name=\"robots\" content=\"index, follow, max-snippet:-1, max-image-preview:large, max-video-preview:-1\" \/>\n<link rel=\"canonical\" href=\"https:\/\/www.organisator.ch\/en\/management\/2024-07-03\/ingo-steinkellner-wird-neuer-ceo-der-swiss-moonshot-ag\/\" \/>\n<meta property=\"og:locale\" content=\"en_US\" \/>\n<meta property=\"og:type\" content=\"article\" \/>\n<meta property=\"og:title\" content=\"Ingo Steinkellner wird neuer CEO der swiss moonshot AG\" \/>\n<meta property=\"og:description\" content=\"Die swiss moonshot AG freut sich, die Ernennung von Ingo Steinkellner (40) zum neuen CEO bekannt zu geben.\" \/>\n<meta property=\"og:url\" content=\"https:\/\/www.organisator.ch\/en\/management\/2024-07-03\/ingo-steinkellner-wird-neuer-ceo-der-swiss-moonshot-ag\/\" \/>\n<meta property=\"og:site_name\" content=\"Organisator\" \/>\n<meta property=\"article:publisher\" content=\"https:\/\/www.facebook.com\/OrganisatorFachmagazin\" \/>\n<meta property=\"article:published_time\" content=\"2024-07-03T08:31:11+00:00\" \/>\n<meta property=\"og:image\" content=\"https:\/\/www.organisator.ch\/wp-content\/uploads\/2024\/07\/ingo_steinkellner_aiaibot_Bild1_ps.jpg\" \/>\n\t<meta property=\"og:image:width\" content=\"680\" \/>\n\t<meta property=\"og:image:height\" content=\"451\" \/>\n\t<meta property=\"og:image:type\" content=\"image\/jpeg\" \/>\n<meta name=\"author\" content=\"Adelisa Kalajdzini\" \/>\n<meta name=\"twitter:card\" content=\"summary_large_image\" \/>\n<meta name=\"twitter:title\" content=\"Ingo Steinkellner wird neuer CEO der swiss moonshot AG\" \/>\n<meta name=\"twitter:description\" content=\"Die #swiss #moonshot AG freut sich, die #Ernennung von #Ingo #Steinkellner (40) zum neuen #CEO bekannt zu geben.\" \/>\n<meta name=\"twitter:image\" content=\"https:\/\/www.organisator.ch\/wp-content\/uploads\/2024\/07\/ingo_steinkellner_aiaibot_Bild1_ps.jpg\" \/>\n<script type=\"application\/ld+json\" class=\"yoast-schema-graph\">{\"@context\":\"https:\\\/\\\/schema.org\",\"@graph\":[{\"@type\":\"Article\",\"@id\":\"https:\\\/\\\/www.organisator.ch\\\/management\\\/2024-07-03\\\/ingo-steinkellner-wird-neuer-ceo-der-swiss-moonshot-ag\\\/#article\",\"isPartOf\":{\"@id\":\"https:\\\/\\\/www.organisator.ch\\\/management\\\/2024-07-03\\\/ingo-steinkellner-wird-neuer-ceo-der-swiss-moonshot-ag\\\/\"},\"author\":{\"name\":\"Adelisa Kalajdzini\",\"@id\":\"https:\\\/\\\/www.organisator.ch\\\/#\\\/schema\\\/person\\\/2e1314a2172123f874db408d8911d3f3\"},\"headline\":\"Ingo Steinkellner wird neuer CEO der swiss moonshot AG\",\"datePublished\":\"2024-07-03T08:31:11+00:00\",\"mainEntityOfPage\":{\"@id\":\"https:\\\/\\\/www.organisator.ch\\\/management\\\/2024-07-03\\\/ingo-steinkellner-wird-neuer-ceo-der-swiss-moonshot-ag\\\/\"},\"wordCount\":288,\"publisher\":{\"@id\":\"https:\\\/\\\/www.organisator.ch\\\/#organization\"},\"image\":{\"@id\":\"https:\\\/\\\/www.organisator.ch\\\/management\\\/2024-07-03\\\/ingo-steinkellner-wird-neuer-ceo-der-swiss-moonshot-ag\\\/#primaryimage\"},\"thumbnailUrl\":\"https:\\\/\\\/www.organisator.ch\\\/wp-content\\\/uploads\\\/2024\\\/07\\\/ingo_steinkellner_aiaibot_Bild1_ps.jpg\",\"keywords\":[\"CEO\",\"Management und Unternehmensf\u00fchrung\",\"Schweiz\",\"Unternehmen\"],\"articleSection\":[\"MANAGEMENT\"],\"inLanguage\":\"en-US\"},{\"@type\":\"WebPage\",\"@id\":\"https:\\\/\\\/www.organisator.ch\\\/management\\\/2024-07-03\\\/ingo-steinkellner-wird-neuer-ceo-der-swiss-moonshot-ag\\\/\",\"url\":\"https:\\\/\\\/www.organisator.ch\\\/management\\\/2024-07-03\\\/ingo-steinkellner-wird-neuer-ceo-der-swiss-moonshot-ag\\\/\",\"name\":\"Ingo Steinkellner wird neuer CEO der swiss moonshot AG - Organisator\",\"isPartOf\":{\"@id\":\"https:\\\/\\\/www.organisator.ch\\\/#website\"},\"primaryImageOfPage\":{\"@id\":\"https:\\\/\\\/www.organisator.ch\\\/management\\\/2024-07-03\\\/ingo-steinkellner-wird-neuer-ceo-der-swiss-moonshot-ag\\\/#primaryimage\"},\"image\":{\"@id\":\"https:\\\/\\\/www.organisator.ch\\\/management\\\/2024-07-03\\\/ingo-steinkellner-wird-neuer-ceo-der-swiss-moonshot-ag\\\/#primaryimage\"},\"thumbnailUrl\":\"https:\\\/\\\/www.organisator.ch\\\/wp-content\\\/uploads\\\/2024\\\/07\\\/ingo_steinkellner_aiaibot_Bild1_ps.jpg\",\"datePublished\":\"2024-07-03T08:31:11+00:00\",\"description\":\"Die swiss moonshot AG freut sich, die Ernennung von Ingo Steinkellner (40) zum neuen CEO bekannt zu geben.\",\"breadcrumb\":{\"@id\":\"https:\\\/\\\/www.organisator.ch\\\/management\\\/2024-07-03\\\/ingo-steinkellner-wird-neuer-ceo-der-swiss-moonshot-ag\\\/#breadcrumb\"},\"inLanguage\":\"en-US\",\"potentialAction\":[{\"@type\":\"ReadAction\",\"target\":[\"https:\\\/\\\/www.organisator.ch\\\/management\\\/2024-07-03\\\/ingo-steinkellner-wird-neuer-ceo-der-swiss-moonshot-ag\\\/\"]}]},{\"@type\":\"ImageObject\",\"inLanguage\":\"en-US\",\"@id\":\"https:\\\/\\\/www.organisator.ch\\\/management\\\/2024-07-03\\\/ingo-steinkellner-wird-neuer-ceo-der-swiss-moonshot-ag\\\/#primaryimage\",\"url\":\"https:\\\/\\\/www.organisator.ch\\\/wp-content\\\/uploads\\\/2024\\\/07\\\/ingo_steinkellner_aiaibot_Bild1_ps.jpg\",\"contentUrl\":\"https:\\\/\\\/www.organisator.ch\\\/wp-content\\\/uploads\\\/2024\\\/07\\\/ingo_steinkellner_aiaibot_Bild1_ps.jpg\",\"width\":680,\"height\":451,\"caption\":\"Die swiss moonshot AG ernennt Ingo Steinkellner zum neuen CEO. (Bild: www.aiaibot.com)\"},{\"@type\":\"BreadcrumbList\",\"@id\":\"https:\\\/\\\/www.organisator.ch\\\/management\\\/2024-07-03\\\/ingo-steinkellner-wird-neuer-ceo-der-swiss-moonshot-ag\\\/#breadcrumb\",\"itemListElement\":[{\"@type\":\"ListItem\",\"position\":1,\"name\":\"Home\",\"item\":\"https:\\\/\\\/www.organisator.ch\\\/\"},{\"@type\":\"ListItem\",\"position\":2,\"name\":\"Ingo Steinkellner wird neuer CEO der swiss moonshot AG\"}]},{\"@type\":\"WebSite\",\"@id\":\"https:\\\/\\\/www.organisator.ch\\\/#website\",\"url\":\"https:\\\/\\\/www.organisator.ch\\\/\",\"name\":\"Organisator\",\"description\":\"Kompetent. Praxisnah. Der ORGANISATOR bereitet in 10 Ausgaben pro Jahr die wesentlichen Themen f\u00fcr F\u00fchrungskr\u00e4fte von KMU auf.\",\"publisher\":{\"@id\":\"https:\\\/\\\/www.organisator.ch\\\/#organization\"},\"potentialAction\":[{\"@type\":\"SearchAction\",\"target\":{\"@type\":\"EntryPoint\",\"urlTemplate\":\"https:\\\/\\\/www.organisator.ch\\\/?s={search_term_string}\"},\"query-input\":{\"@type\":\"PropertyValueSpecification\",\"valueRequired\":true,\"valueName\":\"search_term_string\"}}],\"inLanguage\":\"en-US\"},{\"@type\":\"Organization\",\"@id\":\"https:\\\/\\\/www.organisator.ch\\\/#organization\",\"name\":\"Organisator\",\"url\":\"https:\\\/\\\/www.organisator.ch\\\/\",\"logo\":{\"@type\":\"ImageObject\",\"inLanguage\":\"en-US\",\"@id\":\"https:\\\/\\\/www.organisator.ch\\\/#\\\/schema\\\/logo\\\/image\\\/\",\"url\":\"https:\\\/\\\/www.organisator.ch\\\/wp-content\\\/uploads\\\/2022\\\/01\\\/Logo_Organisator_Website.png\",\"contentUrl\":\"https:\\\/\\\/www.organisator.ch\\\/wp-content\\\/uploads\\\/2022\\\/01\\\/Logo_Organisator_Website.png\",\"width\":800,\"height\":77,\"caption\":\"Organisator\"},\"image\":{\"@id\":\"https:\\\/\\\/www.organisator.ch\\\/#\\\/schema\\\/logo\\\/image\\\/\"},\"sameAs\":[\"https:\\\/\\\/www.facebook.com\\\/OrganisatorFachmagazin\",\"https:\\\/\\\/www.linkedin.com\\\/showcase\\\/organisator-das-magazin-fr-kmu\",\"https:\\\/\\\/www.xing.com\\\/news\\\/pages\\\/organisator-ch-695\",\"https:\\\/\\\/www.youtube.com\\\/channel\\\/UCGP2Sq0iWaZwT3BdIAQFYpw\"]},{\"@type\":\"Person\",\"@id\":\"https:\\\/\\\/www.organisator.ch\\\/#\\\/schema\\\/person\\\/2e1314a2172123f874db408d8911d3f3\",\"name\":\"Adelisa Kalajdzini\",\"image\":{\"@type\":\"ImageObject\",\"inLanguage\":\"en-US\",\"@id\":\"https:\\\/\\\/secure.gravatar.com\\\/avatar\\\/09a397c22ac58cad6f160ee8306348599df9df58a8ede73696226897b9fa4b24?s=96&d=mm&r=g\",\"url\":\"https:\\\/\\\/secure.gravatar.com\\\/avatar\\\/09a397c22ac58cad6f160ee8306348599df9df58a8ede73696226897b9fa4b24?s=96&d=mm&r=g\",\"contentUrl\":\"https:\\\/\\\/secure.gravatar.com\\\/avatar\\\/09a397c22ac58cad6f160ee8306348599df9df58a8ede73696226897b9fa4b24?s=96&d=mm&r=g\",\"caption\":\"Adelisa Kalajdzini\"},\"url\":\"https:\\\/\\\/www.organisator.ch\\\/en\\\/author\\\/adelisa-kalajdzini\\\/\"}]}<\/script>\n<!-- \/ Yoast SEO plugin. -->","yoast_head_json":{"title":"Ingo Steinkellner becomes new CEO of swiss moonshot AG - Organizer","description":"swiss moonshot AG is pleased to announce the appointment of Ingo Steinkellner (40) as its new CEO.","robots":{"index":"index","follow":"follow","max-snippet":"max-snippet:-1","max-image-preview":"max-image-preview:large","max-video-preview":"max-video-preview:-1"},"canonical":"https:\/\/www.organisator.ch\/en\/management\/2024-07-03\/ingo-steinkellner-wird-neuer-ceo-der-swiss-moonshot-ag\/","og_locale":"en_US","og_type":"article","og_title":"Ingo Steinkellner wird neuer CEO der swiss moonshot AG","og_description":"Die swiss moonshot AG freut sich, die Ernennung von Ingo Steinkellner (40) zum neuen CEO bekannt zu geben.","og_url":"https:\/\/www.organisator.ch\/en\/management\/2024-07-03\/ingo-steinkellner-wird-neuer-ceo-der-swiss-moonshot-ag\/","og_site_name":"Organisator","article_publisher":"https:\/\/www.facebook.com\/OrganisatorFachmagazin","article_published_time":"2024-07-03T08:31:11+00:00","og_image":[{"width":680,"height":451,"url":"https:\/\/www.organisator.ch\/wp-content\/uploads\/2024\/07\/ingo_steinkellner_aiaibot_Bild1_ps.jpg","type":"image\/jpeg"}],"author":"Adelisa Kalajdzini","twitter_card":"summary_large_image","twitter_title":"Ingo Steinkellner wird neuer CEO der swiss moonshot AG","twitter_description":"Die #swiss #moonshot AG freut sich, die #Ernennung von #Ingo #Steinkellner (40) zum neuen #CEO bekannt zu geben.","twitter_image":"https:\/\/www.organisator.ch\/wp-content\/uploads\/2024\/07\/ingo_steinkellner_aiaibot_Bild1_ps.jpg","schema":{"@context":"https:\/\/schema.org","@graph":[{"@type":"Article","@id":"https:\/\/www.organisator.ch\/management\/2024-07-03\/ingo-steinkellner-wird-neuer-ceo-der-swiss-moonshot-ag\/#article","isPartOf":{"@id":"https:\/\/www.organisator.ch\/management\/2024-07-03\/ingo-steinkellner-wird-neuer-ceo-der-swiss-moonshot-ag\/"},"author":{"name":"Adelisa Kalajdzini","@id":"https:\/\/www.organisator.ch\/#\/schema\/person\/2e1314a2172123f874db408d8911d3f3"},"headline":"Ingo Steinkellner wird neuer CEO der swiss moonshot AG","datePublished":"2024-07-03T08:31:11+00:00","mainEntityOfPage":{"@id":"https:\/\/www.organisator.ch\/management\/2024-07-03\/ingo-steinkellner-wird-neuer-ceo-der-swiss-moonshot-ag\/"},"wordCount":288,"publisher":{"@id":"https:\/\/www.organisator.ch\/#organization"},"image":{"@id":"https:\/\/www.organisator.ch\/management\/2024-07-03\/ingo-steinkellner-wird-neuer-ceo-der-swiss-moonshot-ag\/#primaryimage"},"thumbnailUrl":"https:\/\/www.organisator.ch\/wp-content\/uploads\/2024\/07\/ingo_steinkellner_aiaibot_Bild1_ps.jpg","keywords":["CEO","Management und Unternehmensf\u00fchrung","Schweiz","Unternehmen"],"articleSection":["MANAGEMENT"],"inLanguage":"en-US"},{"@type":"WebPage","@id":"https:\/\/www.organisator.ch\/management\/2024-07-03\/ingo-steinkellner-wird-neuer-ceo-der-swiss-moonshot-ag\/","url":"https:\/\/www.organisator.ch\/management\/2024-07-03\/ingo-steinkellner-wird-neuer-ceo-der-swiss-moonshot-ag\/","name":"Ingo Steinkellner becomes new CEO of swiss moonshot AG - Organizer","isPartOf":{"@id":"https:\/\/www.organisator.ch\/#website"},"primaryImageOfPage":{"@id":"https:\/\/www.organisator.ch\/management\/2024-07-03\/ingo-steinkellner-wird-neuer-ceo-der-swiss-moonshot-ag\/#primaryimage"},"image":{"@id":"https:\/\/www.organisator.ch\/management\/2024-07-03\/ingo-steinkellner-wird-neuer-ceo-der-swiss-moonshot-ag\/#primaryimage"},"thumbnailUrl":"https:\/\/www.organisator.ch\/wp-content\/uploads\/2024\/07\/ingo_steinkellner_aiaibot_Bild1_ps.jpg","datePublished":"2024-07-03T08:31:11+00:00","description":"swiss moonshot AG is pleased to announce the appointment of Ingo Steinkellner (40) as its new CEO.","breadcrumb":{"@id":"https:\/\/www.organisator.ch\/management\/2024-07-03\/ingo-steinkellner-wird-neuer-ceo-der-swiss-moonshot-ag\/#breadcrumb"},"inLanguage":"en-US","potentialAction":[{"@type":"ReadAction","target":["https:\/\/www.organisator.ch\/management\/2024-07-03\/ingo-steinkellner-wird-neuer-ceo-der-swiss-moonshot-ag\/"]}]},{"@type":"ImageObject","inLanguage":"en-US","@id":"https:\/\/www.organisator.ch\/management\/2024-07-03\/ingo-steinkellner-wird-neuer-ceo-der-swiss-moonshot-ag\/#primaryimage","url":"https:\/\/www.organisator.ch\/wp-content\/uploads\/2024\/07\/ingo_steinkellner_aiaibot_Bild1_ps.jpg","contentUrl":"https:\/\/www.organisator.ch\/wp-content\/uploads\/2024\/07\/ingo_steinkellner_aiaibot_Bild1_ps.jpg","width":680,"height":451,"caption":"Die swiss moonshot AG ernennt Ingo Steinkellner zum neuen CEO. (Bild: www.aiaibot.com)"},{"@type":"BreadcrumbList","@id":"https:\/\/www.organisator.ch\/management\/2024-07-03\/ingo-steinkellner-wird-neuer-ceo-der-swiss-moonshot-ag\/#breadcrumb","itemListElement":[{"@type":"ListItem","position":1,"name":"Home","item":"https:\/\/www.organisator.ch\/"},{"@type":"ListItem","position":2,"name":"Ingo Steinkellner wird neuer CEO der swiss moonshot AG"}]},{"@type":"WebSite","@id":"https:\/\/www.organisator.ch\/#website","url":"https:\/\/www.organisator.ch\/","name":"Organizer","description":"Competent. Practical. In 10 issues per year, ORGANISATOR presents the essential topics for managers of SMEs.","publisher":{"@id":"https:\/\/www.organisator.ch\/#organization"},"potentialAction":[{"@type":"SearchAction","target":{"@type":"EntryPoint","urlTemplate":"https:\/\/www.organisator.ch\/?s={search_term_string}"},"query-input":{"@type":"PropertyValueSpecification","valueRequired":true,"valueName":"search_term_string"}}],"inLanguage":"en-US"},{"@type":"Organization","@id":"https:\/\/www.organisator.ch\/#organization","name":"Organizer","url":"https:\/\/www.organisator.ch\/","logo":{"@type":"ImageObject","inLanguage":"en-US","@id":"https:\/\/www.organisator.ch\/#\/schema\/logo\/image\/","url":"https:\/\/www.organisator.ch\/wp-content\/uploads\/2022\/01\/Logo_Organisator_Website.png","contentUrl":"https:\/\/www.organisator.ch\/wp-content\/uploads\/2022\/01\/Logo_Organisator_Website.png","width":800,"height":77,"caption":"Organisator"},"image":{"@id":"https:\/\/www.organisator.ch\/#\/schema\/logo\/image\/"},"sameAs":["https:\/\/www.facebook.com\/OrganisatorFachmagazin","https:\/\/www.linkedin.com\/showcase\/organisator-das-magazin-fr-kmu","https:\/\/www.xing.com\/news\/pages\/organisator-ch-695","https:\/\/www.youtube.com\/channel\/UCGP2Sq0iWaZwT3BdIAQFYpw"]},{"@type":"Person","@id":"https:\/\/www.organisator.ch\/#\/schema\/person\/2e1314a2172123f874db408d8911d3f3","name":"Adelisa Kalajdzini","image":{"@type":"ImageObject","inLanguage":"en-US","@id":"https:\/\/secure.gravatar.com\/avatar\/09a397c22ac58cad6f160ee8306348599df9df58a8ede73696226897b9fa4b24?s=96&d=mm&r=g","url":"https:\/\/secure.gravatar.com\/avatar\/09a397c22ac58cad6f160ee8306348599df9df58a8ede73696226897b9fa4b24?s=96&d=mm&r=g","contentUrl":"https:\/\/secure.gravatar.com\/avatar\/09a397c22ac58cad6f160ee8306348599df9df58a8ede73696226897b9fa4b24?s=96&d=mm&r=g","caption":"Adelisa Kalajdzini"},"url":"https:\/\/www.organisator.ch\/en\/author\/adelisa-kalajdzini\/"}]}},"_links":{"self":[{"href":"https:\/\/www.organisator.ch\/en\/wp-json\/wp\/v2\/posts\/28205","targetHints":{"allow":["GET"]}}],"collection":[{"href":"https:\/\/www.organisator.ch\/en\/wp-json\/wp\/v2\/posts"}],"about":[{"href":"https:\/\/www.organisator.ch\/en\/wp-json\/wp\/v2\/types\/post"}],"author":[{"embeddable":true,"href":"https:\/\/www.organisator.ch\/en\/wp-json\/wp\/v2\/users\/58"}],"replies":[{"embeddable":true,"href":"https:\/\/www.organisator.ch\/en\/wp-json\/wp\/v2\/comments?post=28205"}],"version-history":[{"count":4,"href":"https:\/\/www.organisator.ch\/en\/wp-json\/wp\/v2\/posts\/28205\/revisions"}],"predecessor-version":[{"id":28238,"href":"https:\/\/www.organisator.ch\/en\/wp-json\/wp\/v2\/posts\/28205\/revisions\/28238"}],"wp:featuredmedia":[{"embeddable":true,"href":"https:\/\/www.organisator.ch\/en\/wp-json\/wp\/v2\/media\/28207"}],"wp:attachment":[{"href":"https:\/\/www.organisator.ch\/en\/wp-json\/wp\/v2\/media?parent=28205"}],"wp:term":[{"taxonomy":"category","embeddable":true,"href":"https:\/\/www.organisator.ch\/en\/wp-json\/wp\/v2\/categories?post=28205"},{"taxonomy":"post_tag","embeddable":true,"href":"https:\/\/www.organisator.ch\/en\/wp-json\/wp\/v2\/tags?post=28205"}],"curies":[{"name":"wp","href":"https:\/\/api.w.org\/{rel}","templated":true}]}}