{"id":28225,"date":"2024-07-03T17:56:10","date_gmt":"2024-07-03T15:56:10","guid":{"rendered":"https:\/\/www.werbewoche.ch\/?p=217609"},"modified":"2024-11-10T08:11:16","modified_gmt":"2024-11-10T07:11:16","slug":"swiss-marketing-feiert-515-neue-marketing-und-verkaufsfachleute","status":"publish","type":"post","link":"https:\/\/www.organisator.ch\/en\/marketing\/2024-07-03\/swiss-marketing-feiert-515-neue-marketing-und-verkaufsfachleute\/","title":{"rendered":"Swiss Marketing celebrates 515 new marketing and sales professionals"},"content":{"rendered":"<p><img class=\"aligncenter wp-image-217611 size-full\" src=\"https:\/\/www.werbewoche.ch\/wp-content\/uploads\/2024\/07\/DSC04827.jpg\" alt=\"Marketing and sales experts\" width=\"1200\" height=\"800\" \/><\/p>\r\n<p>Under the moderation of young musical talent Cachita, the newly graduated students were honored for their outstanding achievements. Special recognition was given to the best of the year in the various parts of the examination and the overall examination.<\/p>\r\n<p>Swiss Music Award winner Andryy provided the musical accompaniment, adding an emotional touch with his extraordinary voice.<\/p>\r\n<p><img class=\"aligncenter size-full wp-image-217612\" src=\"https:\/\/www.werbewoche.ch\/wp-content\/uploads\/2024\/07\/DSC04836.jpg\" alt=\"\" width=\"1200\" height=\"800\" \/><\/p>\r\n<p>A total of 301 marketing specialists and 214 sales specialists passed the federal examination to become a marketing or sales specialist. The failure rate for both specializations was around 30 percent.<\/p>\r\n<p><img class=\"aligncenter size-full wp-image-217610\" src=\"https:\/\/www.werbewoche.ch\/wp-content\/uploads\/2024\/07\/DSC04802.jpg\" alt=\"\" width=\"1200\" height=\"800\" \/><\/p>","protected":false},"excerpt":{"rendered":"<p>On June 29, the graduation ceremony for the Marketing and Sales Specialists 2024 graduates took place at the Volkshaus Zurich.<\/p>","protected":false},"author":8,"featured_media":0,"comment_status":"closed","ping_status":"closed","sticky":false,"template":"","format":"standard","meta":{"_acf_changed":false,"_yoast_wpseo_focuskw":"Marketing- und Verkaufsfachleute","_yoast_wpseo_metadesc":"Ehrung der frisch diplomierten Marketing- und Verkaufsfachleute. Swiss-Music-Award-Gewinner Andryy sorgt f\u00fcr musikalische Begleitung.","articlekey":"","footnotes":""},"categories":[29],"tags":[740,339,2809],"class_list":["post-28225","post","type-post","status-publish","format-standard","hentry","category-marketing","tag-ausbildung","tag-marketing","tag-swiss-marketing"],"acf":[],"yoast_head":"<!-- This site is optimized with the Yoast SEO plugin v27.5 - https:\/\/yoast.com\/product\/yoast-seo-wordpress\/ -->\n<title>Swiss Marketing feiert 515 neue Marketing- und Verkaufsfachleute - Organisator<\/title>\n<meta name=\"description\" content=\"Ehrung der frisch diplomierten Marketing- und Verkaufsfachleute. Swiss-Music-Award-Gewinner Andryy sorgt f\u00fcr musikalische Begleitung.\" \/>\n<meta name=\"robots\" content=\"index, follow, max-snippet:-1, max-image-preview:large, max-video-preview:-1\" \/>\n<link rel=\"canonical\" href=\"https:\/\/www.organisator.ch\/en\/marketing\/2024-07-03\/swiss-marketing-feiert-515-neue-marketing-und-verkaufsfachleute\/\" \/>\n<meta property=\"og:locale\" content=\"en_US\" \/>\n<meta property=\"og:type\" content=\"article\" \/>\n<meta property=\"og:title\" content=\"Swiss Marketing feiert 515 neue Marketing- und Verkaufsfachleute - Organisator\" \/>\n<meta property=\"og:description\" content=\"Ehrung der frisch diplomierten Marketing- und Verkaufsfachleute. Swiss-Music-Award-Gewinner Andryy sorgt f\u00fcr musikalische Begleitung.\" \/>\n<meta property=\"og:url\" content=\"https:\/\/www.organisator.ch\/en\/marketing\/2024-07-03\/swiss-marketing-feiert-515-neue-marketing-und-verkaufsfachleute\/\" \/>\n<meta property=\"og:site_name\" content=\"Organisator\" \/>\n<meta property=\"article:publisher\" content=\"https:\/\/www.facebook.com\/OrganisatorFachmagazin\" \/>\n<meta property=\"article:published_time\" content=\"2024-07-03T15:56:10+00:00\" \/>\n<meta property=\"article:modified_time\" content=\"2024-11-10T07:11:16+00:00\" \/>\n<meta property=\"og:image\" content=\"https:\/\/www.werbewoche.ch\/wp-content\/uploads\/2024\/07\/DSC04827.jpg\" \/>\n<meta name=\"author\" content=\"galledia\" \/>\n<meta name=\"twitter:card\" content=\"summary_large_image\" \/>\n<meta name=\"twitter:creator\" content=\"@admin\" \/>\n<script type=\"application\/ld+json\" class=\"yoast-schema-graph\">{\"@context\":\"https:\\\/\\\/schema.org\",\"@graph\":[{\"@type\":\"Article\",\"@id\":\"https:\\\/\\\/www.organisator.ch\\\/marketing\\\/2024-07-03\\\/swiss-marketing-feiert-515-neue-marketing-und-verkaufsfachleute\\\/#article\",\"isPartOf\":{\"@id\":\"https:\\\/\\\/www.organisator.ch\\\/marketing\\\/2024-07-03\\\/swiss-marketing-feiert-515-neue-marketing-und-verkaufsfachleute\\\/\"},\"author\":{\"name\":\"galledia\",\"@id\":\"https:\\\/\\\/www.organisator.ch\\\/#\\\/schema\\\/person\\\/4e51799071cd2dd1232ac003643ef5f0\"},\"headline\":\"Swiss Marketing feiert 515 neue Marketing- und Verkaufsfachleute\",\"datePublished\":\"2024-07-03T15:56:10+00:00\",\"dateModified\":\"2024-11-10T07:11:16+00:00\",\"mainEntityOfPage\":{\"@id\":\"https:\\\/\\\/www.organisator.ch\\\/marketing\\\/2024-07-03\\\/swiss-marketing-feiert-515-neue-marketing-und-verkaufsfachleute\\\/\"},\"wordCount\":84,\"publisher\":{\"@id\":\"https:\\\/\\\/www.organisator.ch\\\/#organization\"},\"image\":{\"@id\":\"https:\\\/\\\/www.organisator.ch\\\/marketing\\\/2024-07-03\\\/swiss-marketing-feiert-515-neue-marketing-und-verkaufsfachleute\\\/#primaryimage\"},\"thumbnailUrl\":\"https:\\\/\\\/www.werbewoche.ch\\\/wp-content\\\/uploads\\\/2024\\\/07\\\/DSC04827.jpg\",\"keywords\":[\"Ausbildung\",\"Marketing\",\"Swiss Marketing\"],\"articleSection\":[\"MARKETING\"],\"inLanguage\":\"en-US\"},{\"@type\":\"WebPage\",\"@id\":\"https:\\\/\\\/www.organisator.ch\\\/marketing\\\/2024-07-03\\\/swiss-marketing-feiert-515-neue-marketing-und-verkaufsfachleute\\\/\",\"url\":\"https:\\\/\\\/www.organisator.ch\\\/marketing\\\/2024-07-03\\\/swiss-marketing-feiert-515-neue-marketing-und-verkaufsfachleute\\\/\",\"name\":\"Swiss Marketing feiert 515 neue Marketing- und Verkaufsfachleute - Organisator\",\"isPartOf\":{\"@id\":\"https:\\\/\\\/www.organisator.ch\\\/#website\"},\"primaryImageOfPage\":{\"@id\":\"https:\\\/\\\/www.organisator.ch\\\/marketing\\\/2024-07-03\\\/swiss-marketing-feiert-515-neue-marketing-und-verkaufsfachleute\\\/#primaryimage\"},\"image\":{\"@id\":\"https:\\\/\\\/www.organisator.ch\\\/marketing\\\/2024-07-03\\\/swiss-marketing-feiert-515-neue-marketing-und-verkaufsfachleute\\\/#primaryimage\"},\"thumbnailUrl\":\"https:\\\/\\\/www.werbewoche.ch\\\/wp-content\\\/uploads\\\/2024\\\/07\\\/DSC04827.jpg\",\"datePublished\":\"2024-07-03T15:56:10+00:00\",\"dateModified\":\"2024-11-10T07:11:16+00:00\",\"description\":\"Ehrung der frisch diplomierten Marketing- und Verkaufsfachleute. Swiss-Music-Award-Gewinner Andryy sorgt f\u00fcr musikalische Begleitung.\",\"breadcrumb\":{\"@id\":\"https:\\\/\\\/www.organisator.ch\\\/marketing\\\/2024-07-03\\\/swiss-marketing-feiert-515-neue-marketing-und-verkaufsfachleute\\\/#breadcrumb\"},\"inLanguage\":\"en-US\",\"potentialAction\":[{\"@type\":\"ReadAction\",\"target\":[\"https:\\\/\\\/www.organisator.ch\\\/marketing\\\/2024-07-03\\\/swiss-marketing-feiert-515-neue-marketing-und-verkaufsfachleute\\\/\"]}]},{\"@type\":\"ImageObject\",\"inLanguage\":\"en-US\",\"@id\":\"https:\\\/\\\/www.organisator.ch\\\/marketing\\\/2024-07-03\\\/swiss-marketing-feiert-515-neue-marketing-und-verkaufsfachleute\\\/#primaryimage\",\"url\":\"https:\\\/\\\/www.werbewoche.ch\\\/wp-content\\\/uploads\\\/2024\\\/07\\\/DSC04827.jpg\",\"contentUrl\":\"https:\\\/\\\/www.werbewoche.ch\\\/wp-content\\\/uploads\\\/2024\\\/07\\\/DSC04827.jpg\"},{\"@type\":\"BreadcrumbList\",\"@id\":\"https:\\\/\\\/www.organisator.ch\\\/marketing\\\/2024-07-03\\\/swiss-marketing-feiert-515-neue-marketing-und-verkaufsfachleute\\\/#breadcrumb\",\"itemListElement\":[{\"@type\":\"ListItem\",\"position\":1,\"name\":\"Home\",\"item\":\"https:\\\/\\\/www.organisator.ch\\\/\"},{\"@type\":\"ListItem\",\"position\":2,\"name\":\"Swiss Marketing feiert 515 neue Marketing- und Verkaufsfachleute\"}]},{\"@type\":\"WebSite\",\"@id\":\"https:\\\/\\\/www.organisator.ch\\\/#website\",\"url\":\"https:\\\/\\\/www.organisator.ch\\\/\",\"name\":\"Organisator\",\"description\":\"Kompetent. Praxisnah. Der ORGANISATOR bereitet in 10 Ausgaben pro Jahr die wesentlichen Themen f\u00fcr F\u00fchrungskr\u00e4fte von KMU auf.\",\"publisher\":{\"@id\":\"https:\\\/\\\/www.organisator.ch\\\/#organization\"},\"potentialAction\":[{\"@type\":\"SearchAction\",\"target\":{\"@type\":\"EntryPoint\",\"urlTemplate\":\"https:\\\/\\\/www.organisator.ch\\\/?s={search_term_string}\"},\"query-input\":{\"@type\":\"PropertyValueSpecification\",\"valueRequired\":true,\"valueName\":\"search_term_string\"}}],\"inLanguage\":\"en-US\"},{\"@type\":\"Organization\",\"@id\":\"https:\\\/\\\/www.organisator.ch\\\/#organization\",\"name\":\"Organisator\",\"url\":\"https:\\\/\\\/www.organisator.ch\\\/\",\"logo\":{\"@type\":\"ImageObject\",\"inLanguage\":\"en-US\",\"@id\":\"https:\\\/\\\/www.organisator.ch\\\/#\\\/schema\\\/logo\\\/image\\\/\",\"url\":\"https:\\\/\\\/www.organisator.ch\\\/wp-content\\\/uploads\\\/2022\\\/01\\\/Logo_Organisator_Website.png\",\"contentUrl\":\"https:\\\/\\\/www.organisator.ch\\\/wp-content\\\/uploads\\\/2022\\\/01\\\/Logo_Organisator_Website.png\",\"width\":800,\"height\":77,\"caption\":\"Organisator\"},\"image\":{\"@id\":\"https:\\\/\\\/www.organisator.ch\\\/#\\\/schema\\\/logo\\\/image\\\/\"},\"sameAs\":[\"https:\\\/\\\/www.facebook.com\\\/OrganisatorFachmagazin\",\"https:\\\/\\\/www.linkedin.com\\\/showcase\\\/organisator-das-magazin-fr-kmu\",\"https:\\\/\\\/www.xing.com\\\/news\\\/pages\\\/organisator-ch-695\",\"https:\\\/\\\/www.youtube.com\\\/channel\\\/UCGP2Sq0iWaZwT3BdIAQFYpw\"]},{\"@type\":\"Person\",\"@id\":\"https:\\\/\\\/www.organisator.ch\\\/#\\\/schema\\\/person\\\/4e51799071cd2dd1232ac003643ef5f0\",\"name\":\"galledia\",\"image\":{\"@type\":\"ImageObject\",\"inLanguage\":\"en-US\",\"@id\":\"https:\\\/\\\/secure.gravatar.com\\\/avatar\\\/78a7f90c01fc2bfc875782a0d4922b37cde2cf184ce347b91316d23cd7f69a36?s=96&d=mm&r=g\",\"url\":\"https:\\\/\\\/secure.gravatar.com\\\/avatar\\\/78a7f90c01fc2bfc875782a0d4922b37cde2cf184ce347b91316d23cd7f69a36?s=96&d=mm&r=g\",\"contentUrl\":\"https:\\\/\\\/secure.gravatar.com\\\/avatar\\\/78a7f90c01fc2bfc875782a0d4922b37cde2cf184ce347b91316d23cd7f69a36?s=96&d=mm&r=g\",\"caption\":\"galledia\"},\"sameAs\":[\"https:\\\/\\\/x.com\\\/admin\"],\"url\":\"https:\\\/\\\/www.organisator.ch\\\/en\\\/author\\\/galledia\\\/\"}]}<\/script>\n<!-- \/ Yoast SEO plugin. -->","yoast_head_json":{"title":"Swiss Marketing celebrates 515 new marketing and sales professionals - Organizer","description":"Honoring the newly graduated marketing and sales professionals. Swiss Music Award winner Andryy provides the musical accompaniment.","robots":{"index":"index","follow":"follow","max-snippet":"max-snippet:-1","max-image-preview":"max-image-preview:large","max-video-preview":"max-video-preview:-1"},"canonical":"https:\/\/www.organisator.ch\/en\/marketing\/2024-07-03\/swiss-marketing-feiert-515-neue-marketing-und-verkaufsfachleute\/","og_locale":"en_US","og_type":"article","og_title":"Swiss Marketing feiert 515 neue Marketing- und Verkaufsfachleute - Organisator","og_description":"Ehrung der frisch diplomierten Marketing- und Verkaufsfachleute. Swiss-Music-Award-Gewinner Andryy sorgt f\u00fcr musikalische Begleitung.","og_url":"https:\/\/www.organisator.ch\/en\/marketing\/2024-07-03\/swiss-marketing-feiert-515-neue-marketing-und-verkaufsfachleute\/","og_site_name":"Organisator","article_publisher":"https:\/\/www.facebook.com\/OrganisatorFachmagazin","article_published_time":"2024-07-03T15:56:10+00:00","article_modified_time":"2024-11-10T07:11:16+00:00","og_image":[{"url":"https:\/\/www.werbewoche.ch\/wp-content\/uploads\/2024\/07\/DSC04827.jpg","type":"","width":"","height":""}],"author":"galledia","twitter_card":"summary_large_image","twitter_creator":"@admin","schema":{"@context":"https:\/\/schema.org","@graph":[{"@type":"Article","@id":"https:\/\/www.organisator.ch\/marketing\/2024-07-03\/swiss-marketing-feiert-515-neue-marketing-und-verkaufsfachleute\/#article","isPartOf":{"@id":"https:\/\/www.organisator.ch\/marketing\/2024-07-03\/swiss-marketing-feiert-515-neue-marketing-und-verkaufsfachleute\/"},"author":{"name":"galledia","@id":"https:\/\/www.organisator.ch\/#\/schema\/person\/4e51799071cd2dd1232ac003643ef5f0"},"headline":"Swiss Marketing feiert 515 neue Marketing- und Verkaufsfachleute","datePublished":"2024-07-03T15:56:10+00:00","dateModified":"2024-11-10T07:11:16+00:00","mainEntityOfPage":{"@id":"https:\/\/www.organisator.ch\/marketing\/2024-07-03\/swiss-marketing-feiert-515-neue-marketing-und-verkaufsfachleute\/"},"wordCount":84,"publisher":{"@id":"https:\/\/www.organisator.ch\/#organization"},"image":{"@id":"https:\/\/www.organisator.ch\/marketing\/2024-07-03\/swiss-marketing-feiert-515-neue-marketing-und-verkaufsfachleute\/#primaryimage"},"thumbnailUrl":"https:\/\/www.werbewoche.ch\/wp-content\/uploads\/2024\/07\/DSC04827.jpg","keywords":["Ausbildung","Marketing","Swiss Marketing"],"articleSection":["MARKETING"],"inLanguage":"en-US"},{"@type":"WebPage","@id":"https:\/\/www.organisator.ch\/marketing\/2024-07-03\/swiss-marketing-feiert-515-neue-marketing-und-verkaufsfachleute\/","url":"https:\/\/www.organisator.ch\/marketing\/2024-07-03\/swiss-marketing-feiert-515-neue-marketing-und-verkaufsfachleute\/","name":"Swiss Marketing celebrates 515 new marketing and sales professionals - Organizer","isPartOf":{"@id":"https:\/\/www.organisator.ch\/#website"},"primaryImageOfPage":{"@id":"https:\/\/www.organisator.ch\/marketing\/2024-07-03\/swiss-marketing-feiert-515-neue-marketing-und-verkaufsfachleute\/#primaryimage"},"image":{"@id":"https:\/\/www.organisator.ch\/marketing\/2024-07-03\/swiss-marketing-feiert-515-neue-marketing-und-verkaufsfachleute\/#primaryimage"},"thumbnailUrl":"https:\/\/www.werbewoche.ch\/wp-content\/uploads\/2024\/07\/DSC04827.jpg","datePublished":"2024-07-03T15:56:10+00:00","dateModified":"2024-11-10T07:11:16+00:00","description":"Honoring the newly graduated marketing and sales professionals. Swiss Music Award winner Andryy provides the musical accompaniment.","breadcrumb":{"@id":"https:\/\/www.organisator.ch\/marketing\/2024-07-03\/swiss-marketing-feiert-515-neue-marketing-und-verkaufsfachleute\/#breadcrumb"},"inLanguage":"en-US","potentialAction":[{"@type":"ReadAction","target":["https:\/\/www.organisator.ch\/marketing\/2024-07-03\/swiss-marketing-feiert-515-neue-marketing-und-verkaufsfachleute\/"]}]},{"@type":"ImageObject","inLanguage":"en-US","@id":"https:\/\/www.organisator.ch\/marketing\/2024-07-03\/swiss-marketing-feiert-515-neue-marketing-und-verkaufsfachleute\/#primaryimage","url":"https:\/\/www.werbewoche.ch\/wp-content\/uploads\/2024\/07\/DSC04827.jpg","contentUrl":"https:\/\/www.werbewoche.ch\/wp-content\/uploads\/2024\/07\/DSC04827.jpg"},{"@type":"BreadcrumbList","@id":"https:\/\/www.organisator.ch\/marketing\/2024-07-03\/swiss-marketing-feiert-515-neue-marketing-und-verkaufsfachleute\/#breadcrumb","itemListElement":[{"@type":"ListItem","position":1,"name":"Home","item":"https:\/\/www.organisator.ch\/"},{"@type":"ListItem","position":2,"name":"Swiss Marketing feiert 515 neue Marketing- und Verkaufsfachleute"}]},{"@type":"WebSite","@id":"https:\/\/www.organisator.ch\/#website","url":"https:\/\/www.organisator.ch\/","name":"Organizer","description":"Competent. Practical. In 10 issues per year, ORGANISATOR presents the essential topics for managers of SMEs.","publisher":{"@id":"https:\/\/www.organisator.ch\/#organization"},"potentialAction":[{"@type":"SearchAction","target":{"@type":"EntryPoint","urlTemplate":"https:\/\/www.organisator.ch\/?s={search_term_string}"},"query-input":{"@type":"PropertyValueSpecification","valueRequired":true,"valueName":"search_term_string"}}],"inLanguage":"en-US"},{"@type":"Organization","@id":"https:\/\/www.organisator.ch\/#organization","name":"Organizer","url":"https:\/\/www.organisator.ch\/","logo":{"@type":"ImageObject","inLanguage":"en-US","@id":"https:\/\/www.organisator.ch\/#\/schema\/logo\/image\/","url":"https:\/\/www.organisator.ch\/wp-content\/uploads\/2022\/01\/Logo_Organisator_Website.png","contentUrl":"https:\/\/www.organisator.ch\/wp-content\/uploads\/2022\/01\/Logo_Organisator_Website.png","width":800,"height":77,"caption":"Organisator"},"image":{"@id":"https:\/\/www.organisator.ch\/#\/schema\/logo\/image\/"},"sameAs":["https:\/\/www.facebook.com\/OrganisatorFachmagazin","https:\/\/www.linkedin.com\/showcase\/organisator-das-magazin-fr-kmu","https:\/\/www.xing.com\/news\/pages\/organisator-ch-695","https:\/\/www.youtube.com\/channel\/UCGP2Sq0iWaZwT3BdIAQFYpw"]},{"@type":"Person","@id":"https:\/\/www.organisator.ch\/#\/schema\/person\/4e51799071cd2dd1232ac003643ef5f0","name":"galledia","image":{"@type":"ImageObject","inLanguage":"en-US","@id":"https:\/\/secure.gravatar.com\/avatar\/78a7f90c01fc2bfc875782a0d4922b37cde2cf184ce347b91316d23cd7f69a36?s=96&d=mm&r=g","url":"https:\/\/secure.gravatar.com\/avatar\/78a7f90c01fc2bfc875782a0d4922b37cde2cf184ce347b91316d23cd7f69a36?s=96&d=mm&r=g","contentUrl":"https:\/\/secure.gravatar.com\/avatar\/78a7f90c01fc2bfc875782a0d4922b37cde2cf184ce347b91316d23cd7f69a36?s=96&d=mm&r=g","caption":"galledia"},"sameAs":["https:\/\/x.com\/admin"],"url":"https:\/\/www.organisator.ch\/en\/author\/galledia\/"}]}},"_links":{"self":[{"href":"https:\/\/www.organisator.ch\/en\/wp-json\/wp\/v2\/posts\/28225","targetHints":{"allow":["GET"]}}],"collection":[{"href":"https:\/\/www.organisator.ch\/en\/wp-json\/wp\/v2\/posts"}],"about":[{"href":"https:\/\/www.organisator.ch\/en\/wp-json\/wp\/v2\/types\/post"}],"author":[{"embeddable":true,"href":"https:\/\/www.organisator.ch\/en\/wp-json\/wp\/v2\/users\/8"}],"replies":[{"embeddable":true,"href":"https:\/\/www.organisator.ch\/en\/wp-json\/wp\/v2\/comments?post=28225"}],"version-history":[{"count":5,"href":"https:\/\/www.organisator.ch\/en\/wp-json\/wp\/v2\/posts\/28225\/revisions"}],"predecessor-version":[{"id":32138,"href":"https:\/\/www.organisator.ch\/en\/wp-json\/wp\/v2\/posts\/28225\/revisions\/32138"}],"wp:attachment":[{"href":"https:\/\/www.organisator.ch\/en\/wp-json\/wp\/v2\/media?parent=28225"}],"wp:term":[{"taxonomy":"category","embeddable":true,"href":"https:\/\/www.organisator.ch\/en\/wp-json\/wp\/v2\/categories?post=28225"},{"taxonomy":"post_tag","embeddable":true,"href":"https:\/\/www.organisator.ch\/en\/wp-json\/wp\/v2\/tags?post=28225"}],"curies":[{"name":"wp","href":"https:\/\/api.w.org\/{rel}","templated":true}]}}