{"id":2825,"date":"2020-02-18T12:43:59","date_gmt":"2020-02-18T11:43:59","guid":{"rendered":"https:\/\/www.umweltperspektiven.ch\/?p=2825"},"modified":"2020-02-18T12:43:59","modified_gmt":"2020-02-18T11:43:59","slug":"eth-zuerich-artenvielfalt-rechnet-sich","status":"publish","type":"post","link":"https:\/\/www.organisator.ch\/en\/allgemein\/2020-02-18\/eth-zuerich-artenvielfalt-rechnet-sich\/","title":{"rendered":"ETH Zurich: Biodiversity pays off"},"content":{"rendered":"<p>&nbsp;<\/p>\n<figure id=\"attachment_2826\" aria-describedby=\"caption-attachment-2826\" style=\"width: 680px\" class=\"wp-caption alignnone\"><img loading=\"lazy\" decoding=\"async\" class=\"size-medium wp-image-2826\" src=\"\/\/www.umweltperspektiven.ch\/wp-content\/uploads\/2020\/02\/biodiversit\u00e4t-artenvielfalt-UP_Umwelt-Perspektiven.jpg\" alt=\"\" width=\"680\" height=\"452\" \/><figcaption id=\"caption-attachment-2826\" class=\"wp-caption-text\">When farmers promote biodiversity in their meadows and pastures, they can generate higher sales. (Image: Unsplash)<\/figcaption><\/figure>\n<p class=\"bodytext\">A group of researchers in agricultural sciences, ecology and economics at the Swiss Federal Institute of Technology Zurich (<a href=\"\/\/www.ethz.ch\/\" target=\"_blank\" rel=\"noopener\">ETH<\/a>) and other universities has been studying the economics of biodiversity in grasslands, ETH informs in a\u00a0<a href=\"\/\/ethz.ch\/content\/main\/de\/news-und-veranstaltungen\/eth-news\/news\/2020\/02\/biodiversitaet-macht-sich-bezahlt.html\" target=\"_blank\" rel=\"noopener\">Communication<\/a>.<\/p>\n<p class=\"bodytext\">\"Biodiversity is often considered not profitable, but we show: yet, it can be profitable,\" Nina Buchmann, professor of grassland science at ETH, is quoted as saying there.<\/p>\n<p><strong>Biodiversity is also a kind of risk insurance<\/strong><\/p>\n<p class=\"bodytext\">Specifically, the researchers published in the scientific journal Nature Communications\u00a0<a href=\"\/\/www.nature.com\/articles\/s41467-020-14541-4\" target=\"_blank\" rel=\"noopener\">published<\/a>\u00a0Research by the interdisciplinary group of scientists shows that the yield of hay from a meadow with 16 plant species is higher than hay from a meadow with only one plant species. This can also increase income in the dairy industry, the release explains. \"This increase in revenue is comparable to the difference in yields between extensively and intensively used meadows,\" study first author and ETH doctoral student Sergei Schaub is quoted as saying there.<\/p>\n<p class=\"bodytext\">In the release, the researchers also highlight another benefit of biodiversity. \"Biodiversity is also a kind of risk insurance,\" Buchmann says. Because plant species react differently to environmental phenomena such as drought or flooding, the individual species can partially compensate for corresponding crop losses. \"Yields become more stable over time,\" Buchmann explains.<\/p>","protected":false},"excerpt":{"rendered":"<p>&nbsp; Eine Gruppe von Forschern in den Bereichen Agrarwissenschaften, \u00d6kologie und \u00d6konomie an der Eidgen\u00f6ssischen Technischen Hochschule Z\u00fcrich (ETH) und weiteren Universit\u00e4ten hat sich mit der Wirtschaftlichkeit von Artenvielfalt im Grasland besch\u00e4ftigt, informiert die ETH in einer\u00a0Mitteilung. \u201eBiodiversit\u00e4t gilt oft als nicht rentabel, aber wir zeigen: doch, sie kann sich rechnen\u201c, wird Nina Buchmann, Professorin [&hellip;]<\/p>\n","protected":false},"author":5,"featured_media":2826,"comment_status":"closed","ping_status":"closed","sticky":false,"template":"","format":"standard","meta":{"_acf_changed":false,"_yoast_wpseo_focuskw":"ETH Z\u00fcrich","_yoast_wpseo_metadesc":"Forscher der ETH Z\u00fcrich wollen herausgefunden haben, dass Heu von Wiesen mit einer hohen Artenvielfalt ertragreicher als Heu von Wiesen mit Monokultur ist.","articlekey":"","footnotes":""},"categories":[1],"tags":[730,829,460],"class_list":["post-2825","post","type-post","status-publish","format-standard","has-post-thumbnail","hentry","category-allgemein","tag-artenschutz","tag-biodiversitaet","tag-studien"],"acf":[],"yoast_head":"<!-- This site is optimized with the Yoast SEO plugin v27.4 - https:\/\/yoast.com\/product\/yoast-seo-wordpress\/ -->\n<title>ETH Z\u00fcrich: Artenvielfalt rechnet sich - Organisator<\/title>\n<meta name=\"description\" content=\"Forscher der ETH Z\u00fcrich wollen herausgefunden haben, dass Heu von Wiesen mit einer hohen Artenvielfalt ertragreicher als Heu von Wiesen mit Monokultur ist.\" \/>\n<meta name=\"robots\" content=\"index, follow, max-snippet:-1, max-image-preview:large, max-video-preview:-1\" \/>\n<link rel=\"canonical\" href=\"https:\/\/www.organisator.ch\/en\/general\/2020-02-18\/eth-zuerich-artenvielfalt-rechnet-sich\/\" \/>\n<meta property=\"og:locale\" content=\"en_US\" \/>\n<meta property=\"og:type\" content=\"article\" \/>\n<meta property=\"og:title\" content=\"ETH Z\u00fcrich: Artenvielfalt rechnet sich - Organisator\" \/>\n<meta property=\"og:description\" content=\"Forscher der ETH Z\u00fcrich wollen herausgefunden haben, dass Heu von Wiesen mit einer hohen Artenvielfalt ertragreicher als Heu von Wiesen mit Monokultur ist.\" \/>\n<meta property=\"og:url\" content=\"https:\/\/www.organisator.ch\/en\/general\/2020-02-18\/eth-zuerich-artenvielfalt-rechnet-sich\/\" \/>\n<meta property=\"og:site_name\" content=\"Organisator\" \/>\n<meta property=\"article:publisher\" content=\"https:\/\/www.facebook.com\/OrganisatorFachmagazin\" \/>\n<meta property=\"article:published_time\" content=\"2020-02-18T11:43:59+00:00\" \/>\n<meta property=\"og:image\" content=\"https:\/\/www.organisator.ch\/wp-content\/uploads\/2020\/02\/biodiversitaet-artenvielfalt-UP_Umwelt-Perspektiven-scaled.jpg\" \/>\n\t<meta property=\"og:image:width\" content=\"2560\" \/>\n\t<meta property=\"og:image:height\" content=\"1700\" \/>\n\t<meta property=\"og:image:type\" content=\"image\/jpeg\" \/>\n<meta name=\"author\" content=\"michael.merz\" \/>\n<meta name=\"twitter:card\" content=\"summary_large_image\" \/>\n<script type=\"application\/ld+json\" class=\"yoast-schema-graph\">{\"@context\":\"https:\\\/\\\/schema.org\",\"@graph\":[{\"@type\":\"Article\",\"@id\":\"https:\\\/\\\/www.organisator.ch\\\/en\\\/general\\\/2020-02-18\\\/eth-zuerich-artenvielfalt-rechnet-sich\\\/#article\",\"isPartOf\":{\"@id\":\"https:\\\/\\\/www.organisator.ch\\\/en\\\/general\\\/2020-02-18\\\/eth-zuerich-artenvielfalt-rechnet-sich\\\/\"},\"author\":{\"name\":\"michael.merz\",\"@id\":\"https:\\\/\\\/www.organisator.ch\\\/#\\\/schema\\\/person\\\/134708ca9321c57b0362cceb7948ffbd\"},\"headline\":\"ETH Z\u00fcrich: Artenvielfalt rechnet sich\",\"datePublished\":\"2020-02-18T11:43:59+00:00\",\"mainEntityOfPage\":{\"@id\":\"https:\\\/\\\/www.organisator.ch\\\/en\\\/general\\\/2020-02-18\\\/eth-zuerich-artenvielfalt-rechnet-sich\\\/\"},\"wordCount\":247,\"publisher\":{\"@id\":\"https:\\\/\\\/www.organisator.ch\\\/#organization\"},\"image\":{\"@id\":\"https:\\\/\\\/www.organisator.ch\\\/en\\\/general\\\/2020-02-18\\\/eth-zuerich-artenvielfalt-rechnet-sich\\\/#primaryimage\"},\"thumbnailUrl\":\"https:\\\/\\\/www.organisator.ch\\\/wp-content\\\/uploads\\\/2020\\\/02\\\/biodiversitaet-artenvielfalt-UP_Umwelt-Perspektiven-scaled.jpg\",\"keywords\":[\"Artenschutz\",\"Biodiversit\u00e4t\",\"Studien\"],\"articleSection\":[\"Allgemein\"],\"inLanguage\":\"en-US\"},{\"@type\":\"WebPage\",\"@id\":\"https:\\\/\\\/www.organisator.ch\\\/en\\\/general\\\/2020-02-18\\\/eth-zuerich-artenvielfalt-rechnet-sich\\\/\",\"url\":\"https:\\\/\\\/www.organisator.ch\\\/en\\\/general\\\/2020-02-18\\\/eth-zuerich-artenvielfalt-rechnet-sich\\\/\",\"name\":\"ETH Z\u00fcrich: Artenvielfalt rechnet sich - Organisator\",\"isPartOf\":{\"@id\":\"https:\\\/\\\/www.organisator.ch\\\/#website\"},\"primaryImageOfPage\":{\"@id\":\"https:\\\/\\\/www.organisator.ch\\\/en\\\/general\\\/2020-02-18\\\/eth-zuerich-artenvielfalt-rechnet-sich\\\/#primaryimage\"},\"image\":{\"@id\":\"https:\\\/\\\/www.organisator.ch\\\/en\\\/general\\\/2020-02-18\\\/eth-zuerich-artenvielfalt-rechnet-sich\\\/#primaryimage\"},\"thumbnailUrl\":\"https:\\\/\\\/www.organisator.ch\\\/wp-content\\\/uploads\\\/2020\\\/02\\\/biodiversitaet-artenvielfalt-UP_Umwelt-Perspektiven-scaled.jpg\",\"datePublished\":\"2020-02-18T11:43:59+00:00\",\"description\":\"Forscher der ETH Z\u00fcrich wollen herausgefunden haben, dass Heu von Wiesen mit einer hohen Artenvielfalt ertragreicher als Heu von Wiesen mit Monokultur ist.\",\"breadcrumb\":{\"@id\":\"https:\\\/\\\/www.organisator.ch\\\/en\\\/general\\\/2020-02-18\\\/eth-zuerich-artenvielfalt-rechnet-sich\\\/#breadcrumb\"},\"inLanguage\":\"en-US\",\"potentialAction\":[{\"@type\":\"ReadAction\",\"target\":[\"https:\\\/\\\/www.organisator.ch\\\/en\\\/general\\\/2020-02-18\\\/eth-zuerich-artenvielfalt-rechnet-sich\\\/\"]}]},{\"@type\":\"ImageObject\",\"inLanguage\":\"en-US\",\"@id\":\"https:\\\/\\\/www.organisator.ch\\\/en\\\/general\\\/2020-02-18\\\/eth-zuerich-artenvielfalt-rechnet-sich\\\/#primaryimage\",\"url\":\"https:\\\/\\\/www.organisator.ch\\\/wp-content\\\/uploads\\\/2020\\\/02\\\/biodiversitaet-artenvielfalt-UP_Umwelt-Perspektiven-scaled.jpg\",\"contentUrl\":\"https:\\\/\\\/www.organisator.ch\\\/wp-content\\\/uploads\\\/2020\\\/02\\\/biodiversitaet-artenvielfalt-UP_Umwelt-Perspektiven-scaled.jpg\",\"width\":2560,\"height\":1700,\"caption\":\"Wenn Landwirte die Artenvielfalt auf ihren Wiesen und Weiden f\u00f6rdern, k\u00f6nnen sie h\u00f6here Ums\u00e4tze erzielen. (Bild: Unsplash)\"},{\"@type\":\"BreadcrumbList\",\"@id\":\"https:\\\/\\\/www.organisator.ch\\\/en\\\/general\\\/2020-02-18\\\/eth-zuerich-artenvielfalt-rechnet-sich\\\/#breadcrumb\",\"itemListElement\":[{\"@type\":\"ListItem\",\"position\":1,\"name\":\"Home\",\"item\":\"https:\\\/\\\/www.organisator.ch\\\/\"},{\"@type\":\"ListItem\",\"position\":2,\"name\":\"ETH Z\u00fcrich: Artenvielfalt rechnet sich\"}]},{\"@type\":\"WebSite\",\"@id\":\"https:\\\/\\\/www.organisator.ch\\\/#website\",\"url\":\"https:\\\/\\\/www.organisator.ch\\\/\",\"name\":\"Organisator\",\"description\":\"Kompetent. Praxisnah. Der ORGANISATOR bereitet in 10 Ausgaben pro Jahr die wesentlichen Themen f\u00fcr F\u00fchrungskr\u00e4fte von KMU auf.\",\"publisher\":{\"@id\":\"https:\\\/\\\/www.organisator.ch\\\/#organization\"},\"potentialAction\":[{\"@type\":\"SearchAction\",\"target\":{\"@type\":\"EntryPoint\",\"urlTemplate\":\"https:\\\/\\\/www.organisator.ch\\\/?s={search_term_string}\"},\"query-input\":{\"@type\":\"PropertyValueSpecification\",\"valueRequired\":true,\"valueName\":\"search_term_string\"}}],\"inLanguage\":\"en-US\"},{\"@type\":\"Organization\",\"@id\":\"https:\\\/\\\/www.organisator.ch\\\/#organization\",\"name\":\"Organisator\",\"url\":\"https:\\\/\\\/www.organisator.ch\\\/\",\"logo\":{\"@type\":\"ImageObject\",\"inLanguage\":\"en-US\",\"@id\":\"https:\\\/\\\/www.organisator.ch\\\/#\\\/schema\\\/logo\\\/image\\\/\",\"url\":\"https:\\\/\\\/www.organisator.ch\\\/wp-content\\\/uploads\\\/2022\\\/01\\\/Logo_Organisator_Website.png\",\"contentUrl\":\"https:\\\/\\\/www.organisator.ch\\\/wp-content\\\/uploads\\\/2022\\\/01\\\/Logo_Organisator_Website.png\",\"width\":800,\"height\":77,\"caption\":\"Organisator\"},\"image\":{\"@id\":\"https:\\\/\\\/www.organisator.ch\\\/#\\\/schema\\\/logo\\\/image\\\/\"},\"sameAs\":[\"https:\\\/\\\/www.facebook.com\\\/OrganisatorFachmagazin\",\"https:\\\/\\\/www.linkedin.com\\\/showcase\\\/organisator-das-magazin-fr-kmu\",\"https:\\\/\\\/www.xing.com\\\/news\\\/pages\\\/organisator-ch-695\",\"https:\\\/\\\/www.youtube.com\\\/channel\\\/UCGP2Sq0iWaZwT3BdIAQFYpw\"]},{\"@type\":\"Person\",\"@id\":\"https:\\\/\\\/www.organisator.ch\\\/#\\\/schema\\\/person\\\/134708ca9321c57b0362cceb7948ffbd\",\"name\":\"michael.merz\",\"image\":{\"@type\":\"ImageObject\",\"inLanguage\":\"en-US\",\"@id\":\"https:\\\/\\\/secure.gravatar.com\\\/avatar\\\/?s=96&d=mm&r=g\",\"url\":\"https:\\\/\\\/secure.gravatar.com\\\/avatar\\\/?s=96&d=mm&r=g\",\"contentUrl\":\"https:\\\/\\\/secure.gravatar.com\\\/avatar\\\/?s=96&d=mm&r=g\",\"caption\":\"michael.merz\"},\"url\":\"https:\\\/\\\/www.organisator.ch\\\/en\\\/author\\\/michael-merz\\\/\"}]}<\/script>\n<!-- \/ Yoast SEO plugin. -->","yoast_head_json":{"title":"ETH Zurich: Biodiversity pays off - Organizer","description":"Researchers at ETH Zurich claim to have found that hay from meadows with a high level of species diversity is more productive than hay from meadows with a monoculture.","robots":{"index":"index","follow":"follow","max-snippet":"max-snippet:-1","max-image-preview":"max-image-preview:large","max-video-preview":"max-video-preview:-1"},"canonical":"https:\/\/www.organisator.ch\/en\/general\/2020-02-18\/eth-zuerich-artenvielfalt-rechnet-sich\/","og_locale":"en_US","og_type":"article","og_title":"ETH Z\u00fcrich: Artenvielfalt rechnet sich - Organisator","og_description":"Forscher der ETH Z\u00fcrich wollen herausgefunden haben, dass Heu von Wiesen mit einer hohen Artenvielfalt ertragreicher als Heu von Wiesen mit Monokultur ist.","og_url":"https:\/\/www.organisator.ch\/en\/general\/2020-02-18\/eth-zuerich-artenvielfalt-rechnet-sich\/","og_site_name":"Organisator","article_publisher":"https:\/\/www.facebook.com\/OrganisatorFachmagazin","article_published_time":"2020-02-18T11:43:59+00:00","og_image":[{"width":2560,"height":1700,"url":"https:\/\/www.organisator.ch\/wp-content\/uploads\/2020\/02\/biodiversitaet-artenvielfalt-UP_Umwelt-Perspektiven-scaled.jpg","type":"image\/jpeg"}],"author":"michael.merz","twitter_card":"summary_large_image","schema":{"@context":"https:\/\/schema.org","@graph":[{"@type":"Article","@id":"https:\/\/www.organisator.ch\/en\/general\/2020-02-18\/eth-zuerich-artenvielfalt-rechnet-sich\/#article","isPartOf":{"@id":"https:\/\/www.organisator.ch\/en\/general\/2020-02-18\/eth-zuerich-artenvielfalt-rechnet-sich\/"},"author":{"name":"michael.merz","@id":"https:\/\/www.organisator.ch\/#\/schema\/person\/134708ca9321c57b0362cceb7948ffbd"},"headline":"ETH Z\u00fcrich: Artenvielfalt rechnet sich","datePublished":"2020-02-18T11:43:59+00:00","mainEntityOfPage":{"@id":"https:\/\/www.organisator.ch\/en\/general\/2020-02-18\/eth-zuerich-artenvielfalt-rechnet-sich\/"},"wordCount":247,"publisher":{"@id":"https:\/\/www.organisator.ch\/#organization"},"image":{"@id":"https:\/\/www.organisator.ch\/en\/general\/2020-02-18\/eth-zuerich-artenvielfalt-rechnet-sich\/#primaryimage"},"thumbnailUrl":"https:\/\/www.organisator.ch\/wp-content\/uploads\/2020\/02\/biodiversitaet-artenvielfalt-UP_Umwelt-Perspektiven-scaled.jpg","keywords":["Artenschutz","Biodiversit\u00e4t","Studien"],"articleSection":["Allgemein"],"inLanguage":"en-US"},{"@type":"WebPage","@id":"https:\/\/www.organisator.ch\/en\/general\/2020-02-18\/eth-zuerich-artenvielfalt-rechnet-sich\/","url":"https:\/\/www.organisator.ch\/en\/general\/2020-02-18\/eth-zuerich-artenvielfalt-rechnet-sich\/","name":"ETH Zurich: Biodiversity pays off - Organizer","isPartOf":{"@id":"https:\/\/www.organisator.ch\/#website"},"primaryImageOfPage":{"@id":"https:\/\/www.organisator.ch\/en\/general\/2020-02-18\/eth-zuerich-artenvielfalt-rechnet-sich\/#primaryimage"},"image":{"@id":"https:\/\/www.organisator.ch\/en\/general\/2020-02-18\/eth-zuerich-artenvielfalt-rechnet-sich\/#primaryimage"},"thumbnailUrl":"https:\/\/www.organisator.ch\/wp-content\/uploads\/2020\/02\/biodiversitaet-artenvielfalt-UP_Umwelt-Perspektiven-scaled.jpg","datePublished":"2020-02-18T11:43:59+00:00","description":"Researchers at ETH Zurich claim to have found that hay from meadows with a high level of species diversity is more productive than hay from meadows with a monoculture.","breadcrumb":{"@id":"https:\/\/www.organisator.ch\/en\/general\/2020-02-18\/eth-zuerich-artenvielfalt-rechnet-sich\/#breadcrumb"},"inLanguage":"en-US","potentialAction":[{"@type":"ReadAction","target":["https:\/\/www.organisator.ch\/en\/general\/2020-02-18\/eth-zuerich-artenvielfalt-rechnet-sich\/"]}]},{"@type":"ImageObject","inLanguage":"en-US","@id":"https:\/\/www.organisator.ch\/en\/general\/2020-02-18\/eth-zuerich-artenvielfalt-rechnet-sich\/#primaryimage","url":"https:\/\/www.organisator.ch\/wp-content\/uploads\/2020\/02\/biodiversitaet-artenvielfalt-UP_Umwelt-Perspektiven-scaled.jpg","contentUrl":"https:\/\/www.organisator.ch\/wp-content\/uploads\/2020\/02\/biodiversitaet-artenvielfalt-UP_Umwelt-Perspektiven-scaled.jpg","width":2560,"height":1700,"caption":"Wenn Landwirte die Artenvielfalt auf ihren Wiesen und Weiden f\u00f6rdern, k\u00f6nnen sie h\u00f6here Ums\u00e4tze erzielen. (Bild: Unsplash)"},{"@type":"BreadcrumbList","@id":"https:\/\/www.organisator.ch\/en\/general\/2020-02-18\/eth-zuerich-artenvielfalt-rechnet-sich\/#breadcrumb","itemListElement":[{"@type":"ListItem","position":1,"name":"Home","item":"https:\/\/www.organisator.ch\/"},{"@type":"ListItem","position":2,"name":"ETH Z\u00fcrich: Artenvielfalt rechnet sich"}]},{"@type":"WebSite","@id":"https:\/\/www.organisator.ch\/#website","url":"https:\/\/www.organisator.ch\/","name":"Organizer","description":"Competent. Practical. In 10 issues per year, ORGANISATOR presents the essential topics for managers of SMEs.","publisher":{"@id":"https:\/\/www.organisator.ch\/#organization"},"potentialAction":[{"@type":"SearchAction","target":{"@type":"EntryPoint","urlTemplate":"https:\/\/www.organisator.ch\/?s={search_term_string}"},"query-input":{"@type":"PropertyValueSpecification","valueRequired":true,"valueName":"search_term_string"}}],"inLanguage":"en-US"},{"@type":"Organization","@id":"https:\/\/www.organisator.ch\/#organization","name":"Organizer","url":"https:\/\/www.organisator.ch\/","logo":{"@type":"ImageObject","inLanguage":"en-US","@id":"https:\/\/www.organisator.ch\/#\/schema\/logo\/image\/","url":"https:\/\/www.organisator.ch\/wp-content\/uploads\/2022\/01\/Logo_Organisator_Website.png","contentUrl":"https:\/\/www.organisator.ch\/wp-content\/uploads\/2022\/01\/Logo_Organisator_Website.png","width":800,"height":77,"caption":"Organisator"},"image":{"@id":"https:\/\/www.organisator.ch\/#\/schema\/logo\/image\/"},"sameAs":["https:\/\/www.facebook.com\/OrganisatorFachmagazin","https:\/\/www.linkedin.com\/showcase\/organisator-das-magazin-fr-kmu","https:\/\/www.xing.com\/news\/pages\/organisator-ch-695","https:\/\/www.youtube.com\/channel\/UCGP2Sq0iWaZwT3BdIAQFYpw"]},{"@type":"Person","@id":"https:\/\/www.organisator.ch\/#\/schema\/person\/134708ca9321c57b0362cceb7948ffbd","name":"michael.merz","image":{"@type":"ImageObject","inLanguage":"en-US","@id":"https:\/\/secure.gravatar.com\/avatar\/?s=96&d=mm&r=g","url":"https:\/\/secure.gravatar.com\/avatar\/?s=96&d=mm&r=g","contentUrl":"https:\/\/secure.gravatar.com\/avatar\/?s=96&d=mm&r=g","caption":"michael.merz"},"url":"https:\/\/www.organisator.ch\/en\/author\/michael-merz\/"}]}},"_links":{"self":[{"href":"https:\/\/www.organisator.ch\/en\/wp-json\/wp\/v2\/posts\/2825","targetHints":{"allow":["GET"]}}],"collection":[{"href":"https:\/\/www.organisator.ch\/en\/wp-json\/wp\/v2\/posts"}],"about":[{"href":"https:\/\/www.organisator.ch\/en\/wp-json\/wp\/v2\/types\/post"}],"author":[{"embeddable":true,"href":"https:\/\/www.organisator.ch\/en\/wp-json\/wp\/v2\/users\/5"}],"replies":[{"embeddable":true,"href":"https:\/\/www.organisator.ch\/en\/wp-json\/wp\/v2\/comments?post=2825"}],"version-history":[{"count":0,"href":"https:\/\/www.organisator.ch\/en\/wp-json\/wp\/v2\/posts\/2825\/revisions"}],"wp:featuredmedia":[{"embeddable":true,"href":"https:\/\/www.organisator.ch\/en\/wp-json\/wp\/v2\/media\/2826"}],"wp:attachment":[{"href":"https:\/\/www.organisator.ch\/en\/wp-json\/wp\/v2\/media?parent=2825"}],"wp:term":[{"taxonomy":"category","embeddable":true,"href":"https:\/\/www.organisator.ch\/en\/wp-json\/wp\/v2\/categories?post=2825"},{"taxonomy":"post_tag","embeddable":true,"href":"https:\/\/www.organisator.ch\/en\/wp-json\/wp\/v2\/tags?post=2825"}],"curies":[{"name":"wp","href":"https:\/\/api.w.org\/{rel}","templated":true}]}}