{"id":2827,"date":"2017-12-06T08:20:32","date_gmt":"2017-12-06T07:20:32","guid":{"rendered":"https:\/\/www.organisator.ch\/?p=2827"},"modified":"2017-12-06T08:20:32","modified_gmt":"2017-12-06T07:20:32","slug":"all-ip-ist-in-der-schweiz-weitestgehend-unbekannt","status":"publish","type":"post","link":"https:\/\/www.organisator.ch\/en\/management\/it\/2017-12-06\/all-ip-ist-in-der-schweiz-weitestgehend-unbekannt\/","title":{"rendered":"All-IP is largely unknown in Switzerland"},"content":{"rendered":"<figure id=\"attachment_2828\" aria-describedby=\"caption-attachment-2828\" style=\"width: 640px\" class=\"wp-caption alignnone\"><img loading=\"lazy\" decoding=\"async\" class=\"size-full wp-image-2828\" src=\"https:\/\/www.organisator.ch\/wp-content\/uploads\/2017\/12\/All-IP-ist-in-der-Schweiz-weitestgehend-unbekannt_Organisator.jpg\" alt=\"\" width=\"640\" height=\"427\" srcset=\"https:\/\/www.organisator.ch\/wp-content\/uploads\/2017\/12\/All-IP-ist-in-der-Schweiz-weitestgehend-unbekannt_Organisator.jpg 640w, https:\/\/www.organisator.ch\/wp-content\/uploads\/2017\/12\/All-IP-ist-in-der-Schweiz-weitestgehend-unbekannt_Organisator-16x12.jpg 16w, https:\/\/www.organisator.ch\/wp-content\/uploads\/2017\/12\/All-IP-ist-in-der-Schweiz-weitestgehend-unbekannt_Organisator-262x175.jpg 262w, https:\/\/www.organisator.ch\/wp-content\/uploads\/2017\/12\/All-IP-ist-in-der-Schweiz-weitestgehend-unbekannt_Organisator-525x350.jpg 525w, https:\/\/www.organisator.ch\/wp-content\/uploads\/2017\/12\/All-IP-ist-in-der-Schweiz-weitestgehend-unbekannt_Organisator-300x200.jpg 300w\" sizes=\"auto, (max-width: 640px) 100vw, 640px\" \/><figcaption id=\"caption-attachment-2828\" class=\"wp-caption-text\">Even though many households already have such a device, many Swiss consumers have no idea what the term All-IP means. (Image: zVg AVM)<\/figcaption><\/figure>\n<p>1.9 million. This is the number of households that Swisscom claims to already serve with All-IP. If the customers of many other large and regional providers, including cable providers, who obtain triple-play services (Internet \/ TV \/ telephony) via All-IP are included, the number of All-IP users is likely to be considerably higher. In view of the fact that the Internet protocol is now used almost everywhere in Switzerland for the provision of all services, the Berlin-based communications specialist AVM wanted to find out what exactly Swiss consumers know about the technology that is \"All-IP\".<\/p>\n<p>The results of the representative consumer survey conducted throughout Switzerland by AVM with the independent market research institute Link contradict in the extreme the original assumption of an equally widespread awareness of the new technology, according to the report. Just under one in thirteen confirmed that they knew roughly what it was, one in nine said they had already heard of it but did not know what All-IP was, and an overwhelming majority (81%) claimed not to know the term \"All-IP\". This is the sobering result of the consumer survey in the eyes of the study authors<\/p>\n<h2>Changeover causes different expectations regarding changes<\/h2>\n<p>The consumers who said they knew roughly what All-IP was all about were also asked what would change for them in the course of the switch to All-IP. The study proved to be very informative on this question as well, AVM adds. One in two respondents (almost one in three among Italian-speaking Swiss) said they could imagine a change in their consumer behavior. Among them, one in seven employees with a medium to high gross income revealed that they had no idea what such a change would look like: a potential of \"undecideds\" who might even change their Internet provider in the near future.<\/p>\n<p>One in five, on the other hand, resolutely pointed to a change of Internet subscription in favor of greater flexibility: a \"downgrade\" to a data-only line instead of an \"all-in-one\" package (Internet\/telephony\/TV) is an option for these consumers because they mainly make mobile calls and prefer \"TV on demand\" offers. An opinion shared by as many as one in three in rural areas. One in six respondents said they were not enthusiastic about the switchover and identified the router constraint as a reason for their own dissatisfaction: Here, the fact that carriers are prescribing routers of their own brand to their customers for the Internet, telephony or TV services they use as part of the switchover is mentioned in no uncertain terms, quite unlike in neighboring Germany, for example, where the free choice of router has already been a reality since August 2016.<\/p>\n<p>One in thirteen respondents is even irritated by the changeover because of the increase in the price of Internet subscriptions while usage remains unchanged. However, it is unclear whether this is purely a fear or a statement substantiated by their own experience.<\/p>\n<h2>The advantages of All-IP<\/h2>\n<p>The switch to All-IP offers consumers many advantages. Internet, TV and telephony are available from a single socket in the wall, regardless of whether you get the services via cable, copper (DSL) or fiber optics. Fixed-line telephony is transmitted via Internet protocol and no longer over different frequency ranges on a single line. This improves call quality, because voice-over-IP telephony, which is already widespread, can also be used to make calls in acoustically high-quality high-definition (HD). Another advantage is that smartphones can also be connected to the IP connection via WLAN and can be used like conventional landline telephones. And most TV providers already transmit their TV channels via IP today anyway. For some time now, communications specialist AVM has been offering routers that integrate this new technology into the intelligent home network.<\/p>\n<p>&nbsp;<\/p>","protected":false},"excerpt":{"rendered":"<p>1,9 Millionen. So viele Haushalte soll die Swisscom laut eigener Angabe bereits mit All-IP bedienen. Rechnet man die Kunden vieler weiterer grosser wie regionaler Provider inklusive der Kabelanbieter hinzu, die Triple-Play-Dienste (Internet \/ TV \/ Telefonie) via All-IP beziehen, d\u00fcrfte die Anzahl der All-IP-Nutzer um einiges h\u00f6her sein. Angesichts des in der Schweiz mittlerweile fast [&hellip;]<\/p>\n","protected":false},"author":4,"featured_media":2828,"comment_status":"open","ping_status":"open","sticky":false,"template":"","format":"standard","meta":{"_acf_changed":false,"_yoast_wpseo_focuskw":"All-IP","_yoast_wpseo_metadesc":"Gem\u00e4ss einer Umfrage wissen nur 8% der Konsumenten, worum es bei All-IP ungef\u00e4hr geht - dies trotz nahezu fl\u00e4chendeckender Umstellung auf diese Technologie.","articlekey":"","footnotes":""},"categories":[27],"tags":[286,477,479,508],"class_list":["post-2827","post","type-post","status-publish","format-standard","has-post-thumbnail","hentry","category-it","tag-it","tag-telefonie","tag-telekommunikation","tag-vermischtes"],"acf":[],"yoast_head":"<!-- This site is optimized with the Yoast SEO plugin v27.5 - https:\/\/yoast.com\/product\/yoast-seo-wordpress\/ -->\n<title>All-IP ist in der Schweiz weitestgehend unbekannt - Organisator<\/title>\n<meta name=\"description\" content=\"Gem\u00e4ss einer Umfrage wissen nur 8% der Konsumenten, worum es bei All-IP ungef\u00e4hr geht - dies trotz nahezu fl\u00e4chendeckender Umstellung auf diese Technologie.\" \/>\n<meta name=\"robots\" content=\"index, follow, max-snippet:-1, max-image-preview:large, max-video-preview:-1\" \/>\n<link rel=\"canonical\" href=\"https:\/\/www.organisator.ch\/en\/management\/it\/2017-12-06\/all-ip-ist-in-der-schweiz-weitestgehend-unbekannt\/\" \/>\n<meta property=\"og:locale\" content=\"en_US\" \/>\n<meta property=\"og:type\" content=\"article\" \/>\n<meta property=\"og:title\" content=\"All-IP ist in der Schweiz weitestgehend unbekannt\" \/>\n<meta property=\"og:description\" content=\"Gem\u00e4ss einer Umfrage wissen nur 8% der Konsumenten, worum es bei #All-IP ungef\u00e4hr geht - dies trotz nahezu fl\u00e4chendeckender Umstellung auf diese Technologie.\" \/>\n<meta property=\"og:url\" content=\"https:\/\/www.organisator.ch\/en\/management\/it\/2017-12-06\/all-ip-ist-in-der-schweiz-weitestgehend-unbekannt\/\" \/>\n<meta property=\"og:site_name\" content=\"Organisator\" \/>\n<meta property=\"article:publisher\" content=\"https:\/\/www.facebook.com\/OrganisatorFachmagazin\" \/>\n<meta property=\"article:published_time\" content=\"2017-12-06T07:20:32+00:00\" \/>\n<meta property=\"og:image\" content=\"https:\/\/www.organisator.ch\/wp-content\/uploads\/2017\/12\/All-IP-ist-in-der-Schweiz-weitestgehend-unbekannt_Organisator.jpg\" \/>\n\t<meta property=\"og:image:width\" content=\"640\" \/>\n\t<meta property=\"og:image:height\" content=\"427\" \/>\n\t<meta property=\"og:image:type\" content=\"image\/jpeg\" \/>\n<meta name=\"author\" content=\"thomas.berner\" \/>\n<meta name=\"twitter:card\" content=\"summary_large_image\" \/>\n<meta name=\"twitter:title\" content=\"#All-IP ist in der Schweiz weitestgehend unbekannt\" \/>\n<meta name=\"twitter:description\" content=\"Gem\u00e4ss einer Umfrage wissen nur 8% der Konsumenten, worum es bei #All-IP ungef\u00e4hr geht - dies trotz nahezu fl\u00e4chendeckender Umstellung auf diese Technologie.\" \/>\n<meta name=\"twitter:image\" content=\"https:\/\/www.organisator.ch\/wp-content\/uploads\/2017\/12\/All-IP-ist-in-der-Schweiz-weitestgehend-unbekannt_Organisator.jpg\" \/>\n<script type=\"application\/ld+json\" class=\"yoast-schema-graph\">{\"@context\":\"https:\\\/\\\/schema.org\",\"@graph\":[{\"@type\":\"Article\",\"@id\":\"https:\\\/\\\/www.organisator.ch\\\/management\\\/it\\\/2017-12-06\\\/all-ip-ist-in-der-schweiz-weitestgehend-unbekannt\\\/#article\",\"isPartOf\":{\"@id\":\"https:\\\/\\\/www.organisator.ch\\\/management\\\/it\\\/2017-12-06\\\/all-ip-ist-in-der-schweiz-weitestgehend-unbekannt\\\/\"},\"author\":{\"name\":\"thomas.berner\",\"@id\":\"https:\\\/\\\/www.organisator.ch\\\/#\\\/schema\\\/person\\\/6f650f90b2842cd4c0cc334b4e36f67e\"},\"headline\":\"All-IP ist in der Schweiz weitestgehend unbekannt\",\"datePublished\":\"2017-12-06T07:20:32+00:00\",\"mainEntityOfPage\":{\"@id\":\"https:\\\/\\\/www.organisator.ch\\\/management\\\/it\\\/2017-12-06\\\/all-ip-ist-in-der-schweiz-weitestgehend-unbekannt\\\/\"},\"wordCount\":649,\"commentCount\":0,\"publisher\":{\"@id\":\"https:\\\/\\\/www.organisator.ch\\\/#organization\"},\"image\":{\"@id\":\"https:\\\/\\\/www.organisator.ch\\\/management\\\/it\\\/2017-12-06\\\/all-ip-ist-in-der-schweiz-weitestgehend-unbekannt\\\/#primaryimage\"},\"thumbnailUrl\":\"https:\\\/\\\/www.organisator.ch\\\/wp-content\\\/uploads\\\/2017\\\/12\\\/All-IP-ist-in-der-Schweiz-weitestgehend-unbekannt_Organisator.jpg\",\"keywords\":[\"IT\",\"Telefonie\",\"Telekommunikation\",\"Vermischtes\"],\"articleSection\":[\"IT\"],\"inLanguage\":\"en-US\"},{\"@type\":\"WebPage\",\"@id\":\"https:\\\/\\\/www.organisator.ch\\\/management\\\/it\\\/2017-12-06\\\/all-ip-ist-in-der-schweiz-weitestgehend-unbekannt\\\/\",\"url\":\"https:\\\/\\\/www.organisator.ch\\\/management\\\/it\\\/2017-12-06\\\/all-ip-ist-in-der-schweiz-weitestgehend-unbekannt\\\/\",\"name\":\"All-IP ist in der Schweiz weitestgehend unbekannt - Organisator\",\"isPartOf\":{\"@id\":\"https:\\\/\\\/www.organisator.ch\\\/#website\"},\"primaryImageOfPage\":{\"@id\":\"https:\\\/\\\/www.organisator.ch\\\/management\\\/it\\\/2017-12-06\\\/all-ip-ist-in-der-schweiz-weitestgehend-unbekannt\\\/#primaryimage\"},\"image\":{\"@id\":\"https:\\\/\\\/www.organisator.ch\\\/management\\\/it\\\/2017-12-06\\\/all-ip-ist-in-der-schweiz-weitestgehend-unbekannt\\\/#primaryimage\"},\"thumbnailUrl\":\"https:\\\/\\\/www.organisator.ch\\\/wp-content\\\/uploads\\\/2017\\\/12\\\/All-IP-ist-in-der-Schweiz-weitestgehend-unbekannt_Organisator.jpg\",\"datePublished\":\"2017-12-06T07:20:32+00:00\",\"description\":\"Gem\u00e4ss einer Umfrage wissen nur 8% der Konsumenten, worum es bei All-IP ungef\u00e4hr geht - dies trotz nahezu fl\u00e4chendeckender Umstellung auf diese Technologie.\",\"breadcrumb\":{\"@id\":\"https:\\\/\\\/www.organisator.ch\\\/management\\\/it\\\/2017-12-06\\\/all-ip-ist-in-der-schweiz-weitestgehend-unbekannt\\\/#breadcrumb\"},\"inLanguage\":\"en-US\",\"potentialAction\":[{\"@type\":\"ReadAction\",\"target\":[\"https:\\\/\\\/www.organisator.ch\\\/management\\\/it\\\/2017-12-06\\\/all-ip-ist-in-der-schweiz-weitestgehend-unbekannt\\\/\"]}]},{\"@type\":\"ImageObject\",\"inLanguage\":\"en-US\",\"@id\":\"https:\\\/\\\/www.organisator.ch\\\/management\\\/it\\\/2017-12-06\\\/all-ip-ist-in-der-schweiz-weitestgehend-unbekannt\\\/#primaryimage\",\"url\":\"https:\\\/\\\/www.organisator.ch\\\/wp-content\\\/uploads\\\/2017\\\/12\\\/All-IP-ist-in-der-Schweiz-weitestgehend-unbekannt_Organisator.jpg\",\"contentUrl\":\"https:\\\/\\\/www.organisator.ch\\\/wp-content\\\/uploads\\\/2017\\\/12\\\/All-IP-ist-in-der-Schweiz-weitestgehend-unbekannt_Organisator.jpg\",\"width\":640,\"height\":427,\"caption\":\"Auch wenn in vielen Haushalten bereits ein solches Ger\u00e4t steht: Viele Schweizer Konsumenten k\u00f6nnen sich unter dem Begriff All-IP nichts vorstellen. (Bild: zVg AVM)\"},{\"@type\":\"BreadcrumbList\",\"@id\":\"https:\\\/\\\/www.organisator.ch\\\/management\\\/it\\\/2017-12-06\\\/all-ip-ist-in-der-schweiz-weitestgehend-unbekannt\\\/#breadcrumb\",\"itemListElement\":[{\"@type\":\"ListItem\",\"position\":1,\"name\":\"Home\",\"item\":\"https:\\\/\\\/www.organisator.ch\\\/\"},{\"@type\":\"ListItem\",\"position\":2,\"name\":\"All-IP ist in der Schweiz weitestgehend unbekannt\"}]},{\"@type\":\"WebSite\",\"@id\":\"https:\\\/\\\/www.organisator.ch\\\/#website\",\"url\":\"https:\\\/\\\/www.organisator.ch\\\/\",\"name\":\"Organisator\",\"description\":\"Kompetent. Praxisnah. Der ORGANISATOR bereitet in 10 Ausgaben pro Jahr die wesentlichen Themen f\u00fcr F\u00fchrungskr\u00e4fte von KMU auf.\",\"publisher\":{\"@id\":\"https:\\\/\\\/www.organisator.ch\\\/#organization\"},\"potentialAction\":[{\"@type\":\"SearchAction\",\"target\":{\"@type\":\"EntryPoint\",\"urlTemplate\":\"https:\\\/\\\/www.organisator.ch\\\/?s={search_term_string}\"},\"query-input\":{\"@type\":\"PropertyValueSpecification\",\"valueRequired\":true,\"valueName\":\"search_term_string\"}}],\"inLanguage\":\"en-US\"},{\"@type\":\"Organization\",\"@id\":\"https:\\\/\\\/www.organisator.ch\\\/#organization\",\"name\":\"Organisator\",\"url\":\"https:\\\/\\\/www.organisator.ch\\\/\",\"logo\":{\"@type\":\"ImageObject\",\"inLanguage\":\"en-US\",\"@id\":\"https:\\\/\\\/www.organisator.ch\\\/#\\\/schema\\\/logo\\\/image\\\/\",\"url\":\"https:\\\/\\\/www.organisator.ch\\\/wp-content\\\/uploads\\\/2022\\\/01\\\/Logo_Organisator_Website.png\",\"contentUrl\":\"https:\\\/\\\/www.organisator.ch\\\/wp-content\\\/uploads\\\/2022\\\/01\\\/Logo_Organisator_Website.png\",\"width\":800,\"height\":77,\"caption\":\"Organisator\"},\"image\":{\"@id\":\"https:\\\/\\\/www.organisator.ch\\\/#\\\/schema\\\/logo\\\/image\\\/\"},\"sameAs\":[\"https:\\\/\\\/www.facebook.com\\\/OrganisatorFachmagazin\",\"https:\\\/\\\/www.linkedin.com\\\/showcase\\\/organisator-das-magazin-fr-kmu\",\"https:\\\/\\\/www.xing.com\\\/news\\\/pages\\\/organisator-ch-695\",\"https:\\\/\\\/www.youtube.com\\\/channel\\\/UCGP2Sq0iWaZwT3BdIAQFYpw\"]},{\"@type\":\"Person\",\"@id\":\"https:\\\/\\\/www.organisator.ch\\\/#\\\/schema\\\/person\\\/6f650f90b2842cd4c0cc334b4e36f67e\",\"name\":\"thomas.berner\",\"image\":{\"@type\":\"ImageObject\",\"inLanguage\":\"en-US\",\"@id\":\"https:\\\/\\\/secure.gravatar.com\\\/avatar\\\/ac5001d2a36cb6c6cd3e50789007ffca834b477b74a2144564522e944eabff61?s=96&d=mm&r=g\",\"url\":\"https:\\\/\\\/secure.gravatar.com\\\/avatar\\\/ac5001d2a36cb6c6cd3e50789007ffca834b477b74a2144564522e944eabff61?s=96&d=mm&r=g\",\"contentUrl\":\"https:\\\/\\\/secure.gravatar.com\\\/avatar\\\/ac5001d2a36cb6c6cd3e50789007ffca834b477b74a2144564522e944eabff61?s=96&d=mm&r=g\",\"caption\":\"thomas.berner\"},\"url\":\"https:\\\/\\\/www.organisator.ch\\\/en\\\/author\\\/thomas-berner\\\/\"}]}<\/script>\n<!-- \/ Yoast SEO plugin. -->","yoast_head_json":{"title":"All-IP is largely unknown in Switzerland - Organizer","description":"According to a survey, only 8% of consumers know roughly what All-IP is all about - despite the almost universal switch to this technology.","robots":{"index":"index","follow":"follow","max-snippet":"max-snippet:-1","max-image-preview":"max-image-preview:large","max-video-preview":"max-video-preview:-1"},"canonical":"https:\/\/www.organisator.ch\/en\/management\/it\/2017-12-06\/all-ip-ist-in-der-schweiz-weitestgehend-unbekannt\/","og_locale":"en_US","og_type":"article","og_title":"All-IP ist in der Schweiz weitestgehend unbekannt","og_description":"Gem\u00e4ss einer Umfrage wissen nur 8% der Konsumenten, worum es bei #All-IP ungef\u00e4hr geht - dies trotz nahezu fl\u00e4chendeckender Umstellung auf diese Technologie.","og_url":"https:\/\/www.organisator.ch\/en\/management\/it\/2017-12-06\/all-ip-ist-in-der-schweiz-weitestgehend-unbekannt\/","og_site_name":"Organisator","article_publisher":"https:\/\/www.facebook.com\/OrganisatorFachmagazin","article_published_time":"2017-12-06T07:20:32+00:00","og_image":[{"width":640,"height":427,"url":"https:\/\/www.organisator.ch\/wp-content\/uploads\/2017\/12\/All-IP-ist-in-der-Schweiz-weitestgehend-unbekannt_Organisator.jpg","type":"image\/jpeg"}],"author":"thomas.berner","twitter_card":"summary_large_image","twitter_title":"#All-IP ist in der Schweiz weitestgehend unbekannt","twitter_description":"Gem\u00e4ss einer Umfrage wissen nur 8% der Konsumenten, worum es bei #All-IP ungef\u00e4hr geht - dies trotz nahezu fl\u00e4chendeckender Umstellung auf diese Technologie.","twitter_image":"https:\/\/www.organisator.ch\/wp-content\/uploads\/2017\/12\/All-IP-ist-in-der-Schweiz-weitestgehend-unbekannt_Organisator.jpg","schema":{"@context":"https:\/\/schema.org","@graph":[{"@type":"Article","@id":"https:\/\/www.organisator.ch\/management\/it\/2017-12-06\/all-ip-ist-in-der-schweiz-weitestgehend-unbekannt\/#article","isPartOf":{"@id":"https:\/\/www.organisator.ch\/management\/it\/2017-12-06\/all-ip-ist-in-der-schweiz-weitestgehend-unbekannt\/"},"author":{"name":"thomas.berner","@id":"https:\/\/www.organisator.ch\/#\/schema\/person\/6f650f90b2842cd4c0cc334b4e36f67e"},"headline":"All-IP ist in der Schweiz weitestgehend unbekannt","datePublished":"2017-12-06T07:20:32+00:00","mainEntityOfPage":{"@id":"https:\/\/www.organisator.ch\/management\/it\/2017-12-06\/all-ip-ist-in-der-schweiz-weitestgehend-unbekannt\/"},"wordCount":649,"commentCount":0,"publisher":{"@id":"https:\/\/www.organisator.ch\/#organization"},"image":{"@id":"https:\/\/www.organisator.ch\/management\/it\/2017-12-06\/all-ip-ist-in-der-schweiz-weitestgehend-unbekannt\/#primaryimage"},"thumbnailUrl":"https:\/\/www.organisator.ch\/wp-content\/uploads\/2017\/12\/All-IP-ist-in-der-Schweiz-weitestgehend-unbekannt_Organisator.jpg","keywords":["IT","Telefonie","Telekommunikation","Vermischtes"],"articleSection":["IT"],"inLanguage":"en-US"},{"@type":"WebPage","@id":"https:\/\/www.organisator.ch\/management\/it\/2017-12-06\/all-ip-ist-in-der-schweiz-weitestgehend-unbekannt\/","url":"https:\/\/www.organisator.ch\/management\/it\/2017-12-06\/all-ip-ist-in-der-schweiz-weitestgehend-unbekannt\/","name":"All-IP is largely unknown in Switzerland - Organizer","isPartOf":{"@id":"https:\/\/www.organisator.ch\/#website"},"primaryImageOfPage":{"@id":"https:\/\/www.organisator.ch\/management\/it\/2017-12-06\/all-ip-ist-in-der-schweiz-weitestgehend-unbekannt\/#primaryimage"},"image":{"@id":"https:\/\/www.organisator.ch\/management\/it\/2017-12-06\/all-ip-ist-in-der-schweiz-weitestgehend-unbekannt\/#primaryimage"},"thumbnailUrl":"https:\/\/www.organisator.ch\/wp-content\/uploads\/2017\/12\/All-IP-ist-in-der-Schweiz-weitestgehend-unbekannt_Organisator.jpg","datePublished":"2017-12-06T07:20:32+00:00","description":"According to a survey, only 8% of consumers know roughly what All-IP is all about - despite the almost universal switch to this technology.","breadcrumb":{"@id":"https:\/\/www.organisator.ch\/management\/it\/2017-12-06\/all-ip-ist-in-der-schweiz-weitestgehend-unbekannt\/#breadcrumb"},"inLanguage":"en-US","potentialAction":[{"@type":"ReadAction","target":["https:\/\/www.organisator.ch\/management\/it\/2017-12-06\/all-ip-ist-in-der-schweiz-weitestgehend-unbekannt\/"]}]},{"@type":"ImageObject","inLanguage":"en-US","@id":"https:\/\/www.organisator.ch\/management\/it\/2017-12-06\/all-ip-ist-in-der-schweiz-weitestgehend-unbekannt\/#primaryimage","url":"https:\/\/www.organisator.ch\/wp-content\/uploads\/2017\/12\/All-IP-ist-in-der-Schweiz-weitestgehend-unbekannt_Organisator.jpg","contentUrl":"https:\/\/www.organisator.ch\/wp-content\/uploads\/2017\/12\/All-IP-ist-in-der-Schweiz-weitestgehend-unbekannt_Organisator.jpg","width":640,"height":427,"caption":"Auch wenn in vielen Haushalten bereits ein solches Ger\u00e4t steht: Viele Schweizer Konsumenten k\u00f6nnen sich unter dem Begriff All-IP nichts vorstellen. (Bild: zVg AVM)"},{"@type":"BreadcrumbList","@id":"https:\/\/www.organisator.ch\/management\/it\/2017-12-06\/all-ip-ist-in-der-schweiz-weitestgehend-unbekannt\/#breadcrumb","itemListElement":[{"@type":"ListItem","position":1,"name":"Home","item":"https:\/\/www.organisator.ch\/"},{"@type":"ListItem","position":2,"name":"All-IP ist in der Schweiz weitestgehend unbekannt"}]},{"@type":"WebSite","@id":"https:\/\/www.organisator.ch\/#website","url":"https:\/\/www.organisator.ch\/","name":"Organizer","description":"Competent. Practical. In 10 issues per year, ORGANISATOR presents the essential topics for managers of SMEs.","publisher":{"@id":"https:\/\/www.organisator.ch\/#organization"},"potentialAction":[{"@type":"SearchAction","target":{"@type":"EntryPoint","urlTemplate":"https:\/\/www.organisator.ch\/?s={search_term_string}"},"query-input":{"@type":"PropertyValueSpecification","valueRequired":true,"valueName":"search_term_string"}}],"inLanguage":"en-US"},{"@type":"Organization","@id":"https:\/\/www.organisator.ch\/#organization","name":"Organizer","url":"https:\/\/www.organisator.ch\/","logo":{"@type":"ImageObject","inLanguage":"en-US","@id":"https:\/\/www.organisator.ch\/#\/schema\/logo\/image\/","url":"https:\/\/www.organisator.ch\/wp-content\/uploads\/2022\/01\/Logo_Organisator_Website.png","contentUrl":"https:\/\/www.organisator.ch\/wp-content\/uploads\/2022\/01\/Logo_Organisator_Website.png","width":800,"height":77,"caption":"Organisator"},"image":{"@id":"https:\/\/www.organisator.ch\/#\/schema\/logo\/image\/"},"sameAs":["https:\/\/www.facebook.com\/OrganisatorFachmagazin","https:\/\/www.linkedin.com\/showcase\/organisator-das-magazin-fr-kmu","https:\/\/www.xing.com\/news\/pages\/organisator-ch-695","https:\/\/www.youtube.com\/channel\/UCGP2Sq0iWaZwT3BdIAQFYpw"]},{"@type":"Person","@id":"https:\/\/www.organisator.ch\/#\/schema\/person\/6f650f90b2842cd4c0cc334b4e36f67e","name":"thomas.berner","image":{"@type":"ImageObject","inLanguage":"en-US","@id":"https:\/\/secure.gravatar.com\/avatar\/ac5001d2a36cb6c6cd3e50789007ffca834b477b74a2144564522e944eabff61?s=96&d=mm&r=g","url":"https:\/\/secure.gravatar.com\/avatar\/ac5001d2a36cb6c6cd3e50789007ffca834b477b74a2144564522e944eabff61?s=96&d=mm&r=g","contentUrl":"https:\/\/secure.gravatar.com\/avatar\/ac5001d2a36cb6c6cd3e50789007ffca834b477b74a2144564522e944eabff61?s=96&d=mm&r=g","caption":"thomas.berner"},"url":"https:\/\/www.organisator.ch\/en\/author\/thomas-berner\/"}]}},"_links":{"self":[{"href":"https:\/\/www.organisator.ch\/en\/wp-json\/wp\/v2\/posts\/2827","targetHints":{"allow":["GET"]}}],"collection":[{"href":"https:\/\/www.organisator.ch\/en\/wp-json\/wp\/v2\/posts"}],"about":[{"href":"https:\/\/www.organisator.ch\/en\/wp-json\/wp\/v2\/types\/post"}],"author":[{"embeddable":true,"href":"https:\/\/www.organisator.ch\/en\/wp-json\/wp\/v2\/users\/4"}],"replies":[{"embeddable":true,"href":"https:\/\/www.organisator.ch\/en\/wp-json\/wp\/v2\/comments?post=2827"}],"version-history":[{"count":0,"href":"https:\/\/www.organisator.ch\/en\/wp-json\/wp\/v2\/posts\/2827\/revisions"}],"wp:featuredmedia":[{"embeddable":true,"href":"https:\/\/www.organisator.ch\/en\/wp-json\/wp\/v2\/media\/2828"}],"wp:attachment":[{"href":"https:\/\/www.organisator.ch\/en\/wp-json\/wp\/v2\/media?parent=2827"}],"wp:term":[{"taxonomy":"category","embeddable":true,"href":"https:\/\/www.organisator.ch\/en\/wp-json\/wp\/v2\/categories?post=2827"},{"taxonomy":"post_tag","embeddable":true,"href":"https:\/\/www.organisator.ch\/en\/wp-json\/wp\/v2\/tags?post=2827"}],"curies":[{"name":"wp","href":"https:\/\/api.w.org\/{rel}","templated":true}]}}