{"id":2842,"date":"2020-02-25T12:08:45","date_gmt":"2020-02-25T11:08:45","guid":{"rendered":"https:\/\/www.umweltperspektiven.ch\/?p=2842"},"modified":"2022-02-09T11:10:00","modified_gmt":"2022-02-09T10:10:00","slug":"biofach-50000-kunden-und-keiner-da-zum-reden","status":"publish","type":"post","link":"https:\/\/www.organisator.ch\/en\/sustainability\/2020-02-25\/biofach-50000-kunden-und-keiner-da-zum-reden\/","title":{"rendered":"BioFach: 50,000 customers and no one there to talk to"},"content":{"rendered":"<p>&nbsp;<\/p>\n<p><img loading=\"lazy\" decoding=\"async\" class=\"size-medium wp-image-2843\" src=\"\/\/www.umweltperspektiven.ch\/wp-content\/uploads\/2020\/02\/InsectRespect_UP-Umwelt-Perspektiven.jpg\" alt=\"\" width=\"680\" height=\"462\" srcset=\"https:\/\/www.organisator.ch\/wp-content\/uploads\/2020\/02\/InsectRespect_UP-Umwelt-Perspektiven.jpg 2048w, https:\/\/www.organisator.ch\/wp-content\/uploads\/2020\/02\/InsectRespect_UP-Umwelt-Perspektiven-680x462.jpg 680w, https:\/\/www.organisator.ch\/wp-content\/uploads\/2020\/02\/InsectRespect_UP-Umwelt-Perspektiven-1024x695.jpg 1024w, https:\/\/www.organisator.ch\/wp-content\/uploads\/2020\/02\/InsectRespect_UP-Umwelt-Perspektiven-768x521.jpg 768w, https:\/\/www.organisator.ch\/wp-content\/uploads\/2020\/02\/InsectRespect_UP-Umwelt-Perspektiven-1536x1043.jpg 1536w, https:\/\/www.organisator.ch\/wp-content\/uploads\/2020\/02\/InsectRespect_UP-Umwelt-Perspektiven-18x12.jpg 18w, https:\/\/www.organisator.ch\/wp-content\/uploads\/2020\/02\/InsectRespect_UP-Umwelt-Perspektiven-258x175.jpg 258w, https:\/\/www.organisator.ch\/wp-content\/uploads\/2020\/02\/InsectRespect_UP-Umwelt-Perspektiven-516x350.jpg 516w, https:\/\/www.organisator.ch\/wp-content\/uploads\/2020\/02\/InsectRespect_UP-Umwelt-Perspektiven-1179x800.jpg 1179w, https:\/\/www.organisator.ch\/wp-content\/uploads\/2020\/02\/InsectRespect_UP-Umwelt-Perspektiven-920x624.jpg 920w, https:\/\/www.organisator.ch\/wp-content\/uploads\/2020\/02\/InsectRespect_UP-Umwelt-Perspektiven-1400x950.jpg 1400w, https:\/\/www.organisator.ch\/wp-content\/uploads\/2020\/02\/InsectRespect_UP-Umwelt-Perspektiven-300x204.jpg 300w\" sizes=\"auto, (max-width: 680px) 100vw, 680px\" \/><\/p>\n<p>In 2020, biocide manufacturer and insect pest farmer Reckhaus will leave its stand at the world's leading trade fair BioFach in Nuremberg unoccupied. \"We're not standing around here, we're taking action,\" the empty stand screams to visitors.<\/p>\n<p>\"We would rather clarify our philosophy than explain product details,\" says Dr. Hans-Dietrich Reckhaus, initiator of Insect Respect and managing partner of Reckhaus GmbH &amp; Co. KG. He himself is in Frankfurt this week instead of Nuremberg to explain to cooperation partners there why he is not in Nuremberg. With his Insect Respect team, he is organizing the next big meetings for insects, preparing publications and planning the next insect-friendly areas.<\/p>\n<p>In a letter to visitors, which can be read at booth 7-214, Reckhaus describes how insects are indispensable for a good life on earth: 40% of all insect species are endangered, and in some regions their numbers have already declined by 80%.<\/p>\n<p>\"It's time to act instead of talk,\" the appeal goes, and everyone can join in: With insect patches on unused driveways, on the roof of warehouses, in industrial areas. Every square meter counts.<\/p>\n<p><strong>Less consumption as a trade fair message<\/strong><br \/>\nIt cannot be about more and more consumption of products, Reckhaus said. Rather, he said, entrepreneurs must be aware of the ecological and social impact of their products.<br \/>\nWarn products. As a consequence, Reckhaus has applied the warning \"Product kills valuable insects\" to its products - as the first biocide manufacturer worldwide.<\/p>\n<p>Reckhaus is therefore striving for a new way of dealing with insects. The trigger for the company's change and the globally unique compensation model was the dialog and collaboration over several months with the Swiss concept artists Frank and Patrik Riklin. In 2011, they confronted Dr. Hans-Dietrich Reckhaus with the question: How much value does a fly have for you as an insect killer? Their demand: Save instead of kill.<\/p>\n<p>The resulting counter-strategy led to a transformation process and the development of \"Insect Respect\". The culmination was the joint art action \"Saving Flies in Deppendorf\" (2012), which mobilized an entire village and took a housefly on a wellness vacation to Schloss Elmau with the world's first air ticket for an insect. Today, Reckhaus acts at the forefront of the insect lobby, writes books about the ambivalent relationship between humans and insects, plans to retrain his employees as landscape gardeners, and is transforming an entire industry.<\/p>\n<p><strong>Background: Insects<\/strong><\/p>\n<p><strong>Humanity will not survive without insects<\/strong><\/p>\n<p>It is high time to respect insects - precisely because they are sometimes fought. The animals perform many valuable functions. Edward Wilson, the renowned American entomologist,<br \/>\nhas calculated that humans could survive only a few months without insects. But the number and diversity of insects are declining dramatically: more than 40 % of species are endangered, and 5 %<br \/>\nextinct. In some areas of the German-speaking world, their numbers have declined by up to 80 %. (see e.g. study in PLOS One).<\/p>\n<p><strong>Ten good reasons to respect insects<\/strong><br \/>\n1. ecosystem: insects give nature more resilience.<br \/>\n2. pollination: insects keep the plant world alive.<br \/>\n3rd cycle: Insects are an important part of the food chain.<br \/>\n4. forage and food: Insects secure the world's food supply.<br \/>\n5. hygiene: insects rid us of \"garbage\".<br \/>\n6. soils: insects make our earth fertile.<br \/>\n7. clothing: Insects are indispensable for textile production.<br \/>\n8. industry: insects produce chemicals.<br \/>\nMedicine 9: Cure insects.<br \/>\n10. research: insects are extremely valuable scientifically.<\/p>\n<p><a href=\"\/\/www.insect-respect.org\">http:\/\/www.insect-respect.org<\/a><\/p>","protected":false},"excerpt":{"rendered":"<p>&nbsp; Der Biozidhersteller und Insektenfl\u00e4chenbauer Reckhaus l\u00e4sst 2020 seinen Stand auf der Weltleitmesse BioFach in N\u00fcrnberg unbesetzt. \u201eWir stehen hier nicht rum, wir handeln\u201c, schreit der leere Stand den Besuchern entgegen. \u201eWir wollen lieber unsere Philosophie verdeutlichen, statt Produktdetails zu erkl\u00e4ren\u201c, so Dr. Hans-Dietrich Reckhaus, Initiator von Insect Respect und Gesch\u00e4ftsf\u00fchrender Gesellschafter der Reckhaus GmbH [&hellip;]<\/p>\n","protected":false},"author":5,"featured_media":2843,"comment_status":"closed","ping_status":"closed","sticky":false,"template":"","format":"standard","meta":{"_acf_changed":false,"_yoast_wpseo_focuskw":"BioFach","_yoast_wpseo_metadesc":"Etwa 50.000 Menschen besuchen die N\u00fcrnberger Weltleitmesse BioFach am 12. bis 15. Februar 2020, doch am Stand der Firma Reckhaus treffen sie auf niemanden.","articlekey":"","footnotes":""},"categories":[580],"tags":[819,829,1425,293],"class_list":["post-2842","post","type-post","status-publish","format-standard","has-post-thumbnail","hentry","category-sustainability","tag-bio","tag-biodiversitaet","tag-insektenschutz","tag-kampagne"],"acf":[],"yoast_head":"<!-- This site is optimized with the Yoast SEO plugin v27.5 - https:\/\/yoast.com\/product\/yoast-seo-wordpress\/ -->\n<title>BioFach: 50&#039;000 Kunden und keiner da zum Reden - Organisator<\/title>\n<meta name=\"description\" content=\"Etwa 50.000 Menschen besuchen die N\u00fcrnberger Weltleitmesse BioFach am 12. bis 15. Februar 2020, doch am Stand der Firma Reckhaus treffen sie auf niemanden.\" \/>\n<meta name=\"robots\" content=\"index, follow, max-snippet:-1, max-image-preview:large, max-video-preview:-1\" \/>\n<link rel=\"canonical\" href=\"https:\/\/www.organisator.ch\/en\/sustainability\/2020-02-25\/biofach-50000-kunden-und-keiner-da-zum-reden\/\" \/>\n<meta property=\"og:locale\" content=\"en_US\" \/>\n<meta property=\"og:type\" content=\"article\" \/>\n<meta property=\"og:title\" content=\"BioFach: 50&#039;000 Kunden und keiner da zum Reden - Organisator\" \/>\n<meta property=\"og:description\" content=\"Etwa 50.000 Menschen besuchen die N\u00fcrnberger Weltleitmesse BioFach am 12. bis 15. Februar 2020, doch am Stand der Firma Reckhaus treffen sie auf niemanden.\" \/>\n<meta property=\"og:url\" content=\"https:\/\/www.organisator.ch\/en\/sustainability\/2020-02-25\/biofach-50000-kunden-und-keiner-da-zum-reden\/\" \/>\n<meta property=\"og:site_name\" content=\"Organisator\" \/>\n<meta property=\"article:publisher\" content=\"https:\/\/www.facebook.com\/OrganisatorFachmagazin\" \/>\n<meta property=\"article:published_time\" content=\"2020-02-25T11:08:45+00:00\" \/>\n<meta property=\"article:modified_time\" content=\"2022-02-09T10:10:00+00:00\" \/>\n<meta property=\"og:image\" content=\"https:\/\/www.organisator.ch\/wp-content\/uploads\/2020\/02\/InsectRespect_UP-Umwelt-Perspektiven.jpg\" \/>\n\t<meta property=\"og:image:width\" content=\"2048\" \/>\n\t<meta property=\"og:image:height\" content=\"1390\" \/>\n\t<meta property=\"og:image:type\" content=\"image\/jpeg\" \/>\n<meta name=\"author\" content=\"michael.merz\" \/>\n<meta name=\"twitter:card\" content=\"summary_large_image\" \/>\n<script type=\"application\/ld+json\" class=\"yoast-schema-graph\">{\"@context\":\"https:\\\/\\\/schema.org\",\"@graph\":[{\"@type\":\"Article\",\"@id\":\"https:\\\/\\\/www.organisator.ch\\\/sustainability\\\/2020-02-25\\\/biofach-50000-kunden-und-keiner-da-zum-reden\\\/#article\",\"isPartOf\":{\"@id\":\"https:\\\/\\\/www.organisator.ch\\\/sustainability\\\/2020-02-25\\\/biofach-50000-kunden-und-keiner-da-zum-reden\\\/\"},\"author\":{\"name\":\"michael.merz\",\"@id\":\"https:\\\/\\\/www.organisator.ch\\\/#\\\/schema\\\/person\\\/134708ca9321c57b0362cceb7948ffbd\"},\"headline\":\"BioFach: 50&#8217;000 Kunden und keiner da zum Reden\",\"datePublished\":\"2020-02-25T11:08:45+00:00\",\"dateModified\":\"2022-02-09T10:10:00+00:00\",\"mainEntityOfPage\":{\"@id\":\"https:\\\/\\\/www.organisator.ch\\\/sustainability\\\/2020-02-25\\\/biofach-50000-kunden-und-keiner-da-zum-reden\\\/\"},\"wordCount\":554,\"publisher\":{\"@id\":\"https:\\\/\\\/www.organisator.ch\\\/#organization\"},\"image\":{\"@id\":\"https:\\\/\\\/www.organisator.ch\\\/sustainability\\\/2020-02-25\\\/biofach-50000-kunden-und-keiner-da-zum-reden\\\/#primaryimage\"},\"thumbnailUrl\":\"https:\\\/\\\/www.organisator.ch\\\/wp-content\\\/uploads\\\/2020\\\/02\\\/InsectRespect_UP-Umwelt-Perspektiven.jpg\",\"keywords\":[\"Bio\",\"Biodiversit\u00e4t\",\"Insektenschutz\",\"Kampagne\"],\"articleSection\":[\"SUSTAINABILITY\"],\"inLanguage\":\"en-US\"},{\"@type\":\"WebPage\",\"@id\":\"https:\\\/\\\/www.organisator.ch\\\/sustainability\\\/2020-02-25\\\/biofach-50000-kunden-und-keiner-da-zum-reden\\\/\",\"url\":\"https:\\\/\\\/www.organisator.ch\\\/sustainability\\\/2020-02-25\\\/biofach-50000-kunden-und-keiner-da-zum-reden\\\/\",\"name\":\"BioFach: 50'000 Kunden und keiner da zum Reden - Organisator\",\"isPartOf\":{\"@id\":\"https:\\\/\\\/www.organisator.ch\\\/#website\"},\"primaryImageOfPage\":{\"@id\":\"https:\\\/\\\/www.organisator.ch\\\/sustainability\\\/2020-02-25\\\/biofach-50000-kunden-und-keiner-da-zum-reden\\\/#primaryimage\"},\"image\":{\"@id\":\"https:\\\/\\\/www.organisator.ch\\\/sustainability\\\/2020-02-25\\\/biofach-50000-kunden-und-keiner-da-zum-reden\\\/#primaryimage\"},\"thumbnailUrl\":\"https:\\\/\\\/www.organisator.ch\\\/wp-content\\\/uploads\\\/2020\\\/02\\\/InsectRespect_UP-Umwelt-Perspektiven.jpg\",\"datePublished\":\"2020-02-25T11:08:45+00:00\",\"dateModified\":\"2022-02-09T10:10:00+00:00\",\"description\":\"Etwa 50.000 Menschen besuchen die N\u00fcrnberger Weltleitmesse BioFach am 12. bis 15. Februar 2020, doch am Stand der Firma Reckhaus treffen sie auf niemanden.\",\"breadcrumb\":{\"@id\":\"https:\\\/\\\/www.organisator.ch\\\/sustainability\\\/2020-02-25\\\/biofach-50000-kunden-und-keiner-da-zum-reden\\\/#breadcrumb\"},\"inLanguage\":\"en-US\",\"potentialAction\":[{\"@type\":\"ReadAction\",\"target\":[\"https:\\\/\\\/www.organisator.ch\\\/sustainability\\\/2020-02-25\\\/biofach-50000-kunden-und-keiner-da-zum-reden\\\/\"]}]},{\"@type\":\"ImageObject\",\"inLanguage\":\"en-US\",\"@id\":\"https:\\\/\\\/www.organisator.ch\\\/sustainability\\\/2020-02-25\\\/biofach-50000-kunden-und-keiner-da-zum-reden\\\/#primaryimage\",\"url\":\"https:\\\/\\\/www.organisator.ch\\\/wp-content\\\/uploads\\\/2020\\\/02\\\/InsectRespect_UP-Umwelt-Perspektiven.jpg\",\"contentUrl\":\"https:\\\/\\\/www.organisator.ch\\\/wp-content\\\/uploads\\\/2020\\\/02\\\/InsectRespect_UP-Umwelt-Perspektiven.jpg\",\"width\":2048,\"height\":1390,\"caption\":\"\u201eWir stehen hier nicht rum, wir handeln\u201c: Der unbesetzte Messestand der Firma Reckhaus auf der Weltleitmesse BioFach sorgt f\u00fcr Irritationen, hat jedoch einen ernsten Hintergrund: Das Insektensterben ist akut, mit Insect Respect will Reckhaus darauf aufmerksam machen und andere Unternehmen aktiv beim Aktivwerden unterst\u00fctzen. [Bild: Jelena Gernert)\"},{\"@type\":\"BreadcrumbList\",\"@id\":\"https:\\\/\\\/www.organisator.ch\\\/sustainability\\\/2020-02-25\\\/biofach-50000-kunden-und-keiner-da-zum-reden\\\/#breadcrumb\",\"itemListElement\":[{\"@type\":\"ListItem\",\"position\":1,\"name\":\"Home\",\"item\":\"https:\\\/\\\/www.organisator.ch\\\/\"},{\"@type\":\"ListItem\",\"position\":2,\"name\":\"BioFach: 50&#8217;000 Kunden und keiner da zum Reden\"}]},{\"@type\":\"WebSite\",\"@id\":\"https:\\\/\\\/www.organisator.ch\\\/#website\",\"url\":\"https:\\\/\\\/www.organisator.ch\\\/\",\"name\":\"Organisator\",\"description\":\"Kompetent. Praxisnah. Der ORGANISATOR bereitet in 10 Ausgaben pro Jahr die wesentlichen Themen f\u00fcr F\u00fchrungskr\u00e4fte von KMU auf.\",\"publisher\":{\"@id\":\"https:\\\/\\\/www.organisator.ch\\\/#organization\"},\"potentialAction\":[{\"@type\":\"SearchAction\",\"target\":{\"@type\":\"EntryPoint\",\"urlTemplate\":\"https:\\\/\\\/www.organisator.ch\\\/?s={search_term_string}\"},\"query-input\":{\"@type\":\"PropertyValueSpecification\",\"valueRequired\":true,\"valueName\":\"search_term_string\"}}],\"inLanguage\":\"en-US\"},{\"@type\":\"Organization\",\"@id\":\"https:\\\/\\\/www.organisator.ch\\\/#organization\",\"name\":\"Organisator\",\"url\":\"https:\\\/\\\/www.organisator.ch\\\/\",\"logo\":{\"@type\":\"ImageObject\",\"inLanguage\":\"en-US\",\"@id\":\"https:\\\/\\\/www.organisator.ch\\\/#\\\/schema\\\/logo\\\/image\\\/\",\"url\":\"https:\\\/\\\/www.organisator.ch\\\/wp-content\\\/uploads\\\/2022\\\/01\\\/Logo_Organisator_Website.png\",\"contentUrl\":\"https:\\\/\\\/www.organisator.ch\\\/wp-content\\\/uploads\\\/2022\\\/01\\\/Logo_Organisator_Website.png\",\"width\":800,\"height\":77,\"caption\":\"Organisator\"},\"image\":{\"@id\":\"https:\\\/\\\/www.organisator.ch\\\/#\\\/schema\\\/logo\\\/image\\\/\"},\"sameAs\":[\"https:\\\/\\\/www.facebook.com\\\/OrganisatorFachmagazin\",\"https:\\\/\\\/www.linkedin.com\\\/showcase\\\/organisator-das-magazin-fr-kmu\",\"https:\\\/\\\/www.xing.com\\\/news\\\/pages\\\/organisator-ch-695\",\"https:\\\/\\\/www.youtube.com\\\/channel\\\/UCGP2Sq0iWaZwT3BdIAQFYpw\"]},{\"@type\":\"Person\",\"@id\":\"https:\\\/\\\/www.organisator.ch\\\/#\\\/schema\\\/person\\\/134708ca9321c57b0362cceb7948ffbd\",\"name\":\"michael.merz\",\"image\":{\"@type\":\"ImageObject\",\"inLanguage\":\"en-US\",\"@id\":\"https:\\\/\\\/secure.gravatar.com\\\/avatar\\\/?s=96&d=mm&r=g\",\"url\":\"https:\\\/\\\/secure.gravatar.com\\\/avatar\\\/?s=96&d=mm&r=g\",\"contentUrl\":\"https:\\\/\\\/secure.gravatar.com\\\/avatar\\\/?s=96&d=mm&r=g\",\"caption\":\"michael.merz\"},\"url\":\"https:\\\/\\\/www.organisator.ch\\\/en\\\/author\\\/michael-merz\\\/\"}]}<\/script>\n<!-- \/ Yoast SEO plugin. -->","yoast_head_json":{"title":"BioFach: 50,000 customers and no one there to talk to - Organizer","description":"About 50,000 people will visit the world's leading trade fair BioFach in Nuremberg from February 12 to 15, 2020, but they will not meet anyone at the stand of the Reckhaus company.","robots":{"index":"index","follow":"follow","max-snippet":"max-snippet:-1","max-image-preview":"max-image-preview:large","max-video-preview":"max-video-preview:-1"},"canonical":"https:\/\/www.organisator.ch\/en\/sustainability\/2020-02-25\/biofach-50000-kunden-und-keiner-da-zum-reden\/","og_locale":"en_US","og_type":"article","og_title":"BioFach: 50'000 Kunden und keiner da zum Reden - Organisator","og_description":"Etwa 50.000 Menschen besuchen die N\u00fcrnberger Weltleitmesse BioFach am 12. bis 15. Februar 2020, doch am Stand der Firma Reckhaus treffen sie auf niemanden.","og_url":"https:\/\/www.organisator.ch\/en\/sustainability\/2020-02-25\/biofach-50000-kunden-und-keiner-da-zum-reden\/","og_site_name":"Organisator","article_publisher":"https:\/\/www.facebook.com\/OrganisatorFachmagazin","article_published_time":"2020-02-25T11:08:45+00:00","article_modified_time":"2022-02-09T10:10:00+00:00","og_image":[{"width":2048,"height":1390,"url":"https:\/\/www.organisator.ch\/wp-content\/uploads\/2020\/02\/InsectRespect_UP-Umwelt-Perspektiven.jpg","type":"image\/jpeg"}],"author":"michael.merz","twitter_card":"summary_large_image","schema":{"@context":"https:\/\/schema.org","@graph":[{"@type":"Article","@id":"https:\/\/www.organisator.ch\/sustainability\/2020-02-25\/biofach-50000-kunden-und-keiner-da-zum-reden\/#article","isPartOf":{"@id":"https:\/\/www.organisator.ch\/sustainability\/2020-02-25\/biofach-50000-kunden-und-keiner-da-zum-reden\/"},"author":{"name":"michael.merz","@id":"https:\/\/www.organisator.ch\/#\/schema\/person\/134708ca9321c57b0362cceb7948ffbd"},"headline":"BioFach: 50&#8217;000 Kunden und keiner da zum Reden","datePublished":"2020-02-25T11:08:45+00:00","dateModified":"2022-02-09T10:10:00+00:00","mainEntityOfPage":{"@id":"https:\/\/www.organisator.ch\/sustainability\/2020-02-25\/biofach-50000-kunden-und-keiner-da-zum-reden\/"},"wordCount":554,"publisher":{"@id":"https:\/\/www.organisator.ch\/#organization"},"image":{"@id":"https:\/\/www.organisator.ch\/sustainability\/2020-02-25\/biofach-50000-kunden-und-keiner-da-zum-reden\/#primaryimage"},"thumbnailUrl":"https:\/\/www.organisator.ch\/wp-content\/uploads\/2020\/02\/InsectRespect_UP-Umwelt-Perspektiven.jpg","keywords":["Bio","Biodiversit\u00e4t","Insektenschutz","Kampagne"],"articleSection":["SUSTAINABILITY"],"inLanguage":"en-US"},{"@type":"WebPage","@id":"https:\/\/www.organisator.ch\/sustainability\/2020-02-25\/biofach-50000-kunden-und-keiner-da-zum-reden\/","url":"https:\/\/www.organisator.ch\/sustainability\/2020-02-25\/biofach-50000-kunden-und-keiner-da-zum-reden\/","name":"BioFach: 50,000 customers and no one there to talk to - Organizer","isPartOf":{"@id":"https:\/\/www.organisator.ch\/#website"},"primaryImageOfPage":{"@id":"https:\/\/www.organisator.ch\/sustainability\/2020-02-25\/biofach-50000-kunden-und-keiner-da-zum-reden\/#primaryimage"},"image":{"@id":"https:\/\/www.organisator.ch\/sustainability\/2020-02-25\/biofach-50000-kunden-und-keiner-da-zum-reden\/#primaryimage"},"thumbnailUrl":"https:\/\/www.organisator.ch\/wp-content\/uploads\/2020\/02\/InsectRespect_UP-Umwelt-Perspektiven.jpg","datePublished":"2020-02-25T11:08:45+00:00","dateModified":"2022-02-09T10:10:00+00:00","description":"About 50,000 people will visit the world's leading trade fair BioFach in Nuremberg from February 12 to 15, 2020, but they will not meet anyone at the stand of the Reckhaus company.","breadcrumb":{"@id":"https:\/\/www.organisator.ch\/sustainability\/2020-02-25\/biofach-50000-kunden-und-keiner-da-zum-reden\/#breadcrumb"},"inLanguage":"en-US","potentialAction":[{"@type":"ReadAction","target":["https:\/\/www.organisator.ch\/sustainability\/2020-02-25\/biofach-50000-kunden-und-keiner-da-zum-reden\/"]}]},{"@type":"ImageObject","inLanguage":"en-US","@id":"https:\/\/www.organisator.ch\/sustainability\/2020-02-25\/biofach-50000-kunden-und-keiner-da-zum-reden\/#primaryimage","url":"https:\/\/www.organisator.ch\/wp-content\/uploads\/2020\/02\/InsectRespect_UP-Umwelt-Perspektiven.jpg","contentUrl":"https:\/\/www.organisator.ch\/wp-content\/uploads\/2020\/02\/InsectRespect_UP-Umwelt-Perspektiven.jpg","width":2048,"height":1390,"caption":"\u201eWir stehen hier nicht rum, wir handeln\u201c: Der unbesetzte Messestand der Firma Reckhaus auf der Weltleitmesse BioFach sorgt f\u00fcr Irritationen, hat jedoch einen ernsten Hintergrund: Das Insektensterben ist akut, mit Insect Respect will Reckhaus darauf aufmerksam machen und andere Unternehmen aktiv beim Aktivwerden unterst\u00fctzen. [Bild: Jelena Gernert)"},{"@type":"BreadcrumbList","@id":"https:\/\/www.organisator.ch\/sustainability\/2020-02-25\/biofach-50000-kunden-und-keiner-da-zum-reden\/#breadcrumb","itemListElement":[{"@type":"ListItem","position":1,"name":"Home","item":"https:\/\/www.organisator.ch\/"},{"@type":"ListItem","position":2,"name":"BioFach: 50&#8217;000 Kunden und keiner da zum Reden"}]},{"@type":"WebSite","@id":"https:\/\/www.organisator.ch\/#website","url":"https:\/\/www.organisator.ch\/","name":"Organizer","description":"Competent. Practical. In 10 issues per year, ORGANISATOR presents the essential topics for managers of SMEs.","publisher":{"@id":"https:\/\/www.organisator.ch\/#organization"},"potentialAction":[{"@type":"SearchAction","target":{"@type":"EntryPoint","urlTemplate":"https:\/\/www.organisator.ch\/?s={search_term_string}"},"query-input":{"@type":"PropertyValueSpecification","valueRequired":true,"valueName":"search_term_string"}}],"inLanguage":"en-US"},{"@type":"Organization","@id":"https:\/\/www.organisator.ch\/#organization","name":"Organizer","url":"https:\/\/www.organisator.ch\/","logo":{"@type":"ImageObject","inLanguage":"en-US","@id":"https:\/\/www.organisator.ch\/#\/schema\/logo\/image\/","url":"https:\/\/www.organisator.ch\/wp-content\/uploads\/2022\/01\/Logo_Organisator_Website.png","contentUrl":"https:\/\/www.organisator.ch\/wp-content\/uploads\/2022\/01\/Logo_Organisator_Website.png","width":800,"height":77,"caption":"Organisator"},"image":{"@id":"https:\/\/www.organisator.ch\/#\/schema\/logo\/image\/"},"sameAs":["https:\/\/www.facebook.com\/OrganisatorFachmagazin","https:\/\/www.linkedin.com\/showcase\/organisator-das-magazin-fr-kmu","https:\/\/www.xing.com\/news\/pages\/organisator-ch-695","https:\/\/www.youtube.com\/channel\/UCGP2Sq0iWaZwT3BdIAQFYpw"]},{"@type":"Person","@id":"https:\/\/www.organisator.ch\/#\/schema\/person\/134708ca9321c57b0362cceb7948ffbd","name":"michael.merz","image":{"@type":"ImageObject","inLanguage":"en-US","@id":"https:\/\/secure.gravatar.com\/avatar\/?s=96&d=mm&r=g","url":"https:\/\/secure.gravatar.com\/avatar\/?s=96&d=mm&r=g","contentUrl":"https:\/\/secure.gravatar.com\/avatar\/?s=96&d=mm&r=g","caption":"michael.merz"},"url":"https:\/\/www.organisator.ch\/en\/author\/michael-merz\/"}]}},"_links":{"self":[{"href":"https:\/\/www.organisator.ch\/en\/wp-json\/wp\/v2\/posts\/2842","targetHints":{"allow":["GET"]}}],"collection":[{"href":"https:\/\/www.organisator.ch\/en\/wp-json\/wp\/v2\/posts"}],"about":[{"href":"https:\/\/www.organisator.ch\/en\/wp-json\/wp\/v2\/types\/post"}],"author":[{"embeddable":true,"href":"https:\/\/www.organisator.ch\/en\/wp-json\/wp\/v2\/users\/5"}],"replies":[{"embeddable":true,"href":"https:\/\/www.organisator.ch\/en\/wp-json\/wp\/v2\/comments?post=2842"}],"version-history":[{"count":1,"href":"https:\/\/www.organisator.ch\/en\/wp-json\/wp\/v2\/posts\/2842\/revisions"}],"predecessor-version":[{"id":10850,"href":"https:\/\/www.organisator.ch\/en\/wp-json\/wp\/v2\/posts\/2842\/revisions\/10850"}],"wp:featuredmedia":[{"embeddable":true,"href":"https:\/\/www.organisator.ch\/en\/wp-json\/wp\/v2\/media\/2843"}],"wp:attachment":[{"href":"https:\/\/www.organisator.ch\/en\/wp-json\/wp\/v2\/media?parent=2842"}],"wp:term":[{"taxonomy":"category","embeddable":true,"href":"https:\/\/www.organisator.ch\/en\/wp-json\/wp\/v2\/categories?post=2842"},{"taxonomy":"post_tag","embeddable":true,"href":"https:\/\/www.organisator.ch\/en\/wp-json\/wp\/v2\/tags?post=2842"}],"curies":[{"name":"wp","href":"https:\/\/api.w.org\/{rel}","templated":true}]}}