{"id":2850,"date":"2020-03-02T11:14:59","date_gmt":"2020-03-02T10:14:59","guid":{"rendered":"https:\/\/www.umweltperspektiven.ch\/?p=2850"},"modified":"2022-02-09T11:10:00","modified_gmt":"2022-02-09T10:10:00","slug":"standaktion-plastikfreier-badener-markt","status":"publish","type":"post","link":"https:\/\/www.organisator.ch\/en\/sustainability\/2020-03-02\/standaktion-plastikfreier-badener-markt\/","title":{"rendered":"Stand action \"Plastic-free Baden market"},"content":{"rendered":"<figure id=\"attachment_2851\" aria-describedby=\"caption-attachment-2851\" style=\"width: 680px\" class=\"wp-caption alignnone\"><img loading=\"lazy\" decoding=\"async\" class=\"size-medium wp-image-2851\" src=\"\/\/www.umweltperspektiven.ch\/wp-content\/uploads\/2020\/03\/09_Untere_Altstadt_Baden.jpg\" alt=\"\" width=\"680\" height=\"453\" srcset=\"https:\/\/www.organisator.ch\/wp-content\/uploads\/2020\/03\/09_Untere_Altstadt_Baden.jpg 2500w, https:\/\/www.organisator.ch\/wp-content\/uploads\/2020\/03\/09_Untere_Altstadt_Baden-680x453.jpg 680w, https:\/\/www.organisator.ch\/wp-content\/uploads\/2020\/03\/09_Untere_Altstadt_Baden-1024x683.jpg 1024w, https:\/\/www.organisator.ch\/wp-content\/uploads\/2020\/03\/09_Untere_Altstadt_Baden-768x512.jpg 768w, https:\/\/www.organisator.ch\/wp-content\/uploads\/2020\/03\/09_Untere_Altstadt_Baden-1536x1024.jpg 1536w, https:\/\/www.organisator.ch\/wp-content\/uploads\/2020\/03\/09_Untere_Altstadt_Baden-2048x1366.jpg 2048w, https:\/\/www.organisator.ch\/wp-content\/uploads\/2020\/03\/09_Untere_Altstadt_Baden-18x12.jpg 18w, https:\/\/www.organisator.ch\/wp-content\/uploads\/2020\/03\/09_Untere_Altstadt_Baden-262x175.jpg 262w, https:\/\/www.organisator.ch\/wp-content\/uploads\/2020\/03\/09_Untere_Altstadt_Baden-525x350.jpg 525w, https:\/\/www.organisator.ch\/wp-content\/uploads\/2020\/03\/09_Untere_Altstadt_Baden-1200x800.jpg 1200w, https:\/\/www.organisator.ch\/wp-content\/uploads\/2020\/03\/09_Untere_Altstadt_Baden-920x613.jpg 920w, https:\/\/www.organisator.ch\/wp-content\/uploads\/2020\/03\/09_Untere_Altstadt_Baden-1400x934.jpg 1400w, https:\/\/www.organisator.ch\/wp-content\/uploads\/2020\/03\/09_Untere_Altstadt_Baden-300x200.jpg 300w\" sizes=\"auto, (max-width: 680px) 100vw, 680px\" \/><figcaption id=\"caption-attachment-2851\" class=\"wp-caption-text\">The \"Plastic-free Baden Market\" project is one of three winners of the Baden Environmental Award 2019. (Image: City of Baden)<\/figcaption><\/figure>\n<p class=\"news-title\"><span style=\"font-size: 16px;\">The \"Plastic-Free Baden Market\" project aims to \"establish a sustainable and functional reusable alternative to plastic bags in the Baden market in the long term,\" as stated in a\u00a0<\/span><a style=\"font-size: 16px;\" href=\"\/\/www.baden.ch\/de\/stadt-behoerde\/medien\/aktuell\/aktuelles.html\/1075\/news\/7916\" target=\"_blank\" rel=\"noopener\">Media release<\/a><span style=\"font-size: 16px;\">\u00a0the\u00a0<\/span><a style=\"font-size: 16px;\" href=\"\/\/www.baden.ch\/\" target=\"_blank\" rel=\"noopener\">City Baden<\/a><span style=\"font-size: 16px;\">\u00a0is called. Currently, the project is still in the development process, in which various approaches are being examined.<\/span><\/p>\n<div class=\"news-content\">\n<p class=\"bodytext\">Part of this process is also the sensitization \"on different levels and thus also with the market visitors\". This is the purpose of an action that will take place on Saturday, March 7, between 8 am and 11:30 am. Visitors to the Baden market will be asked to bring their bags, sacks and pouches, as the most sustainable bag is the one \"you already have\".<\/p>\n<p class=\"bodytext\">At the stand opposite the L\u00f6wenbrunnen in Weiten Gasse, these bags can then be printed with the Marktfrau, the logo of the Baden market.<\/p>\n<\/div>\n<p><strong>Baden Environmental Award 2019<\/strong><\/p>\n<p>The project \"Plastic-free Baden Market\" is one of three winners of the Baden Environmental Award 2019. The aim of the project is to establish a sustainable and functional reusable alternative to plastic bags on the Baden market in the long term. Currently, the project is in the elaboration process, in which various alternatives are being examined. This process also includes raising awareness at various levels and thus also among market visitors. Therefore, we start with the request to bring your own bag for shopping.<\/p>\n<div class=\"news-content\">\n<p><em>The stand action will take place on Saturday, March 7 between 8:00 and 11:30 a.m. opposite the L\u00f6wenbrunnen in Weiten Gasse. At the stand, market visitors can have bags they have brought themselves printed with the market woman, the logo of the Baden market.<\/em><\/p>\n<\/div>","protected":false},"excerpt":{"rendered":"<p>Das Projekt \u201ePlastikfreier Badener Markt\u201c verfolgt das Ziel, \u201elangfristig eine nachhaltige und funktionale Mehrweg-Alternative zu den Plastiks\u00e4cken auf dem Badener Markt zu etablieren\u201c, wie es in einer\u00a0Medienmitteilung\u00a0der\u00a0Stadt Baden\u00a0heisst. Aktuell befindet sich das Projekt noch im Ausarbeitungsprozess, in welchem verschiedene Ans\u00e4tze gepr\u00fcft werden. Teil dieses Prozesses ist auch die Sensibilisierung \u201eauf verschiedenen Ebenen und damit auch [&hellip;]<\/p>\n","protected":false},"author":5,"featured_media":2851,"comment_status":"closed","ping_status":"closed","sticky":false,"template":"","format":"standard","meta":{"_acf_changed":false,"_yoast_wpseo_focuskw":"Plastikfreier Badener Markt","_yoast_wpseo_metadesc":"Das Projekt \u201ePlastikfreier Badener Markt\u201c will in seiner jetzigen Phase auch die Marktbesuchenden f\u00fcr das Plastikproblem sensibilisieren.","articlekey":"","footnotes":""},"categories":[580],"tags":[761,1558,1917,424,2372],"class_list":["post-2850","post","type-post","status-publish","format-standard","has-post-thumbnail","hentry","category-sustainability","tag-baden","tag-konsumverhalten","tag-plastik","tag-schweiz","tag-umweltpreis"],"acf":[],"yoast_head":"<!-- This site is optimized with the Yoast SEO plugin v27.5 - https:\/\/yoast.com\/product\/yoast-seo-wordpress\/ -->\n<title>Standaktion &quot;Plastikfreier Badener Markt&quot; - Organisator<\/title>\n<meta name=\"description\" content=\"Das Projekt \u201ePlastikfreier Badener Markt\u201c will in seiner jetzigen Phase auch die Marktbesuchenden f\u00fcr das Plastikproblem sensibilisieren.\" \/>\n<meta name=\"robots\" content=\"index, follow, max-snippet:-1, max-image-preview:large, max-video-preview:-1\" \/>\n<link rel=\"canonical\" href=\"https:\/\/www.organisator.ch\/en\/sustainability\/2020-03-02\/standaktion-plastikfreier-badener-markt\/\" \/>\n<meta property=\"og:locale\" content=\"en_US\" \/>\n<meta property=\"og:type\" content=\"article\" \/>\n<meta property=\"og:title\" content=\"Standaktion &quot;Plastikfreier Badener Markt&quot; - Organisator\" \/>\n<meta property=\"og:description\" content=\"Das Projekt \u201ePlastikfreier Badener Markt\u201c will in seiner jetzigen Phase auch die Marktbesuchenden f\u00fcr das Plastikproblem sensibilisieren.\" \/>\n<meta property=\"og:url\" content=\"https:\/\/www.organisator.ch\/en\/sustainability\/2020-03-02\/standaktion-plastikfreier-badener-markt\/\" \/>\n<meta property=\"og:site_name\" content=\"Organisator\" \/>\n<meta property=\"article:publisher\" content=\"https:\/\/www.facebook.com\/OrganisatorFachmagazin\" \/>\n<meta property=\"article:published_time\" content=\"2020-03-02T10:14:59+00:00\" \/>\n<meta property=\"article:modified_time\" content=\"2022-02-09T10:10:00+00:00\" \/>\n<meta property=\"og:image\" content=\"https:\/\/www.organisator.ch\/wp-content\/uploads\/2020\/03\/09_Untere_Altstadt_Baden-1024x683.jpg\" \/>\n\t<meta property=\"og:image:width\" content=\"1024\" \/>\n\t<meta property=\"og:image:height\" content=\"683\" \/>\n\t<meta property=\"og:image:type\" content=\"image\/jpeg\" \/>\n<meta name=\"author\" content=\"michael.merz\" \/>\n<meta name=\"twitter:card\" content=\"summary_large_image\" \/>\n<script type=\"application\/ld+json\" class=\"yoast-schema-graph\">{\"@context\":\"https:\\\/\\\/schema.org\",\"@graph\":[{\"@type\":\"Article\",\"@id\":\"https:\\\/\\\/www.organisator.ch\\\/sustainability\\\/2020-03-02\\\/standaktion-plastikfreier-badener-markt\\\/#article\",\"isPartOf\":{\"@id\":\"https:\\\/\\\/www.organisator.ch\\\/sustainability\\\/2020-03-02\\\/standaktion-plastikfreier-badener-markt\\\/\"},\"author\":{\"name\":\"michael.merz\",\"@id\":\"https:\\\/\\\/www.organisator.ch\\\/#\\\/schema\\\/person\\\/134708ca9321c57b0362cceb7948ffbd\"},\"headline\":\"Standaktion &#8222;Plastikfreier Badener Markt&#8220;\",\"datePublished\":\"2020-03-02T10:14:59+00:00\",\"dateModified\":\"2022-02-09T10:10:00+00:00\",\"mainEntityOfPage\":{\"@id\":\"https:\\\/\\\/www.organisator.ch\\\/sustainability\\\/2020-03-02\\\/standaktion-plastikfreier-badener-markt\\\/\"},\"wordCount\":280,\"publisher\":{\"@id\":\"https:\\\/\\\/www.organisator.ch\\\/#organization\"},\"image\":{\"@id\":\"https:\\\/\\\/www.organisator.ch\\\/sustainability\\\/2020-03-02\\\/standaktion-plastikfreier-badener-markt\\\/#primaryimage\"},\"thumbnailUrl\":\"https:\\\/\\\/www.organisator.ch\\\/wp-content\\\/uploads\\\/2020\\\/03\\\/09_Untere_Altstadt_Baden.jpg\",\"keywords\":[\"Baden\",\"Konsumverhalten\",\"Plastik\",\"Schweiz\",\"Umweltpreis\"],\"articleSection\":[\"SUSTAINABILITY\"],\"inLanguage\":\"en-US\"},{\"@type\":\"WebPage\",\"@id\":\"https:\\\/\\\/www.organisator.ch\\\/sustainability\\\/2020-03-02\\\/standaktion-plastikfreier-badener-markt\\\/\",\"url\":\"https:\\\/\\\/www.organisator.ch\\\/sustainability\\\/2020-03-02\\\/standaktion-plastikfreier-badener-markt\\\/\",\"name\":\"Standaktion \\\"Plastikfreier Badener Markt\\\" - Organisator\",\"isPartOf\":{\"@id\":\"https:\\\/\\\/www.organisator.ch\\\/#website\"},\"primaryImageOfPage\":{\"@id\":\"https:\\\/\\\/www.organisator.ch\\\/sustainability\\\/2020-03-02\\\/standaktion-plastikfreier-badener-markt\\\/#primaryimage\"},\"image\":{\"@id\":\"https:\\\/\\\/www.organisator.ch\\\/sustainability\\\/2020-03-02\\\/standaktion-plastikfreier-badener-markt\\\/#primaryimage\"},\"thumbnailUrl\":\"https:\\\/\\\/www.organisator.ch\\\/wp-content\\\/uploads\\\/2020\\\/03\\\/09_Untere_Altstadt_Baden.jpg\",\"datePublished\":\"2020-03-02T10:14:59+00:00\",\"dateModified\":\"2022-02-09T10:10:00+00:00\",\"description\":\"Das Projekt \u201ePlastikfreier Badener Markt\u201c will in seiner jetzigen Phase auch die Marktbesuchenden f\u00fcr das Plastikproblem sensibilisieren.\",\"breadcrumb\":{\"@id\":\"https:\\\/\\\/www.organisator.ch\\\/sustainability\\\/2020-03-02\\\/standaktion-plastikfreier-badener-markt\\\/#breadcrumb\"},\"inLanguage\":\"en-US\",\"potentialAction\":[{\"@type\":\"ReadAction\",\"target\":[\"https:\\\/\\\/www.organisator.ch\\\/sustainability\\\/2020-03-02\\\/standaktion-plastikfreier-badener-markt\\\/\"]}]},{\"@type\":\"ImageObject\",\"inLanguage\":\"en-US\",\"@id\":\"https:\\\/\\\/www.organisator.ch\\\/sustainability\\\/2020-03-02\\\/standaktion-plastikfreier-badener-markt\\\/#primaryimage\",\"url\":\"https:\\\/\\\/www.organisator.ch\\\/wp-content\\\/uploads\\\/2020\\\/03\\\/09_Untere_Altstadt_Baden.jpg\",\"contentUrl\":\"https:\\\/\\\/www.organisator.ch\\\/wp-content\\\/uploads\\\/2020\\\/03\\\/09_Untere_Altstadt_Baden.jpg\",\"width\":2500,\"height\":1667,\"caption\":\"Das Projekt \\\"Plastikfreier Badener Markt\\\" ist eines von drei Preistr\u00e4gern des Badener Umweltpreises 2019. (Bild: Stadt Baden)\"},{\"@type\":\"BreadcrumbList\",\"@id\":\"https:\\\/\\\/www.organisator.ch\\\/sustainability\\\/2020-03-02\\\/standaktion-plastikfreier-badener-markt\\\/#breadcrumb\",\"itemListElement\":[{\"@type\":\"ListItem\",\"position\":1,\"name\":\"Home\",\"item\":\"https:\\\/\\\/www.organisator.ch\\\/\"},{\"@type\":\"ListItem\",\"position\":2,\"name\":\"Standaktion &#8222;Plastikfreier Badener Markt&#8220;\"}]},{\"@type\":\"WebSite\",\"@id\":\"https:\\\/\\\/www.organisator.ch\\\/#website\",\"url\":\"https:\\\/\\\/www.organisator.ch\\\/\",\"name\":\"Organisator\",\"description\":\"Kompetent. Praxisnah. Der ORGANISATOR bereitet in 10 Ausgaben pro Jahr die wesentlichen Themen f\u00fcr F\u00fchrungskr\u00e4fte von KMU auf.\",\"publisher\":{\"@id\":\"https:\\\/\\\/www.organisator.ch\\\/#organization\"},\"potentialAction\":[{\"@type\":\"SearchAction\",\"target\":{\"@type\":\"EntryPoint\",\"urlTemplate\":\"https:\\\/\\\/www.organisator.ch\\\/?s={search_term_string}\"},\"query-input\":{\"@type\":\"PropertyValueSpecification\",\"valueRequired\":true,\"valueName\":\"search_term_string\"}}],\"inLanguage\":\"en-US\"},{\"@type\":\"Organization\",\"@id\":\"https:\\\/\\\/www.organisator.ch\\\/#organization\",\"name\":\"Organisator\",\"url\":\"https:\\\/\\\/www.organisator.ch\\\/\",\"logo\":{\"@type\":\"ImageObject\",\"inLanguage\":\"en-US\",\"@id\":\"https:\\\/\\\/www.organisator.ch\\\/#\\\/schema\\\/logo\\\/image\\\/\",\"url\":\"https:\\\/\\\/www.organisator.ch\\\/wp-content\\\/uploads\\\/2022\\\/01\\\/Logo_Organisator_Website.png\",\"contentUrl\":\"https:\\\/\\\/www.organisator.ch\\\/wp-content\\\/uploads\\\/2022\\\/01\\\/Logo_Organisator_Website.png\",\"width\":800,\"height\":77,\"caption\":\"Organisator\"},\"image\":{\"@id\":\"https:\\\/\\\/www.organisator.ch\\\/#\\\/schema\\\/logo\\\/image\\\/\"},\"sameAs\":[\"https:\\\/\\\/www.facebook.com\\\/OrganisatorFachmagazin\",\"https:\\\/\\\/www.linkedin.com\\\/showcase\\\/organisator-das-magazin-fr-kmu\",\"https:\\\/\\\/www.xing.com\\\/news\\\/pages\\\/organisator-ch-695\",\"https:\\\/\\\/www.youtube.com\\\/channel\\\/UCGP2Sq0iWaZwT3BdIAQFYpw\"]},{\"@type\":\"Person\",\"@id\":\"https:\\\/\\\/www.organisator.ch\\\/#\\\/schema\\\/person\\\/134708ca9321c57b0362cceb7948ffbd\",\"name\":\"michael.merz\",\"image\":{\"@type\":\"ImageObject\",\"inLanguage\":\"en-US\",\"@id\":\"https:\\\/\\\/secure.gravatar.com\\\/avatar\\\/?s=96&d=mm&r=g\",\"url\":\"https:\\\/\\\/secure.gravatar.com\\\/avatar\\\/?s=96&d=mm&r=g\",\"contentUrl\":\"https:\\\/\\\/secure.gravatar.com\\\/avatar\\\/?s=96&d=mm&r=g\",\"caption\":\"michael.merz\"},\"url\":\"https:\\\/\\\/www.organisator.ch\\\/en\\\/author\\\/michael-merz\\\/\"}]}<\/script>\n<!-- \/ Yoast SEO plugin. -->","yoast_head_json":{"title":"Stand action \"Plastic-free Baden market\" - Organizer","description":"In its current phase, the \"Plastic-free Baden Market\" project also aims to raise awareness of the plastic problem among market visitors.","robots":{"index":"index","follow":"follow","max-snippet":"max-snippet:-1","max-image-preview":"max-image-preview:large","max-video-preview":"max-video-preview:-1"},"canonical":"https:\/\/www.organisator.ch\/en\/sustainability\/2020-03-02\/standaktion-plastikfreier-badener-markt\/","og_locale":"en_US","og_type":"article","og_title":"Standaktion \"Plastikfreier Badener Markt\" - Organisator","og_description":"Das Projekt \u201ePlastikfreier Badener Markt\u201c will in seiner jetzigen Phase auch die Marktbesuchenden f\u00fcr das Plastikproblem sensibilisieren.","og_url":"https:\/\/www.organisator.ch\/en\/sustainability\/2020-03-02\/standaktion-plastikfreier-badener-markt\/","og_site_name":"Organisator","article_publisher":"https:\/\/www.facebook.com\/OrganisatorFachmagazin","article_published_time":"2020-03-02T10:14:59+00:00","article_modified_time":"2022-02-09T10:10:00+00:00","og_image":[{"width":1024,"height":683,"url":"https:\/\/www.organisator.ch\/wp-content\/uploads\/2020\/03\/09_Untere_Altstadt_Baden-1024x683.jpg","type":"image\/jpeg"}],"author":"michael.merz","twitter_card":"summary_large_image","schema":{"@context":"https:\/\/schema.org","@graph":[{"@type":"Article","@id":"https:\/\/www.organisator.ch\/sustainability\/2020-03-02\/standaktion-plastikfreier-badener-markt\/#article","isPartOf":{"@id":"https:\/\/www.organisator.ch\/sustainability\/2020-03-02\/standaktion-plastikfreier-badener-markt\/"},"author":{"name":"michael.merz","@id":"https:\/\/www.organisator.ch\/#\/schema\/person\/134708ca9321c57b0362cceb7948ffbd"},"headline":"Standaktion &#8222;Plastikfreier Badener Markt&#8220;","datePublished":"2020-03-02T10:14:59+00:00","dateModified":"2022-02-09T10:10:00+00:00","mainEntityOfPage":{"@id":"https:\/\/www.organisator.ch\/sustainability\/2020-03-02\/standaktion-plastikfreier-badener-markt\/"},"wordCount":280,"publisher":{"@id":"https:\/\/www.organisator.ch\/#organization"},"image":{"@id":"https:\/\/www.organisator.ch\/sustainability\/2020-03-02\/standaktion-plastikfreier-badener-markt\/#primaryimage"},"thumbnailUrl":"https:\/\/www.organisator.ch\/wp-content\/uploads\/2020\/03\/09_Untere_Altstadt_Baden.jpg","keywords":["Baden","Konsumverhalten","Plastik","Schweiz","Umweltpreis"],"articleSection":["SUSTAINABILITY"],"inLanguage":"en-US"},{"@type":"WebPage","@id":"https:\/\/www.organisator.ch\/sustainability\/2020-03-02\/standaktion-plastikfreier-badener-markt\/","url":"https:\/\/www.organisator.ch\/sustainability\/2020-03-02\/standaktion-plastikfreier-badener-markt\/","name":"Stand action \"Plastic-free Baden market\" - Organizer","isPartOf":{"@id":"https:\/\/www.organisator.ch\/#website"},"primaryImageOfPage":{"@id":"https:\/\/www.organisator.ch\/sustainability\/2020-03-02\/standaktion-plastikfreier-badener-markt\/#primaryimage"},"image":{"@id":"https:\/\/www.organisator.ch\/sustainability\/2020-03-02\/standaktion-plastikfreier-badener-markt\/#primaryimage"},"thumbnailUrl":"https:\/\/www.organisator.ch\/wp-content\/uploads\/2020\/03\/09_Untere_Altstadt_Baden.jpg","datePublished":"2020-03-02T10:14:59+00:00","dateModified":"2022-02-09T10:10:00+00:00","description":"In its current phase, the \"Plastic-free Baden Market\" project also aims to raise awareness of the plastic problem among market visitors.","breadcrumb":{"@id":"https:\/\/www.organisator.ch\/sustainability\/2020-03-02\/standaktion-plastikfreier-badener-markt\/#breadcrumb"},"inLanguage":"en-US","potentialAction":[{"@type":"ReadAction","target":["https:\/\/www.organisator.ch\/sustainability\/2020-03-02\/standaktion-plastikfreier-badener-markt\/"]}]},{"@type":"ImageObject","inLanguage":"en-US","@id":"https:\/\/www.organisator.ch\/sustainability\/2020-03-02\/standaktion-plastikfreier-badener-markt\/#primaryimage","url":"https:\/\/www.organisator.ch\/wp-content\/uploads\/2020\/03\/09_Untere_Altstadt_Baden.jpg","contentUrl":"https:\/\/www.organisator.ch\/wp-content\/uploads\/2020\/03\/09_Untere_Altstadt_Baden.jpg","width":2500,"height":1667,"caption":"Das Projekt \"Plastikfreier Badener Markt\" ist eines von drei Preistr\u00e4gern des Badener Umweltpreises 2019. (Bild: Stadt Baden)"},{"@type":"BreadcrumbList","@id":"https:\/\/www.organisator.ch\/sustainability\/2020-03-02\/standaktion-plastikfreier-badener-markt\/#breadcrumb","itemListElement":[{"@type":"ListItem","position":1,"name":"Home","item":"https:\/\/www.organisator.ch\/"},{"@type":"ListItem","position":2,"name":"Standaktion &#8222;Plastikfreier Badener Markt&#8220;"}]},{"@type":"WebSite","@id":"https:\/\/www.organisator.ch\/#website","url":"https:\/\/www.organisator.ch\/","name":"Organizer","description":"Competent. Practical. In 10 issues per year, ORGANISATOR presents the essential topics for managers of SMEs.","publisher":{"@id":"https:\/\/www.organisator.ch\/#organization"},"potentialAction":[{"@type":"SearchAction","target":{"@type":"EntryPoint","urlTemplate":"https:\/\/www.organisator.ch\/?s={search_term_string}"},"query-input":{"@type":"PropertyValueSpecification","valueRequired":true,"valueName":"search_term_string"}}],"inLanguage":"en-US"},{"@type":"Organization","@id":"https:\/\/www.organisator.ch\/#organization","name":"Organizer","url":"https:\/\/www.organisator.ch\/","logo":{"@type":"ImageObject","inLanguage":"en-US","@id":"https:\/\/www.organisator.ch\/#\/schema\/logo\/image\/","url":"https:\/\/www.organisator.ch\/wp-content\/uploads\/2022\/01\/Logo_Organisator_Website.png","contentUrl":"https:\/\/www.organisator.ch\/wp-content\/uploads\/2022\/01\/Logo_Organisator_Website.png","width":800,"height":77,"caption":"Organisator"},"image":{"@id":"https:\/\/www.organisator.ch\/#\/schema\/logo\/image\/"},"sameAs":["https:\/\/www.facebook.com\/OrganisatorFachmagazin","https:\/\/www.linkedin.com\/showcase\/organisator-das-magazin-fr-kmu","https:\/\/www.xing.com\/news\/pages\/organisator-ch-695","https:\/\/www.youtube.com\/channel\/UCGP2Sq0iWaZwT3BdIAQFYpw"]},{"@type":"Person","@id":"https:\/\/www.organisator.ch\/#\/schema\/person\/134708ca9321c57b0362cceb7948ffbd","name":"michael.merz","image":{"@type":"ImageObject","inLanguage":"en-US","@id":"https:\/\/secure.gravatar.com\/avatar\/?s=96&d=mm&r=g","url":"https:\/\/secure.gravatar.com\/avatar\/?s=96&d=mm&r=g","contentUrl":"https:\/\/secure.gravatar.com\/avatar\/?s=96&d=mm&r=g","caption":"michael.merz"},"url":"https:\/\/www.organisator.ch\/en\/author\/michael-merz\/"}]}},"_links":{"self":[{"href":"https:\/\/www.organisator.ch\/en\/wp-json\/wp\/v2\/posts\/2850","targetHints":{"allow":["GET"]}}],"collection":[{"href":"https:\/\/www.organisator.ch\/en\/wp-json\/wp\/v2\/posts"}],"about":[{"href":"https:\/\/www.organisator.ch\/en\/wp-json\/wp\/v2\/types\/post"}],"author":[{"embeddable":true,"href":"https:\/\/www.organisator.ch\/en\/wp-json\/wp\/v2\/users\/5"}],"replies":[{"embeddable":true,"href":"https:\/\/www.organisator.ch\/en\/wp-json\/wp\/v2\/comments?post=2850"}],"version-history":[{"count":1,"href":"https:\/\/www.organisator.ch\/en\/wp-json\/wp\/v2\/posts\/2850\/revisions"}],"predecessor-version":[{"id":10848,"href":"https:\/\/www.organisator.ch\/en\/wp-json\/wp\/v2\/posts\/2850\/revisions\/10848"}],"wp:featuredmedia":[{"embeddable":true,"href":"https:\/\/www.organisator.ch\/en\/wp-json\/wp\/v2\/media\/2851"}],"wp:attachment":[{"href":"https:\/\/www.organisator.ch\/en\/wp-json\/wp\/v2\/media?parent=2850"}],"wp:term":[{"taxonomy":"category","embeddable":true,"href":"https:\/\/www.organisator.ch\/en\/wp-json\/wp\/v2\/categories?post=2850"},{"taxonomy":"post_tag","embeddable":true,"href":"https:\/\/www.organisator.ch\/en\/wp-json\/wp\/v2\/tags?post=2850"}],"curies":[{"name":"wp","href":"https:\/\/api.w.org\/{rel}","templated":true}]}}