{"id":28517,"date":"2024-07-25T07:18:15","date_gmt":"2024-07-25T05:18:15","guid":{"rendered":"https:\/\/www.m-q.ch\/?p=20136"},"modified":"2024-11-10T03:33:48","modified_gmt":"2024-11-10T02:33:48","slug":"babtec-eroeffnet-weiteren-entwicklungsstandort","status":"publish","type":"post","link":"https:\/\/www.organisator.ch\/en\/operational-excellence\/2024-07-25\/babtec-eroeffnet-weiteren-entwicklungsstandort\/","title":{"rendered":"Babtec opens another development site"},"content":{"rendered":"<figure id=\"attachment_20137\" class=\"wp-caption alignnone\" style=\"width: 680px\" aria-describedby=\"caption-attachment-20137\"><img class=\"alignnone wp-image-20137 size-full\" src=\"https:\/\/www.m-q.ch\/wp-content\/uploads\/2024\/07\/Babtec_Bild1_ps.jpg\" alt=\"Babtec Friedrichshafen 2024\" width=\"680\" height=\"468\" \/>\r\n<figcaption id=\"caption-attachment-20137\" class=\"wp-caption-text\">New Babtec location in Friedrichshafen. (www.babtec.de)<\/figcaption>\r\n<\/figure>\r\n<p>The employees at Babtec's Friedrichshafen site are primarily involved in the further development of software solutions that support companies in meeting the requirements of integrated management systems and quality management. The Wuppertal-based company has been able to recruit an experienced and well-coordinated team in the city on Lake Constance. Roman Malytskyy, Head of Software Development, is delighted with the new addition: \"We have many exciting, but also challenging tasks ahead of us in the further development of our software - it is great for the entire team to receive competent support.\"<\/p>\r\n<p>Friedrichshafen is Babtec's sixth German location out of a total of nine offices in Europe. The company also has rooms available there for direct exchange with local companies. In addition, Babtec wants to offer specialists from the region new career prospects in the IT sector. Founded in 1994 in Solingen, the software manufacturer has committed itself to Germany as a business location and its efficiency with the establishment of the new Friedrichshafen office, which is also reflected in the international demand for its products and services: Companies from 34 countries now use software solutions from Babtec to optimize their quality.<\/p>\r\n<p><em>Source: <a href=\"http:\/\/www.babtec.de\/\">www.babtec.de<\/a><\/em><\/p>\n<p class=\"syndicated-attribution\">This article originally appeared on m-q.ch - <a href=\"https:\/\/www.m-q.ch\/de\/babtec-eroeffnet-weiteren-entwicklungsstandort\/\" target=\"_blank\">https:\/\/www.m-q.ch\/de\/babtec-eroeffnet-weiteren-entwicklungsstandort\/<\/a><\/p>","protected":false},"excerpt":{"rendered":"<p>The Wuppertal-based software manufacturer Babtec is strengthening its development department with a new location in Friedrichshafen: an experienced team of developers from Lake Constance is supporting the existing software development teams in Wuppertal and Palma on Mallorca.<\/p>","protected":false},"author":58,"featured_media":0,"comment_status":"closed","ping_status":"closed","sticky":false,"template":"","format":"standard","meta":{"_acf_changed":false,"_yoast_wpseo_focuskw":"Babtec Friedrichshafen 2024","_yoast_wpseo_metadesc":"Babtec er\u00f6ffnet neuen Standort in Friedrichshafen zur Weiterentwicklung von Softwarel\u00f6sungen und bietet regionale IT-Perspektiven.","articlekey":"","footnotes":""},"categories":[582],"tags":[4126,605,4320,2193],"class_list":["post-28517","post","type-post","status-publish","format-standard","hentry","category-operational-excellence","tag-entwicklung","tag-qualitaetsmanagement","tag-softwarehersteller","tag-standort"],"acf":[],"yoast_head":"<!-- This site is optimized with the Yoast SEO plugin v27.4 - https:\/\/yoast.com\/product\/yoast-seo-wordpress\/ -->\n<title>Babtec er\u00f6ffnet weiteren Entwicklungsstandort - Organisator<\/title>\n<meta name=\"description\" content=\"Babtec er\u00f6ffnet neuen Standort in Friedrichshafen zur Weiterentwicklung von Softwarel\u00f6sungen und bietet regionale IT-Perspektiven.\" \/>\n<meta name=\"robots\" content=\"index, follow, max-snippet:-1, max-image-preview:large, max-video-preview:-1\" \/>\n<link rel=\"canonical\" href=\"https:\/\/www.organisator.ch\/en\/operational-excellence\/2024-07-25\/babtec-eroeffnet-weiteren-entwicklungsstandort\/\" \/>\n<meta property=\"og:locale\" content=\"en_US\" \/>\n<meta property=\"og:type\" content=\"article\" \/>\n<meta property=\"og:title\" content=\"Babtec er\u00f6ffnet weiteren Entwicklungsstandort - Organisator\" \/>\n<meta property=\"og:description\" content=\"Babtec er\u00f6ffnet neuen Standort in Friedrichshafen zur Weiterentwicklung von Softwarel\u00f6sungen und bietet regionale IT-Perspektiven.\" \/>\n<meta property=\"og:url\" content=\"https:\/\/www.organisator.ch\/en\/operational-excellence\/2024-07-25\/babtec-eroeffnet-weiteren-entwicklungsstandort\/\" \/>\n<meta property=\"og:site_name\" content=\"Organisator\" \/>\n<meta property=\"article:publisher\" content=\"https:\/\/www.facebook.com\/OrganisatorFachmagazin\" \/>\n<meta property=\"article:published_time\" content=\"2024-07-25T05:18:15+00:00\" \/>\n<meta property=\"article:modified_time\" content=\"2024-11-10T02:33:48+00:00\" \/>\n<meta property=\"og:image\" content=\"https:\/\/www.m-q.ch\/wp-content\/uploads\/2024\/07\/Babtec_Bild1_ps.jpg\" \/>\n<meta name=\"author\" content=\"Adelisa Kalajdzini\" \/>\n<meta name=\"twitter:card\" content=\"summary_large_image\" \/>\n<script type=\"application\/ld+json\" class=\"yoast-schema-graph\">{\"@context\":\"https:\\\/\\\/schema.org\",\"@graph\":[{\"@type\":\"Article\",\"@id\":\"https:\\\/\\\/www.organisator.ch\\\/operational-excellence\\\/2024-07-25\\\/babtec-eroeffnet-weiteren-entwicklungsstandort\\\/#article\",\"isPartOf\":{\"@id\":\"https:\\\/\\\/www.organisator.ch\\\/operational-excellence\\\/2024-07-25\\\/babtec-eroeffnet-weiteren-entwicklungsstandort\\\/\"},\"author\":{\"name\":\"Adelisa Kalajdzini\",\"@id\":\"https:\\\/\\\/www.organisator.ch\\\/#\\\/schema\\\/person\\\/2e1314a2172123f874db408d8911d3f3\"},\"headline\":\"Babtec er\u00f6ffnet weiteren Entwicklungsstandort\",\"datePublished\":\"2024-07-25T05:18:15+00:00\",\"dateModified\":\"2024-11-10T02:33:48+00:00\",\"mainEntityOfPage\":{\"@id\":\"https:\\\/\\\/www.organisator.ch\\\/operational-excellence\\\/2024-07-25\\\/babtec-eroeffnet-weiteren-entwicklungsstandort\\\/\"},\"wordCount\":210,\"publisher\":{\"@id\":\"https:\\\/\\\/www.organisator.ch\\\/#organization\"},\"image\":{\"@id\":\"https:\\\/\\\/www.organisator.ch\\\/operational-excellence\\\/2024-07-25\\\/babtec-eroeffnet-weiteren-entwicklungsstandort\\\/#primaryimage\"},\"thumbnailUrl\":\"https:\\\/\\\/www.m-q.ch\\\/wp-content\\\/uploads\\\/2024\\\/07\\\/Babtec_Bild1_ps.jpg\",\"keywords\":[\"Entwicklung\",\"Qualit\u00e4tsmanagement\",\"Softwarehersteller\",\"Standort\"],\"articleSection\":[\"OPERATIONAL EXCELLENCE\"],\"inLanguage\":\"en-US\"},{\"@type\":\"WebPage\",\"@id\":\"https:\\\/\\\/www.organisator.ch\\\/operational-excellence\\\/2024-07-25\\\/babtec-eroeffnet-weiteren-entwicklungsstandort\\\/\",\"url\":\"https:\\\/\\\/www.organisator.ch\\\/operational-excellence\\\/2024-07-25\\\/babtec-eroeffnet-weiteren-entwicklungsstandort\\\/\",\"name\":\"Babtec er\u00f6ffnet weiteren Entwicklungsstandort - Organisator\",\"isPartOf\":{\"@id\":\"https:\\\/\\\/www.organisator.ch\\\/#website\"},\"primaryImageOfPage\":{\"@id\":\"https:\\\/\\\/www.organisator.ch\\\/operational-excellence\\\/2024-07-25\\\/babtec-eroeffnet-weiteren-entwicklungsstandort\\\/#primaryimage\"},\"image\":{\"@id\":\"https:\\\/\\\/www.organisator.ch\\\/operational-excellence\\\/2024-07-25\\\/babtec-eroeffnet-weiteren-entwicklungsstandort\\\/#primaryimage\"},\"thumbnailUrl\":\"https:\\\/\\\/www.m-q.ch\\\/wp-content\\\/uploads\\\/2024\\\/07\\\/Babtec_Bild1_ps.jpg\",\"datePublished\":\"2024-07-25T05:18:15+00:00\",\"dateModified\":\"2024-11-10T02:33:48+00:00\",\"description\":\"Babtec er\u00f6ffnet neuen Standort in Friedrichshafen zur Weiterentwicklung von Softwarel\u00f6sungen und bietet regionale IT-Perspektiven.\",\"breadcrumb\":{\"@id\":\"https:\\\/\\\/www.organisator.ch\\\/operational-excellence\\\/2024-07-25\\\/babtec-eroeffnet-weiteren-entwicklungsstandort\\\/#breadcrumb\"},\"inLanguage\":\"en-US\",\"potentialAction\":[{\"@type\":\"ReadAction\",\"target\":[\"https:\\\/\\\/www.organisator.ch\\\/operational-excellence\\\/2024-07-25\\\/babtec-eroeffnet-weiteren-entwicklungsstandort\\\/\"]}]},{\"@type\":\"ImageObject\",\"inLanguage\":\"en-US\",\"@id\":\"https:\\\/\\\/www.organisator.ch\\\/operational-excellence\\\/2024-07-25\\\/babtec-eroeffnet-weiteren-entwicklungsstandort\\\/#primaryimage\",\"url\":\"https:\\\/\\\/www.m-q.ch\\\/wp-content\\\/uploads\\\/2024\\\/07\\\/Babtec_Bild1_ps.jpg\",\"contentUrl\":\"https:\\\/\\\/www.m-q.ch\\\/wp-content\\\/uploads\\\/2024\\\/07\\\/Babtec_Bild1_ps.jpg\"},{\"@type\":\"BreadcrumbList\",\"@id\":\"https:\\\/\\\/www.organisator.ch\\\/operational-excellence\\\/2024-07-25\\\/babtec-eroeffnet-weiteren-entwicklungsstandort\\\/#breadcrumb\",\"itemListElement\":[{\"@type\":\"ListItem\",\"position\":1,\"name\":\"Home\",\"item\":\"https:\\\/\\\/www.organisator.ch\\\/\"},{\"@type\":\"ListItem\",\"position\":2,\"name\":\"Babtec er\u00f6ffnet weiteren Entwicklungsstandort\"}]},{\"@type\":\"WebSite\",\"@id\":\"https:\\\/\\\/www.organisator.ch\\\/#website\",\"url\":\"https:\\\/\\\/www.organisator.ch\\\/\",\"name\":\"Organisator\",\"description\":\"Kompetent. Praxisnah. Der ORGANISATOR bereitet in 10 Ausgaben pro Jahr die wesentlichen Themen f\u00fcr F\u00fchrungskr\u00e4fte von KMU auf.\",\"publisher\":{\"@id\":\"https:\\\/\\\/www.organisator.ch\\\/#organization\"},\"potentialAction\":[{\"@type\":\"SearchAction\",\"target\":{\"@type\":\"EntryPoint\",\"urlTemplate\":\"https:\\\/\\\/www.organisator.ch\\\/?s={search_term_string}\"},\"query-input\":{\"@type\":\"PropertyValueSpecification\",\"valueRequired\":true,\"valueName\":\"search_term_string\"}}],\"inLanguage\":\"en-US\"},{\"@type\":\"Organization\",\"@id\":\"https:\\\/\\\/www.organisator.ch\\\/#organization\",\"name\":\"Organisator\",\"url\":\"https:\\\/\\\/www.organisator.ch\\\/\",\"logo\":{\"@type\":\"ImageObject\",\"inLanguage\":\"en-US\",\"@id\":\"https:\\\/\\\/www.organisator.ch\\\/#\\\/schema\\\/logo\\\/image\\\/\",\"url\":\"https:\\\/\\\/www.organisator.ch\\\/wp-content\\\/uploads\\\/2022\\\/01\\\/Logo_Organisator_Website.png\",\"contentUrl\":\"https:\\\/\\\/www.organisator.ch\\\/wp-content\\\/uploads\\\/2022\\\/01\\\/Logo_Organisator_Website.png\",\"width\":800,\"height\":77,\"caption\":\"Organisator\"},\"image\":{\"@id\":\"https:\\\/\\\/www.organisator.ch\\\/#\\\/schema\\\/logo\\\/image\\\/\"},\"sameAs\":[\"https:\\\/\\\/www.facebook.com\\\/OrganisatorFachmagazin\",\"https:\\\/\\\/www.linkedin.com\\\/showcase\\\/organisator-das-magazin-fr-kmu\",\"https:\\\/\\\/www.xing.com\\\/news\\\/pages\\\/organisator-ch-695\",\"https:\\\/\\\/www.youtube.com\\\/channel\\\/UCGP2Sq0iWaZwT3BdIAQFYpw\"]},{\"@type\":\"Person\",\"@id\":\"https:\\\/\\\/www.organisator.ch\\\/#\\\/schema\\\/person\\\/2e1314a2172123f874db408d8911d3f3\",\"name\":\"Adelisa Kalajdzini\",\"image\":{\"@type\":\"ImageObject\",\"inLanguage\":\"en-US\",\"@id\":\"https:\\\/\\\/secure.gravatar.com\\\/avatar\\\/09a397c22ac58cad6f160ee8306348599df9df58a8ede73696226897b9fa4b24?s=96&d=mm&r=g\",\"url\":\"https:\\\/\\\/secure.gravatar.com\\\/avatar\\\/09a397c22ac58cad6f160ee8306348599df9df58a8ede73696226897b9fa4b24?s=96&d=mm&r=g\",\"contentUrl\":\"https:\\\/\\\/secure.gravatar.com\\\/avatar\\\/09a397c22ac58cad6f160ee8306348599df9df58a8ede73696226897b9fa4b24?s=96&d=mm&r=g\",\"caption\":\"Adelisa Kalajdzini\"},\"url\":\"https:\\\/\\\/www.organisator.ch\\\/en\\\/author\\\/adelisa-kalajdzini\\\/\"}]}<\/script>\n<!-- \/ Yoast SEO plugin. -->","yoast_head_json":{"title":"Babtec opens another development site - Organizer","description":"Babtec opens new location in Friedrichshafen for the further development of software solutions and offers regional IT perspectives.","robots":{"index":"index","follow":"follow","max-snippet":"max-snippet:-1","max-image-preview":"max-image-preview:large","max-video-preview":"max-video-preview:-1"},"canonical":"https:\/\/www.organisator.ch\/en\/operational-excellence\/2024-07-25\/babtec-eroeffnet-weiteren-entwicklungsstandort\/","og_locale":"en_US","og_type":"article","og_title":"Babtec er\u00f6ffnet weiteren Entwicklungsstandort - Organisator","og_description":"Babtec er\u00f6ffnet neuen Standort in Friedrichshafen zur Weiterentwicklung von Softwarel\u00f6sungen und bietet regionale IT-Perspektiven.","og_url":"https:\/\/www.organisator.ch\/en\/operational-excellence\/2024-07-25\/babtec-eroeffnet-weiteren-entwicklungsstandort\/","og_site_name":"Organisator","article_publisher":"https:\/\/www.facebook.com\/OrganisatorFachmagazin","article_published_time":"2024-07-25T05:18:15+00:00","article_modified_time":"2024-11-10T02:33:48+00:00","og_image":[{"url":"https:\/\/www.m-q.ch\/wp-content\/uploads\/2024\/07\/Babtec_Bild1_ps.jpg","type":"","width":"","height":""}],"author":"Adelisa Kalajdzini","twitter_card":"summary_large_image","schema":{"@context":"https:\/\/schema.org","@graph":[{"@type":"Article","@id":"https:\/\/www.organisator.ch\/operational-excellence\/2024-07-25\/babtec-eroeffnet-weiteren-entwicklungsstandort\/#article","isPartOf":{"@id":"https:\/\/www.organisator.ch\/operational-excellence\/2024-07-25\/babtec-eroeffnet-weiteren-entwicklungsstandort\/"},"author":{"name":"Adelisa Kalajdzini","@id":"https:\/\/www.organisator.ch\/#\/schema\/person\/2e1314a2172123f874db408d8911d3f3"},"headline":"Babtec er\u00f6ffnet weiteren Entwicklungsstandort","datePublished":"2024-07-25T05:18:15+00:00","dateModified":"2024-11-10T02:33:48+00:00","mainEntityOfPage":{"@id":"https:\/\/www.organisator.ch\/operational-excellence\/2024-07-25\/babtec-eroeffnet-weiteren-entwicklungsstandort\/"},"wordCount":210,"publisher":{"@id":"https:\/\/www.organisator.ch\/#organization"},"image":{"@id":"https:\/\/www.organisator.ch\/operational-excellence\/2024-07-25\/babtec-eroeffnet-weiteren-entwicklungsstandort\/#primaryimage"},"thumbnailUrl":"https:\/\/www.m-q.ch\/wp-content\/uploads\/2024\/07\/Babtec_Bild1_ps.jpg","keywords":["Entwicklung","Qualit\u00e4tsmanagement","Softwarehersteller","Standort"],"articleSection":["OPERATIONAL EXCELLENCE"],"inLanguage":"en-US"},{"@type":"WebPage","@id":"https:\/\/www.organisator.ch\/operational-excellence\/2024-07-25\/babtec-eroeffnet-weiteren-entwicklungsstandort\/","url":"https:\/\/www.organisator.ch\/operational-excellence\/2024-07-25\/babtec-eroeffnet-weiteren-entwicklungsstandort\/","name":"Babtec opens another development site - Organizer","isPartOf":{"@id":"https:\/\/www.organisator.ch\/#website"},"primaryImageOfPage":{"@id":"https:\/\/www.organisator.ch\/operational-excellence\/2024-07-25\/babtec-eroeffnet-weiteren-entwicklungsstandort\/#primaryimage"},"image":{"@id":"https:\/\/www.organisator.ch\/operational-excellence\/2024-07-25\/babtec-eroeffnet-weiteren-entwicklungsstandort\/#primaryimage"},"thumbnailUrl":"https:\/\/www.m-q.ch\/wp-content\/uploads\/2024\/07\/Babtec_Bild1_ps.jpg","datePublished":"2024-07-25T05:18:15+00:00","dateModified":"2024-11-10T02:33:48+00:00","description":"Babtec opens new location in Friedrichshafen for the further development of software solutions and offers regional IT perspectives.","breadcrumb":{"@id":"https:\/\/www.organisator.ch\/operational-excellence\/2024-07-25\/babtec-eroeffnet-weiteren-entwicklungsstandort\/#breadcrumb"},"inLanguage":"en-US","potentialAction":[{"@type":"ReadAction","target":["https:\/\/www.organisator.ch\/operational-excellence\/2024-07-25\/babtec-eroeffnet-weiteren-entwicklungsstandort\/"]}]},{"@type":"ImageObject","inLanguage":"en-US","@id":"https:\/\/www.organisator.ch\/operational-excellence\/2024-07-25\/babtec-eroeffnet-weiteren-entwicklungsstandort\/#primaryimage","url":"https:\/\/www.m-q.ch\/wp-content\/uploads\/2024\/07\/Babtec_Bild1_ps.jpg","contentUrl":"https:\/\/www.m-q.ch\/wp-content\/uploads\/2024\/07\/Babtec_Bild1_ps.jpg"},{"@type":"BreadcrumbList","@id":"https:\/\/www.organisator.ch\/operational-excellence\/2024-07-25\/babtec-eroeffnet-weiteren-entwicklungsstandort\/#breadcrumb","itemListElement":[{"@type":"ListItem","position":1,"name":"Home","item":"https:\/\/www.organisator.ch\/"},{"@type":"ListItem","position":2,"name":"Babtec er\u00f6ffnet weiteren Entwicklungsstandort"}]},{"@type":"WebSite","@id":"https:\/\/www.organisator.ch\/#website","url":"https:\/\/www.organisator.ch\/","name":"Organizer","description":"Competent. Practical. In 10 issues per year, ORGANISATOR presents the essential topics for managers of SMEs.","publisher":{"@id":"https:\/\/www.organisator.ch\/#organization"},"potentialAction":[{"@type":"SearchAction","target":{"@type":"EntryPoint","urlTemplate":"https:\/\/www.organisator.ch\/?s={search_term_string}"},"query-input":{"@type":"PropertyValueSpecification","valueRequired":true,"valueName":"search_term_string"}}],"inLanguage":"en-US"},{"@type":"Organization","@id":"https:\/\/www.organisator.ch\/#organization","name":"Organizer","url":"https:\/\/www.organisator.ch\/","logo":{"@type":"ImageObject","inLanguage":"en-US","@id":"https:\/\/www.organisator.ch\/#\/schema\/logo\/image\/","url":"https:\/\/www.organisator.ch\/wp-content\/uploads\/2022\/01\/Logo_Organisator_Website.png","contentUrl":"https:\/\/www.organisator.ch\/wp-content\/uploads\/2022\/01\/Logo_Organisator_Website.png","width":800,"height":77,"caption":"Organisator"},"image":{"@id":"https:\/\/www.organisator.ch\/#\/schema\/logo\/image\/"},"sameAs":["https:\/\/www.facebook.com\/OrganisatorFachmagazin","https:\/\/www.linkedin.com\/showcase\/organisator-das-magazin-fr-kmu","https:\/\/www.xing.com\/news\/pages\/organisator-ch-695","https:\/\/www.youtube.com\/channel\/UCGP2Sq0iWaZwT3BdIAQFYpw"]},{"@type":"Person","@id":"https:\/\/www.organisator.ch\/#\/schema\/person\/2e1314a2172123f874db408d8911d3f3","name":"Adelisa Kalajdzini","image":{"@type":"ImageObject","inLanguage":"en-US","@id":"https:\/\/secure.gravatar.com\/avatar\/09a397c22ac58cad6f160ee8306348599df9df58a8ede73696226897b9fa4b24?s=96&d=mm&r=g","url":"https:\/\/secure.gravatar.com\/avatar\/09a397c22ac58cad6f160ee8306348599df9df58a8ede73696226897b9fa4b24?s=96&d=mm&r=g","contentUrl":"https:\/\/secure.gravatar.com\/avatar\/09a397c22ac58cad6f160ee8306348599df9df58a8ede73696226897b9fa4b24?s=96&d=mm&r=g","caption":"Adelisa Kalajdzini"},"url":"https:\/\/www.organisator.ch\/en\/author\/adelisa-kalajdzini\/"}]}},"_links":{"self":[{"href":"https:\/\/www.organisator.ch\/en\/wp-json\/wp\/v2\/posts\/28517","targetHints":{"allow":["GET"]}}],"collection":[{"href":"https:\/\/www.organisator.ch\/en\/wp-json\/wp\/v2\/posts"}],"about":[{"href":"https:\/\/www.organisator.ch\/en\/wp-json\/wp\/v2\/types\/post"}],"author":[{"embeddable":true,"href":"https:\/\/www.organisator.ch\/en\/wp-json\/wp\/v2\/users\/58"}],"replies":[{"embeddable":true,"href":"https:\/\/www.organisator.ch\/en\/wp-json\/wp\/v2\/comments?post=28517"}],"version-history":[{"count":7,"href":"https:\/\/www.organisator.ch\/en\/wp-json\/wp\/v2\/posts\/28517\/revisions"}],"predecessor-version":[{"id":32115,"href":"https:\/\/www.organisator.ch\/en\/wp-json\/wp\/v2\/posts\/28517\/revisions\/32115"}],"wp:attachment":[{"href":"https:\/\/www.organisator.ch\/en\/wp-json\/wp\/v2\/media?parent=28517"}],"wp:term":[{"taxonomy":"category","embeddable":true,"href":"https:\/\/www.organisator.ch\/en\/wp-json\/wp\/v2\/categories?post=28517"},{"taxonomy":"post_tag","embeddable":true,"href":"https:\/\/www.organisator.ch\/en\/wp-json\/wp\/v2\/tags?post=28517"}],"curies":[{"name":"wp","href":"https:\/\/api.w.org\/{rel}","templated":true}]}}