{"id":28581,"date":"2024-07-30T09:46:22","date_gmt":"2024-07-30T07:46:22","guid":{"rendered":"https:\/\/www.organisator.ch\/?p=28581"},"modified":"2024-07-30T09:46:22","modified_gmt":"2024-07-30T07:46:22","slug":"kmu-swiss-symposium-in-brugg-feiert-jubilaeum","status":"publish","type":"post","link":"https:\/\/www.organisator.ch\/en\/management\/2024-07-30\/kmu-swiss-symposium-in-brugg-feiert-jubilaeum\/","title":{"rendered":"KMU Swiss Symposium in Brugg celebrates anniversary"},"content":{"rendered":"<figure id=\"attachment_28584\" aria-describedby=\"caption-attachment-28584\" style=\"width: 680px\" class=\"wp-caption alignnone\"><img loading=\"lazy\" decoding=\"async\" class=\"wp-image-28584 size-full\" src=\"https:\/\/www.organisator.ch\/wp-content\/uploads\/2024\/07\/KMU-Swiss-Symposium-Brugg_Bild1_ps.jpg\" alt=\"\" width=\"680\" height=\"416\" srcset=\"https:\/\/www.organisator.ch\/wp-content\/uploads\/2024\/07\/KMU-Swiss-Symposium-Brugg_Bild1_ps.jpg 680w, https:\/\/www.organisator.ch\/wp-content\/uploads\/2024\/07\/KMU-Swiss-Symposium-Brugg_Bild1_ps-18x12.jpg 18w, https:\/\/www.organisator.ch\/wp-content\/uploads\/2024\/07\/KMU-Swiss-Symposium-Brugg_Bild1_ps-375x229.jpg 375w, https:\/\/www.organisator.ch\/wp-content\/uploads\/2024\/07\/KMU-Swiss-Symposium-Brugg_Bild1_ps-572x350.jpg 572w\" sizes=\"auto, (max-width: 680px) 100vw, 680px\" \/><figcaption id=\"caption-attachment-28584\" class=\"wp-caption-text\">The KMU Swiss Symposium Brugg is dedicated to current issues relating to the Swiss workplace. (Image: www.kmuswiss.ch)<\/figcaption><\/figure>\n<p>The 15th KMU Swiss Symposium Brugg will take place on Thursday, September 5, 2024 in the Campus Hall Brugg. In the run-up (12.00-12.45), an alternative to capital procurement and\/or succession solutions will be presented at the \"Innovation Digital Share\" prologue. In contrast, the symposium on the topic of the conference will show, among other things, that the basis for jobs is a healthy economy that supports entrepreneurship and work per se. A sprawling state quota, increasing regulations and laws, narcissistic behavior and the like prevent rapid adaptation to new circumstances in order to create work with corresponding jobs.<\/p>\n<p>A healthy economy has a strong economic sector 2 (industry and commerce), but there currently seems to be a lack of interest among young people in learning skilled trades. Families with many children are tied down by the fact that 26 different school systems tend to be counterproductive for working parents. - In short: there is potential for self-employed people and employees, but they are occupied with other tasks; on the other hand, political mills grind too slowly and sluggishly and, unfortunately, often against a flourishing economy due to sheer ideology.<\/p>\n<p>Some former speakers and illustrious personalities from business and politics are of course also expected to attend this anniversary event. \"In addition to the informal atmosphere, the participants appreciate the high practical relevance of the presentations,\" as KMU Swiss initiator Armin Baumann cannot emphasize enough. The symposium also allows many exhibitors to present themselves at and with a stand during the networking breaks.\u00a0\u00a0<\/p>\n<h3><strong>Notable personalities<\/strong><\/h3>\n<p>In addition to a few surprises, the following entrepreneurial personalities will make a lasting impression:<\/p>\n<ul>\n<li>Patrizia Laeri, ellexx<\/li>\n<li>Sigrun Gudjonsdottir, Sigrun GmbH<\/li>\n<li>Regina Kuratle, Center for Continuing Education and Didactics (ZWW)<\/li>\n<li>Stephanie Z\u00fcllig, entrepreneur and professional board member<\/li>\n<li>Chris Oeuvray, coach and author<\/li>\n<li>Hans-Peter Strebe, Entrepreneur<\/li>\n<li>Markus Dieth, District Governor of Aargau<\/li>\n<li>Moderator: Michael Sokol<\/li>\n<\/ul>\n<h3><strong>Swiss Entrepreneur Award<\/strong><\/h3>\n<p>The \"Swiss Entrepreneur Award\" is presented once a year to a Swiss company and\/or an entrepreneur who has shown courage and commitment in ensuring the company's success for the next generation. The winning company is characterized by innovative strength, far-sighted action and sustainable values that characterize entrepreneurship and thus ensure long-lasting success. Last year, Guido Bardelli, owner of Bourquin SA, received the award.<\/p>\n<p>On September 5, 2024, a well-known SME will receive the award after the symposium: Let us surprise you!<\/p>\n<p><em>Source: <a href=\"http:\/\/www.kmuswiss.ch\">www.kmuswiss.ch<\/a><\/em><\/p>","protected":false},"excerpt":{"rendered":"<p>Anniversary after anniversary - After the 20th anniversary of the KMU Swiss Symposium Baden was held there in the spring, the 15th KMU Swiss Symposium Brugg will be celebrated on September 5, '24. The KMU Swiss Symposium offers solutions to business challenges and opportunities for genuine networking. The upcoming symposium is dedicated to current issues relating to the Swiss workplace with the motto \"Workplace versus welfare state - working models to adapt!\"<\/p>","protected":false},"author":58,"featured_media":28584,"comment_status":"closed","ping_status":"closed","sticky":false,"template":"","format":"standard","meta":{"_acf_changed":false,"_yoast_wpseo_focuskw":"KMU","_yoast_wpseo_metadesc":"Das KMU Swiss Symposium Brugg widmet sich den aktuellen Fragen rund um den Arbeitsplatz Schweiz mit dem Motto \u00abArbeitsplatz versus Sozialstaat \u2013 Arbeitsmodelle zum Anpassen!?\u00bb","articlekey":"","footnotes":""},"categories":[579,28],"tags":[292,301,424,2276,492],"class_list":["post-28581","post","type-post","status-publish","format-standard","has-post-thumbnail","hentry","category-human-resources","category-management","tag-jubilaeum","tag-kmu","tag-schweiz","tag-symposium","tag-unternehmen"],"acf":[],"yoast_head":"<!-- This site is optimized with the Yoast SEO plugin v27.5 - https:\/\/yoast.com\/product\/yoast-seo-wordpress\/ -->\n<title>KMU Swiss Symposium in Brugg feiert Jubil\u00e4um - Organisator<\/title>\n<meta name=\"description\" content=\"Das KMU Swiss Symposium Brugg widmet sich den aktuellen Fragen rund um den Arbeitsplatz Schweiz mit dem Motto \u00abArbeitsplatz versus Sozialstaat \u2013 Arbeitsmodelle zum Anpassen!?\u00bb\" \/>\n<meta name=\"robots\" content=\"index, follow, max-snippet:-1, max-image-preview:large, max-video-preview:-1\" \/>\n<link rel=\"canonical\" href=\"https:\/\/www.organisator.ch\/en\/management\/2024-07-30\/kmu-swiss-symposium-in-brugg-feiert-jubilaeum\/\" \/>\n<meta property=\"og:locale\" content=\"en_US\" \/>\n<meta property=\"og:type\" content=\"article\" \/>\n<meta property=\"og:title\" content=\"KMU Swiss Symposium in Brugg feiert Jubil\u00e4um\" \/>\n<meta property=\"og:description\" content=\"Das KMU Swiss Symposium Brugg widmet sich den aktuellen Fragen rund um den Arbeitsplatz Schweiz mit dem Motto \u00abArbeitsplatz versus Sozialstaat \u2013 Arbeitsmodelle zum Anpassen!?\u00bb\" \/>\n<meta property=\"og:url\" content=\"https:\/\/www.organisator.ch\/en\/management\/2024-07-30\/kmu-swiss-symposium-in-brugg-feiert-jubilaeum\/\" \/>\n<meta property=\"og:site_name\" content=\"Organisator\" \/>\n<meta property=\"article:publisher\" content=\"https:\/\/www.facebook.com\/OrganisatorFachmagazin\" \/>\n<meta property=\"article:published_time\" content=\"2024-07-30T07:46:22+00:00\" \/>\n<meta property=\"og:image\" content=\"https:\/\/www.organisator.ch\/wp-content\/uploads\/2024\/07\/KMU-Swiss-Symposium-Brugg_Bild1_ps.jpg\" \/>\n\t<meta property=\"og:image:width\" content=\"680\" \/>\n\t<meta property=\"og:image:height\" content=\"416\" \/>\n\t<meta property=\"og:image:type\" content=\"image\/jpeg\" \/>\n<meta name=\"author\" content=\"Adelisa Kalajdzini\" \/>\n<meta name=\"twitter:card\" content=\"summary_large_image\" \/>\n<meta name=\"twitter:title\" content=\"KMU Swiss Symposium in Brugg feiert Jubil\u00e4um\" \/>\n<meta name=\"twitter:description\" content=\"Das #KMU #Swiss #Symposium #Brugg widmet sich den aktuellen Fragen rund um den #Arbeitsplatz #Schweiz mit dem Motto \u00abArbeitsplatz versus Sozialstaat \u2013 Arbeitsmodelle zum Anpassen!?\u00bb\" \/>\n<meta name=\"twitter:image\" content=\"https:\/\/www.organisator.ch\/wp-content\/uploads\/2024\/07\/KMU-Swiss-Symposium-Brugg_Bild1_ps.jpg\" \/>\n<script type=\"application\/ld+json\" class=\"yoast-schema-graph\">{\"@context\":\"https:\\\/\\\/schema.org\",\"@graph\":[{\"@type\":\"Article\",\"@id\":\"https:\\\/\\\/www.organisator.ch\\\/management\\\/2024-07-30\\\/kmu-swiss-symposium-in-brugg-feiert-jubilaeum\\\/#article\",\"isPartOf\":{\"@id\":\"https:\\\/\\\/www.organisator.ch\\\/management\\\/2024-07-30\\\/kmu-swiss-symposium-in-brugg-feiert-jubilaeum\\\/\"},\"author\":{\"name\":\"Adelisa Kalajdzini\",\"@id\":\"https:\\\/\\\/www.organisator.ch\\\/#\\\/schema\\\/person\\\/2e1314a2172123f874db408d8911d3f3\"},\"headline\":\"KMU Swiss Symposium in Brugg feiert Jubil\u00e4um\",\"datePublished\":\"2024-07-30T07:46:22+00:00\",\"mainEntityOfPage\":{\"@id\":\"https:\\\/\\\/www.organisator.ch\\\/management\\\/2024-07-30\\\/kmu-swiss-symposium-in-brugg-feiert-jubilaeum\\\/\"},\"wordCount\":429,\"publisher\":{\"@id\":\"https:\\\/\\\/www.organisator.ch\\\/#organization\"},\"image\":{\"@id\":\"https:\\\/\\\/www.organisator.ch\\\/management\\\/2024-07-30\\\/kmu-swiss-symposium-in-brugg-feiert-jubilaeum\\\/#primaryimage\"},\"thumbnailUrl\":\"https:\\\/\\\/www.organisator.ch\\\/wp-content\\\/uploads\\\/2024\\\/07\\\/KMU-Swiss-Symposium-Brugg_Bild1_ps.jpg\",\"keywords\":[\"Jubil\u00e4um\",\"KMU\",\"Schweiz\",\"Symposium\",\"Unternehmen\"],\"articleSection\":[\"HUMAN RESOURCES\",\"MANAGEMENT\"],\"inLanguage\":\"en-US\"},{\"@type\":\"WebPage\",\"@id\":\"https:\\\/\\\/www.organisator.ch\\\/management\\\/2024-07-30\\\/kmu-swiss-symposium-in-brugg-feiert-jubilaeum\\\/\",\"url\":\"https:\\\/\\\/www.organisator.ch\\\/management\\\/2024-07-30\\\/kmu-swiss-symposium-in-brugg-feiert-jubilaeum\\\/\",\"name\":\"KMU Swiss Symposium in Brugg feiert Jubil\u00e4um - Organisator\",\"isPartOf\":{\"@id\":\"https:\\\/\\\/www.organisator.ch\\\/#website\"},\"primaryImageOfPage\":{\"@id\":\"https:\\\/\\\/www.organisator.ch\\\/management\\\/2024-07-30\\\/kmu-swiss-symposium-in-brugg-feiert-jubilaeum\\\/#primaryimage\"},\"image\":{\"@id\":\"https:\\\/\\\/www.organisator.ch\\\/management\\\/2024-07-30\\\/kmu-swiss-symposium-in-brugg-feiert-jubilaeum\\\/#primaryimage\"},\"thumbnailUrl\":\"https:\\\/\\\/www.organisator.ch\\\/wp-content\\\/uploads\\\/2024\\\/07\\\/KMU-Swiss-Symposium-Brugg_Bild1_ps.jpg\",\"datePublished\":\"2024-07-30T07:46:22+00:00\",\"description\":\"Das KMU Swiss Symposium Brugg widmet sich den aktuellen Fragen rund um den Arbeitsplatz Schweiz mit dem Motto \u00abArbeitsplatz versus Sozialstaat \u2013 Arbeitsmodelle zum Anpassen!?\u00bb\",\"breadcrumb\":{\"@id\":\"https:\\\/\\\/www.organisator.ch\\\/management\\\/2024-07-30\\\/kmu-swiss-symposium-in-brugg-feiert-jubilaeum\\\/#breadcrumb\"},\"inLanguage\":\"en-US\",\"potentialAction\":[{\"@type\":\"ReadAction\",\"target\":[\"https:\\\/\\\/www.organisator.ch\\\/management\\\/2024-07-30\\\/kmu-swiss-symposium-in-brugg-feiert-jubilaeum\\\/\"]}]},{\"@type\":\"ImageObject\",\"inLanguage\":\"en-US\",\"@id\":\"https:\\\/\\\/www.organisator.ch\\\/management\\\/2024-07-30\\\/kmu-swiss-symposium-in-brugg-feiert-jubilaeum\\\/#primaryimage\",\"url\":\"https:\\\/\\\/www.organisator.ch\\\/wp-content\\\/uploads\\\/2024\\\/07\\\/KMU-Swiss-Symposium-Brugg_Bild1_ps.jpg\",\"contentUrl\":\"https:\\\/\\\/www.organisator.ch\\\/wp-content\\\/uploads\\\/2024\\\/07\\\/KMU-Swiss-Symposium-Brugg_Bild1_ps.jpg\",\"width\":680,\"height\":416,\"caption\":\": Das KMU Swiss Symposium Brugg widmet sich den aktuellen Fragen rund um den Arbeitsplatz Schweiz. (Bild: www.kmuswiss.ch)\"},{\"@type\":\"BreadcrumbList\",\"@id\":\"https:\\\/\\\/www.organisator.ch\\\/management\\\/2024-07-30\\\/kmu-swiss-symposium-in-brugg-feiert-jubilaeum\\\/#breadcrumb\",\"itemListElement\":[{\"@type\":\"ListItem\",\"position\":1,\"name\":\"Home\",\"item\":\"https:\\\/\\\/www.organisator.ch\\\/\"},{\"@type\":\"ListItem\",\"position\":2,\"name\":\"KMU Swiss Symposium in Brugg feiert Jubil\u00e4um\"}]},{\"@type\":\"WebSite\",\"@id\":\"https:\\\/\\\/www.organisator.ch\\\/#website\",\"url\":\"https:\\\/\\\/www.organisator.ch\\\/\",\"name\":\"Organisator\",\"description\":\"Kompetent. Praxisnah. Der ORGANISATOR bereitet in 10 Ausgaben pro Jahr die wesentlichen Themen f\u00fcr F\u00fchrungskr\u00e4fte von KMU auf.\",\"publisher\":{\"@id\":\"https:\\\/\\\/www.organisator.ch\\\/#organization\"},\"potentialAction\":[{\"@type\":\"SearchAction\",\"target\":{\"@type\":\"EntryPoint\",\"urlTemplate\":\"https:\\\/\\\/www.organisator.ch\\\/?s={search_term_string}\"},\"query-input\":{\"@type\":\"PropertyValueSpecification\",\"valueRequired\":true,\"valueName\":\"search_term_string\"}}],\"inLanguage\":\"en-US\"},{\"@type\":\"Organization\",\"@id\":\"https:\\\/\\\/www.organisator.ch\\\/#organization\",\"name\":\"Organisator\",\"url\":\"https:\\\/\\\/www.organisator.ch\\\/\",\"logo\":{\"@type\":\"ImageObject\",\"inLanguage\":\"en-US\",\"@id\":\"https:\\\/\\\/www.organisator.ch\\\/#\\\/schema\\\/logo\\\/image\\\/\",\"url\":\"https:\\\/\\\/www.organisator.ch\\\/wp-content\\\/uploads\\\/2022\\\/01\\\/Logo_Organisator_Website.png\",\"contentUrl\":\"https:\\\/\\\/www.organisator.ch\\\/wp-content\\\/uploads\\\/2022\\\/01\\\/Logo_Organisator_Website.png\",\"width\":800,\"height\":77,\"caption\":\"Organisator\"},\"image\":{\"@id\":\"https:\\\/\\\/www.organisator.ch\\\/#\\\/schema\\\/logo\\\/image\\\/\"},\"sameAs\":[\"https:\\\/\\\/www.facebook.com\\\/OrganisatorFachmagazin\",\"https:\\\/\\\/www.linkedin.com\\\/showcase\\\/organisator-das-magazin-fr-kmu\",\"https:\\\/\\\/www.xing.com\\\/news\\\/pages\\\/organisator-ch-695\",\"https:\\\/\\\/www.youtube.com\\\/channel\\\/UCGP2Sq0iWaZwT3BdIAQFYpw\"]},{\"@type\":\"Person\",\"@id\":\"https:\\\/\\\/www.organisator.ch\\\/#\\\/schema\\\/person\\\/2e1314a2172123f874db408d8911d3f3\",\"name\":\"Adelisa Kalajdzini\",\"image\":{\"@type\":\"ImageObject\",\"inLanguage\":\"en-US\",\"@id\":\"https:\\\/\\\/secure.gravatar.com\\\/avatar\\\/09a397c22ac58cad6f160ee8306348599df9df58a8ede73696226897b9fa4b24?s=96&d=mm&r=g\",\"url\":\"https:\\\/\\\/secure.gravatar.com\\\/avatar\\\/09a397c22ac58cad6f160ee8306348599df9df58a8ede73696226897b9fa4b24?s=96&d=mm&r=g\",\"contentUrl\":\"https:\\\/\\\/secure.gravatar.com\\\/avatar\\\/09a397c22ac58cad6f160ee8306348599df9df58a8ede73696226897b9fa4b24?s=96&d=mm&r=g\",\"caption\":\"Adelisa Kalajdzini\"},\"url\":\"https:\\\/\\\/www.organisator.ch\\\/en\\\/author\\\/adelisa-kalajdzini\\\/\"}]}<\/script>\n<!-- \/ Yoast SEO plugin. -->","yoast_head_json":{"title":"KMU Swiss Symposium in Brugg celebrates anniversary - Organizer","description":"The KMU Swiss Symposium Brugg is dedicated to the current issues surrounding the Swiss workplace with the motto \"Workplace versus welfare state - working models to adapt!\"","robots":{"index":"index","follow":"follow","max-snippet":"max-snippet:-1","max-image-preview":"max-image-preview:large","max-video-preview":"max-video-preview:-1"},"canonical":"https:\/\/www.organisator.ch\/en\/management\/2024-07-30\/kmu-swiss-symposium-in-brugg-feiert-jubilaeum\/","og_locale":"en_US","og_type":"article","og_title":"KMU Swiss Symposium in Brugg feiert Jubil\u00e4um","og_description":"Das KMU Swiss Symposium Brugg widmet sich den aktuellen Fragen rund um den Arbeitsplatz Schweiz mit dem Motto \u00abArbeitsplatz versus Sozialstaat \u2013 Arbeitsmodelle zum Anpassen!?\u00bb","og_url":"https:\/\/www.organisator.ch\/en\/management\/2024-07-30\/kmu-swiss-symposium-in-brugg-feiert-jubilaeum\/","og_site_name":"Organisator","article_publisher":"https:\/\/www.facebook.com\/OrganisatorFachmagazin","article_published_time":"2024-07-30T07:46:22+00:00","og_image":[{"width":680,"height":416,"url":"https:\/\/www.organisator.ch\/wp-content\/uploads\/2024\/07\/KMU-Swiss-Symposium-Brugg_Bild1_ps.jpg","type":"image\/jpeg"}],"author":"Adelisa Kalajdzini","twitter_card":"summary_large_image","twitter_title":"KMU Swiss Symposium in Brugg feiert Jubil\u00e4um","twitter_description":"Das #KMU #Swiss #Symposium #Brugg widmet sich den aktuellen Fragen rund um den #Arbeitsplatz #Schweiz mit dem Motto \u00abArbeitsplatz versus Sozialstaat \u2013 Arbeitsmodelle zum Anpassen!?\u00bb","twitter_image":"https:\/\/www.organisator.ch\/wp-content\/uploads\/2024\/07\/KMU-Swiss-Symposium-Brugg_Bild1_ps.jpg","schema":{"@context":"https:\/\/schema.org","@graph":[{"@type":"Article","@id":"https:\/\/www.organisator.ch\/management\/2024-07-30\/kmu-swiss-symposium-in-brugg-feiert-jubilaeum\/#article","isPartOf":{"@id":"https:\/\/www.organisator.ch\/management\/2024-07-30\/kmu-swiss-symposium-in-brugg-feiert-jubilaeum\/"},"author":{"name":"Adelisa Kalajdzini","@id":"https:\/\/www.organisator.ch\/#\/schema\/person\/2e1314a2172123f874db408d8911d3f3"},"headline":"KMU Swiss Symposium in Brugg feiert Jubil\u00e4um","datePublished":"2024-07-30T07:46:22+00:00","mainEntityOfPage":{"@id":"https:\/\/www.organisator.ch\/management\/2024-07-30\/kmu-swiss-symposium-in-brugg-feiert-jubilaeum\/"},"wordCount":429,"publisher":{"@id":"https:\/\/www.organisator.ch\/#organization"},"image":{"@id":"https:\/\/www.organisator.ch\/management\/2024-07-30\/kmu-swiss-symposium-in-brugg-feiert-jubilaeum\/#primaryimage"},"thumbnailUrl":"https:\/\/www.organisator.ch\/wp-content\/uploads\/2024\/07\/KMU-Swiss-Symposium-Brugg_Bild1_ps.jpg","keywords":["Jubil\u00e4um","KMU","Schweiz","Symposium","Unternehmen"],"articleSection":["HUMAN RESOURCES","MANAGEMENT"],"inLanguage":"en-US"},{"@type":"WebPage","@id":"https:\/\/www.organisator.ch\/management\/2024-07-30\/kmu-swiss-symposium-in-brugg-feiert-jubilaeum\/","url":"https:\/\/www.organisator.ch\/management\/2024-07-30\/kmu-swiss-symposium-in-brugg-feiert-jubilaeum\/","name":"KMU Swiss Symposium in Brugg celebrates anniversary - Organizer","isPartOf":{"@id":"https:\/\/www.organisator.ch\/#website"},"primaryImageOfPage":{"@id":"https:\/\/www.organisator.ch\/management\/2024-07-30\/kmu-swiss-symposium-in-brugg-feiert-jubilaeum\/#primaryimage"},"image":{"@id":"https:\/\/www.organisator.ch\/management\/2024-07-30\/kmu-swiss-symposium-in-brugg-feiert-jubilaeum\/#primaryimage"},"thumbnailUrl":"https:\/\/www.organisator.ch\/wp-content\/uploads\/2024\/07\/KMU-Swiss-Symposium-Brugg_Bild1_ps.jpg","datePublished":"2024-07-30T07:46:22+00:00","description":"The KMU Swiss Symposium Brugg is dedicated to the current issues surrounding the Swiss workplace with the motto \"Workplace versus welfare state - working models to adapt!\"","breadcrumb":{"@id":"https:\/\/www.organisator.ch\/management\/2024-07-30\/kmu-swiss-symposium-in-brugg-feiert-jubilaeum\/#breadcrumb"},"inLanguage":"en-US","potentialAction":[{"@type":"ReadAction","target":["https:\/\/www.organisator.ch\/management\/2024-07-30\/kmu-swiss-symposium-in-brugg-feiert-jubilaeum\/"]}]},{"@type":"ImageObject","inLanguage":"en-US","@id":"https:\/\/www.organisator.ch\/management\/2024-07-30\/kmu-swiss-symposium-in-brugg-feiert-jubilaeum\/#primaryimage","url":"https:\/\/www.organisator.ch\/wp-content\/uploads\/2024\/07\/KMU-Swiss-Symposium-Brugg_Bild1_ps.jpg","contentUrl":"https:\/\/www.organisator.ch\/wp-content\/uploads\/2024\/07\/KMU-Swiss-Symposium-Brugg_Bild1_ps.jpg","width":680,"height":416,"caption":": Das KMU Swiss Symposium Brugg widmet sich den aktuellen Fragen rund um den Arbeitsplatz Schweiz. (Bild: www.kmuswiss.ch)"},{"@type":"BreadcrumbList","@id":"https:\/\/www.organisator.ch\/management\/2024-07-30\/kmu-swiss-symposium-in-brugg-feiert-jubilaeum\/#breadcrumb","itemListElement":[{"@type":"ListItem","position":1,"name":"Home","item":"https:\/\/www.organisator.ch\/"},{"@type":"ListItem","position":2,"name":"KMU Swiss Symposium in Brugg feiert Jubil\u00e4um"}]},{"@type":"WebSite","@id":"https:\/\/www.organisator.ch\/#website","url":"https:\/\/www.organisator.ch\/","name":"Organizer","description":"Competent. Practical. In 10 issues per year, ORGANISATOR presents the essential topics for managers of SMEs.","publisher":{"@id":"https:\/\/www.organisator.ch\/#organization"},"potentialAction":[{"@type":"SearchAction","target":{"@type":"EntryPoint","urlTemplate":"https:\/\/www.organisator.ch\/?s={search_term_string}"},"query-input":{"@type":"PropertyValueSpecification","valueRequired":true,"valueName":"search_term_string"}}],"inLanguage":"en-US"},{"@type":"Organization","@id":"https:\/\/www.organisator.ch\/#organization","name":"Organizer","url":"https:\/\/www.organisator.ch\/","logo":{"@type":"ImageObject","inLanguage":"en-US","@id":"https:\/\/www.organisator.ch\/#\/schema\/logo\/image\/","url":"https:\/\/www.organisator.ch\/wp-content\/uploads\/2022\/01\/Logo_Organisator_Website.png","contentUrl":"https:\/\/www.organisator.ch\/wp-content\/uploads\/2022\/01\/Logo_Organisator_Website.png","width":800,"height":77,"caption":"Organisator"},"image":{"@id":"https:\/\/www.organisator.ch\/#\/schema\/logo\/image\/"},"sameAs":["https:\/\/www.facebook.com\/OrganisatorFachmagazin","https:\/\/www.linkedin.com\/showcase\/organisator-das-magazin-fr-kmu","https:\/\/www.xing.com\/news\/pages\/organisator-ch-695","https:\/\/www.youtube.com\/channel\/UCGP2Sq0iWaZwT3BdIAQFYpw"]},{"@type":"Person","@id":"https:\/\/www.organisator.ch\/#\/schema\/person\/2e1314a2172123f874db408d8911d3f3","name":"Adelisa Kalajdzini","image":{"@type":"ImageObject","inLanguage":"en-US","@id":"https:\/\/secure.gravatar.com\/avatar\/09a397c22ac58cad6f160ee8306348599df9df58a8ede73696226897b9fa4b24?s=96&d=mm&r=g","url":"https:\/\/secure.gravatar.com\/avatar\/09a397c22ac58cad6f160ee8306348599df9df58a8ede73696226897b9fa4b24?s=96&d=mm&r=g","contentUrl":"https:\/\/secure.gravatar.com\/avatar\/09a397c22ac58cad6f160ee8306348599df9df58a8ede73696226897b9fa4b24?s=96&d=mm&r=g","caption":"Adelisa Kalajdzini"},"url":"https:\/\/www.organisator.ch\/en\/author\/adelisa-kalajdzini\/"}]}},"_links":{"self":[{"href":"https:\/\/www.organisator.ch\/en\/wp-json\/wp\/v2\/posts\/28581","targetHints":{"allow":["GET"]}}],"collection":[{"href":"https:\/\/www.organisator.ch\/en\/wp-json\/wp\/v2\/posts"}],"about":[{"href":"https:\/\/www.organisator.ch\/en\/wp-json\/wp\/v2\/types\/post"}],"author":[{"embeddable":true,"href":"https:\/\/www.organisator.ch\/en\/wp-json\/wp\/v2\/users\/58"}],"replies":[{"embeddable":true,"href":"https:\/\/www.organisator.ch\/en\/wp-json\/wp\/v2\/comments?post=28581"}],"version-history":[{"count":5,"href":"https:\/\/www.organisator.ch\/en\/wp-json\/wp\/v2\/posts\/28581\/revisions"}],"predecessor-version":[{"id":28607,"href":"https:\/\/www.organisator.ch\/en\/wp-json\/wp\/v2\/posts\/28581\/revisions\/28607"}],"wp:featuredmedia":[{"embeddable":true,"href":"https:\/\/www.organisator.ch\/en\/wp-json\/wp\/v2\/media\/28584"}],"wp:attachment":[{"href":"https:\/\/www.organisator.ch\/en\/wp-json\/wp\/v2\/media?parent=28581"}],"wp:term":[{"taxonomy":"category","embeddable":true,"href":"https:\/\/www.organisator.ch\/en\/wp-json\/wp\/v2\/categories?post=28581"},{"taxonomy":"post_tag","embeddable":true,"href":"https:\/\/www.organisator.ch\/en\/wp-json\/wp\/v2\/tags?post=28581"}],"curies":[{"name":"wp","href":"https:\/\/api.w.org\/{rel}","templated":true}]}}