{"id":28586,"date":"2024-07-31T07:30:43","date_gmt":"2024-07-31T05:30:43","guid":{"rendered":"https:\/\/www.organisator.ch\/?p=28586"},"modified":"2024-07-30T10:48:43","modified_gmt":"2024-07-30T08:48:43","slug":"erfolgreiche-lehrabschluesse-bei-mobilezone","status":"publish","type":"post","link":"https:\/\/www.organisator.ch\/en\/weiterbildung\/2024-07-31\/erfolgreiche-lehrabschluesse-bei-mobilezone\/","title":{"rendered":"Successful apprenticeships at mobilezone"},"content":{"rendered":"<figure id=\"attachment_28588\" aria-describedby=\"caption-attachment-28588\" style=\"width: 680px\" class=\"wp-caption alignnone\"><img loading=\"lazy\" decoding=\"async\" class=\"size-full wp-image-28588\" src=\"https:\/\/www.organisator.ch\/wp-content\/uploads\/2024\/07\/Mobilezone_Bild1_ps.jpg\" alt=\"\" width=\"680\" height=\"454\" srcset=\"https:\/\/www.organisator.ch\/wp-content\/uploads\/2024\/07\/Mobilezone_Bild1_ps.jpg 680w, https:\/\/www.organisator.ch\/wp-content\/uploads\/2024\/07\/Mobilezone_Bild1_ps-18x12.jpg 18w, https:\/\/www.organisator.ch\/wp-content\/uploads\/2024\/07\/Mobilezone_Bild1_ps-375x250.jpg 375w, https:\/\/www.organisator.ch\/wp-content\/uploads\/2024\/07\/Mobilezone_Bild1_ps-524x350.jpg 524w\" sizes=\"auto, (max-width: 680px) 100vw, 680px\" \/><figcaption id=\"caption-attachment-28588\" class=\"wp-caption-text\">This year, 35 apprentices successfully completed their apprenticeship at mobilezone Switzerland, compared to three in Germany. (Image: www.depositphotos.com)<\/figcaption><\/figure>\n<p>Summertime is apprenticeship completion time: This year, 35 retail apprentices, three commercial apprentices and one customer dialog apprentice successfully completed their apprenticeship at mobilezone Switzerland, while in Germany one IT specialist and two wholesale and foreign trade clerks successfully completed their apprenticeship. Andreas Fecker, CFO of the mobilezone Group, says: \"We would like to congratulate our apprentices on reaching this first milestone in their professional careers and are delighted that we are once again able to welcome numerous motivated young people to mobilezone for the start of their apprenticeship.\" Of the successful graduates in Switzerland, 70 % will be taken on as employees.<\/p>\n<p>At the beginning of August, 44 EFZ retail specialists, three commercial apprentices, one logistics apprentice and one customer dialog apprentice will start throughout Switzerland - a total of 140 apprentices will be working for mobilezone in Switzerland.<\/p>\n<p>Due to the long and successful training tradition in Switzerland, mobilezone Germany also launched a training program in 2021: Three IT specialists in system integration, one office management assistant and one media designer are currently working as apprentices at mobilezone Germany. Three new office management apprentices will start in the new training year.<\/p>\n<p>Mobilezone has been training apprentices for over 20 years. Mobilezone has thus established itself as an important training company on the Swiss labor market and is already providing the skilled workers of tomorrow.<\/p>\n<p><em>Source: <a href=\"http:\/\/www.mobilezoneholding.ch\">www.mobilezoneholding.ch<\/a><\/em><\/p>","protected":false},"excerpt":{"rendered":"<p>39 apprentices in the fields of customer dialog and retail trade as well as commercial clerks successfully completed their apprenticeships at mobilezone Switzerland this summer. There were three in Germany. Around 49 young people will start their apprenticeship at mobilezone Switzerland in the new training year. In the new training year, mobilezone employs 140 apprentices in Switzerland and eight in Germany.<\/p>","protected":false},"author":58,"featured_media":28588,"comment_status":"closed","ping_status":"closed","sticky":false,"template":"","format":"standard","meta":{"_acf_changed":false,"_yoast_wpseo_focuskw":"Lernende","_yoast_wpseo_metadesc":"39 Lernende haben in diesem Sommer die Lehre bei mobilezone Schweiz erfolgreich abgeschlossen, in Deutschland waren es drei.","articlekey":"","footnotes":""},"categories":[30],"tags":[62,324,424,492],"class_list":["post-28586","post","type-post","status-publish","format-standard","has-post-thumbnail","hentry","category-weiterbildung","tag-aus-weiterbildung","tag-lehrabschluss","tag-schweiz","tag-unternehmen"],"acf":[],"yoast_head":"<!-- This site is optimized with the Yoast SEO plugin v27.5 - https:\/\/yoast.com\/product\/yoast-seo-wordpress\/ -->\n<title>Erfolgreiche Lehrabschl\u00fcsse bei mobilezone - Organisator<\/title>\n<meta name=\"description\" content=\"39 Lernende haben in diesem Sommer die Lehre bei mobilezone Schweiz erfolgreich abgeschlossen, in Deutschland waren es drei.\" \/>\n<meta name=\"robots\" content=\"index, follow, max-snippet:-1, max-image-preview:large, max-video-preview:-1\" \/>\n<link rel=\"canonical\" href=\"https:\/\/www.organisator.ch\/en\/further-education\/2024-07-31\/erfolgreiche-lehrabschluesse-bei-mobilezone\/\" \/>\n<meta property=\"og:locale\" content=\"en_US\" \/>\n<meta property=\"og:type\" content=\"article\" \/>\n<meta property=\"og:title\" content=\"Erfolgreiche Lehrabschl\u00fcsse bei mobilezone\" \/>\n<meta property=\"og:description\" content=\"39 Lernende haben in diesem Sommer die Lehre bei mobilezone Schweiz erfolgreich abgeschlossen, in Deutschland waren es drei.\" \/>\n<meta property=\"og:url\" content=\"https:\/\/www.organisator.ch\/en\/further-education\/2024-07-31\/erfolgreiche-lehrabschluesse-bei-mobilezone\/\" \/>\n<meta property=\"og:site_name\" content=\"Organisator\" \/>\n<meta property=\"article:publisher\" content=\"https:\/\/www.facebook.com\/OrganisatorFachmagazin\" \/>\n<meta property=\"article:published_time\" content=\"2024-07-31T05:30:43+00:00\" \/>\n<meta property=\"og:image\" content=\"https:\/\/www.organisator.ch\/wp-content\/uploads\/2024\/07\/Mobilezone_Bild1_ps.jpg\" \/>\n\t<meta property=\"og:image:width\" content=\"680\" \/>\n\t<meta property=\"og:image:height\" content=\"454\" \/>\n\t<meta property=\"og:image:type\" content=\"image\/jpeg\" \/>\n<meta name=\"author\" content=\"Adelisa Kalajdzini\" \/>\n<meta name=\"twitter:card\" content=\"summary_large_image\" \/>\n<meta name=\"twitter:title\" content=\"Erfolgreiche Lehrabschl\u00fcsse bei mobilezone\" \/>\n<meta name=\"twitter:description\" content=\"39 #Lernende haben in diesem Sommer die #Lehre bei #mobilezone #Schweiz erfolgreich abgeschlossen, in #Deutschland waren es drei.\" \/>\n<meta name=\"twitter:image\" content=\"https:\/\/www.organisator.ch\/wp-content\/uploads\/2024\/07\/Mobilezone_Bild1_ps.jpg\" \/>\n<script type=\"application\/ld+json\" class=\"yoast-schema-graph\">{\"@context\":\"https:\\\/\\\/schema.org\",\"@graph\":[{\"@type\":\"Article\",\"@id\":\"https:\\\/\\\/www.organisator.ch\\\/weiterbildung\\\/2024-07-31\\\/erfolgreiche-lehrabschluesse-bei-mobilezone\\\/#article\",\"isPartOf\":{\"@id\":\"https:\\\/\\\/www.organisator.ch\\\/weiterbildung\\\/2024-07-31\\\/erfolgreiche-lehrabschluesse-bei-mobilezone\\\/\"},\"author\":{\"name\":\"Adelisa Kalajdzini\",\"@id\":\"https:\\\/\\\/www.organisator.ch\\\/#\\\/schema\\\/person\\\/2e1314a2172123f874db408d8911d3f3\"},\"headline\":\"Erfolgreiche Lehrabschl\u00fcsse bei mobilezone\",\"datePublished\":\"2024-07-31T05:30:43+00:00\",\"mainEntityOfPage\":{\"@id\":\"https:\\\/\\\/www.organisator.ch\\\/weiterbildung\\\/2024-07-31\\\/erfolgreiche-lehrabschluesse-bei-mobilezone\\\/\"},\"wordCount\":239,\"publisher\":{\"@id\":\"https:\\\/\\\/www.organisator.ch\\\/#organization\"},\"image\":{\"@id\":\"https:\\\/\\\/www.organisator.ch\\\/weiterbildung\\\/2024-07-31\\\/erfolgreiche-lehrabschluesse-bei-mobilezone\\\/#primaryimage\"},\"thumbnailUrl\":\"https:\\\/\\\/www.organisator.ch\\\/wp-content\\\/uploads\\\/2024\\\/07\\\/Mobilezone_Bild1_ps.jpg\",\"keywords\":[\"Aus-\\\/Weiterbildung\",\"Lehrabschluss\",\"Schweiz\",\"Unternehmen\"],\"articleSection\":[\"WEITERBILDUNG\"],\"inLanguage\":\"en-US\"},{\"@type\":\"WebPage\",\"@id\":\"https:\\\/\\\/www.organisator.ch\\\/weiterbildung\\\/2024-07-31\\\/erfolgreiche-lehrabschluesse-bei-mobilezone\\\/\",\"url\":\"https:\\\/\\\/www.organisator.ch\\\/weiterbildung\\\/2024-07-31\\\/erfolgreiche-lehrabschluesse-bei-mobilezone\\\/\",\"name\":\"Erfolgreiche Lehrabschl\u00fcsse bei mobilezone - Organisator\",\"isPartOf\":{\"@id\":\"https:\\\/\\\/www.organisator.ch\\\/#website\"},\"primaryImageOfPage\":{\"@id\":\"https:\\\/\\\/www.organisator.ch\\\/weiterbildung\\\/2024-07-31\\\/erfolgreiche-lehrabschluesse-bei-mobilezone\\\/#primaryimage\"},\"image\":{\"@id\":\"https:\\\/\\\/www.organisator.ch\\\/weiterbildung\\\/2024-07-31\\\/erfolgreiche-lehrabschluesse-bei-mobilezone\\\/#primaryimage\"},\"thumbnailUrl\":\"https:\\\/\\\/www.organisator.ch\\\/wp-content\\\/uploads\\\/2024\\\/07\\\/Mobilezone_Bild1_ps.jpg\",\"datePublished\":\"2024-07-31T05:30:43+00:00\",\"description\":\"39 Lernende haben in diesem Sommer die Lehre bei mobilezone Schweiz erfolgreich abgeschlossen, in Deutschland waren es drei.\",\"breadcrumb\":{\"@id\":\"https:\\\/\\\/www.organisator.ch\\\/weiterbildung\\\/2024-07-31\\\/erfolgreiche-lehrabschluesse-bei-mobilezone\\\/#breadcrumb\"},\"inLanguage\":\"en-US\",\"potentialAction\":[{\"@type\":\"ReadAction\",\"target\":[\"https:\\\/\\\/www.organisator.ch\\\/weiterbildung\\\/2024-07-31\\\/erfolgreiche-lehrabschluesse-bei-mobilezone\\\/\"]}]},{\"@type\":\"ImageObject\",\"inLanguage\":\"en-US\",\"@id\":\"https:\\\/\\\/www.organisator.ch\\\/weiterbildung\\\/2024-07-31\\\/erfolgreiche-lehrabschluesse-bei-mobilezone\\\/#primaryimage\",\"url\":\"https:\\\/\\\/www.organisator.ch\\\/wp-content\\\/uploads\\\/2024\\\/07\\\/Mobilezone_Bild1_ps.jpg\",\"contentUrl\":\"https:\\\/\\\/www.organisator.ch\\\/wp-content\\\/uploads\\\/2024\\\/07\\\/Mobilezone_Bild1_ps.jpg\",\"width\":680,\"height\":454,\"caption\":\"Dieses Jahr haben 35 Lernende ihre Lehre bei mobilezone Schweiz erfolgreich abgeschlossen, in Deutschland waren es drei. (Bild: www.depositphotos.com)\"},{\"@type\":\"BreadcrumbList\",\"@id\":\"https:\\\/\\\/www.organisator.ch\\\/weiterbildung\\\/2024-07-31\\\/erfolgreiche-lehrabschluesse-bei-mobilezone\\\/#breadcrumb\",\"itemListElement\":[{\"@type\":\"ListItem\",\"position\":1,\"name\":\"Home\",\"item\":\"https:\\\/\\\/www.organisator.ch\\\/\"},{\"@type\":\"ListItem\",\"position\":2,\"name\":\"Erfolgreiche Lehrabschl\u00fcsse bei mobilezone\"}]},{\"@type\":\"WebSite\",\"@id\":\"https:\\\/\\\/www.organisator.ch\\\/#website\",\"url\":\"https:\\\/\\\/www.organisator.ch\\\/\",\"name\":\"Organisator\",\"description\":\"Kompetent. Praxisnah. Der ORGANISATOR bereitet in 10 Ausgaben pro Jahr die wesentlichen Themen f\u00fcr F\u00fchrungskr\u00e4fte von KMU auf.\",\"publisher\":{\"@id\":\"https:\\\/\\\/www.organisator.ch\\\/#organization\"},\"potentialAction\":[{\"@type\":\"SearchAction\",\"target\":{\"@type\":\"EntryPoint\",\"urlTemplate\":\"https:\\\/\\\/www.organisator.ch\\\/?s={search_term_string}\"},\"query-input\":{\"@type\":\"PropertyValueSpecification\",\"valueRequired\":true,\"valueName\":\"search_term_string\"}}],\"inLanguage\":\"en-US\"},{\"@type\":\"Organization\",\"@id\":\"https:\\\/\\\/www.organisator.ch\\\/#organization\",\"name\":\"Organisator\",\"url\":\"https:\\\/\\\/www.organisator.ch\\\/\",\"logo\":{\"@type\":\"ImageObject\",\"inLanguage\":\"en-US\",\"@id\":\"https:\\\/\\\/www.organisator.ch\\\/#\\\/schema\\\/logo\\\/image\\\/\",\"url\":\"https:\\\/\\\/www.organisator.ch\\\/wp-content\\\/uploads\\\/2022\\\/01\\\/Logo_Organisator_Website.png\",\"contentUrl\":\"https:\\\/\\\/www.organisator.ch\\\/wp-content\\\/uploads\\\/2022\\\/01\\\/Logo_Organisator_Website.png\",\"width\":800,\"height\":77,\"caption\":\"Organisator\"},\"image\":{\"@id\":\"https:\\\/\\\/www.organisator.ch\\\/#\\\/schema\\\/logo\\\/image\\\/\"},\"sameAs\":[\"https:\\\/\\\/www.facebook.com\\\/OrganisatorFachmagazin\",\"https:\\\/\\\/www.linkedin.com\\\/showcase\\\/organisator-das-magazin-fr-kmu\",\"https:\\\/\\\/www.xing.com\\\/news\\\/pages\\\/organisator-ch-695\",\"https:\\\/\\\/www.youtube.com\\\/channel\\\/UCGP2Sq0iWaZwT3BdIAQFYpw\"]},{\"@type\":\"Person\",\"@id\":\"https:\\\/\\\/www.organisator.ch\\\/#\\\/schema\\\/person\\\/2e1314a2172123f874db408d8911d3f3\",\"name\":\"Adelisa Kalajdzini\",\"image\":{\"@type\":\"ImageObject\",\"inLanguage\":\"en-US\",\"@id\":\"https:\\\/\\\/secure.gravatar.com\\\/avatar\\\/09a397c22ac58cad6f160ee8306348599df9df58a8ede73696226897b9fa4b24?s=96&d=mm&r=g\",\"url\":\"https:\\\/\\\/secure.gravatar.com\\\/avatar\\\/09a397c22ac58cad6f160ee8306348599df9df58a8ede73696226897b9fa4b24?s=96&d=mm&r=g\",\"contentUrl\":\"https:\\\/\\\/secure.gravatar.com\\\/avatar\\\/09a397c22ac58cad6f160ee8306348599df9df58a8ede73696226897b9fa4b24?s=96&d=mm&r=g\",\"caption\":\"Adelisa Kalajdzini\"},\"url\":\"https:\\\/\\\/www.organisator.ch\\\/en\\\/author\\\/adelisa-kalajdzini\\\/\"}]}<\/script>\n<!-- \/ Yoast SEO plugin. -->","yoast_head_json":{"title":"Successful apprenticeships at mobilezone - Organizer","description":"39 apprentices successfully completed their apprenticeship at mobilezone Switzerland this summer, compared to three in Germany.","robots":{"index":"index","follow":"follow","max-snippet":"max-snippet:-1","max-image-preview":"max-image-preview:large","max-video-preview":"max-video-preview:-1"},"canonical":"https:\/\/www.organisator.ch\/en\/further-education\/2024-07-31\/erfolgreiche-lehrabschluesse-bei-mobilezone\/","og_locale":"en_US","og_type":"article","og_title":"Erfolgreiche Lehrabschl\u00fcsse bei mobilezone","og_description":"39 Lernende haben in diesem Sommer die Lehre bei mobilezone Schweiz erfolgreich abgeschlossen, in Deutschland waren es drei.","og_url":"https:\/\/www.organisator.ch\/en\/further-education\/2024-07-31\/erfolgreiche-lehrabschluesse-bei-mobilezone\/","og_site_name":"Organisator","article_publisher":"https:\/\/www.facebook.com\/OrganisatorFachmagazin","article_published_time":"2024-07-31T05:30:43+00:00","og_image":[{"width":680,"height":454,"url":"https:\/\/www.organisator.ch\/wp-content\/uploads\/2024\/07\/Mobilezone_Bild1_ps.jpg","type":"image\/jpeg"}],"author":"Adelisa Kalajdzini","twitter_card":"summary_large_image","twitter_title":"Erfolgreiche Lehrabschl\u00fcsse bei mobilezone","twitter_description":"39 #Lernende haben in diesem Sommer die #Lehre bei #mobilezone #Schweiz erfolgreich abgeschlossen, in #Deutschland waren es drei.","twitter_image":"https:\/\/www.organisator.ch\/wp-content\/uploads\/2024\/07\/Mobilezone_Bild1_ps.jpg","schema":{"@context":"https:\/\/schema.org","@graph":[{"@type":"Article","@id":"https:\/\/www.organisator.ch\/weiterbildung\/2024-07-31\/erfolgreiche-lehrabschluesse-bei-mobilezone\/#article","isPartOf":{"@id":"https:\/\/www.organisator.ch\/weiterbildung\/2024-07-31\/erfolgreiche-lehrabschluesse-bei-mobilezone\/"},"author":{"name":"Adelisa Kalajdzini","@id":"https:\/\/www.organisator.ch\/#\/schema\/person\/2e1314a2172123f874db408d8911d3f3"},"headline":"Erfolgreiche Lehrabschl\u00fcsse bei mobilezone","datePublished":"2024-07-31T05:30:43+00:00","mainEntityOfPage":{"@id":"https:\/\/www.organisator.ch\/weiterbildung\/2024-07-31\/erfolgreiche-lehrabschluesse-bei-mobilezone\/"},"wordCount":239,"publisher":{"@id":"https:\/\/www.organisator.ch\/#organization"},"image":{"@id":"https:\/\/www.organisator.ch\/weiterbildung\/2024-07-31\/erfolgreiche-lehrabschluesse-bei-mobilezone\/#primaryimage"},"thumbnailUrl":"https:\/\/www.organisator.ch\/wp-content\/uploads\/2024\/07\/Mobilezone_Bild1_ps.jpg","keywords":["Aus-\/Weiterbildung","Lehrabschluss","Schweiz","Unternehmen"],"articleSection":["WEITERBILDUNG"],"inLanguage":"en-US"},{"@type":"WebPage","@id":"https:\/\/www.organisator.ch\/weiterbildung\/2024-07-31\/erfolgreiche-lehrabschluesse-bei-mobilezone\/","url":"https:\/\/www.organisator.ch\/weiterbildung\/2024-07-31\/erfolgreiche-lehrabschluesse-bei-mobilezone\/","name":"Successful apprenticeships at mobilezone - Organizer","isPartOf":{"@id":"https:\/\/www.organisator.ch\/#website"},"primaryImageOfPage":{"@id":"https:\/\/www.organisator.ch\/weiterbildung\/2024-07-31\/erfolgreiche-lehrabschluesse-bei-mobilezone\/#primaryimage"},"image":{"@id":"https:\/\/www.organisator.ch\/weiterbildung\/2024-07-31\/erfolgreiche-lehrabschluesse-bei-mobilezone\/#primaryimage"},"thumbnailUrl":"https:\/\/www.organisator.ch\/wp-content\/uploads\/2024\/07\/Mobilezone_Bild1_ps.jpg","datePublished":"2024-07-31T05:30:43+00:00","description":"39 apprentices successfully completed their apprenticeship at mobilezone Switzerland this summer, compared to three in Germany.","breadcrumb":{"@id":"https:\/\/www.organisator.ch\/weiterbildung\/2024-07-31\/erfolgreiche-lehrabschluesse-bei-mobilezone\/#breadcrumb"},"inLanguage":"en-US","potentialAction":[{"@type":"ReadAction","target":["https:\/\/www.organisator.ch\/weiterbildung\/2024-07-31\/erfolgreiche-lehrabschluesse-bei-mobilezone\/"]}]},{"@type":"ImageObject","inLanguage":"en-US","@id":"https:\/\/www.organisator.ch\/weiterbildung\/2024-07-31\/erfolgreiche-lehrabschluesse-bei-mobilezone\/#primaryimage","url":"https:\/\/www.organisator.ch\/wp-content\/uploads\/2024\/07\/Mobilezone_Bild1_ps.jpg","contentUrl":"https:\/\/www.organisator.ch\/wp-content\/uploads\/2024\/07\/Mobilezone_Bild1_ps.jpg","width":680,"height":454,"caption":"Dieses Jahr haben 35 Lernende ihre Lehre bei mobilezone Schweiz erfolgreich abgeschlossen, in Deutschland waren es drei. (Bild: www.depositphotos.com)"},{"@type":"BreadcrumbList","@id":"https:\/\/www.organisator.ch\/weiterbildung\/2024-07-31\/erfolgreiche-lehrabschluesse-bei-mobilezone\/#breadcrumb","itemListElement":[{"@type":"ListItem","position":1,"name":"Home","item":"https:\/\/www.organisator.ch\/"},{"@type":"ListItem","position":2,"name":"Erfolgreiche Lehrabschl\u00fcsse bei mobilezone"}]},{"@type":"WebSite","@id":"https:\/\/www.organisator.ch\/#website","url":"https:\/\/www.organisator.ch\/","name":"Organizer","description":"Competent. Practical. In 10 issues per year, ORGANISATOR presents the essential topics for managers of SMEs.","publisher":{"@id":"https:\/\/www.organisator.ch\/#organization"},"potentialAction":[{"@type":"SearchAction","target":{"@type":"EntryPoint","urlTemplate":"https:\/\/www.organisator.ch\/?s={search_term_string}"},"query-input":{"@type":"PropertyValueSpecification","valueRequired":true,"valueName":"search_term_string"}}],"inLanguage":"en-US"},{"@type":"Organization","@id":"https:\/\/www.organisator.ch\/#organization","name":"Organizer","url":"https:\/\/www.organisator.ch\/","logo":{"@type":"ImageObject","inLanguage":"en-US","@id":"https:\/\/www.organisator.ch\/#\/schema\/logo\/image\/","url":"https:\/\/www.organisator.ch\/wp-content\/uploads\/2022\/01\/Logo_Organisator_Website.png","contentUrl":"https:\/\/www.organisator.ch\/wp-content\/uploads\/2022\/01\/Logo_Organisator_Website.png","width":800,"height":77,"caption":"Organisator"},"image":{"@id":"https:\/\/www.organisator.ch\/#\/schema\/logo\/image\/"},"sameAs":["https:\/\/www.facebook.com\/OrganisatorFachmagazin","https:\/\/www.linkedin.com\/showcase\/organisator-das-magazin-fr-kmu","https:\/\/www.xing.com\/news\/pages\/organisator-ch-695","https:\/\/www.youtube.com\/channel\/UCGP2Sq0iWaZwT3BdIAQFYpw"]},{"@type":"Person","@id":"https:\/\/www.organisator.ch\/#\/schema\/person\/2e1314a2172123f874db408d8911d3f3","name":"Adelisa Kalajdzini","image":{"@type":"ImageObject","inLanguage":"en-US","@id":"https:\/\/secure.gravatar.com\/avatar\/09a397c22ac58cad6f160ee8306348599df9df58a8ede73696226897b9fa4b24?s=96&d=mm&r=g","url":"https:\/\/secure.gravatar.com\/avatar\/09a397c22ac58cad6f160ee8306348599df9df58a8ede73696226897b9fa4b24?s=96&d=mm&r=g","contentUrl":"https:\/\/secure.gravatar.com\/avatar\/09a397c22ac58cad6f160ee8306348599df9df58a8ede73696226897b9fa4b24?s=96&d=mm&r=g","caption":"Adelisa Kalajdzini"},"url":"https:\/\/www.organisator.ch\/en\/author\/adelisa-kalajdzini\/"}]}},"_links":{"self":[{"href":"https:\/\/www.organisator.ch\/en\/wp-json\/wp\/v2\/posts\/28586","targetHints":{"allow":["GET"]}}],"collection":[{"href":"https:\/\/www.organisator.ch\/en\/wp-json\/wp\/v2\/posts"}],"about":[{"href":"https:\/\/www.organisator.ch\/en\/wp-json\/wp\/v2\/types\/post"}],"author":[{"embeddable":true,"href":"https:\/\/www.organisator.ch\/en\/wp-json\/wp\/v2\/users\/58"}],"replies":[{"embeddable":true,"href":"https:\/\/www.organisator.ch\/en\/wp-json\/wp\/v2\/comments?post=28586"}],"version-history":[{"count":7,"href":"https:\/\/www.organisator.ch\/en\/wp-json\/wp\/v2\/posts\/28586\/revisions"}],"predecessor-version":[{"id":28669,"href":"https:\/\/www.organisator.ch\/en\/wp-json\/wp\/v2\/posts\/28586\/revisions\/28669"}],"wp:featuredmedia":[{"embeddable":true,"href":"https:\/\/www.organisator.ch\/en\/wp-json\/wp\/v2\/media\/28588"}],"wp:attachment":[{"href":"https:\/\/www.organisator.ch\/en\/wp-json\/wp\/v2\/media?parent=28586"}],"wp:term":[{"taxonomy":"category","embeddable":true,"href":"https:\/\/www.organisator.ch\/en\/wp-json\/wp\/v2\/categories?post=28586"},{"taxonomy":"post_tag","embeddable":true,"href":"https:\/\/www.organisator.ch\/en\/wp-json\/wp\/v2\/tags?post=28586"}],"curies":[{"name":"wp","href":"https:\/\/api.w.org\/{rel}","templated":true}]}}