{"id":28624,"date":"2024-08-05T09:03:20","date_gmt":"2024-08-05T07:03:20","guid":{"rendered":"https:\/\/www.organisator.ch\/?p=28624"},"modified":"2024-08-05T09:03:20","modified_gmt":"2024-08-05T07:03:20","slug":"deglobalisierung-als-gebot-der-stunde","status":"publish","type":"post","link":"https:\/\/www.organisator.ch\/en\/management\/2024-08-05\/deglobalisierung-als-gebot-der-stunde\/","title":{"rendered":"Deglobalization is the order of the day"},"content":{"rendered":"<figure id=\"attachment_28625\" aria-describedby=\"caption-attachment-28625\" style=\"width: 680px\" class=\"wp-caption alignnone\"><img loading=\"lazy\" decoding=\"async\" class=\"size-full wp-image-28625\" src=\"https:\/\/www.organisator.ch\/wp-content\/uploads\/2024\/08\/Deglobalisierung-als-Gebot-der-Stunde_Organisator.jpg\" alt=\"\" width=\"680\" height=\"508\" srcset=\"https:\/\/www.organisator.ch\/wp-content\/uploads\/2024\/08\/Deglobalisierung-als-Gebot-der-Stunde_Organisator.jpg 680w, https:\/\/www.organisator.ch\/wp-content\/uploads\/2024\/08\/Deglobalisierung-als-Gebot-der-Stunde_Organisator-16x12.jpg 16w, https:\/\/www.organisator.ch\/wp-content\/uploads\/2024\/08\/Deglobalisierung-als-Gebot-der-Stunde_Organisator-375x280.jpg 375w, https:\/\/www.organisator.ch\/wp-content\/uploads\/2024\/08\/Deglobalisierung-als-Gebot-der-Stunde_Organisator-469x350.jpg 469w\" sizes=\"auto, (max-width: 680px) 100vw, 680px\" \/><figcaption id=\"caption-attachment-28625\" class=\"wp-caption-text\">Jane Enny van Lambalgen is Founding Partner and Managing Director of Planet Industrial Excellence and a member of United Interim, the leading community for interim managers in German-speaking countries, and the Diplomatic Council, a global think tank with consultative status at the United Nations (UN). She believes that transporting goods across continents is outdated and calls for deglobalization. (Image: zVg \/ Planet Industrial Excellence)<\/figcaption><\/figure>\n<p>When it comes to procurement, production and logistics, the economy should avoid all concepts based on the large-scale intercontinental exchange of goods as far as possible, recommends Jane Enny van Lambalgen, CEO of the consulting and management company Planet Industrial Excellence. She cites \"geopolitical tensions that can interrupt supply chains uncontrollably at any time, as well as rising transportation costs.\" It is \"the order of the day to say goodbye to excessive global distribution of work and goods across continents.\"<\/p>\n<h3>Return to the principle of regionality\u00a0<\/h3>\n<p>\"In a global economy designed for globality, it is difficult to return to the principle of regionality,\" admits Jane Enny van Lambalgen. But she points out: \"If the entire production in Europe and America is dependent on certain parts or sub-steps in Asia, then this also means that any conflict in Asia or in the relevant Asian countries or on the transport routes could potentially paralyze the entire company.\"\u00a0<\/p>\n<p>The CEO of Planet Industrial Excellence admits that the cost advantage of 30 to 70 percent often cited for production in Asia, depending on the industry and products, cannot be ignored. But \"in view of the risk of a complete halt to production, sticking to cost categories does not do justice to the current global situation,\" she says.<\/p>\n<h3>Two-stage approach: first procurement, then production<\/h3>\n<p>Jane Enny van Lambalgen advises companies to adopt a two-stage approach in order to achieve greater independence from the increasing geopolitical tensions. In the first step, the procurement side should be organized in such a way that there are at least two suppliers for each primary product, spread across different continents.\u00a0<\/p>\n<p>\"This poses enormous challenges for medium-sized manufacturing companies,\" the CEO knows from numerous projects. \"Nevertheless, companies are well advised to take this first step quickly before things explode again somewhere in the world,\" she says casually. Jane Enny van Lambalgen explains: \"In addition to the obvious conflicts in the triad of the great powers USA, China and Russia, which in turn harbour numerous proxy conflicts, there are many other dangers lurking around the globe, for example from terrorist organizations, the effects of which no business leader can foresee. Smart CEOs therefore put deglobalization at the top of their agenda in the sense of producing where the company's customers are located.\"<\/p>\n<h3>Warning of the supply chain trap<\/h3>\n<p>Jane Enny van Lambalgen warns of the \"supply chain trap\" in the struggle for greater independence: \"It's no use relying on a supplier in Europe for a European plant, which in turn is dependent on Asian primary products,\" she gives a concrete example.\u00a0<\/p>\n<p>She advises companies to use the time and effort already required in connection with the current EU supply chain regulations to not only provide the proof of sustainability required by law, but also to examine the resilience of the supply chain in the face of geopolitical tensions. \"The same applies to the supply chain as to any chain: it is only as durable as its weakest link,\" the CEO points out, \"a truism that often receives too little attention in management.\"<\/p>\n<h3>Positive examples from Bosch to Hugo Boss<\/h3>\n<p>In the second step, the reduction of global dependencies should be extended beyond procurement to the production facilities. \"What is sold in America should be produced in America. What is sold in Europe should be sold in Europe,\" is how Jane Enny van Lambalgen sums it up. She sees the increasing relocation of production from Germany to Poland or other Eastern European countries as \"economically uncritical and often sensible\". She cites Bosch, Miele, Viessmann \"and many other SMEs and corporations\" as examples of companies that have successfully relocated to neighboring countries.<\/p>\n<p>\"However, setting up a production facility in Asia only makes sense at present and probably only for the foreseeable future if the products manufactured there are also primarily sold in Asia,\" she says, providing clear guidelines for deglobalization. On the contrary, she advises bringing production lines from Asia back to Europe as far as possible. \"This does not necessarily have to be done by setting up our own European production facilities. Outsourcing to contract manufacturers with European production is a viable alternative,\" she clarifies, \"as long as it is ensured that the contract manufacturer is not caught in the supply chain trap.\" She cites the approach taken by fashion group Hugo Boss as a good example of this model.<\/p>\n<h3>Main hurdle: caste thinking in cost categories<\/h3>\n<p>Jane Enny van Lambalgen describes \"caste thinking in cost categories\" in large parts of the economy as a major obstacle to strengthening resilience through deglobalization. She admits to the \"cost riders in management\": \"Of course it is cheaper here and now to source primary products from Asia or operate a production facility there than in Europe, for example. But the risk associated with this dependency is constantly increasing and is becoming more and more incalculable.\" This applies all the more to the protection of specific know-how such as software, she points out.<\/p>\n<h3>The next corona could be Taiwan<\/h3>\n<p>Jane Enny von Lambalgen is surprised: \"The lessons learned from coronavirus seem to have faded in many management circles. But you have to be clear: Corona can come back at any time, only this time it might be called Taiwan.\" She praises the move by German medium-sized company Stihl to Switzerland as a \"clever measure\". \"A good example of a successful escape from the excessive regulation in the EU and the escalating operating costs for production in Germany,\" says Jane Enny van Lambalgen.<\/p>\n<p><em>More information: <a href=\"http:\/\/www.planetie.ch\" target=\"_blank\" rel=\"noopener\">www.planetie.ch<\/a>\u00a0and <a href=\"http:\/\/www.diplomatic-council.org\/vanlambalgen\" target=\"_blank\" rel=\"noopener\">www.diplomatic-council.org\/vanlambalgen<\/a><\/em><\/p>","protected":false},"excerpt":{"rendered":"<p>The large-scale transportation of goods across continents is no longer appropriate in view of increasing geopolitical tensions, says business expert Jane Enny van Lambalgen, Founding Partner and Managing Director of Planet Industrial Excellence. She therefore advises deglobalization.<\/p>","protected":false},"author":4,"featured_media":28625,"comment_status":"closed","ping_status":"closed","sticky":false,"template":"","format":"standard","meta":{"_acf_changed":false,"_yoast_wpseo_focuskw":"Deglobalisierung","_yoast_wpseo_metadesc":"Wirtschafts-Experting Jane Enny van Lambalgen von der Firma Planet Industrial Excellence ruft zur Deglobalisierung auf.","articlekey":"","footnotes":""},"categories":[28],"tags":[4325,335,462,2861],"class_list":["post-28624","post","type-post","status-publish","format-standard","has-post-thumbnail","hentry","category-management","tag-deglobalisierung","tag-management-und-unternehmensfuehrung","tag-supply-chain-management","tag-weltwirtschaft"],"acf":[],"yoast_head":"<!-- This site is optimized with the Yoast SEO plugin v27.5 - https:\/\/yoast.com\/product\/yoast-seo-wordpress\/ -->\n<title>Deglobalisierung als Gebot der Stunde - Organisator<\/title>\n<meta name=\"description\" content=\"Wirtschafts-Experting Jane Enny van Lambalgen von der Firma Planet Industrial Excellence ruft zur Deglobalisierung auf.\" \/>\n<meta name=\"robots\" content=\"index, follow, max-snippet:-1, max-image-preview:large, max-video-preview:-1\" \/>\n<link rel=\"canonical\" href=\"https:\/\/www.organisator.ch\/en\/management\/2024-08-05\/deglobalisierung-als-gebot-der-stunde\/\" \/>\n<meta property=\"og:locale\" content=\"en_US\" \/>\n<meta property=\"og:type\" content=\"article\" \/>\n<meta property=\"og:title\" content=\"Deglobalisierung als Gebot der Stunde - Organisator\" \/>\n<meta property=\"og:description\" content=\"Wirtschafts-Experting Jane Enny van Lambalgen von der Firma Planet Industrial Excellence ruft zur Deglobalisierung auf.\" \/>\n<meta property=\"og:url\" content=\"https:\/\/www.organisator.ch\/en\/management\/2024-08-05\/deglobalisierung-als-gebot-der-stunde\/\" \/>\n<meta property=\"og:site_name\" content=\"Organisator\" \/>\n<meta property=\"article:publisher\" content=\"https:\/\/www.facebook.com\/OrganisatorFachmagazin\" \/>\n<meta property=\"article:published_time\" content=\"2024-08-05T07:03:20+00:00\" \/>\n<meta property=\"og:image\" content=\"https:\/\/www.organisator.ch\/wp-content\/uploads\/2024\/08\/Deglobalisierung-als-Gebot-der-Stunde_Organisator.jpg\" \/>\n\t<meta property=\"og:image:width\" content=\"680\" \/>\n\t<meta property=\"og:image:height\" content=\"508\" \/>\n\t<meta property=\"og:image:type\" content=\"image\/jpeg\" \/>\n<meta name=\"author\" content=\"thomas.berner\" \/>\n<meta name=\"twitter:card\" content=\"summary_large_image\" \/>\n<script type=\"application\/ld+json\" class=\"yoast-schema-graph\">{\"@context\":\"https:\\\/\\\/schema.org\",\"@graph\":[{\"@type\":\"Article\",\"@id\":\"https:\\\/\\\/www.organisator.ch\\\/management\\\/2024-08-05\\\/deglobalisierung-als-gebot-der-stunde\\\/#article\",\"isPartOf\":{\"@id\":\"https:\\\/\\\/www.organisator.ch\\\/management\\\/2024-08-05\\\/deglobalisierung-als-gebot-der-stunde\\\/\"},\"author\":{\"name\":\"thomas.berner\",\"@id\":\"https:\\\/\\\/www.organisator.ch\\\/#\\\/schema\\\/person\\\/6f650f90b2842cd4c0cc334b4e36f67e\"},\"headline\":\"Deglobalisierung als Gebot der Stunde\",\"datePublished\":\"2024-08-05T07:03:20+00:00\",\"mainEntityOfPage\":{\"@id\":\"https:\\\/\\\/www.organisator.ch\\\/management\\\/2024-08-05\\\/deglobalisierung-als-gebot-der-stunde\\\/\"},\"wordCount\":996,\"publisher\":{\"@id\":\"https:\\\/\\\/www.organisator.ch\\\/#organization\"},\"image\":{\"@id\":\"https:\\\/\\\/www.organisator.ch\\\/management\\\/2024-08-05\\\/deglobalisierung-als-gebot-der-stunde\\\/#primaryimage\"},\"thumbnailUrl\":\"https:\\\/\\\/www.organisator.ch\\\/wp-content\\\/uploads\\\/2024\\\/08\\\/Deglobalisierung-als-Gebot-der-Stunde_Organisator.jpg\",\"keywords\":[\"Deglobalisierung\",\"Management und Unternehmensf\u00fchrung\",\"Supply Chain Management\",\"Weltwirtschaft\"],\"articleSection\":[\"MANAGEMENT\"],\"inLanguage\":\"en-US\"},{\"@type\":\"WebPage\",\"@id\":\"https:\\\/\\\/www.organisator.ch\\\/management\\\/2024-08-05\\\/deglobalisierung-als-gebot-der-stunde\\\/\",\"url\":\"https:\\\/\\\/www.organisator.ch\\\/management\\\/2024-08-05\\\/deglobalisierung-als-gebot-der-stunde\\\/\",\"name\":\"Deglobalisierung als Gebot der Stunde - Organisator\",\"isPartOf\":{\"@id\":\"https:\\\/\\\/www.organisator.ch\\\/#website\"},\"primaryImageOfPage\":{\"@id\":\"https:\\\/\\\/www.organisator.ch\\\/management\\\/2024-08-05\\\/deglobalisierung-als-gebot-der-stunde\\\/#primaryimage\"},\"image\":{\"@id\":\"https:\\\/\\\/www.organisator.ch\\\/management\\\/2024-08-05\\\/deglobalisierung-als-gebot-der-stunde\\\/#primaryimage\"},\"thumbnailUrl\":\"https:\\\/\\\/www.organisator.ch\\\/wp-content\\\/uploads\\\/2024\\\/08\\\/Deglobalisierung-als-Gebot-der-Stunde_Organisator.jpg\",\"datePublished\":\"2024-08-05T07:03:20+00:00\",\"description\":\"Wirtschafts-Experting Jane Enny van Lambalgen von der Firma Planet Industrial Excellence ruft zur Deglobalisierung auf.\",\"breadcrumb\":{\"@id\":\"https:\\\/\\\/www.organisator.ch\\\/management\\\/2024-08-05\\\/deglobalisierung-als-gebot-der-stunde\\\/#breadcrumb\"},\"inLanguage\":\"en-US\",\"potentialAction\":[{\"@type\":\"ReadAction\",\"target\":[\"https:\\\/\\\/www.organisator.ch\\\/management\\\/2024-08-05\\\/deglobalisierung-als-gebot-der-stunde\\\/\"]}]},{\"@type\":\"ImageObject\",\"inLanguage\":\"en-US\",\"@id\":\"https:\\\/\\\/www.organisator.ch\\\/management\\\/2024-08-05\\\/deglobalisierung-als-gebot-der-stunde\\\/#primaryimage\",\"url\":\"https:\\\/\\\/www.organisator.ch\\\/wp-content\\\/uploads\\\/2024\\\/08\\\/Deglobalisierung-als-Gebot-der-Stunde_Organisator.jpg\",\"contentUrl\":\"https:\\\/\\\/www.organisator.ch\\\/wp-content\\\/uploads\\\/2024\\\/08\\\/Deglobalisierung-als-Gebot-der-Stunde_Organisator.jpg\",\"width\":680,\"height\":508,\"caption\":\"Jane Enny van Lambalgen ist Founding Partner und Gesch\u00e4ftsf\u00fchrerin der Firma Planet Industrial Excellence sowie Mitglied bei United Interim, der f\u00fchrenden Community f\u00fcr Interim Manager im deutschsprachigen Raum, und im Diplomatic Council, einer globalen Denkfabrik mit Beraterstatus bei den Vereinten Nationen (UNO). Sie h\u00e4lt den G\u00fctertransport \u00fcber Kontinenten hinweg f\u00fcr \u00fcberholt und ruft zur Deglobalisierung auf. (Bild: zVg \\\/ Planet Industrial Excellence)\"},{\"@type\":\"BreadcrumbList\",\"@id\":\"https:\\\/\\\/www.organisator.ch\\\/management\\\/2024-08-05\\\/deglobalisierung-als-gebot-der-stunde\\\/#breadcrumb\",\"itemListElement\":[{\"@type\":\"ListItem\",\"position\":1,\"name\":\"Home\",\"item\":\"https:\\\/\\\/www.organisator.ch\\\/\"},{\"@type\":\"ListItem\",\"position\":2,\"name\":\"Deglobalisierung als Gebot der Stunde\"}]},{\"@type\":\"WebSite\",\"@id\":\"https:\\\/\\\/www.organisator.ch\\\/#website\",\"url\":\"https:\\\/\\\/www.organisator.ch\\\/\",\"name\":\"Organisator\",\"description\":\"Kompetent. Praxisnah. Der ORGANISATOR bereitet in 10 Ausgaben pro Jahr die wesentlichen Themen f\u00fcr F\u00fchrungskr\u00e4fte von KMU auf.\",\"publisher\":{\"@id\":\"https:\\\/\\\/www.organisator.ch\\\/#organization\"},\"potentialAction\":[{\"@type\":\"SearchAction\",\"target\":{\"@type\":\"EntryPoint\",\"urlTemplate\":\"https:\\\/\\\/www.organisator.ch\\\/?s={search_term_string}\"},\"query-input\":{\"@type\":\"PropertyValueSpecification\",\"valueRequired\":true,\"valueName\":\"search_term_string\"}}],\"inLanguage\":\"en-US\"},{\"@type\":\"Organization\",\"@id\":\"https:\\\/\\\/www.organisator.ch\\\/#organization\",\"name\":\"Organisator\",\"url\":\"https:\\\/\\\/www.organisator.ch\\\/\",\"logo\":{\"@type\":\"ImageObject\",\"inLanguage\":\"en-US\",\"@id\":\"https:\\\/\\\/www.organisator.ch\\\/#\\\/schema\\\/logo\\\/image\\\/\",\"url\":\"https:\\\/\\\/www.organisator.ch\\\/wp-content\\\/uploads\\\/2022\\\/01\\\/Logo_Organisator_Website.png\",\"contentUrl\":\"https:\\\/\\\/www.organisator.ch\\\/wp-content\\\/uploads\\\/2022\\\/01\\\/Logo_Organisator_Website.png\",\"width\":800,\"height\":77,\"caption\":\"Organisator\"},\"image\":{\"@id\":\"https:\\\/\\\/www.organisator.ch\\\/#\\\/schema\\\/logo\\\/image\\\/\"},\"sameAs\":[\"https:\\\/\\\/www.facebook.com\\\/OrganisatorFachmagazin\",\"https:\\\/\\\/www.linkedin.com\\\/showcase\\\/organisator-das-magazin-fr-kmu\",\"https:\\\/\\\/www.xing.com\\\/news\\\/pages\\\/organisator-ch-695\",\"https:\\\/\\\/www.youtube.com\\\/channel\\\/UCGP2Sq0iWaZwT3BdIAQFYpw\"]},{\"@type\":\"Person\",\"@id\":\"https:\\\/\\\/www.organisator.ch\\\/#\\\/schema\\\/person\\\/6f650f90b2842cd4c0cc334b4e36f67e\",\"name\":\"thomas.berner\",\"image\":{\"@type\":\"ImageObject\",\"inLanguage\":\"en-US\",\"@id\":\"https:\\\/\\\/secure.gravatar.com\\\/avatar\\\/ac5001d2a36cb6c6cd3e50789007ffca834b477b74a2144564522e944eabff61?s=96&d=mm&r=g\",\"url\":\"https:\\\/\\\/secure.gravatar.com\\\/avatar\\\/ac5001d2a36cb6c6cd3e50789007ffca834b477b74a2144564522e944eabff61?s=96&d=mm&r=g\",\"contentUrl\":\"https:\\\/\\\/secure.gravatar.com\\\/avatar\\\/ac5001d2a36cb6c6cd3e50789007ffca834b477b74a2144564522e944eabff61?s=96&d=mm&r=g\",\"caption\":\"thomas.berner\"},\"url\":\"https:\\\/\\\/www.organisator.ch\\\/en\\\/author\\\/thomas-berner\\\/\"}]}<\/script>\n<!-- \/ Yoast SEO plugin. -->","yoast_head_json":{"title":"Deglobalization is the order of the day - Organizer","description":"Business expert Jane Enny van Lambalgen from Planet Industrial Excellence calls for deglobalization.","robots":{"index":"index","follow":"follow","max-snippet":"max-snippet:-1","max-image-preview":"max-image-preview:large","max-video-preview":"max-video-preview:-1"},"canonical":"https:\/\/www.organisator.ch\/en\/management\/2024-08-05\/deglobalisierung-als-gebot-der-stunde\/","og_locale":"en_US","og_type":"article","og_title":"Deglobalisierung als Gebot der Stunde - Organisator","og_description":"Wirtschafts-Experting Jane Enny van Lambalgen von der Firma Planet Industrial Excellence ruft zur Deglobalisierung auf.","og_url":"https:\/\/www.organisator.ch\/en\/management\/2024-08-05\/deglobalisierung-als-gebot-der-stunde\/","og_site_name":"Organisator","article_publisher":"https:\/\/www.facebook.com\/OrganisatorFachmagazin","article_published_time":"2024-08-05T07:03:20+00:00","og_image":[{"width":680,"height":508,"url":"https:\/\/www.organisator.ch\/wp-content\/uploads\/2024\/08\/Deglobalisierung-als-Gebot-der-Stunde_Organisator.jpg","type":"image\/jpeg"}],"author":"thomas.berner","twitter_card":"summary_large_image","schema":{"@context":"https:\/\/schema.org","@graph":[{"@type":"Article","@id":"https:\/\/www.organisator.ch\/management\/2024-08-05\/deglobalisierung-als-gebot-der-stunde\/#article","isPartOf":{"@id":"https:\/\/www.organisator.ch\/management\/2024-08-05\/deglobalisierung-als-gebot-der-stunde\/"},"author":{"name":"thomas.berner","@id":"https:\/\/www.organisator.ch\/#\/schema\/person\/6f650f90b2842cd4c0cc334b4e36f67e"},"headline":"Deglobalisierung als Gebot der Stunde","datePublished":"2024-08-05T07:03:20+00:00","mainEntityOfPage":{"@id":"https:\/\/www.organisator.ch\/management\/2024-08-05\/deglobalisierung-als-gebot-der-stunde\/"},"wordCount":996,"publisher":{"@id":"https:\/\/www.organisator.ch\/#organization"},"image":{"@id":"https:\/\/www.organisator.ch\/management\/2024-08-05\/deglobalisierung-als-gebot-der-stunde\/#primaryimage"},"thumbnailUrl":"https:\/\/www.organisator.ch\/wp-content\/uploads\/2024\/08\/Deglobalisierung-als-Gebot-der-Stunde_Organisator.jpg","keywords":["Deglobalisierung","Management und Unternehmensf\u00fchrung","Supply Chain Management","Weltwirtschaft"],"articleSection":["MANAGEMENT"],"inLanguage":"en-US"},{"@type":"WebPage","@id":"https:\/\/www.organisator.ch\/management\/2024-08-05\/deglobalisierung-als-gebot-der-stunde\/","url":"https:\/\/www.organisator.ch\/management\/2024-08-05\/deglobalisierung-als-gebot-der-stunde\/","name":"Deglobalization is the order of the day - Organizer","isPartOf":{"@id":"https:\/\/www.organisator.ch\/#website"},"primaryImageOfPage":{"@id":"https:\/\/www.organisator.ch\/management\/2024-08-05\/deglobalisierung-als-gebot-der-stunde\/#primaryimage"},"image":{"@id":"https:\/\/www.organisator.ch\/management\/2024-08-05\/deglobalisierung-als-gebot-der-stunde\/#primaryimage"},"thumbnailUrl":"https:\/\/www.organisator.ch\/wp-content\/uploads\/2024\/08\/Deglobalisierung-als-Gebot-der-Stunde_Organisator.jpg","datePublished":"2024-08-05T07:03:20+00:00","description":"Business expert Jane Enny van Lambalgen from Planet Industrial Excellence calls for deglobalization.","breadcrumb":{"@id":"https:\/\/www.organisator.ch\/management\/2024-08-05\/deglobalisierung-als-gebot-der-stunde\/#breadcrumb"},"inLanguage":"en-US","potentialAction":[{"@type":"ReadAction","target":["https:\/\/www.organisator.ch\/management\/2024-08-05\/deglobalisierung-als-gebot-der-stunde\/"]}]},{"@type":"ImageObject","inLanguage":"en-US","@id":"https:\/\/www.organisator.ch\/management\/2024-08-05\/deglobalisierung-als-gebot-der-stunde\/#primaryimage","url":"https:\/\/www.organisator.ch\/wp-content\/uploads\/2024\/08\/Deglobalisierung-als-Gebot-der-Stunde_Organisator.jpg","contentUrl":"https:\/\/www.organisator.ch\/wp-content\/uploads\/2024\/08\/Deglobalisierung-als-Gebot-der-Stunde_Organisator.jpg","width":680,"height":508,"caption":"Jane Enny van Lambalgen ist Founding Partner und Gesch\u00e4ftsf\u00fchrerin der Firma Planet Industrial Excellence sowie Mitglied bei United Interim, der f\u00fchrenden Community f\u00fcr Interim Manager im deutschsprachigen Raum, und im Diplomatic Council, einer globalen Denkfabrik mit Beraterstatus bei den Vereinten Nationen (UNO). Sie h\u00e4lt den G\u00fctertransport \u00fcber Kontinenten hinweg f\u00fcr \u00fcberholt und ruft zur Deglobalisierung auf. (Bild: zVg \/ Planet Industrial Excellence)"},{"@type":"BreadcrumbList","@id":"https:\/\/www.organisator.ch\/management\/2024-08-05\/deglobalisierung-als-gebot-der-stunde\/#breadcrumb","itemListElement":[{"@type":"ListItem","position":1,"name":"Home","item":"https:\/\/www.organisator.ch\/"},{"@type":"ListItem","position":2,"name":"Deglobalisierung als Gebot der Stunde"}]},{"@type":"WebSite","@id":"https:\/\/www.organisator.ch\/#website","url":"https:\/\/www.organisator.ch\/","name":"Organizer","description":"Competent. Practical. In 10 issues per year, ORGANISATOR presents the essential topics for managers of SMEs.","publisher":{"@id":"https:\/\/www.organisator.ch\/#organization"},"potentialAction":[{"@type":"SearchAction","target":{"@type":"EntryPoint","urlTemplate":"https:\/\/www.organisator.ch\/?s={search_term_string}"},"query-input":{"@type":"PropertyValueSpecification","valueRequired":true,"valueName":"search_term_string"}}],"inLanguage":"en-US"},{"@type":"Organization","@id":"https:\/\/www.organisator.ch\/#organization","name":"Organizer","url":"https:\/\/www.organisator.ch\/","logo":{"@type":"ImageObject","inLanguage":"en-US","@id":"https:\/\/www.organisator.ch\/#\/schema\/logo\/image\/","url":"https:\/\/www.organisator.ch\/wp-content\/uploads\/2022\/01\/Logo_Organisator_Website.png","contentUrl":"https:\/\/www.organisator.ch\/wp-content\/uploads\/2022\/01\/Logo_Organisator_Website.png","width":800,"height":77,"caption":"Organisator"},"image":{"@id":"https:\/\/www.organisator.ch\/#\/schema\/logo\/image\/"},"sameAs":["https:\/\/www.facebook.com\/OrganisatorFachmagazin","https:\/\/www.linkedin.com\/showcase\/organisator-das-magazin-fr-kmu","https:\/\/www.xing.com\/news\/pages\/organisator-ch-695","https:\/\/www.youtube.com\/channel\/UCGP2Sq0iWaZwT3BdIAQFYpw"]},{"@type":"Person","@id":"https:\/\/www.organisator.ch\/#\/schema\/person\/6f650f90b2842cd4c0cc334b4e36f67e","name":"thomas.berner","image":{"@type":"ImageObject","inLanguage":"en-US","@id":"https:\/\/secure.gravatar.com\/avatar\/ac5001d2a36cb6c6cd3e50789007ffca834b477b74a2144564522e944eabff61?s=96&d=mm&r=g","url":"https:\/\/secure.gravatar.com\/avatar\/ac5001d2a36cb6c6cd3e50789007ffca834b477b74a2144564522e944eabff61?s=96&d=mm&r=g","contentUrl":"https:\/\/secure.gravatar.com\/avatar\/ac5001d2a36cb6c6cd3e50789007ffca834b477b74a2144564522e944eabff61?s=96&d=mm&r=g","caption":"thomas.berner"},"url":"https:\/\/www.organisator.ch\/en\/author\/thomas-berner\/"}]}},"_links":{"self":[{"href":"https:\/\/www.organisator.ch\/en\/wp-json\/wp\/v2\/posts\/28624","targetHints":{"allow":["GET"]}}],"collection":[{"href":"https:\/\/www.organisator.ch\/en\/wp-json\/wp\/v2\/posts"}],"about":[{"href":"https:\/\/www.organisator.ch\/en\/wp-json\/wp\/v2\/types\/post"}],"author":[{"embeddable":true,"href":"https:\/\/www.organisator.ch\/en\/wp-json\/wp\/v2\/users\/4"}],"replies":[{"embeddable":true,"href":"https:\/\/www.organisator.ch\/en\/wp-json\/wp\/v2\/comments?post=28624"}],"version-history":[{"count":3,"href":"https:\/\/www.organisator.ch\/en\/wp-json\/wp\/v2\/posts\/28624\/revisions"}],"predecessor-version":[{"id":28668,"href":"https:\/\/www.organisator.ch\/en\/wp-json\/wp\/v2\/posts\/28624\/revisions\/28668"}],"wp:featuredmedia":[{"embeddable":true,"href":"https:\/\/www.organisator.ch\/en\/wp-json\/wp\/v2\/media\/28625"}],"wp:attachment":[{"href":"https:\/\/www.organisator.ch\/en\/wp-json\/wp\/v2\/media?parent=28624"}],"wp:term":[{"taxonomy":"category","embeddable":true,"href":"https:\/\/www.organisator.ch\/en\/wp-json\/wp\/v2\/categories?post=28624"},{"taxonomy":"post_tag","embeddable":true,"href":"https:\/\/www.organisator.ch\/en\/wp-json\/wp\/v2\/tags?post=28624"}],"curies":[{"name":"wp","href":"https:\/\/api.w.org\/{rel}","templated":true}]}}