{"id":28627,"date":"2024-08-05T08:37:50","date_gmt":"2024-08-05T06:37:50","guid":{"rendered":"https:\/\/www.m-q.ch\/?p=20165"},"modified":"2024-11-09T10:28:39","modified_gmt":"2024-11-09T09:28:39","slug":"schweizer-spitaeler-rutschen-von-der-schief-in-die-notlage","status":"publish","type":"post","link":"https:\/\/www.organisator.ch\/en\/operational-excellence\/2024-08-05\/schweizer-spitaeler-rutschen-von-der-schief-in-die-notlage\/","title":{"rendered":"Swiss hospitals are slipping from a weak to an emergency situation"},"content":{"rendered":"<figure id=\"attachment_20166\" class=\"wp-caption alignnone\" style=\"width: 680px\" aria-describedby=\"caption-attachment-20166\"><img class=\"alignnone wp-image-20166 size-full\" src=\"https:\/\/www.m-q.ch\/wp-content\/uploads\/2024\/08\/Schweizer-Spitaeler-rutschen-von-der-Schief-in-die-Notlage_MQ.jpg\" alt=\"Swiss hospitals financial position 2023\" width=\"680\" height=\"397\" \/>\r\n<figcaption id=\"caption-attachment-20166\" class=\"wp-caption-text\">The hospital associations of the Canton of St. Gallen - here the Cantonal Hospital of St. Gallen - also posted a loss in 2023, namely CHF 58.9 million, despite an increase in revenue. This fits in with the overall picture of the \"alarming\" financial situation of Swiss hospitals according to PwC. (Image: Cantonal Hospital St.Gallen)<\/figcaption>\r\n<\/figure>\r\n<p>This year's study \"Swiss hospitals: This is how healthy their finances were in 2023\" by PwC Switzerland speaks plainly: the financial situation of Swiss hospitals is alarming. Some cantons have already taken out rescue packages, and others are likely to follow. This raises the question of which facilities are still necessary and sustainable and which are not. The planned packages are likely to cost Swiss taxpayers over CHF 1 billion a year in view of the gaps and the support already provided, the study calculates. The study was conducted in July 2024 on the basis of the published annual accounts of 44 acute hospitals and 12 psychiatric clinics. In order to reflect the reality in practice, the study contains excursuses on various key topics and three interviews on best practice with renowned industry personalities.<\/p>\r\n<h3>Existential threat to acute care<\/h3>\r\n<p>According to PwC, the financial year 2023 shows worrying health figures for acute hospitals: eroding margins, falling liquidity, declining equity ratios. As tariff adjustments did not keep pace with inflation, the median EBITDAR margin shrank to a worrying 3.6 %, which is significantly below the industry target of 10 % defined by PwC and also marks the lowest level since the introduction of the SwissDRG tariff system in 2012.<\/p>\r\n<p>In 2023, even more hospitals will be making losses than in the previous year. In view of the current financial results, hardly any of the study hospitals could survive on their own financial strength in the long term. This presents the cantons, as planners of healthcare provision, with difficult decisions with far-reaching consequences for the Swiss healthcare system. Patrick Schwendener, Head of Healthcare Deals at PwC Switzerland, comments: \"Although many hospitals and their owners are aiming for an EBITDAR margin of 8 % to 10 %, they are not operating profit-oriented. This attitude sends out the wrong signals and ultimately jeopardizes the existence of the facilities.\"\u00a0<\/p>\r\n<h3>Psychiatric clinics continue to grow<\/h3>\r\n<p>Psychiatric clinics increased their total revenue by a median of 4.8 % in 2023 to a new record high. Growth was driven by a substantial increase in inpatient and outpatient revenue. The latter increased by a median of 11.6 % compared to the previous year. The EBITDAR margin climbed to a median of 8.1 %. Accordingly, psychiatric clinics are also sufficiently liquid to meet their short-term payment obligations. High capacity utilization, the necessary investment volumes and the worsening shortage of specialists remain key challenges in this segment.\u00a0<\/p>\r\n<h3>First aid yes, but<\/h3>\r\n<p>Since the beginning of 2022, the structural adjustment of the Swiss hospital landscape has accelerated due to financial challenges and a lack of specialists. System-related consolidation makes sense, but an uncoordinated approach can distort competition and prevent sensible structural adjustments. The cantons' planned first aid measures are likely to cost Swiss taxpayers a cumulative total of over CHF 1 billion per year. Philip Sommer, Head of Healthcare Consulting at PwC Switzerland, comments on this fact as follows: \"Rescue packages are not a sustainable solution. In the long term, reforms are necessary to ensure the efficiency and stability of healthcare provision.\"<\/p>\r\n<h3>Systemic relevance as a key criterion<\/h3>\r\n<p>As a key argument for a targeted rescue of hospitals, PwC recommends focusing on the systemic relevance of individual facilities. A facility is systemically relevant if its closure would have a fundamental impact on the healthcare region. Whether for equity or debt subsidies, guarantees, compensation for public services, takeovers or rescue companies: In the decision-making process for restructuring, the cantons must define a suitable set of instruments for each individual hospital in an objective and owner-neutral manner and communicate them openly. Stefanie Schneuwly, Senior Manager Consulting Healthcare at PwC Switzerland, explains: \"Hospitals that receive financial support from the cantons must be measured against clear criteria and requirements. This should be made transparent.\"<\/p>\r\n<h3>Politically preventing collapse<\/h3>\r\n<p>The current crisis is structural in nature and has grown over the years. Cost pressure, labour shortages, poorly financed outpatient care, a lack of necessary investment in digital transformation or infrastructural modernization and a lack of networking of hospital structures are putting financial pressure on hospitals. In order to prevent the collapse of the high-quality Swiss healthcare system and provide incentives for integrated, networked care, PwC believes that political adjustments to the framework conditions are necessary. The regulatory authorities should create better framework conditions, for example by using the uniform financing of outpatient and inpatient services directly for the right incentives in the tariff systems, adjusting the tariff systems more quickly to the cost reality via inflation adjustments, reducing the regulatory requirements in order to promote innovative care models and focusing on quality in the long term.<\/p>\r\n<p><em>Source: <a href=\"http:\/\/www.pwc.ch\/\">PwC<\/a><\/em><\/p>\n<p class=\"syndicated-attribution\">This article originally appeared on m-q.ch - <a href=\"https:\/\/www.m-q.ch\/de\/schweizer-spitaeler-rutschen-von-der-schief-in-die-notlage\/\" target=\"_blank\">https:\/\/www.m-q.ch\/de\/schweizer-spitaeler-rutschen-von-der-schief-in-die-notlage\/<\/a><\/p>","protected":false},"excerpt":{"rendered":"<p>A new study by the auditing firm PwC shows that more and more Swiss hospitals are chronically underfunded. Rescue packages are required, but these are likely to cost taxpayers over CHF 1 billion a year. According to PwC, solutions lie in adapting tariff systems, reducing requirements, strengthening competition and, last but not least, improving quality.<\/p>","protected":false},"author":8,"featured_media":0,"comment_status":"closed","ping_status":"closed","sticky":false,"template":"","format":"standard","meta":{"_acf_changed":false,"_yoast_wpseo_focuskw":"Schweizer Spit\u00e4ler Finanzlage 2023","_yoast_wpseo_metadesc":"PwC-Studie 2023: Finanzlage der Schweizer Spit\u00e4ler alarmierend. Kantone greifen zu Rettungspaketen, Strukturreformen gefordert.","articlekey":"","footnotes":""},"categories":[582],"tags":[586,2732,605,4326,2576],"class_list":["post-28627","post","type-post","status-publish","format-standard","hentry","category-operational-excellence","tag-allgemein","tag-gesundheitswesen","tag-qualitaetsmanagement","tag-schweizer-spitaeler","tag-wirtschaft"],"acf":[],"yoast_head":"<!-- This site is optimized with the Yoast SEO plugin v27.5 - https:\/\/yoast.com\/product\/yoast-seo-wordpress\/ -->\n<title>Schweizer Spit\u00e4ler rutschen von der Schief- in die Notlage - Organisator<\/title>\n<meta name=\"description\" content=\"PwC-Studie 2023: Finanzlage der Schweizer Spit\u00e4ler alarmierend. Kantone greifen zu Rettungspaketen, Strukturreformen gefordert.\" \/>\n<meta name=\"robots\" content=\"index, follow, max-snippet:-1, max-image-preview:large, max-video-preview:-1\" \/>\n<link rel=\"canonical\" href=\"https:\/\/www.organisator.ch\/en\/operational-excellence\/2024-08-05\/schweizer-spitaeler-rutschen-von-der-schief-in-die-notlage\/\" \/>\n<meta property=\"og:locale\" content=\"en_US\" \/>\n<meta property=\"og:type\" content=\"article\" \/>\n<meta property=\"og:title\" content=\"Schweizer Spit\u00e4ler rutschen von der Schief- in die Notlage - Organisator\" \/>\n<meta property=\"og:description\" content=\"PwC-Studie 2023: Finanzlage der Schweizer Spit\u00e4ler alarmierend. Kantone greifen zu Rettungspaketen, Strukturreformen gefordert.\" \/>\n<meta property=\"og:url\" content=\"https:\/\/www.organisator.ch\/en\/operational-excellence\/2024-08-05\/schweizer-spitaeler-rutschen-von-der-schief-in-die-notlage\/\" \/>\n<meta property=\"og:site_name\" content=\"Organisator\" \/>\n<meta property=\"article:publisher\" content=\"https:\/\/www.facebook.com\/OrganisatorFachmagazin\" \/>\n<meta property=\"article:published_time\" content=\"2024-08-05T06:37:50+00:00\" \/>\n<meta property=\"article:modified_time\" content=\"2024-11-09T09:28:39+00:00\" \/>\n<meta property=\"og:image\" content=\"https:\/\/www.m-q.ch\/wp-content\/uploads\/2024\/08\/Schweizer-Spitaeler-rutschen-von-der-Schief-in-die-Notlage_MQ.jpg\" \/>\n<meta name=\"author\" content=\"galledia\" \/>\n<meta name=\"twitter:card\" content=\"summary_large_image\" \/>\n<meta name=\"twitter:creator\" content=\"@admin\" \/>\n<script type=\"application\/ld+json\" class=\"yoast-schema-graph\">{\"@context\":\"https:\\\/\\\/schema.org\",\"@graph\":[{\"@type\":\"Article\",\"@id\":\"https:\\\/\\\/www.organisator.ch\\\/operational-excellence\\\/2024-08-05\\\/schweizer-spitaeler-rutschen-von-der-schief-in-die-notlage\\\/#article\",\"isPartOf\":{\"@id\":\"https:\\\/\\\/www.organisator.ch\\\/operational-excellence\\\/2024-08-05\\\/schweizer-spitaeler-rutschen-von-der-schief-in-die-notlage\\\/\"},\"author\":{\"name\":\"galledia\",\"@id\":\"https:\\\/\\\/www.organisator.ch\\\/#\\\/schema\\\/person\\\/4e51799071cd2dd1232ac003643ef5f0\"},\"headline\":\"Schweizer Spit\u00e4ler rutschen von der Schief- in die Notlage\",\"datePublished\":\"2024-08-05T06:37:50+00:00\",\"dateModified\":\"2024-11-09T09:28:39+00:00\",\"mainEntityOfPage\":{\"@id\":\"https:\\\/\\\/www.organisator.ch\\\/operational-excellence\\\/2024-08-05\\\/schweizer-spitaeler-rutschen-von-der-schief-in-die-notlage\\\/\"},\"wordCount\":720,\"publisher\":{\"@id\":\"https:\\\/\\\/www.organisator.ch\\\/#organization\"},\"image\":{\"@id\":\"https:\\\/\\\/www.organisator.ch\\\/operational-excellence\\\/2024-08-05\\\/schweizer-spitaeler-rutschen-von-der-schief-in-die-notlage\\\/#primaryimage\"},\"thumbnailUrl\":\"https:\\\/\\\/www.m-q.ch\\\/wp-content\\\/uploads\\\/2024\\\/08\\\/Schweizer-Spitaeler-rutschen-von-der-Schief-in-die-Notlage_MQ.jpg\",\"keywords\":[\"Allgemein\",\"Gesundheitswesen\",\"Qualit\u00e4tsmanagement\",\"Schweizer Spit\u00e4ler\",\"Wirtschaft\"],\"articleSection\":[\"OPERATIONAL EXCELLENCE\"],\"inLanguage\":\"en-US\"},{\"@type\":\"WebPage\",\"@id\":\"https:\\\/\\\/www.organisator.ch\\\/operational-excellence\\\/2024-08-05\\\/schweizer-spitaeler-rutschen-von-der-schief-in-die-notlage\\\/\",\"url\":\"https:\\\/\\\/www.organisator.ch\\\/operational-excellence\\\/2024-08-05\\\/schweizer-spitaeler-rutschen-von-der-schief-in-die-notlage\\\/\",\"name\":\"Schweizer Spit\u00e4ler rutschen von der Schief- in die Notlage - Organisator\",\"isPartOf\":{\"@id\":\"https:\\\/\\\/www.organisator.ch\\\/#website\"},\"primaryImageOfPage\":{\"@id\":\"https:\\\/\\\/www.organisator.ch\\\/operational-excellence\\\/2024-08-05\\\/schweizer-spitaeler-rutschen-von-der-schief-in-die-notlage\\\/#primaryimage\"},\"image\":{\"@id\":\"https:\\\/\\\/www.organisator.ch\\\/operational-excellence\\\/2024-08-05\\\/schweizer-spitaeler-rutschen-von-der-schief-in-die-notlage\\\/#primaryimage\"},\"thumbnailUrl\":\"https:\\\/\\\/www.m-q.ch\\\/wp-content\\\/uploads\\\/2024\\\/08\\\/Schweizer-Spitaeler-rutschen-von-der-Schief-in-die-Notlage_MQ.jpg\",\"datePublished\":\"2024-08-05T06:37:50+00:00\",\"dateModified\":\"2024-11-09T09:28:39+00:00\",\"description\":\"PwC-Studie 2023: Finanzlage der Schweizer Spit\u00e4ler alarmierend. Kantone greifen zu Rettungspaketen, Strukturreformen gefordert.\",\"breadcrumb\":{\"@id\":\"https:\\\/\\\/www.organisator.ch\\\/operational-excellence\\\/2024-08-05\\\/schweizer-spitaeler-rutschen-von-der-schief-in-die-notlage\\\/#breadcrumb\"},\"inLanguage\":\"en-US\",\"potentialAction\":[{\"@type\":\"ReadAction\",\"target\":[\"https:\\\/\\\/www.organisator.ch\\\/operational-excellence\\\/2024-08-05\\\/schweizer-spitaeler-rutschen-von-der-schief-in-die-notlage\\\/\"]}]},{\"@type\":\"ImageObject\",\"inLanguage\":\"en-US\",\"@id\":\"https:\\\/\\\/www.organisator.ch\\\/operational-excellence\\\/2024-08-05\\\/schweizer-spitaeler-rutschen-von-der-schief-in-die-notlage\\\/#primaryimage\",\"url\":\"https:\\\/\\\/www.m-q.ch\\\/wp-content\\\/uploads\\\/2024\\\/08\\\/Schweizer-Spitaeler-rutschen-von-der-Schief-in-die-Notlage_MQ.jpg\",\"contentUrl\":\"https:\\\/\\\/www.m-q.ch\\\/wp-content\\\/uploads\\\/2024\\\/08\\\/Schweizer-Spitaeler-rutschen-von-der-Schief-in-die-Notlage_MQ.jpg\"},{\"@type\":\"BreadcrumbList\",\"@id\":\"https:\\\/\\\/www.organisator.ch\\\/operational-excellence\\\/2024-08-05\\\/schweizer-spitaeler-rutschen-von-der-schief-in-die-notlage\\\/#breadcrumb\",\"itemListElement\":[{\"@type\":\"ListItem\",\"position\":1,\"name\":\"Home\",\"item\":\"https:\\\/\\\/www.organisator.ch\\\/\"},{\"@type\":\"ListItem\",\"position\":2,\"name\":\"Schweizer Spit\u00e4ler rutschen von der Schief- in die Notlage\"}]},{\"@type\":\"WebSite\",\"@id\":\"https:\\\/\\\/www.organisator.ch\\\/#website\",\"url\":\"https:\\\/\\\/www.organisator.ch\\\/\",\"name\":\"Organisator\",\"description\":\"Kompetent. Praxisnah. Der ORGANISATOR bereitet in 10 Ausgaben pro Jahr die wesentlichen Themen f\u00fcr F\u00fchrungskr\u00e4fte von KMU auf.\",\"publisher\":{\"@id\":\"https:\\\/\\\/www.organisator.ch\\\/#organization\"},\"potentialAction\":[{\"@type\":\"SearchAction\",\"target\":{\"@type\":\"EntryPoint\",\"urlTemplate\":\"https:\\\/\\\/www.organisator.ch\\\/?s={search_term_string}\"},\"query-input\":{\"@type\":\"PropertyValueSpecification\",\"valueRequired\":true,\"valueName\":\"search_term_string\"}}],\"inLanguage\":\"en-US\"},{\"@type\":\"Organization\",\"@id\":\"https:\\\/\\\/www.organisator.ch\\\/#organization\",\"name\":\"Organisator\",\"url\":\"https:\\\/\\\/www.organisator.ch\\\/\",\"logo\":{\"@type\":\"ImageObject\",\"inLanguage\":\"en-US\",\"@id\":\"https:\\\/\\\/www.organisator.ch\\\/#\\\/schema\\\/logo\\\/image\\\/\",\"url\":\"https:\\\/\\\/www.organisator.ch\\\/wp-content\\\/uploads\\\/2022\\\/01\\\/Logo_Organisator_Website.png\",\"contentUrl\":\"https:\\\/\\\/www.organisator.ch\\\/wp-content\\\/uploads\\\/2022\\\/01\\\/Logo_Organisator_Website.png\",\"width\":800,\"height\":77,\"caption\":\"Organisator\"},\"image\":{\"@id\":\"https:\\\/\\\/www.organisator.ch\\\/#\\\/schema\\\/logo\\\/image\\\/\"},\"sameAs\":[\"https:\\\/\\\/www.facebook.com\\\/OrganisatorFachmagazin\",\"https:\\\/\\\/www.linkedin.com\\\/showcase\\\/organisator-das-magazin-fr-kmu\",\"https:\\\/\\\/www.xing.com\\\/news\\\/pages\\\/organisator-ch-695\",\"https:\\\/\\\/www.youtube.com\\\/channel\\\/UCGP2Sq0iWaZwT3BdIAQFYpw\"]},{\"@type\":\"Person\",\"@id\":\"https:\\\/\\\/www.organisator.ch\\\/#\\\/schema\\\/person\\\/4e51799071cd2dd1232ac003643ef5f0\",\"name\":\"galledia\",\"image\":{\"@type\":\"ImageObject\",\"inLanguage\":\"en-US\",\"@id\":\"https:\\\/\\\/secure.gravatar.com\\\/avatar\\\/78a7f90c01fc2bfc875782a0d4922b37cde2cf184ce347b91316d23cd7f69a36?s=96&d=mm&r=g\",\"url\":\"https:\\\/\\\/secure.gravatar.com\\\/avatar\\\/78a7f90c01fc2bfc875782a0d4922b37cde2cf184ce347b91316d23cd7f69a36?s=96&d=mm&r=g\",\"contentUrl\":\"https:\\\/\\\/secure.gravatar.com\\\/avatar\\\/78a7f90c01fc2bfc875782a0d4922b37cde2cf184ce347b91316d23cd7f69a36?s=96&d=mm&r=g\",\"caption\":\"galledia\"},\"sameAs\":[\"https:\\\/\\\/x.com\\\/admin\"],\"url\":\"https:\\\/\\\/www.organisator.ch\\\/en\\\/author\\\/galledia\\\/\"}]}<\/script>\n<!-- \/ Yoast SEO plugin. -->","yoast_head_json":{"title":"Swiss hospitals are slipping from a critical to an emergency situation - Organizer","description":"PwC Study 2023: Financial situation of Swiss hospitals alarming. Cantons resort to rescue packages, structural reforms required.","robots":{"index":"index","follow":"follow","max-snippet":"max-snippet:-1","max-image-preview":"max-image-preview:large","max-video-preview":"max-video-preview:-1"},"canonical":"https:\/\/www.organisator.ch\/en\/operational-excellence\/2024-08-05\/schweizer-spitaeler-rutschen-von-der-schief-in-die-notlage\/","og_locale":"en_US","og_type":"article","og_title":"Schweizer Spit\u00e4ler rutschen von der Schief- in die Notlage - Organisator","og_description":"PwC-Studie 2023: Finanzlage der Schweizer Spit\u00e4ler alarmierend. Kantone greifen zu Rettungspaketen, Strukturreformen gefordert.","og_url":"https:\/\/www.organisator.ch\/en\/operational-excellence\/2024-08-05\/schweizer-spitaeler-rutschen-von-der-schief-in-die-notlage\/","og_site_name":"Organisator","article_publisher":"https:\/\/www.facebook.com\/OrganisatorFachmagazin","article_published_time":"2024-08-05T06:37:50+00:00","article_modified_time":"2024-11-09T09:28:39+00:00","og_image":[{"url":"https:\/\/www.m-q.ch\/wp-content\/uploads\/2024\/08\/Schweizer-Spitaeler-rutschen-von-der-Schief-in-die-Notlage_MQ.jpg","type":"","width":"","height":""}],"author":"galledia","twitter_card":"summary_large_image","twitter_creator":"@admin","schema":{"@context":"https:\/\/schema.org","@graph":[{"@type":"Article","@id":"https:\/\/www.organisator.ch\/operational-excellence\/2024-08-05\/schweizer-spitaeler-rutschen-von-der-schief-in-die-notlage\/#article","isPartOf":{"@id":"https:\/\/www.organisator.ch\/operational-excellence\/2024-08-05\/schweizer-spitaeler-rutschen-von-der-schief-in-die-notlage\/"},"author":{"name":"galledia","@id":"https:\/\/www.organisator.ch\/#\/schema\/person\/4e51799071cd2dd1232ac003643ef5f0"},"headline":"Schweizer Spit\u00e4ler rutschen von der Schief- in die Notlage","datePublished":"2024-08-05T06:37:50+00:00","dateModified":"2024-11-09T09:28:39+00:00","mainEntityOfPage":{"@id":"https:\/\/www.organisator.ch\/operational-excellence\/2024-08-05\/schweizer-spitaeler-rutschen-von-der-schief-in-die-notlage\/"},"wordCount":720,"publisher":{"@id":"https:\/\/www.organisator.ch\/#organization"},"image":{"@id":"https:\/\/www.organisator.ch\/operational-excellence\/2024-08-05\/schweizer-spitaeler-rutschen-von-der-schief-in-die-notlage\/#primaryimage"},"thumbnailUrl":"https:\/\/www.m-q.ch\/wp-content\/uploads\/2024\/08\/Schweizer-Spitaeler-rutschen-von-der-Schief-in-die-Notlage_MQ.jpg","keywords":["Allgemein","Gesundheitswesen","Qualit\u00e4tsmanagement","Schweizer Spit\u00e4ler","Wirtschaft"],"articleSection":["OPERATIONAL EXCELLENCE"],"inLanguage":"en-US"},{"@type":"WebPage","@id":"https:\/\/www.organisator.ch\/operational-excellence\/2024-08-05\/schweizer-spitaeler-rutschen-von-der-schief-in-die-notlage\/","url":"https:\/\/www.organisator.ch\/operational-excellence\/2024-08-05\/schweizer-spitaeler-rutschen-von-der-schief-in-die-notlage\/","name":"Swiss hospitals are slipping from a critical to an emergency situation - Organizer","isPartOf":{"@id":"https:\/\/www.organisator.ch\/#website"},"primaryImageOfPage":{"@id":"https:\/\/www.organisator.ch\/operational-excellence\/2024-08-05\/schweizer-spitaeler-rutschen-von-der-schief-in-die-notlage\/#primaryimage"},"image":{"@id":"https:\/\/www.organisator.ch\/operational-excellence\/2024-08-05\/schweizer-spitaeler-rutschen-von-der-schief-in-die-notlage\/#primaryimage"},"thumbnailUrl":"https:\/\/www.m-q.ch\/wp-content\/uploads\/2024\/08\/Schweizer-Spitaeler-rutschen-von-der-Schief-in-die-Notlage_MQ.jpg","datePublished":"2024-08-05T06:37:50+00:00","dateModified":"2024-11-09T09:28:39+00:00","description":"PwC Study 2023: Financial situation of Swiss hospitals alarming. Cantons resort to rescue packages, structural reforms required.","breadcrumb":{"@id":"https:\/\/www.organisator.ch\/operational-excellence\/2024-08-05\/schweizer-spitaeler-rutschen-von-der-schief-in-die-notlage\/#breadcrumb"},"inLanguage":"en-US","potentialAction":[{"@type":"ReadAction","target":["https:\/\/www.organisator.ch\/operational-excellence\/2024-08-05\/schweizer-spitaeler-rutschen-von-der-schief-in-die-notlage\/"]}]},{"@type":"ImageObject","inLanguage":"en-US","@id":"https:\/\/www.organisator.ch\/operational-excellence\/2024-08-05\/schweizer-spitaeler-rutschen-von-der-schief-in-die-notlage\/#primaryimage","url":"https:\/\/www.m-q.ch\/wp-content\/uploads\/2024\/08\/Schweizer-Spitaeler-rutschen-von-der-Schief-in-die-Notlage_MQ.jpg","contentUrl":"https:\/\/www.m-q.ch\/wp-content\/uploads\/2024\/08\/Schweizer-Spitaeler-rutschen-von-der-Schief-in-die-Notlage_MQ.jpg"},{"@type":"BreadcrumbList","@id":"https:\/\/www.organisator.ch\/operational-excellence\/2024-08-05\/schweizer-spitaeler-rutschen-von-der-schief-in-die-notlage\/#breadcrumb","itemListElement":[{"@type":"ListItem","position":1,"name":"Home","item":"https:\/\/www.organisator.ch\/"},{"@type":"ListItem","position":2,"name":"Schweizer Spit\u00e4ler rutschen von der Schief- in die Notlage"}]},{"@type":"WebSite","@id":"https:\/\/www.organisator.ch\/#website","url":"https:\/\/www.organisator.ch\/","name":"Organizer","description":"Competent. Practical. In 10 issues per year, ORGANISATOR presents the essential topics for managers of SMEs.","publisher":{"@id":"https:\/\/www.organisator.ch\/#organization"},"potentialAction":[{"@type":"SearchAction","target":{"@type":"EntryPoint","urlTemplate":"https:\/\/www.organisator.ch\/?s={search_term_string}"},"query-input":{"@type":"PropertyValueSpecification","valueRequired":true,"valueName":"search_term_string"}}],"inLanguage":"en-US"},{"@type":"Organization","@id":"https:\/\/www.organisator.ch\/#organization","name":"Organizer","url":"https:\/\/www.organisator.ch\/","logo":{"@type":"ImageObject","inLanguage":"en-US","@id":"https:\/\/www.organisator.ch\/#\/schema\/logo\/image\/","url":"https:\/\/www.organisator.ch\/wp-content\/uploads\/2022\/01\/Logo_Organisator_Website.png","contentUrl":"https:\/\/www.organisator.ch\/wp-content\/uploads\/2022\/01\/Logo_Organisator_Website.png","width":800,"height":77,"caption":"Organisator"},"image":{"@id":"https:\/\/www.organisator.ch\/#\/schema\/logo\/image\/"},"sameAs":["https:\/\/www.facebook.com\/OrganisatorFachmagazin","https:\/\/www.linkedin.com\/showcase\/organisator-das-magazin-fr-kmu","https:\/\/www.xing.com\/news\/pages\/organisator-ch-695","https:\/\/www.youtube.com\/channel\/UCGP2Sq0iWaZwT3BdIAQFYpw"]},{"@type":"Person","@id":"https:\/\/www.organisator.ch\/#\/schema\/person\/4e51799071cd2dd1232ac003643ef5f0","name":"galledia","image":{"@type":"ImageObject","inLanguage":"en-US","@id":"https:\/\/secure.gravatar.com\/avatar\/78a7f90c01fc2bfc875782a0d4922b37cde2cf184ce347b91316d23cd7f69a36?s=96&d=mm&r=g","url":"https:\/\/secure.gravatar.com\/avatar\/78a7f90c01fc2bfc875782a0d4922b37cde2cf184ce347b91316d23cd7f69a36?s=96&d=mm&r=g","contentUrl":"https:\/\/secure.gravatar.com\/avatar\/78a7f90c01fc2bfc875782a0d4922b37cde2cf184ce347b91316d23cd7f69a36?s=96&d=mm&r=g","caption":"galledia"},"sameAs":["https:\/\/x.com\/admin"],"url":"https:\/\/www.organisator.ch\/en\/author\/galledia\/"}]}},"_links":{"self":[{"href":"https:\/\/www.organisator.ch\/en\/wp-json\/wp\/v2\/posts\/28627","targetHints":{"allow":["GET"]}}],"collection":[{"href":"https:\/\/www.organisator.ch\/en\/wp-json\/wp\/v2\/posts"}],"about":[{"href":"https:\/\/www.organisator.ch\/en\/wp-json\/wp\/v2\/types\/post"}],"author":[{"embeddable":true,"href":"https:\/\/www.organisator.ch\/en\/wp-json\/wp\/v2\/users\/8"}],"replies":[{"embeddable":true,"href":"https:\/\/www.organisator.ch\/en\/wp-json\/wp\/v2\/comments?post=28627"}],"version-history":[{"count":3,"href":"https:\/\/www.organisator.ch\/en\/wp-json\/wp\/v2\/posts\/28627\/revisions"}],"predecessor-version":[{"id":32102,"href":"https:\/\/www.organisator.ch\/en\/wp-json\/wp\/v2\/posts\/28627\/revisions\/32102"}],"wp:attachment":[{"href":"https:\/\/www.organisator.ch\/en\/wp-json\/wp\/v2\/media?parent=28627"}],"wp:term":[{"taxonomy":"category","embeddable":true,"href":"https:\/\/www.organisator.ch\/en\/wp-json\/wp\/v2\/categories?post=28627"},{"taxonomy":"post_tag","embeddable":true,"href":"https:\/\/www.organisator.ch\/en\/wp-json\/wp\/v2\/tags?post=28627"}],"curies":[{"name":"wp","href":"https:\/\/api.w.org\/{rel}","templated":true}]}}