{"id":2865,"date":"2017-12-12T15:57:40","date_gmt":"2017-12-12T14:57:40","guid":{"rendered":"https:\/\/www.organisator.ch\/?p=2865"},"modified":"2017-12-12T15:57:40","modified_gmt":"2017-12-12T14:57:40","slug":"cyberattacken-schweizer-kmu-wiegen-sich-in-falscher-sicherheit","status":"publish","type":"post","link":"https:\/\/www.organisator.ch\/en\/management\/it\/2017-12-12\/cyberattacken-schweizer-kmu-wiegen-sich-in-falscher-sicherheit\/","title":{"rendered":"Cyberattacks: Swiss SMEs lull themselves into a false sense of security"},"content":{"rendered":"<figure id=\"attachment_2868\" aria-describedby=\"caption-attachment-2868\" style=\"width: 640px\" class=\"wp-caption alignnone\"><img loading=\"lazy\" decoding=\"async\" class=\"size-full wp-image-2868\" src=\"https:\/\/www.organisator.ch\/wp-content\/uploads\/2017\/12\/Cyberattacken-Schweizer-KMU-wiegen-sich-in-falscher-Sicherheit-1_Organisator.jpg\" alt=\"\" width=\"640\" height=\"320\" srcset=\"https:\/\/www.organisator.ch\/wp-content\/uploads\/2017\/12\/Cyberattacken-Schweizer-KMU-wiegen-sich-in-falscher-Sicherheit-1_Organisator.jpg 640w, https:\/\/www.organisator.ch\/wp-content\/uploads\/2017\/12\/Cyberattacken-Schweizer-KMU-wiegen-sich-in-falscher-Sicherheit-1_Organisator-16x8.jpg 16w, https:\/\/www.organisator.ch\/wp-content\/uploads\/2017\/12\/Cyberattacken-Schweizer-KMU-wiegen-sich-in-falscher-Sicherheit-1_Organisator-350x175.jpg 350w, https:\/\/www.organisator.ch\/wp-content\/uploads\/2017\/12\/Cyberattacken-Schweizer-KMU-wiegen-sich-in-falscher-Sicherheit-1_Organisator-300x150.jpg 300w\" sizes=\"auto, (max-width: 640px) 100vw, 640px\" \/><figcaption id=\"caption-attachment-2868\" class=\"wp-caption-text\">Although every third Swiss SME has already been affected by cyberattacks, the majority of SMEs do not feel their security is threatened. (Image: itcraftsman - Fotolia.com)<\/figcaption><\/figure>\n<p>We keep reading and hearing about cyberattacks of all kinds. It seems that their number is constantly increasing. But how well protected are SMEs from such attacks from cyberspace? This is what a representative survey of 300 managing directors of SMEs conducted in September 2o17 by the market and social research institute gfs-z\u00fcrich sought to find out. The study was commissioned by, among others, ICTswitzerland, the federal IT steering body ISB, the Information Security Society Switzerland ISSS, the Swiss Association for Quality and Management Systems SQS, and the Swiss Insurance Association SVV. The selection of SMEs according to scientific methods allows the results to be applied to the entirety of Swiss SMEs (2015: 580,000).<\/p>\n<h2>Apparently only a few SMEs affected by cyberattacks<\/h2>\n<p>SMEs were first asked about their own assessment of risk factors. Around two-thirds of respondents (62 percent) rate the continuous functioning of IT as very important for their business. This means that a successful cyber attack and an associated business interruption would already cause some damage. SMEs also describe the fact that sensitive data, such as business secrets or personal data, could be stolen as a risk factor. Around three quarters of respondents store such information internally. In more than half of the SMEs, the management itself is responsible for IT security. But only half of them again feel well to very well informed about cyber risks. According to the study authors, this is another risk factor.<\/p>\n<figure id=\"attachment_2869\" aria-describedby=\"caption-attachment-2869\" style=\"width: 640px\" class=\"wp-caption alignnone\"><img loading=\"lazy\" decoding=\"async\" class=\"size-full wp-image-2869\" src=\"https:\/\/www.organisator.ch\/wp-content\/uploads\/2017\/12\/Cyberattacken-Schweizer-KMU-wiegen-sich-in-falscher-Sicherheit-2_Organisator.jpg\" alt=\"\" width=\"640\" height=\"282\" srcset=\"https:\/\/www.organisator.ch\/wp-content\/uploads\/2017\/12\/Cyberattacken-Schweizer-KMU-wiegen-sich-in-falscher-Sicherheit-2_Organisator.jpg 640w, https:\/\/www.organisator.ch\/wp-content\/uploads\/2017\/12\/Cyberattacken-Schweizer-KMU-wiegen-sich-in-falscher-Sicherheit-2_Organisator-16x7.jpg 16w, https:\/\/www.organisator.ch\/wp-content\/uploads\/2017\/12\/Cyberattacken-Schweizer-KMU-wiegen-sich-in-falscher-Sicherheit-2_Organisator-375x165.jpg 375w, https:\/\/www.organisator.ch\/wp-content\/uploads\/2017\/12\/Cyberattacken-Schweizer-KMU-wiegen-sich-in-falscher-Sicherheit-2_Organisator-300x132.jpg 300w\" sizes=\"auto, (max-width: 640px) 100vw, 640px\" \/><figcaption id=\"caption-attachment-2869\" class=\"wp-caption-text\">The percentage figures are deceptive: Extrapolated to absolute numbers, for example, 23,000 SMEs have already been extorted. (Graphic: gfs-Zurich)<\/figcaption><\/figure>\n<p>The risk of cyberattacks is greatly underestimated by SMEs, as the following results of the survey show: Only 10 % and 4 %, respectively, perceive being put out of action for a day or even having their existence threatened as a great or very great danger. More than half of the CEOs surveyed (56 %) feel well to very well protected against cyber attacks. However, 36 percent say they have been affected by malware (viruses, Trojans), 6 percent by data loss, 4 percent by blackmail, 3 percent by DDoS attacks and 2 percent by data theft. This all sounds like little: based on the 301 SMEs surveyed, for example, the number of companies affected by extortion can be estimated at 23,000 (4 percent), and the 36 percent affected by malware would correspond to 209,000 companies in absolute terms. Nevertheless, more than half of the CEOs surveyed (56 %) feel well to very well protected against cyberattacks.<\/p>\n<h2>Technical protection available, but the \"employee\" risk remains<\/h2>\n<p>However, according to the study authors, this protection against cyberattacks is by no means sufficient. Only 60 % of the respondents state that they have fully implemented basic protection measures such as malware protection, firewall, patch management and backup. Cyber incident detection systems have been fully implemented by only one in five companies. Processes for handling cyber incidents were only implemented by 18 % of the companies surveyed, and employee training on the secure use of IT by only 15 %. Simon Dejung of the Swiss Insurance Association is correspondingly concerned: \"More than 98 % of Swiss companies are SMEs and form the backbone of the Swiss economy. It is therefore of strategic importance for Switzerland that these companies protect themselves better against cyber risks.\"<\/p>\n<p>In the form of insurance, for example? 12 percent of the SMEs surveyed stated that they had cyber insurance. However, according to Simon Dejung, in most cases this is unlikely to be pure cyber insurance, but at best partial coverage within another insurance product. He warns: \"In the event of a claim, it could turn out that the insurance company understands a loss to be something completely different than the policyholder.\" This makes it all the more important, he says, to closely examine coverage against new risk landscapes brought about by networking, digitization and automation. It is important to identify the corresponding threat scenarios and assess one's own risk landscape before selecting an insurance product.<\/p>\n<h2>Education and coordination in IT security is needed<\/h2>\n<p>However, many SMEs seem to fail precisely because of this. Recognized cyber security standards are mostly unknown to them. And getting certified to standards such as ISO 27001, for example, is beyond the resources of most SMEs. An expert commission made up of representatives from the federal government and industry is therefore working on standards with the right altitude for SMEs. \"We are taking a very pragmatic approach to this,\" assured Ari\u00e9 Malz, a leading member of this commission. In addition to the creation of such recognized security standards, however, there are other goals that must be pursued as a priority, as Andreas K\u00e4lin, CEO of ICTswitzerland, explains. For example, employees must be systematically sensitized to the secure use of IT. Furthermore, SMEs must be supported by suitable organizations in dealing with cyber risks, and an early warning system must be set up for the entire economy to provide information about new cyber dangers. It should also be examined whether and how an obligation to report cyberattacks can be implemented. Switzerland-wide awareness campaigns for the recognition of cyber risks have also been announced.<\/p>\n<p><em>Source: <a href=\"https:\/\/ictswitzerland.ch\/\">ICTSwitzerland<\/a><\/em><\/p>","protected":false},"excerpt":{"rendered":"<p>Immer wieder ist von Cyberattacken aller Art zu lesen und zu h\u00f6ren.\u00a0Es scheint, dass deren Anzahl laufend zunimmt. Doch wie\u00a0gut gesch\u00fctzt sind KMU vor solchen Angriffen aus dem Cyberspace? Dies\u00a0versuchte eine im September\u00a02o17 durchgef\u00fchrte repr\u00e4sentative\u00a0Befragung von 300 Gesch\u00e4ftsf\u00fchrern von KMU durch das Markt- und Sozialforschungsinstitut gfs-z\u00fcrich\u00a0herauszufinden. Auftraggeber der Studie waren u.a. ICTswitzerland, das ISB Informatiksteuerungsorgan [&hellip;]<\/p>\n","protected":false},"author":4,"featured_media":2868,"comment_status":"open","ping_status":"open","sticky":false,"template":"","format":"standard","meta":{"_acf_changed":false,"_yoast_wpseo_focuskw":"Cyberattacken","_yoast_wpseo_metadesc":"Mehr als ein Drittel der Schweizer KMU sind von Cyberattacken betroffen. Trotzdem f\u00fchlt sich die Mehrheit weiterhin gut bis sehr gut gesch\u00fctzt.","articlekey":"","footnotes":""},"categories":[27],"tags":[142,156,260,459],"class_list":["post-2865","post","type-post","status-publish","format-standard","has-post-thumbnail","hentry","category-it","tag-cyber-crime","tag-digitalisierung","tag-ict-sicherheit","tag-studie"],"acf":[],"yoast_head":"<!-- This site is optimized with the Yoast SEO plugin v27.4 - https:\/\/yoast.com\/product\/yoast-seo-wordpress\/ -->\n<title>Cyberattacken: Schweizer KMU wiegen sich in falscher Sicherheit - Organisator<\/title>\n<meta name=\"description\" content=\"Mehr als ein Drittel der Schweizer KMU sind von Cyberattacken betroffen. Trotzdem f\u00fchlt sich die Mehrheit weiterhin gut bis sehr gut gesch\u00fctzt.\" \/>\n<meta name=\"robots\" content=\"index, follow, max-snippet:-1, max-image-preview:large, max-video-preview:-1\" \/>\n<link rel=\"canonical\" href=\"https:\/\/www.organisator.ch\/en\/management\/it\/2017-12-12\/cyberattacken-schweizer-kmu-wiegen-sich-in-falscher-sicherheit\/\" \/>\n<meta property=\"og:locale\" content=\"en_US\" \/>\n<meta property=\"og:type\" content=\"article\" \/>\n<meta property=\"og:title\" content=\"Cyberattacken: Schweizer KMU wiegen sich in falscher Sicherheit\" \/>\n<meta property=\"og:description\" content=\"Mehr als ein Drittel der Schweizer KMU sind von #Cyberattacken betroffen. Trotzdem f\u00fchlt sich die Mehrheit weiterhin gut bis sehr gut gesch\u00fctzt.\" \/>\n<meta property=\"og:url\" content=\"https:\/\/www.organisator.ch\/en\/management\/it\/2017-12-12\/cyberattacken-schweizer-kmu-wiegen-sich-in-falscher-sicherheit\/\" \/>\n<meta property=\"og:site_name\" content=\"Organisator\" \/>\n<meta property=\"article:publisher\" content=\"https:\/\/www.facebook.com\/OrganisatorFachmagazin\" \/>\n<meta property=\"article:published_time\" content=\"2017-12-12T14:57:40+00:00\" \/>\n<meta property=\"og:image\" content=\"https:\/\/www.organisator.ch\/wp-content\/uploads\/2017\/12\/Cyberattacken-Schweizer-KMU-wiegen-sich-in-falscher-Sicherheit-1_Organisator.jpg\" \/>\n\t<meta property=\"og:image:width\" content=\"640\" \/>\n\t<meta property=\"og:image:height\" content=\"320\" \/>\n\t<meta property=\"og:image:type\" content=\"image\/jpeg\" \/>\n<meta name=\"author\" content=\"thomas.berner\" \/>\n<meta name=\"twitter:card\" content=\"summary_large_image\" \/>\n<meta name=\"twitter:title\" content=\"#Cyberattacken: Schweizer #KMU wiegen sich in falscher #Sicherheit\" \/>\n<meta name=\"twitter:description\" content=\"Mehr als ein Drittel der Schweizer #KMU sind von #Cyberattacken betroffen. Trotzdem f\u00fchlt sich die Mehrheit weiterhin gut bis sehr gut gesch\u00fctzt.\" \/>\n<meta name=\"twitter:image\" content=\"https:\/\/www.organisator.ch\/wp-content\/uploads\/2017\/12\/Cyberattacken-Schweizer-KMU-wiegen-sich-in-falscher-Sicherheit-1_Organisator.jpg\" \/>\n<script type=\"application\/ld+json\" class=\"yoast-schema-graph\">{\"@context\":\"https:\\\/\\\/schema.org\",\"@graph\":[{\"@type\":\"Article\",\"@id\":\"https:\\\/\\\/www.organisator.ch\\\/management\\\/it\\\/2017-12-12\\\/cyberattacken-schweizer-kmu-wiegen-sich-in-falscher-sicherheit\\\/#article\",\"isPartOf\":{\"@id\":\"https:\\\/\\\/www.organisator.ch\\\/management\\\/it\\\/2017-12-12\\\/cyberattacken-schweizer-kmu-wiegen-sich-in-falscher-sicherheit\\\/\"},\"author\":{\"name\":\"thomas.berner\",\"@id\":\"https:\\\/\\\/www.organisator.ch\\\/#\\\/schema\\\/person\\\/6f650f90b2842cd4c0cc334b4e36f67e\"},\"headline\":\"Cyberattacken: Schweizer KMU wiegen sich in falscher Sicherheit\",\"datePublished\":\"2017-12-12T14:57:40+00:00\",\"mainEntityOfPage\":{\"@id\":\"https:\\\/\\\/www.organisator.ch\\\/management\\\/it\\\/2017-12-12\\\/cyberattacken-schweizer-kmu-wiegen-sich-in-falscher-sicherheit\\\/\"},\"wordCount\":862,\"commentCount\":0,\"publisher\":{\"@id\":\"https:\\\/\\\/www.organisator.ch\\\/#organization\"},\"image\":{\"@id\":\"https:\\\/\\\/www.organisator.ch\\\/management\\\/it\\\/2017-12-12\\\/cyberattacken-schweizer-kmu-wiegen-sich-in-falscher-sicherheit\\\/#primaryimage\"},\"thumbnailUrl\":\"https:\\\/\\\/www.organisator.ch\\\/wp-content\\\/uploads\\\/2017\\\/12\\\/Cyberattacken-Schweizer-KMU-wiegen-sich-in-falscher-Sicherheit-1_Organisator.jpg\",\"keywords\":[\"Cyber-Crime\",\"Digitalisierung\",\"ICT-Sicherheit\",\"Studie\"],\"articleSection\":[\"IT\"],\"inLanguage\":\"en-US\"},{\"@type\":\"WebPage\",\"@id\":\"https:\\\/\\\/www.organisator.ch\\\/management\\\/it\\\/2017-12-12\\\/cyberattacken-schweizer-kmu-wiegen-sich-in-falscher-sicherheit\\\/\",\"url\":\"https:\\\/\\\/www.organisator.ch\\\/management\\\/it\\\/2017-12-12\\\/cyberattacken-schweizer-kmu-wiegen-sich-in-falscher-sicherheit\\\/\",\"name\":\"Cyberattacken: Schweizer KMU wiegen sich in falscher Sicherheit - Organisator\",\"isPartOf\":{\"@id\":\"https:\\\/\\\/www.organisator.ch\\\/#website\"},\"primaryImageOfPage\":{\"@id\":\"https:\\\/\\\/www.organisator.ch\\\/management\\\/it\\\/2017-12-12\\\/cyberattacken-schweizer-kmu-wiegen-sich-in-falscher-sicherheit\\\/#primaryimage\"},\"image\":{\"@id\":\"https:\\\/\\\/www.organisator.ch\\\/management\\\/it\\\/2017-12-12\\\/cyberattacken-schweizer-kmu-wiegen-sich-in-falscher-sicherheit\\\/#primaryimage\"},\"thumbnailUrl\":\"https:\\\/\\\/www.organisator.ch\\\/wp-content\\\/uploads\\\/2017\\\/12\\\/Cyberattacken-Schweizer-KMU-wiegen-sich-in-falscher-Sicherheit-1_Organisator.jpg\",\"datePublished\":\"2017-12-12T14:57:40+00:00\",\"description\":\"Mehr als ein Drittel der Schweizer KMU sind von Cyberattacken betroffen. Trotzdem f\u00fchlt sich die Mehrheit weiterhin gut bis sehr gut gesch\u00fctzt.\",\"breadcrumb\":{\"@id\":\"https:\\\/\\\/www.organisator.ch\\\/management\\\/it\\\/2017-12-12\\\/cyberattacken-schweizer-kmu-wiegen-sich-in-falscher-sicherheit\\\/#breadcrumb\"},\"inLanguage\":\"en-US\",\"potentialAction\":[{\"@type\":\"ReadAction\",\"target\":[\"https:\\\/\\\/www.organisator.ch\\\/management\\\/it\\\/2017-12-12\\\/cyberattacken-schweizer-kmu-wiegen-sich-in-falscher-sicherheit\\\/\"]}]},{\"@type\":\"ImageObject\",\"inLanguage\":\"en-US\",\"@id\":\"https:\\\/\\\/www.organisator.ch\\\/management\\\/it\\\/2017-12-12\\\/cyberattacken-schweizer-kmu-wiegen-sich-in-falscher-sicherheit\\\/#primaryimage\",\"url\":\"https:\\\/\\\/www.organisator.ch\\\/wp-content\\\/uploads\\\/2017\\\/12\\\/Cyberattacken-Schweizer-KMU-wiegen-sich-in-falscher-Sicherheit-1_Organisator.jpg\",\"contentUrl\":\"https:\\\/\\\/www.organisator.ch\\\/wp-content\\\/uploads\\\/2017\\\/12\\\/Cyberattacken-Schweizer-KMU-wiegen-sich-in-falscher-Sicherheit-1_Organisator.jpg\",\"width\":640,\"height\":320,\"caption\":\"Obwohl jedes dritte Schweizer KMU bereits von Cyberattacken betroffen war, f\u00fchlt sich die Mehrheit der KMU nicht in ihrer Sicherheit bedroht. (Bild: itcraftsman - Fotolia.com)\"},{\"@type\":\"BreadcrumbList\",\"@id\":\"https:\\\/\\\/www.organisator.ch\\\/management\\\/it\\\/2017-12-12\\\/cyberattacken-schweizer-kmu-wiegen-sich-in-falscher-sicherheit\\\/#breadcrumb\",\"itemListElement\":[{\"@type\":\"ListItem\",\"position\":1,\"name\":\"Home\",\"item\":\"https:\\\/\\\/www.organisator.ch\\\/\"},{\"@type\":\"ListItem\",\"position\":2,\"name\":\"Cyberattacken: Schweizer KMU wiegen sich in falscher Sicherheit\"}]},{\"@type\":\"WebSite\",\"@id\":\"https:\\\/\\\/www.organisator.ch\\\/#website\",\"url\":\"https:\\\/\\\/www.organisator.ch\\\/\",\"name\":\"Organisator\",\"description\":\"Kompetent. Praxisnah. Der ORGANISATOR bereitet in 10 Ausgaben pro Jahr die wesentlichen Themen f\u00fcr F\u00fchrungskr\u00e4fte von KMU auf.\",\"publisher\":{\"@id\":\"https:\\\/\\\/www.organisator.ch\\\/#organization\"},\"potentialAction\":[{\"@type\":\"SearchAction\",\"target\":{\"@type\":\"EntryPoint\",\"urlTemplate\":\"https:\\\/\\\/www.organisator.ch\\\/?s={search_term_string}\"},\"query-input\":{\"@type\":\"PropertyValueSpecification\",\"valueRequired\":true,\"valueName\":\"search_term_string\"}}],\"inLanguage\":\"en-US\"},{\"@type\":\"Organization\",\"@id\":\"https:\\\/\\\/www.organisator.ch\\\/#organization\",\"name\":\"Organisator\",\"url\":\"https:\\\/\\\/www.organisator.ch\\\/\",\"logo\":{\"@type\":\"ImageObject\",\"inLanguage\":\"en-US\",\"@id\":\"https:\\\/\\\/www.organisator.ch\\\/#\\\/schema\\\/logo\\\/image\\\/\",\"url\":\"https:\\\/\\\/www.organisator.ch\\\/wp-content\\\/uploads\\\/2022\\\/01\\\/Logo_Organisator_Website.png\",\"contentUrl\":\"https:\\\/\\\/www.organisator.ch\\\/wp-content\\\/uploads\\\/2022\\\/01\\\/Logo_Organisator_Website.png\",\"width\":800,\"height\":77,\"caption\":\"Organisator\"},\"image\":{\"@id\":\"https:\\\/\\\/www.organisator.ch\\\/#\\\/schema\\\/logo\\\/image\\\/\"},\"sameAs\":[\"https:\\\/\\\/www.facebook.com\\\/OrganisatorFachmagazin\",\"https:\\\/\\\/www.linkedin.com\\\/showcase\\\/organisator-das-magazin-fr-kmu\",\"https:\\\/\\\/www.xing.com\\\/news\\\/pages\\\/organisator-ch-695\",\"https:\\\/\\\/www.youtube.com\\\/channel\\\/UCGP2Sq0iWaZwT3BdIAQFYpw\"]},{\"@type\":\"Person\",\"@id\":\"https:\\\/\\\/www.organisator.ch\\\/#\\\/schema\\\/person\\\/6f650f90b2842cd4c0cc334b4e36f67e\",\"name\":\"thomas.berner\",\"image\":{\"@type\":\"ImageObject\",\"inLanguage\":\"en-US\",\"@id\":\"https:\\\/\\\/secure.gravatar.com\\\/avatar\\\/ac5001d2a36cb6c6cd3e50789007ffca834b477b74a2144564522e944eabff61?s=96&d=mm&r=g\",\"url\":\"https:\\\/\\\/secure.gravatar.com\\\/avatar\\\/ac5001d2a36cb6c6cd3e50789007ffca834b477b74a2144564522e944eabff61?s=96&d=mm&r=g\",\"contentUrl\":\"https:\\\/\\\/secure.gravatar.com\\\/avatar\\\/ac5001d2a36cb6c6cd3e50789007ffca834b477b74a2144564522e944eabff61?s=96&d=mm&r=g\",\"caption\":\"thomas.berner\"},\"url\":\"https:\\\/\\\/www.organisator.ch\\\/en\\\/author\\\/thomas-berner\\\/\"}]}<\/script>\n<!-- \/ Yoast SEO plugin. -->","yoast_head_json":{"title":"Cyberattacks: Swiss SMEs lull themselves into a false sense of security - Organizer","description":"More than a third of Swiss SMEs are affected by cyberattacks. Despite this, the majority still feel well to very well protected.","robots":{"index":"index","follow":"follow","max-snippet":"max-snippet:-1","max-image-preview":"max-image-preview:large","max-video-preview":"max-video-preview:-1"},"canonical":"https:\/\/www.organisator.ch\/en\/management\/it\/2017-12-12\/cyberattacken-schweizer-kmu-wiegen-sich-in-falscher-sicherheit\/","og_locale":"en_US","og_type":"article","og_title":"Cyberattacken: Schweizer KMU wiegen sich in falscher Sicherheit","og_description":"Mehr als ein Drittel der Schweizer KMU sind von #Cyberattacken betroffen. Trotzdem f\u00fchlt sich die Mehrheit weiterhin gut bis sehr gut gesch\u00fctzt.","og_url":"https:\/\/www.organisator.ch\/en\/management\/it\/2017-12-12\/cyberattacken-schweizer-kmu-wiegen-sich-in-falscher-sicherheit\/","og_site_name":"Organisator","article_publisher":"https:\/\/www.facebook.com\/OrganisatorFachmagazin","article_published_time":"2017-12-12T14:57:40+00:00","og_image":[{"width":640,"height":320,"url":"https:\/\/www.organisator.ch\/wp-content\/uploads\/2017\/12\/Cyberattacken-Schweizer-KMU-wiegen-sich-in-falscher-Sicherheit-1_Organisator.jpg","type":"image\/jpeg"}],"author":"thomas.berner","twitter_card":"summary_large_image","twitter_title":"#Cyberattacken: Schweizer #KMU wiegen sich in falscher #Sicherheit","twitter_description":"Mehr als ein Drittel der Schweizer #KMU sind von #Cyberattacken betroffen. Trotzdem f\u00fchlt sich die Mehrheit weiterhin gut bis sehr gut gesch\u00fctzt.","twitter_image":"https:\/\/www.organisator.ch\/wp-content\/uploads\/2017\/12\/Cyberattacken-Schweizer-KMU-wiegen-sich-in-falscher-Sicherheit-1_Organisator.jpg","schema":{"@context":"https:\/\/schema.org","@graph":[{"@type":"Article","@id":"https:\/\/www.organisator.ch\/management\/it\/2017-12-12\/cyberattacken-schweizer-kmu-wiegen-sich-in-falscher-sicherheit\/#article","isPartOf":{"@id":"https:\/\/www.organisator.ch\/management\/it\/2017-12-12\/cyberattacken-schweizer-kmu-wiegen-sich-in-falscher-sicherheit\/"},"author":{"name":"thomas.berner","@id":"https:\/\/www.organisator.ch\/#\/schema\/person\/6f650f90b2842cd4c0cc334b4e36f67e"},"headline":"Cyberattacken: Schweizer KMU wiegen sich in falscher Sicherheit","datePublished":"2017-12-12T14:57:40+00:00","mainEntityOfPage":{"@id":"https:\/\/www.organisator.ch\/management\/it\/2017-12-12\/cyberattacken-schweizer-kmu-wiegen-sich-in-falscher-sicherheit\/"},"wordCount":862,"commentCount":0,"publisher":{"@id":"https:\/\/www.organisator.ch\/#organization"},"image":{"@id":"https:\/\/www.organisator.ch\/management\/it\/2017-12-12\/cyberattacken-schweizer-kmu-wiegen-sich-in-falscher-sicherheit\/#primaryimage"},"thumbnailUrl":"https:\/\/www.organisator.ch\/wp-content\/uploads\/2017\/12\/Cyberattacken-Schweizer-KMU-wiegen-sich-in-falscher-Sicherheit-1_Organisator.jpg","keywords":["Cyber-Crime","Digitalisierung","ICT-Sicherheit","Studie"],"articleSection":["IT"],"inLanguage":"en-US"},{"@type":"WebPage","@id":"https:\/\/www.organisator.ch\/management\/it\/2017-12-12\/cyberattacken-schweizer-kmu-wiegen-sich-in-falscher-sicherheit\/","url":"https:\/\/www.organisator.ch\/management\/it\/2017-12-12\/cyberattacken-schweizer-kmu-wiegen-sich-in-falscher-sicherheit\/","name":"Cyberattacks: Swiss SMEs lull themselves into a false sense of security - Organizer","isPartOf":{"@id":"https:\/\/www.organisator.ch\/#website"},"primaryImageOfPage":{"@id":"https:\/\/www.organisator.ch\/management\/it\/2017-12-12\/cyberattacken-schweizer-kmu-wiegen-sich-in-falscher-sicherheit\/#primaryimage"},"image":{"@id":"https:\/\/www.organisator.ch\/management\/it\/2017-12-12\/cyberattacken-schweizer-kmu-wiegen-sich-in-falscher-sicherheit\/#primaryimage"},"thumbnailUrl":"https:\/\/www.organisator.ch\/wp-content\/uploads\/2017\/12\/Cyberattacken-Schweizer-KMU-wiegen-sich-in-falscher-Sicherheit-1_Organisator.jpg","datePublished":"2017-12-12T14:57:40+00:00","description":"More than a third of Swiss SMEs are affected by cyberattacks. Despite this, the majority still feel well to very well protected.","breadcrumb":{"@id":"https:\/\/www.organisator.ch\/management\/it\/2017-12-12\/cyberattacken-schweizer-kmu-wiegen-sich-in-falscher-sicherheit\/#breadcrumb"},"inLanguage":"en-US","potentialAction":[{"@type":"ReadAction","target":["https:\/\/www.organisator.ch\/management\/it\/2017-12-12\/cyberattacken-schweizer-kmu-wiegen-sich-in-falscher-sicherheit\/"]}]},{"@type":"ImageObject","inLanguage":"en-US","@id":"https:\/\/www.organisator.ch\/management\/it\/2017-12-12\/cyberattacken-schweizer-kmu-wiegen-sich-in-falscher-sicherheit\/#primaryimage","url":"https:\/\/www.organisator.ch\/wp-content\/uploads\/2017\/12\/Cyberattacken-Schweizer-KMU-wiegen-sich-in-falscher-Sicherheit-1_Organisator.jpg","contentUrl":"https:\/\/www.organisator.ch\/wp-content\/uploads\/2017\/12\/Cyberattacken-Schweizer-KMU-wiegen-sich-in-falscher-Sicherheit-1_Organisator.jpg","width":640,"height":320,"caption":"Obwohl jedes dritte Schweizer KMU bereits von Cyberattacken betroffen war, f\u00fchlt sich die Mehrheit der KMU nicht in ihrer Sicherheit bedroht. (Bild: itcraftsman - Fotolia.com)"},{"@type":"BreadcrumbList","@id":"https:\/\/www.organisator.ch\/management\/it\/2017-12-12\/cyberattacken-schweizer-kmu-wiegen-sich-in-falscher-sicherheit\/#breadcrumb","itemListElement":[{"@type":"ListItem","position":1,"name":"Home","item":"https:\/\/www.organisator.ch\/"},{"@type":"ListItem","position":2,"name":"Cyberattacken: Schweizer KMU wiegen sich in falscher Sicherheit"}]},{"@type":"WebSite","@id":"https:\/\/www.organisator.ch\/#website","url":"https:\/\/www.organisator.ch\/","name":"Organizer","description":"Competent. Practical. In 10 issues per year, ORGANISATOR presents the essential topics for managers of SMEs.","publisher":{"@id":"https:\/\/www.organisator.ch\/#organization"},"potentialAction":[{"@type":"SearchAction","target":{"@type":"EntryPoint","urlTemplate":"https:\/\/www.organisator.ch\/?s={search_term_string}"},"query-input":{"@type":"PropertyValueSpecification","valueRequired":true,"valueName":"search_term_string"}}],"inLanguage":"en-US"},{"@type":"Organization","@id":"https:\/\/www.organisator.ch\/#organization","name":"Organizer","url":"https:\/\/www.organisator.ch\/","logo":{"@type":"ImageObject","inLanguage":"en-US","@id":"https:\/\/www.organisator.ch\/#\/schema\/logo\/image\/","url":"https:\/\/www.organisator.ch\/wp-content\/uploads\/2022\/01\/Logo_Organisator_Website.png","contentUrl":"https:\/\/www.organisator.ch\/wp-content\/uploads\/2022\/01\/Logo_Organisator_Website.png","width":800,"height":77,"caption":"Organisator"},"image":{"@id":"https:\/\/www.organisator.ch\/#\/schema\/logo\/image\/"},"sameAs":["https:\/\/www.facebook.com\/OrganisatorFachmagazin","https:\/\/www.linkedin.com\/showcase\/organisator-das-magazin-fr-kmu","https:\/\/www.xing.com\/news\/pages\/organisator-ch-695","https:\/\/www.youtube.com\/channel\/UCGP2Sq0iWaZwT3BdIAQFYpw"]},{"@type":"Person","@id":"https:\/\/www.organisator.ch\/#\/schema\/person\/6f650f90b2842cd4c0cc334b4e36f67e","name":"thomas.berner","image":{"@type":"ImageObject","inLanguage":"en-US","@id":"https:\/\/secure.gravatar.com\/avatar\/ac5001d2a36cb6c6cd3e50789007ffca834b477b74a2144564522e944eabff61?s=96&d=mm&r=g","url":"https:\/\/secure.gravatar.com\/avatar\/ac5001d2a36cb6c6cd3e50789007ffca834b477b74a2144564522e944eabff61?s=96&d=mm&r=g","contentUrl":"https:\/\/secure.gravatar.com\/avatar\/ac5001d2a36cb6c6cd3e50789007ffca834b477b74a2144564522e944eabff61?s=96&d=mm&r=g","caption":"thomas.berner"},"url":"https:\/\/www.organisator.ch\/en\/author\/thomas-berner\/"}]}},"_links":{"self":[{"href":"https:\/\/www.organisator.ch\/en\/wp-json\/wp\/v2\/posts\/2865","targetHints":{"allow":["GET"]}}],"collection":[{"href":"https:\/\/www.organisator.ch\/en\/wp-json\/wp\/v2\/posts"}],"about":[{"href":"https:\/\/www.organisator.ch\/en\/wp-json\/wp\/v2\/types\/post"}],"author":[{"embeddable":true,"href":"https:\/\/www.organisator.ch\/en\/wp-json\/wp\/v2\/users\/4"}],"replies":[{"embeddable":true,"href":"https:\/\/www.organisator.ch\/en\/wp-json\/wp\/v2\/comments?post=2865"}],"version-history":[{"count":0,"href":"https:\/\/www.organisator.ch\/en\/wp-json\/wp\/v2\/posts\/2865\/revisions"}],"wp:featuredmedia":[{"embeddable":true,"href":"https:\/\/www.organisator.ch\/en\/wp-json\/wp\/v2\/media\/2868"}],"wp:attachment":[{"href":"https:\/\/www.organisator.ch\/en\/wp-json\/wp\/v2\/media?parent=2865"}],"wp:term":[{"taxonomy":"category","embeddable":true,"href":"https:\/\/www.organisator.ch\/en\/wp-json\/wp\/v2\/categories?post=2865"},{"taxonomy":"post_tag","embeddable":true,"href":"https:\/\/www.organisator.ch\/en\/wp-json\/wp\/v2\/tags?post=2865"}],"curies":[{"name":"wp","href":"https:\/\/api.w.org\/{rel}","templated":true}]}}