{"id":28660,"date":"2024-08-05T14:02:20","date_gmt":"2024-08-05T12:02:20","guid":{"rendered":"https:\/\/www.m-q.ch\/?p=20168"},"modified":"2024-11-09T10:15:37","modified_gmt":"2024-11-09T09:15:37","slug":"cyber-gefahr-von-innen-nicht-bei-uns","status":"publish","type":"post","link":"https:\/\/www.organisator.ch\/en\/operational-excellence\/2024-08-05\/cyber-gefahr-von-innen-nicht-bei-uns\/","title":{"rendered":"Cyber danger from the inside? Not with us..."},"content":{"rendered":"<figure id=\"attachment_20169\" class=\"wp-caption alignnone\" style=\"width: 680px\" aria-describedby=\"caption-attachment-20169\"><img class=\"alignnone wp-image-20169 size-full\" src=\"https:\/\/www.m-q.ch\/wp-content\/uploads\/2024\/08\/Cyber-Gefahr-von-Innen-Nicht-bei-uns._MQ.jpg\" alt=\"Cybersecurity Employees\" width=\"680\" height=\"547\" \/>\r\n<figcaption id=\"caption-attachment-20169\" class=\"wp-caption-text\">Cyber threat from angry employees? This risk is seen differently in the DACH countries. (Image: Unsplash.com)<\/figcaption>\r\n<\/figure>\r\n<p>Time and again, publications discuss the major threat to cyber security posed by employees. In particular, the focus is on disgruntled, bribed or angry former employees who have had data stolen. Human error is also regularly identified as another crucial and dangerous factor for cyber security. They can lead to serious security incidents resulting from carelessness within the workforce. Regular data security training for teams is therefore standard in most companies today, as is support from a modern IT security infrastructure. But how high do company managers actually consider the risk from within to be?<\/p>\r\n<p>The cyber security service provider Sophos commissioned the market research institute Ipsos to survey representatives from C-level management (and explicitly not IT managers) in Germany, Austria and Switzerland on this question. Overall, the results show that managers in the three countries have a high level of trust in their workforces, both across industries and across smaller and larger companies.<\/p>\r\n<h3><strong>Austria places great trust in its employees<\/strong><\/h3>\r\n<p>Significantly more than half (64% in total) and remarkably more than in neighboring countries, Austrian managers rated the risk posed by their teams as very low (34%) or low (30%). Austrian retailers in particular have great confidence in their employees - as many as 62.5% of respondents believe that employees pose no risk. In general, it is also clear that it is the larger companies (200 employees or more) that rely on the safety awareness of their employees (46.2%). In the neighboring country, only 2 percent rate the danger from within as high; unlike in Germany and Switzerland, no one thinks it is very high.<\/p>\r\n<h3><strong>Germany is generally confident<\/strong><\/h3>\r\n<p>In Germany, too, more than half (56.7% in total) of the managers surveyed say that they consider the risk of security incidents triggered by employees to be very low (25.9%) or low (30.8%). A total of 26.9% see a medium risk, with even more caution among the representatives from retail companies surveyed, 35.5% of whom assume a medium risk. In Germany, only 1.5% of bosses consider the possibility of security incidents by employees to be particularly high.<\/p>\r\n<h3><strong>For Switzerland: trust is good, caution makes sense<\/strong><\/h3>\r\n<p>Swiss company managers are slightly less optimistic than their counterparts in neighboring countries when it comes to the level of cybersecurity awareness among the workforce. Here, slightly less than half of respondents (48% in total) believe that the risk from within is very low or low (24% in each case). Management in the manufacturing sector are particularly confident in this regard, with 42.1% of them describing the insider threat as very low. In Switzerland, 32% of those surveyed believe that the risk is medium, while only 2% of respondents in Switzerland rate it as very high.<\/p>\r\n<p><em>Source: <a href=\"https:\/\/www.sophos.com\/de-de\">Sophos<\/a><\/em><\/p>\n<p class=\"syndicated-attribution\">This article originally appeared on m-q.ch - <a href=\"https:\/\/www.m-q.ch\/de\/cyber-gefahr-von-innen-nicht-bei-uns\/\" target=\"_blank\">https:\/\/www.m-q.ch\/de\/cyber-gefahr-von-innen-nicht-bei-uns\/<\/a><\/p>","protected":false},"excerpt":{"rendered":"<p>Are angry and careless employees a safety problem for companies? Austria's managers place the highest level of trust in their workforces, while Germany is generally confident and Switzerland is more cautious. These are the findings of a recent survey conducted by cyber security service provider Sophos.<\/p>","protected":false},"author":8,"featured_media":0,"comment_status":"closed","ping_status":"closed","sticky":false,"template":"","format":"standard","meta":{"_acf_changed":false,"_yoast_wpseo_focuskw":"Cybersicherheit Mitarbeitende","_yoast_wpseo_metadesc":"tudie: Unterschiede in der Einsch\u00e4tzung der Cyber-Gefahr durch Mitarbeitende in DACH-L\u00e4ndern. Vertrauen und Vorsicht variieren.","articlekey":"","footnotes":""},"categories":[582],"tags":[608,335,418,487],"class_list":["post-28660","post","type-post","status-publish","format-standard","hentry","category-operational-excellence","tag-cybersicherheit","tag-management-und-unternehmensfuehrung","tag-risikomanagement","tag-umfrage"],"acf":[],"yoast_head":"<!-- This site is optimized with the Yoast SEO plugin v27.4 - https:\/\/yoast.com\/product\/yoast-seo-wordpress\/ -->\n<title>Cyber-Gefahr von Innen? Nicht bei uns\u2026 - Organisator<\/title>\n<meta name=\"description\" content=\"tudie: Unterschiede in der Einsch\u00e4tzung der Cyber-Gefahr durch Mitarbeitende in DACH-L\u00e4ndern. Vertrauen und Vorsicht variieren.\" \/>\n<meta name=\"robots\" content=\"index, follow, max-snippet:-1, max-image-preview:large, max-video-preview:-1\" \/>\n<link rel=\"canonical\" href=\"https:\/\/www.organisator.ch\/en\/operational-excellence\/2024-08-05\/cyber-gefahr-von-innen-nicht-bei-uns\/\" \/>\n<meta property=\"og:locale\" content=\"en_US\" \/>\n<meta property=\"og:type\" content=\"article\" \/>\n<meta property=\"og:title\" content=\"Cyber-Gefahr von Innen? Nicht bei uns\u2026 - Organisator\" \/>\n<meta property=\"og:description\" content=\"tudie: Unterschiede in der Einsch\u00e4tzung der Cyber-Gefahr durch Mitarbeitende in DACH-L\u00e4ndern. Vertrauen und Vorsicht variieren.\" \/>\n<meta property=\"og:url\" content=\"https:\/\/www.organisator.ch\/en\/operational-excellence\/2024-08-05\/cyber-gefahr-von-innen-nicht-bei-uns\/\" \/>\n<meta property=\"og:site_name\" content=\"Organisator\" \/>\n<meta property=\"article:publisher\" content=\"https:\/\/www.facebook.com\/OrganisatorFachmagazin\" \/>\n<meta property=\"article:published_time\" content=\"2024-08-05T12:02:20+00:00\" \/>\n<meta property=\"article:modified_time\" content=\"2024-11-09T09:15:37+00:00\" \/>\n<meta property=\"og:image\" content=\"https:\/\/www.m-q.ch\/wp-content\/uploads\/2024\/08\/Cyber-Gefahr-von-Innen-Nicht-bei-uns._MQ.jpg\" \/>\n<meta name=\"author\" content=\"galledia\" \/>\n<meta name=\"twitter:card\" content=\"summary_large_image\" \/>\n<meta name=\"twitter:creator\" content=\"@admin\" \/>\n<script type=\"application\/ld+json\" class=\"yoast-schema-graph\">{\"@context\":\"https:\\\/\\\/schema.org\",\"@graph\":[{\"@type\":\"Article\",\"@id\":\"https:\\\/\\\/www.organisator.ch\\\/operational-excellence\\\/2024-08-05\\\/cyber-gefahr-von-innen-nicht-bei-uns\\\/#article\",\"isPartOf\":{\"@id\":\"https:\\\/\\\/www.organisator.ch\\\/operational-excellence\\\/2024-08-05\\\/cyber-gefahr-von-innen-nicht-bei-uns\\\/\"},\"author\":{\"name\":\"galledia\",\"@id\":\"https:\\\/\\\/www.organisator.ch\\\/#\\\/schema\\\/person\\\/4e51799071cd2dd1232ac003643ef5f0\"},\"headline\":\"Cyber-Gefahr von Innen? Nicht bei uns\u2026\",\"datePublished\":\"2024-08-05T12:02:20+00:00\",\"dateModified\":\"2024-11-09T09:15:37+00:00\",\"mainEntityOfPage\":{\"@id\":\"https:\\\/\\\/www.organisator.ch\\\/operational-excellence\\\/2024-08-05\\\/cyber-gefahr-von-innen-nicht-bei-uns\\\/\"},\"wordCount\":520,\"publisher\":{\"@id\":\"https:\\\/\\\/www.organisator.ch\\\/#organization\"},\"image\":{\"@id\":\"https:\\\/\\\/www.organisator.ch\\\/operational-excellence\\\/2024-08-05\\\/cyber-gefahr-von-innen-nicht-bei-uns\\\/#primaryimage\"},\"thumbnailUrl\":\"https:\\\/\\\/www.m-q.ch\\\/wp-content\\\/uploads\\\/2024\\\/08\\\/Cyber-Gefahr-von-Innen-Nicht-bei-uns._MQ.jpg\",\"keywords\":[\"Cybersicherheit\",\"Management und Unternehmensf\u00fchrung\",\"Risikomanagement\",\"Umfrage\"],\"articleSection\":[\"OPERATIONAL EXCELLENCE\"],\"inLanguage\":\"en-US\"},{\"@type\":\"WebPage\",\"@id\":\"https:\\\/\\\/www.organisator.ch\\\/operational-excellence\\\/2024-08-05\\\/cyber-gefahr-von-innen-nicht-bei-uns\\\/\",\"url\":\"https:\\\/\\\/www.organisator.ch\\\/operational-excellence\\\/2024-08-05\\\/cyber-gefahr-von-innen-nicht-bei-uns\\\/\",\"name\":\"Cyber-Gefahr von Innen? Nicht bei uns\u2026 - Organisator\",\"isPartOf\":{\"@id\":\"https:\\\/\\\/www.organisator.ch\\\/#website\"},\"primaryImageOfPage\":{\"@id\":\"https:\\\/\\\/www.organisator.ch\\\/operational-excellence\\\/2024-08-05\\\/cyber-gefahr-von-innen-nicht-bei-uns\\\/#primaryimage\"},\"image\":{\"@id\":\"https:\\\/\\\/www.organisator.ch\\\/operational-excellence\\\/2024-08-05\\\/cyber-gefahr-von-innen-nicht-bei-uns\\\/#primaryimage\"},\"thumbnailUrl\":\"https:\\\/\\\/www.m-q.ch\\\/wp-content\\\/uploads\\\/2024\\\/08\\\/Cyber-Gefahr-von-Innen-Nicht-bei-uns._MQ.jpg\",\"datePublished\":\"2024-08-05T12:02:20+00:00\",\"dateModified\":\"2024-11-09T09:15:37+00:00\",\"description\":\"tudie: Unterschiede in der Einsch\u00e4tzung der Cyber-Gefahr durch Mitarbeitende in DACH-L\u00e4ndern. Vertrauen und Vorsicht variieren.\",\"breadcrumb\":{\"@id\":\"https:\\\/\\\/www.organisator.ch\\\/operational-excellence\\\/2024-08-05\\\/cyber-gefahr-von-innen-nicht-bei-uns\\\/#breadcrumb\"},\"inLanguage\":\"en-US\",\"potentialAction\":[{\"@type\":\"ReadAction\",\"target\":[\"https:\\\/\\\/www.organisator.ch\\\/operational-excellence\\\/2024-08-05\\\/cyber-gefahr-von-innen-nicht-bei-uns\\\/\"]}]},{\"@type\":\"ImageObject\",\"inLanguage\":\"en-US\",\"@id\":\"https:\\\/\\\/www.organisator.ch\\\/operational-excellence\\\/2024-08-05\\\/cyber-gefahr-von-innen-nicht-bei-uns\\\/#primaryimage\",\"url\":\"https:\\\/\\\/www.m-q.ch\\\/wp-content\\\/uploads\\\/2024\\\/08\\\/Cyber-Gefahr-von-Innen-Nicht-bei-uns._MQ.jpg\",\"contentUrl\":\"https:\\\/\\\/www.m-q.ch\\\/wp-content\\\/uploads\\\/2024\\\/08\\\/Cyber-Gefahr-von-Innen-Nicht-bei-uns._MQ.jpg\"},{\"@type\":\"BreadcrumbList\",\"@id\":\"https:\\\/\\\/www.organisator.ch\\\/operational-excellence\\\/2024-08-05\\\/cyber-gefahr-von-innen-nicht-bei-uns\\\/#breadcrumb\",\"itemListElement\":[{\"@type\":\"ListItem\",\"position\":1,\"name\":\"Home\",\"item\":\"https:\\\/\\\/www.organisator.ch\\\/\"},{\"@type\":\"ListItem\",\"position\":2,\"name\":\"Cyber-Gefahr von Innen? Nicht bei uns\u2026\"}]},{\"@type\":\"WebSite\",\"@id\":\"https:\\\/\\\/www.organisator.ch\\\/#website\",\"url\":\"https:\\\/\\\/www.organisator.ch\\\/\",\"name\":\"Organisator\",\"description\":\"Kompetent. Praxisnah. Der ORGANISATOR bereitet in 10 Ausgaben pro Jahr die wesentlichen Themen f\u00fcr F\u00fchrungskr\u00e4fte von KMU auf.\",\"publisher\":{\"@id\":\"https:\\\/\\\/www.organisator.ch\\\/#organization\"},\"potentialAction\":[{\"@type\":\"SearchAction\",\"target\":{\"@type\":\"EntryPoint\",\"urlTemplate\":\"https:\\\/\\\/www.organisator.ch\\\/?s={search_term_string}\"},\"query-input\":{\"@type\":\"PropertyValueSpecification\",\"valueRequired\":true,\"valueName\":\"search_term_string\"}}],\"inLanguage\":\"en-US\"},{\"@type\":\"Organization\",\"@id\":\"https:\\\/\\\/www.organisator.ch\\\/#organization\",\"name\":\"Organisator\",\"url\":\"https:\\\/\\\/www.organisator.ch\\\/\",\"logo\":{\"@type\":\"ImageObject\",\"inLanguage\":\"en-US\",\"@id\":\"https:\\\/\\\/www.organisator.ch\\\/#\\\/schema\\\/logo\\\/image\\\/\",\"url\":\"https:\\\/\\\/www.organisator.ch\\\/wp-content\\\/uploads\\\/2022\\\/01\\\/Logo_Organisator_Website.png\",\"contentUrl\":\"https:\\\/\\\/www.organisator.ch\\\/wp-content\\\/uploads\\\/2022\\\/01\\\/Logo_Organisator_Website.png\",\"width\":800,\"height\":77,\"caption\":\"Organisator\"},\"image\":{\"@id\":\"https:\\\/\\\/www.organisator.ch\\\/#\\\/schema\\\/logo\\\/image\\\/\"},\"sameAs\":[\"https:\\\/\\\/www.facebook.com\\\/OrganisatorFachmagazin\",\"https:\\\/\\\/www.linkedin.com\\\/showcase\\\/organisator-das-magazin-fr-kmu\",\"https:\\\/\\\/www.xing.com\\\/news\\\/pages\\\/organisator-ch-695\",\"https:\\\/\\\/www.youtube.com\\\/channel\\\/UCGP2Sq0iWaZwT3BdIAQFYpw\"]},{\"@type\":\"Person\",\"@id\":\"https:\\\/\\\/www.organisator.ch\\\/#\\\/schema\\\/person\\\/4e51799071cd2dd1232ac003643ef5f0\",\"name\":\"galledia\",\"image\":{\"@type\":\"ImageObject\",\"inLanguage\":\"en-US\",\"@id\":\"https:\\\/\\\/secure.gravatar.com\\\/avatar\\\/78a7f90c01fc2bfc875782a0d4922b37cde2cf184ce347b91316d23cd7f69a36?s=96&d=mm&r=g\",\"url\":\"https:\\\/\\\/secure.gravatar.com\\\/avatar\\\/78a7f90c01fc2bfc875782a0d4922b37cde2cf184ce347b91316d23cd7f69a36?s=96&d=mm&r=g\",\"contentUrl\":\"https:\\\/\\\/secure.gravatar.com\\\/avatar\\\/78a7f90c01fc2bfc875782a0d4922b37cde2cf184ce347b91316d23cd7f69a36?s=96&d=mm&r=g\",\"caption\":\"galledia\"},\"sameAs\":[\"https:\\\/\\\/x.com\\\/admin\"],\"url\":\"https:\\\/\\\/www.organisator.ch\\\/en\\\/author\\\/galledia\\\/\"}]}<\/script>\n<!-- \/ Yoast SEO plugin. -->","yoast_head_json":{"title":"Cyber danger from the inside? Not with us... - Organizer","description":"Study: Differences in employees' assessment of the cyber threat in DACH countries. Trust and caution vary.","robots":{"index":"index","follow":"follow","max-snippet":"max-snippet:-1","max-image-preview":"max-image-preview:large","max-video-preview":"max-video-preview:-1"},"canonical":"https:\/\/www.organisator.ch\/en\/operational-excellence\/2024-08-05\/cyber-gefahr-von-innen-nicht-bei-uns\/","og_locale":"en_US","og_type":"article","og_title":"Cyber-Gefahr von Innen? Nicht bei uns\u2026 - Organisator","og_description":"tudie: Unterschiede in der Einsch\u00e4tzung der Cyber-Gefahr durch Mitarbeitende in DACH-L\u00e4ndern. Vertrauen und Vorsicht variieren.","og_url":"https:\/\/www.organisator.ch\/en\/operational-excellence\/2024-08-05\/cyber-gefahr-von-innen-nicht-bei-uns\/","og_site_name":"Organisator","article_publisher":"https:\/\/www.facebook.com\/OrganisatorFachmagazin","article_published_time":"2024-08-05T12:02:20+00:00","article_modified_time":"2024-11-09T09:15:37+00:00","og_image":[{"url":"https:\/\/www.m-q.ch\/wp-content\/uploads\/2024\/08\/Cyber-Gefahr-von-Innen-Nicht-bei-uns._MQ.jpg","type":"","width":"","height":""}],"author":"galledia","twitter_card":"summary_large_image","twitter_creator":"@admin","schema":{"@context":"https:\/\/schema.org","@graph":[{"@type":"Article","@id":"https:\/\/www.organisator.ch\/operational-excellence\/2024-08-05\/cyber-gefahr-von-innen-nicht-bei-uns\/#article","isPartOf":{"@id":"https:\/\/www.organisator.ch\/operational-excellence\/2024-08-05\/cyber-gefahr-von-innen-nicht-bei-uns\/"},"author":{"name":"galledia","@id":"https:\/\/www.organisator.ch\/#\/schema\/person\/4e51799071cd2dd1232ac003643ef5f0"},"headline":"Cyber-Gefahr von Innen? Nicht bei uns\u2026","datePublished":"2024-08-05T12:02:20+00:00","dateModified":"2024-11-09T09:15:37+00:00","mainEntityOfPage":{"@id":"https:\/\/www.organisator.ch\/operational-excellence\/2024-08-05\/cyber-gefahr-von-innen-nicht-bei-uns\/"},"wordCount":520,"publisher":{"@id":"https:\/\/www.organisator.ch\/#organization"},"image":{"@id":"https:\/\/www.organisator.ch\/operational-excellence\/2024-08-05\/cyber-gefahr-von-innen-nicht-bei-uns\/#primaryimage"},"thumbnailUrl":"https:\/\/www.m-q.ch\/wp-content\/uploads\/2024\/08\/Cyber-Gefahr-von-Innen-Nicht-bei-uns._MQ.jpg","keywords":["Cybersicherheit","Management und Unternehmensf\u00fchrung","Risikomanagement","Umfrage"],"articleSection":["OPERATIONAL EXCELLENCE"],"inLanguage":"en-US"},{"@type":"WebPage","@id":"https:\/\/www.organisator.ch\/operational-excellence\/2024-08-05\/cyber-gefahr-von-innen-nicht-bei-uns\/","url":"https:\/\/www.organisator.ch\/operational-excellence\/2024-08-05\/cyber-gefahr-von-innen-nicht-bei-uns\/","name":"Cyber danger from the inside? Not with us... - Organizer","isPartOf":{"@id":"https:\/\/www.organisator.ch\/#website"},"primaryImageOfPage":{"@id":"https:\/\/www.organisator.ch\/operational-excellence\/2024-08-05\/cyber-gefahr-von-innen-nicht-bei-uns\/#primaryimage"},"image":{"@id":"https:\/\/www.organisator.ch\/operational-excellence\/2024-08-05\/cyber-gefahr-von-innen-nicht-bei-uns\/#primaryimage"},"thumbnailUrl":"https:\/\/www.m-q.ch\/wp-content\/uploads\/2024\/08\/Cyber-Gefahr-von-Innen-Nicht-bei-uns._MQ.jpg","datePublished":"2024-08-05T12:02:20+00:00","dateModified":"2024-11-09T09:15:37+00:00","description":"Study: Differences in employees' assessment of the cyber threat in DACH countries. Trust and caution vary.","breadcrumb":{"@id":"https:\/\/www.organisator.ch\/operational-excellence\/2024-08-05\/cyber-gefahr-von-innen-nicht-bei-uns\/#breadcrumb"},"inLanguage":"en-US","potentialAction":[{"@type":"ReadAction","target":["https:\/\/www.organisator.ch\/operational-excellence\/2024-08-05\/cyber-gefahr-von-innen-nicht-bei-uns\/"]}]},{"@type":"ImageObject","inLanguage":"en-US","@id":"https:\/\/www.organisator.ch\/operational-excellence\/2024-08-05\/cyber-gefahr-von-innen-nicht-bei-uns\/#primaryimage","url":"https:\/\/www.m-q.ch\/wp-content\/uploads\/2024\/08\/Cyber-Gefahr-von-Innen-Nicht-bei-uns._MQ.jpg","contentUrl":"https:\/\/www.m-q.ch\/wp-content\/uploads\/2024\/08\/Cyber-Gefahr-von-Innen-Nicht-bei-uns._MQ.jpg"},{"@type":"BreadcrumbList","@id":"https:\/\/www.organisator.ch\/operational-excellence\/2024-08-05\/cyber-gefahr-von-innen-nicht-bei-uns\/#breadcrumb","itemListElement":[{"@type":"ListItem","position":1,"name":"Home","item":"https:\/\/www.organisator.ch\/"},{"@type":"ListItem","position":2,"name":"Cyber-Gefahr von Innen? Nicht bei uns\u2026"}]},{"@type":"WebSite","@id":"https:\/\/www.organisator.ch\/#website","url":"https:\/\/www.organisator.ch\/","name":"Organizer","description":"Competent. Practical. In 10 issues per year, ORGANISATOR presents the essential topics for managers of SMEs.","publisher":{"@id":"https:\/\/www.organisator.ch\/#organization"},"potentialAction":[{"@type":"SearchAction","target":{"@type":"EntryPoint","urlTemplate":"https:\/\/www.organisator.ch\/?s={search_term_string}"},"query-input":{"@type":"PropertyValueSpecification","valueRequired":true,"valueName":"search_term_string"}}],"inLanguage":"en-US"},{"@type":"Organization","@id":"https:\/\/www.organisator.ch\/#organization","name":"Organizer","url":"https:\/\/www.organisator.ch\/","logo":{"@type":"ImageObject","inLanguage":"en-US","@id":"https:\/\/www.organisator.ch\/#\/schema\/logo\/image\/","url":"https:\/\/www.organisator.ch\/wp-content\/uploads\/2022\/01\/Logo_Organisator_Website.png","contentUrl":"https:\/\/www.organisator.ch\/wp-content\/uploads\/2022\/01\/Logo_Organisator_Website.png","width":800,"height":77,"caption":"Organisator"},"image":{"@id":"https:\/\/www.organisator.ch\/#\/schema\/logo\/image\/"},"sameAs":["https:\/\/www.facebook.com\/OrganisatorFachmagazin","https:\/\/www.linkedin.com\/showcase\/organisator-das-magazin-fr-kmu","https:\/\/www.xing.com\/news\/pages\/organisator-ch-695","https:\/\/www.youtube.com\/channel\/UCGP2Sq0iWaZwT3BdIAQFYpw"]},{"@type":"Person","@id":"https:\/\/www.organisator.ch\/#\/schema\/person\/4e51799071cd2dd1232ac003643ef5f0","name":"galledia","image":{"@type":"ImageObject","inLanguage":"en-US","@id":"https:\/\/secure.gravatar.com\/avatar\/78a7f90c01fc2bfc875782a0d4922b37cde2cf184ce347b91316d23cd7f69a36?s=96&d=mm&r=g","url":"https:\/\/secure.gravatar.com\/avatar\/78a7f90c01fc2bfc875782a0d4922b37cde2cf184ce347b91316d23cd7f69a36?s=96&d=mm&r=g","contentUrl":"https:\/\/secure.gravatar.com\/avatar\/78a7f90c01fc2bfc875782a0d4922b37cde2cf184ce347b91316d23cd7f69a36?s=96&d=mm&r=g","caption":"galledia"},"sameAs":["https:\/\/x.com\/admin"],"url":"https:\/\/www.organisator.ch\/en\/author\/galledia\/"}]}},"_links":{"self":[{"href":"https:\/\/www.organisator.ch\/en\/wp-json\/wp\/v2\/posts\/28660","targetHints":{"allow":["GET"]}}],"collection":[{"href":"https:\/\/www.organisator.ch\/en\/wp-json\/wp\/v2\/posts"}],"about":[{"href":"https:\/\/www.organisator.ch\/en\/wp-json\/wp\/v2\/types\/post"}],"author":[{"embeddable":true,"href":"https:\/\/www.organisator.ch\/en\/wp-json\/wp\/v2\/users\/8"}],"replies":[{"embeddable":true,"href":"https:\/\/www.organisator.ch\/en\/wp-json\/wp\/v2\/comments?post=28660"}],"version-history":[{"count":6,"href":"https:\/\/www.organisator.ch\/en\/wp-json\/wp\/v2\/posts\/28660\/revisions"}],"predecessor-version":[{"id":32093,"href":"https:\/\/www.organisator.ch\/en\/wp-json\/wp\/v2\/posts\/28660\/revisions\/32093"}],"wp:attachment":[{"href":"https:\/\/www.organisator.ch\/en\/wp-json\/wp\/v2\/media?parent=28660"}],"wp:term":[{"taxonomy":"category","embeddable":true,"href":"https:\/\/www.organisator.ch\/en\/wp-json\/wp\/v2\/categories?post=28660"},{"taxonomy":"post_tag","embeddable":true,"href":"https:\/\/www.organisator.ch\/en\/wp-json\/wp\/v2\/tags?post=28660"}],"curies":[{"name":"wp","href":"https:\/\/api.w.org\/{rel}","templated":true}]}}