{"id":28679,"date":"2024-08-06T09:20:53","date_gmt":"2024-08-06T07:20:53","guid":{"rendered":"https:\/\/www.organisator.ch\/?p=28679"},"modified":"2024-08-06T09:20:53","modified_gmt":"2024-08-06T07:20:53","slug":"gemeinsam-konflikte-loesen-vorschau-auf-das-12-swiss-green-economy-symposium","status":"publish","type":"post","link":"https:\/\/www.organisator.ch\/en\/sustainability\/2024-08-06\/gemeinsam-konflikte-loesen-vorschau-auf-das-12-swiss-green-economy-symposium\/","title":{"rendered":"Solving conflicts together: Preview of the 12th Swiss Green Economy Symposium"},"content":{"rendered":"<figure id=\"attachment_28680\" aria-describedby=\"caption-attachment-28680\" style=\"width: 680px\" class=\"wp-caption alignnone\"><img loading=\"lazy\" decoding=\"async\" class=\"size-full wp-image-28680\" src=\"https:\/\/www.organisator.ch\/wp-content\/uploads\/2024\/08\/Gemeinsam-Konflikte-loesen-Vorschau-auf-das-12.-Swiss-Green-Economy-Symposium_Organisator.jpg\" alt=\"\" width=\"680\" height=\"376\" srcset=\"https:\/\/www.organisator.ch\/wp-content\/uploads\/2024\/08\/Gemeinsam-Konflikte-loesen-Vorschau-auf-das-12.-Swiss-Green-Economy-Symposium_Organisator.jpg 680w, https:\/\/www.organisator.ch\/wp-content\/uploads\/2024\/08\/Gemeinsam-Konflikte-loesen-Vorschau-auf-das-12.-Swiss-Green-Economy-Symposium_Organisator-18x10.jpg 18w, https:\/\/www.organisator.ch\/wp-content\/uploads\/2024\/08\/Gemeinsam-Konflikte-loesen-Vorschau-auf-das-12.-Swiss-Green-Economy-Symposium_Organisator-375x207.jpg 375w, https:\/\/www.organisator.ch\/wp-content\/uploads\/2024\/08\/Gemeinsam-Konflikte-loesen-Vorschau-auf-das-12.-Swiss-Green-Economy-Symposium_Organisator-633x350.jpg 633w\" sizes=\"auto, (max-width: 680px) 100vw, 680px\" \/><figcaption id=\"caption-attachment-28680\" class=\"wp-caption-text\">A good 2000 visitors are once again expected at the 12th Swiss Green Economy Symposium. (Picture: Thomas Berner)<\/figcaption><\/figure>\n<p>Since 2013, the Swiss Green Economy Symposium has been using concrete examples to show how cooperation between business, politics, science and NGOs can contribute to greater prosperity, environmental protection and a more peaceful coexistence. Solutions are discussed and recipes for success shared. The symposium inspires its participants - decision-makers, implementers and innovators - to take concrete action. This year, the SGES is focusing on the crucial question: How can we resolve conflicts faster and more effectively for the benefit of people and the environment in a sustainable way through improved cooperation? The event provides a platform to discuss these questions, exchange ideas and promote partnerships.<\/p>\n<p>The SGES starts on the afternoon of Tuesday, August 27, with the SGEXperience (company visits). The companies Burckhardt Compression, Stadler Rail and Zimmer Biomet will open their doors to participants and present their efforts for a more sustainable future. There will be a joint closing event at the Gr\u00fcze innovation laboratory of the city of Winterthur<br \/>\nat the networking aperitif. In the evening, the topic of sustainable supply chains will be discussed at the international pre-event.<\/p>\n<p>On Wednesday, August 28, after a welcome address from the City of Winterthur and the opening message from Daniel Dubas, Federal Council Delegate for the 2030 Agenda and Head of the Sustainable Development Section at the Federal Office for Spatial Development (ARE), the following important questions will be discussed in keynote speeches and panel discussions: What opportunities and challenges does<br \/>\nbiodiversity? How can we implement the circular economy, e.g. for batteries? How can we protect supply chains against risks? In the afternoon, eight specialist conferences (innovation forums) will explore and discuss key sustainability topics in greater depth, e.g. the digitalization of healthcare, climate protection in companies and the circular economy in construction.<\/p>\n<p>On Thursday, August 29, top-class experts will discuss the following topics in the main program: How can we build and live sustainably and healthily? How can we create an effective ecosystem for carbon capture? How can we solve conflicts together? In the afternoon, seven innovation forums will again discuss burning sustainability issues in greater depth. Examples include: How can we manage nutrient cycles more intelligently? How can we rapidly expand renewable energies and ensure energy efficiency? How can we implement the circular economy for plastics?<\/p>\n<p>On Thursday, as on Wednesday, the Swiss Green Economy Symposium will end with a networking aperitif from 5 pm. Because with joie de vivre we can commit ourselves much better to sustainability.\u00a0<\/p>\n<p><em>Program: <a href=\"https:\/\/sges.ch\/programm\/\">sges.ch\/program<\/a><\/em><\/p>","protected":false},"excerpt":{"rendered":"<p>Two and a half days, 2,000 motivated participants, 250 top-class speakers, two main programs, 15 innovation forums and three company visits on site: the 12th Swiss Green Economy Symposium SGES will take place in Winterthur from 27 to 29 August 2024. It is the most comprehensive conference on business and sustainability in Switzerland.<\/p>","protected":false},"author":4,"featured_media":28680,"comment_status":"closed","ping_status":"closed","sticky":false,"template":"","format":"standard","meta":{"_acf_changed":false,"_yoast_wpseo_focuskw":"Konflikte l\u00f6sen","_yoast_wpseo_metadesc":"Vom 27. bis 29. August 2024 findet in Winterthur das 12. Swiss Green Economy Symposium SGES statt. Das Motto: Gemeinsam Konflikte l\u00f6sen.","articlekey":"","footnotes":""},"categories":[580],"tags":[193,335,358,4338,502],"class_list":["post-28679","post","type-post","status-publish","format-standard","has-post-thumbnail","hentry","category-sustainability","tag-fachkongressfachmesse","tag-management-und-unternehmensfuehrung","tag-nachhaltige-wirtschaft","tag-swiss-green-economy-symposium","tag-veranstaltungen"],"acf":[],"yoast_head":"<!-- This site is optimized with the Yoast SEO plugin v27.4 - https:\/\/yoast.com\/product\/yoast-seo-wordpress\/ -->\n<title>Gemeinsam Konflikte l\u00f6sen: Vorschau auf das 12. Swiss Green Economy Symposium - Organisator<\/title>\n<meta name=\"description\" content=\"Vom 27. bis 29. August 2024 findet in Winterthur das 12. Swiss Green Economy Symposium SGES statt. Das Motto: Gemeinsam Konflikte l\u00f6sen.\" \/>\n<meta name=\"robots\" content=\"index, follow, max-snippet:-1, max-image-preview:large, max-video-preview:-1\" \/>\n<link rel=\"canonical\" href=\"https:\/\/www.organisator.ch\/en\/sustainability\/2024-08-06\/gemeinsam-konflikte-loesen-vorschau-auf-das-12-swiss-green-economy-symposium\/\" \/>\n<meta property=\"og:locale\" content=\"en_US\" \/>\n<meta property=\"og:type\" content=\"article\" \/>\n<meta property=\"og:title\" content=\"Gemeinsam Konflikte l\u00f6sen: Vorschau auf das 12. Swiss Green Economy Symposium\" \/>\n<meta property=\"og:description\" content=\"Vom 27. bis 29. August 2024 findet in Winterthur das 12. Swiss Green Economy Symposium SGES statt. Das Motto: Gemeinsam Konflikte l\u00f6sen.\" \/>\n<meta property=\"og:url\" content=\"https:\/\/www.organisator.ch\/en\/sustainability\/2024-08-06\/gemeinsam-konflikte-loesen-vorschau-auf-das-12-swiss-green-economy-symposium\/\" \/>\n<meta property=\"og:site_name\" content=\"Organisator\" \/>\n<meta property=\"article:publisher\" content=\"https:\/\/www.facebook.com\/OrganisatorFachmagazin\" \/>\n<meta property=\"article:published_time\" content=\"2024-08-06T07:20:53+00:00\" \/>\n<meta property=\"og:image\" content=\"https:\/\/www.organisator.ch\/wp-content\/uploads\/2024\/08\/Gemeinsam-Konflikte-loesen-Vorschau-auf-das-12.-Swiss-Green-Economy-Symposium_Organisator.jpg\" \/>\n\t<meta property=\"og:image:width\" content=\"680\" \/>\n\t<meta property=\"og:image:height\" content=\"376\" \/>\n\t<meta property=\"og:image:type\" content=\"image\/jpeg\" \/>\n<meta name=\"author\" content=\"thomas.berner\" \/>\n<meta name=\"twitter:card\" content=\"summary_large_image\" \/>\n<meta name=\"twitter:title\" content=\"Gemeinsam #Konflikte l\u00f6sen: Vorschau auf das 12. Swiss Green #Economy #Symposium\" \/>\n<meta name=\"twitter:description\" content=\"Vom 27. bis 29. August 2024 findet in Winterthur das 12. Swiss Green Economy Symposium #SGES statt. Das Motto: Gemeinsam #Konflikte l\u00f6sen.\" \/>\n<meta name=\"twitter:image\" content=\"https:\/\/www.organisator.ch\/wp-content\/uploads\/2024\/08\/Gemeinsam-Konflikte-loesen-Vorschau-auf-das-12.-Swiss-Green-Economy-Symposium_Organisator.jpg\" \/>\n<script type=\"application\/ld+json\" class=\"yoast-schema-graph\">{\"@context\":\"https:\\\/\\\/schema.org\",\"@graph\":[{\"@type\":\"Article\",\"@id\":\"https:\\\/\\\/www.organisator.ch\\\/sustainability\\\/2024-08-06\\\/gemeinsam-konflikte-loesen-vorschau-auf-das-12-swiss-green-economy-symposium\\\/#article\",\"isPartOf\":{\"@id\":\"https:\\\/\\\/www.organisator.ch\\\/sustainability\\\/2024-08-06\\\/gemeinsam-konflikte-loesen-vorschau-auf-das-12-swiss-green-economy-symposium\\\/\"},\"author\":{\"name\":\"thomas.berner\",\"@id\":\"https:\\\/\\\/www.organisator.ch\\\/#\\\/schema\\\/person\\\/6f650f90b2842cd4c0cc334b4e36f67e\"},\"headline\":\"Gemeinsam Konflikte l\u00f6sen: Vorschau auf das 12. Swiss Green Economy Symposium\",\"datePublished\":\"2024-08-06T07:20:53+00:00\",\"mainEntityOfPage\":{\"@id\":\"https:\\\/\\\/www.organisator.ch\\\/sustainability\\\/2024-08-06\\\/gemeinsam-konflikte-loesen-vorschau-auf-das-12-swiss-green-economy-symposium\\\/\"},\"wordCount\":418,\"publisher\":{\"@id\":\"https:\\\/\\\/www.organisator.ch\\\/#organization\"},\"image\":{\"@id\":\"https:\\\/\\\/www.organisator.ch\\\/sustainability\\\/2024-08-06\\\/gemeinsam-konflikte-loesen-vorschau-auf-das-12-swiss-green-economy-symposium\\\/#primaryimage\"},\"thumbnailUrl\":\"https:\\\/\\\/www.organisator.ch\\\/wp-content\\\/uploads\\\/2024\\\/08\\\/Gemeinsam-Konflikte-loesen-Vorschau-auf-das-12.-Swiss-Green-Economy-Symposium_Organisator.jpg\",\"keywords\":[\"Fachkongress\\\/Fachmesse\",\"Management und Unternehmensf\u00fchrung\",\"Nachhaltige Wirtschaft\",\"Swiss Green Economy Symposium\",\"Veranstaltungen\"],\"articleSection\":[\"SUSTAINABILITY\"],\"inLanguage\":\"en-US\"},{\"@type\":\"WebPage\",\"@id\":\"https:\\\/\\\/www.organisator.ch\\\/sustainability\\\/2024-08-06\\\/gemeinsam-konflikte-loesen-vorschau-auf-das-12-swiss-green-economy-symposium\\\/\",\"url\":\"https:\\\/\\\/www.organisator.ch\\\/sustainability\\\/2024-08-06\\\/gemeinsam-konflikte-loesen-vorschau-auf-das-12-swiss-green-economy-symposium\\\/\",\"name\":\"Gemeinsam Konflikte l\u00f6sen: Vorschau auf das 12. Swiss Green Economy Symposium - Organisator\",\"isPartOf\":{\"@id\":\"https:\\\/\\\/www.organisator.ch\\\/#website\"},\"primaryImageOfPage\":{\"@id\":\"https:\\\/\\\/www.organisator.ch\\\/sustainability\\\/2024-08-06\\\/gemeinsam-konflikte-loesen-vorschau-auf-das-12-swiss-green-economy-symposium\\\/#primaryimage\"},\"image\":{\"@id\":\"https:\\\/\\\/www.organisator.ch\\\/sustainability\\\/2024-08-06\\\/gemeinsam-konflikte-loesen-vorschau-auf-das-12-swiss-green-economy-symposium\\\/#primaryimage\"},\"thumbnailUrl\":\"https:\\\/\\\/www.organisator.ch\\\/wp-content\\\/uploads\\\/2024\\\/08\\\/Gemeinsam-Konflikte-loesen-Vorschau-auf-das-12.-Swiss-Green-Economy-Symposium_Organisator.jpg\",\"datePublished\":\"2024-08-06T07:20:53+00:00\",\"description\":\"Vom 27. bis 29. August 2024 findet in Winterthur das 12. Swiss Green Economy Symposium SGES statt. Das Motto: Gemeinsam Konflikte l\u00f6sen.\",\"breadcrumb\":{\"@id\":\"https:\\\/\\\/www.organisator.ch\\\/sustainability\\\/2024-08-06\\\/gemeinsam-konflikte-loesen-vorschau-auf-das-12-swiss-green-economy-symposium\\\/#breadcrumb\"},\"inLanguage\":\"en-US\",\"potentialAction\":[{\"@type\":\"ReadAction\",\"target\":[\"https:\\\/\\\/www.organisator.ch\\\/sustainability\\\/2024-08-06\\\/gemeinsam-konflikte-loesen-vorschau-auf-das-12-swiss-green-economy-symposium\\\/\"]}]},{\"@type\":\"ImageObject\",\"inLanguage\":\"en-US\",\"@id\":\"https:\\\/\\\/www.organisator.ch\\\/sustainability\\\/2024-08-06\\\/gemeinsam-konflikte-loesen-vorschau-auf-das-12-swiss-green-economy-symposium\\\/#primaryimage\",\"url\":\"https:\\\/\\\/www.organisator.ch\\\/wp-content\\\/uploads\\\/2024\\\/08\\\/Gemeinsam-Konflikte-loesen-Vorschau-auf-das-12.-Swiss-Green-Economy-Symposium_Organisator.jpg\",\"contentUrl\":\"https:\\\/\\\/www.organisator.ch\\\/wp-content\\\/uploads\\\/2024\\\/08\\\/Gemeinsam-Konflikte-loesen-Vorschau-auf-das-12.-Swiss-Green-Economy-Symposium_Organisator.jpg\",\"width\":680,\"height\":376,\"caption\":\"Am 12. Swiss Green Economy Symposium werden wiederum gut 2000 Besucher\\\/-innen erwartet. (Bild: Thomas Berner)\"},{\"@type\":\"BreadcrumbList\",\"@id\":\"https:\\\/\\\/www.organisator.ch\\\/sustainability\\\/2024-08-06\\\/gemeinsam-konflikte-loesen-vorschau-auf-das-12-swiss-green-economy-symposium\\\/#breadcrumb\",\"itemListElement\":[{\"@type\":\"ListItem\",\"position\":1,\"name\":\"Home\",\"item\":\"https:\\\/\\\/www.organisator.ch\\\/\"},{\"@type\":\"ListItem\",\"position\":2,\"name\":\"Gemeinsam Konflikte l\u00f6sen: Vorschau auf das 12. Swiss Green Economy Symposium\"}]},{\"@type\":\"WebSite\",\"@id\":\"https:\\\/\\\/www.organisator.ch\\\/#website\",\"url\":\"https:\\\/\\\/www.organisator.ch\\\/\",\"name\":\"Organisator\",\"description\":\"Kompetent. Praxisnah. Der ORGANISATOR bereitet in 10 Ausgaben pro Jahr die wesentlichen Themen f\u00fcr F\u00fchrungskr\u00e4fte von KMU auf.\",\"publisher\":{\"@id\":\"https:\\\/\\\/www.organisator.ch\\\/#organization\"},\"potentialAction\":[{\"@type\":\"SearchAction\",\"target\":{\"@type\":\"EntryPoint\",\"urlTemplate\":\"https:\\\/\\\/www.organisator.ch\\\/?s={search_term_string}\"},\"query-input\":{\"@type\":\"PropertyValueSpecification\",\"valueRequired\":true,\"valueName\":\"search_term_string\"}}],\"inLanguage\":\"en-US\"},{\"@type\":\"Organization\",\"@id\":\"https:\\\/\\\/www.organisator.ch\\\/#organization\",\"name\":\"Organisator\",\"url\":\"https:\\\/\\\/www.organisator.ch\\\/\",\"logo\":{\"@type\":\"ImageObject\",\"inLanguage\":\"en-US\",\"@id\":\"https:\\\/\\\/www.organisator.ch\\\/#\\\/schema\\\/logo\\\/image\\\/\",\"url\":\"https:\\\/\\\/www.organisator.ch\\\/wp-content\\\/uploads\\\/2022\\\/01\\\/Logo_Organisator_Website.png\",\"contentUrl\":\"https:\\\/\\\/www.organisator.ch\\\/wp-content\\\/uploads\\\/2022\\\/01\\\/Logo_Organisator_Website.png\",\"width\":800,\"height\":77,\"caption\":\"Organisator\"},\"image\":{\"@id\":\"https:\\\/\\\/www.organisator.ch\\\/#\\\/schema\\\/logo\\\/image\\\/\"},\"sameAs\":[\"https:\\\/\\\/www.facebook.com\\\/OrganisatorFachmagazin\",\"https:\\\/\\\/www.linkedin.com\\\/showcase\\\/organisator-das-magazin-fr-kmu\",\"https:\\\/\\\/www.xing.com\\\/news\\\/pages\\\/organisator-ch-695\",\"https:\\\/\\\/www.youtube.com\\\/channel\\\/UCGP2Sq0iWaZwT3BdIAQFYpw\"]},{\"@type\":\"Person\",\"@id\":\"https:\\\/\\\/www.organisator.ch\\\/#\\\/schema\\\/person\\\/6f650f90b2842cd4c0cc334b4e36f67e\",\"name\":\"thomas.berner\",\"image\":{\"@type\":\"ImageObject\",\"inLanguage\":\"en-US\",\"@id\":\"https:\\\/\\\/secure.gravatar.com\\\/avatar\\\/ac5001d2a36cb6c6cd3e50789007ffca834b477b74a2144564522e944eabff61?s=96&d=mm&r=g\",\"url\":\"https:\\\/\\\/secure.gravatar.com\\\/avatar\\\/ac5001d2a36cb6c6cd3e50789007ffca834b477b74a2144564522e944eabff61?s=96&d=mm&r=g\",\"contentUrl\":\"https:\\\/\\\/secure.gravatar.com\\\/avatar\\\/ac5001d2a36cb6c6cd3e50789007ffca834b477b74a2144564522e944eabff61?s=96&d=mm&r=g\",\"caption\":\"thomas.berner\"},\"url\":\"https:\\\/\\\/www.organisator.ch\\\/en\\\/author\\\/thomas-berner\\\/\"}]}<\/script>\n<!-- \/ Yoast SEO plugin. -->","yoast_head_json":{"title":"Solving conflicts together: Preview of the 12th Swiss Green Economy Symposium - Organizer","description":"The 12th Swiss Green Economy Symposium SGES will take place in Winterthur from August 27 to 29, 2024. The motto: Solving conflicts together.","robots":{"index":"index","follow":"follow","max-snippet":"max-snippet:-1","max-image-preview":"max-image-preview:large","max-video-preview":"max-video-preview:-1"},"canonical":"https:\/\/www.organisator.ch\/en\/sustainability\/2024-08-06\/gemeinsam-konflikte-loesen-vorschau-auf-das-12-swiss-green-economy-symposium\/","og_locale":"en_US","og_type":"article","og_title":"Gemeinsam Konflikte l\u00f6sen: Vorschau auf das 12. Swiss Green Economy Symposium","og_description":"Vom 27. bis 29. August 2024 findet in Winterthur das 12. Swiss Green Economy Symposium SGES statt. Das Motto: Gemeinsam Konflikte l\u00f6sen.","og_url":"https:\/\/www.organisator.ch\/en\/sustainability\/2024-08-06\/gemeinsam-konflikte-loesen-vorschau-auf-das-12-swiss-green-economy-symposium\/","og_site_name":"Organisator","article_publisher":"https:\/\/www.facebook.com\/OrganisatorFachmagazin","article_published_time":"2024-08-06T07:20:53+00:00","og_image":[{"width":680,"height":376,"url":"https:\/\/www.organisator.ch\/wp-content\/uploads\/2024\/08\/Gemeinsam-Konflikte-loesen-Vorschau-auf-das-12.-Swiss-Green-Economy-Symposium_Organisator.jpg","type":"image\/jpeg"}],"author":"thomas.berner","twitter_card":"summary_large_image","twitter_title":"Gemeinsam #Konflikte l\u00f6sen: Vorschau auf das 12. Swiss Green #Economy #Symposium","twitter_description":"Vom 27. bis 29. August 2024 findet in Winterthur das 12. Swiss Green Economy Symposium #SGES statt. Das Motto: Gemeinsam #Konflikte l\u00f6sen.","twitter_image":"https:\/\/www.organisator.ch\/wp-content\/uploads\/2024\/08\/Gemeinsam-Konflikte-loesen-Vorschau-auf-das-12.-Swiss-Green-Economy-Symposium_Organisator.jpg","schema":{"@context":"https:\/\/schema.org","@graph":[{"@type":"Article","@id":"https:\/\/www.organisator.ch\/sustainability\/2024-08-06\/gemeinsam-konflikte-loesen-vorschau-auf-das-12-swiss-green-economy-symposium\/#article","isPartOf":{"@id":"https:\/\/www.organisator.ch\/sustainability\/2024-08-06\/gemeinsam-konflikte-loesen-vorschau-auf-das-12-swiss-green-economy-symposium\/"},"author":{"name":"thomas.berner","@id":"https:\/\/www.organisator.ch\/#\/schema\/person\/6f650f90b2842cd4c0cc334b4e36f67e"},"headline":"Gemeinsam Konflikte l\u00f6sen: Vorschau auf das 12. Swiss Green Economy Symposium","datePublished":"2024-08-06T07:20:53+00:00","mainEntityOfPage":{"@id":"https:\/\/www.organisator.ch\/sustainability\/2024-08-06\/gemeinsam-konflikte-loesen-vorschau-auf-das-12-swiss-green-economy-symposium\/"},"wordCount":418,"publisher":{"@id":"https:\/\/www.organisator.ch\/#organization"},"image":{"@id":"https:\/\/www.organisator.ch\/sustainability\/2024-08-06\/gemeinsam-konflikte-loesen-vorschau-auf-das-12-swiss-green-economy-symposium\/#primaryimage"},"thumbnailUrl":"https:\/\/www.organisator.ch\/wp-content\/uploads\/2024\/08\/Gemeinsam-Konflikte-loesen-Vorschau-auf-das-12.-Swiss-Green-Economy-Symposium_Organisator.jpg","keywords":["Fachkongress\/Fachmesse","Management und Unternehmensf\u00fchrung","Nachhaltige Wirtschaft","Swiss Green Economy Symposium","Veranstaltungen"],"articleSection":["SUSTAINABILITY"],"inLanguage":"en-US"},{"@type":"WebPage","@id":"https:\/\/www.organisator.ch\/sustainability\/2024-08-06\/gemeinsam-konflikte-loesen-vorschau-auf-das-12-swiss-green-economy-symposium\/","url":"https:\/\/www.organisator.ch\/sustainability\/2024-08-06\/gemeinsam-konflikte-loesen-vorschau-auf-das-12-swiss-green-economy-symposium\/","name":"Solving conflicts together: Preview of the 12th Swiss Green Economy Symposium - Organizer","isPartOf":{"@id":"https:\/\/www.organisator.ch\/#website"},"primaryImageOfPage":{"@id":"https:\/\/www.organisator.ch\/sustainability\/2024-08-06\/gemeinsam-konflikte-loesen-vorschau-auf-das-12-swiss-green-economy-symposium\/#primaryimage"},"image":{"@id":"https:\/\/www.organisator.ch\/sustainability\/2024-08-06\/gemeinsam-konflikte-loesen-vorschau-auf-das-12-swiss-green-economy-symposium\/#primaryimage"},"thumbnailUrl":"https:\/\/www.organisator.ch\/wp-content\/uploads\/2024\/08\/Gemeinsam-Konflikte-loesen-Vorschau-auf-das-12.-Swiss-Green-Economy-Symposium_Organisator.jpg","datePublished":"2024-08-06T07:20:53+00:00","description":"The 12th Swiss Green Economy Symposium SGES will take place in Winterthur from August 27 to 29, 2024. The motto: Solving conflicts together.","breadcrumb":{"@id":"https:\/\/www.organisator.ch\/sustainability\/2024-08-06\/gemeinsam-konflikte-loesen-vorschau-auf-das-12-swiss-green-economy-symposium\/#breadcrumb"},"inLanguage":"en-US","potentialAction":[{"@type":"ReadAction","target":["https:\/\/www.organisator.ch\/sustainability\/2024-08-06\/gemeinsam-konflikte-loesen-vorschau-auf-das-12-swiss-green-economy-symposium\/"]}]},{"@type":"ImageObject","inLanguage":"en-US","@id":"https:\/\/www.organisator.ch\/sustainability\/2024-08-06\/gemeinsam-konflikte-loesen-vorschau-auf-das-12-swiss-green-economy-symposium\/#primaryimage","url":"https:\/\/www.organisator.ch\/wp-content\/uploads\/2024\/08\/Gemeinsam-Konflikte-loesen-Vorschau-auf-das-12.-Swiss-Green-Economy-Symposium_Organisator.jpg","contentUrl":"https:\/\/www.organisator.ch\/wp-content\/uploads\/2024\/08\/Gemeinsam-Konflikte-loesen-Vorschau-auf-das-12.-Swiss-Green-Economy-Symposium_Organisator.jpg","width":680,"height":376,"caption":"Am 12. Swiss Green Economy Symposium werden wiederum gut 2000 Besucher\/-innen erwartet. (Bild: Thomas Berner)"},{"@type":"BreadcrumbList","@id":"https:\/\/www.organisator.ch\/sustainability\/2024-08-06\/gemeinsam-konflikte-loesen-vorschau-auf-das-12-swiss-green-economy-symposium\/#breadcrumb","itemListElement":[{"@type":"ListItem","position":1,"name":"Home","item":"https:\/\/www.organisator.ch\/"},{"@type":"ListItem","position":2,"name":"Gemeinsam Konflikte l\u00f6sen: Vorschau auf das 12. Swiss Green Economy Symposium"}]},{"@type":"WebSite","@id":"https:\/\/www.organisator.ch\/#website","url":"https:\/\/www.organisator.ch\/","name":"Organizer","description":"Competent. Practical. In 10 issues per year, ORGANISATOR presents the essential topics for managers of SMEs.","publisher":{"@id":"https:\/\/www.organisator.ch\/#organization"},"potentialAction":[{"@type":"SearchAction","target":{"@type":"EntryPoint","urlTemplate":"https:\/\/www.organisator.ch\/?s={search_term_string}"},"query-input":{"@type":"PropertyValueSpecification","valueRequired":true,"valueName":"search_term_string"}}],"inLanguage":"en-US"},{"@type":"Organization","@id":"https:\/\/www.organisator.ch\/#organization","name":"Organizer","url":"https:\/\/www.organisator.ch\/","logo":{"@type":"ImageObject","inLanguage":"en-US","@id":"https:\/\/www.organisator.ch\/#\/schema\/logo\/image\/","url":"https:\/\/www.organisator.ch\/wp-content\/uploads\/2022\/01\/Logo_Organisator_Website.png","contentUrl":"https:\/\/www.organisator.ch\/wp-content\/uploads\/2022\/01\/Logo_Organisator_Website.png","width":800,"height":77,"caption":"Organisator"},"image":{"@id":"https:\/\/www.organisator.ch\/#\/schema\/logo\/image\/"},"sameAs":["https:\/\/www.facebook.com\/OrganisatorFachmagazin","https:\/\/www.linkedin.com\/showcase\/organisator-das-magazin-fr-kmu","https:\/\/www.xing.com\/news\/pages\/organisator-ch-695","https:\/\/www.youtube.com\/channel\/UCGP2Sq0iWaZwT3BdIAQFYpw"]},{"@type":"Person","@id":"https:\/\/www.organisator.ch\/#\/schema\/person\/6f650f90b2842cd4c0cc334b4e36f67e","name":"thomas.berner","image":{"@type":"ImageObject","inLanguage":"en-US","@id":"https:\/\/secure.gravatar.com\/avatar\/ac5001d2a36cb6c6cd3e50789007ffca834b477b74a2144564522e944eabff61?s=96&d=mm&r=g","url":"https:\/\/secure.gravatar.com\/avatar\/ac5001d2a36cb6c6cd3e50789007ffca834b477b74a2144564522e944eabff61?s=96&d=mm&r=g","contentUrl":"https:\/\/secure.gravatar.com\/avatar\/ac5001d2a36cb6c6cd3e50789007ffca834b477b74a2144564522e944eabff61?s=96&d=mm&r=g","caption":"thomas.berner"},"url":"https:\/\/www.organisator.ch\/en\/author\/thomas-berner\/"}]}},"_links":{"self":[{"href":"https:\/\/www.organisator.ch\/en\/wp-json\/wp\/v2\/posts\/28679","targetHints":{"allow":["GET"]}}],"collection":[{"href":"https:\/\/www.organisator.ch\/en\/wp-json\/wp\/v2\/posts"}],"about":[{"href":"https:\/\/www.organisator.ch\/en\/wp-json\/wp\/v2\/types\/post"}],"author":[{"embeddable":true,"href":"https:\/\/www.organisator.ch\/en\/wp-json\/wp\/v2\/users\/4"}],"replies":[{"embeddable":true,"href":"https:\/\/www.organisator.ch\/en\/wp-json\/wp\/v2\/comments?post=28679"}],"version-history":[{"count":3,"href":"https:\/\/www.organisator.ch\/en\/wp-json\/wp\/v2\/posts\/28679\/revisions"}],"predecessor-version":[{"id":28695,"href":"https:\/\/www.organisator.ch\/en\/wp-json\/wp\/v2\/posts\/28679\/revisions\/28695"}],"wp:featuredmedia":[{"embeddable":true,"href":"https:\/\/www.organisator.ch\/en\/wp-json\/wp\/v2\/media\/28680"}],"wp:attachment":[{"href":"https:\/\/www.organisator.ch\/en\/wp-json\/wp\/v2\/media?parent=28679"}],"wp:term":[{"taxonomy":"category","embeddable":true,"href":"https:\/\/www.organisator.ch\/en\/wp-json\/wp\/v2\/categories?post=28679"},{"taxonomy":"post_tag","embeddable":true,"href":"https:\/\/www.organisator.ch\/en\/wp-json\/wp\/v2\/tags?post=28679"}],"curies":[{"name":"wp","href":"https:\/\/api.w.org\/{rel}","templated":true}]}}