{"id":2874,"date":"2017-12-13T08:20:05","date_gmt":"2017-12-13T07:20:05","guid":{"rendered":"https:\/\/www.organisator.ch\/?p=2874"},"modified":"2017-12-13T08:20:05","modified_gmt":"2017-12-13T07:20:05","slug":"optimismus-auf-dem-schweizer-arbeitsmarkt-fuer-den-jahresanfang","status":"publish","type":"post","link":"https:\/\/www.organisator.ch\/en\/human-resources\/hrm\/2017-12-13\/optimismus-auf-dem-schweizer-arbeitsmarkt-fuer-den-jahresanfang\/","title":{"rendered":"Optimism on the Swiss Labor Market for the Start of the Year"},"content":{"rendered":"<p>Employers in most regions, but especially in Zurich, Espace Mittelland and Northwestern Switzerland, expect to expand their workforces during the first three months of the year. Staff numbers are expected to rise in all categories of company, especially among small and medium-sized enterprises (SMEs). \"This positive outlook demonstrates that the Swiss labor market is gradually reflecting the economic recovery,\" comments Leif Agn\u00e9us, General Manager of Manpower Switzerland. \"The strengthening of the global economy, growth in the eurozone and the weakening of the Swiss franc appear to be having a positive impact on Swiss employers. Export-oriented companies in particular are showing renewed confidence.\"<\/p>\n<figure id=\"attachment_2875\" aria-describedby=\"caption-attachment-2875\" style=\"width: 480px\" class=\"wp-caption alignnone\"><img loading=\"lazy\" decoding=\"async\" class=\"size-full wp-image-2875\" src=\"https:\/\/www.organisator.ch\/wp-content\/uploads\/2017\/12\/Optimismus-auf-dem-Schweizer-Arbeitsmarkt-fuer-den-Jahresanfang-2_Organisator.jpg\" alt=\"\" width=\"480\" height=\"588\" srcset=\"https:\/\/www.organisator.ch\/wp-content\/uploads\/2017\/12\/Optimismus-auf-dem-Schweizer-Arbeitsmarkt-fuer-den-Jahresanfang-2_Organisator.jpg 480w, https:\/\/www.organisator.ch\/wp-content\/uploads\/2017\/12\/Optimismus-auf-dem-Schweizer-Arbeitsmarkt-fuer-den-Jahresanfang-2_Organisator-10x12.jpg 10w, https:\/\/www.organisator.ch\/wp-content\/uploads\/2017\/12\/Optimismus-auf-dem-Schweizer-Arbeitsmarkt-fuer-den-Jahresanfang-2_Organisator-143x175.jpg 143w, https:\/\/www.organisator.ch\/wp-content\/uploads\/2017\/12\/Optimismus-auf-dem-Schweizer-Arbeitsmarkt-fuer-den-Jahresanfang-2_Organisator-286x350.jpg 286w, https:\/\/www.organisator.ch\/wp-content\/uploads\/2017\/12\/Optimismus-auf-dem-Schweizer-Arbeitsmarkt-fuer-den-Jahresanfang-2_Organisator-300x368.jpg 300w\" sizes=\"auto, (max-width: 480px) 100vw, 480px\" \/><figcaption id=\"caption-attachment-2875\" class=\"wp-caption-text\">Manpower communicates positive outlook for the Swiss labor market. (Graphic: Manpower Labor Market Barometer)<\/figcaption><\/figure>\n<h2>Increasingly dynamic labor market in Espace Mittelland<\/h2>\n<p>Five of the total of seven regions surveyed anticipate a positive employment outlook for the first three months of 2018. Employers in the Zurich region (+7 %) and Espace Mittelland (+6 %), where hiring momentum has picked up significantly after a year of negative results, are particularly optimistic, both quarter-over-quarter (10 percentage points) and year-over-year (11 percentage points). For their part, employers in Northwestern Switzerland (+5 %) provide the most optimistic forecasts since 2015. Only Central Switzerland (-4 %) records a negative outlook. Employers in the Lake Geneva region (0 %) are cautious, even though eight companies out of ten foresee no change at all in their staffing levels.<\/p>\n<h2>Upward trend in more than half of the sectors<\/h2>\n<p>Employers in seven of the total of ten economic sectors participating in the study expect their headcount to increase over the course of the first quarter of 2018. This is particularly true in banking, insurance, real estate and services (+10 %) and manufacturing (+9 %), which also saw the strongest quarter-over-quarter (26 percentage points) and year-over-year (11 percentage points) improvements. Hotels and restaurants (+7 %) posted its best performance in nearly three years. In contrast, forecasts are down for three sectors, notably construction (-4 %), which also shows a quarter-over-quarter and year-over-year decline (5 percentage points each). \"The optimistic employment outlook in manufacturing and hotels and restaurants is clearly due to the weaker Swiss franc,\" emphasizes Leif Agn\u00e9us.<\/p>\n<h2>Swiss SMEs intend to recruit more at the beginning of 2018<\/h2>\n<p>Among the four categories of companies surveyed, large companies are planning the most new hires (+12 %) for the first quarter of 2018, followed by small and medium-sized companies (+9 % each). This is the best result in over three years for small businesses and the strongest quarter-over-quarter and year-over-year growth (7, and 12 percentage points, respectively). Only the employers of the smallest companies (+1 %) are more cautious.<\/p>\n<h2>Switzerland reaches a similar level to its European neighbors<\/h2>\n<p>The employment outlook of Swiss employers (+3 %) reaches a value close to that of neighboring countries: employers in Germany continue to show confidence (+5 %), as do those in France (+2 %). Italy and Austria expect no change (0 %).<\/p>\n<p><em>Source and further information: <a href=\"http:\/\/www.manpowergroup.com\">Manpower<\/a><\/em><\/p>","protected":false},"excerpt":{"rendered":"<p>Die Arbeitgeber der meisten Regionen, aber vor allem in Z\u00fcrich, dem Espace Mittelland und der Nordwestschweiz, rechnen im Laufe der ersten drei Monate des Jahres mit einer Erweiterung ihrer Belegschaften. In allen Unternehmenskategorien, insbesondere auch bei den kleinen und mittleren Unternehmen (KMU), wird mit einem Anstieg der Personalzahlen gerechnet. &#8222;Diese positiven Aussichten belegen, dass der [&hellip;]<\/p>\n","protected":false},"author":4,"featured_media":2876,"comment_status":"open","ping_status":"open","sticky":false,"template":"","format":"standard","meta":{"_acf_changed":false,"_yoast_wpseo_focuskw":"Arbeitsmarkt","_yoast_wpseo_metadesc":"Den Ergebnissen des aktuellen Arbeitsmarktbarometers von Manpower zufolge d\u00fcrften die Neueinstellungen im ersten Quartal 2018 wieder st\u00e4rker zunehmen.","articlekey":"","footnotes":""},"categories":[26],"tags":[47,254,531],"class_list":["post-2874","post","type-post","status-publish","format-standard","has-post-thumbnail","hentry","category-hrm","tag-arbeitsmarkt","tag-hrm","tag-wirtschaftspolitik"],"acf":[],"yoast_head":"<!-- This site is optimized with the Yoast SEO plugin v27.5 - https:\/\/yoast.com\/product\/yoast-seo-wordpress\/ -->\n<title>Optimismus auf dem Schweizer Arbeitsmarkt f\u00fcr den Jahresanfang - Organisator<\/title>\n<meta name=\"description\" content=\"Den Ergebnissen des aktuellen Arbeitsmarktbarometers von Manpower zufolge d\u00fcrften die Neueinstellungen im ersten Quartal 2018 wieder st\u00e4rker zunehmen.\" \/>\n<meta name=\"robots\" content=\"index, follow, max-snippet:-1, max-image-preview:large, max-video-preview:-1\" \/>\n<link rel=\"canonical\" href=\"https:\/\/www.organisator.ch\/en\/human-resources\/hrm\/2017-12-13\/optimismus-auf-dem-schweizer-arbeitsmarkt-fuer-den-jahresanfang\/\" \/>\n<meta property=\"og:locale\" content=\"en_US\" \/>\n<meta property=\"og:type\" content=\"article\" \/>\n<meta property=\"og:title\" content=\"Optimismus auf dem Schweizer Arbeitsmarkt f\u00fcr den Jahresanfang\" \/>\n<meta property=\"og:description\" content=\"Den Ergebnissen des aktuellen Arbeitsmarktbarometers von #Manpower zufolge d\u00fcrften die #Neueinstellungen im ersten Quartal 2018 wieder st\u00e4rker zunehmen.\" \/>\n<meta property=\"og:url\" content=\"https:\/\/www.organisator.ch\/en\/human-resources\/hrm\/2017-12-13\/optimismus-auf-dem-schweizer-arbeitsmarkt-fuer-den-jahresanfang\/\" \/>\n<meta property=\"og:site_name\" content=\"Organisator\" \/>\n<meta property=\"article:publisher\" content=\"https:\/\/www.facebook.com\/OrganisatorFachmagazin\" \/>\n<meta property=\"article:published_time\" content=\"2017-12-13T07:20:05+00:00\" \/>\n<meta property=\"og:image\" content=\"https:\/\/www.organisator.ch\/wp-content\/uploads\/2017\/12\/Optimismus-auf-dem-Schweizer-Arbeitsmarkt-fuer-den-Jahresanfang-1_Organisator.jpg\" \/>\n\t<meta property=\"og:image:width\" content=\"640\" \/>\n\t<meta property=\"og:image:height\" content=\"393\" \/>\n\t<meta property=\"og:image:type\" content=\"image\/jpeg\" \/>\n<meta name=\"author\" content=\"thomas.berner\" \/>\n<meta name=\"twitter:card\" content=\"summary_large_image\" \/>\n<meta name=\"twitter:title\" content=\"Optimismus auf dem Schweizer #Arbeitsmarkt f\u00fcr den Jahresanfang\" \/>\n<meta name=\"twitter:description\" content=\"Den Ergebnissen des aktuellen Arbeitsmarktbarometers von #Manpower zufolge d\u00fcrften die #Neueinstellungen im ersten Quartal 2018 wieder st\u00e4rker zunehmen.\" \/>\n<meta name=\"twitter:image\" content=\"https:\/\/www.organisator.ch\/wp-content\/uploads\/2017\/12\/Optimismus-auf-dem-Schweizer-Arbeitsmarkt-f\u00fcr-den-Jahresanfang-1_Organisator.jpg\" \/>\n<script type=\"application\/ld+json\" class=\"yoast-schema-graph\">{\"@context\":\"https:\\\/\\\/schema.org\",\"@graph\":[{\"@type\":\"Article\",\"@id\":\"https:\\\/\\\/www.organisator.ch\\\/human-resources\\\/hrm\\\/2017-12-13\\\/optimismus-auf-dem-schweizer-arbeitsmarkt-fuer-den-jahresanfang\\\/#article\",\"isPartOf\":{\"@id\":\"https:\\\/\\\/www.organisator.ch\\\/human-resources\\\/hrm\\\/2017-12-13\\\/optimismus-auf-dem-schweizer-arbeitsmarkt-fuer-den-jahresanfang\\\/\"},\"author\":{\"name\":\"thomas.berner\",\"@id\":\"https:\\\/\\\/www.organisator.ch\\\/#\\\/schema\\\/person\\\/6f650f90b2842cd4c0cc334b4e36f67e\"},\"headline\":\"Optimismus auf dem Schweizer Arbeitsmarkt f\u00fcr den Jahresanfang\",\"datePublished\":\"2017-12-13T07:20:05+00:00\",\"mainEntityOfPage\":{\"@id\":\"https:\\\/\\\/www.organisator.ch\\\/human-resources\\\/hrm\\\/2017-12-13\\\/optimismus-auf-dem-schweizer-arbeitsmarkt-fuer-den-jahresanfang\\\/\"},\"wordCount\":473,\"commentCount\":0,\"publisher\":{\"@id\":\"https:\\\/\\\/www.organisator.ch\\\/#organization\"},\"image\":{\"@id\":\"https:\\\/\\\/www.organisator.ch\\\/human-resources\\\/hrm\\\/2017-12-13\\\/optimismus-auf-dem-schweizer-arbeitsmarkt-fuer-den-jahresanfang\\\/#primaryimage\"},\"thumbnailUrl\":\"https:\\\/\\\/www.organisator.ch\\\/wp-content\\\/uploads\\\/2017\\\/12\\\/Optimismus-auf-dem-Schweizer-Arbeitsmarkt-fuer-den-Jahresanfang-1_Organisator.jpg\",\"keywords\":[\"Arbeitsmarkt\",\"HRM\",\"Wirtschaftspolitik\"],\"articleSection\":[\"HRM\"],\"inLanguage\":\"en-US\"},{\"@type\":\"WebPage\",\"@id\":\"https:\\\/\\\/www.organisator.ch\\\/human-resources\\\/hrm\\\/2017-12-13\\\/optimismus-auf-dem-schweizer-arbeitsmarkt-fuer-den-jahresanfang\\\/\",\"url\":\"https:\\\/\\\/www.organisator.ch\\\/human-resources\\\/hrm\\\/2017-12-13\\\/optimismus-auf-dem-schweizer-arbeitsmarkt-fuer-den-jahresanfang\\\/\",\"name\":\"Optimismus auf dem Schweizer Arbeitsmarkt f\u00fcr den Jahresanfang - Organisator\",\"isPartOf\":{\"@id\":\"https:\\\/\\\/www.organisator.ch\\\/#website\"},\"primaryImageOfPage\":{\"@id\":\"https:\\\/\\\/www.organisator.ch\\\/human-resources\\\/hrm\\\/2017-12-13\\\/optimismus-auf-dem-schweizer-arbeitsmarkt-fuer-den-jahresanfang\\\/#primaryimage\"},\"image\":{\"@id\":\"https:\\\/\\\/www.organisator.ch\\\/human-resources\\\/hrm\\\/2017-12-13\\\/optimismus-auf-dem-schweizer-arbeitsmarkt-fuer-den-jahresanfang\\\/#primaryimage\"},\"thumbnailUrl\":\"https:\\\/\\\/www.organisator.ch\\\/wp-content\\\/uploads\\\/2017\\\/12\\\/Optimismus-auf-dem-Schweizer-Arbeitsmarkt-fuer-den-Jahresanfang-1_Organisator.jpg\",\"datePublished\":\"2017-12-13T07:20:05+00:00\",\"description\":\"Den Ergebnissen des aktuellen Arbeitsmarktbarometers von Manpower zufolge d\u00fcrften die Neueinstellungen im ersten Quartal 2018 wieder st\u00e4rker zunehmen.\",\"breadcrumb\":{\"@id\":\"https:\\\/\\\/www.organisator.ch\\\/human-resources\\\/hrm\\\/2017-12-13\\\/optimismus-auf-dem-schweizer-arbeitsmarkt-fuer-den-jahresanfang\\\/#breadcrumb\"},\"inLanguage\":\"en-US\",\"potentialAction\":[{\"@type\":\"ReadAction\",\"target\":[\"https:\\\/\\\/www.organisator.ch\\\/human-resources\\\/hrm\\\/2017-12-13\\\/optimismus-auf-dem-schweizer-arbeitsmarkt-fuer-den-jahresanfang\\\/\"]}]},{\"@type\":\"ImageObject\",\"inLanguage\":\"en-US\",\"@id\":\"https:\\\/\\\/www.organisator.ch\\\/human-resources\\\/hrm\\\/2017-12-13\\\/optimismus-auf-dem-schweizer-arbeitsmarkt-fuer-den-jahresanfang\\\/#primaryimage\",\"url\":\"https:\\\/\\\/www.organisator.ch\\\/wp-content\\\/uploads\\\/2017\\\/12\\\/Optimismus-auf-dem-Schweizer-Arbeitsmarkt-fuer-den-Jahresanfang-1_Organisator.jpg\",\"contentUrl\":\"https:\\\/\\\/www.organisator.ch\\\/wp-content\\\/uploads\\\/2017\\\/12\\\/Optimismus-auf-dem-Schweizer-Arbeitsmarkt-fuer-den-Jahresanfang-1_Organisator.jpg\",\"width\":640,\"height\":393},{\"@type\":\"BreadcrumbList\",\"@id\":\"https:\\\/\\\/www.organisator.ch\\\/human-resources\\\/hrm\\\/2017-12-13\\\/optimismus-auf-dem-schweizer-arbeitsmarkt-fuer-den-jahresanfang\\\/#breadcrumb\",\"itemListElement\":[{\"@type\":\"ListItem\",\"position\":1,\"name\":\"Home\",\"item\":\"https:\\\/\\\/www.organisator.ch\\\/\"},{\"@type\":\"ListItem\",\"position\":2,\"name\":\"Optimismus auf dem Schweizer Arbeitsmarkt f\u00fcr den Jahresanfang\"}]},{\"@type\":\"WebSite\",\"@id\":\"https:\\\/\\\/www.organisator.ch\\\/#website\",\"url\":\"https:\\\/\\\/www.organisator.ch\\\/\",\"name\":\"Organisator\",\"description\":\"Kompetent. Praxisnah. Der ORGANISATOR bereitet in 10 Ausgaben pro Jahr die wesentlichen Themen f\u00fcr F\u00fchrungskr\u00e4fte von KMU auf.\",\"publisher\":{\"@id\":\"https:\\\/\\\/www.organisator.ch\\\/#organization\"},\"potentialAction\":[{\"@type\":\"SearchAction\",\"target\":{\"@type\":\"EntryPoint\",\"urlTemplate\":\"https:\\\/\\\/www.organisator.ch\\\/?s={search_term_string}\"},\"query-input\":{\"@type\":\"PropertyValueSpecification\",\"valueRequired\":true,\"valueName\":\"search_term_string\"}}],\"inLanguage\":\"en-US\"},{\"@type\":\"Organization\",\"@id\":\"https:\\\/\\\/www.organisator.ch\\\/#organization\",\"name\":\"Organisator\",\"url\":\"https:\\\/\\\/www.organisator.ch\\\/\",\"logo\":{\"@type\":\"ImageObject\",\"inLanguage\":\"en-US\",\"@id\":\"https:\\\/\\\/www.organisator.ch\\\/#\\\/schema\\\/logo\\\/image\\\/\",\"url\":\"https:\\\/\\\/www.organisator.ch\\\/wp-content\\\/uploads\\\/2022\\\/01\\\/Logo_Organisator_Website.png\",\"contentUrl\":\"https:\\\/\\\/www.organisator.ch\\\/wp-content\\\/uploads\\\/2022\\\/01\\\/Logo_Organisator_Website.png\",\"width\":800,\"height\":77,\"caption\":\"Organisator\"},\"image\":{\"@id\":\"https:\\\/\\\/www.organisator.ch\\\/#\\\/schema\\\/logo\\\/image\\\/\"},\"sameAs\":[\"https:\\\/\\\/www.facebook.com\\\/OrganisatorFachmagazin\",\"https:\\\/\\\/www.linkedin.com\\\/showcase\\\/organisator-das-magazin-fr-kmu\",\"https:\\\/\\\/www.xing.com\\\/news\\\/pages\\\/organisator-ch-695\",\"https:\\\/\\\/www.youtube.com\\\/channel\\\/UCGP2Sq0iWaZwT3BdIAQFYpw\"]},{\"@type\":\"Person\",\"@id\":\"https:\\\/\\\/www.organisator.ch\\\/#\\\/schema\\\/person\\\/6f650f90b2842cd4c0cc334b4e36f67e\",\"name\":\"thomas.berner\",\"image\":{\"@type\":\"ImageObject\",\"inLanguage\":\"en-US\",\"@id\":\"https:\\\/\\\/secure.gravatar.com\\\/avatar\\\/ac5001d2a36cb6c6cd3e50789007ffca834b477b74a2144564522e944eabff61?s=96&d=mm&r=g\",\"url\":\"https:\\\/\\\/secure.gravatar.com\\\/avatar\\\/ac5001d2a36cb6c6cd3e50789007ffca834b477b74a2144564522e944eabff61?s=96&d=mm&r=g\",\"contentUrl\":\"https:\\\/\\\/secure.gravatar.com\\\/avatar\\\/ac5001d2a36cb6c6cd3e50789007ffca834b477b74a2144564522e944eabff61?s=96&d=mm&r=g\",\"caption\":\"thomas.berner\"},\"url\":\"https:\\\/\\\/www.organisator.ch\\\/en\\\/author\\\/thomas-berner\\\/\"}]}<\/script>\n<!-- \/ Yoast SEO plugin. -->","yoast_head_json":{"title":"Optimism on the Swiss labor market for the beginning of the year - Organizer","description":"According to the results of Manpower's current labor market barometer, new hires are likely to increase more strongly again in the first quarter of 2018.","robots":{"index":"index","follow":"follow","max-snippet":"max-snippet:-1","max-image-preview":"max-image-preview:large","max-video-preview":"max-video-preview:-1"},"canonical":"https:\/\/www.organisator.ch\/en\/human-resources\/hrm\/2017-12-13\/optimismus-auf-dem-schweizer-arbeitsmarkt-fuer-den-jahresanfang\/","og_locale":"en_US","og_type":"article","og_title":"Optimismus auf dem Schweizer Arbeitsmarkt f\u00fcr den Jahresanfang","og_description":"Den Ergebnissen des aktuellen Arbeitsmarktbarometers von #Manpower zufolge d\u00fcrften die #Neueinstellungen im ersten Quartal 2018 wieder st\u00e4rker zunehmen.","og_url":"https:\/\/www.organisator.ch\/en\/human-resources\/hrm\/2017-12-13\/optimismus-auf-dem-schweizer-arbeitsmarkt-fuer-den-jahresanfang\/","og_site_name":"Organisator","article_publisher":"https:\/\/www.facebook.com\/OrganisatorFachmagazin","article_published_time":"2017-12-13T07:20:05+00:00","og_image":[{"width":640,"height":393,"url":"https:\/\/www.organisator.ch\/wp-content\/uploads\/2017\/12\/Optimismus-auf-dem-Schweizer-Arbeitsmarkt-fuer-den-Jahresanfang-1_Organisator.jpg","type":"image\/jpeg"}],"author":"thomas.berner","twitter_card":"summary_large_image","twitter_title":"Optimismus auf dem Schweizer #Arbeitsmarkt f\u00fcr den Jahresanfang","twitter_description":"Den Ergebnissen des aktuellen Arbeitsmarktbarometers von #Manpower zufolge d\u00fcrften die #Neueinstellungen im ersten Quartal 2018 wieder st\u00e4rker zunehmen.","twitter_image":"https:\/\/www.organisator.ch\/wp-content\/uploads\/2017\/12\/Optimismus-auf-dem-Schweizer-Arbeitsmarkt-f\u00fcr-den-Jahresanfang-1_Organisator.jpg","schema":{"@context":"https:\/\/schema.org","@graph":[{"@type":"Article","@id":"https:\/\/www.organisator.ch\/human-resources\/hrm\/2017-12-13\/optimismus-auf-dem-schweizer-arbeitsmarkt-fuer-den-jahresanfang\/#article","isPartOf":{"@id":"https:\/\/www.organisator.ch\/human-resources\/hrm\/2017-12-13\/optimismus-auf-dem-schweizer-arbeitsmarkt-fuer-den-jahresanfang\/"},"author":{"name":"thomas.berner","@id":"https:\/\/www.organisator.ch\/#\/schema\/person\/6f650f90b2842cd4c0cc334b4e36f67e"},"headline":"Optimismus auf dem Schweizer Arbeitsmarkt f\u00fcr den Jahresanfang","datePublished":"2017-12-13T07:20:05+00:00","mainEntityOfPage":{"@id":"https:\/\/www.organisator.ch\/human-resources\/hrm\/2017-12-13\/optimismus-auf-dem-schweizer-arbeitsmarkt-fuer-den-jahresanfang\/"},"wordCount":473,"commentCount":0,"publisher":{"@id":"https:\/\/www.organisator.ch\/#organization"},"image":{"@id":"https:\/\/www.organisator.ch\/human-resources\/hrm\/2017-12-13\/optimismus-auf-dem-schweizer-arbeitsmarkt-fuer-den-jahresanfang\/#primaryimage"},"thumbnailUrl":"https:\/\/www.organisator.ch\/wp-content\/uploads\/2017\/12\/Optimismus-auf-dem-Schweizer-Arbeitsmarkt-fuer-den-Jahresanfang-1_Organisator.jpg","keywords":["Arbeitsmarkt","HRM","Wirtschaftspolitik"],"articleSection":["HRM"],"inLanguage":"en-US"},{"@type":"WebPage","@id":"https:\/\/www.organisator.ch\/human-resources\/hrm\/2017-12-13\/optimismus-auf-dem-schweizer-arbeitsmarkt-fuer-den-jahresanfang\/","url":"https:\/\/www.organisator.ch\/human-resources\/hrm\/2017-12-13\/optimismus-auf-dem-schweizer-arbeitsmarkt-fuer-den-jahresanfang\/","name":"Optimism on the Swiss labor market for the beginning of the year - Organizer","isPartOf":{"@id":"https:\/\/www.organisator.ch\/#website"},"primaryImageOfPage":{"@id":"https:\/\/www.organisator.ch\/human-resources\/hrm\/2017-12-13\/optimismus-auf-dem-schweizer-arbeitsmarkt-fuer-den-jahresanfang\/#primaryimage"},"image":{"@id":"https:\/\/www.organisator.ch\/human-resources\/hrm\/2017-12-13\/optimismus-auf-dem-schweizer-arbeitsmarkt-fuer-den-jahresanfang\/#primaryimage"},"thumbnailUrl":"https:\/\/www.organisator.ch\/wp-content\/uploads\/2017\/12\/Optimismus-auf-dem-Schweizer-Arbeitsmarkt-fuer-den-Jahresanfang-1_Organisator.jpg","datePublished":"2017-12-13T07:20:05+00:00","description":"According to the results of Manpower's current labor market barometer, new hires are likely to increase more strongly again in the first quarter of 2018.","breadcrumb":{"@id":"https:\/\/www.organisator.ch\/human-resources\/hrm\/2017-12-13\/optimismus-auf-dem-schweizer-arbeitsmarkt-fuer-den-jahresanfang\/#breadcrumb"},"inLanguage":"en-US","potentialAction":[{"@type":"ReadAction","target":["https:\/\/www.organisator.ch\/human-resources\/hrm\/2017-12-13\/optimismus-auf-dem-schweizer-arbeitsmarkt-fuer-den-jahresanfang\/"]}]},{"@type":"ImageObject","inLanguage":"en-US","@id":"https:\/\/www.organisator.ch\/human-resources\/hrm\/2017-12-13\/optimismus-auf-dem-schweizer-arbeitsmarkt-fuer-den-jahresanfang\/#primaryimage","url":"https:\/\/www.organisator.ch\/wp-content\/uploads\/2017\/12\/Optimismus-auf-dem-Schweizer-Arbeitsmarkt-fuer-den-Jahresanfang-1_Organisator.jpg","contentUrl":"https:\/\/www.organisator.ch\/wp-content\/uploads\/2017\/12\/Optimismus-auf-dem-Schweizer-Arbeitsmarkt-fuer-den-Jahresanfang-1_Organisator.jpg","width":640,"height":393},{"@type":"BreadcrumbList","@id":"https:\/\/www.organisator.ch\/human-resources\/hrm\/2017-12-13\/optimismus-auf-dem-schweizer-arbeitsmarkt-fuer-den-jahresanfang\/#breadcrumb","itemListElement":[{"@type":"ListItem","position":1,"name":"Home","item":"https:\/\/www.organisator.ch\/"},{"@type":"ListItem","position":2,"name":"Optimismus auf dem Schweizer Arbeitsmarkt f\u00fcr den Jahresanfang"}]},{"@type":"WebSite","@id":"https:\/\/www.organisator.ch\/#website","url":"https:\/\/www.organisator.ch\/","name":"Organizer","description":"Competent. Practical. In 10 issues per year, ORGANISATOR presents the essential topics for managers of SMEs.","publisher":{"@id":"https:\/\/www.organisator.ch\/#organization"},"potentialAction":[{"@type":"SearchAction","target":{"@type":"EntryPoint","urlTemplate":"https:\/\/www.organisator.ch\/?s={search_term_string}"},"query-input":{"@type":"PropertyValueSpecification","valueRequired":true,"valueName":"search_term_string"}}],"inLanguage":"en-US"},{"@type":"Organization","@id":"https:\/\/www.organisator.ch\/#organization","name":"Organizer","url":"https:\/\/www.organisator.ch\/","logo":{"@type":"ImageObject","inLanguage":"en-US","@id":"https:\/\/www.organisator.ch\/#\/schema\/logo\/image\/","url":"https:\/\/www.organisator.ch\/wp-content\/uploads\/2022\/01\/Logo_Organisator_Website.png","contentUrl":"https:\/\/www.organisator.ch\/wp-content\/uploads\/2022\/01\/Logo_Organisator_Website.png","width":800,"height":77,"caption":"Organisator"},"image":{"@id":"https:\/\/www.organisator.ch\/#\/schema\/logo\/image\/"},"sameAs":["https:\/\/www.facebook.com\/OrganisatorFachmagazin","https:\/\/www.linkedin.com\/showcase\/organisator-das-magazin-fr-kmu","https:\/\/www.xing.com\/news\/pages\/organisator-ch-695","https:\/\/www.youtube.com\/channel\/UCGP2Sq0iWaZwT3BdIAQFYpw"]},{"@type":"Person","@id":"https:\/\/www.organisator.ch\/#\/schema\/person\/6f650f90b2842cd4c0cc334b4e36f67e","name":"thomas.berner","image":{"@type":"ImageObject","inLanguage":"en-US","@id":"https:\/\/secure.gravatar.com\/avatar\/ac5001d2a36cb6c6cd3e50789007ffca834b477b74a2144564522e944eabff61?s=96&d=mm&r=g","url":"https:\/\/secure.gravatar.com\/avatar\/ac5001d2a36cb6c6cd3e50789007ffca834b477b74a2144564522e944eabff61?s=96&d=mm&r=g","contentUrl":"https:\/\/secure.gravatar.com\/avatar\/ac5001d2a36cb6c6cd3e50789007ffca834b477b74a2144564522e944eabff61?s=96&d=mm&r=g","caption":"thomas.berner"},"url":"https:\/\/www.organisator.ch\/en\/author\/thomas-berner\/"}]}},"_links":{"self":[{"href":"https:\/\/www.organisator.ch\/en\/wp-json\/wp\/v2\/posts\/2874","targetHints":{"allow":["GET"]}}],"collection":[{"href":"https:\/\/www.organisator.ch\/en\/wp-json\/wp\/v2\/posts"}],"about":[{"href":"https:\/\/www.organisator.ch\/en\/wp-json\/wp\/v2\/types\/post"}],"author":[{"embeddable":true,"href":"https:\/\/www.organisator.ch\/en\/wp-json\/wp\/v2\/users\/4"}],"replies":[{"embeddable":true,"href":"https:\/\/www.organisator.ch\/en\/wp-json\/wp\/v2\/comments?post=2874"}],"version-history":[{"count":0,"href":"https:\/\/www.organisator.ch\/en\/wp-json\/wp\/v2\/posts\/2874\/revisions"}],"wp:featuredmedia":[{"embeddable":true,"href":"https:\/\/www.organisator.ch\/en\/wp-json\/wp\/v2\/media\/2876"}],"wp:attachment":[{"href":"https:\/\/www.organisator.ch\/en\/wp-json\/wp\/v2\/media?parent=2874"}],"wp:term":[{"taxonomy":"category","embeddable":true,"href":"https:\/\/www.organisator.ch\/en\/wp-json\/wp\/v2\/categories?post=2874"},{"taxonomy":"post_tag","embeddable":true,"href":"https:\/\/www.organisator.ch\/en\/wp-json\/wp\/v2\/tags?post=2874"}],"curies":[{"name":"wp","href":"https:\/\/api.w.org\/{rel}","templated":true}]}}