{"id":28741,"date":"2024-08-08T15:08:51","date_gmt":"2024-08-08T13:08:51","guid":{"rendered":"https:\/\/www.markt-kom.com\/?p=217926"},"modified":"2024-11-09T08:19:47","modified_gmt":"2024-11-09T07:19:47","slug":"swissquote-ist-wie-ein-aufzug-nach-oben-jan-de-schepper-im-interview","status":"publish","type":"post","link":"https:\/\/www.organisator.ch\/en\/marketing\/2024-08-08\/swissquote-ist-wie-ein-aufzug-nach-oben-jan-de-schepper-im-interview\/","title":{"rendered":"\"Swissquote is like an elevator to the top\" - Interview with Jan De Schepper"},"content":{"rendered":"<p><span style=\"font-weight: 400\"><img class=\"aligncenter wp-image-221160 size-full\" src=\"https:\/\/www.markt-kom.com\/wp-content\/uploads\/2024\/07\/Jan-De-Schepper-4-3-CMO-of-The-Year.png\" alt=\"Jan De Schepper \" width=\"1024\" height=\"768\" \/><\/span><\/p>\r\n<p><span style=\"font-weight: 400\">Jan De Schepper has achieved impressive successes since joining Swissquote in 2015 and has played a key role in shaping the company. First as Marketing Director and since 2019 as Chief Sales and Marketing Officer, he has transformed the Swissquote brand. Under his leadership as CMO, Swissquote developed from a leading Swiss online banking and trading platform into the country's first digital universal bank. \"The nomination makes me extremely proud, as it is recognition of our successful business and marketing strategy,\" says De Schepper.<\/span><\/p>\r\n<p><\/p>\r\n<p><b>The significance of the \"CMO of the Year\" title<\/b><\/p>\r\n<p><span style=\"font-weight: 400\">The election of the \"CMO of the Year\" emphasizes the growing importance of marketing in the Swiss economy. With the increasing relevance of digitalization, sustainability and the meaningfulness of products and services, the role of the Chief Marketing Officer has changed. The \"CMO of the Year\" serves as a role model and inspiration for the industry and motivates future professionals. This year, five candidates are in the running: Jos\u00e9phine Chamoulaud from Smile, Jan De Schepper from Swissquote, Christian Gut from St\u00f6ckli Swiss Sports, Nathalie No\u00ebl from V-Zug and Saskia von Moos from Intelligent Food.<\/span><\/p>\r\n<p><\/p>\r\n<p><b>Innovative strength and customer focus<\/b><\/p>\r\n<p><span style=\"font-weight: 400\">Under the leadership of De Schepper, Swissquote has introduced innovative products and services. The cooperation with Stableton to introduce the Morningstar Indexes as a representation of the Unicorn Index is a globally unique private market product. Swissquote also offers comprehensive access to crypto assets. \"Swissquote is like an elevator to the top. Our innovative and secure platforms enable our clients to achieve their goals faster and better,\" explains De Schepper. This innovative strength is also reflected in strong customer growth and an increase in turnover of over 30 %.<\/span><\/p>\r\n<p><b>Sustainability and purpose as core values<\/b><\/p>\r\n<p><span style=\"font-weight: 400\">Sustainability is a central component of Swissquote's corporate philosophy. The company enables investments based on ESG scores and offers comprehensive information on sustainable investing on its website. \"Sustainability is very important to us. We have introduced a functionality that allows our clients to filter and select stocks based on sustainability criteria,\" explains De Schepper. This functionality allows customers to evaluate companies based on their environmental footprint, social responsibility and governance and optimize their portfolio accordingly. In addition, Swissquote has partnered with a non-profit organization to promote further sustainable activities.<\/span><\/p>\r\n<p><b>Who will be \"CMO of The Year 2024\"?<\/b><\/p>\r\n<p><span style=\"font-weight: 400\">Jan De Schepper's impressive achievements as Chief Sales and Marketing Officer at Swissquote and his innovative approach to marketing set standards in the industry. With a clear focus on customer centricity, innovation and sustainability, he and his team have transformed Swissquote into Switzerland's first digital universal bank. Who will win the title of \"CMO of the Year\" in 2024 remains exciting until the exclusive award night in the Papiersaal. Until then, De Schepper will show how a successful marketing strategy can have a significant impact on the overall development of a company.<\/span><\/p>","protected":false},"excerpt":{"rendered":"<p>Jan De Schepper, Chief Sales and Marketing Officer at Swissquote, has been nominated for the title \"CMO of the Year\" 2024. In this interview, he talks about his successes and the approaches that have made Swissquote the first digital universal bank. The judging took place at Clouds high above the rooftops of Zurich.<\/p>","protected":false},"author":8,"featured_media":0,"comment_status":"closed","ping_status":"closed","sticky":false,"template":"","format":"standard","meta":{"_acf_changed":false,"_yoast_wpseo_focuskw":"Jan De Schepper","_yoast_wpseo_metadesc":"Jan De Schepper: Transformative Erfolge bei Swissquote. Innovationskraft, Kundenzentrierung und Nachhaltigkeit im Fokus.","articlekey":"","footnotes":""},"categories":[29],"tags":[66,3733,4348],"class_list":["post-28741","post","type-post","status-publish","format-standard","hentry","category-marketing","tag-awards","tag-cmo-of-the-year","tag-mk-format"],"acf":[],"yoast_head":"<!-- This site is optimized with the Yoast SEO plugin v27.5 - https:\/\/yoast.com\/product\/yoast-seo-wordpress\/ -->\n<title>\u00abSwissquote ist wie ein Aufzug nach oben\u00bb \u2013 Jan De Schepper im Interview - Organisator<\/title>\n<meta name=\"description\" content=\"Jan De Schepper: Transformative Erfolge bei Swissquote. Innovationskraft, Kundenzentrierung und Nachhaltigkeit im Fokus.\" \/>\n<meta name=\"robots\" content=\"index, follow, max-snippet:-1, max-image-preview:large, max-video-preview:-1\" \/>\n<link rel=\"canonical\" href=\"https:\/\/www.organisator.ch\/en\/marketing\/2024-08-08\/swissquote-ist-wie-ein-aufzug-nach-oben-jan-de-schepper-im-interview\/\" \/>\n<meta property=\"og:locale\" content=\"en_US\" \/>\n<meta property=\"og:type\" content=\"article\" \/>\n<meta property=\"og:title\" content=\"\u00abSwissquote ist wie ein Aufzug nach oben\u00bb \u2013 Jan De Schepper im Interview - Organisator\" \/>\n<meta property=\"og:description\" content=\"Jan De Schepper: Transformative Erfolge bei Swissquote. Innovationskraft, Kundenzentrierung und Nachhaltigkeit im Fokus.\" \/>\n<meta property=\"og:url\" content=\"https:\/\/www.organisator.ch\/en\/marketing\/2024-08-08\/swissquote-ist-wie-ein-aufzug-nach-oben-jan-de-schepper-im-interview\/\" \/>\n<meta property=\"og:site_name\" content=\"Organisator\" \/>\n<meta property=\"article:publisher\" content=\"https:\/\/www.facebook.com\/OrganisatorFachmagazin\" \/>\n<meta property=\"article:published_time\" content=\"2024-08-08T13:08:51+00:00\" \/>\n<meta property=\"article:modified_time\" content=\"2024-11-09T07:19:47+00:00\" \/>\n<meta property=\"og:image\" content=\"https:\/\/www.markt-kom.com\/wp-content\/uploads\/2024\/07\/Jan-De-Schepper-4-3-CMO-of-The-Year.png\" \/>\n<meta name=\"author\" content=\"galledia\" \/>\n<meta name=\"twitter:card\" content=\"summary_large_image\" \/>\n<meta name=\"twitter:creator\" content=\"@admin\" \/>\n<script type=\"application\/ld+json\" class=\"yoast-schema-graph\">{\"@context\":\"https:\\\/\\\/schema.org\",\"@graph\":[{\"@type\":\"Article\",\"@id\":\"https:\\\/\\\/www.organisator.ch\\\/marketing\\\/2024-08-08\\\/swissquote-ist-wie-ein-aufzug-nach-oben-jan-de-schepper-im-interview\\\/#article\",\"isPartOf\":{\"@id\":\"https:\\\/\\\/www.organisator.ch\\\/marketing\\\/2024-08-08\\\/swissquote-ist-wie-ein-aufzug-nach-oben-jan-de-schepper-im-interview\\\/\"},\"author\":{\"name\":\"galledia\",\"@id\":\"https:\\\/\\\/www.organisator.ch\\\/#\\\/schema\\\/person\\\/4e51799071cd2dd1232ac003643ef5f0\"},\"headline\":\"\u00abSwissquote ist wie ein Aufzug nach oben\u00bb \u2013 Jan De Schepper im Interview\",\"datePublished\":\"2024-08-08T13:08:51+00:00\",\"dateModified\":\"2024-11-09T07:19:47+00:00\",\"mainEntityOfPage\":{\"@id\":\"https:\\\/\\\/www.organisator.ch\\\/marketing\\\/2024-08-08\\\/swissquote-ist-wie-ein-aufzug-nach-oben-jan-de-schepper-im-interview\\\/\"},\"wordCount\":484,\"publisher\":{\"@id\":\"https:\\\/\\\/www.organisator.ch\\\/#organization\"},\"image\":{\"@id\":\"https:\\\/\\\/www.organisator.ch\\\/marketing\\\/2024-08-08\\\/swissquote-ist-wie-ein-aufzug-nach-oben-jan-de-schepper-im-interview\\\/#primaryimage\"},\"thumbnailUrl\":\"https:\\\/\\\/www.markt-kom.com\\\/wp-content\\\/uploads\\\/2024\\\/07\\\/Jan-De-Schepper-4-3-CMO-of-The-Year.png\",\"keywords\":[\"Awards\",\"CMO of the year\",\"m&amp;k FORMAT\"],\"articleSection\":[\"MARKETING\"],\"inLanguage\":\"en-US\"},{\"@type\":\"WebPage\",\"@id\":\"https:\\\/\\\/www.organisator.ch\\\/marketing\\\/2024-08-08\\\/swissquote-ist-wie-ein-aufzug-nach-oben-jan-de-schepper-im-interview\\\/\",\"url\":\"https:\\\/\\\/www.organisator.ch\\\/marketing\\\/2024-08-08\\\/swissquote-ist-wie-ein-aufzug-nach-oben-jan-de-schepper-im-interview\\\/\",\"name\":\"\u00abSwissquote ist wie ein Aufzug nach oben\u00bb \u2013 Jan De Schepper im Interview - Organisator\",\"isPartOf\":{\"@id\":\"https:\\\/\\\/www.organisator.ch\\\/#website\"},\"primaryImageOfPage\":{\"@id\":\"https:\\\/\\\/www.organisator.ch\\\/marketing\\\/2024-08-08\\\/swissquote-ist-wie-ein-aufzug-nach-oben-jan-de-schepper-im-interview\\\/#primaryimage\"},\"image\":{\"@id\":\"https:\\\/\\\/www.organisator.ch\\\/marketing\\\/2024-08-08\\\/swissquote-ist-wie-ein-aufzug-nach-oben-jan-de-schepper-im-interview\\\/#primaryimage\"},\"thumbnailUrl\":\"https:\\\/\\\/www.markt-kom.com\\\/wp-content\\\/uploads\\\/2024\\\/07\\\/Jan-De-Schepper-4-3-CMO-of-The-Year.png\",\"datePublished\":\"2024-08-08T13:08:51+00:00\",\"dateModified\":\"2024-11-09T07:19:47+00:00\",\"description\":\"Jan De Schepper: Transformative Erfolge bei Swissquote. Innovationskraft, Kundenzentrierung und Nachhaltigkeit im Fokus.\",\"breadcrumb\":{\"@id\":\"https:\\\/\\\/www.organisator.ch\\\/marketing\\\/2024-08-08\\\/swissquote-ist-wie-ein-aufzug-nach-oben-jan-de-schepper-im-interview\\\/#breadcrumb\"},\"inLanguage\":\"en-US\",\"potentialAction\":[{\"@type\":\"ReadAction\",\"target\":[\"https:\\\/\\\/www.organisator.ch\\\/marketing\\\/2024-08-08\\\/swissquote-ist-wie-ein-aufzug-nach-oben-jan-de-schepper-im-interview\\\/\"]}]},{\"@type\":\"ImageObject\",\"inLanguage\":\"en-US\",\"@id\":\"https:\\\/\\\/www.organisator.ch\\\/marketing\\\/2024-08-08\\\/swissquote-ist-wie-ein-aufzug-nach-oben-jan-de-schepper-im-interview\\\/#primaryimage\",\"url\":\"https:\\\/\\\/www.markt-kom.com\\\/wp-content\\\/uploads\\\/2024\\\/07\\\/Jan-De-Schepper-4-3-CMO-of-The-Year.png\",\"contentUrl\":\"https:\\\/\\\/www.markt-kom.com\\\/wp-content\\\/uploads\\\/2024\\\/07\\\/Jan-De-Schepper-4-3-CMO-of-The-Year.png\"},{\"@type\":\"BreadcrumbList\",\"@id\":\"https:\\\/\\\/www.organisator.ch\\\/marketing\\\/2024-08-08\\\/swissquote-ist-wie-ein-aufzug-nach-oben-jan-de-schepper-im-interview\\\/#breadcrumb\",\"itemListElement\":[{\"@type\":\"ListItem\",\"position\":1,\"name\":\"Home\",\"item\":\"https:\\\/\\\/www.organisator.ch\\\/\"},{\"@type\":\"ListItem\",\"position\":2,\"name\":\"\u00abSwissquote ist wie ein Aufzug nach oben\u00bb \u2013 Jan De Schepper im Interview\"}]},{\"@type\":\"WebSite\",\"@id\":\"https:\\\/\\\/www.organisator.ch\\\/#website\",\"url\":\"https:\\\/\\\/www.organisator.ch\\\/\",\"name\":\"Organisator\",\"description\":\"Kompetent. Praxisnah. Der ORGANISATOR bereitet in 10 Ausgaben pro Jahr die wesentlichen Themen f\u00fcr F\u00fchrungskr\u00e4fte von KMU auf.\",\"publisher\":{\"@id\":\"https:\\\/\\\/www.organisator.ch\\\/#organization\"},\"potentialAction\":[{\"@type\":\"SearchAction\",\"target\":{\"@type\":\"EntryPoint\",\"urlTemplate\":\"https:\\\/\\\/www.organisator.ch\\\/?s={search_term_string}\"},\"query-input\":{\"@type\":\"PropertyValueSpecification\",\"valueRequired\":true,\"valueName\":\"search_term_string\"}}],\"inLanguage\":\"en-US\"},{\"@type\":\"Organization\",\"@id\":\"https:\\\/\\\/www.organisator.ch\\\/#organization\",\"name\":\"Organisator\",\"url\":\"https:\\\/\\\/www.organisator.ch\\\/\",\"logo\":{\"@type\":\"ImageObject\",\"inLanguage\":\"en-US\",\"@id\":\"https:\\\/\\\/www.organisator.ch\\\/#\\\/schema\\\/logo\\\/image\\\/\",\"url\":\"https:\\\/\\\/www.organisator.ch\\\/wp-content\\\/uploads\\\/2022\\\/01\\\/Logo_Organisator_Website.png\",\"contentUrl\":\"https:\\\/\\\/www.organisator.ch\\\/wp-content\\\/uploads\\\/2022\\\/01\\\/Logo_Organisator_Website.png\",\"width\":800,\"height\":77,\"caption\":\"Organisator\"},\"image\":{\"@id\":\"https:\\\/\\\/www.organisator.ch\\\/#\\\/schema\\\/logo\\\/image\\\/\"},\"sameAs\":[\"https:\\\/\\\/www.facebook.com\\\/OrganisatorFachmagazin\",\"https:\\\/\\\/www.linkedin.com\\\/showcase\\\/organisator-das-magazin-fr-kmu\",\"https:\\\/\\\/www.xing.com\\\/news\\\/pages\\\/organisator-ch-695\",\"https:\\\/\\\/www.youtube.com\\\/channel\\\/UCGP2Sq0iWaZwT3BdIAQFYpw\"]},{\"@type\":\"Person\",\"@id\":\"https:\\\/\\\/www.organisator.ch\\\/#\\\/schema\\\/person\\\/4e51799071cd2dd1232ac003643ef5f0\",\"name\":\"galledia\",\"image\":{\"@type\":\"ImageObject\",\"inLanguage\":\"en-US\",\"@id\":\"https:\\\/\\\/secure.gravatar.com\\\/avatar\\\/78a7f90c01fc2bfc875782a0d4922b37cde2cf184ce347b91316d23cd7f69a36?s=96&d=mm&r=g\",\"url\":\"https:\\\/\\\/secure.gravatar.com\\\/avatar\\\/78a7f90c01fc2bfc875782a0d4922b37cde2cf184ce347b91316d23cd7f69a36?s=96&d=mm&r=g\",\"contentUrl\":\"https:\\\/\\\/secure.gravatar.com\\\/avatar\\\/78a7f90c01fc2bfc875782a0d4922b37cde2cf184ce347b91316d23cd7f69a36?s=96&d=mm&r=g\",\"caption\":\"galledia\"},\"sameAs\":[\"https:\\\/\\\/x.com\\\/admin\"],\"url\":\"https:\\\/\\\/www.organisator.ch\\\/en\\\/author\\\/galledia\\\/\"}]}<\/script>\n<!-- \/ Yoast SEO plugin. -->","yoast_head_json":{"title":"\"Swissquote is like an elevator to the top\" - Interview with Jan De Schepper - Organizer","description":"Jan De Schepper: Transformative success at Swissquote. Focus on innovative strength, customer centricity and sustainability.","robots":{"index":"index","follow":"follow","max-snippet":"max-snippet:-1","max-image-preview":"max-image-preview:large","max-video-preview":"max-video-preview:-1"},"canonical":"https:\/\/www.organisator.ch\/en\/marketing\/2024-08-08\/swissquote-ist-wie-ein-aufzug-nach-oben-jan-de-schepper-im-interview\/","og_locale":"en_US","og_type":"article","og_title":"\u00abSwissquote ist wie ein Aufzug nach oben\u00bb \u2013 Jan De Schepper im Interview - Organisator","og_description":"Jan De Schepper: Transformative Erfolge bei Swissquote. Innovationskraft, Kundenzentrierung und Nachhaltigkeit im Fokus.","og_url":"https:\/\/www.organisator.ch\/en\/marketing\/2024-08-08\/swissquote-ist-wie-ein-aufzug-nach-oben-jan-de-schepper-im-interview\/","og_site_name":"Organisator","article_publisher":"https:\/\/www.facebook.com\/OrganisatorFachmagazin","article_published_time":"2024-08-08T13:08:51+00:00","article_modified_time":"2024-11-09T07:19:47+00:00","og_image":[{"url":"https:\/\/www.markt-kom.com\/wp-content\/uploads\/2024\/07\/Jan-De-Schepper-4-3-CMO-of-The-Year.png","type":"","width":"","height":""}],"author":"galledia","twitter_card":"summary_large_image","twitter_creator":"@admin","schema":{"@context":"https:\/\/schema.org","@graph":[{"@type":"Article","@id":"https:\/\/www.organisator.ch\/marketing\/2024-08-08\/swissquote-ist-wie-ein-aufzug-nach-oben-jan-de-schepper-im-interview\/#article","isPartOf":{"@id":"https:\/\/www.organisator.ch\/marketing\/2024-08-08\/swissquote-ist-wie-ein-aufzug-nach-oben-jan-de-schepper-im-interview\/"},"author":{"name":"galledia","@id":"https:\/\/www.organisator.ch\/#\/schema\/person\/4e51799071cd2dd1232ac003643ef5f0"},"headline":"\u00abSwissquote ist wie ein Aufzug nach oben\u00bb \u2013 Jan De Schepper im Interview","datePublished":"2024-08-08T13:08:51+00:00","dateModified":"2024-11-09T07:19:47+00:00","mainEntityOfPage":{"@id":"https:\/\/www.organisator.ch\/marketing\/2024-08-08\/swissquote-ist-wie-ein-aufzug-nach-oben-jan-de-schepper-im-interview\/"},"wordCount":484,"publisher":{"@id":"https:\/\/www.organisator.ch\/#organization"},"image":{"@id":"https:\/\/www.organisator.ch\/marketing\/2024-08-08\/swissquote-ist-wie-ein-aufzug-nach-oben-jan-de-schepper-im-interview\/#primaryimage"},"thumbnailUrl":"https:\/\/www.markt-kom.com\/wp-content\/uploads\/2024\/07\/Jan-De-Schepper-4-3-CMO-of-The-Year.png","keywords":["Awards","CMO of the year","m&amp;k FORMAT"],"articleSection":["MARKETING"],"inLanguage":"en-US"},{"@type":"WebPage","@id":"https:\/\/www.organisator.ch\/marketing\/2024-08-08\/swissquote-ist-wie-ein-aufzug-nach-oben-jan-de-schepper-im-interview\/","url":"https:\/\/www.organisator.ch\/marketing\/2024-08-08\/swissquote-ist-wie-ein-aufzug-nach-oben-jan-de-schepper-im-interview\/","name":"\"Swissquote is like an elevator to the top\" - Interview with Jan De Schepper - Organizer","isPartOf":{"@id":"https:\/\/www.organisator.ch\/#website"},"primaryImageOfPage":{"@id":"https:\/\/www.organisator.ch\/marketing\/2024-08-08\/swissquote-ist-wie-ein-aufzug-nach-oben-jan-de-schepper-im-interview\/#primaryimage"},"image":{"@id":"https:\/\/www.organisator.ch\/marketing\/2024-08-08\/swissquote-ist-wie-ein-aufzug-nach-oben-jan-de-schepper-im-interview\/#primaryimage"},"thumbnailUrl":"https:\/\/www.markt-kom.com\/wp-content\/uploads\/2024\/07\/Jan-De-Schepper-4-3-CMO-of-The-Year.png","datePublished":"2024-08-08T13:08:51+00:00","dateModified":"2024-11-09T07:19:47+00:00","description":"Jan De Schepper: Transformative success at Swissquote. Focus on innovative strength, customer centricity and sustainability.","breadcrumb":{"@id":"https:\/\/www.organisator.ch\/marketing\/2024-08-08\/swissquote-ist-wie-ein-aufzug-nach-oben-jan-de-schepper-im-interview\/#breadcrumb"},"inLanguage":"en-US","potentialAction":[{"@type":"ReadAction","target":["https:\/\/www.organisator.ch\/marketing\/2024-08-08\/swissquote-ist-wie-ein-aufzug-nach-oben-jan-de-schepper-im-interview\/"]}]},{"@type":"ImageObject","inLanguage":"en-US","@id":"https:\/\/www.organisator.ch\/marketing\/2024-08-08\/swissquote-ist-wie-ein-aufzug-nach-oben-jan-de-schepper-im-interview\/#primaryimage","url":"https:\/\/www.markt-kom.com\/wp-content\/uploads\/2024\/07\/Jan-De-Schepper-4-3-CMO-of-The-Year.png","contentUrl":"https:\/\/www.markt-kom.com\/wp-content\/uploads\/2024\/07\/Jan-De-Schepper-4-3-CMO-of-The-Year.png"},{"@type":"BreadcrumbList","@id":"https:\/\/www.organisator.ch\/marketing\/2024-08-08\/swissquote-ist-wie-ein-aufzug-nach-oben-jan-de-schepper-im-interview\/#breadcrumb","itemListElement":[{"@type":"ListItem","position":1,"name":"Home","item":"https:\/\/www.organisator.ch\/"},{"@type":"ListItem","position":2,"name":"\u00abSwissquote ist wie ein Aufzug nach oben\u00bb \u2013 Jan De Schepper im Interview"}]},{"@type":"WebSite","@id":"https:\/\/www.organisator.ch\/#website","url":"https:\/\/www.organisator.ch\/","name":"Organizer","description":"Competent. Practical. In 10 issues per year, ORGANISATOR presents the essential topics for managers of SMEs.","publisher":{"@id":"https:\/\/www.organisator.ch\/#organization"},"potentialAction":[{"@type":"SearchAction","target":{"@type":"EntryPoint","urlTemplate":"https:\/\/www.organisator.ch\/?s={search_term_string}"},"query-input":{"@type":"PropertyValueSpecification","valueRequired":true,"valueName":"search_term_string"}}],"inLanguage":"en-US"},{"@type":"Organization","@id":"https:\/\/www.organisator.ch\/#organization","name":"Organizer","url":"https:\/\/www.organisator.ch\/","logo":{"@type":"ImageObject","inLanguage":"en-US","@id":"https:\/\/www.organisator.ch\/#\/schema\/logo\/image\/","url":"https:\/\/www.organisator.ch\/wp-content\/uploads\/2022\/01\/Logo_Organisator_Website.png","contentUrl":"https:\/\/www.organisator.ch\/wp-content\/uploads\/2022\/01\/Logo_Organisator_Website.png","width":800,"height":77,"caption":"Organisator"},"image":{"@id":"https:\/\/www.organisator.ch\/#\/schema\/logo\/image\/"},"sameAs":["https:\/\/www.facebook.com\/OrganisatorFachmagazin","https:\/\/www.linkedin.com\/showcase\/organisator-das-magazin-fr-kmu","https:\/\/www.xing.com\/news\/pages\/organisator-ch-695","https:\/\/www.youtube.com\/channel\/UCGP2Sq0iWaZwT3BdIAQFYpw"]},{"@type":"Person","@id":"https:\/\/www.organisator.ch\/#\/schema\/person\/4e51799071cd2dd1232ac003643ef5f0","name":"galledia","image":{"@type":"ImageObject","inLanguage":"en-US","@id":"https:\/\/secure.gravatar.com\/avatar\/78a7f90c01fc2bfc875782a0d4922b37cde2cf184ce347b91316d23cd7f69a36?s=96&d=mm&r=g","url":"https:\/\/secure.gravatar.com\/avatar\/78a7f90c01fc2bfc875782a0d4922b37cde2cf184ce347b91316d23cd7f69a36?s=96&d=mm&r=g","contentUrl":"https:\/\/secure.gravatar.com\/avatar\/78a7f90c01fc2bfc875782a0d4922b37cde2cf184ce347b91316d23cd7f69a36?s=96&d=mm&r=g","caption":"galledia"},"sameAs":["https:\/\/x.com\/admin"],"url":"https:\/\/www.organisator.ch\/en\/author\/galledia\/"}]}},"_links":{"self":[{"href":"https:\/\/www.organisator.ch\/en\/wp-json\/wp\/v2\/posts\/28741","targetHints":{"allow":["GET"]}}],"collection":[{"href":"https:\/\/www.organisator.ch\/en\/wp-json\/wp\/v2\/posts"}],"about":[{"href":"https:\/\/www.organisator.ch\/en\/wp-json\/wp\/v2\/types\/post"}],"author":[{"embeddable":true,"href":"https:\/\/www.organisator.ch\/en\/wp-json\/wp\/v2\/users\/8"}],"replies":[{"embeddable":true,"href":"https:\/\/www.organisator.ch\/en\/wp-json\/wp\/v2\/comments?post=28741"}],"version-history":[{"count":3,"href":"https:\/\/www.organisator.ch\/en\/wp-json\/wp\/v2\/posts\/28741\/revisions"}],"predecessor-version":[{"id":32078,"href":"https:\/\/www.organisator.ch\/en\/wp-json\/wp\/v2\/posts\/28741\/revisions\/32078"}],"wp:attachment":[{"href":"https:\/\/www.organisator.ch\/en\/wp-json\/wp\/v2\/media?parent=28741"}],"wp:term":[{"taxonomy":"category","embeddable":true,"href":"https:\/\/www.organisator.ch\/en\/wp-json\/wp\/v2\/categories?post=28741"},{"taxonomy":"post_tag","embeddable":true,"href":"https:\/\/www.organisator.ch\/en\/wp-json\/wp\/v2\/tags?post=28741"}],"curies":[{"name":"wp","href":"https:\/\/api.w.org\/{rel}","templated":true}]}}