{"id":28910,"date":"2024-08-28T04:16:13","date_gmt":"2024-08-28T02:16:13","guid":{"rendered":"https:\/\/www.organisator.ch\/de\/?p=28910"},"modified":"2024-08-14T15:48:24","modified_gmt":"2024-08-14T13:48:24","slug":"gelerntes-konnte-ich-sofort-anwenden","status":"publish","type":"post","link":"https:\/\/www.organisator.ch\/en\/weiterbildung\/2024-08-28\/gelerntes-konnte-ich-sofort-anwenden\/","title":{"rendered":"\"I was able to apply what I learned immediately\""},"content":{"rendered":"<div class=\"swpm-post-not-logged-in-msg\">You need to be logged in to view this content. Please <a class=\"swpm-login-link\" href=\"https:\/\/www.organisator.ch\/login\/\">Log In<\/a>. Not a Member? <a href=\"https:\/\/www.organisator.ch\/shop\/\">Join Us<\/a><\/div>","protected":false},"excerpt":{"rendered":"<p>Campus Sursee is a leader in training and further education for the construction industry. We spoke to Beat Rietiker, who has just completed his further training as Managing Director Construction.<\/p>","protected":false},"author":1,"featured_media":28909,"comment_status":"closed","ping_status":"closed","sticky":false,"template":"","format":"standard","meta":{"_acf_changed":false,"_yoast_wpseo_focuskw":"Beat Rietiker","_yoast_wpseo_metadesc":"Der Campus Sursee ist f\u00fchrend in Sachen Aus- und Weiterbildungen f\u00fcr die Baubranche. Wir unterhielten uns mit Beat Rietiker, der soeben seine Weiterbildung zum Gesch\u00e4ftsf\u00fchrer Bau beendet hat.","articlekey":"109773","footnotes":""},"categories":[578,30],"tags":[62,71,4026,492],"class_list":["post-28910","post","type-post","status-publish","format-standard","has-post-thumbnail","hentry","category-abo","category-weiterbildung","tag-aus-weiterbildung","tag-baubranche","tag-campus-sursee","tag-unternehmen"],"acf":[],"yoast_head":"<!-- This site is optimized with the Yoast SEO plugin v27.5 - https:\/\/yoast.com\/product\/yoast-seo-wordpress\/ -->\n<title>\u00abGelerntes konnte ich sofort anwenden\u00bb - Organisator<\/title>\n<meta name=\"description\" content=\"Der Campus Sursee ist f\u00fchrend in Sachen Aus- und Weiterbildungen f\u00fcr die Baubranche. Wir unterhielten uns mit Beat Rietiker, der soeben seine Weiterbildung zum Gesch\u00e4ftsf\u00fchrer Bau beendet hat.\" \/>\n<meta name=\"robots\" content=\"index, follow, max-snippet:-1, max-image-preview:large, max-video-preview:-1\" \/>\n<link rel=\"canonical\" href=\"https:\/\/www.organisator.ch\/en\/further-education\/2024-08-28\/gelerntes-konnte-ich-sofort-anwenden\/\" \/>\n<meta property=\"og:locale\" content=\"en_US\" \/>\n<meta property=\"og:type\" content=\"article\" \/>\n<meta property=\"og:title\" content=\"\u00abGelerntes konnte ich sofort anwenden\u00bb - Organisator\" \/>\n<meta property=\"og:description\" content=\"Der Campus Sursee ist f\u00fchrend in Sachen Aus- und Weiterbildungen f\u00fcr die Baubranche. Wir unterhielten uns mit Beat Rietiker, der soeben seine Weiterbildung zum Gesch\u00e4ftsf\u00fchrer Bau beendet hat.\" \/>\n<meta property=\"og:url\" content=\"https:\/\/www.organisator.ch\/en\/further-education\/2024-08-28\/gelerntes-konnte-ich-sofort-anwenden\/\" \/>\n<meta property=\"og:site_name\" content=\"Organisator\" \/>\n<meta property=\"article:publisher\" content=\"https:\/\/www.facebook.com\/OrganisatorFachmagazin\" \/>\n<meta property=\"article:published_time\" content=\"2024-08-28T02:16:13+00:00\" \/>\n<meta property=\"og:image\" content=\"https:\/\/www.organisator.ch\/wp-content\/uploads\/2024\/08\/Weiterbildung_Rietiker_Bild_organisator_109777-scaled-e1723643069419.jpg\" \/>\n\t<meta property=\"og:image:width\" content=\"839\" \/>\n\t<meta property=\"og:image:height\" content=\"556\" \/>\n\t<meta property=\"og:image:type\" content=\"image\/jpeg\" \/>\n<meta name=\"author\" content=\"admin\" \/>\n<meta name=\"twitter:card\" content=\"summary_large_image\" \/>\n<script type=\"application\/ld+json\" class=\"yoast-schema-graph\">{\"@context\":\"https:\\\/\\\/schema.org\",\"@graph\":[{\"@type\":\"Article\",\"@id\":\"https:\\\/\\\/www.organisator.ch\\\/weiterbildung\\\/2024-08-28\\\/gelerntes-konnte-ich-sofort-anwenden\\\/#article\",\"isPartOf\":{\"@id\":\"https:\\\/\\\/www.organisator.ch\\\/weiterbildung\\\/2024-08-28\\\/gelerntes-konnte-ich-sofort-anwenden\\\/\"},\"author\":{\"name\":\"admin\",\"@id\":\"https:\\\/\\\/www.organisator.ch\\\/#\\\/schema\\\/person\\\/aa2bace6c5c5aad60102004a50c4eb1c\"},\"headline\":\"\u00abGelerntes konnte ich sofort anwenden\u00bb\",\"datePublished\":\"2024-08-28T02:16:13+00:00\",\"mainEntityOfPage\":{\"@id\":\"https:\\\/\\\/www.organisator.ch\\\/weiterbildung\\\/2024-08-28\\\/gelerntes-konnte-ich-sofort-anwenden\\\/\"},\"wordCount\":1086,\"publisher\":{\"@id\":\"https:\\\/\\\/www.organisator.ch\\\/#organization\"},\"image\":{\"@id\":\"https:\\\/\\\/www.organisator.ch\\\/weiterbildung\\\/2024-08-28\\\/gelerntes-konnte-ich-sofort-anwenden\\\/#primaryimage\"},\"thumbnailUrl\":\"https:\\\/\\\/www.organisator.ch\\\/wp-content\\\/uploads\\\/2024\\\/08\\\/Weiterbildung_Rietiker_Bild_organisator_109777-scaled-e1723643069419.jpg\",\"keywords\":[\"Aus-\\\/Weiterbildung\",\"Baubranche\",\"Campus Sursee\",\"Unternehmen\"],\"articleSection\":[\"ABO+\",\"WEITERBILDUNG\"],\"inLanguage\":\"en-US\"},{\"@type\":\"WebPage\",\"@id\":\"https:\\\/\\\/www.organisator.ch\\\/weiterbildung\\\/2024-08-28\\\/gelerntes-konnte-ich-sofort-anwenden\\\/\",\"url\":\"https:\\\/\\\/www.organisator.ch\\\/weiterbildung\\\/2024-08-28\\\/gelerntes-konnte-ich-sofort-anwenden\\\/\",\"name\":\"\u00abGelerntes konnte ich sofort anwenden\u00bb - Organisator\",\"isPartOf\":{\"@id\":\"https:\\\/\\\/www.organisator.ch\\\/#website\"},\"primaryImageOfPage\":{\"@id\":\"https:\\\/\\\/www.organisator.ch\\\/weiterbildung\\\/2024-08-28\\\/gelerntes-konnte-ich-sofort-anwenden\\\/#primaryimage\"},\"image\":{\"@id\":\"https:\\\/\\\/www.organisator.ch\\\/weiterbildung\\\/2024-08-28\\\/gelerntes-konnte-ich-sofort-anwenden\\\/#primaryimage\"},\"thumbnailUrl\":\"https:\\\/\\\/www.organisator.ch\\\/wp-content\\\/uploads\\\/2024\\\/08\\\/Weiterbildung_Rietiker_Bild_organisator_109777-scaled-e1723643069419.jpg\",\"datePublished\":\"2024-08-28T02:16:13+00:00\",\"description\":\"Der Campus Sursee ist f\u00fchrend in Sachen Aus- und Weiterbildungen f\u00fcr die Baubranche. Wir unterhielten uns mit Beat Rietiker, der soeben seine Weiterbildung zum Gesch\u00e4ftsf\u00fchrer Bau beendet hat.\",\"breadcrumb\":{\"@id\":\"https:\\\/\\\/www.organisator.ch\\\/weiterbildung\\\/2024-08-28\\\/gelerntes-konnte-ich-sofort-anwenden\\\/#breadcrumb\"},\"inLanguage\":\"en-US\",\"potentialAction\":[{\"@type\":\"ReadAction\",\"target\":[\"https:\\\/\\\/www.organisator.ch\\\/weiterbildung\\\/2024-08-28\\\/gelerntes-konnte-ich-sofort-anwenden\\\/\"]}]},{\"@type\":\"ImageObject\",\"inLanguage\":\"en-US\",\"@id\":\"https:\\\/\\\/www.organisator.ch\\\/weiterbildung\\\/2024-08-28\\\/gelerntes-konnte-ich-sofort-anwenden\\\/#primaryimage\",\"url\":\"https:\\\/\\\/www.organisator.ch\\\/wp-content\\\/uploads\\\/2024\\\/08\\\/Weiterbildung_Rietiker_Bild_organisator_109777-scaled-e1723643069419.jpg\",\"contentUrl\":\"https:\\\/\\\/www.organisator.ch\\\/wp-content\\\/uploads\\\/2024\\\/08\\\/Weiterbildung_Rietiker_Bild_organisator_109777-scaled-e1723643069419.jpg\",\"width\":839,\"height\":556,\"caption\":\"Beat Rietiker hat k\u00fcrzlich seine Weiterbildung zum Gesch\u00e4ftsf\u00fchrer Bau abgeschlossen und leitet nun die Sparte Um- und Neubau bei BWT Bau.\u00a9 BWT Bau AG\"},{\"@type\":\"BreadcrumbList\",\"@id\":\"https:\\\/\\\/www.organisator.ch\\\/weiterbildung\\\/2024-08-28\\\/gelerntes-konnte-ich-sofort-anwenden\\\/#breadcrumb\",\"itemListElement\":[{\"@type\":\"ListItem\",\"position\":1,\"name\":\"Home\",\"item\":\"https:\\\/\\\/www.organisator.ch\\\/\"},{\"@type\":\"ListItem\",\"position\":2,\"name\":\"\u00abGelerntes konnte ich sofort anwenden\u00bb\"}]},{\"@type\":\"WebSite\",\"@id\":\"https:\\\/\\\/www.organisator.ch\\\/#website\",\"url\":\"https:\\\/\\\/www.organisator.ch\\\/\",\"name\":\"Organisator\",\"description\":\"Kompetent. Praxisnah. Der ORGANISATOR bereitet in 10 Ausgaben pro Jahr die wesentlichen Themen f\u00fcr F\u00fchrungskr\u00e4fte von KMU auf.\",\"publisher\":{\"@id\":\"https:\\\/\\\/www.organisator.ch\\\/#organization\"},\"potentialAction\":[{\"@type\":\"SearchAction\",\"target\":{\"@type\":\"EntryPoint\",\"urlTemplate\":\"https:\\\/\\\/www.organisator.ch\\\/?s={search_term_string}\"},\"query-input\":{\"@type\":\"PropertyValueSpecification\",\"valueRequired\":true,\"valueName\":\"search_term_string\"}}],\"inLanguage\":\"en-US\"},{\"@type\":\"Organization\",\"@id\":\"https:\\\/\\\/www.organisator.ch\\\/#organization\",\"name\":\"Organisator\",\"url\":\"https:\\\/\\\/www.organisator.ch\\\/\",\"logo\":{\"@type\":\"ImageObject\",\"inLanguage\":\"en-US\",\"@id\":\"https:\\\/\\\/www.organisator.ch\\\/#\\\/schema\\\/logo\\\/image\\\/\",\"url\":\"https:\\\/\\\/www.organisator.ch\\\/wp-content\\\/uploads\\\/2022\\\/01\\\/Logo_Organisator_Website.png\",\"contentUrl\":\"https:\\\/\\\/www.organisator.ch\\\/wp-content\\\/uploads\\\/2022\\\/01\\\/Logo_Organisator_Website.png\",\"width\":800,\"height\":77,\"caption\":\"Organisator\"},\"image\":{\"@id\":\"https:\\\/\\\/www.organisator.ch\\\/#\\\/schema\\\/logo\\\/image\\\/\"},\"sameAs\":[\"https:\\\/\\\/www.facebook.com\\\/OrganisatorFachmagazin\",\"https:\\\/\\\/www.linkedin.com\\\/showcase\\\/organisator-das-magazin-fr-kmu\",\"https:\\\/\\\/www.xing.com\\\/news\\\/pages\\\/organisator-ch-695\",\"https:\\\/\\\/www.youtube.com\\\/channel\\\/UCGP2Sq0iWaZwT3BdIAQFYpw\"]},{\"@type\":\"Person\",\"@id\":\"https:\\\/\\\/www.organisator.ch\\\/#\\\/schema\\\/person\\\/aa2bace6c5c5aad60102004a50c4eb1c\",\"name\":\"admin\",\"image\":{\"@type\":\"ImageObject\",\"inLanguage\":\"en-US\",\"@id\":\"https:\\\/\\\/secure.gravatar.com\\\/avatar\\\/ae2f4d718e6c49043e314ce431e7e645d646302a24a5ef5a8bc8e3f5a032e319?s=96&d=mm&r=g\",\"url\":\"https:\\\/\\\/secure.gravatar.com\\\/avatar\\\/ae2f4d718e6c49043e314ce431e7e645d646302a24a5ef5a8bc8e3f5a032e319?s=96&d=mm&r=g\",\"contentUrl\":\"https:\\\/\\\/secure.gravatar.com\\\/avatar\\\/ae2f4d718e6c49043e314ce431e7e645d646302a24a5ef5a8bc8e3f5a032e319?s=96&d=mm&r=g\",\"caption\":\"admin\"},\"sameAs\":[\"https:\\\/\\\/www.organisator.ch\"],\"url\":\"https:\\\/\\\/www.organisator.ch\\\/en\\\/author\\\/admin\\\/\"}]}<\/script>\n<!-- \/ Yoast SEO plugin. -->","yoast_head_json":{"title":"\"I was able to apply what I learned immediately\" - organizer","description":"Campus Sursee is a leader in training and further education for the construction industry. We spoke to Beat Rietiker, who has just completed his further training as Managing Director Construction.","robots":{"index":"index","follow":"follow","max-snippet":"max-snippet:-1","max-image-preview":"max-image-preview:large","max-video-preview":"max-video-preview:-1"},"canonical":"https:\/\/www.organisator.ch\/en\/further-education\/2024-08-28\/gelerntes-konnte-ich-sofort-anwenden\/","og_locale":"en_US","og_type":"article","og_title":"\u00abGelerntes konnte ich sofort anwenden\u00bb - Organisator","og_description":"Der Campus Sursee ist f\u00fchrend in Sachen Aus- und Weiterbildungen f\u00fcr die Baubranche. Wir unterhielten uns mit Beat Rietiker, der soeben seine Weiterbildung zum Gesch\u00e4ftsf\u00fchrer Bau beendet hat.","og_url":"https:\/\/www.organisator.ch\/en\/further-education\/2024-08-28\/gelerntes-konnte-ich-sofort-anwenden\/","og_site_name":"Organisator","article_publisher":"https:\/\/www.facebook.com\/OrganisatorFachmagazin","article_published_time":"2024-08-28T02:16:13+00:00","og_image":[{"width":839,"height":556,"url":"https:\/\/www.organisator.ch\/wp-content\/uploads\/2024\/08\/Weiterbildung_Rietiker_Bild_organisator_109777-scaled-e1723643069419.jpg","type":"image\/jpeg"}],"author":"admin","twitter_card":"summary_large_image","schema":{"@context":"https:\/\/schema.org","@graph":[{"@type":"Article","@id":"https:\/\/www.organisator.ch\/weiterbildung\/2024-08-28\/gelerntes-konnte-ich-sofort-anwenden\/#article","isPartOf":{"@id":"https:\/\/www.organisator.ch\/weiterbildung\/2024-08-28\/gelerntes-konnte-ich-sofort-anwenden\/"},"author":{"name":"admin","@id":"https:\/\/www.organisator.ch\/#\/schema\/person\/aa2bace6c5c5aad60102004a50c4eb1c"},"headline":"\u00abGelerntes konnte ich sofort anwenden\u00bb","datePublished":"2024-08-28T02:16:13+00:00","mainEntityOfPage":{"@id":"https:\/\/www.organisator.ch\/weiterbildung\/2024-08-28\/gelerntes-konnte-ich-sofort-anwenden\/"},"wordCount":1086,"publisher":{"@id":"https:\/\/www.organisator.ch\/#organization"},"image":{"@id":"https:\/\/www.organisator.ch\/weiterbildung\/2024-08-28\/gelerntes-konnte-ich-sofort-anwenden\/#primaryimage"},"thumbnailUrl":"https:\/\/www.organisator.ch\/wp-content\/uploads\/2024\/08\/Weiterbildung_Rietiker_Bild_organisator_109777-scaled-e1723643069419.jpg","keywords":["Aus-\/Weiterbildung","Baubranche","Campus Sursee","Unternehmen"],"articleSection":["ABO+","WEITERBILDUNG"],"inLanguage":"en-US"},{"@type":"WebPage","@id":"https:\/\/www.organisator.ch\/weiterbildung\/2024-08-28\/gelerntes-konnte-ich-sofort-anwenden\/","url":"https:\/\/www.organisator.ch\/weiterbildung\/2024-08-28\/gelerntes-konnte-ich-sofort-anwenden\/","name":"\"I was able to apply what I learned immediately\" - organizer","isPartOf":{"@id":"https:\/\/www.organisator.ch\/#website"},"primaryImageOfPage":{"@id":"https:\/\/www.organisator.ch\/weiterbildung\/2024-08-28\/gelerntes-konnte-ich-sofort-anwenden\/#primaryimage"},"image":{"@id":"https:\/\/www.organisator.ch\/weiterbildung\/2024-08-28\/gelerntes-konnte-ich-sofort-anwenden\/#primaryimage"},"thumbnailUrl":"https:\/\/www.organisator.ch\/wp-content\/uploads\/2024\/08\/Weiterbildung_Rietiker_Bild_organisator_109777-scaled-e1723643069419.jpg","datePublished":"2024-08-28T02:16:13+00:00","description":"Campus Sursee is a leader in training and further education for the construction industry. We spoke to Beat Rietiker, who has just completed his further training as Managing Director Construction.","breadcrumb":{"@id":"https:\/\/www.organisator.ch\/weiterbildung\/2024-08-28\/gelerntes-konnte-ich-sofort-anwenden\/#breadcrumb"},"inLanguage":"en-US","potentialAction":[{"@type":"ReadAction","target":["https:\/\/www.organisator.ch\/weiterbildung\/2024-08-28\/gelerntes-konnte-ich-sofort-anwenden\/"]}]},{"@type":"ImageObject","inLanguage":"en-US","@id":"https:\/\/www.organisator.ch\/weiterbildung\/2024-08-28\/gelerntes-konnte-ich-sofort-anwenden\/#primaryimage","url":"https:\/\/www.organisator.ch\/wp-content\/uploads\/2024\/08\/Weiterbildung_Rietiker_Bild_organisator_109777-scaled-e1723643069419.jpg","contentUrl":"https:\/\/www.organisator.ch\/wp-content\/uploads\/2024\/08\/Weiterbildung_Rietiker_Bild_organisator_109777-scaled-e1723643069419.jpg","width":839,"height":556,"caption":"Beat Rietiker hat k\u00fcrzlich seine Weiterbildung zum Gesch\u00e4ftsf\u00fchrer Bau abgeschlossen und leitet nun die Sparte Um- und Neubau bei BWT Bau.\u00a9 BWT Bau AG"},{"@type":"BreadcrumbList","@id":"https:\/\/www.organisator.ch\/weiterbildung\/2024-08-28\/gelerntes-konnte-ich-sofort-anwenden\/#breadcrumb","itemListElement":[{"@type":"ListItem","position":1,"name":"Home","item":"https:\/\/www.organisator.ch\/"},{"@type":"ListItem","position":2,"name":"\u00abGelerntes konnte ich sofort anwenden\u00bb"}]},{"@type":"WebSite","@id":"https:\/\/www.organisator.ch\/#website","url":"https:\/\/www.organisator.ch\/","name":"Organizer","description":"Competent. Practical. In 10 issues per year, ORGANISATOR presents the essential topics for managers of SMEs.","publisher":{"@id":"https:\/\/www.organisator.ch\/#organization"},"potentialAction":[{"@type":"SearchAction","target":{"@type":"EntryPoint","urlTemplate":"https:\/\/www.organisator.ch\/?s={search_term_string}"},"query-input":{"@type":"PropertyValueSpecification","valueRequired":true,"valueName":"search_term_string"}}],"inLanguage":"en-US"},{"@type":"Organization","@id":"https:\/\/www.organisator.ch\/#organization","name":"Organizer","url":"https:\/\/www.organisator.ch\/","logo":{"@type":"ImageObject","inLanguage":"en-US","@id":"https:\/\/www.organisator.ch\/#\/schema\/logo\/image\/","url":"https:\/\/www.organisator.ch\/wp-content\/uploads\/2022\/01\/Logo_Organisator_Website.png","contentUrl":"https:\/\/www.organisator.ch\/wp-content\/uploads\/2022\/01\/Logo_Organisator_Website.png","width":800,"height":77,"caption":"Organisator"},"image":{"@id":"https:\/\/www.organisator.ch\/#\/schema\/logo\/image\/"},"sameAs":["https:\/\/www.facebook.com\/OrganisatorFachmagazin","https:\/\/www.linkedin.com\/showcase\/organisator-das-magazin-fr-kmu","https:\/\/www.xing.com\/news\/pages\/organisator-ch-695","https:\/\/www.youtube.com\/channel\/UCGP2Sq0iWaZwT3BdIAQFYpw"]},{"@type":"Person","@id":"https:\/\/www.organisator.ch\/#\/schema\/person\/aa2bace6c5c5aad60102004a50c4eb1c","name":"admin","image":{"@type":"ImageObject","inLanguage":"en-US","@id":"https:\/\/secure.gravatar.com\/avatar\/ae2f4d718e6c49043e314ce431e7e645d646302a24a5ef5a8bc8e3f5a032e319?s=96&d=mm&r=g","url":"https:\/\/secure.gravatar.com\/avatar\/ae2f4d718e6c49043e314ce431e7e645d646302a24a5ef5a8bc8e3f5a032e319?s=96&d=mm&r=g","contentUrl":"https:\/\/secure.gravatar.com\/avatar\/ae2f4d718e6c49043e314ce431e7e645d646302a24a5ef5a8bc8e3f5a032e319?s=96&d=mm&r=g","caption":"admin"},"sameAs":["https:\/\/www.organisator.ch"],"url":"https:\/\/www.organisator.ch\/en\/author\/admin\/"}]}},"_links":{"self":[{"href":"https:\/\/www.organisator.ch\/en\/wp-json\/wp\/v2\/posts\/28910","targetHints":{"allow":["GET"]}}],"collection":[{"href":"https:\/\/www.organisator.ch\/en\/wp-json\/wp\/v2\/posts"}],"about":[{"href":"https:\/\/www.organisator.ch\/en\/wp-json\/wp\/v2\/types\/post"}],"author":[{"embeddable":true,"href":"https:\/\/www.organisator.ch\/en\/wp-json\/wp\/v2\/users\/1"}],"replies":[{"embeddable":true,"href":"https:\/\/www.organisator.ch\/en\/wp-json\/wp\/v2\/comments?post=28910"}],"version-history":[{"count":3,"href":"https:\/\/www.organisator.ch\/en\/wp-json\/wp\/v2\/posts\/28910\/revisions"}],"predecessor-version":[{"id":28989,"href":"https:\/\/www.organisator.ch\/en\/wp-json\/wp\/v2\/posts\/28910\/revisions\/28989"}],"wp:featuredmedia":[{"embeddable":true,"href":"https:\/\/www.organisator.ch\/en\/wp-json\/wp\/v2\/media\/28909"}],"wp:attachment":[{"href":"https:\/\/www.organisator.ch\/en\/wp-json\/wp\/v2\/media?parent=28910"}],"wp:term":[{"taxonomy":"category","embeddable":true,"href":"https:\/\/www.organisator.ch\/en\/wp-json\/wp\/v2\/categories?post=28910"},{"taxonomy":"post_tag","embeddable":true,"href":"https:\/\/www.organisator.ch\/en\/wp-json\/wp\/v2\/tags?post=28910"}],"curies":[{"name":"wp","href":"https:\/\/api.w.org\/{rel}","templated":true}]}}