{"id":28956,"date":"2024-08-14T13:10:38","date_gmt":"2024-08-14T11:10:38","guid":{"rendered":"https:\/\/www.organisator.ch\/?p=28956"},"modified":"2024-08-29T08:09:06","modified_gmt":"2024-08-29T06:09:06","slug":"countdown-laeuft-45-schweizer-berufstalente-bereit-fuer-worldskills-2024","status":"publish","type":"post","link":"https:\/\/www.organisator.ch\/en\/management\/2024-08-14\/countdown-laeuft-45-schweizer-berufstalente-bereit-fuer-worldskills-2024\/","title":{"rendered":"The countdown is on: 45 talented Swiss professionals ready for WorldSkills 2024"},"content":{"rendered":"<figure id=\"attachment_28957\" aria-describedby=\"caption-attachment-28957\" style=\"width: 680px\" class=\"wp-caption alignnone\"><img loading=\"lazy\" decoding=\"async\" class=\"size-full wp-image-28957\" src=\"https:\/\/www.organisator.ch\/wp-content\/uploads\/2024\/08\/WorldSkills_Bild1_ps.jpg\" alt=\"\" width=\"680\" height=\"363\" srcset=\"https:\/\/www.organisator.ch\/wp-content\/uploads\/2024\/08\/WorldSkills_Bild1_ps.jpg 680w, https:\/\/www.organisator.ch\/wp-content\/uploads\/2024\/08\/WorldSkills_Bild1_ps-18x10.jpg 18w, https:\/\/www.organisator.ch\/wp-content\/uploads\/2024\/08\/WorldSkills_Bild1_ps-375x200.jpg 375w, https:\/\/www.organisator.ch\/wp-content\/uploads\/2024\/08\/WorldSkills_Bild1_ps-656x350.jpg 656w\" sizes=\"auto, (max-width: 680px) 100vw, 680px\" \/><figcaption id=\"caption-attachment-28957\" class=\"wp-caption-text\">Training weekend in Nottwil 2024 (Image: www.swiss-skills.ch)<\/figcaption><\/figure>\n<h3><strong>Champions League of vocational training<\/strong><\/h3>\n<p>Over 1,500 young talents from 65 nations will be competing against their professional colleagues in exciting competitions at WorldSkills 2024 in Lyon from September 10 to 15 and demonstrating their combined skills. Whether floristry, cyber security, welding, metal construction, clothing design or hotel reception - a total of 59 different competitions will take place. And the Swiss national vocational team will be right in the middle of it all. The 45 young talents will be competing in 41 skills competitions. This makes it the largest delegation ever to take part in WorldSkills. They will be supported by 42 experts.\u00a0<\/p>\n<h3><strong>Ready for the competition of a lifetime<\/strong><\/h3>\n<p>The talents qualified at the central SwissSkills vocational championships. Over the past few months, each participant has undergone around 1,000 hours of meticulous preparation with the great support of their experts, professional associations, employers and team leaders. This preparation program is framed by several joint training weekends - such as the recent one in Nottwil, Lucerne. In addition to competition-specific tasks, team building, physical and mental aspects and dealing with the media are also trained. All this in order to be ready for the competition of a lifetime on September 10.<\/p>\n<h3><strong>Switzerland is counting on medals<\/strong><\/h3>\n<p>The excellent results of the past have once again set the bar and their own expectations very high for the 45 members of the Swiss national squad. In Lyon, they will do everything in their power to continue this success story. It is becoming apparent that representatives of the federal government will also be cheering on the Swiss delegation in Lyon. A strong sign of appreciation for the achievements of the young professionals.<\/p>\n<h3><strong>\"My Road to Lyon\"<\/strong><\/h3>\n<p>The web documentary series \"My Road to Lyon\" portrays five of these 45 young people on their individual journeys to WorldSkills 2024. All of them faced major personal and social challenges. Each protagonist stands out with their own story - such as a lack of self-confidence or experiences of bullying. But in the end, it was precisely these learnings that got them to the World Skills Championships. Go to the web documentary series \"My Road to Lyon\" <a href=\"https:\/\/nationalteam.swiss-skills.ch\/de\/webdoku\">here<\/a>.<\/p>\n<p><em>Source:<a href=\"https:\/\/www.swiss-skills.ch\/de\"> www.swiss-skills.ch<\/a><\/em><\/p>","protected":false},"excerpt":{"rendered":"<p>The time has come in a month! The \"WorldSkills 2024\" vocational world championships will take place in Lyon from September 10 to 15. There will also be 45 young Swiss nationals - the largest delegation in history - who will test their skills against the international competition in 41 trades. At the last joint team weekend, the national team fine-tuned their skills to be ready for the competition of a lifetime. Switzerland is once again aiming for a top 3 place in the national rankings.<\/p>","protected":false},"author":58,"featured_media":28957,"comment_status":"closed","ping_status":"closed","sticky":false,"template":"","format":"standard","meta":{"_acf_changed":false,"_yoast_wpseo_focuskw":"WorldSkills","_yoast_wpseo_metadesc":"In einem Monat ist es soweit! Vom 10. bis 15. September finden in Lyon die Berufsweltmeisterschaften \u00abWorldSkills 2024\u00bb statt.","articlekey":"","footnotes":""},"categories":[28],"tags":[4375,334,424,2709],"class_list":["post-28956","post","type-post","status-publish","format-standard","has-post-thumbnail","hentry","category-management","tag-berufstalente","tag-management","tag-schweiz","tag-worldskills"],"acf":[],"yoast_head":"<!-- This site is optimized with the Yoast SEO plugin v27.5 - https:\/\/yoast.com\/product\/yoast-seo-wordpress\/ -->\n<title>Countdown l\u00e4uft: 45 Schweizer Berufstalente bereit f\u00fcr WorldSkills 2024 - Organisator<\/title>\n<meta name=\"description\" content=\"In einem Monat ist es soweit! Vom 10. bis 15. September finden in Lyon die Berufsweltmeisterschaften \u00abWorldSkills 2024\u00bb statt.\" \/>\n<meta name=\"robots\" content=\"index, follow, max-snippet:-1, max-image-preview:large, max-video-preview:-1\" \/>\n<link rel=\"canonical\" href=\"https:\/\/www.organisator.ch\/en\/management\/2024-08-14\/countdown-laeuft-45-schweizer-berufstalente-bereit-fuer-worldskills-2024\/\" \/>\n<meta property=\"og:locale\" content=\"en_US\" \/>\n<meta property=\"og:type\" content=\"article\" \/>\n<meta property=\"og:title\" content=\"Countdown l\u00e4uft: 45 Schweizer Berufstalente bereit f\u00fcr WorldSkills 2024\" \/>\n<meta property=\"og:description\" content=\"In einem Monat ist es soweit! Vom 10. bis 15. September finden in Lyon die Berufsweltmeisterschaften \u00abWorldSkills 2024\u00bb statt.\" \/>\n<meta property=\"og:url\" content=\"https:\/\/www.organisator.ch\/en\/management\/2024-08-14\/countdown-laeuft-45-schweizer-berufstalente-bereit-fuer-worldskills-2024\/\" \/>\n<meta property=\"og:site_name\" content=\"Organisator\" \/>\n<meta property=\"article:publisher\" content=\"https:\/\/www.facebook.com\/OrganisatorFachmagazin\" \/>\n<meta property=\"article:published_time\" content=\"2024-08-14T11:10:38+00:00\" \/>\n<meta property=\"article:modified_time\" content=\"2024-08-29T06:09:06+00:00\" \/>\n<meta property=\"og:image\" content=\"https:\/\/www.organisator.ch\/wp-content\/uploads\/2024\/08\/WorldSkills_Bild1_ps.jpg\" \/>\n\t<meta property=\"og:image:width\" content=\"680\" \/>\n\t<meta property=\"og:image:height\" content=\"363\" \/>\n\t<meta property=\"og:image:type\" content=\"image\/jpeg\" \/>\n<meta name=\"author\" content=\"Adelisa Kalajdzini\" \/>\n<meta name=\"twitter:card\" content=\"summary_large_image\" \/>\n<meta name=\"twitter:title\" content=\"Countdown l\u00e4uft: 45 Schweizer Berufstalente bereit f\u00fcr WorldSkills 2024\" \/>\n<meta name=\"twitter:description\" content=\"In einem Monat ist es soweit! Vom 10. bis 15. September finden in #Lyon die #Berufsweltmeisterschaften #\u00abWorldSkills 2024\u00bb statt.\" \/>\n<meta name=\"twitter:image\" content=\"https:\/\/www.organisator.ch\/wp-content\/uploads\/2024\/08\/WorldSkills_Bild1_ps.jpg\" \/>\n<script type=\"application\/ld+json\" class=\"yoast-schema-graph\">{\"@context\":\"https:\\\/\\\/schema.org\",\"@graph\":[{\"@type\":\"Article\",\"@id\":\"https:\\\/\\\/www.organisator.ch\\\/management\\\/2024-08-14\\\/countdown-laeuft-45-schweizer-berufstalente-bereit-fuer-worldskills-2024\\\/#article\",\"isPartOf\":{\"@id\":\"https:\\\/\\\/www.organisator.ch\\\/management\\\/2024-08-14\\\/countdown-laeuft-45-schweizer-berufstalente-bereit-fuer-worldskills-2024\\\/\"},\"author\":{\"name\":\"Adelisa Kalajdzini\",\"@id\":\"https:\\\/\\\/www.organisator.ch\\\/#\\\/schema\\\/person\\\/2e1314a2172123f874db408d8911d3f3\"},\"headline\":\"Countdown l\u00e4uft: 45 Schweizer Berufstalente bereit f\u00fcr WorldSkills 2024\",\"datePublished\":\"2024-08-14T11:10:38+00:00\",\"dateModified\":\"2024-08-29T06:09:06+00:00\",\"mainEntityOfPage\":{\"@id\":\"https:\\\/\\\/www.organisator.ch\\\/management\\\/2024-08-14\\\/countdown-laeuft-45-schweizer-berufstalente-bereit-fuer-worldskills-2024\\\/\"},\"wordCount\":342,\"publisher\":{\"@id\":\"https:\\\/\\\/www.organisator.ch\\\/#organization\"},\"image\":{\"@id\":\"https:\\\/\\\/www.organisator.ch\\\/management\\\/2024-08-14\\\/countdown-laeuft-45-schweizer-berufstalente-bereit-fuer-worldskills-2024\\\/#primaryimage\"},\"thumbnailUrl\":\"https:\\\/\\\/www.organisator.ch\\\/wp-content\\\/uploads\\\/2024\\\/08\\\/WorldSkills_Bild1_ps.jpg\",\"keywords\":[\"Berufstalente\",\"Management\",\"Schweiz\",\"WorldSkills\"],\"articleSection\":[\"MANAGEMENT\"],\"inLanguage\":\"en-US\"},{\"@type\":\"WebPage\",\"@id\":\"https:\\\/\\\/www.organisator.ch\\\/management\\\/2024-08-14\\\/countdown-laeuft-45-schweizer-berufstalente-bereit-fuer-worldskills-2024\\\/\",\"url\":\"https:\\\/\\\/www.organisator.ch\\\/management\\\/2024-08-14\\\/countdown-laeuft-45-schweizer-berufstalente-bereit-fuer-worldskills-2024\\\/\",\"name\":\"Countdown l\u00e4uft: 45 Schweizer Berufstalente bereit f\u00fcr WorldSkills 2024 - Organisator\",\"isPartOf\":{\"@id\":\"https:\\\/\\\/www.organisator.ch\\\/#website\"},\"primaryImageOfPage\":{\"@id\":\"https:\\\/\\\/www.organisator.ch\\\/management\\\/2024-08-14\\\/countdown-laeuft-45-schweizer-berufstalente-bereit-fuer-worldskills-2024\\\/#primaryimage\"},\"image\":{\"@id\":\"https:\\\/\\\/www.organisator.ch\\\/management\\\/2024-08-14\\\/countdown-laeuft-45-schweizer-berufstalente-bereit-fuer-worldskills-2024\\\/#primaryimage\"},\"thumbnailUrl\":\"https:\\\/\\\/www.organisator.ch\\\/wp-content\\\/uploads\\\/2024\\\/08\\\/WorldSkills_Bild1_ps.jpg\",\"datePublished\":\"2024-08-14T11:10:38+00:00\",\"dateModified\":\"2024-08-29T06:09:06+00:00\",\"description\":\"In einem Monat ist es soweit! Vom 10. bis 15. September finden in Lyon die Berufsweltmeisterschaften \u00abWorldSkills 2024\u00bb statt.\",\"breadcrumb\":{\"@id\":\"https:\\\/\\\/www.organisator.ch\\\/management\\\/2024-08-14\\\/countdown-laeuft-45-schweizer-berufstalente-bereit-fuer-worldskills-2024\\\/#breadcrumb\"},\"inLanguage\":\"en-US\",\"potentialAction\":[{\"@type\":\"ReadAction\",\"target\":[\"https:\\\/\\\/www.organisator.ch\\\/management\\\/2024-08-14\\\/countdown-laeuft-45-schweizer-berufstalente-bereit-fuer-worldskills-2024\\\/\"]}]},{\"@type\":\"ImageObject\",\"inLanguage\":\"en-US\",\"@id\":\"https:\\\/\\\/www.organisator.ch\\\/management\\\/2024-08-14\\\/countdown-laeuft-45-schweizer-berufstalente-bereit-fuer-worldskills-2024\\\/#primaryimage\",\"url\":\"https:\\\/\\\/www.organisator.ch\\\/wp-content\\\/uploads\\\/2024\\\/08\\\/WorldSkills_Bild1_ps.jpg\",\"contentUrl\":\"https:\\\/\\\/www.organisator.ch\\\/wp-content\\\/uploads\\\/2024\\\/08\\\/WorldSkills_Bild1_ps.jpg\",\"width\":680,\"height\":363,\"caption\":\"Trainingsweekend in Nottwil 2024. (Bild: www.swiss-skills.ch)\"},{\"@type\":\"BreadcrumbList\",\"@id\":\"https:\\\/\\\/www.organisator.ch\\\/management\\\/2024-08-14\\\/countdown-laeuft-45-schweizer-berufstalente-bereit-fuer-worldskills-2024\\\/#breadcrumb\",\"itemListElement\":[{\"@type\":\"ListItem\",\"position\":1,\"name\":\"Home\",\"item\":\"https:\\\/\\\/www.organisator.ch\\\/\"},{\"@type\":\"ListItem\",\"position\":2,\"name\":\"Countdown l\u00e4uft: 45 Schweizer Berufstalente bereit f\u00fcr WorldSkills 2024\"}]},{\"@type\":\"WebSite\",\"@id\":\"https:\\\/\\\/www.organisator.ch\\\/#website\",\"url\":\"https:\\\/\\\/www.organisator.ch\\\/\",\"name\":\"Organisator\",\"description\":\"Kompetent. Praxisnah. Der ORGANISATOR bereitet in 10 Ausgaben pro Jahr die wesentlichen Themen f\u00fcr F\u00fchrungskr\u00e4fte von KMU auf.\",\"publisher\":{\"@id\":\"https:\\\/\\\/www.organisator.ch\\\/#organization\"},\"potentialAction\":[{\"@type\":\"SearchAction\",\"target\":{\"@type\":\"EntryPoint\",\"urlTemplate\":\"https:\\\/\\\/www.organisator.ch\\\/?s={search_term_string}\"},\"query-input\":{\"@type\":\"PropertyValueSpecification\",\"valueRequired\":true,\"valueName\":\"search_term_string\"}}],\"inLanguage\":\"en-US\"},{\"@type\":\"Organization\",\"@id\":\"https:\\\/\\\/www.organisator.ch\\\/#organization\",\"name\":\"Organisator\",\"url\":\"https:\\\/\\\/www.organisator.ch\\\/\",\"logo\":{\"@type\":\"ImageObject\",\"inLanguage\":\"en-US\",\"@id\":\"https:\\\/\\\/www.organisator.ch\\\/#\\\/schema\\\/logo\\\/image\\\/\",\"url\":\"https:\\\/\\\/www.organisator.ch\\\/wp-content\\\/uploads\\\/2022\\\/01\\\/Logo_Organisator_Website.png\",\"contentUrl\":\"https:\\\/\\\/www.organisator.ch\\\/wp-content\\\/uploads\\\/2022\\\/01\\\/Logo_Organisator_Website.png\",\"width\":800,\"height\":77,\"caption\":\"Organisator\"},\"image\":{\"@id\":\"https:\\\/\\\/www.organisator.ch\\\/#\\\/schema\\\/logo\\\/image\\\/\"},\"sameAs\":[\"https:\\\/\\\/www.facebook.com\\\/OrganisatorFachmagazin\",\"https:\\\/\\\/www.linkedin.com\\\/showcase\\\/organisator-das-magazin-fr-kmu\",\"https:\\\/\\\/www.xing.com\\\/news\\\/pages\\\/organisator-ch-695\",\"https:\\\/\\\/www.youtube.com\\\/channel\\\/UCGP2Sq0iWaZwT3BdIAQFYpw\"]},{\"@type\":\"Person\",\"@id\":\"https:\\\/\\\/www.organisator.ch\\\/#\\\/schema\\\/person\\\/2e1314a2172123f874db408d8911d3f3\",\"name\":\"Adelisa Kalajdzini\",\"image\":{\"@type\":\"ImageObject\",\"inLanguage\":\"en-US\",\"@id\":\"https:\\\/\\\/secure.gravatar.com\\\/avatar\\\/09a397c22ac58cad6f160ee8306348599df9df58a8ede73696226897b9fa4b24?s=96&d=mm&r=g\",\"url\":\"https:\\\/\\\/secure.gravatar.com\\\/avatar\\\/09a397c22ac58cad6f160ee8306348599df9df58a8ede73696226897b9fa4b24?s=96&d=mm&r=g\",\"contentUrl\":\"https:\\\/\\\/secure.gravatar.com\\\/avatar\\\/09a397c22ac58cad6f160ee8306348599df9df58a8ede73696226897b9fa4b24?s=96&d=mm&r=g\",\"caption\":\"Adelisa Kalajdzini\"},\"url\":\"https:\\\/\\\/www.organisator.ch\\\/en\\\/author\\\/adelisa-kalajdzini\\\/\"}]}<\/script>\n<!-- \/ Yoast SEO plugin. -->","yoast_head_json":{"title":"The countdown is on: 45 talented Swiss professionals ready for WorldSkills 2024 - Organizer","description":"The time has come in a month! The \"WorldSkills 2024\" vocational world championships will take place in Lyon from September 10 to 15.","robots":{"index":"index","follow":"follow","max-snippet":"max-snippet:-1","max-image-preview":"max-image-preview:large","max-video-preview":"max-video-preview:-1"},"canonical":"https:\/\/www.organisator.ch\/en\/management\/2024-08-14\/countdown-laeuft-45-schweizer-berufstalente-bereit-fuer-worldskills-2024\/","og_locale":"en_US","og_type":"article","og_title":"Countdown l\u00e4uft: 45 Schweizer Berufstalente bereit f\u00fcr WorldSkills 2024","og_description":"In einem Monat ist es soweit! Vom 10. bis 15. September finden in Lyon die Berufsweltmeisterschaften \u00abWorldSkills 2024\u00bb statt.","og_url":"https:\/\/www.organisator.ch\/en\/management\/2024-08-14\/countdown-laeuft-45-schweizer-berufstalente-bereit-fuer-worldskills-2024\/","og_site_name":"Organisator","article_publisher":"https:\/\/www.facebook.com\/OrganisatorFachmagazin","article_published_time":"2024-08-14T11:10:38+00:00","article_modified_time":"2024-08-29T06:09:06+00:00","og_image":[{"width":680,"height":363,"url":"https:\/\/www.organisator.ch\/wp-content\/uploads\/2024\/08\/WorldSkills_Bild1_ps.jpg","type":"image\/jpeg"}],"author":"Adelisa Kalajdzini","twitter_card":"summary_large_image","twitter_title":"Countdown l\u00e4uft: 45 Schweizer Berufstalente bereit f\u00fcr WorldSkills 2024","twitter_description":"In einem Monat ist es soweit! Vom 10. bis 15. September finden in #Lyon die #Berufsweltmeisterschaften #\u00abWorldSkills 2024\u00bb statt.","twitter_image":"https:\/\/www.organisator.ch\/wp-content\/uploads\/2024\/08\/WorldSkills_Bild1_ps.jpg","schema":{"@context":"https:\/\/schema.org","@graph":[{"@type":"Article","@id":"https:\/\/www.organisator.ch\/management\/2024-08-14\/countdown-laeuft-45-schweizer-berufstalente-bereit-fuer-worldskills-2024\/#article","isPartOf":{"@id":"https:\/\/www.organisator.ch\/management\/2024-08-14\/countdown-laeuft-45-schweizer-berufstalente-bereit-fuer-worldskills-2024\/"},"author":{"name":"Adelisa Kalajdzini","@id":"https:\/\/www.organisator.ch\/#\/schema\/person\/2e1314a2172123f874db408d8911d3f3"},"headline":"Countdown l\u00e4uft: 45 Schweizer Berufstalente bereit f\u00fcr WorldSkills 2024","datePublished":"2024-08-14T11:10:38+00:00","dateModified":"2024-08-29T06:09:06+00:00","mainEntityOfPage":{"@id":"https:\/\/www.organisator.ch\/management\/2024-08-14\/countdown-laeuft-45-schweizer-berufstalente-bereit-fuer-worldskills-2024\/"},"wordCount":342,"publisher":{"@id":"https:\/\/www.organisator.ch\/#organization"},"image":{"@id":"https:\/\/www.organisator.ch\/management\/2024-08-14\/countdown-laeuft-45-schweizer-berufstalente-bereit-fuer-worldskills-2024\/#primaryimage"},"thumbnailUrl":"https:\/\/www.organisator.ch\/wp-content\/uploads\/2024\/08\/WorldSkills_Bild1_ps.jpg","keywords":["Berufstalente","Management","Schweiz","WorldSkills"],"articleSection":["MANAGEMENT"],"inLanguage":"en-US"},{"@type":"WebPage","@id":"https:\/\/www.organisator.ch\/management\/2024-08-14\/countdown-laeuft-45-schweizer-berufstalente-bereit-fuer-worldskills-2024\/","url":"https:\/\/www.organisator.ch\/management\/2024-08-14\/countdown-laeuft-45-schweizer-berufstalente-bereit-fuer-worldskills-2024\/","name":"The countdown is on: 45 talented Swiss professionals ready for WorldSkills 2024 - Organizer","isPartOf":{"@id":"https:\/\/www.organisator.ch\/#website"},"primaryImageOfPage":{"@id":"https:\/\/www.organisator.ch\/management\/2024-08-14\/countdown-laeuft-45-schweizer-berufstalente-bereit-fuer-worldskills-2024\/#primaryimage"},"image":{"@id":"https:\/\/www.organisator.ch\/management\/2024-08-14\/countdown-laeuft-45-schweizer-berufstalente-bereit-fuer-worldskills-2024\/#primaryimage"},"thumbnailUrl":"https:\/\/www.organisator.ch\/wp-content\/uploads\/2024\/08\/WorldSkills_Bild1_ps.jpg","datePublished":"2024-08-14T11:10:38+00:00","dateModified":"2024-08-29T06:09:06+00:00","description":"The time has come in a month! The \"WorldSkills 2024\" vocational world championships will take place in Lyon from September 10 to 15.","breadcrumb":{"@id":"https:\/\/www.organisator.ch\/management\/2024-08-14\/countdown-laeuft-45-schweizer-berufstalente-bereit-fuer-worldskills-2024\/#breadcrumb"},"inLanguage":"en-US","potentialAction":[{"@type":"ReadAction","target":["https:\/\/www.organisator.ch\/management\/2024-08-14\/countdown-laeuft-45-schweizer-berufstalente-bereit-fuer-worldskills-2024\/"]}]},{"@type":"ImageObject","inLanguage":"en-US","@id":"https:\/\/www.organisator.ch\/management\/2024-08-14\/countdown-laeuft-45-schweizer-berufstalente-bereit-fuer-worldskills-2024\/#primaryimage","url":"https:\/\/www.organisator.ch\/wp-content\/uploads\/2024\/08\/WorldSkills_Bild1_ps.jpg","contentUrl":"https:\/\/www.organisator.ch\/wp-content\/uploads\/2024\/08\/WorldSkills_Bild1_ps.jpg","width":680,"height":363,"caption":"Trainingsweekend in Nottwil 2024. (Bild: www.swiss-skills.ch)"},{"@type":"BreadcrumbList","@id":"https:\/\/www.organisator.ch\/management\/2024-08-14\/countdown-laeuft-45-schweizer-berufstalente-bereit-fuer-worldskills-2024\/#breadcrumb","itemListElement":[{"@type":"ListItem","position":1,"name":"Home","item":"https:\/\/www.organisator.ch\/"},{"@type":"ListItem","position":2,"name":"Countdown l\u00e4uft: 45 Schweizer Berufstalente bereit f\u00fcr WorldSkills 2024"}]},{"@type":"WebSite","@id":"https:\/\/www.organisator.ch\/#website","url":"https:\/\/www.organisator.ch\/","name":"Organizer","description":"Competent. Practical. In 10 issues per year, ORGANISATOR presents the essential topics for managers of SMEs.","publisher":{"@id":"https:\/\/www.organisator.ch\/#organization"},"potentialAction":[{"@type":"SearchAction","target":{"@type":"EntryPoint","urlTemplate":"https:\/\/www.organisator.ch\/?s={search_term_string}"},"query-input":{"@type":"PropertyValueSpecification","valueRequired":true,"valueName":"search_term_string"}}],"inLanguage":"en-US"},{"@type":"Organization","@id":"https:\/\/www.organisator.ch\/#organization","name":"Organizer","url":"https:\/\/www.organisator.ch\/","logo":{"@type":"ImageObject","inLanguage":"en-US","@id":"https:\/\/www.organisator.ch\/#\/schema\/logo\/image\/","url":"https:\/\/www.organisator.ch\/wp-content\/uploads\/2022\/01\/Logo_Organisator_Website.png","contentUrl":"https:\/\/www.organisator.ch\/wp-content\/uploads\/2022\/01\/Logo_Organisator_Website.png","width":800,"height":77,"caption":"Organisator"},"image":{"@id":"https:\/\/www.organisator.ch\/#\/schema\/logo\/image\/"},"sameAs":["https:\/\/www.facebook.com\/OrganisatorFachmagazin","https:\/\/www.linkedin.com\/showcase\/organisator-das-magazin-fr-kmu","https:\/\/www.xing.com\/news\/pages\/organisator-ch-695","https:\/\/www.youtube.com\/channel\/UCGP2Sq0iWaZwT3BdIAQFYpw"]},{"@type":"Person","@id":"https:\/\/www.organisator.ch\/#\/schema\/person\/2e1314a2172123f874db408d8911d3f3","name":"Adelisa Kalajdzini","image":{"@type":"ImageObject","inLanguage":"en-US","@id":"https:\/\/secure.gravatar.com\/avatar\/09a397c22ac58cad6f160ee8306348599df9df58a8ede73696226897b9fa4b24?s=96&d=mm&r=g","url":"https:\/\/secure.gravatar.com\/avatar\/09a397c22ac58cad6f160ee8306348599df9df58a8ede73696226897b9fa4b24?s=96&d=mm&r=g","contentUrl":"https:\/\/secure.gravatar.com\/avatar\/09a397c22ac58cad6f160ee8306348599df9df58a8ede73696226897b9fa4b24?s=96&d=mm&r=g","caption":"Adelisa Kalajdzini"},"url":"https:\/\/www.organisator.ch\/en\/author\/adelisa-kalajdzini\/"}]}},"_links":{"self":[{"href":"https:\/\/www.organisator.ch\/en\/wp-json\/wp\/v2\/posts\/28956","targetHints":{"allow":["GET"]}}],"collection":[{"href":"https:\/\/www.organisator.ch\/en\/wp-json\/wp\/v2\/posts"}],"about":[{"href":"https:\/\/www.organisator.ch\/en\/wp-json\/wp\/v2\/types\/post"}],"author":[{"embeddable":true,"href":"https:\/\/www.organisator.ch\/en\/wp-json\/wp\/v2\/users\/58"}],"replies":[{"embeddable":true,"href":"https:\/\/www.organisator.ch\/en\/wp-json\/wp\/v2\/comments?post=28956"}],"version-history":[{"count":4,"href":"https:\/\/www.organisator.ch\/en\/wp-json\/wp\/v2\/posts\/28956\/revisions"}],"predecessor-version":[{"id":29420,"href":"https:\/\/www.organisator.ch\/en\/wp-json\/wp\/v2\/posts\/28956\/revisions\/29420"}],"wp:featuredmedia":[{"embeddable":true,"href":"https:\/\/www.organisator.ch\/en\/wp-json\/wp\/v2\/media\/28957"}],"wp:attachment":[{"href":"https:\/\/www.organisator.ch\/en\/wp-json\/wp\/v2\/media?parent=28956"}],"wp:term":[{"taxonomy":"category","embeddable":true,"href":"https:\/\/www.organisator.ch\/en\/wp-json\/wp\/v2\/categories?post=28956"},{"taxonomy":"post_tag","embeddable":true,"href":"https:\/\/www.organisator.ch\/en\/wp-json\/wp\/v2\/tags?post=28956"}],"curies":[{"name":"wp","href":"https:\/\/api.w.org\/{rel}","templated":true}]}}