{"id":29054,"date":"2024-08-15T16:12:48","date_gmt":"2024-08-15T14:12:48","guid":{"rendered":"https:\/\/www.markt-kom.com\/?p=221634"},"modified":"2024-11-08T12:52:17","modified_gmt":"2024-11-08T11:52:17","slug":"sommerferien-2024-wetterbedingt-durchzogene-bilanz","status":"publish","type":"post","link":"https:\/\/www.organisator.ch\/en\/marketing\/2024-08-15\/sommerferien-2024-wetterbedingt-durchzogene-bilanz\/","title":{"rendered":"Summer vacations 2024: mixed results due to the weather"},"content":{"rendered":"<p><img class=\"alignnone wp-image-221645 size-full\" src=\"https:\/\/www.markt-kom.com\/wp-content\/uploads\/2024\/08\/ST_3x2_Laufen-Rhine-Falls_32135_%C2%A9ST-AndreasGerth-1-scaled.jpg\" alt=\"Switzerland tourism\" width=\"1300\" height=\"866\" \/><\/p>\r\n<p>At the beginning of August, ST took the pulse of the tourism industry nationwide and asked for initial impressions of the summer vacations. The feedback came mainly from tourist regions and destinations in both mountainous regions and cities.<\/p>\r\n<h3><strong>Weather and storms had a major impact<\/strong><\/h3>\r\n<p>Wet and cold weather in early summer did not bode well for the start of the summer season. And the major storms in June on the southern side of the Alps and in many other mountain regions did the rest. Ticino in particular, as well as parts of Graub\u00fcnden and Valais, were affected by cancellations and, above all, a lack of spontaneous bookings. Many day trips also failed to take place, which is particularly devastating in regions where the Swiss domestic market and the markets in neighboring countries are large. \"Compared to June last year, the expected decline was noticeable, and we expect a similar result for July,\" says Angelo Trotta, Director of Ticino Tourism.<em>\u00a0<\/em>The seasonal monitoring of Cableways Switzerland also speaks of a challenging summer for the summer business of mountain railroads up to the end of July.<span style=\"text-decoration: line-through\"><br \/>\r\n<\/span><\/p>\r\n<p><a href=\"https:\/\/www.markt-kom.com\/de\/markom\/sommerferien-2024-wetterbedingt-durchzogene-bilanz\/attachment\/switzerland-summer-7\/\"><img class=\"attachment-full size-full\" src=\"https:\/\/www.markt-kom.com\/wp-content\/uploads\/2024\/08\/ST_3x2_Davos-Chinese-guests_52475_%C2%A9ST_Travelbyphoto-scaled.jpg\" alt=\"\" width=\"1300\" height=\"866\" \/><\/a> <a href=\"https:\/\/www.markt-kom.com\/de\/markom\/sommerferien-2024-wetterbedingt-durchzogene-bilanz\/attachment\/st_3x2_family-in-st-gallen_100434_silvanozeiter\/\"><img class=\"attachment-full size-full\" src=\"https:\/\/www.markt-kom.com\/wp-content\/uploads\/2024\/08\/ST_3x2_Family-in-St-Gallen_100434_%C2%A9SilvanoZeiter-scaled.jpg\" alt=\"\" width=\"1300\" height=\"866\" \/><\/a> <a href=\"https:\/\/www.markt-kom.com\/de\/markom\/sommerferien-2024-wetterbedingt-durchzogene-bilanz\/attachment\/switzerland-summer-8\/\"><img class=\"attachment-full size-full\" src=\"https:\/\/www.markt-kom.com\/wp-content\/uploads\/2024\/08\/ST_3x2_Glacier-Express-guests-from-China_52482_%C2%A9ST_Travelbyphoto-scaled.jpg\" alt=\"\" width=\"1300\" height=\"866\" \/><\/a> <a href=\"https:\/\/www.markt-kom.com\/de\/markom\/sommerferien-2024-wetterbedingt-durchzogene-bilanz\/attachment\/switzerland-summer-9\/\"><img class=\"attachment-full size-full\" src=\"https:\/\/www.markt-kom.com\/wp-content\/uploads\/2024\/08\/ST_3x2_Lake-Thun-Callum-Snape_66935_@ST_CallumSnape-scaled.jpg\" alt=\"\" width=\"1300\" height=\"866\" \/><\/a><\/p>\r\n<p>&nbsp;<\/p>\r\n<h3><strong>Change in weather brings a good mood<\/strong><\/h3>\r\n<p>With the improvement in the weather, confidence quickly returned in many places. Monika K\u00f6nig, Head of Marketing &amp; Communication at Aletsch Arena AG (VS), regrets that some hiking trails were still closed at the start of the season due to the snow. However: \"The current high temperatures are driving more and more guests into the mountains - an opportunity for mountain tourism\".<br \/>\r\nSome destinations are reporting almost full capacity utilization for July and are expecting a very good summer season. For example, Marc Ungerer, Managing Director of Jungfrau Tourismus AG: \"The summer is fantastic - at least at last year's level, if not better. Not only in the larger resort destinations, but also in M\u00fcrren and the Haslital, for example\". This also applies to Zermatt, which was also affected by the storm in June: \"Zermatt has enjoyed the best summer season conditions and normal operations for weeks. The destination has recovered quickly from the dip caused by the two storm weekends at the end of June and the forecasts for the rest of the summer season are promising,\" reports David Taugwalder, Head of PR &amp; Communications at Zermatt Tourismus.<br \/>\r\nThis was not least thanks to the guests from overseas, whose importance was once again demonstrated by the weather conditions: long-distance market trips take place either way, with good or bad weather.<\/p>\r\n<h3><strong>City tourism works regardless of the weather<\/strong><\/h3>\r\n<p>Large cities such as Basel and Zurich in particular are reporting no impact from the June weather, partly due to their \"weatherproof\" attractions such as museums. \"We recorded the strongest June ever. Thanks to a successful Art Basel and also thanks to many Swiss guests - Basel has been able to position itself as an attractive leisure destination in recent years, especially among the Swiss public,\" says Letizia Elia, Director of Basel Tourism. In Zurich, major events such as the Taylor Swift concerts and the Street Parade ensured high and also very diversified demand. And the cities in western Switzerland are also satisfied - for example in Montreux: \"The hotels are doing better this summer than last summer,\" explains Gr\u00e9goire Chappuis, Head of Marketing &amp; Communication at Montreux Vevey Tourism.<\/p>\r\n<p>&nbsp;<\/p>\r\n<h3><strong>Challenges overseas <\/strong><\/h3>\r\n<p>Tourists from North America are still traveling in large numbers across the country, but this trend is likely to slow down slowly but surely. \"International and American tour operators are warning us that US travelers are slowly using up their overseas vacation budgets due to the pandemic,\" says Martin Nydegger, ST Director - despite strong figures from North America.<\/p>\r\n<p>And China in particular is missing from Asia this summer too - around half of hotel overnight stays in 2019 came from this market. The industry is reporting hardly any Chinese guests for the summer and fewer Asian guests in general - there is still a reluctance to travel from Asia. This also contributed to the fact that there were no bottlenecks at the popular Swiss tourist attractions this summer.<\/p>\r\n<p><a href=\"https:\/\/www.markt-kom.com\/de\/markom\/sommerferien-2024-wetterbedingt-durchzogene-bilanz\/attachment\/switzerland-tourism-4\/\"><img class=\"attachment-full size-full\" src=\"https:\/\/www.markt-kom.com\/wp-content\/uploads\/2024\/08\/ST_3x2_Leuenfall-Brewbee_115887_%C2%A9ST-scaled.jpg\" alt=\"\" width=\"1300\" height=\"866\" \/><\/a> <a href=\"https:\/\/www.markt-kom.com\/de\/markom\/sommerferien-2024-wetterbedingt-durchzogene-bilanz\/attachment\/switzerland-summer-4\/\"><img class=\"attachment-full size-full\" src=\"https:\/\/www.markt-kom.com\/wp-content\/uploads\/2024\/08\/ST_3x2_Lugano-guests-from-China_52521_%C2%A9ST_Travelbyphoto-scaled.jpg\" alt=\"\" width=\"1300\" height=\"866\" \/><\/a> <a href=\"https:\/\/www.markt-kom.com\/de\/markom\/sommerferien-2024-wetterbedingt-durchzogene-bilanz\/attachment\/switzerland-summer-5\/\"><img class=\"attachment-full size-full\" src=\"https:\/\/www.markt-kom.com\/wp-content\/uploads\/2024\/08\/ST_3x2_Zugerberg-families-Wandern_4_49220_%C2%A9ST_JasminFrei-scaled.jpg\" alt=\"\" width=\"1300\" height=\"866\" \/><\/a> <a href=\"https:\/\/www.markt-kom.com\/de\/markom\/sommerferien-2024-wetterbedingt-durchzogene-bilanz\/attachment\/switzerland-cities\/\"><img class=\"attachment-full size-full\" src=\"https:\/\/www.markt-kom.com\/wp-content\/uploads\/2024\/08\/ST_3x2_Basel-Rhine-Swimming_36286_%C2%A9ST_MarkusBuehler-scaled.jpg\" alt=\"\" width=\"1300\" height=\"868\" \/><\/a><\/p>\r\n<hr \/>\r\n<p><em>Switzerland Tourism (ST)<\/em><\/p>\r\n<p><em>ST is a federal corporation under public law and is tasked with promoting tourism demand for Switzerland as a vacation, travel and conference destination in Switzerland and abroad. The focus is on the development and implementation of effective marketing programs and the profiling of Switzerland's strong, classic and modern tourism brand both nationally and internationally. ST works in close cooperation with the tourism industry, which contributes around half of the budget. The other half consists of federal funds. The organization works in a customer and market-oriented manner and is managed according to business management criteria. ST is present in 23 markets worldwide with around 280 employees (255 FTEs), spread across 36 offices.<\/em><\/p>","protected":false},"excerpt":{"rendered":"<p>In the indicative pulse measurement, the poor weather in June and in some cases July was cited as a challenge across the country. In the major cities, on the other hand, tourism experts reported a successful start to the summer.<\/p>","protected":false},"author":8,"featured_media":0,"comment_status":"closed","ping_status":"closed","sticky":false,"template":"","format":"standard","meta":{"_acf_changed":false,"_yoast_wpseo_focuskw":"Schweiz Tourismus","_yoast_wpseo_metadesc":"Schweiz Tourismus berichtet: Wetter beeinflusst Sommer 2024. Positive Trends in St\u00e4dten und Bergregionen.","articlekey":"","footnotes":""},"categories":[29],"tags":[4343,2854],"class_list":["post-29054","post","type-post","status-publish","format-standard","hentry","category-marketing","tag-markom","tag-schweiz-tourismus"],"acf":[],"yoast_head":"<!-- This site is optimized with the Yoast SEO plugin v27.5 - https:\/\/yoast.com\/product\/yoast-seo-wordpress\/ -->\n<title>Sommerferien 2024: wetterbedingt durchzogene Bilanz - Organisator<\/title>\n<meta name=\"description\" content=\"Schweiz Tourismus berichtet: Wetter beeinflusst Sommer 2024. Positive Trends in St\u00e4dten und Bergregionen.\" \/>\n<meta name=\"robots\" content=\"index, follow, max-snippet:-1, max-image-preview:large, max-video-preview:-1\" \/>\n<link rel=\"canonical\" href=\"https:\/\/www.organisator.ch\/en\/marketing\/2024-08-15\/sommerferien-2024-wetterbedingt-durchzogene-bilanz\/\" \/>\n<meta property=\"og:locale\" content=\"en_US\" \/>\n<meta property=\"og:type\" content=\"article\" \/>\n<meta property=\"og:title\" content=\"Sommerferien 2024: wetterbedingt durchzogene Bilanz - Organisator\" \/>\n<meta property=\"og:description\" content=\"Schweiz Tourismus berichtet: Wetter beeinflusst Sommer 2024. Positive Trends in St\u00e4dten und Bergregionen.\" \/>\n<meta property=\"og:url\" content=\"https:\/\/www.organisator.ch\/en\/marketing\/2024-08-15\/sommerferien-2024-wetterbedingt-durchzogene-bilanz\/\" \/>\n<meta property=\"og:site_name\" content=\"Organisator\" \/>\n<meta property=\"article:publisher\" content=\"https:\/\/www.facebook.com\/OrganisatorFachmagazin\" \/>\n<meta property=\"article:published_time\" content=\"2024-08-15T14:12:48+00:00\" \/>\n<meta property=\"article:modified_time\" content=\"2024-11-08T11:52:17+00:00\" \/>\n<meta property=\"og:image\" content=\"https:\/\/www.markt-kom.com\/wp-content\/uploads\/2024\/08\/ST_3x2_Laufen-Rhine-Falls_32135_%C2%A9ST-AndreasGerth-1-scaled.jpg\" \/>\n<meta name=\"author\" content=\"galledia\" \/>\n<meta name=\"twitter:card\" content=\"summary_large_image\" \/>\n<meta name=\"twitter:creator\" content=\"@admin\" \/>\n<script type=\"application\/ld+json\" class=\"yoast-schema-graph\">{\"@context\":\"https:\\\/\\\/schema.org\",\"@graph\":[{\"@type\":\"Article\",\"@id\":\"https:\\\/\\\/www.organisator.ch\\\/marketing\\\/2024-08-15\\\/sommerferien-2024-wetterbedingt-durchzogene-bilanz\\\/#article\",\"isPartOf\":{\"@id\":\"https:\\\/\\\/www.organisator.ch\\\/marketing\\\/2024-08-15\\\/sommerferien-2024-wetterbedingt-durchzogene-bilanz\\\/\"},\"author\":{\"name\":\"galledia\",\"@id\":\"https:\\\/\\\/www.organisator.ch\\\/#\\\/schema\\\/person\\\/4e51799071cd2dd1232ac003643ef5f0\"},\"headline\":\"Sommerferien 2024: wetterbedingt durchzogene Bilanz\",\"datePublished\":\"2024-08-15T14:12:48+00:00\",\"dateModified\":\"2024-11-08T11:52:17+00:00\",\"mainEntityOfPage\":{\"@id\":\"https:\\\/\\\/www.organisator.ch\\\/marketing\\\/2024-08-15\\\/sommerferien-2024-wetterbedingt-durchzogene-bilanz\\\/\"},\"wordCount\":747,\"publisher\":{\"@id\":\"https:\\\/\\\/www.organisator.ch\\\/#organization\"},\"image\":{\"@id\":\"https:\\\/\\\/www.organisator.ch\\\/marketing\\\/2024-08-15\\\/sommerferien-2024-wetterbedingt-durchzogene-bilanz\\\/#primaryimage\"},\"thumbnailUrl\":\"https:\\\/\\\/www.markt-kom.com\\\/wp-content\\\/uploads\\\/2024\\\/08\\\/ST_3x2_Laufen-Rhine-Falls_32135_%C2%A9ST-AndreasGerth-1-scaled.jpg\",\"keywords\":[\"MarKom\",\"Schweiz Tourismus\"],\"articleSection\":[\"MARKETING\"],\"inLanguage\":\"en-US\"},{\"@type\":\"WebPage\",\"@id\":\"https:\\\/\\\/www.organisator.ch\\\/marketing\\\/2024-08-15\\\/sommerferien-2024-wetterbedingt-durchzogene-bilanz\\\/\",\"url\":\"https:\\\/\\\/www.organisator.ch\\\/marketing\\\/2024-08-15\\\/sommerferien-2024-wetterbedingt-durchzogene-bilanz\\\/\",\"name\":\"Sommerferien 2024: wetterbedingt durchzogene Bilanz - Organisator\",\"isPartOf\":{\"@id\":\"https:\\\/\\\/www.organisator.ch\\\/#website\"},\"primaryImageOfPage\":{\"@id\":\"https:\\\/\\\/www.organisator.ch\\\/marketing\\\/2024-08-15\\\/sommerferien-2024-wetterbedingt-durchzogene-bilanz\\\/#primaryimage\"},\"image\":{\"@id\":\"https:\\\/\\\/www.organisator.ch\\\/marketing\\\/2024-08-15\\\/sommerferien-2024-wetterbedingt-durchzogene-bilanz\\\/#primaryimage\"},\"thumbnailUrl\":\"https:\\\/\\\/www.markt-kom.com\\\/wp-content\\\/uploads\\\/2024\\\/08\\\/ST_3x2_Laufen-Rhine-Falls_32135_%C2%A9ST-AndreasGerth-1-scaled.jpg\",\"datePublished\":\"2024-08-15T14:12:48+00:00\",\"dateModified\":\"2024-11-08T11:52:17+00:00\",\"description\":\"Schweiz Tourismus berichtet: Wetter beeinflusst Sommer 2024. Positive Trends in St\u00e4dten und Bergregionen.\",\"breadcrumb\":{\"@id\":\"https:\\\/\\\/www.organisator.ch\\\/marketing\\\/2024-08-15\\\/sommerferien-2024-wetterbedingt-durchzogene-bilanz\\\/#breadcrumb\"},\"inLanguage\":\"en-US\",\"potentialAction\":[{\"@type\":\"ReadAction\",\"target\":[\"https:\\\/\\\/www.organisator.ch\\\/marketing\\\/2024-08-15\\\/sommerferien-2024-wetterbedingt-durchzogene-bilanz\\\/\"]}]},{\"@type\":\"ImageObject\",\"inLanguage\":\"en-US\",\"@id\":\"https:\\\/\\\/www.organisator.ch\\\/marketing\\\/2024-08-15\\\/sommerferien-2024-wetterbedingt-durchzogene-bilanz\\\/#primaryimage\",\"url\":\"https:\\\/\\\/www.markt-kom.com\\\/wp-content\\\/uploads\\\/2024\\\/08\\\/ST_3x2_Laufen-Rhine-Falls_32135_%C2%A9ST-AndreasGerth-1-scaled.jpg\",\"contentUrl\":\"https:\\\/\\\/www.markt-kom.com\\\/wp-content\\\/uploads\\\/2024\\\/08\\\/ST_3x2_Laufen-Rhine-Falls_32135_%C2%A9ST-AndreasGerth-1-scaled.jpg\"},{\"@type\":\"BreadcrumbList\",\"@id\":\"https:\\\/\\\/www.organisator.ch\\\/marketing\\\/2024-08-15\\\/sommerferien-2024-wetterbedingt-durchzogene-bilanz\\\/#breadcrumb\",\"itemListElement\":[{\"@type\":\"ListItem\",\"position\":1,\"name\":\"Home\",\"item\":\"https:\\\/\\\/www.organisator.ch\\\/\"},{\"@type\":\"ListItem\",\"position\":2,\"name\":\"Sommerferien 2024: wetterbedingt durchzogene Bilanz\"}]},{\"@type\":\"WebSite\",\"@id\":\"https:\\\/\\\/www.organisator.ch\\\/#website\",\"url\":\"https:\\\/\\\/www.organisator.ch\\\/\",\"name\":\"Organisator\",\"description\":\"Kompetent. Praxisnah. Der ORGANISATOR bereitet in 10 Ausgaben pro Jahr die wesentlichen Themen f\u00fcr F\u00fchrungskr\u00e4fte von KMU auf.\",\"publisher\":{\"@id\":\"https:\\\/\\\/www.organisator.ch\\\/#organization\"},\"potentialAction\":[{\"@type\":\"SearchAction\",\"target\":{\"@type\":\"EntryPoint\",\"urlTemplate\":\"https:\\\/\\\/www.organisator.ch\\\/?s={search_term_string}\"},\"query-input\":{\"@type\":\"PropertyValueSpecification\",\"valueRequired\":true,\"valueName\":\"search_term_string\"}}],\"inLanguage\":\"en-US\"},{\"@type\":\"Organization\",\"@id\":\"https:\\\/\\\/www.organisator.ch\\\/#organization\",\"name\":\"Organisator\",\"url\":\"https:\\\/\\\/www.organisator.ch\\\/\",\"logo\":{\"@type\":\"ImageObject\",\"inLanguage\":\"en-US\",\"@id\":\"https:\\\/\\\/www.organisator.ch\\\/#\\\/schema\\\/logo\\\/image\\\/\",\"url\":\"https:\\\/\\\/www.organisator.ch\\\/wp-content\\\/uploads\\\/2022\\\/01\\\/Logo_Organisator_Website.png\",\"contentUrl\":\"https:\\\/\\\/www.organisator.ch\\\/wp-content\\\/uploads\\\/2022\\\/01\\\/Logo_Organisator_Website.png\",\"width\":800,\"height\":77,\"caption\":\"Organisator\"},\"image\":{\"@id\":\"https:\\\/\\\/www.organisator.ch\\\/#\\\/schema\\\/logo\\\/image\\\/\"},\"sameAs\":[\"https:\\\/\\\/www.facebook.com\\\/OrganisatorFachmagazin\",\"https:\\\/\\\/www.linkedin.com\\\/showcase\\\/organisator-das-magazin-fr-kmu\",\"https:\\\/\\\/www.xing.com\\\/news\\\/pages\\\/organisator-ch-695\",\"https:\\\/\\\/www.youtube.com\\\/channel\\\/UCGP2Sq0iWaZwT3BdIAQFYpw\"]},{\"@type\":\"Person\",\"@id\":\"https:\\\/\\\/www.organisator.ch\\\/#\\\/schema\\\/person\\\/4e51799071cd2dd1232ac003643ef5f0\",\"name\":\"galledia\",\"image\":{\"@type\":\"ImageObject\",\"inLanguage\":\"en-US\",\"@id\":\"https:\\\/\\\/secure.gravatar.com\\\/avatar\\\/78a7f90c01fc2bfc875782a0d4922b37cde2cf184ce347b91316d23cd7f69a36?s=96&d=mm&r=g\",\"url\":\"https:\\\/\\\/secure.gravatar.com\\\/avatar\\\/78a7f90c01fc2bfc875782a0d4922b37cde2cf184ce347b91316d23cd7f69a36?s=96&d=mm&r=g\",\"contentUrl\":\"https:\\\/\\\/secure.gravatar.com\\\/avatar\\\/78a7f90c01fc2bfc875782a0d4922b37cde2cf184ce347b91316d23cd7f69a36?s=96&d=mm&r=g\",\"caption\":\"galledia\"},\"sameAs\":[\"https:\\\/\\\/x.com\\\/admin\"],\"url\":\"https:\\\/\\\/www.organisator.ch\\\/en\\\/author\\\/galledia\\\/\"}]}<\/script>\n<!-- \/ Yoast SEO plugin. -->","yoast_head_json":{"title":"Summer vacations 2024: mixed results due to the weather - Organizer","description":"Switzerland Tourism reports: Weather influences summer 2024. Positive trends in cities and mountain regions.","robots":{"index":"index","follow":"follow","max-snippet":"max-snippet:-1","max-image-preview":"max-image-preview:large","max-video-preview":"max-video-preview:-1"},"canonical":"https:\/\/www.organisator.ch\/en\/marketing\/2024-08-15\/sommerferien-2024-wetterbedingt-durchzogene-bilanz\/","og_locale":"en_US","og_type":"article","og_title":"Sommerferien 2024: wetterbedingt durchzogene Bilanz - Organisator","og_description":"Schweiz Tourismus berichtet: Wetter beeinflusst Sommer 2024. Positive Trends in St\u00e4dten und Bergregionen.","og_url":"https:\/\/www.organisator.ch\/en\/marketing\/2024-08-15\/sommerferien-2024-wetterbedingt-durchzogene-bilanz\/","og_site_name":"Organisator","article_publisher":"https:\/\/www.facebook.com\/OrganisatorFachmagazin","article_published_time":"2024-08-15T14:12:48+00:00","article_modified_time":"2024-11-08T11:52:17+00:00","og_image":[{"url":"https:\/\/www.markt-kom.com\/wp-content\/uploads\/2024\/08\/ST_3x2_Laufen-Rhine-Falls_32135_%C2%A9ST-AndreasGerth-1-scaled.jpg","type":"","width":"","height":""}],"author":"galledia","twitter_card":"summary_large_image","twitter_creator":"@admin","schema":{"@context":"https:\/\/schema.org","@graph":[{"@type":"Article","@id":"https:\/\/www.organisator.ch\/marketing\/2024-08-15\/sommerferien-2024-wetterbedingt-durchzogene-bilanz\/#article","isPartOf":{"@id":"https:\/\/www.organisator.ch\/marketing\/2024-08-15\/sommerferien-2024-wetterbedingt-durchzogene-bilanz\/"},"author":{"name":"galledia","@id":"https:\/\/www.organisator.ch\/#\/schema\/person\/4e51799071cd2dd1232ac003643ef5f0"},"headline":"Sommerferien 2024: wetterbedingt durchzogene Bilanz","datePublished":"2024-08-15T14:12:48+00:00","dateModified":"2024-11-08T11:52:17+00:00","mainEntityOfPage":{"@id":"https:\/\/www.organisator.ch\/marketing\/2024-08-15\/sommerferien-2024-wetterbedingt-durchzogene-bilanz\/"},"wordCount":747,"publisher":{"@id":"https:\/\/www.organisator.ch\/#organization"},"image":{"@id":"https:\/\/www.organisator.ch\/marketing\/2024-08-15\/sommerferien-2024-wetterbedingt-durchzogene-bilanz\/#primaryimage"},"thumbnailUrl":"https:\/\/www.markt-kom.com\/wp-content\/uploads\/2024\/08\/ST_3x2_Laufen-Rhine-Falls_32135_%C2%A9ST-AndreasGerth-1-scaled.jpg","keywords":["MarKom","Schweiz Tourismus"],"articleSection":["MARKETING"],"inLanguage":"en-US"},{"@type":"WebPage","@id":"https:\/\/www.organisator.ch\/marketing\/2024-08-15\/sommerferien-2024-wetterbedingt-durchzogene-bilanz\/","url":"https:\/\/www.organisator.ch\/marketing\/2024-08-15\/sommerferien-2024-wetterbedingt-durchzogene-bilanz\/","name":"Summer vacations 2024: mixed results due to the weather - Organizer","isPartOf":{"@id":"https:\/\/www.organisator.ch\/#website"},"primaryImageOfPage":{"@id":"https:\/\/www.organisator.ch\/marketing\/2024-08-15\/sommerferien-2024-wetterbedingt-durchzogene-bilanz\/#primaryimage"},"image":{"@id":"https:\/\/www.organisator.ch\/marketing\/2024-08-15\/sommerferien-2024-wetterbedingt-durchzogene-bilanz\/#primaryimage"},"thumbnailUrl":"https:\/\/www.markt-kom.com\/wp-content\/uploads\/2024\/08\/ST_3x2_Laufen-Rhine-Falls_32135_%C2%A9ST-AndreasGerth-1-scaled.jpg","datePublished":"2024-08-15T14:12:48+00:00","dateModified":"2024-11-08T11:52:17+00:00","description":"Switzerland Tourism reports: Weather influences summer 2024. Positive trends in cities and mountain regions.","breadcrumb":{"@id":"https:\/\/www.organisator.ch\/marketing\/2024-08-15\/sommerferien-2024-wetterbedingt-durchzogene-bilanz\/#breadcrumb"},"inLanguage":"en-US","potentialAction":[{"@type":"ReadAction","target":["https:\/\/www.organisator.ch\/marketing\/2024-08-15\/sommerferien-2024-wetterbedingt-durchzogene-bilanz\/"]}]},{"@type":"ImageObject","inLanguage":"en-US","@id":"https:\/\/www.organisator.ch\/marketing\/2024-08-15\/sommerferien-2024-wetterbedingt-durchzogene-bilanz\/#primaryimage","url":"https:\/\/www.markt-kom.com\/wp-content\/uploads\/2024\/08\/ST_3x2_Laufen-Rhine-Falls_32135_%C2%A9ST-AndreasGerth-1-scaled.jpg","contentUrl":"https:\/\/www.markt-kom.com\/wp-content\/uploads\/2024\/08\/ST_3x2_Laufen-Rhine-Falls_32135_%C2%A9ST-AndreasGerth-1-scaled.jpg"},{"@type":"BreadcrumbList","@id":"https:\/\/www.organisator.ch\/marketing\/2024-08-15\/sommerferien-2024-wetterbedingt-durchzogene-bilanz\/#breadcrumb","itemListElement":[{"@type":"ListItem","position":1,"name":"Home","item":"https:\/\/www.organisator.ch\/"},{"@type":"ListItem","position":2,"name":"Sommerferien 2024: wetterbedingt durchzogene Bilanz"}]},{"@type":"WebSite","@id":"https:\/\/www.organisator.ch\/#website","url":"https:\/\/www.organisator.ch\/","name":"Organizer","description":"Competent. Practical. In 10 issues per year, ORGANISATOR presents the essential topics for managers of SMEs.","publisher":{"@id":"https:\/\/www.organisator.ch\/#organization"},"potentialAction":[{"@type":"SearchAction","target":{"@type":"EntryPoint","urlTemplate":"https:\/\/www.organisator.ch\/?s={search_term_string}"},"query-input":{"@type":"PropertyValueSpecification","valueRequired":true,"valueName":"search_term_string"}}],"inLanguage":"en-US"},{"@type":"Organization","@id":"https:\/\/www.organisator.ch\/#organization","name":"Organizer","url":"https:\/\/www.organisator.ch\/","logo":{"@type":"ImageObject","inLanguage":"en-US","@id":"https:\/\/www.organisator.ch\/#\/schema\/logo\/image\/","url":"https:\/\/www.organisator.ch\/wp-content\/uploads\/2022\/01\/Logo_Organisator_Website.png","contentUrl":"https:\/\/www.organisator.ch\/wp-content\/uploads\/2022\/01\/Logo_Organisator_Website.png","width":800,"height":77,"caption":"Organisator"},"image":{"@id":"https:\/\/www.organisator.ch\/#\/schema\/logo\/image\/"},"sameAs":["https:\/\/www.facebook.com\/OrganisatorFachmagazin","https:\/\/www.linkedin.com\/showcase\/organisator-das-magazin-fr-kmu","https:\/\/www.xing.com\/news\/pages\/organisator-ch-695","https:\/\/www.youtube.com\/channel\/UCGP2Sq0iWaZwT3BdIAQFYpw"]},{"@type":"Person","@id":"https:\/\/www.organisator.ch\/#\/schema\/person\/4e51799071cd2dd1232ac003643ef5f0","name":"galledia","image":{"@type":"ImageObject","inLanguage":"en-US","@id":"https:\/\/secure.gravatar.com\/avatar\/78a7f90c01fc2bfc875782a0d4922b37cde2cf184ce347b91316d23cd7f69a36?s=96&d=mm&r=g","url":"https:\/\/secure.gravatar.com\/avatar\/78a7f90c01fc2bfc875782a0d4922b37cde2cf184ce347b91316d23cd7f69a36?s=96&d=mm&r=g","contentUrl":"https:\/\/secure.gravatar.com\/avatar\/78a7f90c01fc2bfc875782a0d4922b37cde2cf184ce347b91316d23cd7f69a36?s=96&d=mm&r=g","caption":"galledia"},"sameAs":["https:\/\/x.com\/admin"],"url":"https:\/\/www.organisator.ch\/en\/author\/galledia\/"}]}},"_links":{"self":[{"href":"https:\/\/www.organisator.ch\/en\/wp-json\/wp\/v2\/posts\/29054","targetHints":{"allow":["GET"]}}],"collection":[{"href":"https:\/\/www.organisator.ch\/en\/wp-json\/wp\/v2\/posts"}],"about":[{"href":"https:\/\/www.organisator.ch\/en\/wp-json\/wp\/v2\/types\/post"}],"author":[{"embeddable":true,"href":"https:\/\/www.organisator.ch\/en\/wp-json\/wp\/v2\/users\/8"}],"replies":[{"embeddable":true,"href":"https:\/\/www.organisator.ch\/en\/wp-json\/wp\/v2\/comments?post=29054"}],"version-history":[{"count":3,"href":"https:\/\/www.organisator.ch\/en\/wp-json\/wp\/v2\/posts\/29054\/revisions"}],"predecessor-version":[{"id":32043,"href":"https:\/\/www.organisator.ch\/en\/wp-json\/wp\/v2\/posts\/29054\/revisions\/32043"}],"wp:attachment":[{"href":"https:\/\/www.organisator.ch\/en\/wp-json\/wp\/v2\/media?parent=29054"}],"wp:term":[{"taxonomy":"category","embeddable":true,"href":"https:\/\/www.organisator.ch\/en\/wp-json\/wp\/v2\/categories?post=29054"},{"taxonomy":"post_tag","embeddable":true,"href":"https:\/\/www.organisator.ch\/en\/wp-json\/wp\/v2\/tags?post=29054"}],"curies":[{"name":"wp","href":"https:\/\/api.w.org\/{rel}","templated":true}]}}