{"id":29088,"date":"2024-08-21T08:15:17","date_gmt":"2024-08-21T06:15:17","guid":{"rendered":"https:\/\/www.organisator.ch\/?p=29088"},"modified":"2024-08-19T10:15:31","modified_gmt":"2024-08-19T08:15:31","slug":"wifo-2025-das-jubilaeumsprogramm-ist-komplett","status":"publish","type":"post","link":"https:\/\/www.organisator.ch\/en\/management\/2024-08-21\/wifo-2025-das-jubilaeumsprogramm-ist-komplett\/","title":{"rendered":"Wifo 2025: The anniversary program is complete"},"content":{"rendered":"<figure id=\"attachment_29089\" aria-describedby=\"caption-attachment-29089\" style=\"width: 680px\" class=\"wp-caption alignnone\"><img loading=\"lazy\" decoding=\"async\" class=\"size-full wp-image-29089\" src=\"https:\/\/www.organisator.ch\/wp-content\/uploads\/2024\/08\/Rheintaler-Wirtschaftsforum-2024_Rueckblick_Bild1_ps.jpg\" alt=\"\" width=\"680\" height=\"413\" srcset=\"https:\/\/www.organisator.ch\/wp-content\/uploads\/2024\/08\/Rheintaler-Wirtschaftsforum-2024_Rueckblick_Bild1_ps.jpg 680w, https:\/\/www.organisator.ch\/wp-content\/uploads\/2024\/08\/Rheintaler-Wirtschaftsforum-2024_Rueckblick_Bild1_ps-18x12.jpg 18w, https:\/\/www.organisator.ch\/wp-content\/uploads\/2024\/08\/Rheintaler-Wirtschaftsforum-2024_Rueckblick_Bild1_ps-375x228.jpg 375w, https:\/\/www.organisator.ch\/wp-content\/uploads\/2024\/08\/Rheintaler-Wirtschaftsforum-2024_Rueckblick_Bild1_ps-576x350.jpg 576w\" sizes=\"auto, (max-width: 680px) 100vw, 680px\" \/><figcaption id=\"caption-attachment-29089\" class=\"wp-caption-text\">Atmosphere of the Rhine Valley Economic Forum 2024 (Image: www.wifo.ch)<\/figcaption><\/figure>\n<p>This year's Rhine Valley Business Forum is dedicated to three central topics for the future of companies: Location, strategy and handover of staff. These aspects will be addressed in presentations and panel discussions with leading personalities and experts.<\/p>\n<h3><strong>Location and strategy: prospects for the future<\/strong><\/h3>\n<p>In addition to Jahangir Doongaji, CEO of the Hilti Group, Alfred Felder, CEO of the Zumtobel Group, and Franziska Tschudi Sauber, Chairman of the Board of Directors of the Weidmann Group, will also take part in the panel discussion on securing the future. Alfred Felder brings extensive international experience from his time at Siemens and his leadership at Zumtobel. Franziska Tschudi Sauber enriches the panel with her expertise in corporate development and her diverse mandates on the boards of directors of major companies.<\/p>\n<h3><strong>Staff handover: From the handover to the future<\/strong><\/h3>\n<p>The panel discussion on \"Handover of leadership - the change from one generation to the next\" focuses on how leadership was handed over from one generation to the next. Diana Gutjahr, co-owner and President of the Board of Directors of Ernst Fischer AG, Philipp Lehner, CEO of the ALPLA Group, and Antje von Dewitz, Managing Director of VAUDE, share their personal experiences and strategies in the takeover and management of their companies. They report on how the handover of the baton took shape and how they want to secure the long-term future of their companies.\u00a0<\/p>\n<h3><strong>Federal Councillor Guy Parmelin: Switzerland as a business location<\/strong><\/h3>\n<p>As already announced in the first media release, Federal Councillor Guy Parmelin will speak on the topic of location and address the attractiveness of Switzerland as a business location for companies, particularly in the context of the recent negotiations between Switzerland and the EU. The 31st Rhine Valley Business Award will also be presented in the run-up to the event. The forum will once again be moderated by Sonja Hasler, SRF. A surprise guest will also appear at the end of the 30th Rhine Valley Economic Forum this year. The surprise guest will be announced at a later date.<\/p>\n<p><em>Source and registration: <a href=\"http:\/\/www.wifo.ch\">www.wifo.ch<\/a><\/em><\/p>","protected":false},"excerpt":{"rendered":"<p>The Rhine Valley Economic Forum will be celebrating its 30th anniversary on 17 January 2025 with a top-class program and expert speakers: Now that some of these speakers are already known, the full program has been announced. <\/p>","protected":false},"author":58,"featured_media":29089,"comment_status":"closed","ping_status":"closed","sticky":false,"template":"","format":"standard","meta":{"_acf_changed":false,"_yoast_wpseo_focuskw":"Wifo","_yoast_wpseo_metadesc":"Das Rheintaler Wirtschaftsforum feiert am 17. Januar 2025 sein 30-j\u00e4hriges Jubil\u00e4um mit einem hochkar\u00e4tigen Programm.","articlekey":"","footnotes":""},"categories":[28],"tags":[221,292,334,3348],"class_list":["post-29088","post","type-post","status-publish","format-standard","has-post-thumbnail","hentry","category-management","tag-forum","tag-jubilaeum","tag-management","tag-rheintaler-wirtschaftsforum"],"acf":[],"yoast_head":"<!-- This site is optimized with the Yoast SEO plugin v27.4 - https:\/\/yoast.com\/product\/yoast-seo-wordpress\/ -->\n<title>Wifo 2025: Das Jubil\u00e4umsprogramm ist komplett - Organisator<\/title>\n<meta name=\"description\" content=\"Das Rheintaler Wirtschaftsforum feiert am 17. Januar 2025 sein 30-j\u00e4hriges Jubil\u00e4um mit einem hochkar\u00e4tigen Programm.\" \/>\n<meta name=\"robots\" content=\"index, follow, max-snippet:-1, max-image-preview:large, max-video-preview:-1\" \/>\n<link rel=\"canonical\" href=\"https:\/\/www.organisator.ch\/en\/management\/2024-08-21\/wifo-2025-das-jubilaeumsprogramm-ist-komplett\/\" \/>\n<meta property=\"og:locale\" content=\"en_US\" \/>\n<meta property=\"og:type\" content=\"article\" \/>\n<meta property=\"og:title\" content=\"Wifo 2025: Das Jubil\u00e4umsprogramm ist komplett\" \/>\n<meta property=\"og:description\" content=\"Das Rheintaler Wirtschaftsforum feiert am 17. Januar 2025 sein 30-j\u00e4hriges Jubil\u00e4um mit einem hochkar\u00e4tigen Programm.\" \/>\n<meta property=\"og:url\" content=\"https:\/\/www.organisator.ch\/en\/management\/2024-08-21\/wifo-2025-das-jubilaeumsprogramm-ist-komplett\/\" \/>\n<meta property=\"og:site_name\" content=\"Organisator\" \/>\n<meta property=\"article:publisher\" content=\"https:\/\/www.facebook.com\/OrganisatorFachmagazin\" \/>\n<meta property=\"article:published_time\" content=\"2024-08-21T06:15:17+00:00\" \/>\n<meta property=\"og:image\" content=\"https:\/\/www.organisator.ch\/wp-content\/uploads\/2024\/08\/Rheintaler-Wirtschaftsforum-2024_Rueckblick_Bild1_ps.jpg\" \/>\n\t<meta property=\"og:image:width\" content=\"680\" \/>\n\t<meta property=\"og:image:height\" content=\"413\" \/>\n\t<meta property=\"og:image:type\" content=\"image\/jpeg\" \/>\n<meta name=\"author\" content=\"Adelisa Kalajdzini\" \/>\n<meta name=\"twitter:card\" content=\"summary_large_image\" \/>\n<meta name=\"twitter:title\" content=\"Wifo 2025: Das Jubil\u00e4umsprogramm ist komplett\" \/>\n<meta name=\"twitter:description\" content=\"Das #Rheintaler #Wirtschaftsforum feiert am 17. Januar 2025 sein #30-j\u00e4hriges #Jubil\u00e4um mit einem hochkar\u00e4tigen #Programm.\" \/>\n<meta name=\"twitter:image\" content=\"https:\/\/www.organisator.ch\/wp-content\/uploads\/2024\/08\/Rheintaler-Wirtschaftsforum-2024_Rueckblick_Bild1_ps.jpg\" \/>\n<script type=\"application\/ld+json\" class=\"yoast-schema-graph\">{\"@context\":\"https:\\\/\\\/schema.org\",\"@graph\":[{\"@type\":\"Article\",\"@id\":\"https:\\\/\\\/www.organisator.ch\\\/management\\\/2024-08-21\\\/wifo-2025-das-jubilaeumsprogramm-ist-komplett\\\/#article\",\"isPartOf\":{\"@id\":\"https:\\\/\\\/www.organisator.ch\\\/management\\\/2024-08-21\\\/wifo-2025-das-jubilaeumsprogramm-ist-komplett\\\/\"},\"author\":{\"name\":\"Adelisa Kalajdzini\",\"@id\":\"https:\\\/\\\/www.organisator.ch\\\/#\\\/schema\\\/person\\\/2e1314a2172123f874db408d8911d3f3\"},\"headline\":\"Wifo 2025: Das Jubil\u00e4umsprogramm ist komplett\",\"datePublished\":\"2024-08-21T06:15:17+00:00\",\"mainEntityOfPage\":{\"@id\":\"https:\\\/\\\/www.organisator.ch\\\/management\\\/2024-08-21\\\/wifo-2025-das-jubilaeumsprogramm-ist-komplett\\\/\"},\"wordCount\":330,\"publisher\":{\"@id\":\"https:\\\/\\\/www.organisator.ch\\\/#organization\"},\"image\":{\"@id\":\"https:\\\/\\\/www.organisator.ch\\\/management\\\/2024-08-21\\\/wifo-2025-das-jubilaeumsprogramm-ist-komplett\\\/#primaryimage\"},\"thumbnailUrl\":\"https:\\\/\\\/www.organisator.ch\\\/wp-content\\\/uploads\\\/2024\\\/08\\\/Rheintaler-Wirtschaftsforum-2024_Rueckblick_Bild1_ps.jpg\",\"keywords\":[\"Forum\",\"Jubil\u00e4um\",\"Management\",\"Rheintaler Wirtschaftsforum\"],\"articleSection\":[\"MANAGEMENT\"],\"inLanguage\":\"en-US\"},{\"@type\":\"WebPage\",\"@id\":\"https:\\\/\\\/www.organisator.ch\\\/management\\\/2024-08-21\\\/wifo-2025-das-jubilaeumsprogramm-ist-komplett\\\/\",\"url\":\"https:\\\/\\\/www.organisator.ch\\\/management\\\/2024-08-21\\\/wifo-2025-das-jubilaeumsprogramm-ist-komplett\\\/\",\"name\":\"Wifo 2025: Das Jubil\u00e4umsprogramm ist komplett - Organisator\",\"isPartOf\":{\"@id\":\"https:\\\/\\\/www.organisator.ch\\\/#website\"},\"primaryImageOfPage\":{\"@id\":\"https:\\\/\\\/www.organisator.ch\\\/management\\\/2024-08-21\\\/wifo-2025-das-jubilaeumsprogramm-ist-komplett\\\/#primaryimage\"},\"image\":{\"@id\":\"https:\\\/\\\/www.organisator.ch\\\/management\\\/2024-08-21\\\/wifo-2025-das-jubilaeumsprogramm-ist-komplett\\\/#primaryimage\"},\"thumbnailUrl\":\"https:\\\/\\\/www.organisator.ch\\\/wp-content\\\/uploads\\\/2024\\\/08\\\/Rheintaler-Wirtschaftsforum-2024_Rueckblick_Bild1_ps.jpg\",\"datePublished\":\"2024-08-21T06:15:17+00:00\",\"description\":\"Das Rheintaler Wirtschaftsforum feiert am 17. Januar 2025 sein 30-j\u00e4hriges Jubil\u00e4um mit einem hochkar\u00e4tigen Programm.\",\"breadcrumb\":{\"@id\":\"https:\\\/\\\/www.organisator.ch\\\/management\\\/2024-08-21\\\/wifo-2025-das-jubilaeumsprogramm-ist-komplett\\\/#breadcrumb\"},\"inLanguage\":\"en-US\",\"potentialAction\":[{\"@type\":\"ReadAction\",\"target\":[\"https:\\\/\\\/www.organisator.ch\\\/management\\\/2024-08-21\\\/wifo-2025-das-jubilaeumsprogramm-ist-komplett\\\/\"]}]},{\"@type\":\"ImageObject\",\"inLanguage\":\"en-US\",\"@id\":\"https:\\\/\\\/www.organisator.ch\\\/management\\\/2024-08-21\\\/wifo-2025-das-jubilaeumsprogramm-ist-komplett\\\/#primaryimage\",\"url\":\"https:\\\/\\\/www.organisator.ch\\\/wp-content\\\/uploads\\\/2024\\\/08\\\/Rheintaler-Wirtschaftsforum-2024_Rueckblick_Bild1_ps.jpg\",\"contentUrl\":\"https:\\\/\\\/www.organisator.ch\\\/wp-content\\\/uploads\\\/2024\\\/08\\\/Rheintaler-Wirtschaftsforum-2024_Rueckblick_Bild1_ps.jpg\",\"width\":680,\"height\":413,\"caption\":\"Stimmungsbild vom Rheintaler Wirtschaftsforum 2024. (Bild: www.wifo.ch)\"},{\"@type\":\"BreadcrumbList\",\"@id\":\"https:\\\/\\\/www.organisator.ch\\\/management\\\/2024-08-21\\\/wifo-2025-das-jubilaeumsprogramm-ist-komplett\\\/#breadcrumb\",\"itemListElement\":[{\"@type\":\"ListItem\",\"position\":1,\"name\":\"Home\",\"item\":\"https:\\\/\\\/www.organisator.ch\\\/\"},{\"@type\":\"ListItem\",\"position\":2,\"name\":\"Wifo 2025: Das Jubil\u00e4umsprogramm ist komplett\"}]},{\"@type\":\"WebSite\",\"@id\":\"https:\\\/\\\/www.organisator.ch\\\/#website\",\"url\":\"https:\\\/\\\/www.organisator.ch\\\/\",\"name\":\"Organisator\",\"description\":\"Kompetent. Praxisnah. Der ORGANISATOR bereitet in 10 Ausgaben pro Jahr die wesentlichen Themen f\u00fcr F\u00fchrungskr\u00e4fte von KMU auf.\",\"publisher\":{\"@id\":\"https:\\\/\\\/www.organisator.ch\\\/#organization\"},\"potentialAction\":[{\"@type\":\"SearchAction\",\"target\":{\"@type\":\"EntryPoint\",\"urlTemplate\":\"https:\\\/\\\/www.organisator.ch\\\/?s={search_term_string}\"},\"query-input\":{\"@type\":\"PropertyValueSpecification\",\"valueRequired\":true,\"valueName\":\"search_term_string\"}}],\"inLanguage\":\"en-US\"},{\"@type\":\"Organization\",\"@id\":\"https:\\\/\\\/www.organisator.ch\\\/#organization\",\"name\":\"Organisator\",\"url\":\"https:\\\/\\\/www.organisator.ch\\\/\",\"logo\":{\"@type\":\"ImageObject\",\"inLanguage\":\"en-US\",\"@id\":\"https:\\\/\\\/www.organisator.ch\\\/#\\\/schema\\\/logo\\\/image\\\/\",\"url\":\"https:\\\/\\\/www.organisator.ch\\\/wp-content\\\/uploads\\\/2022\\\/01\\\/Logo_Organisator_Website.png\",\"contentUrl\":\"https:\\\/\\\/www.organisator.ch\\\/wp-content\\\/uploads\\\/2022\\\/01\\\/Logo_Organisator_Website.png\",\"width\":800,\"height\":77,\"caption\":\"Organisator\"},\"image\":{\"@id\":\"https:\\\/\\\/www.organisator.ch\\\/#\\\/schema\\\/logo\\\/image\\\/\"},\"sameAs\":[\"https:\\\/\\\/www.facebook.com\\\/OrganisatorFachmagazin\",\"https:\\\/\\\/www.linkedin.com\\\/showcase\\\/organisator-das-magazin-fr-kmu\",\"https:\\\/\\\/www.xing.com\\\/news\\\/pages\\\/organisator-ch-695\",\"https:\\\/\\\/www.youtube.com\\\/channel\\\/UCGP2Sq0iWaZwT3BdIAQFYpw\"]},{\"@type\":\"Person\",\"@id\":\"https:\\\/\\\/www.organisator.ch\\\/#\\\/schema\\\/person\\\/2e1314a2172123f874db408d8911d3f3\",\"name\":\"Adelisa Kalajdzini\",\"image\":{\"@type\":\"ImageObject\",\"inLanguage\":\"en-US\",\"@id\":\"https:\\\/\\\/secure.gravatar.com\\\/avatar\\\/09a397c22ac58cad6f160ee8306348599df9df58a8ede73696226897b9fa4b24?s=96&d=mm&r=g\",\"url\":\"https:\\\/\\\/secure.gravatar.com\\\/avatar\\\/09a397c22ac58cad6f160ee8306348599df9df58a8ede73696226897b9fa4b24?s=96&d=mm&r=g\",\"contentUrl\":\"https:\\\/\\\/secure.gravatar.com\\\/avatar\\\/09a397c22ac58cad6f160ee8306348599df9df58a8ede73696226897b9fa4b24?s=96&d=mm&r=g\",\"caption\":\"Adelisa Kalajdzini\"},\"url\":\"https:\\\/\\\/www.organisator.ch\\\/en\\\/author\\\/adelisa-kalajdzini\\\/\"}]}<\/script>\n<!-- \/ Yoast SEO plugin. -->","yoast_head_json":{"title":"Wifo 2025: The anniversary programme is complete - Organizer","description":"The Rhine Valley Economic Forum celebrates its 30th anniversary on 17 January 2025 with a top-class program.","robots":{"index":"index","follow":"follow","max-snippet":"max-snippet:-1","max-image-preview":"max-image-preview:large","max-video-preview":"max-video-preview:-1"},"canonical":"https:\/\/www.organisator.ch\/en\/management\/2024-08-21\/wifo-2025-das-jubilaeumsprogramm-ist-komplett\/","og_locale":"en_US","og_type":"article","og_title":"Wifo 2025: Das Jubil\u00e4umsprogramm ist komplett","og_description":"Das Rheintaler Wirtschaftsforum feiert am 17. Januar 2025 sein 30-j\u00e4hriges Jubil\u00e4um mit einem hochkar\u00e4tigen Programm.","og_url":"https:\/\/www.organisator.ch\/en\/management\/2024-08-21\/wifo-2025-das-jubilaeumsprogramm-ist-komplett\/","og_site_name":"Organisator","article_publisher":"https:\/\/www.facebook.com\/OrganisatorFachmagazin","article_published_time":"2024-08-21T06:15:17+00:00","og_image":[{"width":680,"height":413,"url":"https:\/\/www.organisator.ch\/wp-content\/uploads\/2024\/08\/Rheintaler-Wirtschaftsforum-2024_Rueckblick_Bild1_ps.jpg","type":"image\/jpeg"}],"author":"Adelisa Kalajdzini","twitter_card":"summary_large_image","twitter_title":"Wifo 2025: Das Jubil\u00e4umsprogramm ist komplett","twitter_description":"Das #Rheintaler #Wirtschaftsforum feiert am 17. Januar 2025 sein #30-j\u00e4hriges #Jubil\u00e4um mit einem hochkar\u00e4tigen #Programm.","twitter_image":"https:\/\/www.organisator.ch\/wp-content\/uploads\/2024\/08\/Rheintaler-Wirtschaftsforum-2024_Rueckblick_Bild1_ps.jpg","schema":{"@context":"https:\/\/schema.org","@graph":[{"@type":"Article","@id":"https:\/\/www.organisator.ch\/management\/2024-08-21\/wifo-2025-das-jubilaeumsprogramm-ist-komplett\/#article","isPartOf":{"@id":"https:\/\/www.organisator.ch\/management\/2024-08-21\/wifo-2025-das-jubilaeumsprogramm-ist-komplett\/"},"author":{"name":"Adelisa Kalajdzini","@id":"https:\/\/www.organisator.ch\/#\/schema\/person\/2e1314a2172123f874db408d8911d3f3"},"headline":"Wifo 2025: Das Jubil\u00e4umsprogramm ist komplett","datePublished":"2024-08-21T06:15:17+00:00","mainEntityOfPage":{"@id":"https:\/\/www.organisator.ch\/management\/2024-08-21\/wifo-2025-das-jubilaeumsprogramm-ist-komplett\/"},"wordCount":330,"publisher":{"@id":"https:\/\/www.organisator.ch\/#organization"},"image":{"@id":"https:\/\/www.organisator.ch\/management\/2024-08-21\/wifo-2025-das-jubilaeumsprogramm-ist-komplett\/#primaryimage"},"thumbnailUrl":"https:\/\/www.organisator.ch\/wp-content\/uploads\/2024\/08\/Rheintaler-Wirtschaftsforum-2024_Rueckblick_Bild1_ps.jpg","keywords":["Forum","Jubil\u00e4um","Management","Rheintaler Wirtschaftsforum"],"articleSection":["MANAGEMENT"],"inLanguage":"en-US"},{"@type":"WebPage","@id":"https:\/\/www.organisator.ch\/management\/2024-08-21\/wifo-2025-das-jubilaeumsprogramm-ist-komplett\/","url":"https:\/\/www.organisator.ch\/management\/2024-08-21\/wifo-2025-das-jubilaeumsprogramm-ist-komplett\/","name":"Wifo 2025: The anniversary programme is complete - Organizer","isPartOf":{"@id":"https:\/\/www.organisator.ch\/#website"},"primaryImageOfPage":{"@id":"https:\/\/www.organisator.ch\/management\/2024-08-21\/wifo-2025-das-jubilaeumsprogramm-ist-komplett\/#primaryimage"},"image":{"@id":"https:\/\/www.organisator.ch\/management\/2024-08-21\/wifo-2025-das-jubilaeumsprogramm-ist-komplett\/#primaryimage"},"thumbnailUrl":"https:\/\/www.organisator.ch\/wp-content\/uploads\/2024\/08\/Rheintaler-Wirtschaftsforum-2024_Rueckblick_Bild1_ps.jpg","datePublished":"2024-08-21T06:15:17+00:00","description":"The Rhine Valley Economic Forum celebrates its 30th anniversary on 17 January 2025 with a top-class program.","breadcrumb":{"@id":"https:\/\/www.organisator.ch\/management\/2024-08-21\/wifo-2025-das-jubilaeumsprogramm-ist-komplett\/#breadcrumb"},"inLanguage":"en-US","potentialAction":[{"@type":"ReadAction","target":["https:\/\/www.organisator.ch\/management\/2024-08-21\/wifo-2025-das-jubilaeumsprogramm-ist-komplett\/"]}]},{"@type":"ImageObject","inLanguage":"en-US","@id":"https:\/\/www.organisator.ch\/management\/2024-08-21\/wifo-2025-das-jubilaeumsprogramm-ist-komplett\/#primaryimage","url":"https:\/\/www.organisator.ch\/wp-content\/uploads\/2024\/08\/Rheintaler-Wirtschaftsforum-2024_Rueckblick_Bild1_ps.jpg","contentUrl":"https:\/\/www.organisator.ch\/wp-content\/uploads\/2024\/08\/Rheintaler-Wirtschaftsforum-2024_Rueckblick_Bild1_ps.jpg","width":680,"height":413,"caption":"Stimmungsbild vom Rheintaler Wirtschaftsforum 2024. (Bild: www.wifo.ch)"},{"@type":"BreadcrumbList","@id":"https:\/\/www.organisator.ch\/management\/2024-08-21\/wifo-2025-das-jubilaeumsprogramm-ist-komplett\/#breadcrumb","itemListElement":[{"@type":"ListItem","position":1,"name":"Home","item":"https:\/\/www.organisator.ch\/"},{"@type":"ListItem","position":2,"name":"Wifo 2025: Das Jubil\u00e4umsprogramm ist komplett"}]},{"@type":"WebSite","@id":"https:\/\/www.organisator.ch\/#website","url":"https:\/\/www.organisator.ch\/","name":"Organizer","description":"Competent. Practical. In 10 issues per year, ORGANISATOR presents the essential topics for managers of SMEs.","publisher":{"@id":"https:\/\/www.organisator.ch\/#organization"},"potentialAction":[{"@type":"SearchAction","target":{"@type":"EntryPoint","urlTemplate":"https:\/\/www.organisator.ch\/?s={search_term_string}"},"query-input":{"@type":"PropertyValueSpecification","valueRequired":true,"valueName":"search_term_string"}}],"inLanguage":"en-US"},{"@type":"Organization","@id":"https:\/\/www.organisator.ch\/#organization","name":"Organizer","url":"https:\/\/www.organisator.ch\/","logo":{"@type":"ImageObject","inLanguage":"en-US","@id":"https:\/\/www.organisator.ch\/#\/schema\/logo\/image\/","url":"https:\/\/www.organisator.ch\/wp-content\/uploads\/2022\/01\/Logo_Organisator_Website.png","contentUrl":"https:\/\/www.organisator.ch\/wp-content\/uploads\/2022\/01\/Logo_Organisator_Website.png","width":800,"height":77,"caption":"Organisator"},"image":{"@id":"https:\/\/www.organisator.ch\/#\/schema\/logo\/image\/"},"sameAs":["https:\/\/www.facebook.com\/OrganisatorFachmagazin","https:\/\/www.linkedin.com\/showcase\/organisator-das-magazin-fr-kmu","https:\/\/www.xing.com\/news\/pages\/organisator-ch-695","https:\/\/www.youtube.com\/channel\/UCGP2Sq0iWaZwT3BdIAQFYpw"]},{"@type":"Person","@id":"https:\/\/www.organisator.ch\/#\/schema\/person\/2e1314a2172123f874db408d8911d3f3","name":"Adelisa Kalajdzini","image":{"@type":"ImageObject","inLanguage":"en-US","@id":"https:\/\/secure.gravatar.com\/avatar\/09a397c22ac58cad6f160ee8306348599df9df58a8ede73696226897b9fa4b24?s=96&d=mm&r=g","url":"https:\/\/secure.gravatar.com\/avatar\/09a397c22ac58cad6f160ee8306348599df9df58a8ede73696226897b9fa4b24?s=96&d=mm&r=g","contentUrl":"https:\/\/secure.gravatar.com\/avatar\/09a397c22ac58cad6f160ee8306348599df9df58a8ede73696226897b9fa4b24?s=96&d=mm&r=g","caption":"Adelisa Kalajdzini"},"url":"https:\/\/www.organisator.ch\/en\/author\/adelisa-kalajdzini\/"}]}},"_links":{"self":[{"href":"https:\/\/www.organisator.ch\/en\/wp-json\/wp\/v2\/posts\/29088","targetHints":{"allow":["GET"]}}],"collection":[{"href":"https:\/\/www.organisator.ch\/en\/wp-json\/wp\/v2\/posts"}],"about":[{"href":"https:\/\/www.organisator.ch\/en\/wp-json\/wp\/v2\/types\/post"}],"author":[{"embeddable":true,"href":"https:\/\/www.organisator.ch\/en\/wp-json\/wp\/v2\/users\/58"}],"replies":[{"embeddable":true,"href":"https:\/\/www.organisator.ch\/en\/wp-json\/wp\/v2\/comments?post=29088"}],"version-history":[{"count":2,"href":"https:\/\/www.organisator.ch\/en\/wp-json\/wp\/v2\/posts\/29088\/revisions"}],"predecessor-version":[{"id":29185,"href":"https:\/\/www.organisator.ch\/en\/wp-json\/wp\/v2\/posts\/29088\/revisions\/29185"}],"wp:featuredmedia":[{"embeddable":true,"href":"https:\/\/www.organisator.ch\/en\/wp-json\/wp\/v2\/media\/29089"}],"wp:attachment":[{"href":"https:\/\/www.organisator.ch\/en\/wp-json\/wp\/v2\/media?parent=29088"}],"wp:term":[{"taxonomy":"category","embeddable":true,"href":"https:\/\/www.organisator.ch\/en\/wp-json\/wp\/v2\/categories?post=29088"},{"taxonomy":"post_tag","embeddable":true,"href":"https:\/\/www.organisator.ch\/en\/wp-json\/wp\/v2\/tags?post=29088"}],"curies":[{"name":"wp","href":"https:\/\/api.w.org\/{rel}","templated":true}]}}