{"id":29170,"date":"2024-08-22T09:24:08","date_gmt":"2024-08-22T07:24:08","guid":{"rendered":"https:\/\/www.organisator.ch\/?p=29170"},"modified":"2024-08-21T11:24:20","modified_gmt":"2024-08-21T09:24:20","slug":"neuer-ceo-fuer-quickline","status":"publish","type":"post","link":"https:\/\/www.organisator.ch\/en\/management\/2024-08-22\/neuer-ceo-fuer-quickline\/","title":{"rendered":"New CEO for Quickline"},"content":{"rendered":"<figure id=\"attachment_29171\" aria-describedby=\"caption-attachment-29171\" style=\"width: 680px\" class=\"wp-caption alignnone\"><img loading=\"lazy\" decoding=\"async\" class=\"size-full wp-image-29171\" src=\"https:\/\/www.organisator.ch\/wp-content\/uploads\/2024\/08\/Egon-Perathoner_Bild1_ps.jpg\" alt=\"\" width=\"680\" height=\"391\" srcset=\"https:\/\/www.organisator.ch\/wp-content\/uploads\/2024\/08\/Egon-Perathoner_Bild1_ps.jpg 680w, https:\/\/www.organisator.ch\/wp-content\/uploads\/2024\/08\/Egon-Perathoner_Bild1_ps-18x10.jpg 18w, https:\/\/www.organisator.ch\/wp-content\/uploads\/2024\/08\/Egon-Perathoner_Bild1_ps-375x216.jpg 375w, https:\/\/www.organisator.ch\/wp-content\/uploads\/2024\/08\/Egon-Perathoner_Bild1_ps-609x350.jpg 609w\" sizes=\"auto, (max-width: 680px) 100vw, 680px\" \/><figcaption id=\"caption-attachment-29171\" class=\"wp-caption-text\">The current COO of Quickline Egon Perathoner will be appointed CEO as of January 1, 2025. (Image: www.quickline.ch)<\/figcaption><\/figure>\n<p>On January 1, 2025, Egon Perathoner will take over as CEO of the Swiss telecommunications provider Quickline from ad interim CEO and Chairman of the Board Felix Kunz. In his six years as COO at Quickline, Egon Perathoner has developed Quickline TV into a multi-award-winning product with a TOP customer experience. Until he takes over as CEO, Egon Perathoner will determine the successor to the COO position together with the Board of Directors.<\/p>\n<p>\"I would like to thank the Board of Directors for the trust they have placed in me. I look forward to accompanying the Quickline Group into the future in my new role and to driving forward the nationwide growth strategy with our employees and partners,\" commented Egon Perathoner on his election.<\/p>\n<p>The Board of Directors would like to thank Felix Kunz for taking over the operational management in 2024. Felix Kunz will once again focus on his role as Chairman of the Board of Directors. The Board of Directors also wishes Egon Perathoner every success in his future position as CEO and thanks him for the results he has achieved as COO.<\/p>\n<p><em>Source: <a href=\"http:\/\/www.quickline.ch\">www.quickline.ch<\/a><\/em><\/p>","protected":false},"excerpt":{"rendered":"<p>The Board of Directors of Quickline has appointed the current COO Egon Perathoner as CEO as of January 1, 2025. Egon Perathoner brings with him over 20 years of experience in the telecommunications industry and in-depth technical knowledge.<\/p>","protected":false},"author":58,"featured_media":29171,"comment_status":"closed","ping_status":"closed","sticky":false,"template":"","format":"standard","meta":{"_acf_changed":false,"_yoast_wpseo_focuskw":"CEO","_yoast_wpseo_metadesc":"Der Verwaltungsrat von Quickline hat den aktuellen COO Egon Perathoner per 1. Januar 2025 als CEO ernannt.","articlekey":"","footnotes":""},"categories":[28],"tags":[904,335,3773,424,492],"class_list":["post-29170","post","type-post","status-publish","format-standard","has-post-thumbnail","hentry","category-management","tag-ceo","tag-management-und-unternehmensfuehrung","tag-quickline","tag-schweiz","tag-unternehmen"],"acf":[],"yoast_head":"<!-- This site is optimized with the Yoast SEO plugin v27.5 - https:\/\/yoast.com\/product\/yoast-seo-wordpress\/ -->\n<title>Neuer CEO f\u00fcr Quickline - Organisator<\/title>\n<meta name=\"description\" content=\"Der Verwaltungsrat von Quickline hat den aktuellen COO Egon Perathoner per 1. Januar 2025 als CEO ernannt.\" \/>\n<meta name=\"robots\" content=\"index, follow, max-snippet:-1, max-image-preview:large, max-video-preview:-1\" \/>\n<link rel=\"canonical\" href=\"https:\/\/www.organisator.ch\/en\/management\/2024-08-22\/neuer-ceo-fuer-quickline\/\" \/>\n<meta property=\"og:locale\" content=\"en_US\" \/>\n<meta property=\"og:type\" content=\"article\" \/>\n<meta property=\"og:title\" content=\"Neuer CEO f\u00fcr Quickline\" \/>\n<meta property=\"og:description\" content=\"Der Verwaltungsrat von Quickline hat den aktuellen COO Egon Perathoner per 1. Januar 2025 als CEO ernannt.\" \/>\n<meta property=\"og:url\" content=\"https:\/\/www.organisator.ch\/en\/management\/2024-08-22\/neuer-ceo-fuer-quickline\/\" \/>\n<meta property=\"og:site_name\" content=\"Organisator\" \/>\n<meta property=\"article:publisher\" content=\"https:\/\/www.facebook.com\/OrganisatorFachmagazin\" \/>\n<meta property=\"article:published_time\" content=\"2024-08-22T07:24:08+00:00\" \/>\n<meta property=\"og:image\" content=\"https:\/\/www.organisator.ch\/wp-content\/uploads\/2024\/08\/Egon-Perathoner_Bild1_ps.jpg\" \/>\n\t<meta property=\"og:image:width\" content=\"680\" \/>\n\t<meta property=\"og:image:height\" content=\"391\" \/>\n\t<meta property=\"og:image:type\" content=\"image\/jpeg\" \/>\n<meta name=\"author\" content=\"Adelisa Kalajdzini\" \/>\n<meta name=\"twitter:card\" content=\"summary_large_image\" \/>\n<meta name=\"twitter:title\" content=\"Neuer CEO f\u00fcr Quickline\" \/>\n<meta name=\"twitter:description\" content=\"Der #Verwaltungsrat von #Quickline hat den aktuellen COO #Egon #Perathoner per 1. Januar 2025 als #CEO ernannt.\" \/>\n<meta name=\"twitter:image\" content=\"https:\/\/www.organisator.ch\/wp-content\/uploads\/2024\/08\/Egon-Perathoner_Bild1_ps.jpg\" \/>\n<script type=\"application\/ld+json\" class=\"yoast-schema-graph\">{\"@context\":\"https:\\\/\\\/schema.org\",\"@graph\":[{\"@type\":\"Article\",\"@id\":\"https:\\\/\\\/www.organisator.ch\\\/management\\\/2024-08-22\\\/neuer-ceo-fuer-quickline\\\/#article\",\"isPartOf\":{\"@id\":\"https:\\\/\\\/www.organisator.ch\\\/management\\\/2024-08-22\\\/neuer-ceo-fuer-quickline\\\/\"},\"author\":{\"name\":\"Adelisa Kalajdzini\",\"@id\":\"https:\\\/\\\/www.organisator.ch\\\/#\\\/schema\\\/person\\\/2e1314a2172123f874db408d8911d3f3\"},\"headline\":\"Neuer CEO f\u00fcr Quickline\",\"datePublished\":\"2024-08-22T07:24:08+00:00\",\"mainEntityOfPage\":{\"@id\":\"https:\\\/\\\/www.organisator.ch\\\/management\\\/2024-08-22\\\/neuer-ceo-fuer-quickline\\\/\"},\"wordCount\":185,\"publisher\":{\"@id\":\"https:\\\/\\\/www.organisator.ch\\\/#organization\"},\"image\":{\"@id\":\"https:\\\/\\\/www.organisator.ch\\\/management\\\/2024-08-22\\\/neuer-ceo-fuer-quickline\\\/#primaryimage\"},\"thumbnailUrl\":\"https:\\\/\\\/www.organisator.ch\\\/wp-content\\\/uploads\\\/2024\\\/08\\\/Egon-Perathoner_Bild1_ps.jpg\",\"keywords\":[\"CEO\",\"Management und Unternehmensf\u00fchrung\",\"Quickline\",\"Schweiz\",\"Unternehmen\"],\"articleSection\":[\"MANAGEMENT\"],\"inLanguage\":\"en-US\"},{\"@type\":\"WebPage\",\"@id\":\"https:\\\/\\\/www.organisator.ch\\\/management\\\/2024-08-22\\\/neuer-ceo-fuer-quickline\\\/\",\"url\":\"https:\\\/\\\/www.organisator.ch\\\/management\\\/2024-08-22\\\/neuer-ceo-fuer-quickline\\\/\",\"name\":\"Neuer CEO f\u00fcr Quickline - Organisator\",\"isPartOf\":{\"@id\":\"https:\\\/\\\/www.organisator.ch\\\/#website\"},\"primaryImageOfPage\":{\"@id\":\"https:\\\/\\\/www.organisator.ch\\\/management\\\/2024-08-22\\\/neuer-ceo-fuer-quickline\\\/#primaryimage\"},\"image\":{\"@id\":\"https:\\\/\\\/www.organisator.ch\\\/management\\\/2024-08-22\\\/neuer-ceo-fuer-quickline\\\/#primaryimage\"},\"thumbnailUrl\":\"https:\\\/\\\/www.organisator.ch\\\/wp-content\\\/uploads\\\/2024\\\/08\\\/Egon-Perathoner_Bild1_ps.jpg\",\"datePublished\":\"2024-08-22T07:24:08+00:00\",\"description\":\"Der Verwaltungsrat von Quickline hat den aktuellen COO Egon Perathoner per 1. Januar 2025 als CEO ernannt.\",\"breadcrumb\":{\"@id\":\"https:\\\/\\\/www.organisator.ch\\\/management\\\/2024-08-22\\\/neuer-ceo-fuer-quickline\\\/#breadcrumb\"},\"inLanguage\":\"en-US\",\"potentialAction\":[{\"@type\":\"ReadAction\",\"target\":[\"https:\\\/\\\/www.organisator.ch\\\/management\\\/2024-08-22\\\/neuer-ceo-fuer-quickline\\\/\"]}]},{\"@type\":\"ImageObject\",\"inLanguage\":\"en-US\",\"@id\":\"https:\\\/\\\/www.organisator.ch\\\/management\\\/2024-08-22\\\/neuer-ceo-fuer-quickline\\\/#primaryimage\",\"url\":\"https:\\\/\\\/www.organisator.ch\\\/wp-content\\\/uploads\\\/2024\\\/08\\\/Egon-Perathoner_Bild1_ps.jpg\",\"contentUrl\":\"https:\\\/\\\/www.organisator.ch\\\/wp-content\\\/uploads\\\/2024\\\/08\\\/Egon-Perathoner_Bild1_ps.jpg\",\"width\":680,\"height\":391,\"caption\":\"Der aktuelle COO von Quickline Egon Perathoner wird per 1. Januar 2025 als CEO ernannt. (Bild: www.quickline.ch)\"},{\"@type\":\"BreadcrumbList\",\"@id\":\"https:\\\/\\\/www.organisator.ch\\\/management\\\/2024-08-22\\\/neuer-ceo-fuer-quickline\\\/#breadcrumb\",\"itemListElement\":[{\"@type\":\"ListItem\",\"position\":1,\"name\":\"Home\",\"item\":\"https:\\\/\\\/www.organisator.ch\\\/\"},{\"@type\":\"ListItem\",\"position\":2,\"name\":\"Neuer CEO f\u00fcr Quickline\"}]},{\"@type\":\"WebSite\",\"@id\":\"https:\\\/\\\/www.organisator.ch\\\/#website\",\"url\":\"https:\\\/\\\/www.organisator.ch\\\/\",\"name\":\"Organisator\",\"description\":\"Kompetent. Praxisnah. Der ORGANISATOR bereitet in 10 Ausgaben pro Jahr die wesentlichen Themen f\u00fcr F\u00fchrungskr\u00e4fte von KMU auf.\",\"publisher\":{\"@id\":\"https:\\\/\\\/www.organisator.ch\\\/#organization\"},\"potentialAction\":[{\"@type\":\"SearchAction\",\"target\":{\"@type\":\"EntryPoint\",\"urlTemplate\":\"https:\\\/\\\/www.organisator.ch\\\/?s={search_term_string}\"},\"query-input\":{\"@type\":\"PropertyValueSpecification\",\"valueRequired\":true,\"valueName\":\"search_term_string\"}}],\"inLanguage\":\"en-US\"},{\"@type\":\"Organization\",\"@id\":\"https:\\\/\\\/www.organisator.ch\\\/#organization\",\"name\":\"Organisator\",\"url\":\"https:\\\/\\\/www.organisator.ch\\\/\",\"logo\":{\"@type\":\"ImageObject\",\"inLanguage\":\"en-US\",\"@id\":\"https:\\\/\\\/www.organisator.ch\\\/#\\\/schema\\\/logo\\\/image\\\/\",\"url\":\"https:\\\/\\\/www.organisator.ch\\\/wp-content\\\/uploads\\\/2022\\\/01\\\/Logo_Organisator_Website.png\",\"contentUrl\":\"https:\\\/\\\/www.organisator.ch\\\/wp-content\\\/uploads\\\/2022\\\/01\\\/Logo_Organisator_Website.png\",\"width\":800,\"height\":77,\"caption\":\"Organisator\"},\"image\":{\"@id\":\"https:\\\/\\\/www.organisator.ch\\\/#\\\/schema\\\/logo\\\/image\\\/\"},\"sameAs\":[\"https:\\\/\\\/www.facebook.com\\\/OrganisatorFachmagazin\",\"https:\\\/\\\/www.linkedin.com\\\/showcase\\\/organisator-das-magazin-fr-kmu\",\"https:\\\/\\\/www.xing.com\\\/news\\\/pages\\\/organisator-ch-695\",\"https:\\\/\\\/www.youtube.com\\\/channel\\\/UCGP2Sq0iWaZwT3BdIAQFYpw\"]},{\"@type\":\"Person\",\"@id\":\"https:\\\/\\\/www.organisator.ch\\\/#\\\/schema\\\/person\\\/2e1314a2172123f874db408d8911d3f3\",\"name\":\"Adelisa Kalajdzini\",\"image\":{\"@type\":\"ImageObject\",\"inLanguage\":\"en-US\",\"@id\":\"https:\\\/\\\/secure.gravatar.com\\\/avatar\\\/09a397c22ac58cad6f160ee8306348599df9df58a8ede73696226897b9fa4b24?s=96&d=mm&r=g\",\"url\":\"https:\\\/\\\/secure.gravatar.com\\\/avatar\\\/09a397c22ac58cad6f160ee8306348599df9df58a8ede73696226897b9fa4b24?s=96&d=mm&r=g\",\"contentUrl\":\"https:\\\/\\\/secure.gravatar.com\\\/avatar\\\/09a397c22ac58cad6f160ee8306348599df9df58a8ede73696226897b9fa4b24?s=96&d=mm&r=g\",\"caption\":\"Adelisa Kalajdzini\"},\"url\":\"https:\\\/\\\/www.organisator.ch\\\/en\\\/author\\\/adelisa-kalajdzini\\\/\"}]}<\/script>\n<!-- \/ Yoast SEO plugin. -->","yoast_head_json":{"title":"New CEO for Quickline - Organizer","description":"The Board of Directors of Quickline has appointed the current COO Egon Perathoner as CEO as of January 1, 2025.","robots":{"index":"index","follow":"follow","max-snippet":"max-snippet:-1","max-image-preview":"max-image-preview:large","max-video-preview":"max-video-preview:-1"},"canonical":"https:\/\/www.organisator.ch\/en\/management\/2024-08-22\/neuer-ceo-fuer-quickline\/","og_locale":"en_US","og_type":"article","og_title":"Neuer CEO f\u00fcr Quickline","og_description":"Der Verwaltungsrat von Quickline hat den aktuellen COO Egon Perathoner per 1. Januar 2025 als CEO ernannt.","og_url":"https:\/\/www.organisator.ch\/en\/management\/2024-08-22\/neuer-ceo-fuer-quickline\/","og_site_name":"Organisator","article_publisher":"https:\/\/www.facebook.com\/OrganisatorFachmagazin","article_published_time":"2024-08-22T07:24:08+00:00","og_image":[{"width":680,"height":391,"url":"https:\/\/www.organisator.ch\/wp-content\/uploads\/2024\/08\/Egon-Perathoner_Bild1_ps.jpg","type":"image\/jpeg"}],"author":"Adelisa Kalajdzini","twitter_card":"summary_large_image","twitter_title":"Neuer CEO f\u00fcr Quickline","twitter_description":"Der #Verwaltungsrat von #Quickline hat den aktuellen COO #Egon #Perathoner per 1. Januar 2025 als #CEO ernannt.","twitter_image":"https:\/\/www.organisator.ch\/wp-content\/uploads\/2024\/08\/Egon-Perathoner_Bild1_ps.jpg","schema":{"@context":"https:\/\/schema.org","@graph":[{"@type":"Article","@id":"https:\/\/www.organisator.ch\/management\/2024-08-22\/neuer-ceo-fuer-quickline\/#article","isPartOf":{"@id":"https:\/\/www.organisator.ch\/management\/2024-08-22\/neuer-ceo-fuer-quickline\/"},"author":{"name":"Adelisa Kalajdzini","@id":"https:\/\/www.organisator.ch\/#\/schema\/person\/2e1314a2172123f874db408d8911d3f3"},"headline":"Neuer CEO f\u00fcr Quickline","datePublished":"2024-08-22T07:24:08+00:00","mainEntityOfPage":{"@id":"https:\/\/www.organisator.ch\/management\/2024-08-22\/neuer-ceo-fuer-quickline\/"},"wordCount":185,"publisher":{"@id":"https:\/\/www.organisator.ch\/#organization"},"image":{"@id":"https:\/\/www.organisator.ch\/management\/2024-08-22\/neuer-ceo-fuer-quickline\/#primaryimage"},"thumbnailUrl":"https:\/\/www.organisator.ch\/wp-content\/uploads\/2024\/08\/Egon-Perathoner_Bild1_ps.jpg","keywords":["CEO","Management und Unternehmensf\u00fchrung","Quickline","Schweiz","Unternehmen"],"articleSection":["MANAGEMENT"],"inLanguage":"en-US"},{"@type":"WebPage","@id":"https:\/\/www.organisator.ch\/management\/2024-08-22\/neuer-ceo-fuer-quickline\/","url":"https:\/\/www.organisator.ch\/management\/2024-08-22\/neuer-ceo-fuer-quickline\/","name":"New CEO for Quickline - Organizer","isPartOf":{"@id":"https:\/\/www.organisator.ch\/#website"},"primaryImageOfPage":{"@id":"https:\/\/www.organisator.ch\/management\/2024-08-22\/neuer-ceo-fuer-quickline\/#primaryimage"},"image":{"@id":"https:\/\/www.organisator.ch\/management\/2024-08-22\/neuer-ceo-fuer-quickline\/#primaryimage"},"thumbnailUrl":"https:\/\/www.organisator.ch\/wp-content\/uploads\/2024\/08\/Egon-Perathoner_Bild1_ps.jpg","datePublished":"2024-08-22T07:24:08+00:00","description":"The Board of Directors of Quickline has appointed the current COO Egon Perathoner as CEO as of January 1, 2025.","breadcrumb":{"@id":"https:\/\/www.organisator.ch\/management\/2024-08-22\/neuer-ceo-fuer-quickline\/#breadcrumb"},"inLanguage":"en-US","potentialAction":[{"@type":"ReadAction","target":["https:\/\/www.organisator.ch\/management\/2024-08-22\/neuer-ceo-fuer-quickline\/"]}]},{"@type":"ImageObject","inLanguage":"en-US","@id":"https:\/\/www.organisator.ch\/management\/2024-08-22\/neuer-ceo-fuer-quickline\/#primaryimage","url":"https:\/\/www.organisator.ch\/wp-content\/uploads\/2024\/08\/Egon-Perathoner_Bild1_ps.jpg","contentUrl":"https:\/\/www.organisator.ch\/wp-content\/uploads\/2024\/08\/Egon-Perathoner_Bild1_ps.jpg","width":680,"height":391,"caption":"Der aktuelle COO von Quickline Egon Perathoner wird per 1. Januar 2025 als CEO ernannt. (Bild: www.quickline.ch)"},{"@type":"BreadcrumbList","@id":"https:\/\/www.organisator.ch\/management\/2024-08-22\/neuer-ceo-fuer-quickline\/#breadcrumb","itemListElement":[{"@type":"ListItem","position":1,"name":"Home","item":"https:\/\/www.organisator.ch\/"},{"@type":"ListItem","position":2,"name":"Neuer CEO f\u00fcr Quickline"}]},{"@type":"WebSite","@id":"https:\/\/www.organisator.ch\/#website","url":"https:\/\/www.organisator.ch\/","name":"Organizer","description":"Competent. Practical. In 10 issues per year, ORGANISATOR presents the essential topics for managers of SMEs.","publisher":{"@id":"https:\/\/www.organisator.ch\/#organization"},"potentialAction":[{"@type":"SearchAction","target":{"@type":"EntryPoint","urlTemplate":"https:\/\/www.organisator.ch\/?s={search_term_string}"},"query-input":{"@type":"PropertyValueSpecification","valueRequired":true,"valueName":"search_term_string"}}],"inLanguage":"en-US"},{"@type":"Organization","@id":"https:\/\/www.organisator.ch\/#organization","name":"Organizer","url":"https:\/\/www.organisator.ch\/","logo":{"@type":"ImageObject","inLanguage":"en-US","@id":"https:\/\/www.organisator.ch\/#\/schema\/logo\/image\/","url":"https:\/\/www.organisator.ch\/wp-content\/uploads\/2022\/01\/Logo_Organisator_Website.png","contentUrl":"https:\/\/www.organisator.ch\/wp-content\/uploads\/2022\/01\/Logo_Organisator_Website.png","width":800,"height":77,"caption":"Organisator"},"image":{"@id":"https:\/\/www.organisator.ch\/#\/schema\/logo\/image\/"},"sameAs":["https:\/\/www.facebook.com\/OrganisatorFachmagazin","https:\/\/www.linkedin.com\/showcase\/organisator-das-magazin-fr-kmu","https:\/\/www.xing.com\/news\/pages\/organisator-ch-695","https:\/\/www.youtube.com\/channel\/UCGP2Sq0iWaZwT3BdIAQFYpw"]},{"@type":"Person","@id":"https:\/\/www.organisator.ch\/#\/schema\/person\/2e1314a2172123f874db408d8911d3f3","name":"Adelisa Kalajdzini","image":{"@type":"ImageObject","inLanguage":"en-US","@id":"https:\/\/secure.gravatar.com\/avatar\/09a397c22ac58cad6f160ee8306348599df9df58a8ede73696226897b9fa4b24?s=96&d=mm&r=g","url":"https:\/\/secure.gravatar.com\/avatar\/09a397c22ac58cad6f160ee8306348599df9df58a8ede73696226897b9fa4b24?s=96&d=mm&r=g","contentUrl":"https:\/\/secure.gravatar.com\/avatar\/09a397c22ac58cad6f160ee8306348599df9df58a8ede73696226897b9fa4b24?s=96&d=mm&r=g","caption":"Adelisa Kalajdzini"},"url":"https:\/\/www.organisator.ch\/en\/author\/adelisa-kalajdzini\/"}]}},"_links":{"self":[{"href":"https:\/\/www.organisator.ch\/en\/wp-json\/wp\/v2\/posts\/29170","targetHints":{"allow":["GET"]}}],"collection":[{"href":"https:\/\/www.organisator.ch\/en\/wp-json\/wp\/v2\/posts"}],"about":[{"href":"https:\/\/www.organisator.ch\/en\/wp-json\/wp\/v2\/types\/post"}],"author":[{"embeddable":true,"href":"https:\/\/www.organisator.ch\/en\/wp-json\/wp\/v2\/users\/58"}],"replies":[{"embeddable":true,"href":"https:\/\/www.organisator.ch\/en\/wp-json\/wp\/v2\/comments?post=29170"}],"version-history":[{"count":4,"href":"https:\/\/www.organisator.ch\/en\/wp-json\/wp\/v2\/posts\/29170\/revisions"}],"predecessor-version":[{"id":29259,"href":"https:\/\/www.organisator.ch\/en\/wp-json\/wp\/v2\/posts\/29170\/revisions\/29259"}],"wp:featuredmedia":[{"embeddable":true,"href":"https:\/\/www.organisator.ch\/en\/wp-json\/wp\/v2\/media\/29171"}],"wp:attachment":[{"href":"https:\/\/www.organisator.ch\/en\/wp-json\/wp\/v2\/media?parent=29170"}],"wp:term":[{"taxonomy":"category","embeddable":true,"href":"https:\/\/www.organisator.ch\/en\/wp-json\/wp\/v2\/categories?post=29170"},{"taxonomy":"post_tag","embeddable":true,"href":"https:\/\/www.organisator.ch\/en\/wp-json\/wp\/v2\/tags?post=29170"}],"curies":[{"name":"wp","href":"https:\/\/api.w.org\/{rel}","templated":true}]}}