{"id":29188,"date":"2024-08-22T13:03:34","date_gmt":"2024-08-22T11:03:34","guid":{"rendered":"https:\/\/www.organisator.ch\/?p=29188"},"modified":"2024-08-21T15:33:48","modified_gmt":"2024-08-21T13:33:48","slug":"schwaches-geschaeftsklima-im-kmu-mem-sektor","status":"publish","type":"post","link":"https:\/\/www.organisator.ch\/en\/management\/2024-08-22\/schwaches-geschaeftsklima-im-kmu-mem-sektor\/","title":{"rendered":"Weak business climate in the SME-MEM sector"},"content":{"rendered":"<figure id=\"attachment_29190\" aria-describedby=\"caption-attachment-29190\" style=\"width: 680px\" class=\"wp-caption alignnone\"><img loading=\"lazy\" decoding=\"async\" class=\"size-full wp-image-29190\" src=\"https:\/\/www.organisator.ch\/wp-content\/uploads\/2024\/08\/DE_Geschaeftsklimaindex_Bild1_ps.jpg\" alt=\"\" width=\"680\" height=\"594\" srcset=\"https:\/\/www.organisator.ch\/wp-content\/uploads\/2024\/08\/DE_Geschaeftsklimaindex_Bild1_ps.jpg 680w, https:\/\/www.organisator.ch\/wp-content\/uploads\/2024\/08\/DE_Geschaeftsklimaindex_Bild1_ps-14x12.jpg 14w, https:\/\/www.organisator.ch\/wp-content\/uploads\/2024\/08\/DE_Geschaeftsklimaindex_Bild1_ps-343x300.jpg 343w, https:\/\/www.organisator.ch\/wp-content\/uploads\/2024\/08\/DE_Geschaeftsklimaindex_Bild1_ps-401x350.jpg 401w\" sizes=\"auto, (max-width: 680px) 100vw, 680px\" \/><figcaption id=\"caption-attachment-29190\" class=\"wp-caption-text\">(Image: www.swissmechanic.ch)<\/figcaption><\/figure>\n<p>The mood in the industry continued to deteriorate in the summer: more than two thirds of the companies surveyed rated the business climate as unfavorable. The Swissmechanic business climate index, the pulse meter of the SME MEM, has been in negative territory for over a year now.\u00a0<\/p>\n<h3><strong>Decline in orders remains the biggest challenge for SME-MEM<\/strong><\/h3>\n<p>The lack of orders remains the biggest challenge for the companies surveyed. In July 2024, around half reported a fall in incoming orders and sales compared to the same period last year. Around a quarter of respondents have secured production for a maximum of one month. While SME-MEMs have previously been cautiously optimistic about the future despite the difficult economic environment, the outlook for the third quarter of 2024 now tends to be pessimistic.\u00a0<\/p>\n<figure id=\"attachment_29189\" aria-describedby=\"caption-attachment-29189\" style=\"width: 680px\" class=\"wp-caption alignnone\"><img loading=\"lazy\" decoding=\"async\" class=\"size-full wp-image-29189\" src=\"https:\/\/www.organisator.ch\/wp-content\/uploads\/2024\/08\/DE_Herausforderungen_Bild2_ps.jpg\" alt=\"\" width=\"680\" height=\"652\" srcset=\"https:\/\/www.organisator.ch\/wp-content\/uploads\/2024\/08\/DE_Herausforderungen_Bild2_ps.jpg 680w, https:\/\/www.organisator.ch\/wp-content\/uploads\/2024\/08\/DE_Herausforderungen_Bild2_ps-13x12.jpg 13w, https:\/\/www.organisator.ch\/wp-content\/uploads\/2024\/08\/DE_Herausforderungen_Bild2_ps-313x300.jpg 313w, https:\/\/www.organisator.ch\/wp-content\/uploads\/2024\/08\/DE_Herausforderungen_Bild2_ps-365x350.jpg 365w\" sizes=\"auto, (max-width: 680px) 100vw, 680px\" \/><figcaption id=\"caption-attachment-29189\" class=\"wp-caption-text\">The lack of orders remains the biggest challenge for the companies surveyed. (Image: www.swissmechanic.ch)<\/figcaption><\/figure>\n<h3><strong>Decline in margins burdens company: Equity dwindling<\/strong><\/h3>\n<p>Another problem is falling margins. More than one in three companies have been reporting declines for two years now. In the second quarter of 2024, the margins of more than 40% of companies fell compared to the same quarter of the previous year. In this context, the increase in companies that have stated that they are not investing due to a lack of equity is worrying. This trend indicates that the first SME MEMs, which are often financed with their own funds, are slowly running out of steam.<\/p>\n<h3><strong>Interest rate cut could boost demand for capital goods<\/strong><\/h3>\n<p>In view of lower inflation, experts expect a further reduction in the key interest rate by the end of the year. As the umbrella organization of the MEM SMEs, Swissmechanic would very much welcome such an adjustment. After all, the two interest rate cuts already made in 2024 each had a very positive impact on the heavily export-oriented MEM industries.\u00a0<\/p>\n<h3><strong>General conditions must be improved<\/strong><\/h3>\n<p>In view of the structural challenges and the volatile geopolitical situation, Swissmechanic also believes that politicians have a duty to improve the framework conditions for Swiss SMEs as a matter of priority. SMEs are the backbone of the Swiss economy. The Swiss workplace is an essential factor for Switzerland's prosperity. Swissmechanic is committed to stemming the tide of regulation. This is because bureaucratic processes currently tie up a considerable 15% of SME MEM personnel resources, according to the Swissmechanic Economic Barometer of May 2024.\u00a0<\/p>\n<p><em>Source: <a href=\"http:\/\/www.swissmechanic.ch\">www.swissmechanic.ch<\/a><\/em><\/p>","protected":false},"excerpt":{"rendered":"<p>The Swissmechanic SME-MEM business climate index remained in negative territory for the fifth time in a row in July 2024. A weak industrial economy continues to weigh heavily on SMEs. This is compounded by structural challenges. The lack of orders is a particular challenge for SMEs-MEM. <\/p>","protected":false},"author":58,"featured_media":29190,"comment_status":"closed","ping_status":"closed","sticky":false,"template":"","format":"standard","meta":{"_acf_changed":false,"_yoast_wpseo_focuskw":"KMU-MEM","_yoast_wpseo_metadesc":"Der Swissmechanic KMU-MEM-Gesch\u00e4ftsklimaindex verharrt im Juli 2024 zum f\u00fcnften Mal in Folge im negativen Bereich.","articlekey":"","footnotes":""},"categories":[28],"tags":[4406,334,424,3414,492],"class_list":["post-29188","post","type-post","status-publish","format-standard","has-post-thumbnail","hentry","category-management","tag-kmu-mem","tag-management","tag-schweiz","tag-swissmechanic","tag-unternehmen"],"acf":[],"yoast_head":"<!-- This site is optimized with the Yoast SEO plugin v27.5 - https:\/\/yoast.com\/product\/yoast-seo-wordpress\/ -->\n<title>Schwaches Gesch\u00e4ftsklima im KMU-MEM-Sektor - Organisator<\/title>\n<meta name=\"description\" content=\"Der Swissmechanic KMU-MEM-Gesch\u00e4ftsklimaindex verharrt im Juli 2024 zum f\u00fcnften Mal in Folge im negativen Bereich.\" \/>\n<meta name=\"robots\" content=\"index, follow, max-snippet:-1, max-image-preview:large, max-video-preview:-1\" \/>\n<link rel=\"canonical\" href=\"https:\/\/www.organisator.ch\/en\/management\/2024-08-22\/schwaches-geschaeftsklima-im-kmu-mem-sektor\/\" \/>\n<meta property=\"og:locale\" content=\"en_US\" \/>\n<meta property=\"og:type\" content=\"article\" \/>\n<meta property=\"og:title\" content=\"Schwaches Gesch\u00e4ftsklima im KMU-MEM-Sektor\" \/>\n<meta property=\"og:description\" content=\"Der Swissmechanic KMU-MEM-Gesch\u00e4ftsklimaindex verharrt im Juli 2024 zum f\u00fcnften Mal in Folge im negativen Bereich.\" \/>\n<meta property=\"og:url\" content=\"https:\/\/www.organisator.ch\/en\/management\/2024-08-22\/schwaches-geschaeftsklima-im-kmu-mem-sektor\/\" \/>\n<meta property=\"og:site_name\" content=\"Organisator\" \/>\n<meta property=\"article:publisher\" content=\"https:\/\/www.facebook.com\/OrganisatorFachmagazin\" \/>\n<meta property=\"article:published_time\" content=\"2024-08-22T11:03:34+00:00\" \/>\n<meta property=\"og:image\" content=\"https:\/\/www.organisator.ch\/wp-content\/uploads\/2024\/08\/DE_Geschaeftsklimaindex_Bild1_ps.jpg\" \/>\n\t<meta property=\"og:image:width\" content=\"680\" \/>\n\t<meta property=\"og:image:height\" content=\"594\" \/>\n\t<meta property=\"og:image:type\" content=\"image\/jpeg\" \/>\n<meta name=\"author\" content=\"Adelisa Kalajdzini\" \/>\n<meta name=\"twitter:card\" content=\"summary_large_image\" \/>\n<meta name=\"twitter:title\" content=\"Schwaches Gesch\u00e4ftsklima im KMU-MEM-Sektor\" \/>\n<meta name=\"twitter:description\" content=\"Der #Swissmechanic #KMU-MEM-Gesch\u00e4ftsklimaindex verharrt im #Juli 2024 zum f\u00fcnften Mal in Folge im #negativen #Bereich.\" \/>\n<meta name=\"twitter:image\" content=\"https:\/\/www.organisator.ch\/wp-content\/uploads\/2024\/08\/DE_Geschaeftsklimaindex_Bild1_ps.jpg\" \/>\n<script type=\"application\/ld+json\" class=\"yoast-schema-graph\">{\"@context\":\"https:\\\/\\\/schema.org\",\"@graph\":[{\"@type\":\"Article\",\"@id\":\"https:\\\/\\\/www.organisator.ch\\\/management\\\/2024-08-22\\\/schwaches-geschaeftsklima-im-kmu-mem-sektor\\\/#article\",\"isPartOf\":{\"@id\":\"https:\\\/\\\/www.organisator.ch\\\/management\\\/2024-08-22\\\/schwaches-geschaeftsklima-im-kmu-mem-sektor\\\/\"},\"author\":{\"name\":\"Adelisa Kalajdzini\",\"@id\":\"https:\\\/\\\/www.organisator.ch\\\/#\\\/schema\\\/person\\\/2e1314a2172123f874db408d8911d3f3\"},\"headline\":\"Schwaches Gesch\u00e4ftsklima im KMU-MEM-Sektor\",\"datePublished\":\"2024-08-22T11:03:34+00:00\",\"mainEntityOfPage\":{\"@id\":\"https:\\\/\\\/www.organisator.ch\\\/management\\\/2024-08-22\\\/schwaches-geschaeftsklima-im-kmu-mem-sektor\\\/\"},\"wordCount\":398,\"publisher\":{\"@id\":\"https:\\\/\\\/www.organisator.ch\\\/#organization\"},\"image\":{\"@id\":\"https:\\\/\\\/www.organisator.ch\\\/management\\\/2024-08-22\\\/schwaches-geschaeftsklima-im-kmu-mem-sektor\\\/#primaryimage\"},\"thumbnailUrl\":\"https:\\\/\\\/www.organisator.ch\\\/wp-content\\\/uploads\\\/2024\\\/08\\\/DE_Geschaeftsklimaindex_Bild1_ps.jpg\",\"keywords\":[\"KMU-MEM\",\"Management\",\"Schweiz\",\"Swissmechanic\",\"Unternehmen\"],\"articleSection\":[\"MANAGEMENT\"],\"inLanguage\":\"en-US\"},{\"@type\":\"WebPage\",\"@id\":\"https:\\\/\\\/www.organisator.ch\\\/management\\\/2024-08-22\\\/schwaches-geschaeftsklima-im-kmu-mem-sektor\\\/\",\"url\":\"https:\\\/\\\/www.organisator.ch\\\/management\\\/2024-08-22\\\/schwaches-geschaeftsklima-im-kmu-mem-sektor\\\/\",\"name\":\"Schwaches Gesch\u00e4ftsklima im KMU-MEM-Sektor - Organisator\",\"isPartOf\":{\"@id\":\"https:\\\/\\\/www.organisator.ch\\\/#website\"},\"primaryImageOfPage\":{\"@id\":\"https:\\\/\\\/www.organisator.ch\\\/management\\\/2024-08-22\\\/schwaches-geschaeftsklima-im-kmu-mem-sektor\\\/#primaryimage\"},\"image\":{\"@id\":\"https:\\\/\\\/www.organisator.ch\\\/management\\\/2024-08-22\\\/schwaches-geschaeftsklima-im-kmu-mem-sektor\\\/#primaryimage\"},\"thumbnailUrl\":\"https:\\\/\\\/www.organisator.ch\\\/wp-content\\\/uploads\\\/2024\\\/08\\\/DE_Geschaeftsklimaindex_Bild1_ps.jpg\",\"datePublished\":\"2024-08-22T11:03:34+00:00\",\"description\":\"Der Swissmechanic KMU-MEM-Gesch\u00e4ftsklimaindex verharrt im Juli 2024 zum f\u00fcnften Mal in Folge im negativen Bereich.\",\"breadcrumb\":{\"@id\":\"https:\\\/\\\/www.organisator.ch\\\/management\\\/2024-08-22\\\/schwaches-geschaeftsklima-im-kmu-mem-sektor\\\/#breadcrumb\"},\"inLanguage\":\"en-US\",\"potentialAction\":[{\"@type\":\"ReadAction\",\"target\":[\"https:\\\/\\\/www.organisator.ch\\\/management\\\/2024-08-22\\\/schwaches-geschaeftsklima-im-kmu-mem-sektor\\\/\"]}]},{\"@type\":\"ImageObject\",\"inLanguage\":\"en-US\",\"@id\":\"https:\\\/\\\/www.organisator.ch\\\/management\\\/2024-08-22\\\/schwaches-geschaeftsklima-im-kmu-mem-sektor\\\/#primaryimage\",\"url\":\"https:\\\/\\\/www.organisator.ch\\\/wp-content\\\/uploads\\\/2024\\\/08\\\/DE_Geschaeftsklimaindex_Bild1_ps.jpg\",\"contentUrl\":\"https:\\\/\\\/www.organisator.ch\\\/wp-content\\\/uploads\\\/2024\\\/08\\\/DE_Geschaeftsklimaindex_Bild1_ps.jpg\",\"width\":680,\"height\":594,\"caption\":\"(Bild: www.swissmechanic.ch)\"},{\"@type\":\"BreadcrumbList\",\"@id\":\"https:\\\/\\\/www.organisator.ch\\\/management\\\/2024-08-22\\\/schwaches-geschaeftsklima-im-kmu-mem-sektor\\\/#breadcrumb\",\"itemListElement\":[{\"@type\":\"ListItem\",\"position\":1,\"name\":\"Home\",\"item\":\"https:\\\/\\\/www.organisator.ch\\\/\"},{\"@type\":\"ListItem\",\"position\":2,\"name\":\"Schwaches Gesch\u00e4ftsklima im KMU-MEM-Sektor\"}]},{\"@type\":\"WebSite\",\"@id\":\"https:\\\/\\\/www.organisator.ch\\\/#website\",\"url\":\"https:\\\/\\\/www.organisator.ch\\\/\",\"name\":\"Organisator\",\"description\":\"Kompetent. Praxisnah. Der ORGANISATOR bereitet in 10 Ausgaben pro Jahr die wesentlichen Themen f\u00fcr F\u00fchrungskr\u00e4fte von KMU auf.\",\"publisher\":{\"@id\":\"https:\\\/\\\/www.organisator.ch\\\/#organization\"},\"potentialAction\":[{\"@type\":\"SearchAction\",\"target\":{\"@type\":\"EntryPoint\",\"urlTemplate\":\"https:\\\/\\\/www.organisator.ch\\\/?s={search_term_string}\"},\"query-input\":{\"@type\":\"PropertyValueSpecification\",\"valueRequired\":true,\"valueName\":\"search_term_string\"}}],\"inLanguage\":\"en-US\"},{\"@type\":\"Organization\",\"@id\":\"https:\\\/\\\/www.organisator.ch\\\/#organization\",\"name\":\"Organisator\",\"url\":\"https:\\\/\\\/www.organisator.ch\\\/\",\"logo\":{\"@type\":\"ImageObject\",\"inLanguage\":\"en-US\",\"@id\":\"https:\\\/\\\/www.organisator.ch\\\/#\\\/schema\\\/logo\\\/image\\\/\",\"url\":\"https:\\\/\\\/www.organisator.ch\\\/wp-content\\\/uploads\\\/2022\\\/01\\\/Logo_Organisator_Website.png\",\"contentUrl\":\"https:\\\/\\\/www.organisator.ch\\\/wp-content\\\/uploads\\\/2022\\\/01\\\/Logo_Organisator_Website.png\",\"width\":800,\"height\":77,\"caption\":\"Organisator\"},\"image\":{\"@id\":\"https:\\\/\\\/www.organisator.ch\\\/#\\\/schema\\\/logo\\\/image\\\/\"},\"sameAs\":[\"https:\\\/\\\/www.facebook.com\\\/OrganisatorFachmagazin\",\"https:\\\/\\\/www.linkedin.com\\\/showcase\\\/organisator-das-magazin-fr-kmu\",\"https:\\\/\\\/www.xing.com\\\/news\\\/pages\\\/organisator-ch-695\",\"https:\\\/\\\/www.youtube.com\\\/channel\\\/UCGP2Sq0iWaZwT3BdIAQFYpw\"]},{\"@type\":\"Person\",\"@id\":\"https:\\\/\\\/www.organisator.ch\\\/#\\\/schema\\\/person\\\/2e1314a2172123f874db408d8911d3f3\",\"name\":\"Adelisa Kalajdzini\",\"image\":{\"@type\":\"ImageObject\",\"inLanguage\":\"en-US\",\"@id\":\"https:\\\/\\\/secure.gravatar.com\\\/avatar\\\/09a397c22ac58cad6f160ee8306348599df9df58a8ede73696226897b9fa4b24?s=96&d=mm&r=g\",\"url\":\"https:\\\/\\\/secure.gravatar.com\\\/avatar\\\/09a397c22ac58cad6f160ee8306348599df9df58a8ede73696226897b9fa4b24?s=96&d=mm&r=g\",\"contentUrl\":\"https:\\\/\\\/secure.gravatar.com\\\/avatar\\\/09a397c22ac58cad6f160ee8306348599df9df58a8ede73696226897b9fa4b24?s=96&d=mm&r=g\",\"caption\":\"Adelisa Kalajdzini\"},\"url\":\"https:\\\/\\\/www.organisator.ch\\\/en\\\/author\\\/adelisa-kalajdzini\\\/\"}]}<\/script>\n<!-- \/ Yoast SEO plugin. -->","yoast_head_json":{"title":"Weak business climate in the SME-MEM sector - Organizer","description":"The Swissmechanic SME-MEM business climate index remained in negative territory for the fifth time in a row in July 2024.","robots":{"index":"index","follow":"follow","max-snippet":"max-snippet:-1","max-image-preview":"max-image-preview:large","max-video-preview":"max-video-preview:-1"},"canonical":"https:\/\/www.organisator.ch\/en\/management\/2024-08-22\/schwaches-geschaeftsklima-im-kmu-mem-sektor\/","og_locale":"en_US","og_type":"article","og_title":"Schwaches Gesch\u00e4ftsklima im KMU-MEM-Sektor","og_description":"Der Swissmechanic KMU-MEM-Gesch\u00e4ftsklimaindex verharrt im Juli 2024 zum f\u00fcnften Mal in Folge im negativen Bereich.","og_url":"https:\/\/www.organisator.ch\/en\/management\/2024-08-22\/schwaches-geschaeftsklima-im-kmu-mem-sektor\/","og_site_name":"Organisator","article_publisher":"https:\/\/www.facebook.com\/OrganisatorFachmagazin","article_published_time":"2024-08-22T11:03:34+00:00","og_image":[{"width":680,"height":594,"url":"https:\/\/www.organisator.ch\/wp-content\/uploads\/2024\/08\/DE_Geschaeftsklimaindex_Bild1_ps.jpg","type":"image\/jpeg"}],"author":"Adelisa Kalajdzini","twitter_card":"summary_large_image","twitter_title":"Schwaches Gesch\u00e4ftsklima im KMU-MEM-Sektor","twitter_description":"Der #Swissmechanic #KMU-MEM-Gesch\u00e4ftsklimaindex verharrt im #Juli 2024 zum f\u00fcnften Mal in Folge im #negativen #Bereich.","twitter_image":"https:\/\/www.organisator.ch\/wp-content\/uploads\/2024\/08\/DE_Geschaeftsklimaindex_Bild1_ps.jpg","schema":{"@context":"https:\/\/schema.org","@graph":[{"@type":"Article","@id":"https:\/\/www.organisator.ch\/management\/2024-08-22\/schwaches-geschaeftsklima-im-kmu-mem-sektor\/#article","isPartOf":{"@id":"https:\/\/www.organisator.ch\/management\/2024-08-22\/schwaches-geschaeftsklima-im-kmu-mem-sektor\/"},"author":{"name":"Adelisa Kalajdzini","@id":"https:\/\/www.organisator.ch\/#\/schema\/person\/2e1314a2172123f874db408d8911d3f3"},"headline":"Schwaches Gesch\u00e4ftsklima im KMU-MEM-Sektor","datePublished":"2024-08-22T11:03:34+00:00","mainEntityOfPage":{"@id":"https:\/\/www.organisator.ch\/management\/2024-08-22\/schwaches-geschaeftsklima-im-kmu-mem-sektor\/"},"wordCount":398,"publisher":{"@id":"https:\/\/www.organisator.ch\/#organization"},"image":{"@id":"https:\/\/www.organisator.ch\/management\/2024-08-22\/schwaches-geschaeftsklima-im-kmu-mem-sektor\/#primaryimage"},"thumbnailUrl":"https:\/\/www.organisator.ch\/wp-content\/uploads\/2024\/08\/DE_Geschaeftsklimaindex_Bild1_ps.jpg","keywords":["KMU-MEM","Management","Schweiz","Swissmechanic","Unternehmen"],"articleSection":["MANAGEMENT"],"inLanguage":"en-US"},{"@type":"WebPage","@id":"https:\/\/www.organisator.ch\/management\/2024-08-22\/schwaches-geschaeftsklima-im-kmu-mem-sektor\/","url":"https:\/\/www.organisator.ch\/management\/2024-08-22\/schwaches-geschaeftsklima-im-kmu-mem-sektor\/","name":"Weak business climate in the SME-MEM sector - Organizer","isPartOf":{"@id":"https:\/\/www.organisator.ch\/#website"},"primaryImageOfPage":{"@id":"https:\/\/www.organisator.ch\/management\/2024-08-22\/schwaches-geschaeftsklima-im-kmu-mem-sektor\/#primaryimage"},"image":{"@id":"https:\/\/www.organisator.ch\/management\/2024-08-22\/schwaches-geschaeftsklima-im-kmu-mem-sektor\/#primaryimage"},"thumbnailUrl":"https:\/\/www.organisator.ch\/wp-content\/uploads\/2024\/08\/DE_Geschaeftsklimaindex_Bild1_ps.jpg","datePublished":"2024-08-22T11:03:34+00:00","description":"The Swissmechanic SME-MEM business climate index remained in negative territory for the fifth time in a row in July 2024.","breadcrumb":{"@id":"https:\/\/www.organisator.ch\/management\/2024-08-22\/schwaches-geschaeftsklima-im-kmu-mem-sektor\/#breadcrumb"},"inLanguage":"en-US","potentialAction":[{"@type":"ReadAction","target":["https:\/\/www.organisator.ch\/management\/2024-08-22\/schwaches-geschaeftsklima-im-kmu-mem-sektor\/"]}]},{"@type":"ImageObject","inLanguage":"en-US","@id":"https:\/\/www.organisator.ch\/management\/2024-08-22\/schwaches-geschaeftsklima-im-kmu-mem-sektor\/#primaryimage","url":"https:\/\/www.organisator.ch\/wp-content\/uploads\/2024\/08\/DE_Geschaeftsklimaindex_Bild1_ps.jpg","contentUrl":"https:\/\/www.organisator.ch\/wp-content\/uploads\/2024\/08\/DE_Geschaeftsklimaindex_Bild1_ps.jpg","width":680,"height":594,"caption":"(Bild: www.swissmechanic.ch)"},{"@type":"BreadcrumbList","@id":"https:\/\/www.organisator.ch\/management\/2024-08-22\/schwaches-geschaeftsklima-im-kmu-mem-sektor\/#breadcrumb","itemListElement":[{"@type":"ListItem","position":1,"name":"Home","item":"https:\/\/www.organisator.ch\/"},{"@type":"ListItem","position":2,"name":"Schwaches Gesch\u00e4ftsklima im KMU-MEM-Sektor"}]},{"@type":"WebSite","@id":"https:\/\/www.organisator.ch\/#website","url":"https:\/\/www.organisator.ch\/","name":"Organizer","description":"Competent. Practical. In 10 issues per year, ORGANISATOR presents the essential topics for managers of SMEs.","publisher":{"@id":"https:\/\/www.organisator.ch\/#organization"},"potentialAction":[{"@type":"SearchAction","target":{"@type":"EntryPoint","urlTemplate":"https:\/\/www.organisator.ch\/?s={search_term_string}"},"query-input":{"@type":"PropertyValueSpecification","valueRequired":true,"valueName":"search_term_string"}}],"inLanguage":"en-US"},{"@type":"Organization","@id":"https:\/\/www.organisator.ch\/#organization","name":"Organizer","url":"https:\/\/www.organisator.ch\/","logo":{"@type":"ImageObject","inLanguage":"en-US","@id":"https:\/\/www.organisator.ch\/#\/schema\/logo\/image\/","url":"https:\/\/www.organisator.ch\/wp-content\/uploads\/2022\/01\/Logo_Organisator_Website.png","contentUrl":"https:\/\/www.organisator.ch\/wp-content\/uploads\/2022\/01\/Logo_Organisator_Website.png","width":800,"height":77,"caption":"Organisator"},"image":{"@id":"https:\/\/www.organisator.ch\/#\/schema\/logo\/image\/"},"sameAs":["https:\/\/www.facebook.com\/OrganisatorFachmagazin","https:\/\/www.linkedin.com\/showcase\/organisator-das-magazin-fr-kmu","https:\/\/www.xing.com\/news\/pages\/organisator-ch-695","https:\/\/www.youtube.com\/channel\/UCGP2Sq0iWaZwT3BdIAQFYpw"]},{"@type":"Person","@id":"https:\/\/www.organisator.ch\/#\/schema\/person\/2e1314a2172123f874db408d8911d3f3","name":"Adelisa Kalajdzini","image":{"@type":"ImageObject","inLanguage":"en-US","@id":"https:\/\/secure.gravatar.com\/avatar\/09a397c22ac58cad6f160ee8306348599df9df58a8ede73696226897b9fa4b24?s=96&d=mm&r=g","url":"https:\/\/secure.gravatar.com\/avatar\/09a397c22ac58cad6f160ee8306348599df9df58a8ede73696226897b9fa4b24?s=96&d=mm&r=g","contentUrl":"https:\/\/secure.gravatar.com\/avatar\/09a397c22ac58cad6f160ee8306348599df9df58a8ede73696226897b9fa4b24?s=96&d=mm&r=g","caption":"Adelisa Kalajdzini"},"url":"https:\/\/www.organisator.ch\/en\/author\/adelisa-kalajdzini\/"}]}},"_links":{"self":[{"href":"https:\/\/www.organisator.ch\/en\/wp-json\/wp\/v2\/posts\/29188","targetHints":{"allow":["GET"]}}],"collection":[{"href":"https:\/\/www.organisator.ch\/en\/wp-json\/wp\/v2\/posts"}],"about":[{"href":"https:\/\/www.organisator.ch\/en\/wp-json\/wp\/v2\/types\/post"}],"author":[{"embeddable":true,"href":"https:\/\/www.organisator.ch\/en\/wp-json\/wp\/v2\/users\/58"}],"replies":[{"embeddable":true,"href":"https:\/\/www.organisator.ch\/en\/wp-json\/wp\/v2\/comments?post=29188"}],"version-history":[{"count":4,"href":"https:\/\/www.organisator.ch\/en\/wp-json\/wp\/v2\/posts\/29188\/revisions"}],"predecessor-version":[{"id":29258,"href":"https:\/\/www.organisator.ch\/en\/wp-json\/wp\/v2\/posts\/29188\/revisions\/29258"}],"wp:featuredmedia":[{"embeddable":true,"href":"https:\/\/www.organisator.ch\/en\/wp-json\/wp\/v2\/media\/29190"}],"wp:attachment":[{"href":"https:\/\/www.organisator.ch\/en\/wp-json\/wp\/v2\/media?parent=29188"}],"wp:term":[{"taxonomy":"category","embeddable":true,"href":"https:\/\/www.organisator.ch\/en\/wp-json\/wp\/v2\/categories?post=29188"},{"taxonomy":"post_tag","embeddable":true,"href":"https:\/\/www.organisator.ch\/en\/wp-json\/wp\/v2\/tags?post=29188"}],"curies":[{"name":"wp","href":"https:\/\/api.w.org\/{rel}","templated":true}]}}