{"id":29217,"date":"2024-08-23T07:44:34","date_gmt":"2024-08-23T05:44:34","guid":{"rendered":"https:\/\/www.organisator.ch\/?p=29217"},"modified":"2024-08-22T10:44:43","modified_gmt":"2024-08-22T08:44:43","slug":"leichter-anstieg-der-geschaeftsreisen-in-europa-em-effekt-in-der-schweiz-spuerbar","status":"publish","type":"post","link":"https:\/\/www.organisator.ch\/en\/human-resources\/2024-08-23\/leichter-anstieg-der-geschaeftsreisen-in-europa-em-effekt-in-der-schweiz-spuerbar\/","title":{"rendered":"Slight increase in business travel in Europe - EM effect noticeable in Switzerland"},"content":{"rendered":"<figure id=\"attachment_29219\" aria-describedby=\"caption-attachment-29219\" style=\"width: 680px\" class=\"wp-caption alignnone\"><img loading=\"lazy\" decoding=\"async\" class=\"size-full wp-image-29219\" src=\"https:\/\/www.organisator.ch\/wp-content\/uploads\/2024\/08\/AirPlus_Business-Travel_Bild1_ps.jpg\" alt=\"\" width=\"680\" height=\"440\" srcset=\"https:\/\/www.organisator.ch\/wp-content\/uploads\/2024\/08\/AirPlus_Business-Travel_Bild1_ps.jpg 680w, https:\/\/www.organisator.ch\/wp-content\/uploads\/2024\/08\/AirPlus_Business-Travel_Bild1_ps-18x12.jpg 18w, https:\/\/www.organisator.ch\/wp-content\/uploads\/2024\/08\/AirPlus_Business-Travel_Bild1_ps-375x243.jpg 375w, https:\/\/www.organisator.ch\/wp-content\/uploads\/2024\/08\/AirPlus_Business-Travel_Bild1_ps-541x350.jpg 541w\" sizes=\"auto, (max-width: 680px) 100vw, 680px\" \/><figcaption id=\"caption-attachment-29219\" class=\"wp-caption-text\">The trend of extending business trips with a private stay continued in the first half of the year. (Image: www.airplus.com)<\/figcaption><\/figure>\n<p>In the first half of 2024, employees of Swiss companies once again traveled more frequently on business trips: the number of flight tickets sold between January and June increased by 10 percent, while spending rose by 3.6 percent. This is shown by the AirPlus Business Travel Index, an analysis of transactions processed via AirPlus. The increase in travel business in Switzerland is therefore well above the average for European companies (number of tickets: +1.6 percent; ticket expenditure: +1.7 percent).<\/p>\n<p>While the European Football Championship had no significant impact on travel activity among European companies, the picture is different in Switzerland: Swiss companies booked significantly more tickets to Germany in the period under review (14.06.-30.06.) than in the previous year (+6.5 percent).<\/p>\n<p>\"Despite adversities such as strikes and flight cancellations at the beginning of the year, European business travelers were on the road more frequently in the first half of the year than in the previous year - personal meetings therefore remain indispensable. A look at travel activity during the European Football Championship also shows that the combination of business and private travel continues to gain popularity among Swiss business travelers. Especially in times of a shortage of skilled workers, such flexible working models are an important building block for increasing both employee satisfaction and productivity and retaining talent in the long term,\" says Andy Stehrenberger, Managing Director of AirPlus in Switzerland.<\/p>\n<p>All developments in the first half of the year at a glance:<\/p>\n<h3><strong>Bleisure: Combination of business and leisure remains popular <\/strong><\/h3>\n<p>The trend of extending business trips with a private stay continued in the first half of the year. 22.8% of Swiss travelers started their trip on a weekend - an increase of 0.4 percentage points compared to the previous year (Europe 16%; +0.6 percentage points).<\/p>\n<h3><strong>More planning security <\/strong><\/h3>\n<p>On average, Swiss business travelers booked their flights 32.3 days before departure, almost two days earlier than in the previous year (30.5 days). Companies apparently want to secure capacity and prices early on and ensure greater planning security. Female travelers were more forward-looking than their male counterparts in every market surveyed, booking trips almost five days earlier on average (Europe as a whole: 32 vs. 27.2 days; Switzerland: 33.7 vs. 31.8 days).<\/p>\n<h3><strong>Booked travel classes stable, prices slightly lower <\/strong><\/h3>\n<p>In the first half of 2024, 17.3% of Swiss business travelers booked a flight in Business Class (2023: 17.4%). 82.5% of business travelers traveled in Premium Economy or Economy Class (2023: 82.4%), with Premium Economy accounting for slightly more tickets this year than last year (1.6% vs. 0.9%).<\/p>\n<p>This minimal shift in booking classes could be related to the slight changes in travel routes: In the first six months of 2024, slightly fewer business travelers moved on intercontinental routes (25.6% vs. 26.5%) and correspondingly slightly more on connections within Europe (74.2% vs. 73.3%) compared to the previous year.<\/p>\n<p>Ticket prices fell in all booking classes. A Business Class ticket cost CHF 4,230 (-4.7 percent) in the first half of the year, while an Economy Class ticket cost CHF 603 (-1.3 percent). With an average ticket price of CHF 709, Premium Economy saw the biggest difference compared to the previous year (-27.2 percent).<\/p>\n<p>The most popular destinations for Swiss business travelers remained unchanged from the previous year: in Europe, these were Germany, the UK and Spain, while in the rest of the world they were the USA, China and the United Arab Emirates.<\/p>\n<h3><strong>Fewer domestic flights, fewer short trips <\/strong><\/h3>\n<p>For some years now, the trend has been towards fewer domestic flights and longer trips. One of the reasons for this is companies' efforts to achieve greater sustainability.<\/p>\n<p>The proportion of domestic flights in Europe fell from 32.2% to 31.3% in 2024; in Switzerland, this figure remained unchanged at a very low 0.2% in a half-year comparison. The average trip duration in Switzerland also remained unchanged at 6.5 days, with the proportion of one-day business trips continuing to decline at 4.4% (-0.4 percentage points). This trend is also evident in other European countries: at 5.8 days, the average business trip lasted a similar amount of time as in 2023 (5.9 days). The proportion of one-day short trips fell from 6.8 to 6.7 percent.<\/p>\n<p><em>Source: <a href=\"http:\/\/www.airplus.com\">www.airplus.com<\/a><\/em><\/p>","protected":false},"excerpt":{"rendered":"<p>European companies sent more of their employees on trips again in the first half of 2024. This is shown by an analysis by corporate payment expert AirPlus International.<\/p>","protected":false},"author":58,"featured_media":29219,"comment_status":"closed","ping_status":"closed","sticky":false,"template":"","format":"standard","meta":{"_acf_changed":false,"_yoast_wpseo_focuskw":"Gesch\u00e4ftsreisen","_yoast_wpseo_metadesc":"Europ\u00e4ische Unternehmen schickten ihre Mitarbeitenden im ersten Halbjahr 2024 wieder vermehrt auf Reisen.","articlekey":"","footnotes":""},"categories":[579],"tags":[4414,4413,239,424,492],"class_list":["post-29217","post","type-post","status-publish","format-standard","has-post-thumbnail","hentry","category-human-resources","tag-bleisure","tag-business-travel-index","tag-geschaeftsreisen","tag-schweiz","tag-unternehmen"],"acf":[],"yoast_head":"<!-- This site is optimized with the Yoast SEO plugin v27.4 - https:\/\/yoast.com\/product\/yoast-seo-wordpress\/ -->\n<title>Leichter Anstieg der Gesch\u00e4ftsreisen in Europa \u2013 EM-Effekt in der Schweiz sp\u00fcrbar - Organisator<\/title>\n<meta name=\"description\" content=\"Europ\u00e4ische Unternehmen schickten ihre Mitarbeitenden im ersten Halbjahr 2024 wieder vermehrt auf Reisen.\" \/>\n<meta name=\"robots\" content=\"index, follow, max-snippet:-1, max-image-preview:large, max-video-preview:-1\" \/>\n<link rel=\"canonical\" href=\"https:\/\/www.organisator.ch\/en\/human-resources\/2024-08-23\/leichter-anstieg-der-geschaeftsreisen-in-europa-em-effekt-in-der-schweiz-spuerbar\/\" \/>\n<meta property=\"og:locale\" content=\"en_US\" \/>\n<meta property=\"og:type\" content=\"article\" \/>\n<meta property=\"og:title\" content=\"Leichter Anstieg der Gesch\u00e4ftsreisen in Europa \u2013 EM-Effekt in der Schweiz sp\u00fcrbar\" \/>\n<meta property=\"og:description\" content=\"Europ\u00e4ische Unternehmen schickten ihre Mitarbeitenden im ersten Halbjahr 2024 wieder vermehrt auf Reisen.\" \/>\n<meta property=\"og:url\" content=\"https:\/\/www.organisator.ch\/en\/human-resources\/2024-08-23\/leichter-anstieg-der-geschaeftsreisen-in-europa-em-effekt-in-der-schweiz-spuerbar\/\" \/>\n<meta property=\"og:site_name\" content=\"Organisator\" \/>\n<meta property=\"article:publisher\" content=\"https:\/\/www.facebook.com\/OrganisatorFachmagazin\" \/>\n<meta property=\"article:published_time\" content=\"2024-08-23T05:44:34+00:00\" \/>\n<meta property=\"og:image\" content=\"https:\/\/www.organisator.ch\/wp-content\/uploads\/2024\/08\/AirPlus_Business-Travel_Bild1_ps.jpg\" \/>\n\t<meta property=\"og:image:width\" content=\"680\" \/>\n\t<meta property=\"og:image:height\" content=\"440\" \/>\n\t<meta property=\"og:image:type\" content=\"image\/jpeg\" \/>\n<meta name=\"author\" content=\"Adelisa Kalajdzini\" \/>\n<meta name=\"twitter:card\" content=\"summary_large_image\" \/>\n<meta name=\"twitter:title\" content=\"Leichter Anstieg der Gesch\u00e4ftsreisen in Europa \u2013 EM-Effekt in der Schweiz sp\u00fcrbar\" \/>\n<meta name=\"twitter:description\" content=\"#Europ\u00e4ische #Unternehmen schickten ihre #Mitarbeitenden im ersten #Halbjahr 2024 wieder vermehrt auf #Reisen.\" \/>\n<meta name=\"twitter:image\" content=\"https:\/\/www.organisator.ch\/wp-content\/uploads\/2024\/08\/AirPlus_Business-Travel_Bild1_ps.jpg\" \/>\n<script type=\"application\/ld+json\" class=\"yoast-schema-graph\">{\"@context\":\"https:\\\/\\\/schema.org\",\"@graph\":[{\"@type\":\"Article\",\"@id\":\"https:\\\/\\\/www.organisator.ch\\\/human-resources\\\/2024-08-23\\\/leichter-anstieg-der-geschaeftsreisen-in-europa-em-effekt-in-der-schweiz-spuerbar\\\/#article\",\"isPartOf\":{\"@id\":\"https:\\\/\\\/www.organisator.ch\\\/human-resources\\\/2024-08-23\\\/leichter-anstieg-der-geschaeftsreisen-in-europa-em-effekt-in-der-schweiz-spuerbar\\\/\"},\"author\":{\"name\":\"Adelisa Kalajdzini\",\"@id\":\"https:\\\/\\\/www.organisator.ch\\\/#\\\/schema\\\/person\\\/2e1314a2172123f874db408d8911d3f3\"},\"headline\":\"Leichter Anstieg der Gesch\u00e4ftsreisen in Europa \u2013 EM-Effekt in der Schweiz sp\u00fcrbar\",\"datePublished\":\"2024-08-23T05:44:34+00:00\",\"mainEntityOfPage\":{\"@id\":\"https:\\\/\\\/www.organisator.ch\\\/human-resources\\\/2024-08-23\\\/leichter-anstieg-der-geschaeftsreisen-in-europa-em-effekt-in-der-schweiz-spuerbar\\\/\"},\"wordCount\":696,\"publisher\":{\"@id\":\"https:\\\/\\\/www.organisator.ch\\\/#organization\"},\"image\":{\"@id\":\"https:\\\/\\\/www.organisator.ch\\\/human-resources\\\/2024-08-23\\\/leichter-anstieg-der-geschaeftsreisen-in-europa-em-effekt-in-der-schweiz-spuerbar\\\/#primaryimage\"},\"thumbnailUrl\":\"https:\\\/\\\/www.organisator.ch\\\/wp-content\\\/uploads\\\/2024\\\/08\\\/AirPlus_Business-Travel_Bild1_ps.jpg\",\"keywords\":[\"Bleisure\",\"Business Travel Index\",\"Gesch\u00e4ftsreisen\",\"Schweiz\",\"Unternehmen\"],\"articleSection\":[\"HUMAN RESOURCES\"],\"inLanguage\":\"en-US\"},{\"@type\":\"WebPage\",\"@id\":\"https:\\\/\\\/www.organisator.ch\\\/human-resources\\\/2024-08-23\\\/leichter-anstieg-der-geschaeftsreisen-in-europa-em-effekt-in-der-schweiz-spuerbar\\\/\",\"url\":\"https:\\\/\\\/www.organisator.ch\\\/human-resources\\\/2024-08-23\\\/leichter-anstieg-der-geschaeftsreisen-in-europa-em-effekt-in-der-schweiz-spuerbar\\\/\",\"name\":\"Leichter Anstieg der Gesch\u00e4ftsreisen in Europa \u2013 EM-Effekt in der Schweiz sp\u00fcrbar - Organisator\",\"isPartOf\":{\"@id\":\"https:\\\/\\\/www.organisator.ch\\\/#website\"},\"primaryImageOfPage\":{\"@id\":\"https:\\\/\\\/www.organisator.ch\\\/human-resources\\\/2024-08-23\\\/leichter-anstieg-der-geschaeftsreisen-in-europa-em-effekt-in-der-schweiz-spuerbar\\\/#primaryimage\"},\"image\":{\"@id\":\"https:\\\/\\\/www.organisator.ch\\\/human-resources\\\/2024-08-23\\\/leichter-anstieg-der-geschaeftsreisen-in-europa-em-effekt-in-der-schweiz-spuerbar\\\/#primaryimage\"},\"thumbnailUrl\":\"https:\\\/\\\/www.organisator.ch\\\/wp-content\\\/uploads\\\/2024\\\/08\\\/AirPlus_Business-Travel_Bild1_ps.jpg\",\"datePublished\":\"2024-08-23T05:44:34+00:00\",\"description\":\"Europ\u00e4ische Unternehmen schickten ihre Mitarbeitenden im ersten Halbjahr 2024 wieder vermehrt auf Reisen.\",\"breadcrumb\":{\"@id\":\"https:\\\/\\\/www.organisator.ch\\\/human-resources\\\/2024-08-23\\\/leichter-anstieg-der-geschaeftsreisen-in-europa-em-effekt-in-der-schweiz-spuerbar\\\/#breadcrumb\"},\"inLanguage\":\"en-US\",\"potentialAction\":[{\"@type\":\"ReadAction\",\"target\":[\"https:\\\/\\\/www.organisator.ch\\\/human-resources\\\/2024-08-23\\\/leichter-anstieg-der-geschaeftsreisen-in-europa-em-effekt-in-der-schweiz-spuerbar\\\/\"]}]},{\"@type\":\"ImageObject\",\"inLanguage\":\"en-US\",\"@id\":\"https:\\\/\\\/www.organisator.ch\\\/human-resources\\\/2024-08-23\\\/leichter-anstieg-der-geschaeftsreisen-in-europa-em-effekt-in-der-schweiz-spuerbar\\\/#primaryimage\",\"url\":\"https:\\\/\\\/www.organisator.ch\\\/wp-content\\\/uploads\\\/2024\\\/08\\\/AirPlus_Business-Travel_Bild1_ps.jpg\",\"contentUrl\":\"https:\\\/\\\/www.organisator.ch\\\/wp-content\\\/uploads\\\/2024\\\/08\\\/AirPlus_Business-Travel_Bild1_ps.jpg\",\"width\":680,\"height\":440,\"caption\":\"Der Trend, Gesch\u00e4ftsreisen mit einem privaten Aufenthalt zu verl\u00e4ngern, setzte sich im ersten Halbjahr weiter fort. (Bild: www.airplus.com)\"},{\"@type\":\"BreadcrumbList\",\"@id\":\"https:\\\/\\\/www.organisator.ch\\\/human-resources\\\/2024-08-23\\\/leichter-anstieg-der-geschaeftsreisen-in-europa-em-effekt-in-der-schweiz-spuerbar\\\/#breadcrumb\",\"itemListElement\":[{\"@type\":\"ListItem\",\"position\":1,\"name\":\"Home\",\"item\":\"https:\\\/\\\/www.organisator.ch\\\/\"},{\"@type\":\"ListItem\",\"position\":2,\"name\":\"Leichter Anstieg der Gesch\u00e4ftsreisen in Europa \u2013 EM-Effekt in der Schweiz sp\u00fcrbar\"}]},{\"@type\":\"WebSite\",\"@id\":\"https:\\\/\\\/www.organisator.ch\\\/#website\",\"url\":\"https:\\\/\\\/www.organisator.ch\\\/\",\"name\":\"Organisator\",\"description\":\"Kompetent. Praxisnah. Der ORGANISATOR bereitet in 10 Ausgaben pro Jahr die wesentlichen Themen f\u00fcr F\u00fchrungskr\u00e4fte von KMU auf.\",\"publisher\":{\"@id\":\"https:\\\/\\\/www.organisator.ch\\\/#organization\"},\"potentialAction\":[{\"@type\":\"SearchAction\",\"target\":{\"@type\":\"EntryPoint\",\"urlTemplate\":\"https:\\\/\\\/www.organisator.ch\\\/?s={search_term_string}\"},\"query-input\":{\"@type\":\"PropertyValueSpecification\",\"valueRequired\":true,\"valueName\":\"search_term_string\"}}],\"inLanguage\":\"en-US\"},{\"@type\":\"Organization\",\"@id\":\"https:\\\/\\\/www.organisator.ch\\\/#organization\",\"name\":\"Organisator\",\"url\":\"https:\\\/\\\/www.organisator.ch\\\/\",\"logo\":{\"@type\":\"ImageObject\",\"inLanguage\":\"en-US\",\"@id\":\"https:\\\/\\\/www.organisator.ch\\\/#\\\/schema\\\/logo\\\/image\\\/\",\"url\":\"https:\\\/\\\/www.organisator.ch\\\/wp-content\\\/uploads\\\/2022\\\/01\\\/Logo_Organisator_Website.png\",\"contentUrl\":\"https:\\\/\\\/www.organisator.ch\\\/wp-content\\\/uploads\\\/2022\\\/01\\\/Logo_Organisator_Website.png\",\"width\":800,\"height\":77,\"caption\":\"Organisator\"},\"image\":{\"@id\":\"https:\\\/\\\/www.organisator.ch\\\/#\\\/schema\\\/logo\\\/image\\\/\"},\"sameAs\":[\"https:\\\/\\\/www.facebook.com\\\/OrganisatorFachmagazin\",\"https:\\\/\\\/www.linkedin.com\\\/showcase\\\/organisator-das-magazin-fr-kmu\",\"https:\\\/\\\/www.xing.com\\\/news\\\/pages\\\/organisator-ch-695\",\"https:\\\/\\\/www.youtube.com\\\/channel\\\/UCGP2Sq0iWaZwT3BdIAQFYpw\"]},{\"@type\":\"Person\",\"@id\":\"https:\\\/\\\/www.organisator.ch\\\/#\\\/schema\\\/person\\\/2e1314a2172123f874db408d8911d3f3\",\"name\":\"Adelisa Kalajdzini\",\"image\":{\"@type\":\"ImageObject\",\"inLanguage\":\"en-US\",\"@id\":\"https:\\\/\\\/secure.gravatar.com\\\/avatar\\\/09a397c22ac58cad6f160ee8306348599df9df58a8ede73696226897b9fa4b24?s=96&d=mm&r=g\",\"url\":\"https:\\\/\\\/secure.gravatar.com\\\/avatar\\\/09a397c22ac58cad6f160ee8306348599df9df58a8ede73696226897b9fa4b24?s=96&d=mm&r=g\",\"contentUrl\":\"https:\\\/\\\/secure.gravatar.com\\\/avatar\\\/09a397c22ac58cad6f160ee8306348599df9df58a8ede73696226897b9fa4b24?s=96&d=mm&r=g\",\"caption\":\"Adelisa Kalajdzini\"},\"url\":\"https:\\\/\\\/www.organisator.ch\\\/en\\\/author\\\/adelisa-kalajdzini\\\/\"}]}<\/script>\n<!-- \/ Yoast SEO plugin. -->","yoast_head_json":{"title":"Slight increase in business travel in Europe - EM effect noticeable in Switzerland - Organizer","description":"European companies sent more of their employees on trips again in the first half of 2024.","robots":{"index":"index","follow":"follow","max-snippet":"max-snippet:-1","max-image-preview":"max-image-preview:large","max-video-preview":"max-video-preview:-1"},"canonical":"https:\/\/www.organisator.ch\/en\/human-resources\/2024-08-23\/leichter-anstieg-der-geschaeftsreisen-in-europa-em-effekt-in-der-schweiz-spuerbar\/","og_locale":"en_US","og_type":"article","og_title":"Leichter Anstieg der Gesch\u00e4ftsreisen in Europa \u2013 EM-Effekt in der Schweiz sp\u00fcrbar","og_description":"Europ\u00e4ische Unternehmen schickten ihre Mitarbeitenden im ersten Halbjahr 2024 wieder vermehrt auf Reisen.","og_url":"https:\/\/www.organisator.ch\/en\/human-resources\/2024-08-23\/leichter-anstieg-der-geschaeftsreisen-in-europa-em-effekt-in-der-schweiz-spuerbar\/","og_site_name":"Organisator","article_publisher":"https:\/\/www.facebook.com\/OrganisatorFachmagazin","article_published_time":"2024-08-23T05:44:34+00:00","og_image":[{"width":680,"height":440,"url":"https:\/\/www.organisator.ch\/wp-content\/uploads\/2024\/08\/AirPlus_Business-Travel_Bild1_ps.jpg","type":"image\/jpeg"}],"author":"Adelisa Kalajdzini","twitter_card":"summary_large_image","twitter_title":"Leichter Anstieg der Gesch\u00e4ftsreisen in Europa \u2013 EM-Effekt in der Schweiz sp\u00fcrbar","twitter_description":"#Europ\u00e4ische #Unternehmen schickten ihre #Mitarbeitenden im ersten #Halbjahr 2024 wieder vermehrt auf #Reisen.","twitter_image":"https:\/\/www.organisator.ch\/wp-content\/uploads\/2024\/08\/AirPlus_Business-Travel_Bild1_ps.jpg","schema":{"@context":"https:\/\/schema.org","@graph":[{"@type":"Article","@id":"https:\/\/www.organisator.ch\/human-resources\/2024-08-23\/leichter-anstieg-der-geschaeftsreisen-in-europa-em-effekt-in-der-schweiz-spuerbar\/#article","isPartOf":{"@id":"https:\/\/www.organisator.ch\/human-resources\/2024-08-23\/leichter-anstieg-der-geschaeftsreisen-in-europa-em-effekt-in-der-schweiz-spuerbar\/"},"author":{"name":"Adelisa Kalajdzini","@id":"https:\/\/www.organisator.ch\/#\/schema\/person\/2e1314a2172123f874db408d8911d3f3"},"headline":"Leichter Anstieg der Gesch\u00e4ftsreisen in Europa \u2013 EM-Effekt in der Schweiz sp\u00fcrbar","datePublished":"2024-08-23T05:44:34+00:00","mainEntityOfPage":{"@id":"https:\/\/www.organisator.ch\/human-resources\/2024-08-23\/leichter-anstieg-der-geschaeftsreisen-in-europa-em-effekt-in-der-schweiz-spuerbar\/"},"wordCount":696,"publisher":{"@id":"https:\/\/www.organisator.ch\/#organization"},"image":{"@id":"https:\/\/www.organisator.ch\/human-resources\/2024-08-23\/leichter-anstieg-der-geschaeftsreisen-in-europa-em-effekt-in-der-schweiz-spuerbar\/#primaryimage"},"thumbnailUrl":"https:\/\/www.organisator.ch\/wp-content\/uploads\/2024\/08\/AirPlus_Business-Travel_Bild1_ps.jpg","keywords":["Bleisure","Business Travel Index","Gesch\u00e4ftsreisen","Schweiz","Unternehmen"],"articleSection":["HUMAN RESOURCES"],"inLanguage":"en-US"},{"@type":"WebPage","@id":"https:\/\/www.organisator.ch\/human-resources\/2024-08-23\/leichter-anstieg-der-geschaeftsreisen-in-europa-em-effekt-in-der-schweiz-spuerbar\/","url":"https:\/\/www.organisator.ch\/human-resources\/2024-08-23\/leichter-anstieg-der-geschaeftsreisen-in-europa-em-effekt-in-der-schweiz-spuerbar\/","name":"Slight increase in business travel in Europe - EM effect noticeable in Switzerland - Organizer","isPartOf":{"@id":"https:\/\/www.organisator.ch\/#website"},"primaryImageOfPage":{"@id":"https:\/\/www.organisator.ch\/human-resources\/2024-08-23\/leichter-anstieg-der-geschaeftsreisen-in-europa-em-effekt-in-der-schweiz-spuerbar\/#primaryimage"},"image":{"@id":"https:\/\/www.organisator.ch\/human-resources\/2024-08-23\/leichter-anstieg-der-geschaeftsreisen-in-europa-em-effekt-in-der-schweiz-spuerbar\/#primaryimage"},"thumbnailUrl":"https:\/\/www.organisator.ch\/wp-content\/uploads\/2024\/08\/AirPlus_Business-Travel_Bild1_ps.jpg","datePublished":"2024-08-23T05:44:34+00:00","description":"European companies sent more of their employees on trips again in the first half of 2024.","breadcrumb":{"@id":"https:\/\/www.organisator.ch\/human-resources\/2024-08-23\/leichter-anstieg-der-geschaeftsreisen-in-europa-em-effekt-in-der-schweiz-spuerbar\/#breadcrumb"},"inLanguage":"en-US","potentialAction":[{"@type":"ReadAction","target":["https:\/\/www.organisator.ch\/human-resources\/2024-08-23\/leichter-anstieg-der-geschaeftsreisen-in-europa-em-effekt-in-der-schweiz-spuerbar\/"]}]},{"@type":"ImageObject","inLanguage":"en-US","@id":"https:\/\/www.organisator.ch\/human-resources\/2024-08-23\/leichter-anstieg-der-geschaeftsreisen-in-europa-em-effekt-in-der-schweiz-spuerbar\/#primaryimage","url":"https:\/\/www.organisator.ch\/wp-content\/uploads\/2024\/08\/AirPlus_Business-Travel_Bild1_ps.jpg","contentUrl":"https:\/\/www.organisator.ch\/wp-content\/uploads\/2024\/08\/AirPlus_Business-Travel_Bild1_ps.jpg","width":680,"height":440,"caption":"Der Trend, Gesch\u00e4ftsreisen mit einem privaten Aufenthalt zu verl\u00e4ngern, setzte sich im ersten Halbjahr weiter fort. (Bild: www.airplus.com)"},{"@type":"BreadcrumbList","@id":"https:\/\/www.organisator.ch\/human-resources\/2024-08-23\/leichter-anstieg-der-geschaeftsreisen-in-europa-em-effekt-in-der-schweiz-spuerbar\/#breadcrumb","itemListElement":[{"@type":"ListItem","position":1,"name":"Home","item":"https:\/\/www.organisator.ch\/"},{"@type":"ListItem","position":2,"name":"Leichter Anstieg der Gesch\u00e4ftsreisen in Europa \u2013 EM-Effekt in der Schweiz sp\u00fcrbar"}]},{"@type":"WebSite","@id":"https:\/\/www.organisator.ch\/#website","url":"https:\/\/www.organisator.ch\/","name":"Organizer","description":"Competent. Practical. In 10 issues per year, ORGANISATOR presents the essential topics for managers of SMEs.","publisher":{"@id":"https:\/\/www.organisator.ch\/#organization"},"potentialAction":[{"@type":"SearchAction","target":{"@type":"EntryPoint","urlTemplate":"https:\/\/www.organisator.ch\/?s={search_term_string}"},"query-input":{"@type":"PropertyValueSpecification","valueRequired":true,"valueName":"search_term_string"}}],"inLanguage":"en-US"},{"@type":"Organization","@id":"https:\/\/www.organisator.ch\/#organization","name":"Organizer","url":"https:\/\/www.organisator.ch\/","logo":{"@type":"ImageObject","inLanguage":"en-US","@id":"https:\/\/www.organisator.ch\/#\/schema\/logo\/image\/","url":"https:\/\/www.organisator.ch\/wp-content\/uploads\/2022\/01\/Logo_Organisator_Website.png","contentUrl":"https:\/\/www.organisator.ch\/wp-content\/uploads\/2022\/01\/Logo_Organisator_Website.png","width":800,"height":77,"caption":"Organisator"},"image":{"@id":"https:\/\/www.organisator.ch\/#\/schema\/logo\/image\/"},"sameAs":["https:\/\/www.facebook.com\/OrganisatorFachmagazin","https:\/\/www.linkedin.com\/showcase\/organisator-das-magazin-fr-kmu","https:\/\/www.xing.com\/news\/pages\/organisator-ch-695","https:\/\/www.youtube.com\/channel\/UCGP2Sq0iWaZwT3BdIAQFYpw"]},{"@type":"Person","@id":"https:\/\/www.organisator.ch\/#\/schema\/person\/2e1314a2172123f874db408d8911d3f3","name":"Adelisa Kalajdzini","image":{"@type":"ImageObject","inLanguage":"en-US","@id":"https:\/\/secure.gravatar.com\/avatar\/09a397c22ac58cad6f160ee8306348599df9df58a8ede73696226897b9fa4b24?s=96&d=mm&r=g","url":"https:\/\/secure.gravatar.com\/avatar\/09a397c22ac58cad6f160ee8306348599df9df58a8ede73696226897b9fa4b24?s=96&d=mm&r=g","contentUrl":"https:\/\/secure.gravatar.com\/avatar\/09a397c22ac58cad6f160ee8306348599df9df58a8ede73696226897b9fa4b24?s=96&d=mm&r=g","caption":"Adelisa Kalajdzini"},"url":"https:\/\/www.organisator.ch\/en\/author\/adelisa-kalajdzini\/"}]}},"_links":{"self":[{"href":"https:\/\/www.organisator.ch\/en\/wp-json\/wp\/v2\/posts\/29217","targetHints":{"allow":["GET"]}}],"collection":[{"href":"https:\/\/www.organisator.ch\/en\/wp-json\/wp\/v2\/posts"}],"about":[{"href":"https:\/\/www.organisator.ch\/en\/wp-json\/wp\/v2\/types\/post"}],"author":[{"embeddable":true,"href":"https:\/\/www.organisator.ch\/en\/wp-json\/wp\/v2\/users\/58"}],"replies":[{"embeddable":true,"href":"https:\/\/www.organisator.ch\/en\/wp-json\/wp\/v2\/comments?post=29217"}],"version-history":[{"count":5,"href":"https:\/\/www.organisator.ch\/en\/wp-json\/wp\/v2\/posts\/29217\/revisions"}],"predecessor-version":[{"id":29303,"href":"https:\/\/www.organisator.ch\/en\/wp-json\/wp\/v2\/posts\/29217\/revisions\/29303"}],"wp:featuredmedia":[{"embeddable":true,"href":"https:\/\/www.organisator.ch\/en\/wp-json\/wp\/v2\/media\/29219"}],"wp:attachment":[{"href":"https:\/\/www.organisator.ch\/en\/wp-json\/wp\/v2\/media?parent=29217"}],"wp:term":[{"taxonomy":"category","embeddable":true,"href":"https:\/\/www.organisator.ch\/en\/wp-json\/wp\/v2\/categories?post=29217"},{"taxonomy":"post_tag","embeddable":true,"href":"https:\/\/www.organisator.ch\/en\/wp-json\/wp\/v2\/tags?post=29217"}],"curies":[{"name":"wp","href":"https:\/\/api.w.org\/{rel}","templated":true}]}}