{"id":2926,"date":"2018-01-03T08:29:36","date_gmt":"2018-01-03T07:29:36","guid":{"rendered":"https:\/\/www.organisator.ch\/?p=2926"},"modified":"2018-01-03T08:29:36","modified_gmt":"2018-01-03T07:29:36","slug":"schweizer-kmu-setzen-auf-die-microsoft%e2%80%90cloud","status":"publish","type":"post","link":"https:\/\/www.organisator.ch\/en\/management\/it\/2018-01-03\/schweizer-kmu-setzen-auf-die-microsoft%e2%80%90cloud\/","title":{"rendered":"Swiss SMEs rely on the Microsoft cloud"},"content":{"rendered":"<figure id=\"attachment_2927\" aria-describedby=\"caption-attachment-2927\" style=\"width: 640px\" class=\"wp-caption alignnone\"><img loading=\"lazy\" decoding=\"async\" class=\"size-full wp-image-2927\" src=\"https:\/\/www.organisator.ch\/wp-content\/uploads\/2018\/01\/Schweizer-KMU-setzen-auf-die-Microsoft-Cloud_Organisator.jpg\" alt=\"\" width=\"640\" height=\"480\" srcset=\"https:\/\/www.organisator.ch\/wp-content\/uploads\/2018\/01\/Schweizer-KMU-setzen-auf-die-Microsoft-Cloud_Organisator.jpg 640w, https:\/\/www.organisator.ch\/wp-content\/uploads\/2018\/01\/Schweizer-KMU-setzen-auf-die-Microsoft-Cloud_Organisator-16x12.jpg 16w, https:\/\/www.organisator.ch\/wp-content\/uploads\/2018\/01\/Schweizer-KMU-setzen-auf-die-Microsoft-Cloud_Organisator-233x175.jpg 233w, https:\/\/www.organisator.ch\/wp-content\/uploads\/2018\/01\/Schweizer-KMU-setzen-auf-die-Microsoft-Cloud_Organisator-467x350.jpg 467w, https:\/\/www.organisator.ch\/wp-content\/uploads\/2018\/01\/Schweizer-KMU-setzen-auf-die-Microsoft-Cloud_Organisator-300x225.jpg 300w\" sizes=\"auto, (max-width: 640px) 100vw, 640px\" \/><figcaption id=\"caption-attachment-2927\" class=\"wp-caption-text\">More and more SMEs are turning to cloud computing. Reference customers of the Microsoft cloud are now demonstrating the advantages of the \"cloud\" in a campaign. (Image: Uschi Dreiucker \/ pixelio.de)<\/figcaption><\/figure>\n<p align=\"LEFT\">The importance of cloud computing is growing rapidly. According to Microsoft, 45 percent of Swiss companies are now pursuing a cloud-first strategy, and global cloud investments are expected to break the $40 billion mark in 2017. While large companies in particular initially embraced the technology due to economies of scale, small and medium-sized enterprises have now discovered the cloud for themselves.<\/p>\n<h2 align=\"LEFT\">Microsoft Cloud Reference Customers<\/h2>\n<p align=\"LEFT\">Against this background, Microsoft has launched the \"Cloud Hero\" campaign. It aims to illustrate how innovative SMEs are using the cloud to optimize their processes and develop new business models. The aim of the campaign is to serve as an inspiration for local SMEs. The following reference customers of the Microsoft Cloud have taken a look behind the scenes:<\/p>\n<ul>\n<li>Data Sport AG, Gerlafingen<\/li>\n<li>Doppelleu Brewery, Winterthur<\/li>\n<li>Ei AG, Sursee<\/li>\n<li>Konzeptwerk GmbH, Wetzikon<\/li>\n<li>NoTime AG, Zurich<\/li>\n<li>Swiss-Soft Solutions GmbH, St. Gallen<\/li>\n<li>YourAnswer.ch AG, Bern<\/li>\n<\/ul>\n<h2 align=\"LEFT\">Get off to a fast start thanks to flexibility<\/h2>\n<p align=\"LEFT\">The \"Cloud Heros\" show that SMEs in particular benefit from the advantages of the cloud. One of the major challenges for SMEs is to cope with high investment costs in IT. Cloud solutions in particular can massively reduce these costs. Marco Russo, Managing Director of Soft Solutions, says: \"Thanks to the cloud solution, we don't have high investment costs because we hardly have to purchase any hardware.\" In addition, peak loads can be absorbed flexibly without having to purchase oversized hardware. Philipp Antoni from the innovative delivery service NoTime: \"We need a great deal of flexibility, because we need different computing power depending on the order volume. That's exactly what the Azure Cloud offers.\" For young companies that are growing rapidly and have a high degree of volatility, this is a decisive advantage, Microsoft notes.<\/p>\n<h2 align=\"LEFT\">Professional environment ensures safety<\/h2>\n<p align=\"LEFT\">Philip Bucher, Managing Director of Brauwerkstatt Doppelleu, is convinced by another advantage in addition to location independence and flexibility: \"It's all about security. I can sleep better when our data is stored in a professional environment and not in our basement.\"<\/p>\n<p align=\"LEFT\">Microsoft Switzerland accordingly expects that Swiss SMEs will continue to rely increasingly on cloud solutions in the future. \"In discussions with customers, we notice that the Microsoft cloud is now widely accepted and in demand. We assume that in the future a majority of Swiss SMEs will rely on a cloud-first strategy,\" says David Kurth, Cloud + Enterprise Business Group Lead Microsoft Switzerland.<\/p>\n<p><em>More information: <a href=\"http:\/\/www.microsoft.com\/azure\">www.microsoft.com\/azure<\/a><\/em><\/p>","protected":false},"excerpt":{"rendered":"<p>Die Bedeutung von Cloudcomputing nimmt rasant zu. Gem\u00e4ss Microsoft verfolgen 45 Prozent der Schweizer Unternehmen mittlerweile eine Cloud\u2010First\u2010Strategie, und die weltweiten Cloudinvestitionen werden 2017 voraussichtlich die Marke von 40 Milliarden Dollar knacken. W\u00e4rend sich anfangs aufgrund der Skaleneffekte insbesondere Grossunternehmen mit der Technologie auseinandersetzten, haben mittlerweile gerade kleine und mittlere Unternehmen die Cloud f\u00fc sich [&hellip;]<\/p>\n","protected":false},"author":4,"featured_media":2927,"comment_status":"open","ping_status":"open","sticky":false,"template":"","format":"standard","meta":{"_acf_changed":false,"_yoast_wpseo_focuskw":"Microsoft-Cloud","_yoast_wpseo_metadesc":"Mit der Kampagne \u00abCloud Hero\u00bb zeigt Microsoft Schweiz, wie Kleinbetriebe die Cloud einsetzen, um neue Gesch\u00e4ftsmodelle zu entwickeln.","articlekey":"","footnotes":""},"categories":[27],"tags":[123,156,286,288],"class_list":["post-2926","post","type-post","status-publish","format-standard","has-post-thumbnail","hentry","category-it","tag-cloud-computing","tag-digitalisierung","tag-it","tag-it-business-software"],"acf":[],"yoast_head":"<!-- This site is optimized with the Yoast SEO plugin v27.5 - https:\/\/yoast.com\/product\/yoast-seo-wordpress\/ -->\n<title>Schweizer KMU setzen auf die Microsoft-Cloud - Organisator<\/title>\n<meta name=\"description\" content=\"Mit der Kampagne \u00abCloud Hero\u00bb zeigt Microsoft Schweiz, wie Kleinbetriebe die Cloud einsetzen, um neue Gesch\u00e4ftsmodelle zu entwickeln.\" \/>\n<meta name=\"robots\" content=\"index, follow, max-snippet:-1, max-image-preview:large, max-video-preview:-1\" \/>\n<link rel=\"canonical\" href=\"https:\/\/www.organisator.ch\/en\/management\/it\/2018-01-03\/schweizer-kmu-setzen-auf-die-microsoft\u2010cloud\/\" \/>\n<meta property=\"og:locale\" content=\"en_US\" \/>\n<meta property=\"og:type\" content=\"article\" \/>\n<meta property=\"og:title\" content=\"Schweizer KMU setzen auf die Microsoft-Cloud\" \/>\n<meta property=\"og:description\" content=\"Mit der #Kampagne \u00abCloud Hero\u00bb zeigt Microsoft Schweiz, wie #Kleinbetriebe die Cloud einsetzen, um neue Gesch\u00e4ftsmodelle zu entwickeln.\" \/>\n<meta property=\"og:url\" content=\"https:\/\/www.organisator.ch\/en\/management\/it\/2018-01-03\/schweizer-kmu-setzen-auf-die-microsoft\u2010cloud\/\" \/>\n<meta property=\"og:site_name\" content=\"Organisator\" \/>\n<meta property=\"article:publisher\" content=\"https:\/\/www.facebook.com\/OrganisatorFachmagazin\" \/>\n<meta property=\"article:published_time\" content=\"2018-01-03T07:29:36+00:00\" \/>\n<meta property=\"og:image\" content=\"https:\/\/www.organisator.ch\/wp-content\/uploads\/2018\/01\/Schweizer-KMU-setzen-auf-die-Microsoft-Cloud_Organisator.jpg\" \/>\n\t<meta property=\"og:image:width\" content=\"640\" \/>\n\t<meta property=\"og:image:height\" content=\"480\" \/>\n\t<meta property=\"og:image:type\" content=\"image\/jpeg\" \/>\n<meta name=\"author\" content=\"thomas.berner\" \/>\n<meta name=\"twitter:card\" content=\"summary_large_image\" \/>\n<meta name=\"twitter:title\" content=\"Schweizer KMU setzen auf die #Microsoft-Cloud\" \/>\n<meta name=\"twitter:description\" content=\"Mit der #Kampagne \u00abCloud Hero\u00bb zeigt Microsoft Schweiz, wie #Kleinbetriebe die Cloud einsetzen, um neue Gesch\u00e4ftsmodelle zu entwickeln.\" \/>\n<meta name=\"twitter:image\" content=\"https:\/\/www.organisator.ch\/wp-content\/uploads\/2018\/01\/Schweizer-KMU-setzen-auf-die-Microsoft-Cloud_Organisator.jpg\" \/>\n<script type=\"application\/ld+json\" class=\"yoast-schema-graph\">{\"@context\":\"https:\\\/\\\/schema.org\",\"@graph\":[{\"@type\":\"Article\",\"@id\":\"https:\\\/\\\/www.organisator.ch\\\/management\\\/it\\\/2018-01-03\\\/schweizer-kmu-setzen-auf-die-microsoft%e2%80%90cloud\\\/#article\",\"isPartOf\":{\"@id\":\"https:\\\/\\\/www.organisator.ch\\\/management\\\/it\\\/2018-01-03\\\/schweizer-kmu-setzen-auf-die-microsoft%e2%80%90cloud\\\/\"},\"author\":{\"name\":\"thomas.berner\",\"@id\":\"https:\\\/\\\/www.organisator.ch\\\/#\\\/schema\\\/person\\\/6f650f90b2842cd4c0cc334b4e36f67e\"},\"headline\":\"Schweizer KMU setzen auf die Microsoft-Cloud\",\"datePublished\":\"2018-01-03T07:29:36+00:00\",\"mainEntityOfPage\":{\"@id\":\"https:\\\/\\\/www.organisator.ch\\\/management\\\/it\\\/2018-01-03\\\/schweizer-kmu-setzen-auf-die-microsoft%e2%80%90cloud\\\/\"},\"wordCount\":426,\"commentCount\":0,\"publisher\":{\"@id\":\"https:\\\/\\\/www.organisator.ch\\\/#organization\"},\"image\":{\"@id\":\"https:\\\/\\\/www.organisator.ch\\\/management\\\/it\\\/2018-01-03\\\/schweizer-kmu-setzen-auf-die-microsoft%e2%80%90cloud\\\/#primaryimage\"},\"thumbnailUrl\":\"https:\\\/\\\/www.organisator.ch\\\/wp-content\\\/uploads\\\/2018\\\/01\\\/Schweizer-KMU-setzen-auf-die-Microsoft-Cloud_Organisator.jpg\",\"keywords\":[\"Cloud Computing\",\"Digitalisierung\",\"IT\",\"IT &amp; Business Software\"],\"articleSection\":[\"IT\"],\"inLanguage\":\"en-US\"},{\"@type\":\"WebPage\",\"@id\":\"https:\\\/\\\/www.organisator.ch\\\/management\\\/it\\\/2018-01-03\\\/schweizer-kmu-setzen-auf-die-microsoft%e2%80%90cloud\\\/\",\"url\":\"https:\\\/\\\/www.organisator.ch\\\/management\\\/it\\\/2018-01-03\\\/schweizer-kmu-setzen-auf-die-microsoft%e2%80%90cloud\\\/\",\"name\":\"Schweizer KMU setzen auf die Microsoft-Cloud - Organisator\",\"isPartOf\":{\"@id\":\"https:\\\/\\\/www.organisator.ch\\\/#website\"},\"primaryImageOfPage\":{\"@id\":\"https:\\\/\\\/www.organisator.ch\\\/management\\\/it\\\/2018-01-03\\\/schweizer-kmu-setzen-auf-die-microsoft%e2%80%90cloud\\\/#primaryimage\"},\"image\":{\"@id\":\"https:\\\/\\\/www.organisator.ch\\\/management\\\/it\\\/2018-01-03\\\/schweizer-kmu-setzen-auf-die-microsoft%e2%80%90cloud\\\/#primaryimage\"},\"thumbnailUrl\":\"https:\\\/\\\/www.organisator.ch\\\/wp-content\\\/uploads\\\/2018\\\/01\\\/Schweizer-KMU-setzen-auf-die-Microsoft-Cloud_Organisator.jpg\",\"datePublished\":\"2018-01-03T07:29:36+00:00\",\"description\":\"Mit der Kampagne \u00abCloud Hero\u00bb zeigt Microsoft Schweiz, wie Kleinbetriebe die Cloud einsetzen, um neue Gesch\u00e4ftsmodelle zu entwickeln.\",\"breadcrumb\":{\"@id\":\"https:\\\/\\\/www.organisator.ch\\\/management\\\/it\\\/2018-01-03\\\/schweizer-kmu-setzen-auf-die-microsoft%e2%80%90cloud\\\/#breadcrumb\"},\"inLanguage\":\"en-US\",\"potentialAction\":[{\"@type\":\"ReadAction\",\"target\":[\"https:\\\/\\\/www.organisator.ch\\\/management\\\/it\\\/2018-01-03\\\/schweizer-kmu-setzen-auf-die-microsoft%e2%80%90cloud\\\/\"]}]},{\"@type\":\"ImageObject\",\"inLanguage\":\"en-US\",\"@id\":\"https:\\\/\\\/www.organisator.ch\\\/management\\\/it\\\/2018-01-03\\\/schweizer-kmu-setzen-auf-die-microsoft%e2%80%90cloud\\\/#primaryimage\",\"url\":\"https:\\\/\\\/www.organisator.ch\\\/wp-content\\\/uploads\\\/2018\\\/01\\\/Schweizer-KMU-setzen-auf-die-Microsoft-Cloud_Organisator.jpg\",\"contentUrl\":\"https:\\\/\\\/www.organisator.ch\\\/wp-content\\\/uploads\\\/2018\\\/01\\\/Schweizer-KMU-setzen-auf-die-Microsoft-Cloud_Organisator.jpg\",\"width\":640,\"height\":480,\"caption\":\"Immer mehr KMU setzen auf Cloud Computing. Referenzkunden der Microsoft-Cloud zeigen nun in einer Kampagne die Vorteile der \\\"Wolke\\\" auf. (Bild: Uschi Dreiucker \\\/ pixelio.de)\"},{\"@type\":\"BreadcrumbList\",\"@id\":\"https:\\\/\\\/www.organisator.ch\\\/management\\\/it\\\/2018-01-03\\\/schweizer-kmu-setzen-auf-die-microsoft%e2%80%90cloud\\\/#breadcrumb\",\"itemListElement\":[{\"@type\":\"ListItem\",\"position\":1,\"name\":\"Home\",\"item\":\"https:\\\/\\\/www.organisator.ch\\\/\"},{\"@type\":\"ListItem\",\"position\":2,\"name\":\"Schweizer KMU setzen auf die Microsoft-Cloud\"}]},{\"@type\":\"WebSite\",\"@id\":\"https:\\\/\\\/www.organisator.ch\\\/#website\",\"url\":\"https:\\\/\\\/www.organisator.ch\\\/\",\"name\":\"Organisator\",\"description\":\"Kompetent. Praxisnah. Der ORGANISATOR bereitet in 10 Ausgaben pro Jahr die wesentlichen Themen f\u00fcr F\u00fchrungskr\u00e4fte von KMU auf.\",\"publisher\":{\"@id\":\"https:\\\/\\\/www.organisator.ch\\\/#organization\"},\"potentialAction\":[{\"@type\":\"SearchAction\",\"target\":{\"@type\":\"EntryPoint\",\"urlTemplate\":\"https:\\\/\\\/www.organisator.ch\\\/?s={search_term_string}\"},\"query-input\":{\"@type\":\"PropertyValueSpecification\",\"valueRequired\":true,\"valueName\":\"search_term_string\"}}],\"inLanguage\":\"en-US\"},{\"@type\":\"Organization\",\"@id\":\"https:\\\/\\\/www.organisator.ch\\\/#organization\",\"name\":\"Organisator\",\"url\":\"https:\\\/\\\/www.organisator.ch\\\/\",\"logo\":{\"@type\":\"ImageObject\",\"inLanguage\":\"en-US\",\"@id\":\"https:\\\/\\\/www.organisator.ch\\\/#\\\/schema\\\/logo\\\/image\\\/\",\"url\":\"https:\\\/\\\/www.organisator.ch\\\/wp-content\\\/uploads\\\/2022\\\/01\\\/Logo_Organisator_Website.png\",\"contentUrl\":\"https:\\\/\\\/www.organisator.ch\\\/wp-content\\\/uploads\\\/2022\\\/01\\\/Logo_Organisator_Website.png\",\"width\":800,\"height\":77,\"caption\":\"Organisator\"},\"image\":{\"@id\":\"https:\\\/\\\/www.organisator.ch\\\/#\\\/schema\\\/logo\\\/image\\\/\"},\"sameAs\":[\"https:\\\/\\\/www.facebook.com\\\/OrganisatorFachmagazin\",\"https:\\\/\\\/www.linkedin.com\\\/showcase\\\/organisator-das-magazin-fr-kmu\",\"https:\\\/\\\/www.xing.com\\\/news\\\/pages\\\/organisator-ch-695\",\"https:\\\/\\\/www.youtube.com\\\/channel\\\/UCGP2Sq0iWaZwT3BdIAQFYpw\"]},{\"@type\":\"Person\",\"@id\":\"https:\\\/\\\/www.organisator.ch\\\/#\\\/schema\\\/person\\\/6f650f90b2842cd4c0cc334b4e36f67e\",\"name\":\"thomas.berner\",\"image\":{\"@type\":\"ImageObject\",\"inLanguage\":\"en-US\",\"@id\":\"https:\\\/\\\/secure.gravatar.com\\\/avatar\\\/ac5001d2a36cb6c6cd3e50789007ffca834b477b74a2144564522e944eabff61?s=96&d=mm&r=g\",\"url\":\"https:\\\/\\\/secure.gravatar.com\\\/avatar\\\/ac5001d2a36cb6c6cd3e50789007ffca834b477b74a2144564522e944eabff61?s=96&d=mm&r=g\",\"contentUrl\":\"https:\\\/\\\/secure.gravatar.com\\\/avatar\\\/ac5001d2a36cb6c6cd3e50789007ffca834b477b74a2144564522e944eabff61?s=96&d=mm&r=g\",\"caption\":\"thomas.berner\"},\"url\":\"https:\\\/\\\/www.organisator.ch\\\/en\\\/author\\\/thomas-berner\\\/\"}]}<\/script>\n<!-- \/ Yoast SEO plugin. -->","yoast_head_json":{"title":"Swiss SMEs rely on the Microsoft cloud - Organizer","description":"With its \"Cloud Hero\" campaign, Microsoft Switzerland shows how small businesses are using the cloud to develop new business models.","robots":{"index":"index","follow":"follow","max-snippet":"max-snippet:-1","max-image-preview":"max-image-preview:large","max-video-preview":"max-video-preview:-1"},"canonical":"https:\/\/www.organisator.ch\/en\/management\/it\/2018-01-03\/schweizer-kmu-setzen-auf-die-microsoft\u2010cloud\/","og_locale":"en_US","og_type":"article","og_title":"Schweizer KMU setzen auf die Microsoft-Cloud","og_description":"Mit der #Kampagne \u00abCloud Hero\u00bb zeigt Microsoft Schweiz, wie #Kleinbetriebe die Cloud einsetzen, um neue Gesch\u00e4ftsmodelle zu entwickeln.","og_url":"https:\/\/www.organisator.ch\/en\/management\/it\/2018-01-03\/schweizer-kmu-setzen-auf-die-microsoft\u2010cloud\/","og_site_name":"Organisator","article_publisher":"https:\/\/www.facebook.com\/OrganisatorFachmagazin","article_published_time":"2018-01-03T07:29:36+00:00","og_image":[{"width":640,"height":480,"url":"https:\/\/www.organisator.ch\/wp-content\/uploads\/2018\/01\/Schweizer-KMU-setzen-auf-die-Microsoft-Cloud_Organisator.jpg","type":"image\/jpeg"}],"author":"thomas.berner","twitter_card":"summary_large_image","twitter_title":"Schweizer KMU setzen auf die #Microsoft-Cloud","twitter_description":"Mit der #Kampagne \u00abCloud Hero\u00bb zeigt Microsoft Schweiz, wie #Kleinbetriebe die Cloud einsetzen, um neue Gesch\u00e4ftsmodelle zu entwickeln.","twitter_image":"https:\/\/www.organisator.ch\/wp-content\/uploads\/2018\/01\/Schweizer-KMU-setzen-auf-die-Microsoft-Cloud_Organisator.jpg","schema":{"@context":"https:\/\/schema.org","@graph":[{"@type":"Article","@id":"https:\/\/www.organisator.ch\/management\/it\/2018-01-03\/schweizer-kmu-setzen-auf-die-microsoft%e2%80%90cloud\/#article","isPartOf":{"@id":"https:\/\/www.organisator.ch\/management\/it\/2018-01-03\/schweizer-kmu-setzen-auf-die-microsoft%e2%80%90cloud\/"},"author":{"name":"thomas.berner","@id":"https:\/\/www.organisator.ch\/#\/schema\/person\/6f650f90b2842cd4c0cc334b4e36f67e"},"headline":"Schweizer KMU setzen auf die Microsoft-Cloud","datePublished":"2018-01-03T07:29:36+00:00","mainEntityOfPage":{"@id":"https:\/\/www.organisator.ch\/management\/it\/2018-01-03\/schweizer-kmu-setzen-auf-die-microsoft%e2%80%90cloud\/"},"wordCount":426,"commentCount":0,"publisher":{"@id":"https:\/\/www.organisator.ch\/#organization"},"image":{"@id":"https:\/\/www.organisator.ch\/management\/it\/2018-01-03\/schweizer-kmu-setzen-auf-die-microsoft%e2%80%90cloud\/#primaryimage"},"thumbnailUrl":"https:\/\/www.organisator.ch\/wp-content\/uploads\/2018\/01\/Schweizer-KMU-setzen-auf-die-Microsoft-Cloud_Organisator.jpg","keywords":["Cloud Computing","Digitalisierung","IT","IT &amp; Business Software"],"articleSection":["IT"],"inLanguage":"en-US"},{"@type":"WebPage","@id":"https:\/\/www.organisator.ch\/management\/it\/2018-01-03\/schweizer-kmu-setzen-auf-die-microsoft%e2%80%90cloud\/","url":"https:\/\/www.organisator.ch\/management\/it\/2018-01-03\/schweizer-kmu-setzen-auf-die-microsoft%e2%80%90cloud\/","name":"Swiss SMEs rely on the Microsoft cloud - Organizer","isPartOf":{"@id":"https:\/\/www.organisator.ch\/#website"},"primaryImageOfPage":{"@id":"https:\/\/www.organisator.ch\/management\/it\/2018-01-03\/schweizer-kmu-setzen-auf-die-microsoft%e2%80%90cloud\/#primaryimage"},"image":{"@id":"https:\/\/www.organisator.ch\/management\/it\/2018-01-03\/schweizer-kmu-setzen-auf-die-microsoft%e2%80%90cloud\/#primaryimage"},"thumbnailUrl":"https:\/\/www.organisator.ch\/wp-content\/uploads\/2018\/01\/Schweizer-KMU-setzen-auf-die-Microsoft-Cloud_Organisator.jpg","datePublished":"2018-01-03T07:29:36+00:00","description":"With its \"Cloud Hero\" campaign, Microsoft Switzerland shows how small businesses are using the cloud to develop new business models.","breadcrumb":{"@id":"https:\/\/www.organisator.ch\/management\/it\/2018-01-03\/schweizer-kmu-setzen-auf-die-microsoft%e2%80%90cloud\/#breadcrumb"},"inLanguage":"en-US","potentialAction":[{"@type":"ReadAction","target":["https:\/\/www.organisator.ch\/management\/it\/2018-01-03\/schweizer-kmu-setzen-auf-die-microsoft%e2%80%90cloud\/"]}]},{"@type":"ImageObject","inLanguage":"en-US","@id":"https:\/\/www.organisator.ch\/management\/it\/2018-01-03\/schweizer-kmu-setzen-auf-die-microsoft%e2%80%90cloud\/#primaryimage","url":"https:\/\/www.organisator.ch\/wp-content\/uploads\/2018\/01\/Schweizer-KMU-setzen-auf-die-Microsoft-Cloud_Organisator.jpg","contentUrl":"https:\/\/www.organisator.ch\/wp-content\/uploads\/2018\/01\/Schweizer-KMU-setzen-auf-die-Microsoft-Cloud_Organisator.jpg","width":640,"height":480,"caption":"Immer mehr KMU setzen auf Cloud Computing. Referenzkunden der Microsoft-Cloud zeigen nun in einer Kampagne die Vorteile der \"Wolke\" auf. (Bild: Uschi Dreiucker \/ pixelio.de)"},{"@type":"BreadcrumbList","@id":"https:\/\/www.organisator.ch\/management\/it\/2018-01-03\/schweizer-kmu-setzen-auf-die-microsoft%e2%80%90cloud\/#breadcrumb","itemListElement":[{"@type":"ListItem","position":1,"name":"Home","item":"https:\/\/www.organisator.ch\/"},{"@type":"ListItem","position":2,"name":"Schweizer KMU setzen auf die Microsoft-Cloud"}]},{"@type":"WebSite","@id":"https:\/\/www.organisator.ch\/#website","url":"https:\/\/www.organisator.ch\/","name":"Organizer","description":"Competent. Practical. In 10 issues per year, ORGANISATOR presents the essential topics for managers of SMEs.","publisher":{"@id":"https:\/\/www.organisator.ch\/#organization"},"potentialAction":[{"@type":"SearchAction","target":{"@type":"EntryPoint","urlTemplate":"https:\/\/www.organisator.ch\/?s={search_term_string}"},"query-input":{"@type":"PropertyValueSpecification","valueRequired":true,"valueName":"search_term_string"}}],"inLanguage":"en-US"},{"@type":"Organization","@id":"https:\/\/www.organisator.ch\/#organization","name":"Organizer","url":"https:\/\/www.organisator.ch\/","logo":{"@type":"ImageObject","inLanguage":"en-US","@id":"https:\/\/www.organisator.ch\/#\/schema\/logo\/image\/","url":"https:\/\/www.organisator.ch\/wp-content\/uploads\/2022\/01\/Logo_Organisator_Website.png","contentUrl":"https:\/\/www.organisator.ch\/wp-content\/uploads\/2022\/01\/Logo_Organisator_Website.png","width":800,"height":77,"caption":"Organisator"},"image":{"@id":"https:\/\/www.organisator.ch\/#\/schema\/logo\/image\/"},"sameAs":["https:\/\/www.facebook.com\/OrganisatorFachmagazin","https:\/\/www.linkedin.com\/showcase\/organisator-das-magazin-fr-kmu","https:\/\/www.xing.com\/news\/pages\/organisator-ch-695","https:\/\/www.youtube.com\/channel\/UCGP2Sq0iWaZwT3BdIAQFYpw"]},{"@type":"Person","@id":"https:\/\/www.organisator.ch\/#\/schema\/person\/6f650f90b2842cd4c0cc334b4e36f67e","name":"thomas.berner","image":{"@type":"ImageObject","inLanguage":"en-US","@id":"https:\/\/secure.gravatar.com\/avatar\/ac5001d2a36cb6c6cd3e50789007ffca834b477b74a2144564522e944eabff61?s=96&d=mm&r=g","url":"https:\/\/secure.gravatar.com\/avatar\/ac5001d2a36cb6c6cd3e50789007ffca834b477b74a2144564522e944eabff61?s=96&d=mm&r=g","contentUrl":"https:\/\/secure.gravatar.com\/avatar\/ac5001d2a36cb6c6cd3e50789007ffca834b477b74a2144564522e944eabff61?s=96&d=mm&r=g","caption":"thomas.berner"},"url":"https:\/\/www.organisator.ch\/en\/author\/thomas-berner\/"}]}},"_links":{"self":[{"href":"https:\/\/www.organisator.ch\/en\/wp-json\/wp\/v2\/posts\/2926","targetHints":{"allow":["GET"]}}],"collection":[{"href":"https:\/\/www.organisator.ch\/en\/wp-json\/wp\/v2\/posts"}],"about":[{"href":"https:\/\/www.organisator.ch\/en\/wp-json\/wp\/v2\/types\/post"}],"author":[{"embeddable":true,"href":"https:\/\/www.organisator.ch\/en\/wp-json\/wp\/v2\/users\/4"}],"replies":[{"embeddable":true,"href":"https:\/\/www.organisator.ch\/en\/wp-json\/wp\/v2\/comments?post=2926"}],"version-history":[{"count":0,"href":"https:\/\/www.organisator.ch\/en\/wp-json\/wp\/v2\/posts\/2926\/revisions"}],"wp:featuredmedia":[{"embeddable":true,"href":"https:\/\/www.organisator.ch\/en\/wp-json\/wp\/v2\/media\/2927"}],"wp:attachment":[{"href":"https:\/\/www.organisator.ch\/en\/wp-json\/wp\/v2\/media?parent=2926"}],"wp:term":[{"taxonomy":"category","embeddable":true,"href":"https:\/\/www.organisator.ch\/en\/wp-json\/wp\/v2\/categories?post=2926"},{"taxonomy":"post_tag","embeddable":true,"href":"https:\/\/www.organisator.ch\/en\/wp-json\/wp\/v2\/tags?post=2926"}],"curies":[{"name":"wp","href":"https:\/\/api.w.org\/{rel}","templated":true}]}}