{"id":29263,"date":"2024-08-23T07:11:20","date_gmt":"2024-08-23T05:11:20","guid":{"rendered":"https:\/\/www.m-q.ch\/?p=20246"},"modified":"2024-11-08T12:32:27","modified_gmt":"2024-11-08T11:32:27","slug":"digital-realty-sichert-sich-das-sdea-label-gold","status":"publish","type":"post","link":"https:\/\/www.organisator.ch\/en\/operational-excellence\/2024-08-23\/digital-realty-sichert-sich-das-sdea-label-gold\/","title":{"rendered":"Digital Realty secures the SDEA \"Gold+\" label"},"content":{"rendered":"<figure id=\"attachment_20247\" class=\"wp-caption alignnone\" style=\"width: 680px\" aria-describedby=\"caption-attachment-20247\"><img class=\"alignnone wp-image-20247 size-full\" src=\"https:\/\/www.m-q.ch\/wp-content\/uploads\/2024\/08\/SDEA-GOLD-Plus-Label_Bild1_ps.jpg\" alt=\"Digital Realty\" width=\"680\" height=\"579\" \/>\r\n<figcaption id=\"caption-attachment-20247\" class=\"wp-caption-text\">Digital Realty receives the first \"Gold+\" certification ever awarded by the SDEA. (Image: ch.digitalrealty.com)<\/figcaption>\r\n<\/figure>\r\n<p>Digital Realty's two data centers ZUR1 and ZUR2 in Glattbrugg underwent an intensive and demanding certification process by the SDEA (Swiss Datacenter Efficiency Association), in which they have now been recognized for their outstanding energy efficiency and low carbon footprint.<\/p>\r\n<p>The ZUR1 data center, which can already look back on 24 years of operation, was awarded the \"Silver+\" label - a recognition of over two decades of excellence, innovation and continuous improvement of the infrastructure. ZUR2, which was commissioned in 2020, received the prestigious \"Gold+\" label. It represents a milestone in the sustainability of this industry: it is also the first \"Gold+\" certification awarded by the SDEA to date, an indicator of the outstanding efficiency and sustainability of the infrastructure evaluated in the certification process.<\/p>\r\n<p>Yves Zischek, Managing Director of Digital Realty Switzerland, said proudly: \"We are delighted that our ecological and sustainable approach has been recognized and certified by the SDEA. I would especially like to thank our dedicated team in Switzerland for making this outstanding achievement possible.\"<\/p>\r\n<p>This certification is the result of continuous innovation by the local team in Glattbrugg. Digital Realty's clients also benefit from this focus on energy efficiency. Denis Marusic, Director Operations at Digital Realty Switzerland, emphasized: \"This certification offers our clients the opportunity to strengthen their own sustainability goals by integrating their IT infrastructure with our certified data center platform. In this way, they achieve a fully certified and sustainable IT environment that reflects our shared commitment to energy efficiency and environmental responsibility.\"<\/p>\r\n<p><em>Source: <a href=\"https:\/\/ch.digitalrealty.com\/\">ch.digitalrealty.com<\/a><\/em><\/p>\n<p class=\"syndicated-attribution\">This article originally appeared on m-q.ch - <a href=\"https:\/\/www.m-q.ch\/de\/digital-realty-sichert-sich-das-sdea-label-gold\/\" target=\"_blank\">https:\/\/www.m-q.ch\/de\/digital-realty-sichert-sich-das-sdea-label-gold\/<\/a><\/p>","protected":false},"excerpt":{"rendered":"<p>The SDEA is an association of organizations dedicated to the environmental impact of data centers. It certifies particularly sustainable and ecological companies and organizations in order to create more transparency. Digital Realty receives the first \"Gold+\" certification ever awarded by the SDEA.<\/p>","protected":false},"author":58,"featured_media":0,"comment_status":"closed","ping_status":"closed","sticky":false,"template":"","format":"standard","meta":{"_acf_changed":false,"_yoast_wpseo_focuskw":"Digital Realty","_yoast_wpseo_metadesc":"Digital Realty erh\u00e4lt erste SDEA Gold+-Zertifizierung f\u00fcr hervorragende Energieeffizienz und geringen CO2-Fu\u00dfabdruck.","articlekey":"","footnotes":""},"categories":[582],"tags":[605,2660,4415,492,613],"class_list":["post-29263","post","type-post","status-publish","format-standard","hentry","category-operational-excellence","tag-qualitaetsmanagement","tag-rechenzentren","tag-umweltauswirkungen","tag-unternehmen","tag-zertifizierung"],"acf":[],"yoast_head":"<!-- This site is optimized with the Yoast SEO plugin v27.4 - https:\/\/yoast.com\/product\/yoast-seo-wordpress\/ -->\n<title>Digital Realty sichert sich das SDEA-Label \u00abGold+\u00bb - Organisator<\/title>\n<meta name=\"description\" content=\"Digital Realty erh\u00e4lt erste SDEA Gold+-Zertifizierung f\u00fcr hervorragende Energieeffizienz und geringen CO2-Fu\u00dfabdruck.\" \/>\n<meta name=\"robots\" content=\"index, follow, max-snippet:-1, max-image-preview:large, max-video-preview:-1\" \/>\n<link rel=\"canonical\" href=\"https:\/\/www.organisator.ch\/en\/operational-excellence\/2024-08-23\/digital-realty-sichert-sich-das-sdea-label-gold\/\" \/>\n<meta property=\"og:locale\" content=\"en_US\" \/>\n<meta property=\"og:type\" content=\"article\" \/>\n<meta property=\"og:title\" content=\"Digital Realty sichert sich das SDEA-Label \u00abGold+\u00bb - Organisator\" \/>\n<meta property=\"og:description\" content=\"Digital Realty erh\u00e4lt erste SDEA Gold+-Zertifizierung f\u00fcr hervorragende Energieeffizienz und geringen CO2-Fu\u00dfabdruck.\" \/>\n<meta property=\"og:url\" content=\"https:\/\/www.organisator.ch\/en\/operational-excellence\/2024-08-23\/digital-realty-sichert-sich-das-sdea-label-gold\/\" \/>\n<meta property=\"og:site_name\" content=\"Organisator\" \/>\n<meta property=\"article:publisher\" content=\"https:\/\/www.facebook.com\/OrganisatorFachmagazin\" \/>\n<meta property=\"article:published_time\" content=\"2024-08-23T05:11:20+00:00\" \/>\n<meta property=\"article:modified_time\" content=\"2024-11-08T11:32:27+00:00\" \/>\n<meta property=\"og:image\" content=\"https:\/\/www.m-q.ch\/wp-content\/uploads\/2024\/08\/SDEA-GOLD-Plus-Label_Bild1_ps.jpg\" \/>\n<meta name=\"author\" content=\"Adelisa Kalajdzini\" \/>\n<meta name=\"twitter:card\" content=\"summary_large_image\" \/>\n<script type=\"application\/ld+json\" class=\"yoast-schema-graph\">{\"@context\":\"https:\\\/\\\/schema.org\",\"@graph\":[{\"@type\":\"Article\",\"@id\":\"https:\\\/\\\/www.organisator.ch\\\/operational-excellence\\\/2024-08-23\\\/digital-realty-sichert-sich-das-sdea-label-gold\\\/#article\",\"isPartOf\":{\"@id\":\"https:\\\/\\\/www.organisator.ch\\\/operational-excellence\\\/2024-08-23\\\/digital-realty-sichert-sich-das-sdea-label-gold\\\/\"},\"author\":{\"name\":\"Adelisa Kalajdzini\",\"@id\":\"https:\\\/\\\/www.organisator.ch\\\/#\\\/schema\\\/person\\\/2e1314a2172123f874db408d8911d3f3\"},\"headline\":\"Digital Realty sichert sich das SDEA-Label \u00abGold+\u00bb\",\"datePublished\":\"2024-08-23T05:11:20+00:00\",\"dateModified\":\"2024-11-08T11:32:27+00:00\",\"mainEntityOfPage\":{\"@id\":\"https:\\\/\\\/www.organisator.ch\\\/operational-excellence\\\/2024-08-23\\\/digital-realty-sichert-sich-das-sdea-label-gold\\\/\"},\"wordCount\":279,\"publisher\":{\"@id\":\"https:\\\/\\\/www.organisator.ch\\\/#organization\"},\"image\":{\"@id\":\"https:\\\/\\\/www.organisator.ch\\\/operational-excellence\\\/2024-08-23\\\/digital-realty-sichert-sich-das-sdea-label-gold\\\/#primaryimage\"},\"thumbnailUrl\":\"https:\\\/\\\/www.m-q.ch\\\/wp-content\\\/uploads\\\/2024\\\/08\\\/SDEA-GOLD-Plus-Label_Bild1_ps.jpg\",\"keywords\":[\"Qualit\u00e4tsmanagement\",\"Rechenzentren\",\"Umweltauswirkungen\",\"Unternehmen\",\"Zertifizierung\"],\"articleSection\":[\"OPERATIONAL EXCELLENCE\"],\"inLanguage\":\"en-US\"},{\"@type\":\"WebPage\",\"@id\":\"https:\\\/\\\/www.organisator.ch\\\/operational-excellence\\\/2024-08-23\\\/digital-realty-sichert-sich-das-sdea-label-gold\\\/\",\"url\":\"https:\\\/\\\/www.organisator.ch\\\/operational-excellence\\\/2024-08-23\\\/digital-realty-sichert-sich-das-sdea-label-gold\\\/\",\"name\":\"Digital Realty sichert sich das SDEA-Label \u00abGold+\u00bb - Organisator\",\"isPartOf\":{\"@id\":\"https:\\\/\\\/www.organisator.ch\\\/#website\"},\"primaryImageOfPage\":{\"@id\":\"https:\\\/\\\/www.organisator.ch\\\/operational-excellence\\\/2024-08-23\\\/digital-realty-sichert-sich-das-sdea-label-gold\\\/#primaryimage\"},\"image\":{\"@id\":\"https:\\\/\\\/www.organisator.ch\\\/operational-excellence\\\/2024-08-23\\\/digital-realty-sichert-sich-das-sdea-label-gold\\\/#primaryimage\"},\"thumbnailUrl\":\"https:\\\/\\\/www.m-q.ch\\\/wp-content\\\/uploads\\\/2024\\\/08\\\/SDEA-GOLD-Plus-Label_Bild1_ps.jpg\",\"datePublished\":\"2024-08-23T05:11:20+00:00\",\"dateModified\":\"2024-11-08T11:32:27+00:00\",\"description\":\"Digital Realty erh\u00e4lt erste SDEA Gold+-Zertifizierung f\u00fcr hervorragende Energieeffizienz und geringen CO2-Fu\u00dfabdruck.\",\"breadcrumb\":{\"@id\":\"https:\\\/\\\/www.organisator.ch\\\/operational-excellence\\\/2024-08-23\\\/digital-realty-sichert-sich-das-sdea-label-gold\\\/#breadcrumb\"},\"inLanguage\":\"en-US\",\"potentialAction\":[{\"@type\":\"ReadAction\",\"target\":[\"https:\\\/\\\/www.organisator.ch\\\/operational-excellence\\\/2024-08-23\\\/digital-realty-sichert-sich-das-sdea-label-gold\\\/\"]}]},{\"@type\":\"ImageObject\",\"inLanguage\":\"en-US\",\"@id\":\"https:\\\/\\\/www.organisator.ch\\\/operational-excellence\\\/2024-08-23\\\/digital-realty-sichert-sich-das-sdea-label-gold\\\/#primaryimage\",\"url\":\"https:\\\/\\\/www.m-q.ch\\\/wp-content\\\/uploads\\\/2024\\\/08\\\/SDEA-GOLD-Plus-Label_Bild1_ps.jpg\",\"contentUrl\":\"https:\\\/\\\/www.m-q.ch\\\/wp-content\\\/uploads\\\/2024\\\/08\\\/SDEA-GOLD-Plus-Label_Bild1_ps.jpg\"},{\"@type\":\"BreadcrumbList\",\"@id\":\"https:\\\/\\\/www.organisator.ch\\\/operational-excellence\\\/2024-08-23\\\/digital-realty-sichert-sich-das-sdea-label-gold\\\/#breadcrumb\",\"itemListElement\":[{\"@type\":\"ListItem\",\"position\":1,\"name\":\"Home\",\"item\":\"https:\\\/\\\/www.organisator.ch\\\/\"},{\"@type\":\"ListItem\",\"position\":2,\"name\":\"Digital Realty sichert sich das SDEA-Label \u00abGold+\u00bb\"}]},{\"@type\":\"WebSite\",\"@id\":\"https:\\\/\\\/www.organisator.ch\\\/#website\",\"url\":\"https:\\\/\\\/www.organisator.ch\\\/\",\"name\":\"Organisator\",\"description\":\"Kompetent. Praxisnah. Der ORGANISATOR bereitet in 10 Ausgaben pro Jahr die wesentlichen Themen f\u00fcr F\u00fchrungskr\u00e4fte von KMU auf.\",\"publisher\":{\"@id\":\"https:\\\/\\\/www.organisator.ch\\\/#organization\"},\"potentialAction\":[{\"@type\":\"SearchAction\",\"target\":{\"@type\":\"EntryPoint\",\"urlTemplate\":\"https:\\\/\\\/www.organisator.ch\\\/?s={search_term_string}\"},\"query-input\":{\"@type\":\"PropertyValueSpecification\",\"valueRequired\":true,\"valueName\":\"search_term_string\"}}],\"inLanguage\":\"en-US\"},{\"@type\":\"Organization\",\"@id\":\"https:\\\/\\\/www.organisator.ch\\\/#organization\",\"name\":\"Organisator\",\"url\":\"https:\\\/\\\/www.organisator.ch\\\/\",\"logo\":{\"@type\":\"ImageObject\",\"inLanguage\":\"en-US\",\"@id\":\"https:\\\/\\\/www.organisator.ch\\\/#\\\/schema\\\/logo\\\/image\\\/\",\"url\":\"https:\\\/\\\/www.organisator.ch\\\/wp-content\\\/uploads\\\/2022\\\/01\\\/Logo_Organisator_Website.png\",\"contentUrl\":\"https:\\\/\\\/www.organisator.ch\\\/wp-content\\\/uploads\\\/2022\\\/01\\\/Logo_Organisator_Website.png\",\"width\":800,\"height\":77,\"caption\":\"Organisator\"},\"image\":{\"@id\":\"https:\\\/\\\/www.organisator.ch\\\/#\\\/schema\\\/logo\\\/image\\\/\"},\"sameAs\":[\"https:\\\/\\\/www.facebook.com\\\/OrganisatorFachmagazin\",\"https:\\\/\\\/www.linkedin.com\\\/showcase\\\/organisator-das-magazin-fr-kmu\",\"https:\\\/\\\/www.xing.com\\\/news\\\/pages\\\/organisator-ch-695\",\"https:\\\/\\\/www.youtube.com\\\/channel\\\/UCGP2Sq0iWaZwT3BdIAQFYpw\"]},{\"@type\":\"Person\",\"@id\":\"https:\\\/\\\/www.organisator.ch\\\/#\\\/schema\\\/person\\\/2e1314a2172123f874db408d8911d3f3\",\"name\":\"Adelisa Kalajdzini\",\"image\":{\"@type\":\"ImageObject\",\"inLanguage\":\"en-US\",\"@id\":\"https:\\\/\\\/secure.gravatar.com\\\/avatar\\\/09a397c22ac58cad6f160ee8306348599df9df58a8ede73696226897b9fa4b24?s=96&d=mm&r=g\",\"url\":\"https:\\\/\\\/secure.gravatar.com\\\/avatar\\\/09a397c22ac58cad6f160ee8306348599df9df58a8ede73696226897b9fa4b24?s=96&d=mm&r=g\",\"contentUrl\":\"https:\\\/\\\/secure.gravatar.com\\\/avatar\\\/09a397c22ac58cad6f160ee8306348599df9df58a8ede73696226897b9fa4b24?s=96&d=mm&r=g\",\"caption\":\"Adelisa Kalajdzini\"},\"url\":\"https:\\\/\\\/www.organisator.ch\\\/en\\\/author\\\/adelisa-kalajdzini\\\/\"}]}<\/script>\n<!-- \/ Yoast SEO plugin. -->","yoast_head_json":{"title":"Digital Realty secures the SDEA \"Gold+\" label - organizer","description":"Digital Realty receives first SDEA Gold+ certification for outstanding energy efficiency and low carbon footprint.","robots":{"index":"index","follow":"follow","max-snippet":"max-snippet:-1","max-image-preview":"max-image-preview:large","max-video-preview":"max-video-preview:-1"},"canonical":"https:\/\/www.organisator.ch\/en\/operational-excellence\/2024-08-23\/digital-realty-sichert-sich-das-sdea-label-gold\/","og_locale":"en_US","og_type":"article","og_title":"Digital Realty sichert sich das SDEA-Label \u00abGold+\u00bb - Organisator","og_description":"Digital Realty erh\u00e4lt erste SDEA Gold+-Zertifizierung f\u00fcr hervorragende Energieeffizienz und geringen CO2-Fu\u00dfabdruck.","og_url":"https:\/\/www.organisator.ch\/en\/operational-excellence\/2024-08-23\/digital-realty-sichert-sich-das-sdea-label-gold\/","og_site_name":"Organisator","article_publisher":"https:\/\/www.facebook.com\/OrganisatorFachmagazin","article_published_time":"2024-08-23T05:11:20+00:00","article_modified_time":"2024-11-08T11:32:27+00:00","og_image":[{"url":"https:\/\/www.m-q.ch\/wp-content\/uploads\/2024\/08\/SDEA-GOLD-Plus-Label_Bild1_ps.jpg","type":"","width":"","height":""}],"author":"Adelisa Kalajdzini","twitter_card":"summary_large_image","schema":{"@context":"https:\/\/schema.org","@graph":[{"@type":"Article","@id":"https:\/\/www.organisator.ch\/operational-excellence\/2024-08-23\/digital-realty-sichert-sich-das-sdea-label-gold\/#article","isPartOf":{"@id":"https:\/\/www.organisator.ch\/operational-excellence\/2024-08-23\/digital-realty-sichert-sich-das-sdea-label-gold\/"},"author":{"name":"Adelisa Kalajdzini","@id":"https:\/\/www.organisator.ch\/#\/schema\/person\/2e1314a2172123f874db408d8911d3f3"},"headline":"Digital Realty sichert sich das SDEA-Label \u00abGold+\u00bb","datePublished":"2024-08-23T05:11:20+00:00","dateModified":"2024-11-08T11:32:27+00:00","mainEntityOfPage":{"@id":"https:\/\/www.organisator.ch\/operational-excellence\/2024-08-23\/digital-realty-sichert-sich-das-sdea-label-gold\/"},"wordCount":279,"publisher":{"@id":"https:\/\/www.organisator.ch\/#organization"},"image":{"@id":"https:\/\/www.organisator.ch\/operational-excellence\/2024-08-23\/digital-realty-sichert-sich-das-sdea-label-gold\/#primaryimage"},"thumbnailUrl":"https:\/\/www.m-q.ch\/wp-content\/uploads\/2024\/08\/SDEA-GOLD-Plus-Label_Bild1_ps.jpg","keywords":["Qualit\u00e4tsmanagement","Rechenzentren","Umweltauswirkungen","Unternehmen","Zertifizierung"],"articleSection":["OPERATIONAL EXCELLENCE"],"inLanguage":"en-US"},{"@type":"WebPage","@id":"https:\/\/www.organisator.ch\/operational-excellence\/2024-08-23\/digital-realty-sichert-sich-das-sdea-label-gold\/","url":"https:\/\/www.organisator.ch\/operational-excellence\/2024-08-23\/digital-realty-sichert-sich-das-sdea-label-gold\/","name":"Digital Realty secures the SDEA \"Gold+\" label - organizer","isPartOf":{"@id":"https:\/\/www.organisator.ch\/#website"},"primaryImageOfPage":{"@id":"https:\/\/www.organisator.ch\/operational-excellence\/2024-08-23\/digital-realty-sichert-sich-das-sdea-label-gold\/#primaryimage"},"image":{"@id":"https:\/\/www.organisator.ch\/operational-excellence\/2024-08-23\/digital-realty-sichert-sich-das-sdea-label-gold\/#primaryimage"},"thumbnailUrl":"https:\/\/www.m-q.ch\/wp-content\/uploads\/2024\/08\/SDEA-GOLD-Plus-Label_Bild1_ps.jpg","datePublished":"2024-08-23T05:11:20+00:00","dateModified":"2024-11-08T11:32:27+00:00","description":"Digital Realty receives first SDEA Gold+ certification for outstanding energy efficiency and low carbon footprint.","breadcrumb":{"@id":"https:\/\/www.organisator.ch\/operational-excellence\/2024-08-23\/digital-realty-sichert-sich-das-sdea-label-gold\/#breadcrumb"},"inLanguage":"en-US","potentialAction":[{"@type":"ReadAction","target":["https:\/\/www.organisator.ch\/operational-excellence\/2024-08-23\/digital-realty-sichert-sich-das-sdea-label-gold\/"]}]},{"@type":"ImageObject","inLanguage":"en-US","@id":"https:\/\/www.organisator.ch\/operational-excellence\/2024-08-23\/digital-realty-sichert-sich-das-sdea-label-gold\/#primaryimage","url":"https:\/\/www.m-q.ch\/wp-content\/uploads\/2024\/08\/SDEA-GOLD-Plus-Label_Bild1_ps.jpg","contentUrl":"https:\/\/www.m-q.ch\/wp-content\/uploads\/2024\/08\/SDEA-GOLD-Plus-Label_Bild1_ps.jpg"},{"@type":"BreadcrumbList","@id":"https:\/\/www.organisator.ch\/operational-excellence\/2024-08-23\/digital-realty-sichert-sich-das-sdea-label-gold\/#breadcrumb","itemListElement":[{"@type":"ListItem","position":1,"name":"Home","item":"https:\/\/www.organisator.ch\/"},{"@type":"ListItem","position":2,"name":"Digital Realty sichert sich das SDEA-Label \u00abGold+\u00bb"}]},{"@type":"WebSite","@id":"https:\/\/www.organisator.ch\/#website","url":"https:\/\/www.organisator.ch\/","name":"Organizer","description":"Competent. Practical. In 10 issues per year, ORGANISATOR presents the essential topics for managers of SMEs.","publisher":{"@id":"https:\/\/www.organisator.ch\/#organization"},"potentialAction":[{"@type":"SearchAction","target":{"@type":"EntryPoint","urlTemplate":"https:\/\/www.organisator.ch\/?s={search_term_string}"},"query-input":{"@type":"PropertyValueSpecification","valueRequired":true,"valueName":"search_term_string"}}],"inLanguage":"en-US"},{"@type":"Organization","@id":"https:\/\/www.organisator.ch\/#organization","name":"Organizer","url":"https:\/\/www.organisator.ch\/","logo":{"@type":"ImageObject","inLanguage":"en-US","@id":"https:\/\/www.organisator.ch\/#\/schema\/logo\/image\/","url":"https:\/\/www.organisator.ch\/wp-content\/uploads\/2022\/01\/Logo_Organisator_Website.png","contentUrl":"https:\/\/www.organisator.ch\/wp-content\/uploads\/2022\/01\/Logo_Organisator_Website.png","width":800,"height":77,"caption":"Organisator"},"image":{"@id":"https:\/\/www.organisator.ch\/#\/schema\/logo\/image\/"},"sameAs":["https:\/\/www.facebook.com\/OrganisatorFachmagazin","https:\/\/www.linkedin.com\/showcase\/organisator-das-magazin-fr-kmu","https:\/\/www.xing.com\/news\/pages\/organisator-ch-695","https:\/\/www.youtube.com\/channel\/UCGP2Sq0iWaZwT3BdIAQFYpw"]},{"@type":"Person","@id":"https:\/\/www.organisator.ch\/#\/schema\/person\/2e1314a2172123f874db408d8911d3f3","name":"Adelisa Kalajdzini","image":{"@type":"ImageObject","inLanguage":"en-US","@id":"https:\/\/secure.gravatar.com\/avatar\/09a397c22ac58cad6f160ee8306348599df9df58a8ede73696226897b9fa4b24?s=96&d=mm&r=g","url":"https:\/\/secure.gravatar.com\/avatar\/09a397c22ac58cad6f160ee8306348599df9df58a8ede73696226897b9fa4b24?s=96&d=mm&r=g","contentUrl":"https:\/\/secure.gravatar.com\/avatar\/09a397c22ac58cad6f160ee8306348599df9df58a8ede73696226897b9fa4b24?s=96&d=mm&r=g","caption":"Adelisa Kalajdzini"},"url":"https:\/\/www.organisator.ch\/en\/author\/adelisa-kalajdzini\/"}]}},"_links":{"self":[{"href":"https:\/\/www.organisator.ch\/en\/wp-json\/wp\/v2\/posts\/29263","targetHints":{"allow":["GET"]}}],"collection":[{"href":"https:\/\/www.organisator.ch\/en\/wp-json\/wp\/v2\/posts"}],"about":[{"href":"https:\/\/www.organisator.ch\/en\/wp-json\/wp\/v2\/types\/post"}],"author":[{"embeddable":true,"href":"https:\/\/www.organisator.ch\/en\/wp-json\/wp\/v2\/users\/58"}],"replies":[{"embeddable":true,"href":"https:\/\/www.organisator.ch\/en\/wp-json\/wp\/v2\/comments?post=29263"}],"version-history":[{"count":6,"href":"https:\/\/www.organisator.ch\/en\/wp-json\/wp\/v2\/posts\/29263\/revisions"}],"predecessor-version":[{"id":32020,"href":"https:\/\/www.organisator.ch\/en\/wp-json\/wp\/v2\/posts\/29263\/revisions\/32020"}],"wp:attachment":[{"href":"https:\/\/www.organisator.ch\/en\/wp-json\/wp\/v2\/media?parent=29263"}],"wp:term":[{"taxonomy":"category","embeddable":true,"href":"https:\/\/www.organisator.ch\/en\/wp-json\/wp\/v2\/categories?post=29263"},{"taxonomy":"post_tag","embeddable":true,"href":"https:\/\/www.organisator.ch\/en\/wp-json\/wp\/v2\/tags?post=29263"}],"curies":[{"name":"wp","href":"https:\/\/api.w.org\/{rel}","templated":true}]}}