{"id":29272,"date":"2024-08-23T09:08:57","date_gmt":"2024-08-23T07:08:57","guid":{"rendered":"https:\/\/www.markt-kom.com\/?p=221994"},"modified":"2024-11-08T12:31:33","modified_gmt":"2024-11-08T11:31:33","slug":"gl-mitglieder-kaufen-sich-in-capture-media-gruppe-ein","status":"publish","type":"post","link":"https:\/\/www.organisator.ch\/en\/marketing\/2024-08-23\/gl-mitglieder-kaufen-sich-in-capture-media-gruppe-ein\/","title":{"rendered":"GL members buy into Capture Media Group"},"content":{"rendered":"<figure id=\"attachment_221995\" class=\"wp-caption aligncenter\" style=\"width: 1200px\" aria-describedby=\"caption-attachment-221995\"><img class=\"aligncenter wp-image-221995 size-full\" src=\"https:\/\/www.markt-kom.com\/wp-content\/uploads\/2024\/08\/capture-media-partner-3.jpg\" alt=\"Group Participation\" width=\"1200\" height=\"900\" \/>\r\n<figcaption id=\"caption-attachment-221995\" class=\"wp-caption-text\">Michel Mariani, Carlo F\u00e4ssler and Theo Esenwein (from left to right) buy into the Capture Media Group. (Image: zVg.)<\/figcaption>\r\n<\/figure>\r\n<p>Chief Commercial Officer Michel Mariani, Chief Technology Officer Carlo F\u00e4ssler and Chief Product Officer Theo Esenwein have acquired a stake in the Capture Media Group. This is a significant step for both parties, according to a company statement.<\/p>\r\n<p>\"We are convinced that their participation as shareholders will help us to achieve our common goals even more effectively and to move the company forward,\" says Sandro Albin, Co-Founder and Managing Partner of the Capture Media Group. Their commitment and investment is a sign of confidence in the future of the company as well as a confirmation of their important role in Capture Media's success story.<\/p>","protected":false},"excerpt":{"rendered":"<p>The MarTech company Capture Media is expanding its circle of partners with the addition of management members Michel Mariani, Carlo F\u00e4ssler and Theo Esenwein.<\/p>","protected":false},"author":8,"featured_media":0,"comment_status":"closed","ping_status":"closed","sticky":false,"template":"","format":"standard","meta":{"_acf_changed":false,"_yoast_wpseo_focuskw":"Gruppe Beteiligung","_yoast_wpseo_metadesc":"Michel Mariani, Carlo F\u00e4ssler und Theo Esenwein beteiligen sich an Capture Media Gruppe, um Unternehmensziele voranzubringen.","articlekey":"","footnotes":""},"categories":[29],"tags":[4345,3998],"class_list":["post-29272","post","type-post","status-publish","format-standard","hentry","category-marketing","tag-business","tag-capture-media"],"acf":[],"yoast_head":"<!-- This site is optimized with the Yoast SEO plugin v27.5 - https:\/\/yoast.com\/product\/yoast-seo-wordpress\/ -->\n<title>GL-Mitglieder kaufen sich in Capture Media Gruppe ein - Organisator<\/title>\n<meta name=\"description\" content=\"Michel Mariani, Carlo F\u00e4ssler und Theo Esenwein beteiligen sich an Capture Media Gruppe, um Unternehmensziele voranzubringen.\" \/>\n<meta name=\"robots\" content=\"index, follow, max-snippet:-1, max-image-preview:large, max-video-preview:-1\" \/>\n<link rel=\"canonical\" href=\"https:\/\/www.organisator.ch\/en\/marketing\/2024-08-23\/gl-mitglieder-kaufen-sich-in-capture-media-gruppe-ein\/\" \/>\n<meta property=\"og:locale\" content=\"en_US\" \/>\n<meta property=\"og:type\" content=\"article\" \/>\n<meta property=\"og:title\" content=\"GL-Mitglieder kaufen sich in Capture Media Gruppe ein - Organisator\" \/>\n<meta property=\"og:description\" content=\"Michel Mariani, Carlo F\u00e4ssler und Theo Esenwein beteiligen sich an Capture Media Gruppe, um Unternehmensziele voranzubringen.\" \/>\n<meta property=\"og:url\" content=\"https:\/\/www.organisator.ch\/en\/marketing\/2024-08-23\/gl-mitglieder-kaufen-sich-in-capture-media-gruppe-ein\/\" \/>\n<meta property=\"og:site_name\" content=\"Organisator\" \/>\n<meta property=\"article:publisher\" content=\"https:\/\/www.facebook.com\/OrganisatorFachmagazin\" \/>\n<meta property=\"article:published_time\" content=\"2024-08-23T07:08:57+00:00\" \/>\n<meta property=\"article:modified_time\" content=\"2024-11-08T11:31:33+00:00\" \/>\n<meta property=\"og:image\" content=\"https:\/\/www.markt-kom.com\/wp-content\/uploads\/2024\/08\/capture-media-partner-3.jpg\" \/>\n<meta name=\"author\" content=\"galledia\" \/>\n<meta name=\"twitter:card\" content=\"summary_large_image\" \/>\n<meta name=\"twitter:creator\" content=\"@admin\" \/>\n<script type=\"application\/ld+json\" class=\"yoast-schema-graph\">{\"@context\":\"https:\\\/\\\/schema.org\",\"@graph\":[{\"@type\":\"Article\",\"@id\":\"https:\\\/\\\/www.organisator.ch\\\/marketing\\\/2024-08-23\\\/gl-mitglieder-kaufen-sich-in-capture-media-gruppe-ein\\\/#article\",\"isPartOf\":{\"@id\":\"https:\\\/\\\/www.organisator.ch\\\/marketing\\\/2024-08-23\\\/gl-mitglieder-kaufen-sich-in-capture-media-gruppe-ein\\\/\"},\"author\":{\"name\":\"galledia\",\"@id\":\"https:\\\/\\\/www.organisator.ch\\\/#\\\/schema\\\/person\\\/4e51799071cd2dd1232ac003643ef5f0\"},\"headline\":\"GL-Mitglieder kaufen sich in Capture Media Gruppe ein\",\"datePublished\":\"2024-08-23T07:08:57+00:00\",\"dateModified\":\"2024-11-08T11:31:33+00:00\",\"mainEntityOfPage\":{\"@id\":\"https:\\\/\\\/www.organisator.ch\\\/marketing\\\/2024-08-23\\\/gl-mitglieder-kaufen-sich-in-capture-media-gruppe-ein\\\/\"},\"wordCount\":138,\"publisher\":{\"@id\":\"https:\\\/\\\/www.organisator.ch\\\/#organization\"},\"image\":{\"@id\":\"https:\\\/\\\/www.organisator.ch\\\/marketing\\\/2024-08-23\\\/gl-mitglieder-kaufen-sich-in-capture-media-gruppe-ein\\\/#primaryimage\"},\"thumbnailUrl\":\"https:\\\/\\\/www.markt-kom.com\\\/wp-content\\\/uploads\\\/2024\\\/08\\\/capture-media-partner-3.jpg\",\"keywords\":[\"Business\",\"Capture Media\"],\"articleSection\":[\"MARKETING\"],\"inLanguage\":\"en-US\"},{\"@type\":\"WebPage\",\"@id\":\"https:\\\/\\\/www.organisator.ch\\\/marketing\\\/2024-08-23\\\/gl-mitglieder-kaufen-sich-in-capture-media-gruppe-ein\\\/\",\"url\":\"https:\\\/\\\/www.organisator.ch\\\/marketing\\\/2024-08-23\\\/gl-mitglieder-kaufen-sich-in-capture-media-gruppe-ein\\\/\",\"name\":\"GL-Mitglieder kaufen sich in Capture Media Gruppe ein - Organisator\",\"isPartOf\":{\"@id\":\"https:\\\/\\\/www.organisator.ch\\\/#website\"},\"primaryImageOfPage\":{\"@id\":\"https:\\\/\\\/www.organisator.ch\\\/marketing\\\/2024-08-23\\\/gl-mitglieder-kaufen-sich-in-capture-media-gruppe-ein\\\/#primaryimage\"},\"image\":{\"@id\":\"https:\\\/\\\/www.organisator.ch\\\/marketing\\\/2024-08-23\\\/gl-mitglieder-kaufen-sich-in-capture-media-gruppe-ein\\\/#primaryimage\"},\"thumbnailUrl\":\"https:\\\/\\\/www.markt-kom.com\\\/wp-content\\\/uploads\\\/2024\\\/08\\\/capture-media-partner-3.jpg\",\"datePublished\":\"2024-08-23T07:08:57+00:00\",\"dateModified\":\"2024-11-08T11:31:33+00:00\",\"description\":\"Michel Mariani, Carlo F\u00e4ssler und Theo Esenwein beteiligen sich an Capture Media Gruppe, um Unternehmensziele voranzubringen.\",\"breadcrumb\":{\"@id\":\"https:\\\/\\\/www.organisator.ch\\\/marketing\\\/2024-08-23\\\/gl-mitglieder-kaufen-sich-in-capture-media-gruppe-ein\\\/#breadcrumb\"},\"inLanguage\":\"en-US\",\"potentialAction\":[{\"@type\":\"ReadAction\",\"target\":[\"https:\\\/\\\/www.organisator.ch\\\/marketing\\\/2024-08-23\\\/gl-mitglieder-kaufen-sich-in-capture-media-gruppe-ein\\\/\"]}]},{\"@type\":\"ImageObject\",\"inLanguage\":\"en-US\",\"@id\":\"https:\\\/\\\/www.organisator.ch\\\/marketing\\\/2024-08-23\\\/gl-mitglieder-kaufen-sich-in-capture-media-gruppe-ein\\\/#primaryimage\",\"url\":\"https:\\\/\\\/www.markt-kom.com\\\/wp-content\\\/uploads\\\/2024\\\/08\\\/capture-media-partner-3.jpg\",\"contentUrl\":\"https:\\\/\\\/www.markt-kom.com\\\/wp-content\\\/uploads\\\/2024\\\/08\\\/capture-media-partner-3.jpg\"},{\"@type\":\"BreadcrumbList\",\"@id\":\"https:\\\/\\\/www.organisator.ch\\\/marketing\\\/2024-08-23\\\/gl-mitglieder-kaufen-sich-in-capture-media-gruppe-ein\\\/#breadcrumb\",\"itemListElement\":[{\"@type\":\"ListItem\",\"position\":1,\"name\":\"Home\",\"item\":\"https:\\\/\\\/www.organisator.ch\\\/\"},{\"@type\":\"ListItem\",\"position\":2,\"name\":\"GL-Mitglieder kaufen sich in Capture Media Gruppe ein\"}]},{\"@type\":\"WebSite\",\"@id\":\"https:\\\/\\\/www.organisator.ch\\\/#website\",\"url\":\"https:\\\/\\\/www.organisator.ch\\\/\",\"name\":\"Organisator\",\"description\":\"Kompetent. Praxisnah. Der ORGANISATOR bereitet in 10 Ausgaben pro Jahr die wesentlichen Themen f\u00fcr F\u00fchrungskr\u00e4fte von KMU auf.\",\"publisher\":{\"@id\":\"https:\\\/\\\/www.organisator.ch\\\/#organization\"},\"potentialAction\":[{\"@type\":\"SearchAction\",\"target\":{\"@type\":\"EntryPoint\",\"urlTemplate\":\"https:\\\/\\\/www.organisator.ch\\\/?s={search_term_string}\"},\"query-input\":{\"@type\":\"PropertyValueSpecification\",\"valueRequired\":true,\"valueName\":\"search_term_string\"}}],\"inLanguage\":\"en-US\"},{\"@type\":\"Organization\",\"@id\":\"https:\\\/\\\/www.organisator.ch\\\/#organization\",\"name\":\"Organisator\",\"url\":\"https:\\\/\\\/www.organisator.ch\\\/\",\"logo\":{\"@type\":\"ImageObject\",\"inLanguage\":\"en-US\",\"@id\":\"https:\\\/\\\/www.organisator.ch\\\/#\\\/schema\\\/logo\\\/image\\\/\",\"url\":\"https:\\\/\\\/www.organisator.ch\\\/wp-content\\\/uploads\\\/2022\\\/01\\\/Logo_Organisator_Website.png\",\"contentUrl\":\"https:\\\/\\\/www.organisator.ch\\\/wp-content\\\/uploads\\\/2022\\\/01\\\/Logo_Organisator_Website.png\",\"width\":800,\"height\":77,\"caption\":\"Organisator\"},\"image\":{\"@id\":\"https:\\\/\\\/www.organisator.ch\\\/#\\\/schema\\\/logo\\\/image\\\/\"},\"sameAs\":[\"https:\\\/\\\/www.facebook.com\\\/OrganisatorFachmagazin\",\"https:\\\/\\\/www.linkedin.com\\\/showcase\\\/organisator-das-magazin-fr-kmu\",\"https:\\\/\\\/www.xing.com\\\/news\\\/pages\\\/organisator-ch-695\",\"https:\\\/\\\/www.youtube.com\\\/channel\\\/UCGP2Sq0iWaZwT3BdIAQFYpw\"]},{\"@type\":\"Person\",\"@id\":\"https:\\\/\\\/www.organisator.ch\\\/#\\\/schema\\\/person\\\/4e51799071cd2dd1232ac003643ef5f0\",\"name\":\"galledia\",\"image\":{\"@type\":\"ImageObject\",\"inLanguage\":\"en-US\",\"@id\":\"https:\\\/\\\/secure.gravatar.com\\\/avatar\\\/78a7f90c01fc2bfc875782a0d4922b37cde2cf184ce347b91316d23cd7f69a36?s=96&d=mm&r=g\",\"url\":\"https:\\\/\\\/secure.gravatar.com\\\/avatar\\\/78a7f90c01fc2bfc875782a0d4922b37cde2cf184ce347b91316d23cd7f69a36?s=96&d=mm&r=g\",\"contentUrl\":\"https:\\\/\\\/secure.gravatar.com\\\/avatar\\\/78a7f90c01fc2bfc875782a0d4922b37cde2cf184ce347b91316d23cd7f69a36?s=96&d=mm&r=g\",\"caption\":\"galledia\"},\"sameAs\":[\"https:\\\/\\\/x.com\\\/admin\"],\"url\":\"https:\\\/\\\/www.organisator.ch\\\/en\\\/author\\\/galledia\\\/\"}]}<\/script>\n<!-- \/ Yoast SEO plugin. -->","yoast_head_json":{"title":"GL members buy into Capture Media Group - Organizer","description":"Michel Mariani, Carlo F\u00e4ssler and Theo Esenwein join Capture Media Group to further the company's goals.","robots":{"index":"index","follow":"follow","max-snippet":"max-snippet:-1","max-image-preview":"max-image-preview:large","max-video-preview":"max-video-preview:-1"},"canonical":"https:\/\/www.organisator.ch\/en\/marketing\/2024-08-23\/gl-mitglieder-kaufen-sich-in-capture-media-gruppe-ein\/","og_locale":"en_US","og_type":"article","og_title":"GL-Mitglieder kaufen sich in Capture Media Gruppe ein - Organisator","og_description":"Michel Mariani, Carlo F\u00e4ssler und Theo Esenwein beteiligen sich an Capture Media Gruppe, um Unternehmensziele voranzubringen.","og_url":"https:\/\/www.organisator.ch\/en\/marketing\/2024-08-23\/gl-mitglieder-kaufen-sich-in-capture-media-gruppe-ein\/","og_site_name":"Organisator","article_publisher":"https:\/\/www.facebook.com\/OrganisatorFachmagazin","article_published_time":"2024-08-23T07:08:57+00:00","article_modified_time":"2024-11-08T11:31:33+00:00","og_image":[{"url":"https:\/\/www.markt-kom.com\/wp-content\/uploads\/2024\/08\/capture-media-partner-3.jpg","type":"","width":"","height":""}],"author":"galledia","twitter_card":"summary_large_image","twitter_creator":"@admin","schema":{"@context":"https:\/\/schema.org","@graph":[{"@type":"Article","@id":"https:\/\/www.organisator.ch\/marketing\/2024-08-23\/gl-mitglieder-kaufen-sich-in-capture-media-gruppe-ein\/#article","isPartOf":{"@id":"https:\/\/www.organisator.ch\/marketing\/2024-08-23\/gl-mitglieder-kaufen-sich-in-capture-media-gruppe-ein\/"},"author":{"name":"galledia","@id":"https:\/\/www.organisator.ch\/#\/schema\/person\/4e51799071cd2dd1232ac003643ef5f0"},"headline":"GL-Mitglieder kaufen sich in Capture Media Gruppe ein","datePublished":"2024-08-23T07:08:57+00:00","dateModified":"2024-11-08T11:31:33+00:00","mainEntityOfPage":{"@id":"https:\/\/www.organisator.ch\/marketing\/2024-08-23\/gl-mitglieder-kaufen-sich-in-capture-media-gruppe-ein\/"},"wordCount":138,"publisher":{"@id":"https:\/\/www.organisator.ch\/#organization"},"image":{"@id":"https:\/\/www.organisator.ch\/marketing\/2024-08-23\/gl-mitglieder-kaufen-sich-in-capture-media-gruppe-ein\/#primaryimage"},"thumbnailUrl":"https:\/\/www.markt-kom.com\/wp-content\/uploads\/2024\/08\/capture-media-partner-3.jpg","keywords":["Business","Capture Media"],"articleSection":["MARKETING"],"inLanguage":"en-US"},{"@type":"WebPage","@id":"https:\/\/www.organisator.ch\/marketing\/2024-08-23\/gl-mitglieder-kaufen-sich-in-capture-media-gruppe-ein\/","url":"https:\/\/www.organisator.ch\/marketing\/2024-08-23\/gl-mitglieder-kaufen-sich-in-capture-media-gruppe-ein\/","name":"GL members buy into Capture Media Group - Organizer","isPartOf":{"@id":"https:\/\/www.organisator.ch\/#website"},"primaryImageOfPage":{"@id":"https:\/\/www.organisator.ch\/marketing\/2024-08-23\/gl-mitglieder-kaufen-sich-in-capture-media-gruppe-ein\/#primaryimage"},"image":{"@id":"https:\/\/www.organisator.ch\/marketing\/2024-08-23\/gl-mitglieder-kaufen-sich-in-capture-media-gruppe-ein\/#primaryimage"},"thumbnailUrl":"https:\/\/www.markt-kom.com\/wp-content\/uploads\/2024\/08\/capture-media-partner-3.jpg","datePublished":"2024-08-23T07:08:57+00:00","dateModified":"2024-11-08T11:31:33+00:00","description":"Michel Mariani, Carlo F\u00e4ssler and Theo Esenwein join Capture Media Group to further the company's goals.","breadcrumb":{"@id":"https:\/\/www.organisator.ch\/marketing\/2024-08-23\/gl-mitglieder-kaufen-sich-in-capture-media-gruppe-ein\/#breadcrumb"},"inLanguage":"en-US","potentialAction":[{"@type":"ReadAction","target":["https:\/\/www.organisator.ch\/marketing\/2024-08-23\/gl-mitglieder-kaufen-sich-in-capture-media-gruppe-ein\/"]}]},{"@type":"ImageObject","inLanguage":"en-US","@id":"https:\/\/www.organisator.ch\/marketing\/2024-08-23\/gl-mitglieder-kaufen-sich-in-capture-media-gruppe-ein\/#primaryimage","url":"https:\/\/www.markt-kom.com\/wp-content\/uploads\/2024\/08\/capture-media-partner-3.jpg","contentUrl":"https:\/\/www.markt-kom.com\/wp-content\/uploads\/2024\/08\/capture-media-partner-3.jpg"},{"@type":"BreadcrumbList","@id":"https:\/\/www.organisator.ch\/marketing\/2024-08-23\/gl-mitglieder-kaufen-sich-in-capture-media-gruppe-ein\/#breadcrumb","itemListElement":[{"@type":"ListItem","position":1,"name":"Home","item":"https:\/\/www.organisator.ch\/"},{"@type":"ListItem","position":2,"name":"GL-Mitglieder kaufen sich in Capture Media Gruppe ein"}]},{"@type":"WebSite","@id":"https:\/\/www.organisator.ch\/#website","url":"https:\/\/www.organisator.ch\/","name":"Organizer","description":"Competent. Practical. In 10 issues per year, ORGANISATOR presents the essential topics for managers of SMEs.","publisher":{"@id":"https:\/\/www.organisator.ch\/#organization"},"potentialAction":[{"@type":"SearchAction","target":{"@type":"EntryPoint","urlTemplate":"https:\/\/www.organisator.ch\/?s={search_term_string}"},"query-input":{"@type":"PropertyValueSpecification","valueRequired":true,"valueName":"search_term_string"}}],"inLanguage":"en-US"},{"@type":"Organization","@id":"https:\/\/www.organisator.ch\/#organization","name":"Organizer","url":"https:\/\/www.organisator.ch\/","logo":{"@type":"ImageObject","inLanguage":"en-US","@id":"https:\/\/www.organisator.ch\/#\/schema\/logo\/image\/","url":"https:\/\/www.organisator.ch\/wp-content\/uploads\/2022\/01\/Logo_Organisator_Website.png","contentUrl":"https:\/\/www.organisator.ch\/wp-content\/uploads\/2022\/01\/Logo_Organisator_Website.png","width":800,"height":77,"caption":"Organisator"},"image":{"@id":"https:\/\/www.organisator.ch\/#\/schema\/logo\/image\/"},"sameAs":["https:\/\/www.facebook.com\/OrganisatorFachmagazin","https:\/\/www.linkedin.com\/showcase\/organisator-das-magazin-fr-kmu","https:\/\/www.xing.com\/news\/pages\/organisator-ch-695","https:\/\/www.youtube.com\/channel\/UCGP2Sq0iWaZwT3BdIAQFYpw"]},{"@type":"Person","@id":"https:\/\/www.organisator.ch\/#\/schema\/person\/4e51799071cd2dd1232ac003643ef5f0","name":"galledia","image":{"@type":"ImageObject","inLanguage":"en-US","@id":"https:\/\/secure.gravatar.com\/avatar\/78a7f90c01fc2bfc875782a0d4922b37cde2cf184ce347b91316d23cd7f69a36?s=96&d=mm&r=g","url":"https:\/\/secure.gravatar.com\/avatar\/78a7f90c01fc2bfc875782a0d4922b37cde2cf184ce347b91316d23cd7f69a36?s=96&d=mm&r=g","contentUrl":"https:\/\/secure.gravatar.com\/avatar\/78a7f90c01fc2bfc875782a0d4922b37cde2cf184ce347b91316d23cd7f69a36?s=96&d=mm&r=g","caption":"galledia"},"sameAs":["https:\/\/x.com\/admin"],"url":"https:\/\/www.organisator.ch\/en\/author\/galledia\/"}]}},"_links":{"self":[{"href":"https:\/\/www.organisator.ch\/en\/wp-json\/wp\/v2\/posts\/29272","targetHints":{"allow":["GET"]}}],"collection":[{"href":"https:\/\/www.organisator.ch\/en\/wp-json\/wp\/v2\/posts"}],"about":[{"href":"https:\/\/www.organisator.ch\/en\/wp-json\/wp\/v2\/types\/post"}],"author":[{"embeddable":true,"href":"https:\/\/www.organisator.ch\/en\/wp-json\/wp\/v2\/users\/8"}],"replies":[{"embeddable":true,"href":"https:\/\/www.organisator.ch\/en\/wp-json\/wp\/v2\/comments?post=29272"}],"version-history":[{"count":4,"href":"https:\/\/www.organisator.ch\/en\/wp-json\/wp\/v2\/posts\/29272\/revisions"}],"predecessor-version":[{"id":32019,"href":"https:\/\/www.organisator.ch\/en\/wp-json\/wp\/v2\/posts\/29272\/revisions\/32019"}],"wp:attachment":[{"href":"https:\/\/www.organisator.ch\/en\/wp-json\/wp\/v2\/media?parent=29272"}],"wp:term":[{"taxonomy":"category","embeddable":true,"href":"https:\/\/www.organisator.ch\/en\/wp-json\/wp\/v2\/categories?post=29272"},{"taxonomy":"post_tag","embeddable":true,"href":"https:\/\/www.organisator.ch\/en\/wp-json\/wp\/v2\/tags?post=29272"}],"curies":[{"name":"wp","href":"https:\/\/api.w.org\/{rel}","templated":true}]}}