{"id":2929,"date":"2018-01-04T08:12:31","date_gmt":"2018-01-04T07:12:31","guid":{"rendered":"https:\/\/www.organisator.ch\/?p=2929"},"modified":"2018-01-04T08:12:31","modified_gmt":"2018-01-04T07:12:31","slug":"rekordhohe-anzahl-firmengruendungen-in-der-schweiz","status":"publish","type":"post","link":"https:\/\/www.organisator.ch\/en\/management\/2018-01-04\/rekordhohe-anzahl-firmengruendungen-in-der-schweiz\/","title":{"rendered":"Record number of companies founded in Switzerland"},"content":{"rendered":"<figure id=\"attachment_2930\" aria-describedby=\"caption-attachment-2930\" style=\"width: 480px\" class=\"wp-caption alignnone\"><img loading=\"lazy\" decoding=\"async\" class=\"size-full wp-image-2930\" src=\"https:\/\/www.organisator.ch\/wp-content\/uploads\/2018\/01\/Rekordhohe-Anzahl-Firmengruendungen-in-der-Schweiz-2_Organisator.jpg\" alt=\"\" width=\"480\" height=\"560\" srcset=\"https:\/\/www.organisator.ch\/wp-content\/uploads\/2018\/01\/Rekordhohe-Anzahl-Firmengruendungen-in-der-Schweiz-2_Organisator.jpg 480w, https:\/\/www.organisator.ch\/wp-content\/uploads\/2018\/01\/Rekordhohe-Anzahl-Firmengruendungen-in-der-Schweiz-2_Organisator-10x12.jpg 10w, https:\/\/www.organisator.ch\/wp-content\/uploads\/2018\/01\/Rekordhohe-Anzahl-Firmengruendungen-in-der-Schweiz-2_Organisator-150x175.jpg 150w, https:\/\/www.organisator.ch\/wp-content\/uploads\/2018\/01\/Rekordhohe-Anzahl-Firmengruendungen-in-der-Schweiz-2_Organisator-300x350.jpg 300w\" sizes=\"auto, (max-width: 480px) 100vw, 480px\" \/><figcaption id=\"caption-attachment-2930\" class=\"wp-caption-text\">Overall, Switzerland recorded five percent more company formations than in the previous year. (Source: Swiss Official Gazette of Commerce SHAB)<\/figcaption><\/figure>\n<p>Never before have so many new companies been founded in Switzerland as in 2017, namely five percent more than in the previous year. This is good news for the economy as a whole, as the IFJ Institute for Young Entrepreneurs reported in a press release distributed on January 3.<\/p>\n<p>In the major German-speaking and French-speaking regions of Switzerland, company formations increased significantly. In Eastern Switzerland, new registrations increased by two percent, in Zurich by five percent, in Espace Mittelland by six percent, and in Northwestern Switzerland and Central Switzerland the increase was eight percent each. In French-speaking Switzerland, seven percent more new companies were founded. The cantons of Zug (+20%), Schaffhausen (+14%), Baselland (+13%), Uri (+12%), Valais (+11%) and Fribourg (+10%) registered the highest growth. In absolute terms, the cantons of Zurich (7,775), Vaud (4,393), Geneva (3,717) and Bern (3,536) saw the highest number of companies founded.<\/p>\n<p>The analysis of the IFJ Institut f\u00fcr Jungunternehmen shows that the limited liability company (GmbH) remains the most popular legal form with a share of 38%, followed by the sole proprietorship (32%), the stock corporation (AG) with 21% and the general partnership (3%). With the revision of the law on limited liability companies in 2008, as part of a revision of the Code of Obligations, their prevalence increased abruptly. Previously, the legal form, which has existed since 1936, was somewhat disdained as a \"limited company\". The most fundamental changes were the admission of the GmbH as a single-member company, the abolition of the capital limitation of CHF 2 million and the abolition of the subsidiary joint and several liability of the partners in the amount of the share capital. In general, the GmbH has two significant advantages: Compared to the sole proprietorship and the general partnership, the entrepreneur is liable only with the business assets. Private assets are therefore spared. And with the lower capital investment of CHF 20,000 compared to CHF 100,000, the GmbH also stands out from the AG.<\/p>\n<p>The highest number of new firms is created in the business consulting, skilled trades, retail trade, business services and hospitality industries.<\/p>\n<p><em>More information: <a href=\"http:\/\/www.ifj.ch\">IFJ Institute for Young Enterprises AG<\/a><\/em>. <em>Image: Fotolia.com<\/em><\/p>\n<p>&nbsp;<\/p>","protected":false},"excerpt":{"rendered":"<p>Noch nie wurden in der Schweiz so viele neue Firmen gegr\u00fcndet wie 2017, n\u00e4mlich f\u00fcnf Prozent mehr als im Vorjahr. Dies ist eine erfreuliche Nachricht f\u00fcr die gesamte Wirtschaft, wie das IFJ\u00a0Institut f\u00fcr Jungunternehmen in einer am 3. Januar verbreiteten Mitteilung vermeldet. In den Deutschschweizer und Westschweizer Grossregionen stiegen die Firmengr\u00fcndungen signifikant an. In der [&hellip;]<\/p>\n","protected":false},"author":4,"featured_media":2931,"comment_status":"open","ping_status":"open","sticky":false,"template":"","format":"standard","meta":{"_acf_changed":false,"_yoast_wpseo_focuskw":"Firmengr\u00fcndungen","_yoast_wpseo_metadesc":"Im Jahr 2017 wurden so viele neue Firmen gegr\u00fcndet wie noch nie. Ein erfreuliches Signal f\u00fcr die gesamte Schweizer Wirtschaft.","articlekey":"","footnotes":""},"categories":[28],"tags":[335,451,492,531],"class_list":["post-2929","post","type-post","status-publish","format-standard","has-post-thumbnail","hentry","category-management","tag-management-und-unternehmensfuehrung","tag-startups","tag-unternehmen","tag-wirtschaftspolitik"],"acf":[],"yoast_head":"<!-- This site is optimized with the Yoast SEO plugin v27.4 - https:\/\/yoast.com\/product\/yoast-seo-wordpress\/ -->\n<title>Rekordhohe Anzahl Firmengr\u00fcndungen in der Schweiz - Organisator<\/title>\n<meta name=\"description\" content=\"Im Jahr 2017 wurden so viele neue Firmen gegr\u00fcndet wie noch nie. Ein erfreuliches Signal f\u00fcr die gesamte Schweizer Wirtschaft.\" \/>\n<meta name=\"robots\" content=\"index, follow, max-snippet:-1, max-image-preview:large, max-video-preview:-1\" \/>\n<link rel=\"canonical\" href=\"https:\/\/www.organisator.ch\/en\/management\/2018-01-04\/rekordhohe-anzahl-firmengruendungen-in-der-schweiz\/\" \/>\n<meta property=\"og:locale\" content=\"en_US\" \/>\n<meta property=\"og:type\" content=\"article\" \/>\n<meta property=\"og:title\" content=\"Rekordhohe Anzahl Firmengr\u00fcndungen in der Schweiz\" \/>\n<meta property=\"og:description\" content=\"Im Jahr 2017 wurden so viele neue #Firmen gegr\u00fcndet wie noch nie. Ein erfreuliches Signal f\u00fcr die gesamte Schweizer Wirtschaft.\" \/>\n<meta property=\"og:url\" content=\"https:\/\/www.organisator.ch\/en\/management\/2018-01-04\/rekordhohe-anzahl-firmengruendungen-in-der-schweiz\/\" \/>\n<meta property=\"og:site_name\" content=\"Organisator\" \/>\n<meta property=\"article:publisher\" content=\"https:\/\/www.facebook.com\/OrganisatorFachmagazin\" \/>\n<meta property=\"article:published_time\" content=\"2018-01-04T07:12:31+00:00\" \/>\n<meta property=\"og:image\" content=\"https:\/\/www.organisator.ch\/wp-content\/uploads\/2018\/01\/Rekordhohe-Anzahl-Firmengruendungen-in-der-Schweiz-1_Organisator.jpg\" \/>\n\t<meta property=\"og:image:width\" content=\"640\" \/>\n\t<meta property=\"og:image:height\" content=\"364\" \/>\n\t<meta property=\"og:image:type\" content=\"image\/jpeg\" \/>\n<meta name=\"author\" content=\"thomas.berner\" \/>\n<meta name=\"twitter:card\" content=\"summary_large_image\" \/>\n<meta name=\"twitter:title\" content=\"Rekordhohe Anzahl #Firmengr\u00fcndungen in der Schweiz\" \/>\n<meta name=\"twitter:description\" content=\"Im Jahr 2017 wurden so viele neue #Firmen gegr\u00fcndet wie noch nie. Ein erfreuliches Signal f\u00fcr die gesamte Schweizer Wirtschaft.\" \/>\n<meta name=\"twitter:image\" content=\"https:\/\/www.organisator.ch\/wp-content\/uploads\/2018\/01\/Rekordhohe-Anzahl-Firmengr\u00fcndungen-in-der-Schweiz-1_Organisator.jpg\" \/>\n<script type=\"application\/ld+json\" class=\"yoast-schema-graph\">{\"@context\":\"https:\\\/\\\/schema.org\",\"@graph\":[{\"@type\":\"Article\",\"@id\":\"https:\\\/\\\/www.organisator.ch\\\/management\\\/2018-01-04\\\/rekordhohe-anzahl-firmengruendungen-in-der-schweiz\\\/#article\",\"isPartOf\":{\"@id\":\"https:\\\/\\\/www.organisator.ch\\\/management\\\/2018-01-04\\\/rekordhohe-anzahl-firmengruendungen-in-der-schweiz\\\/\"},\"author\":{\"name\":\"thomas.berner\",\"@id\":\"https:\\\/\\\/www.organisator.ch\\\/#\\\/schema\\\/person\\\/6f650f90b2842cd4c0cc334b4e36f67e\"},\"headline\":\"Rekordhohe Anzahl Firmengr\u00fcndungen in der Schweiz\",\"datePublished\":\"2018-01-04T07:12:31+00:00\",\"mainEntityOfPage\":{\"@id\":\"https:\\\/\\\/www.organisator.ch\\\/management\\\/2018-01-04\\\/rekordhohe-anzahl-firmengruendungen-in-der-schweiz\\\/\"},\"wordCount\":365,\"commentCount\":0,\"publisher\":{\"@id\":\"https:\\\/\\\/www.organisator.ch\\\/#organization\"},\"image\":{\"@id\":\"https:\\\/\\\/www.organisator.ch\\\/management\\\/2018-01-04\\\/rekordhohe-anzahl-firmengruendungen-in-der-schweiz\\\/#primaryimage\"},\"thumbnailUrl\":\"https:\\\/\\\/www.organisator.ch\\\/wp-content\\\/uploads\\\/2018\\\/01\\\/Rekordhohe-Anzahl-Firmengruendungen-in-der-Schweiz-1_Organisator.jpg\",\"keywords\":[\"Management und Unternehmensf\u00fchrung\",\"Startups\",\"Unternehmen\",\"Wirtschaftspolitik\"],\"articleSection\":[\"MANAGEMENT\"],\"inLanguage\":\"en-US\"},{\"@type\":\"WebPage\",\"@id\":\"https:\\\/\\\/www.organisator.ch\\\/management\\\/2018-01-04\\\/rekordhohe-anzahl-firmengruendungen-in-der-schweiz\\\/\",\"url\":\"https:\\\/\\\/www.organisator.ch\\\/management\\\/2018-01-04\\\/rekordhohe-anzahl-firmengruendungen-in-der-schweiz\\\/\",\"name\":\"Rekordhohe Anzahl Firmengr\u00fcndungen in der Schweiz - Organisator\",\"isPartOf\":{\"@id\":\"https:\\\/\\\/www.organisator.ch\\\/#website\"},\"primaryImageOfPage\":{\"@id\":\"https:\\\/\\\/www.organisator.ch\\\/management\\\/2018-01-04\\\/rekordhohe-anzahl-firmengruendungen-in-der-schweiz\\\/#primaryimage\"},\"image\":{\"@id\":\"https:\\\/\\\/www.organisator.ch\\\/management\\\/2018-01-04\\\/rekordhohe-anzahl-firmengruendungen-in-der-schweiz\\\/#primaryimage\"},\"thumbnailUrl\":\"https:\\\/\\\/www.organisator.ch\\\/wp-content\\\/uploads\\\/2018\\\/01\\\/Rekordhohe-Anzahl-Firmengruendungen-in-der-Schweiz-1_Organisator.jpg\",\"datePublished\":\"2018-01-04T07:12:31+00:00\",\"description\":\"Im Jahr 2017 wurden so viele neue Firmen gegr\u00fcndet wie noch nie. Ein erfreuliches Signal f\u00fcr die gesamte Schweizer Wirtschaft.\",\"breadcrumb\":{\"@id\":\"https:\\\/\\\/www.organisator.ch\\\/management\\\/2018-01-04\\\/rekordhohe-anzahl-firmengruendungen-in-der-schweiz\\\/#breadcrumb\"},\"inLanguage\":\"en-US\",\"potentialAction\":[{\"@type\":\"ReadAction\",\"target\":[\"https:\\\/\\\/www.organisator.ch\\\/management\\\/2018-01-04\\\/rekordhohe-anzahl-firmengruendungen-in-der-schweiz\\\/\"]}]},{\"@type\":\"ImageObject\",\"inLanguage\":\"en-US\",\"@id\":\"https:\\\/\\\/www.organisator.ch\\\/management\\\/2018-01-04\\\/rekordhohe-anzahl-firmengruendungen-in-der-schweiz\\\/#primaryimage\",\"url\":\"https:\\\/\\\/www.organisator.ch\\\/wp-content\\\/uploads\\\/2018\\\/01\\\/Rekordhohe-Anzahl-Firmengruendungen-in-der-Schweiz-1_Organisator.jpg\",\"contentUrl\":\"https:\\\/\\\/www.organisator.ch\\\/wp-content\\\/uploads\\\/2018\\\/01\\\/Rekordhohe-Anzahl-Firmengruendungen-in-der-Schweiz-1_Organisator.jpg\",\"width\":640,\"height\":364,\"caption\":\"Der Firmengr\u00fcndungs-Boom setzt sich in der Schweiz auch im ersten Quartal 2018 fort. (Bild: Bild: Fotolia.com)\"},{\"@type\":\"BreadcrumbList\",\"@id\":\"https:\\\/\\\/www.organisator.ch\\\/management\\\/2018-01-04\\\/rekordhohe-anzahl-firmengruendungen-in-der-schweiz\\\/#breadcrumb\",\"itemListElement\":[{\"@type\":\"ListItem\",\"position\":1,\"name\":\"Home\",\"item\":\"https:\\\/\\\/www.organisator.ch\\\/\"},{\"@type\":\"ListItem\",\"position\":2,\"name\":\"Rekordhohe Anzahl Firmengr\u00fcndungen in der Schweiz\"}]},{\"@type\":\"WebSite\",\"@id\":\"https:\\\/\\\/www.organisator.ch\\\/#website\",\"url\":\"https:\\\/\\\/www.organisator.ch\\\/\",\"name\":\"Organisator\",\"description\":\"Kompetent. Praxisnah. Der ORGANISATOR bereitet in 10 Ausgaben pro Jahr die wesentlichen Themen f\u00fcr F\u00fchrungskr\u00e4fte von KMU auf.\",\"publisher\":{\"@id\":\"https:\\\/\\\/www.organisator.ch\\\/#organization\"},\"potentialAction\":[{\"@type\":\"SearchAction\",\"target\":{\"@type\":\"EntryPoint\",\"urlTemplate\":\"https:\\\/\\\/www.organisator.ch\\\/?s={search_term_string}\"},\"query-input\":{\"@type\":\"PropertyValueSpecification\",\"valueRequired\":true,\"valueName\":\"search_term_string\"}}],\"inLanguage\":\"en-US\"},{\"@type\":\"Organization\",\"@id\":\"https:\\\/\\\/www.organisator.ch\\\/#organization\",\"name\":\"Organisator\",\"url\":\"https:\\\/\\\/www.organisator.ch\\\/\",\"logo\":{\"@type\":\"ImageObject\",\"inLanguage\":\"en-US\",\"@id\":\"https:\\\/\\\/www.organisator.ch\\\/#\\\/schema\\\/logo\\\/image\\\/\",\"url\":\"https:\\\/\\\/www.organisator.ch\\\/wp-content\\\/uploads\\\/2022\\\/01\\\/Logo_Organisator_Website.png\",\"contentUrl\":\"https:\\\/\\\/www.organisator.ch\\\/wp-content\\\/uploads\\\/2022\\\/01\\\/Logo_Organisator_Website.png\",\"width\":800,\"height\":77,\"caption\":\"Organisator\"},\"image\":{\"@id\":\"https:\\\/\\\/www.organisator.ch\\\/#\\\/schema\\\/logo\\\/image\\\/\"},\"sameAs\":[\"https:\\\/\\\/www.facebook.com\\\/OrganisatorFachmagazin\",\"https:\\\/\\\/www.linkedin.com\\\/showcase\\\/organisator-das-magazin-fr-kmu\",\"https:\\\/\\\/www.xing.com\\\/news\\\/pages\\\/organisator-ch-695\",\"https:\\\/\\\/www.youtube.com\\\/channel\\\/UCGP2Sq0iWaZwT3BdIAQFYpw\"]},{\"@type\":\"Person\",\"@id\":\"https:\\\/\\\/www.organisator.ch\\\/#\\\/schema\\\/person\\\/6f650f90b2842cd4c0cc334b4e36f67e\",\"name\":\"thomas.berner\",\"image\":{\"@type\":\"ImageObject\",\"inLanguage\":\"en-US\",\"@id\":\"https:\\\/\\\/secure.gravatar.com\\\/avatar\\\/ac5001d2a36cb6c6cd3e50789007ffca834b477b74a2144564522e944eabff61?s=96&d=mm&r=g\",\"url\":\"https:\\\/\\\/secure.gravatar.com\\\/avatar\\\/ac5001d2a36cb6c6cd3e50789007ffca834b477b74a2144564522e944eabff61?s=96&d=mm&r=g\",\"contentUrl\":\"https:\\\/\\\/secure.gravatar.com\\\/avatar\\\/ac5001d2a36cb6c6cd3e50789007ffca834b477b74a2144564522e944eabff61?s=96&d=mm&r=g\",\"caption\":\"thomas.berner\"},\"url\":\"https:\\\/\\\/www.organisator.ch\\\/en\\\/author\\\/thomas-berner\\\/\"}]}<\/script>\n<!-- \/ Yoast SEO plugin. -->","yoast_head_json":{"title":"Record number of companies founded in Switzerland - Organizer","description":"In 2017, more new companies were founded than ever before. A pleasing signal for the entire Swiss economy.","robots":{"index":"index","follow":"follow","max-snippet":"max-snippet:-1","max-image-preview":"max-image-preview:large","max-video-preview":"max-video-preview:-1"},"canonical":"https:\/\/www.organisator.ch\/en\/management\/2018-01-04\/rekordhohe-anzahl-firmengruendungen-in-der-schweiz\/","og_locale":"en_US","og_type":"article","og_title":"Rekordhohe Anzahl Firmengr\u00fcndungen in der Schweiz","og_description":"Im Jahr 2017 wurden so viele neue #Firmen gegr\u00fcndet wie noch nie. Ein erfreuliches Signal f\u00fcr die gesamte Schweizer Wirtschaft.","og_url":"https:\/\/www.organisator.ch\/en\/management\/2018-01-04\/rekordhohe-anzahl-firmengruendungen-in-der-schweiz\/","og_site_name":"Organisator","article_publisher":"https:\/\/www.facebook.com\/OrganisatorFachmagazin","article_published_time":"2018-01-04T07:12:31+00:00","og_image":[{"width":640,"height":364,"url":"https:\/\/www.organisator.ch\/wp-content\/uploads\/2018\/01\/Rekordhohe-Anzahl-Firmengruendungen-in-der-Schweiz-1_Organisator.jpg","type":"image\/jpeg"}],"author":"thomas.berner","twitter_card":"summary_large_image","twitter_title":"Rekordhohe Anzahl #Firmengr\u00fcndungen in der Schweiz","twitter_description":"Im Jahr 2017 wurden so viele neue #Firmen gegr\u00fcndet wie noch nie. Ein erfreuliches Signal f\u00fcr die gesamte Schweizer Wirtschaft.","twitter_image":"https:\/\/www.organisator.ch\/wp-content\/uploads\/2018\/01\/Rekordhohe-Anzahl-Firmengr\u00fcndungen-in-der-Schweiz-1_Organisator.jpg","schema":{"@context":"https:\/\/schema.org","@graph":[{"@type":"Article","@id":"https:\/\/www.organisator.ch\/management\/2018-01-04\/rekordhohe-anzahl-firmengruendungen-in-der-schweiz\/#article","isPartOf":{"@id":"https:\/\/www.organisator.ch\/management\/2018-01-04\/rekordhohe-anzahl-firmengruendungen-in-der-schweiz\/"},"author":{"name":"thomas.berner","@id":"https:\/\/www.organisator.ch\/#\/schema\/person\/6f650f90b2842cd4c0cc334b4e36f67e"},"headline":"Rekordhohe Anzahl Firmengr\u00fcndungen in der Schweiz","datePublished":"2018-01-04T07:12:31+00:00","mainEntityOfPage":{"@id":"https:\/\/www.organisator.ch\/management\/2018-01-04\/rekordhohe-anzahl-firmengruendungen-in-der-schweiz\/"},"wordCount":365,"commentCount":0,"publisher":{"@id":"https:\/\/www.organisator.ch\/#organization"},"image":{"@id":"https:\/\/www.organisator.ch\/management\/2018-01-04\/rekordhohe-anzahl-firmengruendungen-in-der-schweiz\/#primaryimage"},"thumbnailUrl":"https:\/\/www.organisator.ch\/wp-content\/uploads\/2018\/01\/Rekordhohe-Anzahl-Firmengruendungen-in-der-Schweiz-1_Organisator.jpg","keywords":["Management und Unternehmensf\u00fchrung","Startups","Unternehmen","Wirtschaftspolitik"],"articleSection":["MANAGEMENT"],"inLanguage":"en-US"},{"@type":"WebPage","@id":"https:\/\/www.organisator.ch\/management\/2018-01-04\/rekordhohe-anzahl-firmengruendungen-in-der-schweiz\/","url":"https:\/\/www.organisator.ch\/management\/2018-01-04\/rekordhohe-anzahl-firmengruendungen-in-der-schweiz\/","name":"Record number of companies founded in Switzerland - Organizer","isPartOf":{"@id":"https:\/\/www.organisator.ch\/#website"},"primaryImageOfPage":{"@id":"https:\/\/www.organisator.ch\/management\/2018-01-04\/rekordhohe-anzahl-firmengruendungen-in-der-schweiz\/#primaryimage"},"image":{"@id":"https:\/\/www.organisator.ch\/management\/2018-01-04\/rekordhohe-anzahl-firmengruendungen-in-der-schweiz\/#primaryimage"},"thumbnailUrl":"https:\/\/www.organisator.ch\/wp-content\/uploads\/2018\/01\/Rekordhohe-Anzahl-Firmengruendungen-in-der-Schweiz-1_Organisator.jpg","datePublished":"2018-01-04T07:12:31+00:00","description":"In 2017, more new companies were founded than ever before. A pleasing signal for the entire Swiss economy.","breadcrumb":{"@id":"https:\/\/www.organisator.ch\/management\/2018-01-04\/rekordhohe-anzahl-firmengruendungen-in-der-schweiz\/#breadcrumb"},"inLanguage":"en-US","potentialAction":[{"@type":"ReadAction","target":["https:\/\/www.organisator.ch\/management\/2018-01-04\/rekordhohe-anzahl-firmengruendungen-in-der-schweiz\/"]}]},{"@type":"ImageObject","inLanguage":"en-US","@id":"https:\/\/www.organisator.ch\/management\/2018-01-04\/rekordhohe-anzahl-firmengruendungen-in-der-schweiz\/#primaryimage","url":"https:\/\/www.organisator.ch\/wp-content\/uploads\/2018\/01\/Rekordhohe-Anzahl-Firmengruendungen-in-der-Schweiz-1_Organisator.jpg","contentUrl":"https:\/\/www.organisator.ch\/wp-content\/uploads\/2018\/01\/Rekordhohe-Anzahl-Firmengruendungen-in-der-Schweiz-1_Organisator.jpg","width":640,"height":364,"caption":"Der Firmengr\u00fcndungs-Boom setzt sich in der Schweiz auch im ersten Quartal 2018 fort. (Bild: Bild: Fotolia.com)"},{"@type":"BreadcrumbList","@id":"https:\/\/www.organisator.ch\/management\/2018-01-04\/rekordhohe-anzahl-firmengruendungen-in-der-schweiz\/#breadcrumb","itemListElement":[{"@type":"ListItem","position":1,"name":"Home","item":"https:\/\/www.organisator.ch\/"},{"@type":"ListItem","position":2,"name":"Rekordhohe Anzahl Firmengr\u00fcndungen in der Schweiz"}]},{"@type":"WebSite","@id":"https:\/\/www.organisator.ch\/#website","url":"https:\/\/www.organisator.ch\/","name":"Organizer","description":"Competent. Practical. In 10 issues per year, ORGANISATOR presents the essential topics for managers of SMEs.","publisher":{"@id":"https:\/\/www.organisator.ch\/#organization"},"potentialAction":[{"@type":"SearchAction","target":{"@type":"EntryPoint","urlTemplate":"https:\/\/www.organisator.ch\/?s={search_term_string}"},"query-input":{"@type":"PropertyValueSpecification","valueRequired":true,"valueName":"search_term_string"}}],"inLanguage":"en-US"},{"@type":"Organization","@id":"https:\/\/www.organisator.ch\/#organization","name":"Organizer","url":"https:\/\/www.organisator.ch\/","logo":{"@type":"ImageObject","inLanguage":"en-US","@id":"https:\/\/www.organisator.ch\/#\/schema\/logo\/image\/","url":"https:\/\/www.organisator.ch\/wp-content\/uploads\/2022\/01\/Logo_Organisator_Website.png","contentUrl":"https:\/\/www.organisator.ch\/wp-content\/uploads\/2022\/01\/Logo_Organisator_Website.png","width":800,"height":77,"caption":"Organisator"},"image":{"@id":"https:\/\/www.organisator.ch\/#\/schema\/logo\/image\/"},"sameAs":["https:\/\/www.facebook.com\/OrganisatorFachmagazin","https:\/\/www.linkedin.com\/showcase\/organisator-das-magazin-fr-kmu","https:\/\/www.xing.com\/news\/pages\/organisator-ch-695","https:\/\/www.youtube.com\/channel\/UCGP2Sq0iWaZwT3BdIAQFYpw"]},{"@type":"Person","@id":"https:\/\/www.organisator.ch\/#\/schema\/person\/6f650f90b2842cd4c0cc334b4e36f67e","name":"thomas.berner","image":{"@type":"ImageObject","inLanguage":"en-US","@id":"https:\/\/secure.gravatar.com\/avatar\/ac5001d2a36cb6c6cd3e50789007ffca834b477b74a2144564522e944eabff61?s=96&d=mm&r=g","url":"https:\/\/secure.gravatar.com\/avatar\/ac5001d2a36cb6c6cd3e50789007ffca834b477b74a2144564522e944eabff61?s=96&d=mm&r=g","contentUrl":"https:\/\/secure.gravatar.com\/avatar\/ac5001d2a36cb6c6cd3e50789007ffca834b477b74a2144564522e944eabff61?s=96&d=mm&r=g","caption":"thomas.berner"},"url":"https:\/\/www.organisator.ch\/en\/author\/thomas-berner\/"}]}},"_links":{"self":[{"href":"https:\/\/www.organisator.ch\/en\/wp-json\/wp\/v2\/posts\/2929","targetHints":{"allow":["GET"]}}],"collection":[{"href":"https:\/\/www.organisator.ch\/en\/wp-json\/wp\/v2\/posts"}],"about":[{"href":"https:\/\/www.organisator.ch\/en\/wp-json\/wp\/v2\/types\/post"}],"author":[{"embeddable":true,"href":"https:\/\/www.organisator.ch\/en\/wp-json\/wp\/v2\/users\/4"}],"replies":[{"embeddable":true,"href":"https:\/\/www.organisator.ch\/en\/wp-json\/wp\/v2\/comments?post=2929"}],"version-history":[{"count":0,"href":"https:\/\/www.organisator.ch\/en\/wp-json\/wp\/v2\/posts\/2929\/revisions"}],"wp:featuredmedia":[{"embeddable":true,"href":"https:\/\/www.organisator.ch\/en\/wp-json\/wp\/v2\/media\/2931"}],"wp:attachment":[{"href":"https:\/\/www.organisator.ch\/en\/wp-json\/wp\/v2\/media?parent=2929"}],"wp:term":[{"taxonomy":"category","embeddable":true,"href":"https:\/\/www.organisator.ch\/en\/wp-json\/wp\/v2\/categories?post=2929"},{"taxonomy":"post_tag","embeddable":true,"href":"https:\/\/www.organisator.ch\/en\/wp-json\/wp\/v2\/tags?post=2929"}],"curies":[{"name":"wp","href":"https:\/\/api.w.org\/{rel}","templated":true}]}}