{"id":29398,"date":"2024-08-28T08:16:02","date_gmt":"2024-08-28T06:16:02","guid":{"rendered":"https:\/\/www.markt-kom.com\/?p=222322"},"modified":"2024-11-08T12:18:54","modified_gmt":"2024-11-08T11:18:54","slug":"aargauer-parlament-will-keine-gasttaxe-zur-tourismusfoerderung","status":"publish","type":"post","link":"https:\/\/www.organisator.ch\/en\/marketing\/2024-08-28\/aargauer-parlament-will-keine-gasttaxe-zur-tourismusfoerderung\/","title":{"rendered":"Aargau parliament does not want a guest tax to promote tourism"},"content":{"rendered":"<figure id=\"attachment_222323\" class=\"wp-caption aligncenter\" style=\"width: 1200px\" aria-describedby=\"caption-attachment-222323\"><img class=\"aligncenter wp-image-222323 size-full\" src=\"https:\/\/www.markt-kom.com\/wp-content\/uploads\/2024\/08\/Tourismuskanton-Aargau-Gasttaxe-Keystone.jpg\" alt=\"Aargau guest tax\" width=\"1200\" height=\"900\" \/>\r\n<figcaption id=\"caption-attachment-222323\" class=\"wp-caption-text\">Lake Hallwil as a tourist region: the Center and SP parliamentary groups wanted to introduce a guest tax in Aargau to boost tourism. Parliament rejected the demand. (Archive image: Keystone\/Urs Fl\u00fceler)<\/figcaption>\r\n<\/figure>\r\n<p>Aargau is not a tourist canton, said an FDP spokesperson. The municipalities are free to introduce such a tax. However, this would contradict liberal ideas. The SVP spoke out against new taxes and fees. It was unnecessary to take francs out of visitors' pockets.<\/p>\r\n<p>The SP, Center Greens and GLP spoke out in favour of the guest tax. The revenue could strengthen regional offers. Switzerland Tourism recognizes the tourism potential of the Aargau, said the SP. The canton still suffers from labels such as \"highway canton\" and \"transit canton\". Yet Aargau is a canton of spas and castles.<\/p>\r\n<h3><strong>All praise for the beautiful Aargau<\/strong><\/h3>\r\n<p>With a cantonal solution, the guest card could be valid for the whole of Aargau, a Mitte spokesperson stated. Guests should be able to benefit directly from the tax.<\/p>\r\n<p>The Greens also praised the \"beautiful canton of Aargau\" and called for more self-confidence. Regional solutions are also needed. It should therefore be examined whether a legal basis for a canton-wide guest tax should be created.<\/p>\r\n<p>Cantonal Councillor Dieter Egli (SP) said that Aargau has an incredible number of treasures, but that these are too little known. The offers would have to be coordinated in order to be able to offer more. Open questions should still be clarified.<\/p>\r\n<h3><strong>Thermal resorts know tax<\/strong><\/h3>\r\n<p>According to the cantonal government, the canton of Aargau counts around 800,000 overnight hotel stays per year - mainly business travelers. There are also many day visitors. The thermal spa towns of Rheinfelden, Bad Zurzach and Baden have municipal taxes for tourists.<\/p>\r\n<p>Various cantons have introduced a guest tax in recent years. These include the cantons of Thurgau, Nidwalden and, a few years ago, the canton of Basel-Landschaft. <em>(SDA\/swi)<\/em><\/p>","protected":false},"excerpt":{"rendered":"<p>There will be no guest tax to promote tourism in the canton of Aargau. On Tuesday, the Grand Council rejected a proposal for this tax by 67 votes to 64. The SP and the Center Party wanted a tax. The SVP and FDP were against it. The cantonal government wanted to examine the guest tax.<\/p>","protected":false},"author":8,"featured_media":0,"comment_status":"closed","ping_status":"closed","sticky":false,"template":"","format":"standard","meta":{"_acf_changed":false,"_yoast_wpseo_focuskw":"Aargau Gasttaxe","_yoast_wpseo_metadesc":"Aargau lehnt Gasttaxe ab. Diskussion \u00fcber Tourismusf\u00f6rderung und regionale L\u00f6sungen im Kanton.","articlekey":"","footnotes":""},"categories":[29],"tags":[4433,4343,2317],"class_list":["post-29398","post","type-post","status-publish","format-standard","hentry","category-marketing","tag-aargau","tag-markom","tag-tourismus"],"acf":[],"yoast_head":"<!-- This site is optimized with the Yoast SEO plugin v27.5 - https:\/\/yoast.com\/product\/yoast-seo-wordpress\/ -->\n<title>Aargauer Parlament will keine Gasttaxe zur Tourismusf\u00f6rderung - Organisator<\/title>\n<meta name=\"description\" content=\"Aargau lehnt Gasttaxe ab. Diskussion \u00fcber Tourismusf\u00f6rderung und regionale L\u00f6sungen im Kanton.\" \/>\n<meta name=\"robots\" content=\"index, follow, max-snippet:-1, max-image-preview:large, max-video-preview:-1\" \/>\n<link rel=\"canonical\" href=\"https:\/\/www.organisator.ch\/en\/marketing\/2024-08-28\/aargauer-parlament-will-keine-gasttaxe-zur-tourismusfoerderung\/\" \/>\n<meta property=\"og:locale\" content=\"en_US\" \/>\n<meta property=\"og:type\" content=\"article\" \/>\n<meta property=\"og:title\" content=\"Aargauer Parlament will keine Gasttaxe zur Tourismusf\u00f6rderung - Organisator\" \/>\n<meta property=\"og:description\" content=\"Aargau lehnt Gasttaxe ab. Diskussion \u00fcber Tourismusf\u00f6rderung und regionale L\u00f6sungen im Kanton.\" \/>\n<meta property=\"og:url\" content=\"https:\/\/www.organisator.ch\/en\/marketing\/2024-08-28\/aargauer-parlament-will-keine-gasttaxe-zur-tourismusfoerderung\/\" \/>\n<meta property=\"og:site_name\" content=\"Organisator\" \/>\n<meta property=\"article:publisher\" content=\"https:\/\/www.facebook.com\/OrganisatorFachmagazin\" \/>\n<meta property=\"article:published_time\" content=\"2024-08-28T06:16:02+00:00\" \/>\n<meta property=\"article:modified_time\" content=\"2024-11-08T11:18:54+00:00\" \/>\n<meta property=\"og:image\" content=\"https:\/\/www.markt-kom.com\/wp-content\/uploads\/2024\/08\/Tourismuskanton-Aargau-Gasttaxe-Keystone.jpg\" \/>\n<meta name=\"author\" content=\"galledia\" \/>\n<meta name=\"twitter:card\" content=\"summary_large_image\" \/>\n<meta name=\"twitter:creator\" content=\"@admin\" \/>\n<script type=\"application\/ld+json\" class=\"yoast-schema-graph\">{\"@context\":\"https:\\\/\\\/schema.org\",\"@graph\":[{\"@type\":\"Article\",\"@id\":\"https:\\\/\\\/www.organisator.ch\\\/marketing\\\/2024-08-28\\\/aargauer-parlament-will-keine-gasttaxe-zur-tourismusfoerderung\\\/#article\",\"isPartOf\":{\"@id\":\"https:\\\/\\\/www.organisator.ch\\\/marketing\\\/2024-08-28\\\/aargauer-parlament-will-keine-gasttaxe-zur-tourismusfoerderung\\\/\"},\"author\":{\"name\":\"galledia\",\"@id\":\"https:\\\/\\\/www.organisator.ch\\\/#\\\/schema\\\/person\\\/4e51799071cd2dd1232ac003643ef5f0\"},\"headline\":\"Aargauer Parlament will keine Gasttaxe zur Tourismusf\u00f6rderung\",\"datePublished\":\"2024-08-28T06:16:02+00:00\",\"dateModified\":\"2024-11-08T11:18:54+00:00\",\"mainEntityOfPage\":{\"@id\":\"https:\\\/\\\/www.organisator.ch\\\/marketing\\\/2024-08-28\\\/aargauer-parlament-will-keine-gasttaxe-zur-tourismusfoerderung\\\/\"},\"wordCount\":326,\"publisher\":{\"@id\":\"https:\\\/\\\/www.organisator.ch\\\/#organization\"},\"image\":{\"@id\":\"https:\\\/\\\/www.organisator.ch\\\/marketing\\\/2024-08-28\\\/aargauer-parlament-will-keine-gasttaxe-zur-tourismusfoerderung\\\/#primaryimage\"},\"thumbnailUrl\":\"https:\\\/\\\/www.markt-kom.com\\\/wp-content\\\/uploads\\\/2024\\\/08\\\/Tourismuskanton-Aargau-Gasttaxe-Keystone.jpg\",\"keywords\":[\"Aargau\",\"MarKom\",\"Tourismus\"],\"articleSection\":[\"MARKETING\"],\"inLanguage\":\"en-US\"},{\"@type\":\"WebPage\",\"@id\":\"https:\\\/\\\/www.organisator.ch\\\/marketing\\\/2024-08-28\\\/aargauer-parlament-will-keine-gasttaxe-zur-tourismusfoerderung\\\/\",\"url\":\"https:\\\/\\\/www.organisator.ch\\\/marketing\\\/2024-08-28\\\/aargauer-parlament-will-keine-gasttaxe-zur-tourismusfoerderung\\\/\",\"name\":\"Aargauer Parlament will keine Gasttaxe zur Tourismusf\u00f6rderung - Organisator\",\"isPartOf\":{\"@id\":\"https:\\\/\\\/www.organisator.ch\\\/#website\"},\"primaryImageOfPage\":{\"@id\":\"https:\\\/\\\/www.organisator.ch\\\/marketing\\\/2024-08-28\\\/aargauer-parlament-will-keine-gasttaxe-zur-tourismusfoerderung\\\/#primaryimage\"},\"image\":{\"@id\":\"https:\\\/\\\/www.organisator.ch\\\/marketing\\\/2024-08-28\\\/aargauer-parlament-will-keine-gasttaxe-zur-tourismusfoerderung\\\/#primaryimage\"},\"thumbnailUrl\":\"https:\\\/\\\/www.markt-kom.com\\\/wp-content\\\/uploads\\\/2024\\\/08\\\/Tourismuskanton-Aargau-Gasttaxe-Keystone.jpg\",\"datePublished\":\"2024-08-28T06:16:02+00:00\",\"dateModified\":\"2024-11-08T11:18:54+00:00\",\"description\":\"Aargau lehnt Gasttaxe ab. Diskussion \u00fcber Tourismusf\u00f6rderung und regionale L\u00f6sungen im Kanton.\",\"breadcrumb\":{\"@id\":\"https:\\\/\\\/www.organisator.ch\\\/marketing\\\/2024-08-28\\\/aargauer-parlament-will-keine-gasttaxe-zur-tourismusfoerderung\\\/#breadcrumb\"},\"inLanguage\":\"en-US\",\"potentialAction\":[{\"@type\":\"ReadAction\",\"target\":[\"https:\\\/\\\/www.organisator.ch\\\/marketing\\\/2024-08-28\\\/aargauer-parlament-will-keine-gasttaxe-zur-tourismusfoerderung\\\/\"]}]},{\"@type\":\"ImageObject\",\"inLanguage\":\"en-US\",\"@id\":\"https:\\\/\\\/www.organisator.ch\\\/marketing\\\/2024-08-28\\\/aargauer-parlament-will-keine-gasttaxe-zur-tourismusfoerderung\\\/#primaryimage\",\"url\":\"https:\\\/\\\/www.markt-kom.com\\\/wp-content\\\/uploads\\\/2024\\\/08\\\/Tourismuskanton-Aargau-Gasttaxe-Keystone.jpg\",\"contentUrl\":\"https:\\\/\\\/www.markt-kom.com\\\/wp-content\\\/uploads\\\/2024\\\/08\\\/Tourismuskanton-Aargau-Gasttaxe-Keystone.jpg\"},{\"@type\":\"BreadcrumbList\",\"@id\":\"https:\\\/\\\/www.organisator.ch\\\/marketing\\\/2024-08-28\\\/aargauer-parlament-will-keine-gasttaxe-zur-tourismusfoerderung\\\/#breadcrumb\",\"itemListElement\":[{\"@type\":\"ListItem\",\"position\":1,\"name\":\"Home\",\"item\":\"https:\\\/\\\/www.organisator.ch\\\/\"},{\"@type\":\"ListItem\",\"position\":2,\"name\":\"Aargauer Parlament will keine Gasttaxe zur Tourismusf\u00f6rderung\"}]},{\"@type\":\"WebSite\",\"@id\":\"https:\\\/\\\/www.organisator.ch\\\/#website\",\"url\":\"https:\\\/\\\/www.organisator.ch\\\/\",\"name\":\"Organisator\",\"description\":\"Kompetent. Praxisnah. Der ORGANISATOR bereitet in 10 Ausgaben pro Jahr die wesentlichen Themen f\u00fcr F\u00fchrungskr\u00e4fte von KMU auf.\",\"publisher\":{\"@id\":\"https:\\\/\\\/www.organisator.ch\\\/#organization\"},\"potentialAction\":[{\"@type\":\"SearchAction\",\"target\":{\"@type\":\"EntryPoint\",\"urlTemplate\":\"https:\\\/\\\/www.organisator.ch\\\/?s={search_term_string}\"},\"query-input\":{\"@type\":\"PropertyValueSpecification\",\"valueRequired\":true,\"valueName\":\"search_term_string\"}}],\"inLanguage\":\"en-US\"},{\"@type\":\"Organization\",\"@id\":\"https:\\\/\\\/www.organisator.ch\\\/#organization\",\"name\":\"Organisator\",\"url\":\"https:\\\/\\\/www.organisator.ch\\\/\",\"logo\":{\"@type\":\"ImageObject\",\"inLanguage\":\"en-US\",\"@id\":\"https:\\\/\\\/www.organisator.ch\\\/#\\\/schema\\\/logo\\\/image\\\/\",\"url\":\"https:\\\/\\\/www.organisator.ch\\\/wp-content\\\/uploads\\\/2022\\\/01\\\/Logo_Organisator_Website.png\",\"contentUrl\":\"https:\\\/\\\/www.organisator.ch\\\/wp-content\\\/uploads\\\/2022\\\/01\\\/Logo_Organisator_Website.png\",\"width\":800,\"height\":77,\"caption\":\"Organisator\"},\"image\":{\"@id\":\"https:\\\/\\\/www.organisator.ch\\\/#\\\/schema\\\/logo\\\/image\\\/\"},\"sameAs\":[\"https:\\\/\\\/www.facebook.com\\\/OrganisatorFachmagazin\",\"https:\\\/\\\/www.linkedin.com\\\/showcase\\\/organisator-das-magazin-fr-kmu\",\"https:\\\/\\\/www.xing.com\\\/news\\\/pages\\\/organisator-ch-695\",\"https:\\\/\\\/www.youtube.com\\\/channel\\\/UCGP2Sq0iWaZwT3BdIAQFYpw\"]},{\"@type\":\"Person\",\"@id\":\"https:\\\/\\\/www.organisator.ch\\\/#\\\/schema\\\/person\\\/4e51799071cd2dd1232ac003643ef5f0\",\"name\":\"galledia\",\"image\":{\"@type\":\"ImageObject\",\"inLanguage\":\"en-US\",\"@id\":\"https:\\\/\\\/secure.gravatar.com\\\/avatar\\\/78a7f90c01fc2bfc875782a0d4922b37cde2cf184ce347b91316d23cd7f69a36?s=96&d=mm&r=g\",\"url\":\"https:\\\/\\\/secure.gravatar.com\\\/avatar\\\/78a7f90c01fc2bfc875782a0d4922b37cde2cf184ce347b91316d23cd7f69a36?s=96&d=mm&r=g\",\"contentUrl\":\"https:\\\/\\\/secure.gravatar.com\\\/avatar\\\/78a7f90c01fc2bfc875782a0d4922b37cde2cf184ce347b91316d23cd7f69a36?s=96&d=mm&r=g\",\"caption\":\"galledia\"},\"sameAs\":[\"https:\\\/\\\/x.com\\\/admin\"],\"url\":\"https:\\\/\\\/www.organisator.ch\\\/en\\\/author\\\/galledia\\\/\"}]}<\/script>\n<!-- \/ Yoast SEO plugin. -->","yoast_head_json":{"title":"Aargau parliament does not want a guest tax to promote tourism - Organizer","description":"Aargau rejects guest tax. Discussion about tourism promotion and regional solutions in the canton.","robots":{"index":"index","follow":"follow","max-snippet":"max-snippet:-1","max-image-preview":"max-image-preview:large","max-video-preview":"max-video-preview:-1"},"canonical":"https:\/\/www.organisator.ch\/en\/marketing\/2024-08-28\/aargauer-parlament-will-keine-gasttaxe-zur-tourismusfoerderung\/","og_locale":"en_US","og_type":"article","og_title":"Aargauer Parlament will keine Gasttaxe zur Tourismusf\u00f6rderung - Organisator","og_description":"Aargau lehnt Gasttaxe ab. Diskussion \u00fcber Tourismusf\u00f6rderung und regionale L\u00f6sungen im Kanton.","og_url":"https:\/\/www.organisator.ch\/en\/marketing\/2024-08-28\/aargauer-parlament-will-keine-gasttaxe-zur-tourismusfoerderung\/","og_site_name":"Organisator","article_publisher":"https:\/\/www.facebook.com\/OrganisatorFachmagazin","article_published_time":"2024-08-28T06:16:02+00:00","article_modified_time":"2024-11-08T11:18:54+00:00","og_image":[{"url":"https:\/\/www.markt-kom.com\/wp-content\/uploads\/2024\/08\/Tourismuskanton-Aargau-Gasttaxe-Keystone.jpg","type":"","width":"","height":""}],"author":"galledia","twitter_card":"summary_large_image","twitter_creator":"@admin","schema":{"@context":"https:\/\/schema.org","@graph":[{"@type":"Article","@id":"https:\/\/www.organisator.ch\/marketing\/2024-08-28\/aargauer-parlament-will-keine-gasttaxe-zur-tourismusfoerderung\/#article","isPartOf":{"@id":"https:\/\/www.organisator.ch\/marketing\/2024-08-28\/aargauer-parlament-will-keine-gasttaxe-zur-tourismusfoerderung\/"},"author":{"name":"galledia","@id":"https:\/\/www.organisator.ch\/#\/schema\/person\/4e51799071cd2dd1232ac003643ef5f0"},"headline":"Aargauer Parlament will keine Gasttaxe zur Tourismusf\u00f6rderung","datePublished":"2024-08-28T06:16:02+00:00","dateModified":"2024-11-08T11:18:54+00:00","mainEntityOfPage":{"@id":"https:\/\/www.organisator.ch\/marketing\/2024-08-28\/aargauer-parlament-will-keine-gasttaxe-zur-tourismusfoerderung\/"},"wordCount":326,"publisher":{"@id":"https:\/\/www.organisator.ch\/#organization"},"image":{"@id":"https:\/\/www.organisator.ch\/marketing\/2024-08-28\/aargauer-parlament-will-keine-gasttaxe-zur-tourismusfoerderung\/#primaryimage"},"thumbnailUrl":"https:\/\/www.markt-kom.com\/wp-content\/uploads\/2024\/08\/Tourismuskanton-Aargau-Gasttaxe-Keystone.jpg","keywords":["Aargau","MarKom","Tourismus"],"articleSection":["MARKETING"],"inLanguage":"en-US"},{"@type":"WebPage","@id":"https:\/\/www.organisator.ch\/marketing\/2024-08-28\/aargauer-parlament-will-keine-gasttaxe-zur-tourismusfoerderung\/","url":"https:\/\/www.organisator.ch\/marketing\/2024-08-28\/aargauer-parlament-will-keine-gasttaxe-zur-tourismusfoerderung\/","name":"Aargau parliament does not want a guest tax to promote tourism - Organizer","isPartOf":{"@id":"https:\/\/www.organisator.ch\/#website"},"primaryImageOfPage":{"@id":"https:\/\/www.organisator.ch\/marketing\/2024-08-28\/aargauer-parlament-will-keine-gasttaxe-zur-tourismusfoerderung\/#primaryimage"},"image":{"@id":"https:\/\/www.organisator.ch\/marketing\/2024-08-28\/aargauer-parlament-will-keine-gasttaxe-zur-tourismusfoerderung\/#primaryimage"},"thumbnailUrl":"https:\/\/www.markt-kom.com\/wp-content\/uploads\/2024\/08\/Tourismuskanton-Aargau-Gasttaxe-Keystone.jpg","datePublished":"2024-08-28T06:16:02+00:00","dateModified":"2024-11-08T11:18:54+00:00","description":"Aargau rejects guest tax. Discussion about tourism promotion and regional solutions in the canton.","breadcrumb":{"@id":"https:\/\/www.organisator.ch\/marketing\/2024-08-28\/aargauer-parlament-will-keine-gasttaxe-zur-tourismusfoerderung\/#breadcrumb"},"inLanguage":"en-US","potentialAction":[{"@type":"ReadAction","target":["https:\/\/www.organisator.ch\/marketing\/2024-08-28\/aargauer-parlament-will-keine-gasttaxe-zur-tourismusfoerderung\/"]}]},{"@type":"ImageObject","inLanguage":"en-US","@id":"https:\/\/www.organisator.ch\/marketing\/2024-08-28\/aargauer-parlament-will-keine-gasttaxe-zur-tourismusfoerderung\/#primaryimage","url":"https:\/\/www.markt-kom.com\/wp-content\/uploads\/2024\/08\/Tourismuskanton-Aargau-Gasttaxe-Keystone.jpg","contentUrl":"https:\/\/www.markt-kom.com\/wp-content\/uploads\/2024\/08\/Tourismuskanton-Aargau-Gasttaxe-Keystone.jpg"},{"@type":"BreadcrumbList","@id":"https:\/\/www.organisator.ch\/marketing\/2024-08-28\/aargauer-parlament-will-keine-gasttaxe-zur-tourismusfoerderung\/#breadcrumb","itemListElement":[{"@type":"ListItem","position":1,"name":"Home","item":"https:\/\/www.organisator.ch\/"},{"@type":"ListItem","position":2,"name":"Aargauer Parlament will keine Gasttaxe zur Tourismusf\u00f6rderung"}]},{"@type":"WebSite","@id":"https:\/\/www.organisator.ch\/#website","url":"https:\/\/www.organisator.ch\/","name":"Organizer","description":"Competent. Practical. In 10 issues per year, ORGANISATOR presents the essential topics for managers of SMEs.","publisher":{"@id":"https:\/\/www.organisator.ch\/#organization"},"potentialAction":[{"@type":"SearchAction","target":{"@type":"EntryPoint","urlTemplate":"https:\/\/www.organisator.ch\/?s={search_term_string}"},"query-input":{"@type":"PropertyValueSpecification","valueRequired":true,"valueName":"search_term_string"}}],"inLanguage":"en-US"},{"@type":"Organization","@id":"https:\/\/www.organisator.ch\/#organization","name":"Organizer","url":"https:\/\/www.organisator.ch\/","logo":{"@type":"ImageObject","inLanguage":"en-US","@id":"https:\/\/www.organisator.ch\/#\/schema\/logo\/image\/","url":"https:\/\/www.organisator.ch\/wp-content\/uploads\/2022\/01\/Logo_Organisator_Website.png","contentUrl":"https:\/\/www.organisator.ch\/wp-content\/uploads\/2022\/01\/Logo_Organisator_Website.png","width":800,"height":77,"caption":"Organisator"},"image":{"@id":"https:\/\/www.organisator.ch\/#\/schema\/logo\/image\/"},"sameAs":["https:\/\/www.facebook.com\/OrganisatorFachmagazin","https:\/\/www.linkedin.com\/showcase\/organisator-das-magazin-fr-kmu","https:\/\/www.xing.com\/news\/pages\/organisator-ch-695","https:\/\/www.youtube.com\/channel\/UCGP2Sq0iWaZwT3BdIAQFYpw"]},{"@type":"Person","@id":"https:\/\/www.organisator.ch\/#\/schema\/person\/4e51799071cd2dd1232ac003643ef5f0","name":"galledia","image":{"@type":"ImageObject","inLanguage":"en-US","@id":"https:\/\/secure.gravatar.com\/avatar\/78a7f90c01fc2bfc875782a0d4922b37cde2cf184ce347b91316d23cd7f69a36?s=96&d=mm&r=g","url":"https:\/\/secure.gravatar.com\/avatar\/78a7f90c01fc2bfc875782a0d4922b37cde2cf184ce347b91316d23cd7f69a36?s=96&d=mm&r=g","contentUrl":"https:\/\/secure.gravatar.com\/avatar\/78a7f90c01fc2bfc875782a0d4922b37cde2cf184ce347b91316d23cd7f69a36?s=96&d=mm&r=g","caption":"galledia"},"sameAs":["https:\/\/x.com\/admin"],"url":"https:\/\/www.organisator.ch\/en\/author\/galledia\/"}]}},"_links":{"self":[{"href":"https:\/\/www.organisator.ch\/en\/wp-json\/wp\/v2\/posts\/29398","targetHints":{"allow":["GET"]}}],"collection":[{"href":"https:\/\/www.organisator.ch\/en\/wp-json\/wp\/v2\/posts"}],"about":[{"href":"https:\/\/www.organisator.ch\/en\/wp-json\/wp\/v2\/types\/post"}],"author":[{"embeddable":true,"href":"https:\/\/www.organisator.ch\/en\/wp-json\/wp\/v2\/users\/8"}],"replies":[{"embeddable":true,"href":"https:\/\/www.organisator.ch\/en\/wp-json\/wp\/v2\/comments?post=29398"}],"version-history":[{"count":3,"href":"https:\/\/www.organisator.ch\/en\/wp-json\/wp\/v2\/posts\/29398\/revisions"}],"predecessor-version":[{"id":32008,"href":"https:\/\/www.organisator.ch\/en\/wp-json\/wp\/v2\/posts\/29398\/revisions\/32008"}],"wp:attachment":[{"href":"https:\/\/www.organisator.ch\/en\/wp-json\/wp\/v2\/media?parent=29398"}],"wp:term":[{"taxonomy":"category","embeddable":true,"href":"https:\/\/www.organisator.ch\/en\/wp-json\/wp\/v2\/categories?post=29398"},{"taxonomy":"post_tag","embeddable":true,"href":"https:\/\/www.organisator.ch\/en\/wp-json\/wp\/v2\/tags?post=29398"}],"curies":[{"name":"wp","href":"https:\/\/api.w.org\/{rel}","templated":true}]}}