{"id":29483,"date":"2024-09-02T13:26:31","date_gmt":"2024-09-02T11:26:31","guid":{"rendered":"https:\/\/www.m-q.ch\/?p=20271"},"modified":"2024-11-08T12:03:42","modified_gmt":"2024-11-08T11:03:42","slug":"sebastian-spicker-wird-neuer-managing-director-dach-bei-ifs","status":"publish","type":"post","link":"https:\/\/www.organisator.ch\/en\/operational-excellence\/2024-09-02\/sebastian-spicker-wird-neuer-managing-director-dach-bei-ifs\/","title":{"rendered":"Sebastian Spicker becomes new Managing Director DACH at IFS"},"content":{"rendered":"<figure id=\"attachment_20273\" class=\"wp-caption alignnone\" style=\"width: 680px\" aria-describedby=\"caption-attachment-20273\"><img class=\"alignnone wp-image-20273 size-full\" src=\"https:\/\/www.m-q.ch\/wp-content\/uploads\/2024\/09\/IFS_Bild1_ps-e1725276457186.jpg\" alt=\"Sebastian\" width=\"680\" height=\"553\" \/>\r\n<figcaption id=\"caption-attachment-20273\" class=\"wp-caption-text\">Sebastian Spicker - New Managing Director DACH at IFS. (Image: www.ifs.com)<\/figcaption>\r\n<\/figure>\r\n<p>With over 25 years of experience in IT and software sales, Sebastian Spicker brings extensive expertise in the areas of customer relationship management, team leadership and support for global customers from various industries. In his career, he has worked for companies such as SAP, Xerox, Vodafone, Hitachi, GE and ServiceNow. Most recently, he held the position of Senior Director Enterprise Sales and Sales Growth Specialist at Databricks, a provider of cloud-based data platforms.<\/p>\r\n<p>For his new position, Spicker brings the right mix of technology know-how and management experience to further drive the successful growth of IFS in the DACH region. As the new Managing Director DACH at IFS, Spicker will focus on putting the customer at the center of his work, further developing the company's existing strategy and ensuring its future success.<\/p>\r\n<p>\"My primary goals are to associate the IFS name with the highest standards and to consolidate and expand our market position in the DACH region in the long term,\" explains Spicker. \"The starting position for this could not be better, as IFS is already pursuing a very successful and customer-oriented strategy, has the necessary expertise and offers high-quality solutions that can be perfectly adapted to the needs of companies.\"<\/p>\r\n<p><em>Source: <a href=\"https:\/\/www.ifs.com\/de\">www.ifs.com<\/a><\/em><\/p>\n<p class=\"syndicated-attribution\">This article originally appeared on m-q.ch - <a href=\"https:\/\/www.m-q.ch\/de\/sebastian-spicker-wird-neuer-managing-director-dach-bei-ifs\/\" target=\"_blank\">https:\/\/www.m-q.ch\/de\/sebastian-spicker-wird-neuer-managing-director-dach-bei-ifs\/<\/a><\/p>","protected":false},"excerpt":{"rendered":"<p>Sebastian Spicker is taking over the position of Managing Director DACH at the global enterprise cloud software company IFS with immediate effect.<\/p>","protected":false},"author":58,"featured_media":0,"comment_status":"closed","ping_status":"closed","sticky":false,"template":"","format":"standard","meta":{"_acf_changed":false,"_yoast_wpseo_focuskw":"Sebastian","_yoast_wpseo_metadesc":"Sebastian Spicker ist neuer Managing Director DACH bei IFS, fokussiert auf Kundenorientierung und nachhaltiges Wachstum.","articlekey":"","footnotes":""},"categories":[582],"tags":[103,4299,4443,492],"class_list":["post-29483","post","type-post","status-publish","format-standard","hentry","category-operational-excellence","tag-business-excellence","tag-dach-region","tag-ifs","tag-unternehmen"],"acf":[],"yoast_head":"<!-- This site is optimized with the Yoast SEO plugin v27.4 - https:\/\/yoast.com\/product\/yoast-seo-wordpress\/ -->\n<title>Sebastian Spicker wird neuer Managing Director DACH bei IFS - Organisator<\/title>\n<meta name=\"description\" content=\"Sebastian Spicker ist neuer Managing Director DACH bei IFS, fokussiert auf Kundenorientierung und nachhaltiges Wachstum.\" \/>\n<meta name=\"robots\" content=\"index, follow, max-snippet:-1, max-image-preview:large, max-video-preview:-1\" \/>\n<link rel=\"canonical\" href=\"https:\/\/www.organisator.ch\/en\/operational-excellence\/2024-09-02\/sebastian-spicker-wird-neuer-managing-director-dach-bei-ifs\/\" \/>\n<meta property=\"og:locale\" content=\"en_US\" \/>\n<meta property=\"og:type\" content=\"article\" \/>\n<meta property=\"og:title\" content=\"Sebastian Spicker wird neuer Managing Director DACH bei IFS - Organisator\" \/>\n<meta property=\"og:description\" content=\"Sebastian Spicker ist neuer Managing Director DACH bei IFS, fokussiert auf Kundenorientierung und nachhaltiges Wachstum.\" \/>\n<meta property=\"og:url\" content=\"https:\/\/www.organisator.ch\/en\/operational-excellence\/2024-09-02\/sebastian-spicker-wird-neuer-managing-director-dach-bei-ifs\/\" \/>\n<meta property=\"og:site_name\" content=\"Organisator\" \/>\n<meta property=\"article:publisher\" content=\"https:\/\/www.facebook.com\/OrganisatorFachmagazin\" \/>\n<meta property=\"article:published_time\" content=\"2024-09-02T11:26:31+00:00\" \/>\n<meta property=\"article:modified_time\" content=\"2024-11-08T11:03:42+00:00\" \/>\n<meta property=\"og:image\" content=\"https:\/\/www.m-q.ch\/wp-content\/uploads\/2024\/09\/IFS_Bild1_ps-e1725276457186.jpg\" \/>\n<meta name=\"author\" content=\"Adelisa Kalajdzini\" \/>\n<meta name=\"twitter:card\" content=\"summary_large_image\" \/>\n<script type=\"application\/ld+json\" class=\"yoast-schema-graph\">{\"@context\":\"https:\\\/\\\/schema.org\",\"@graph\":[{\"@type\":\"Article\",\"@id\":\"https:\\\/\\\/www.organisator.ch\\\/operational-excellence\\\/2024-09-02\\\/sebastian-spicker-wird-neuer-managing-director-dach-bei-ifs\\\/#article\",\"isPartOf\":{\"@id\":\"https:\\\/\\\/www.organisator.ch\\\/operational-excellence\\\/2024-09-02\\\/sebastian-spicker-wird-neuer-managing-director-dach-bei-ifs\\\/\"},\"author\":{\"name\":\"Adelisa Kalajdzini\",\"@id\":\"https:\\\/\\\/www.organisator.ch\\\/#\\\/schema\\\/person\\\/2e1314a2172123f874db408d8911d3f3\"},\"headline\":\"Sebastian Spicker wird neuer Managing Director DACH bei IFS\",\"datePublished\":\"2024-09-02T11:26:31+00:00\",\"dateModified\":\"2024-11-08T11:03:42+00:00\",\"mainEntityOfPage\":{\"@id\":\"https:\\\/\\\/www.organisator.ch\\\/operational-excellence\\\/2024-09-02\\\/sebastian-spicker-wird-neuer-managing-director-dach-bei-ifs\\\/\"},\"wordCount\":222,\"publisher\":{\"@id\":\"https:\\\/\\\/www.organisator.ch\\\/#organization\"},\"image\":{\"@id\":\"https:\\\/\\\/www.organisator.ch\\\/operational-excellence\\\/2024-09-02\\\/sebastian-spicker-wird-neuer-managing-director-dach-bei-ifs\\\/#primaryimage\"},\"thumbnailUrl\":\"https:\\\/\\\/www.m-q.ch\\\/wp-content\\\/uploads\\\/2024\\\/09\\\/IFS_Bild1_ps-e1725276457186.jpg\",\"keywords\":[\"Business Excellence\",\"DACH-Region\",\"IFS\",\"Unternehmen\"],\"articleSection\":[\"OPERATIONAL EXCELLENCE\"],\"inLanguage\":\"en-US\"},{\"@type\":\"WebPage\",\"@id\":\"https:\\\/\\\/www.organisator.ch\\\/operational-excellence\\\/2024-09-02\\\/sebastian-spicker-wird-neuer-managing-director-dach-bei-ifs\\\/\",\"url\":\"https:\\\/\\\/www.organisator.ch\\\/operational-excellence\\\/2024-09-02\\\/sebastian-spicker-wird-neuer-managing-director-dach-bei-ifs\\\/\",\"name\":\"Sebastian Spicker wird neuer Managing Director DACH bei IFS - Organisator\",\"isPartOf\":{\"@id\":\"https:\\\/\\\/www.organisator.ch\\\/#website\"},\"primaryImageOfPage\":{\"@id\":\"https:\\\/\\\/www.organisator.ch\\\/operational-excellence\\\/2024-09-02\\\/sebastian-spicker-wird-neuer-managing-director-dach-bei-ifs\\\/#primaryimage\"},\"image\":{\"@id\":\"https:\\\/\\\/www.organisator.ch\\\/operational-excellence\\\/2024-09-02\\\/sebastian-spicker-wird-neuer-managing-director-dach-bei-ifs\\\/#primaryimage\"},\"thumbnailUrl\":\"https:\\\/\\\/www.m-q.ch\\\/wp-content\\\/uploads\\\/2024\\\/09\\\/IFS_Bild1_ps-e1725276457186.jpg\",\"datePublished\":\"2024-09-02T11:26:31+00:00\",\"dateModified\":\"2024-11-08T11:03:42+00:00\",\"description\":\"Sebastian Spicker ist neuer Managing Director DACH bei IFS, fokussiert auf Kundenorientierung und nachhaltiges Wachstum.\",\"breadcrumb\":{\"@id\":\"https:\\\/\\\/www.organisator.ch\\\/operational-excellence\\\/2024-09-02\\\/sebastian-spicker-wird-neuer-managing-director-dach-bei-ifs\\\/#breadcrumb\"},\"inLanguage\":\"en-US\",\"potentialAction\":[{\"@type\":\"ReadAction\",\"target\":[\"https:\\\/\\\/www.organisator.ch\\\/operational-excellence\\\/2024-09-02\\\/sebastian-spicker-wird-neuer-managing-director-dach-bei-ifs\\\/\"]}]},{\"@type\":\"ImageObject\",\"inLanguage\":\"en-US\",\"@id\":\"https:\\\/\\\/www.organisator.ch\\\/operational-excellence\\\/2024-09-02\\\/sebastian-spicker-wird-neuer-managing-director-dach-bei-ifs\\\/#primaryimage\",\"url\":\"https:\\\/\\\/www.m-q.ch\\\/wp-content\\\/uploads\\\/2024\\\/09\\\/IFS_Bild1_ps-e1725276457186.jpg\",\"contentUrl\":\"https:\\\/\\\/www.m-q.ch\\\/wp-content\\\/uploads\\\/2024\\\/09\\\/IFS_Bild1_ps-e1725276457186.jpg\"},{\"@type\":\"BreadcrumbList\",\"@id\":\"https:\\\/\\\/www.organisator.ch\\\/operational-excellence\\\/2024-09-02\\\/sebastian-spicker-wird-neuer-managing-director-dach-bei-ifs\\\/#breadcrumb\",\"itemListElement\":[{\"@type\":\"ListItem\",\"position\":1,\"name\":\"Home\",\"item\":\"https:\\\/\\\/www.organisator.ch\\\/\"},{\"@type\":\"ListItem\",\"position\":2,\"name\":\"Sebastian Spicker wird neuer Managing Director DACH bei IFS\"}]},{\"@type\":\"WebSite\",\"@id\":\"https:\\\/\\\/www.organisator.ch\\\/#website\",\"url\":\"https:\\\/\\\/www.organisator.ch\\\/\",\"name\":\"Organisator\",\"description\":\"Kompetent. Praxisnah. Der ORGANISATOR bereitet in 10 Ausgaben pro Jahr die wesentlichen Themen f\u00fcr F\u00fchrungskr\u00e4fte von KMU auf.\",\"publisher\":{\"@id\":\"https:\\\/\\\/www.organisator.ch\\\/#organization\"},\"potentialAction\":[{\"@type\":\"SearchAction\",\"target\":{\"@type\":\"EntryPoint\",\"urlTemplate\":\"https:\\\/\\\/www.organisator.ch\\\/?s={search_term_string}\"},\"query-input\":{\"@type\":\"PropertyValueSpecification\",\"valueRequired\":true,\"valueName\":\"search_term_string\"}}],\"inLanguage\":\"en-US\"},{\"@type\":\"Organization\",\"@id\":\"https:\\\/\\\/www.organisator.ch\\\/#organization\",\"name\":\"Organisator\",\"url\":\"https:\\\/\\\/www.organisator.ch\\\/\",\"logo\":{\"@type\":\"ImageObject\",\"inLanguage\":\"en-US\",\"@id\":\"https:\\\/\\\/www.organisator.ch\\\/#\\\/schema\\\/logo\\\/image\\\/\",\"url\":\"https:\\\/\\\/www.organisator.ch\\\/wp-content\\\/uploads\\\/2022\\\/01\\\/Logo_Organisator_Website.png\",\"contentUrl\":\"https:\\\/\\\/www.organisator.ch\\\/wp-content\\\/uploads\\\/2022\\\/01\\\/Logo_Organisator_Website.png\",\"width\":800,\"height\":77,\"caption\":\"Organisator\"},\"image\":{\"@id\":\"https:\\\/\\\/www.organisator.ch\\\/#\\\/schema\\\/logo\\\/image\\\/\"},\"sameAs\":[\"https:\\\/\\\/www.facebook.com\\\/OrganisatorFachmagazin\",\"https:\\\/\\\/www.linkedin.com\\\/showcase\\\/organisator-das-magazin-fr-kmu\",\"https:\\\/\\\/www.xing.com\\\/news\\\/pages\\\/organisator-ch-695\",\"https:\\\/\\\/www.youtube.com\\\/channel\\\/UCGP2Sq0iWaZwT3BdIAQFYpw\"]},{\"@type\":\"Person\",\"@id\":\"https:\\\/\\\/www.organisator.ch\\\/#\\\/schema\\\/person\\\/2e1314a2172123f874db408d8911d3f3\",\"name\":\"Adelisa Kalajdzini\",\"image\":{\"@type\":\"ImageObject\",\"inLanguage\":\"en-US\",\"@id\":\"https:\\\/\\\/secure.gravatar.com\\\/avatar\\\/09a397c22ac58cad6f160ee8306348599df9df58a8ede73696226897b9fa4b24?s=96&d=mm&r=g\",\"url\":\"https:\\\/\\\/secure.gravatar.com\\\/avatar\\\/09a397c22ac58cad6f160ee8306348599df9df58a8ede73696226897b9fa4b24?s=96&d=mm&r=g\",\"contentUrl\":\"https:\\\/\\\/secure.gravatar.com\\\/avatar\\\/09a397c22ac58cad6f160ee8306348599df9df58a8ede73696226897b9fa4b24?s=96&d=mm&r=g\",\"caption\":\"Adelisa Kalajdzini\"},\"url\":\"https:\\\/\\\/www.organisator.ch\\\/en\\\/author\\\/adelisa-kalajdzini\\\/\"}]}<\/script>\n<!-- \/ Yoast SEO plugin. -->","yoast_head_json":{"title":"Sebastian Spicker becomes new Managing Director DACH at IFS - Organizer","description":"Sebastian Spicker is the new Managing Director DACH at IFS, focusing on customer orientation and sustainable growth.","robots":{"index":"index","follow":"follow","max-snippet":"max-snippet:-1","max-image-preview":"max-image-preview:large","max-video-preview":"max-video-preview:-1"},"canonical":"https:\/\/www.organisator.ch\/en\/operational-excellence\/2024-09-02\/sebastian-spicker-wird-neuer-managing-director-dach-bei-ifs\/","og_locale":"en_US","og_type":"article","og_title":"Sebastian Spicker wird neuer Managing Director DACH bei IFS - Organisator","og_description":"Sebastian Spicker ist neuer Managing Director DACH bei IFS, fokussiert auf Kundenorientierung und nachhaltiges Wachstum.","og_url":"https:\/\/www.organisator.ch\/en\/operational-excellence\/2024-09-02\/sebastian-spicker-wird-neuer-managing-director-dach-bei-ifs\/","og_site_name":"Organisator","article_publisher":"https:\/\/www.facebook.com\/OrganisatorFachmagazin","article_published_time":"2024-09-02T11:26:31+00:00","article_modified_time":"2024-11-08T11:03:42+00:00","og_image":[{"url":"https:\/\/www.m-q.ch\/wp-content\/uploads\/2024\/09\/IFS_Bild1_ps-e1725276457186.jpg","type":"","width":"","height":""}],"author":"Adelisa Kalajdzini","twitter_card":"summary_large_image","schema":{"@context":"https:\/\/schema.org","@graph":[{"@type":"Article","@id":"https:\/\/www.organisator.ch\/operational-excellence\/2024-09-02\/sebastian-spicker-wird-neuer-managing-director-dach-bei-ifs\/#article","isPartOf":{"@id":"https:\/\/www.organisator.ch\/operational-excellence\/2024-09-02\/sebastian-spicker-wird-neuer-managing-director-dach-bei-ifs\/"},"author":{"name":"Adelisa Kalajdzini","@id":"https:\/\/www.organisator.ch\/#\/schema\/person\/2e1314a2172123f874db408d8911d3f3"},"headline":"Sebastian Spicker wird neuer Managing Director DACH bei IFS","datePublished":"2024-09-02T11:26:31+00:00","dateModified":"2024-11-08T11:03:42+00:00","mainEntityOfPage":{"@id":"https:\/\/www.organisator.ch\/operational-excellence\/2024-09-02\/sebastian-spicker-wird-neuer-managing-director-dach-bei-ifs\/"},"wordCount":222,"publisher":{"@id":"https:\/\/www.organisator.ch\/#organization"},"image":{"@id":"https:\/\/www.organisator.ch\/operational-excellence\/2024-09-02\/sebastian-spicker-wird-neuer-managing-director-dach-bei-ifs\/#primaryimage"},"thumbnailUrl":"https:\/\/www.m-q.ch\/wp-content\/uploads\/2024\/09\/IFS_Bild1_ps-e1725276457186.jpg","keywords":["Business Excellence","DACH-Region","IFS","Unternehmen"],"articleSection":["OPERATIONAL EXCELLENCE"],"inLanguage":"en-US"},{"@type":"WebPage","@id":"https:\/\/www.organisator.ch\/operational-excellence\/2024-09-02\/sebastian-spicker-wird-neuer-managing-director-dach-bei-ifs\/","url":"https:\/\/www.organisator.ch\/operational-excellence\/2024-09-02\/sebastian-spicker-wird-neuer-managing-director-dach-bei-ifs\/","name":"Sebastian Spicker becomes new Managing Director DACH at IFS - Organizer","isPartOf":{"@id":"https:\/\/www.organisator.ch\/#website"},"primaryImageOfPage":{"@id":"https:\/\/www.organisator.ch\/operational-excellence\/2024-09-02\/sebastian-spicker-wird-neuer-managing-director-dach-bei-ifs\/#primaryimage"},"image":{"@id":"https:\/\/www.organisator.ch\/operational-excellence\/2024-09-02\/sebastian-spicker-wird-neuer-managing-director-dach-bei-ifs\/#primaryimage"},"thumbnailUrl":"https:\/\/www.m-q.ch\/wp-content\/uploads\/2024\/09\/IFS_Bild1_ps-e1725276457186.jpg","datePublished":"2024-09-02T11:26:31+00:00","dateModified":"2024-11-08T11:03:42+00:00","description":"Sebastian Spicker is the new Managing Director DACH at IFS, focusing on customer orientation and sustainable growth.","breadcrumb":{"@id":"https:\/\/www.organisator.ch\/operational-excellence\/2024-09-02\/sebastian-spicker-wird-neuer-managing-director-dach-bei-ifs\/#breadcrumb"},"inLanguage":"en-US","potentialAction":[{"@type":"ReadAction","target":["https:\/\/www.organisator.ch\/operational-excellence\/2024-09-02\/sebastian-spicker-wird-neuer-managing-director-dach-bei-ifs\/"]}]},{"@type":"ImageObject","inLanguage":"en-US","@id":"https:\/\/www.organisator.ch\/operational-excellence\/2024-09-02\/sebastian-spicker-wird-neuer-managing-director-dach-bei-ifs\/#primaryimage","url":"https:\/\/www.m-q.ch\/wp-content\/uploads\/2024\/09\/IFS_Bild1_ps-e1725276457186.jpg","contentUrl":"https:\/\/www.m-q.ch\/wp-content\/uploads\/2024\/09\/IFS_Bild1_ps-e1725276457186.jpg"},{"@type":"BreadcrumbList","@id":"https:\/\/www.organisator.ch\/operational-excellence\/2024-09-02\/sebastian-spicker-wird-neuer-managing-director-dach-bei-ifs\/#breadcrumb","itemListElement":[{"@type":"ListItem","position":1,"name":"Home","item":"https:\/\/www.organisator.ch\/"},{"@type":"ListItem","position":2,"name":"Sebastian Spicker wird neuer Managing Director DACH bei IFS"}]},{"@type":"WebSite","@id":"https:\/\/www.organisator.ch\/#website","url":"https:\/\/www.organisator.ch\/","name":"Organizer","description":"Competent. Practical. In 10 issues per year, ORGANISATOR presents the essential topics for managers of SMEs.","publisher":{"@id":"https:\/\/www.organisator.ch\/#organization"},"potentialAction":[{"@type":"SearchAction","target":{"@type":"EntryPoint","urlTemplate":"https:\/\/www.organisator.ch\/?s={search_term_string}"},"query-input":{"@type":"PropertyValueSpecification","valueRequired":true,"valueName":"search_term_string"}}],"inLanguage":"en-US"},{"@type":"Organization","@id":"https:\/\/www.organisator.ch\/#organization","name":"Organizer","url":"https:\/\/www.organisator.ch\/","logo":{"@type":"ImageObject","inLanguage":"en-US","@id":"https:\/\/www.organisator.ch\/#\/schema\/logo\/image\/","url":"https:\/\/www.organisator.ch\/wp-content\/uploads\/2022\/01\/Logo_Organisator_Website.png","contentUrl":"https:\/\/www.organisator.ch\/wp-content\/uploads\/2022\/01\/Logo_Organisator_Website.png","width":800,"height":77,"caption":"Organisator"},"image":{"@id":"https:\/\/www.organisator.ch\/#\/schema\/logo\/image\/"},"sameAs":["https:\/\/www.facebook.com\/OrganisatorFachmagazin","https:\/\/www.linkedin.com\/showcase\/organisator-das-magazin-fr-kmu","https:\/\/www.xing.com\/news\/pages\/organisator-ch-695","https:\/\/www.youtube.com\/channel\/UCGP2Sq0iWaZwT3BdIAQFYpw"]},{"@type":"Person","@id":"https:\/\/www.organisator.ch\/#\/schema\/person\/2e1314a2172123f874db408d8911d3f3","name":"Adelisa Kalajdzini","image":{"@type":"ImageObject","inLanguage":"en-US","@id":"https:\/\/secure.gravatar.com\/avatar\/09a397c22ac58cad6f160ee8306348599df9df58a8ede73696226897b9fa4b24?s=96&d=mm&r=g","url":"https:\/\/secure.gravatar.com\/avatar\/09a397c22ac58cad6f160ee8306348599df9df58a8ede73696226897b9fa4b24?s=96&d=mm&r=g","contentUrl":"https:\/\/secure.gravatar.com\/avatar\/09a397c22ac58cad6f160ee8306348599df9df58a8ede73696226897b9fa4b24?s=96&d=mm&r=g","caption":"Adelisa Kalajdzini"},"url":"https:\/\/www.organisator.ch\/en\/author\/adelisa-kalajdzini\/"}]}},"_links":{"self":[{"href":"https:\/\/www.organisator.ch\/en\/wp-json\/wp\/v2\/posts\/29483","targetHints":{"allow":["GET"]}}],"collection":[{"href":"https:\/\/www.organisator.ch\/en\/wp-json\/wp\/v2\/posts"}],"about":[{"href":"https:\/\/www.organisator.ch\/en\/wp-json\/wp\/v2\/types\/post"}],"author":[{"embeddable":true,"href":"https:\/\/www.organisator.ch\/en\/wp-json\/wp\/v2\/users\/58"}],"replies":[{"embeddable":true,"href":"https:\/\/www.organisator.ch\/en\/wp-json\/wp\/v2\/comments?post=29483"}],"version-history":[{"count":6,"href":"https:\/\/www.organisator.ch\/en\/wp-json\/wp\/v2\/posts\/29483\/revisions"}],"predecessor-version":[{"id":31990,"href":"https:\/\/www.organisator.ch\/en\/wp-json\/wp\/v2\/posts\/29483\/revisions\/31990"}],"wp:attachment":[{"href":"https:\/\/www.organisator.ch\/en\/wp-json\/wp\/v2\/media?parent=29483"}],"wp:term":[{"taxonomy":"category","embeddable":true,"href":"https:\/\/www.organisator.ch\/en\/wp-json\/wp\/v2\/categories?post=29483"},{"taxonomy":"post_tag","embeddable":true,"href":"https:\/\/www.organisator.ch\/en\/wp-json\/wp\/v2\/tags?post=29483"}],"curies":[{"name":"wp","href":"https:\/\/api.w.org\/{rel}","templated":true}]}}