{"id":29487,"date":"2024-09-02T14:27:42","date_gmt":"2024-09-02T12:27:42","guid":{"rendered":"https:\/\/www.markt-kom.com\/?p=222593"},"modified":"2024-11-08T12:02:21","modified_gmt":"2024-11-08T11:02:21","slug":"kommunikationsagentur-andreas-raeber-sichert-sich-mandat-der-ews","status":"publish","type":"post","link":"https:\/\/www.organisator.ch\/en\/marketing\/2024-09-02\/kommunikationsagentur-andreas-raeber-sichert-sich-mandat-der-ews\/","title":{"rendered":"Communications agency Andreas R\u00e4ber secures EWS mandate"},"content":{"rendered":"<p><img class=\"alignnone wp-image-222594 size-full\" src=\"https:\/\/www.markt-kom.com\/wp-content\/uploads\/2024\/09\/Andreas-Raeber-Neukunde-EWS-scaled.jpg\" alt=\"EWS\" width=\"1400\" height=\"1400\" \/><\/p>\r\n<p>EWS Energie AG is the most important infrastructure operator in the Aargau S\u00fcd region with responsibility for the entire drinking water supply, as well as being the market leader in energy supply and a provider of telecommunications solutions. The Andreas R\u00e4ber communications agency has now secured the company's mandate - and is presenting its first work.<\/p>\r\n<h3>\u00a0\"Dynamic appearance across all touchpoints\"<\/h3>\r\n<p>The results of the collaboration can be seen, for example, in a brand experience strategy that translates the brand values and the resulting guiding principles into a dynamic appearance and can be used flexibly at all touchpoints. EWS should convey to the outside world what the company represents internally - with new, inspiring style elements; typography that evokes attention; vibrant and natural colors, an extensive illustration library and a new digital platform that puts people at the center and thus makes information easily accessible to everyone.<\/p>\r\n<p>\"It is incredibly exciting to be able to accompany this company and to continuously refine the requirements of the brand and its communication,\" said Andreas R\u00e4ber in a press release.<\/p>","protected":false},"excerpt":{"rendered":"<p>The communications agency Andreas R\u00e4ber secures the mandate from EWS Energie AG - and presents its first work.<\/p>","protected":false},"author":8,"featured_media":0,"comment_status":"closed","ping_status":"closed","sticky":false,"template":"","format":"standard","meta":{"_acf_changed":false,"_yoast_wpseo_focuskw":"EWS","_yoast_wpseo_metadesc":"EWS Energie AG und Andreas R\u00e4ber entwickeln neue Brand Experience-Strategie mit dynamischem Erscheinungsbild \u00fcber alle Touchpoints.","articlekey":"","footnotes":""},"categories":[29],"tags":[4444,4445,2855,4446,308,4447,1787,2216],"class_list":["post-29487","post","type-post","status-publish","format-standard","hentry","category-marketing","tag-andreas-raeber","tag-etat","tag-etats","tag-ews-energie-ag","tag-kommunikation","tag-mandat","tag-nachhaltigkeit","tag-strom"],"acf":[],"yoast_head":"<!-- This site is optimized with the Yoast SEO plugin v27.5 - https:\/\/yoast.com\/product\/yoast-seo-wordpress\/ -->\n<title>Kommunikationsagentur Andreas R\u00e4ber sichert sich Mandat der EWS - Organisator<\/title>\n<meta name=\"description\" content=\"EWS Energie AG und Andreas R\u00e4ber entwickeln neue Brand Experience-Strategie mit dynamischem Erscheinungsbild \u00fcber alle Touchpoints.\" \/>\n<meta name=\"robots\" content=\"index, follow, max-snippet:-1, max-image-preview:large, max-video-preview:-1\" \/>\n<link rel=\"canonical\" href=\"https:\/\/www.organisator.ch\/en\/marketing\/2024-09-02\/kommunikationsagentur-andreas-raeber-sichert-sich-mandat-der-ews\/\" \/>\n<meta property=\"og:locale\" content=\"en_US\" \/>\n<meta property=\"og:type\" content=\"article\" \/>\n<meta property=\"og:title\" content=\"Kommunikationsagentur Andreas R\u00e4ber sichert sich Mandat der EWS - Organisator\" \/>\n<meta property=\"og:description\" content=\"EWS Energie AG und Andreas R\u00e4ber entwickeln neue Brand Experience-Strategie mit dynamischem Erscheinungsbild \u00fcber alle Touchpoints.\" \/>\n<meta property=\"og:url\" content=\"https:\/\/www.organisator.ch\/en\/marketing\/2024-09-02\/kommunikationsagentur-andreas-raeber-sichert-sich-mandat-der-ews\/\" \/>\n<meta property=\"og:site_name\" content=\"Organisator\" \/>\n<meta property=\"article:publisher\" content=\"https:\/\/www.facebook.com\/OrganisatorFachmagazin\" \/>\n<meta property=\"article:published_time\" content=\"2024-09-02T12:27:42+00:00\" \/>\n<meta property=\"article:modified_time\" content=\"2024-11-08T11:02:21+00:00\" \/>\n<meta property=\"og:image\" content=\"https:\/\/www.markt-kom.com\/wp-content\/uploads\/2024\/09\/Andreas-Raeber-Neukunde-EWS-scaled.jpg\" \/>\n<meta name=\"author\" content=\"galledia\" \/>\n<meta name=\"twitter:card\" content=\"summary_large_image\" \/>\n<meta name=\"twitter:creator\" content=\"@admin\" \/>\n<script type=\"application\/ld+json\" class=\"yoast-schema-graph\">{\"@context\":\"https:\\\/\\\/schema.org\",\"@graph\":[{\"@type\":\"Article\",\"@id\":\"https:\\\/\\\/www.organisator.ch\\\/marketing\\\/2024-09-02\\\/kommunikationsagentur-andreas-raeber-sichert-sich-mandat-der-ews\\\/#article\",\"isPartOf\":{\"@id\":\"https:\\\/\\\/www.organisator.ch\\\/marketing\\\/2024-09-02\\\/kommunikationsagentur-andreas-raeber-sichert-sich-mandat-der-ews\\\/\"},\"author\":{\"name\":\"galledia\",\"@id\":\"https:\\\/\\\/www.organisator.ch\\\/#\\\/schema\\\/person\\\/4e51799071cd2dd1232ac003643ef5f0\"},\"headline\":\"Kommunikationsagentur Andreas R\u00e4ber sichert sich Mandat der EWS\",\"datePublished\":\"2024-09-02T12:27:42+00:00\",\"dateModified\":\"2024-11-08T11:02:21+00:00\",\"mainEntityOfPage\":{\"@id\":\"https:\\\/\\\/www.organisator.ch\\\/marketing\\\/2024-09-02\\\/kommunikationsagentur-andreas-raeber-sichert-sich-mandat-der-ews\\\/\"},\"wordCount\":175,\"publisher\":{\"@id\":\"https:\\\/\\\/www.organisator.ch\\\/#organization\"},\"image\":{\"@id\":\"https:\\\/\\\/www.organisator.ch\\\/marketing\\\/2024-09-02\\\/kommunikationsagentur-andreas-raeber-sichert-sich-mandat-der-ews\\\/#primaryimage\"},\"thumbnailUrl\":\"https:\\\/\\\/www.markt-kom.com\\\/wp-content\\\/uploads\\\/2024\\\/09\\\/Andreas-Raeber-Neukunde-EWS-scaled.jpg\",\"keywords\":[\"Andreas R\u00e4ber\",\"Etat\",\"Etats\",\"EWS Energie AG\",\"Kommunikation\",\"Mandat\",\"Nachhaltigkeit\",\"Strom\"],\"articleSection\":[\"MARKETING\"],\"inLanguage\":\"en-US\"},{\"@type\":\"WebPage\",\"@id\":\"https:\\\/\\\/www.organisator.ch\\\/marketing\\\/2024-09-02\\\/kommunikationsagentur-andreas-raeber-sichert-sich-mandat-der-ews\\\/\",\"url\":\"https:\\\/\\\/www.organisator.ch\\\/marketing\\\/2024-09-02\\\/kommunikationsagentur-andreas-raeber-sichert-sich-mandat-der-ews\\\/\",\"name\":\"Kommunikationsagentur Andreas R\u00e4ber sichert sich Mandat der EWS - Organisator\",\"isPartOf\":{\"@id\":\"https:\\\/\\\/www.organisator.ch\\\/#website\"},\"primaryImageOfPage\":{\"@id\":\"https:\\\/\\\/www.organisator.ch\\\/marketing\\\/2024-09-02\\\/kommunikationsagentur-andreas-raeber-sichert-sich-mandat-der-ews\\\/#primaryimage\"},\"image\":{\"@id\":\"https:\\\/\\\/www.organisator.ch\\\/marketing\\\/2024-09-02\\\/kommunikationsagentur-andreas-raeber-sichert-sich-mandat-der-ews\\\/#primaryimage\"},\"thumbnailUrl\":\"https:\\\/\\\/www.markt-kom.com\\\/wp-content\\\/uploads\\\/2024\\\/09\\\/Andreas-Raeber-Neukunde-EWS-scaled.jpg\",\"datePublished\":\"2024-09-02T12:27:42+00:00\",\"dateModified\":\"2024-11-08T11:02:21+00:00\",\"description\":\"EWS Energie AG und Andreas R\u00e4ber entwickeln neue Brand Experience-Strategie mit dynamischem Erscheinungsbild \u00fcber alle Touchpoints.\",\"breadcrumb\":{\"@id\":\"https:\\\/\\\/www.organisator.ch\\\/marketing\\\/2024-09-02\\\/kommunikationsagentur-andreas-raeber-sichert-sich-mandat-der-ews\\\/#breadcrumb\"},\"inLanguage\":\"en-US\",\"potentialAction\":[{\"@type\":\"ReadAction\",\"target\":[\"https:\\\/\\\/www.organisator.ch\\\/marketing\\\/2024-09-02\\\/kommunikationsagentur-andreas-raeber-sichert-sich-mandat-der-ews\\\/\"]}]},{\"@type\":\"ImageObject\",\"inLanguage\":\"en-US\",\"@id\":\"https:\\\/\\\/www.organisator.ch\\\/marketing\\\/2024-09-02\\\/kommunikationsagentur-andreas-raeber-sichert-sich-mandat-der-ews\\\/#primaryimage\",\"url\":\"https:\\\/\\\/www.markt-kom.com\\\/wp-content\\\/uploads\\\/2024\\\/09\\\/Andreas-Raeber-Neukunde-EWS-scaled.jpg\",\"contentUrl\":\"https:\\\/\\\/www.markt-kom.com\\\/wp-content\\\/uploads\\\/2024\\\/09\\\/Andreas-Raeber-Neukunde-EWS-scaled.jpg\"},{\"@type\":\"BreadcrumbList\",\"@id\":\"https:\\\/\\\/www.organisator.ch\\\/marketing\\\/2024-09-02\\\/kommunikationsagentur-andreas-raeber-sichert-sich-mandat-der-ews\\\/#breadcrumb\",\"itemListElement\":[{\"@type\":\"ListItem\",\"position\":1,\"name\":\"Home\",\"item\":\"https:\\\/\\\/www.organisator.ch\\\/\"},{\"@type\":\"ListItem\",\"position\":2,\"name\":\"Kommunikationsagentur Andreas R\u00e4ber sichert sich Mandat der EWS\"}]},{\"@type\":\"WebSite\",\"@id\":\"https:\\\/\\\/www.organisator.ch\\\/#website\",\"url\":\"https:\\\/\\\/www.organisator.ch\\\/\",\"name\":\"Organisator\",\"description\":\"Kompetent. Praxisnah. Der ORGANISATOR bereitet in 10 Ausgaben pro Jahr die wesentlichen Themen f\u00fcr F\u00fchrungskr\u00e4fte von KMU auf.\",\"publisher\":{\"@id\":\"https:\\\/\\\/www.organisator.ch\\\/#organization\"},\"potentialAction\":[{\"@type\":\"SearchAction\",\"target\":{\"@type\":\"EntryPoint\",\"urlTemplate\":\"https:\\\/\\\/www.organisator.ch\\\/?s={search_term_string}\"},\"query-input\":{\"@type\":\"PropertyValueSpecification\",\"valueRequired\":true,\"valueName\":\"search_term_string\"}}],\"inLanguage\":\"en-US\"},{\"@type\":\"Organization\",\"@id\":\"https:\\\/\\\/www.organisator.ch\\\/#organization\",\"name\":\"Organisator\",\"url\":\"https:\\\/\\\/www.organisator.ch\\\/\",\"logo\":{\"@type\":\"ImageObject\",\"inLanguage\":\"en-US\",\"@id\":\"https:\\\/\\\/www.organisator.ch\\\/#\\\/schema\\\/logo\\\/image\\\/\",\"url\":\"https:\\\/\\\/www.organisator.ch\\\/wp-content\\\/uploads\\\/2022\\\/01\\\/Logo_Organisator_Website.png\",\"contentUrl\":\"https:\\\/\\\/www.organisator.ch\\\/wp-content\\\/uploads\\\/2022\\\/01\\\/Logo_Organisator_Website.png\",\"width\":800,\"height\":77,\"caption\":\"Organisator\"},\"image\":{\"@id\":\"https:\\\/\\\/www.organisator.ch\\\/#\\\/schema\\\/logo\\\/image\\\/\"},\"sameAs\":[\"https:\\\/\\\/www.facebook.com\\\/OrganisatorFachmagazin\",\"https:\\\/\\\/www.linkedin.com\\\/showcase\\\/organisator-das-magazin-fr-kmu\",\"https:\\\/\\\/www.xing.com\\\/news\\\/pages\\\/organisator-ch-695\",\"https:\\\/\\\/www.youtube.com\\\/channel\\\/UCGP2Sq0iWaZwT3BdIAQFYpw\"]},{\"@type\":\"Person\",\"@id\":\"https:\\\/\\\/www.organisator.ch\\\/#\\\/schema\\\/person\\\/4e51799071cd2dd1232ac003643ef5f0\",\"name\":\"galledia\",\"image\":{\"@type\":\"ImageObject\",\"inLanguage\":\"en-US\",\"@id\":\"https:\\\/\\\/secure.gravatar.com\\\/avatar\\\/78a7f90c01fc2bfc875782a0d4922b37cde2cf184ce347b91316d23cd7f69a36?s=96&d=mm&r=g\",\"url\":\"https:\\\/\\\/secure.gravatar.com\\\/avatar\\\/78a7f90c01fc2bfc875782a0d4922b37cde2cf184ce347b91316d23cd7f69a36?s=96&d=mm&r=g\",\"contentUrl\":\"https:\\\/\\\/secure.gravatar.com\\\/avatar\\\/78a7f90c01fc2bfc875782a0d4922b37cde2cf184ce347b91316d23cd7f69a36?s=96&d=mm&r=g\",\"caption\":\"galledia\"},\"sameAs\":[\"https:\\\/\\\/x.com\\\/admin\"],\"url\":\"https:\\\/\\\/www.organisator.ch\\\/en\\\/author\\\/galledia\\\/\"}]}<\/script>\n<!-- \/ Yoast SEO plugin. -->","yoast_head_json":{"title":"Communications agency Andreas R\u00e4ber secures EWS mandate - organizer","description":"EWS Energie AG and Andreas R\u00e4ber develop new brand experience strategy with a dynamic appearance across all touchpoints.","robots":{"index":"index","follow":"follow","max-snippet":"max-snippet:-1","max-image-preview":"max-image-preview:large","max-video-preview":"max-video-preview:-1"},"canonical":"https:\/\/www.organisator.ch\/en\/marketing\/2024-09-02\/kommunikationsagentur-andreas-raeber-sichert-sich-mandat-der-ews\/","og_locale":"en_US","og_type":"article","og_title":"Kommunikationsagentur Andreas R\u00e4ber sichert sich Mandat der EWS - Organisator","og_description":"EWS Energie AG und Andreas R\u00e4ber entwickeln neue Brand Experience-Strategie mit dynamischem Erscheinungsbild \u00fcber alle Touchpoints.","og_url":"https:\/\/www.organisator.ch\/en\/marketing\/2024-09-02\/kommunikationsagentur-andreas-raeber-sichert-sich-mandat-der-ews\/","og_site_name":"Organisator","article_publisher":"https:\/\/www.facebook.com\/OrganisatorFachmagazin","article_published_time":"2024-09-02T12:27:42+00:00","article_modified_time":"2024-11-08T11:02:21+00:00","og_image":[{"url":"https:\/\/www.markt-kom.com\/wp-content\/uploads\/2024\/09\/Andreas-Raeber-Neukunde-EWS-scaled.jpg","type":"","width":"","height":""}],"author":"galledia","twitter_card":"summary_large_image","twitter_creator":"@admin","schema":{"@context":"https:\/\/schema.org","@graph":[{"@type":"Article","@id":"https:\/\/www.organisator.ch\/marketing\/2024-09-02\/kommunikationsagentur-andreas-raeber-sichert-sich-mandat-der-ews\/#article","isPartOf":{"@id":"https:\/\/www.organisator.ch\/marketing\/2024-09-02\/kommunikationsagentur-andreas-raeber-sichert-sich-mandat-der-ews\/"},"author":{"name":"galledia","@id":"https:\/\/www.organisator.ch\/#\/schema\/person\/4e51799071cd2dd1232ac003643ef5f0"},"headline":"Kommunikationsagentur Andreas R\u00e4ber sichert sich Mandat der EWS","datePublished":"2024-09-02T12:27:42+00:00","dateModified":"2024-11-08T11:02:21+00:00","mainEntityOfPage":{"@id":"https:\/\/www.organisator.ch\/marketing\/2024-09-02\/kommunikationsagentur-andreas-raeber-sichert-sich-mandat-der-ews\/"},"wordCount":175,"publisher":{"@id":"https:\/\/www.organisator.ch\/#organization"},"image":{"@id":"https:\/\/www.organisator.ch\/marketing\/2024-09-02\/kommunikationsagentur-andreas-raeber-sichert-sich-mandat-der-ews\/#primaryimage"},"thumbnailUrl":"https:\/\/www.markt-kom.com\/wp-content\/uploads\/2024\/09\/Andreas-Raeber-Neukunde-EWS-scaled.jpg","keywords":["Andreas R\u00e4ber","Etat","Etats","EWS Energie AG","Kommunikation","Mandat","Nachhaltigkeit","Strom"],"articleSection":["MARKETING"],"inLanguage":"en-US"},{"@type":"WebPage","@id":"https:\/\/www.organisator.ch\/marketing\/2024-09-02\/kommunikationsagentur-andreas-raeber-sichert-sich-mandat-der-ews\/","url":"https:\/\/www.organisator.ch\/marketing\/2024-09-02\/kommunikationsagentur-andreas-raeber-sichert-sich-mandat-der-ews\/","name":"Communications agency Andreas R\u00e4ber secures EWS mandate - organizer","isPartOf":{"@id":"https:\/\/www.organisator.ch\/#website"},"primaryImageOfPage":{"@id":"https:\/\/www.organisator.ch\/marketing\/2024-09-02\/kommunikationsagentur-andreas-raeber-sichert-sich-mandat-der-ews\/#primaryimage"},"image":{"@id":"https:\/\/www.organisator.ch\/marketing\/2024-09-02\/kommunikationsagentur-andreas-raeber-sichert-sich-mandat-der-ews\/#primaryimage"},"thumbnailUrl":"https:\/\/www.markt-kom.com\/wp-content\/uploads\/2024\/09\/Andreas-Raeber-Neukunde-EWS-scaled.jpg","datePublished":"2024-09-02T12:27:42+00:00","dateModified":"2024-11-08T11:02:21+00:00","description":"EWS Energie AG and Andreas R\u00e4ber develop new brand experience strategy with a dynamic appearance across all touchpoints.","breadcrumb":{"@id":"https:\/\/www.organisator.ch\/marketing\/2024-09-02\/kommunikationsagentur-andreas-raeber-sichert-sich-mandat-der-ews\/#breadcrumb"},"inLanguage":"en-US","potentialAction":[{"@type":"ReadAction","target":["https:\/\/www.organisator.ch\/marketing\/2024-09-02\/kommunikationsagentur-andreas-raeber-sichert-sich-mandat-der-ews\/"]}]},{"@type":"ImageObject","inLanguage":"en-US","@id":"https:\/\/www.organisator.ch\/marketing\/2024-09-02\/kommunikationsagentur-andreas-raeber-sichert-sich-mandat-der-ews\/#primaryimage","url":"https:\/\/www.markt-kom.com\/wp-content\/uploads\/2024\/09\/Andreas-Raeber-Neukunde-EWS-scaled.jpg","contentUrl":"https:\/\/www.markt-kom.com\/wp-content\/uploads\/2024\/09\/Andreas-Raeber-Neukunde-EWS-scaled.jpg"},{"@type":"BreadcrumbList","@id":"https:\/\/www.organisator.ch\/marketing\/2024-09-02\/kommunikationsagentur-andreas-raeber-sichert-sich-mandat-der-ews\/#breadcrumb","itemListElement":[{"@type":"ListItem","position":1,"name":"Home","item":"https:\/\/www.organisator.ch\/"},{"@type":"ListItem","position":2,"name":"Kommunikationsagentur Andreas R\u00e4ber sichert sich Mandat der EWS"}]},{"@type":"WebSite","@id":"https:\/\/www.organisator.ch\/#website","url":"https:\/\/www.organisator.ch\/","name":"Organizer","description":"Competent. Practical. In 10 issues per year, ORGANISATOR presents the essential topics for managers of SMEs.","publisher":{"@id":"https:\/\/www.organisator.ch\/#organization"},"potentialAction":[{"@type":"SearchAction","target":{"@type":"EntryPoint","urlTemplate":"https:\/\/www.organisator.ch\/?s={search_term_string}"},"query-input":{"@type":"PropertyValueSpecification","valueRequired":true,"valueName":"search_term_string"}}],"inLanguage":"en-US"},{"@type":"Organization","@id":"https:\/\/www.organisator.ch\/#organization","name":"Organizer","url":"https:\/\/www.organisator.ch\/","logo":{"@type":"ImageObject","inLanguage":"en-US","@id":"https:\/\/www.organisator.ch\/#\/schema\/logo\/image\/","url":"https:\/\/www.organisator.ch\/wp-content\/uploads\/2022\/01\/Logo_Organisator_Website.png","contentUrl":"https:\/\/www.organisator.ch\/wp-content\/uploads\/2022\/01\/Logo_Organisator_Website.png","width":800,"height":77,"caption":"Organisator"},"image":{"@id":"https:\/\/www.organisator.ch\/#\/schema\/logo\/image\/"},"sameAs":["https:\/\/www.facebook.com\/OrganisatorFachmagazin","https:\/\/www.linkedin.com\/showcase\/organisator-das-magazin-fr-kmu","https:\/\/www.xing.com\/news\/pages\/organisator-ch-695","https:\/\/www.youtube.com\/channel\/UCGP2Sq0iWaZwT3BdIAQFYpw"]},{"@type":"Person","@id":"https:\/\/www.organisator.ch\/#\/schema\/person\/4e51799071cd2dd1232ac003643ef5f0","name":"galledia","image":{"@type":"ImageObject","inLanguage":"en-US","@id":"https:\/\/secure.gravatar.com\/avatar\/78a7f90c01fc2bfc875782a0d4922b37cde2cf184ce347b91316d23cd7f69a36?s=96&d=mm&r=g","url":"https:\/\/secure.gravatar.com\/avatar\/78a7f90c01fc2bfc875782a0d4922b37cde2cf184ce347b91316d23cd7f69a36?s=96&d=mm&r=g","contentUrl":"https:\/\/secure.gravatar.com\/avatar\/78a7f90c01fc2bfc875782a0d4922b37cde2cf184ce347b91316d23cd7f69a36?s=96&d=mm&r=g","caption":"galledia"},"sameAs":["https:\/\/x.com\/admin"],"url":"https:\/\/www.organisator.ch\/en\/author\/galledia\/"}]}},"_links":{"self":[{"href":"https:\/\/www.organisator.ch\/en\/wp-json\/wp\/v2\/posts\/29487","targetHints":{"allow":["GET"]}}],"collection":[{"href":"https:\/\/www.organisator.ch\/en\/wp-json\/wp\/v2\/posts"}],"about":[{"href":"https:\/\/www.organisator.ch\/en\/wp-json\/wp\/v2\/types\/post"}],"author":[{"embeddable":true,"href":"https:\/\/www.organisator.ch\/en\/wp-json\/wp\/v2\/users\/8"}],"replies":[{"embeddable":true,"href":"https:\/\/www.organisator.ch\/en\/wp-json\/wp\/v2\/comments?post=29487"}],"version-history":[{"count":4,"href":"https:\/\/www.organisator.ch\/en\/wp-json\/wp\/v2\/posts\/29487\/revisions"}],"predecessor-version":[{"id":31988,"href":"https:\/\/www.organisator.ch\/en\/wp-json\/wp\/v2\/posts\/29487\/revisions\/31988"}],"wp:attachment":[{"href":"https:\/\/www.organisator.ch\/en\/wp-json\/wp\/v2\/media?parent=29487"}],"wp:term":[{"taxonomy":"category","embeddable":true,"href":"https:\/\/www.organisator.ch\/en\/wp-json\/wp\/v2\/categories?post=29487"},{"taxonomy":"post_tag","embeddable":true,"href":"https:\/\/www.organisator.ch\/en\/wp-json\/wp\/v2\/tags?post=29487"}],"curies":[{"name":"wp","href":"https:\/\/api.w.org\/{rel}","templated":true}]}}