{"id":29496,"date":"2024-09-03T06:39:45","date_gmt":"2024-09-03T04:39:45","guid":{"rendered":"https:\/\/www.organisator.ch\/?p=29496"},"modified":"2024-09-02T16:40:19","modified_gmt":"2024-09-02T14:40:19","slug":"5-gruende-warum-fortbildung-nach-dem-sommer-am-besten-funktioniert","status":"publish","type":"post","link":"https:\/\/www.organisator.ch\/en\/weiterbildung\/2024-09-03\/5-gruende-warum-fortbildung-nach-dem-sommer-am-besten-funktioniert\/","title":{"rendered":"5 reasons why further training works best after the summer"},"content":{"rendered":"<figure id=\"attachment_29498\" aria-describedby=\"caption-attachment-29498\" style=\"width: 680px\" class=\"wp-caption alignnone\"><img loading=\"lazy\" decoding=\"async\" class=\"size-full wp-image-29498\" src=\"https:\/\/www.organisator.ch\/wp-content\/uploads\/2024\/09\/Robert-Walters_Bild1_ps.jpg\" alt=\"\" width=\"680\" height=\"437\" srcset=\"https:\/\/www.organisator.ch\/wp-content\/uploads\/2024\/09\/Robert-Walters_Bild1_ps.jpg 680w, https:\/\/www.organisator.ch\/wp-content\/uploads\/2024\/09\/Robert-Walters_Bild1_ps-18x12.jpg 18w, https:\/\/www.organisator.ch\/wp-content\/uploads\/2024\/09\/Robert-Walters_Bild1_ps-375x241.jpg 375w, https:\/\/www.organisator.ch\/wp-content\/uploads\/2024\/09\/Robert-Walters_Bild1_ps-545x350.jpg 545w\" sizes=\"auto, (max-width: 680px) 100vw, 680px\" \/><figcaption id=\"caption-attachment-29498\" class=\"wp-caption-text\">After a summer break, September is the perfect time to get your career back on track. (Image: www.depositphotos.com)<\/figcaption><\/figure>\n<h3><strong>New energy\u00a0\u00a0\u00a0\u00a0\u00a0<\/strong><\/h3>\n<p>After the summer vacation, working people usually feel recharged and motivated. This fresh start makes it easier to absorb new information and learn new skills. You will therefore benefit from focusing your new energy on your personal and professional development.\u00a0\u00a0\u00a0\u00a0\u00a0\u00a0\u00a0\u00a0<\/p>\n<h3><strong>Fewer distractions\u00a0\u00a0<\/strong><\/h3>\n<p>The summer months are often filled with vacations, social activities and other distractions. After the vacations, the daily routine returns and provides a more stable environment to focus on learning and development. \u00a0\u00a0\u00a0\u00a0\u00a0\u00a0<\/p>\n<h3><strong>More offers\u00a0\u00a0\u00a0<\/strong>\u00a0\u00a0<\/h3>\n<p>Many educational institutes and organizations launch their new course and workshop offerings directly after the summer vacations. This is often deliberately planned, as they also know that professionals will return to work and career mode after the summer. The opportunities for further development are at their greatest at this time of year.\u00a0\u00a0\u00a0\u00a0<\/p>\n<h3><strong>Clear goals\u00a0<\/strong><\/h3>\n<p>The end of the summer is a natural transition period when many professionals think about their career goals for the rest of the year and in the longer term. At the same time, many companies review their goals and strategies for the second half of the year during this time. This gives you the opportunity to align your knowledge and skills with your employer's goals and your personal ambitions.\u00a0\u00a0\u00a0\u00a0<\/p>\n<h3><strong>Action Plan\u00a0\u00a0\u00a0\u00a0\u00a0<\/strong><\/h3>\n<p>Have you decided to work on your skills? Here are some additional tips from Robert Walters: Talk to your employer about your training aspirations and be clear about what you want to achieve. This will enable your manager to offer you appropriate support or training that will not only enhance your personal development but also increase your chances of promotion.\u00a0\u00a0\u00a0<\/p>\n<p>In addition to specific technical skills, consider developing more general skills that are useful in many professions or sectors, such as leadership, communication or spatial awareness.\u00a0 \u00a0\u00a0<\/p>\n<p>Don't limit yourself to a single course or workshop. In order to develop your skills and remain attractive to employers, it's important to keep learning. As there are numerous opportunities for lifelong learning, now is the ideal time to put your new energy into action and upskill today.\u00a0<\/p>\n<p><em>Source: <a href=\"http:\/\/www.robertwalters.com\">www.robertwalters.com<\/a><\/em><\/p>","protected":false},"excerpt":{"rendered":"<p>After a well-deserved summer break, September is the perfect time to get your career back on track and improve your skills. International recruitment specialist Robert Walters gives 5 reasons why this is the best time to upskill.     <\/p>","protected":false},"author":58,"featured_media":29498,"comment_status":"closed","ping_status":"closed","sticky":false,"template":"","format":"standard","meta":{"_acf_changed":false,"_yoast_wpseo_focuskw":"Fortbildung","_yoast_wpseo_metadesc":"Nach einer wohlverdienten Sommerpause ist der September der perfekte Zeitpunkt, um Ihre Karriere wieder in Schwung zu bringen.","articlekey":"","footnotes":""},"categories":[30],"tags":[62,294,4214,492],"class_list":["post-29496","post","type-post","status-publish","format-standard","has-post-thumbnail","hentry","category-weiterbildung","tag-aus-weiterbildung","tag-karriere","tag-tipps","tag-unternehmen"],"acf":[],"yoast_head":"<!-- This site is optimized with the Yoast SEO plugin v27.5 - https:\/\/yoast.com\/product\/yoast-seo-wordpress\/ -->\n<title>5 Gr\u00fcnde, warum Fortbildung nach dem Sommer am besten funktioniert - Organisator<\/title>\n<meta name=\"description\" content=\"Nach einer wohlverdienten Sommerpause ist der September der perfekte Zeitpunkt, um Ihre Karriere wieder in Schwung zu bringen.\" \/>\n<meta name=\"robots\" content=\"index, follow, max-snippet:-1, max-image-preview:large, max-video-preview:-1\" \/>\n<link rel=\"canonical\" href=\"https:\/\/www.organisator.ch\/en\/further-education\/2024-09-03\/5-gruende-warum-fortbildung-nach-dem-sommer-am-besten-funktioniert\/\" \/>\n<meta property=\"og:locale\" content=\"en_US\" \/>\n<meta property=\"og:type\" content=\"article\" \/>\n<meta property=\"og:title\" content=\"5 Gr\u00fcnde, warum Fortbildung nach dem Sommer am besten funktioniert\" \/>\n<meta property=\"og:description\" content=\"Nach einer wohlverdienten Sommerpause ist der September der perfekte Zeitpunkt, um Ihre Karriere wieder in Schwung zu bringen.\" \/>\n<meta property=\"og:url\" content=\"https:\/\/www.organisator.ch\/en\/further-education\/2024-09-03\/5-gruende-warum-fortbildung-nach-dem-sommer-am-besten-funktioniert\/\" \/>\n<meta property=\"og:site_name\" content=\"Organisator\" \/>\n<meta property=\"article:publisher\" content=\"https:\/\/www.facebook.com\/OrganisatorFachmagazin\" \/>\n<meta property=\"article:published_time\" content=\"2024-09-03T04:39:45+00:00\" \/>\n<meta property=\"og:image\" content=\"https:\/\/www.organisator.ch\/wp-content\/uploads\/2024\/09\/Robert-Walters_Bild1_ps.jpg\" \/>\n\t<meta property=\"og:image:width\" content=\"680\" \/>\n\t<meta property=\"og:image:height\" content=\"437\" \/>\n\t<meta property=\"og:image:type\" content=\"image\/jpeg\" \/>\n<meta name=\"author\" content=\"Adelisa Kalajdzini\" \/>\n<meta name=\"twitter:card\" content=\"summary_large_image\" \/>\n<meta name=\"twitter:title\" content=\"5 Gr\u00fcnde, warum Fortbildung nach dem Sommer am besten funktioniert\" \/>\n<meta name=\"twitter:description\" content=\"Nach einer wohlverdienten #Sommerpause ist der #September der perfekte Zeitpunkt, um Ihre #Karriere wieder in Schwung zu bringen.\" \/>\n<meta name=\"twitter:image\" content=\"https:\/\/www.organisator.ch\/wp-content\/uploads\/2024\/09\/Robert-Walters_Bild1_ps.jpg\" \/>\n<script type=\"application\/ld+json\" class=\"yoast-schema-graph\">{\"@context\":\"https:\\\/\\\/schema.org\",\"@graph\":[{\"@type\":\"Article\",\"@id\":\"https:\\\/\\\/www.organisator.ch\\\/weiterbildung\\\/2024-09-03\\\/5-gruende-warum-fortbildung-nach-dem-sommer-am-besten-funktioniert\\\/#article\",\"isPartOf\":{\"@id\":\"https:\\\/\\\/www.organisator.ch\\\/weiterbildung\\\/2024-09-03\\\/5-gruende-warum-fortbildung-nach-dem-sommer-am-besten-funktioniert\\\/\"},\"author\":{\"name\":\"Adelisa Kalajdzini\",\"@id\":\"https:\\\/\\\/www.organisator.ch\\\/#\\\/schema\\\/person\\\/2e1314a2172123f874db408d8911d3f3\"},\"headline\":\"5 Gr\u00fcnde, warum Fortbildung nach dem Sommer am besten funktioniert\",\"datePublished\":\"2024-09-03T04:39:45+00:00\",\"mainEntityOfPage\":{\"@id\":\"https:\\\/\\\/www.organisator.ch\\\/weiterbildung\\\/2024-09-03\\\/5-gruende-warum-fortbildung-nach-dem-sommer-am-besten-funktioniert\\\/\"},\"wordCount\":417,\"publisher\":{\"@id\":\"https:\\\/\\\/www.organisator.ch\\\/#organization\"},\"image\":{\"@id\":\"https:\\\/\\\/www.organisator.ch\\\/weiterbildung\\\/2024-09-03\\\/5-gruende-warum-fortbildung-nach-dem-sommer-am-besten-funktioniert\\\/#primaryimage\"},\"thumbnailUrl\":\"https:\\\/\\\/www.organisator.ch\\\/wp-content\\\/uploads\\\/2024\\\/09\\\/Robert-Walters_Bild1_ps.jpg\",\"keywords\":[\"Aus-\\\/Weiterbildung\",\"Karriere\",\"Tipps\",\"Unternehmen\"],\"articleSection\":[\"WEITERBILDUNG\"],\"inLanguage\":\"en-US\"},{\"@type\":\"WebPage\",\"@id\":\"https:\\\/\\\/www.organisator.ch\\\/weiterbildung\\\/2024-09-03\\\/5-gruende-warum-fortbildung-nach-dem-sommer-am-besten-funktioniert\\\/\",\"url\":\"https:\\\/\\\/www.organisator.ch\\\/weiterbildung\\\/2024-09-03\\\/5-gruende-warum-fortbildung-nach-dem-sommer-am-besten-funktioniert\\\/\",\"name\":\"5 Gr\u00fcnde, warum Fortbildung nach dem Sommer am besten funktioniert - Organisator\",\"isPartOf\":{\"@id\":\"https:\\\/\\\/www.organisator.ch\\\/#website\"},\"primaryImageOfPage\":{\"@id\":\"https:\\\/\\\/www.organisator.ch\\\/weiterbildung\\\/2024-09-03\\\/5-gruende-warum-fortbildung-nach-dem-sommer-am-besten-funktioniert\\\/#primaryimage\"},\"image\":{\"@id\":\"https:\\\/\\\/www.organisator.ch\\\/weiterbildung\\\/2024-09-03\\\/5-gruende-warum-fortbildung-nach-dem-sommer-am-besten-funktioniert\\\/#primaryimage\"},\"thumbnailUrl\":\"https:\\\/\\\/www.organisator.ch\\\/wp-content\\\/uploads\\\/2024\\\/09\\\/Robert-Walters_Bild1_ps.jpg\",\"datePublished\":\"2024-09-03T04:39:45+00:00\",\"description\":\"Nach einer wohlverdienten Sommerpause ist der September der perfekte Zeitpunkt, um Ihre Karriere wieder in Schwung zu bringen.\",\"breadcrumb\":{\"@id\":\"https:\\\/\\\/www.organisator.ch\\\/weiterbildung\\\/2024-09-03\\\/5-gruende-warum-fortbildung-nach-dem-sommer-am-besten-funktioniert\\\/#breadcrumb\"},\"inLanguage\":\"en-US\",\"potentialAction\":[{\"@type\":\"ReadAction\",\"target\":[\"https:\\\/\\\/www.organisator.ch\\\/weiterbildung\\\/2024-09-03\\\/5-gruende-warum-fortbildung-nach-dem-sommer-am-besten-funktioniert\\\/\"]}]},{\"@type\":\"ImageObject\",\"inLanguage\":\"en-US\",\"@id\":\"https:\\\/\\\/www.organisator.ch\\\/weiterbildung\\\/2024-09-03\\\/5-gruende-warum-fortbildung-nach-dem-sommer-am-besten-funktioniert\\\/#primaryimage\",\"url\":\"https:\\\/\\\/www.organisator.ch\\\/wp-content\\\/uploads\\\/2024\\\/09\\\/Robert-Walters_Bild1_ps.jpg\",\"contentUrl\":\"https:\\\/\\\/www.organisator.ch\\\/wp-content\\\/uploads\\\/2024\\\/09\\\/Robert-Walters_Bild1_ps.jpg\",\"width\":680,\"height\":437,\"caption\":\"Nach einer Sommerpause ist der September der perfekte Zeitpunkt, um die Karriere wieder in Schwung zu bringen. (Bild: www.depositphotos.com)\"},{\"@type\":\"BreadcrumbList\",\"@id\":\"https:\\\/\\\/www.organisator.ch\\\/weiterbildung\\\/2024-09-03\\\/5-gruende-warum-fortbildung-nach-dem-sommer-am-besten-funktioniert\\\/#breadcrumb\",\"itemListElement\":[{\"@type\":\"ListItem\",\"position\":1,\"name\":\"Home\",\"item\":\"https:\\\/\\\/www.organisator.ch\\\/\"},{\"@type\":\"ListItem\",\"position\":2,\"name\":\"5 Gr\u00fcnde, warum Fortbildung nach dem Sommer am besten funktioniert\"}]},{\"@type\":\"WebSite\",\"@id\":\"https:\\\/\\\/www.organisator.ch\\\/#website\",\"url\":\"https:\\\/\\\/www.organisator.ch\\\/\",\"name\":\"Organisator\",\"description\":\"Kompetent. Praxisnah. Der ORGANISATOR bereitet in 10 Ausgaben pro Jahr die wesentlichen Themen f\u00fcr F\u00fchrungskr\u00e4fte von KMU auf.\",\"publisher\":{\"@id\":\"https:\\\/\\\/www.organisator.ch\\\/#organization\"},\"potentialAction\":[{\"@type\":\"SearchAction\",\"target\":{\"@type\":\"EntryPoint\",\"urlTemplate\":\"https:\\\/\\\/www.organisator.ch\\\/?s={search_term_string}\"},\"query-input\":{\"@type\":\"PropertyValueSpecification\",\"valueRequired\":true,\"valueName\":\"search_term_string\"}}],\"inLanguage\":\"en-US\"},{\"@type\":\"Organization\",\"@id\":\"https:\\\/\\\/www.organisator.ch\\\/#organization\",\"name\":\"Organisator\",\"url\":\"https:\\\/\\\/www.organisator.ch\\\/\",\"logo\":{\"@type\":\"ImageObject\",\"inLanguage\":\"en-US\",\"@id\":\"https:\\\/\\\/www.organisator.ch\\\/#\\\/schema\\\/logo\\\/image\\\/\",\"url\":\"https:\\\/\\\/www.organisator.ch\\\/wp-content\\\/uploads\\\/2022\\\/01\\\/Logo_Organisator_Website.png\",\"contentUrl\":\"https:\\\/\\\/www.organisator.ch\\\/wp-content\\\/uploads\\\/2022\\\/01\\\/Logo_Organisator_Website.png\",\"width\":800,\"height\":77,\"caption\":\"Organisator\"},\"image\":{\"@id\":\"https:\\\/\\\/www.organisator.ch\\\/#\\\/schema\\\/logo\\\/image\\\/\"},\"sameAs\":[\"https:\\\/\\\/www.facebook.com\\\/OrganisatorFachmagazin\",\"https:\\\/\\\/www.linkedin.com\\\/showcase\\\/organisator-das-magazin-fr-kmu\",\"https:\\\/\\\/www.xing.com\\\/news\\\/pages\\\/organisator-ch-695\",\"https:\\\/\\\/www.youtube.com\\\/channel\\\/UCGP2Sq0iWaZwT3BdIAQFYpw\"]},{\"@type\":\"Person\",\"@id\":\"https:\\\/\\\/www.organisator.ch\\\/#\\\/schema\\\/person\\\/2e1314a2172123f874db408d8911d3f3\",\"name\":\"Adelisa Kalajdzini\",\"image\":{\"@type\":\"ImageObject\",\"inLanguage\":\"en-US\",\"@id\":\"https:\\\/\\\/secure.gravatar.com\\\/avatar\\\/09a397c22ac58cad6f160ee8306348599df9df58a8ede73696226897b9fa4b24?s=96&d=mm&r=g\",\"url\":\"https:\\\/\\\/secure.gravatar.com\\\/avatar\\\/09a397c22ac58cad6f160ee8306348599df9df58a8ede73696226897b9fa4b24?s=96&d=mm&r=g\",\"contentUrl\":\"https:\\\/\\\/secure.gravatar.com\\\/avatar\\\/09a397c22ac58cad6f160ee8306348599df9df58a8ede73696226897b9fa4b24?s=96&d=mm&r=g\",\"caption\":\"Adelisa Kalajdzini\"},\"url\":\"https:\\\/\\\/www.organisator.ch\\\/en\\\/author\\\/adelisa-kalajdzini\\\/\"}]}<\/script>\n<!-- \/ Yoast SEO plugin. -->","yoast_head_json":{"title":"5 reasons why training works best after the summer - Organizer","description":"After a well-deserved summer break, September is the perfect time to get your career back on track.","robots":{"index":"index","follow":"follow","max-snippet":"max-snippet:-1","max-image-preview":"max-image-preview:large","max-video-preview":"max-video-preview:-1"},"canonical":"https:\/\/www.organisator.ch\/en\/further-education\/2024-09-03\/5-gruende-warum-fortbildung-nach-dem-sommer-am-besten-funktioniert\/","og_locale":"en_US","og_type":"article","og_title":"5 Gr\u00fcnde, warum Fortbildung nach dem Sommer am besten funktioniert","og_description":"Nach einer wohlverdienten Sommerpause ist der September der perfekte Zeitpunkt, um Ihre Karriere wieder in Schwung zu bringen.","og_url":"https:\/\/www.organisator.ch\/en\/further-education\/2024-09-03\/5-gruende-warum-fortbildung-nach-dem-sommer-am-besten-funktioniert\/","og_site_name":"Organisator","article_publisher":"https:\/\/www.facebook.com\/OrganisatorFachmagazin","article_published_time":"2024-09-03T04:39:45+00:00","og_image":[{"width":680,"height":437,"url":"https:\/\/www.organisator.ch\/wp-content\/uploads\/2024\/09\/Robert-Walters_Bild1_ps.jpg","type":"image\/jpeg"}],"author":"Adelisa Kalajdzini","twitter_card":"summary_large_image","twitter_title":"5 Gr\u00fcnde, warum Fortbildung nach dem Sommer am besten funktioniert","twitter_description":"Nach einer wohlverdienten #Sommerpause ist der #September der perfekte Zeitpunkt, um Ihre #Karriere wieder in Schwung zu bringen.","twitter_image":"https:\/\/www.organisator.ch\/wp-content\/uploads\/2024\/09\/Robert-Walters_Bild1_ps.jpg","schema":{"@context":"https:\/\/schema.org","@graph":[{"@type":"Article","@id":"https:\/\/www.organisator.ch\/weiterbildung\/2024-09-03\/5-gruende-warum-fortbildung-nach-dem-sommer-am-besten-funktioniert\/#article","isPartOf":{"@id":"https:\/\/www.organisator.ch\/weiterbildung\/2024-09-03\/5-gruende-warum-fortbildung-nach-dem-sommer-am-besten-funktioniert\/"},"author":{"name":"Adelisa Kalajdzini","@id":"https:\/\/www.organisator.ch\/#\/schema\/person\/2e1314a2172123f874db408d8911d3f3"},"headline":"5 Gr\u00fcnde, warum Fortbildung nach dem Sommer am besten funktioniert","datePublished":"2024-09-03T04:39:45+00:00","mainEntityOfPage":{"@id":"https:\/\/www.organisator.ch\/weiterbildung\/2024-09-03\/5-gruende-warum-fortbildung-nach-dem-sommer-am-besten-funktioniert\/"},"wordCount":417,"publisher":{"@id":"https:\/\/www.organisator.ch\/#organization"},"image":{"@id":"https:\/\/www.organisator.ch\/weiterbildung\/2024-09-03\/5-gruende-warum-fortbildung-nach-dem-sommer-am-besten-funktioniert\/#primaryimage"},"thumbnailUrl":"https:\/\/www.organisator.ch\/wp-content\/uploads\/2024\/09\/Robert-Walters_Bild1_ps.jpg","keywords":["Aus-\/Weiterbildung","Karriere","Tipps","Unternehmen"],"articleSection":["WEITERBILDUNG"],"inLanguage":"en-US"},{"@type":"WebPage","@id":"https:\/\/www.organisator.ch\/weiterbildung\/2024-09-03\/5-gruende-warum-fortbildung-nach-dem-sommer-am-besten-funktioniert\/","url":"https:\/\/www.organisator.ch\/weiterbildung\/2024-09-03\/5-gruende-warum-fortbildung-nach-dem-sommer-am-besten-funktioniert\/","name":"5 reasons why training works best after the summer - Organizer","isPartOf":{"@id":"https:\/\/www.organisator.ch\/#website"},"primaryImageOfPage":{"@id":"https:\/\/www.organisator.ch\/weiterbildung\/2024-09-03\/5-gruende-warum-fortbildung-nach-dem-sommer-am-besten-funktioniert\/#primaryimage"},"image":{"@id":"https:\/\/www.organisator.ch\/weiterbildung\/2024-09-03\/5-gruende-warum-fortbildung-nach-dem-sommer-am-besten-funktioniert\/#primaryimage"},"thumbnailUrl":"https:\/\/www.organisator.ch\/wp-content\/uploads\/2024\/09\/Robert-Walters_Bild1_ps.jpg","datePublished":"2024-09-03T04:39:45+00:00","description":"After a well-deserved summer break, September is the perfect time to get your career back on track.","breadcrumb":{"@id":"https:\/\/www.organisator.ch\/weiterbildung\/2024-09-03\/5-gruende-warum-fortbildung-nach-dem-sommer-am-besten-funktioniert\/#breadcrumb"},"inLanguage":"en-US","potentialAction":[{"@type":"ReadAction","target":["https:\/\/www.organisator.ch\/weiterbildung\/2024-09-03\/5-gruende-warum-fortbildung-nach-dem-sommer-am-besten-funktioniert\/"]}]},{"@type":"ImageObject","inLanguage":"en-US","@id":"https:\/\/www.organisator.ch\/weiterbildung\/2024-09-03\/5-gruende-warum-fortbildung-nach-dem-sommer-am-besten-funktioniert\/#primaryimage","url":"https:\/\/www.organisator.ch\/wp-content\/uploads\/2024\/09\/Robert-Walters_Bild1_ps.jpg","contentUrl":"https:\/\/www.organisator.ch\/wp-content\/uploads\/2024\/09\/Robert-Walters_Bild1_ps.jpg","width":680,"height":437,"caption":"Nach einer Sommerpause ist der September der perfekte Zeitpunkt, um die Karriere wieder in Schwung zu bringen. (Bild: www.depositphotos.com)"},{"@type":"BreadcrumbList","@id":"https:\/\/www.organisator.ch\/weiterbildung\/2024-09-03\/5-gruende-warum-fortbildung-nach-dem-sommer-am-besten-funktioniert\/#breadcrumb","itemListElement":[{"@type":"ListItem","position":1,"name":"Home","item":"https:\/\/www.organisator.ch\/"},{"@type":"ListItem","position":2,"name":"5 Gr\u00fcnde, warum Fortbildung nach dem Sommer am besten funktioniert"}]},{"@type":"WebSite","@id":"https:\/\/www.organisator.ch\/#website","url":"https:\/\/www.organisator.ch\/","name":"Organizer","description":"Competent. Practical. In 10 issues per year, ORGANISATOR presents the essential topics for managers of SMEs.","publisher":{"@id":"https:\/\/www.organisator.ch\/#organization"},"potentialAction":[{"@type":"SearchAction","target":{"@type":"EntryPoint","urlTemplate":"https:\/\/www.organisator.ch\/?s={search_term_string}"},"query-input":{"@type":"PropertyValueSpecification","valueRequired":true,"valueName":"search_term_string"}}],"inLanguage":"en-US"},{"@type":"Organization","@id":"https:\/\/www.organisator.ch\/#organization","name":"Organizer","url":"https:\/\/www.organisator.ch\/","logo":{"@type":"ImageObject","inLanguage":"en-US","@id":"https:\/\/www.organisator.ch\/#\/schema\/logo\/image\/","url":"https:\/\/www.organisator.ch\/wp-content\/uploads\/2022\/01\/Logo_Organisator_Website.png","contentUrl":"https:\/\/www.organisator.ch\/wp-content\/uploads\/2022\/01\/Logo_Organisator_Website.png","width":800,"height":77,"caption":"Organisator"},"image":{"@id":"https:\/\/www.organisator.ch\/#\/schema\/logo\/image\/"},"sameAs":["https:\/\/www.facebook.com\/OrganisatorFachmagazin","https:\/\/www.linkedin.com\/showcase\/organisator-das-magazin-fr-kmu","https:\/\/www.xing.com\/news\/pages\/organisator-ch-695","https:\/\/www.youtube.com\/channel\/UCGP2Sq0iWaZwT3BdIAQFYpw"]},{"@type":"Person","@id":"https:\/\/www.organisator.ch\/#\/schema\/person\/2e1314a2172123f874db408d8911d3f3","name":"Adelisa Kalajdzini","image":{"@type":"ImageObject","inLanguage":"en-US","@id":"https:\/\/secure.gravatar.com\/avatar\/09a397c22ac58cad6f160ee8306348599df9df58a8ede73696226897b9fa4b24?s=96&d=mm&r=g","url":"https:\/\/secure.gravatar.com\/avatar\/09a397c22ac58cad6f160ee8306348599df9df58a8ede73696226897b9fa4b24?s=96&d=mm&r=g","contentUrl":"https:\/\/secure.gravatar.com\/avatar\/09a397c22ac58cad6f160ee8306348599df9df58a8ede73696226897b9fa4b24?s=96&d=mm&r=g","caption":"Adelisa Kalajdzini"},"url":"https:\/\/www.organisator.ch\/en\/author\/adelisa-kalajdzini\/"}]}},"_links":{"self":[{"href":"https:\/\/www.organisator.ch\/en\/wp-json\/wp\/v2\/posts\/29496","targetHints":{"allow":["GET"]}}],"collection":[{"href":"https:\/\/www.organisator.ch\/en\/wp-json\/wp\/v2\/posts"}],"about":[{"href":"https:\/\/www.organisator.ch\/en\/wp-json\/wp\/v2\/types\/post"}],"author":[{"embeddable":true,"href":"https:\/\/www.organisator.ch\/en\/wp-json\/wp\/v2\/users\/58"}],"replies":[{"embeddable":true,"href":"https:\/\/www.organisator.ch\/en\/wp-json\/wp\/v2\/comments?post=29496"}],"version-history":[{"count":4,"href":"https:\/\/www.organisator.ch\/en\/wp-json\/wp\/v2\/posts\/29496\/revisions"}],"predecessor-version":[{"id":29526,"href":"https:\/\/www.organisator.ch\/en\/wp-json\/wp\/v2\/posts\/29496\/revisions\/29526"}],"wp:featuredmedia":[{"embeddable":true,"href":"https:\/\/www.organisator.ch\/en\/wp-json\/wp\/v2\/media\/29498"}],"wp:attachment":[{"href":"https:\/\/www.organisator.ch\/en\/wp-json\/wp\/v2\/media?parent=29496"}],"wp:term":[{"taxonomy":"category","embeddable":true,"href":"https:\/\/www.organisator.ch\/en\/wp-json\/wp\/v2\/categories?post=29496"},{"taxonomy":"post_tag","embeddable":true,"href":"https:\/\/www.organisator.ch\/en\/wp-json\/wp\/v2\/tags?post=29496"}],"curies":[{"name":"wp","href":"https:\/\/api.w.org\/{rel}","templated":true}]}}