{"id":2950,"date":"2020-03-20T09:23:42","date_gmt":"2020-03-20T08:23:42","guid":{"rendered":"https:\/\/www.umweltperspektiven.ch\/?p=2950"},"modified":"2024-11-07T05:46:12","modified_gmt":"2024-11-07T04:46:12","slug":"corona-hat-das-potenzial-die-mobilitaet-zu-bremsen","status":"publish","type":"post","link":"https:\/\/www.organisator.ch\/en\/sustainability\/2020-03-20\/corona-hat-das-potenzial-die-mobilitaet-zu-bremsen\/","title":{"rendered":"Corona has the potential to slow down mobility"},"content":{"rendered":"<figure id=\"attachment_2951\" aria-describedby=\"caption-attachment-2951\" style=\"width: 680px\" class=\"wp-caption alignnone\"><img loading=\"lazy\" decoding=\"async\" class=\"wp-image-2951 size-medium\" src=\"\/\/www.umweltperspektiven.ch\/wp-content\/uploads\/2020\/03\/Auto-Gewerbe-Schweiz-Corona-Mobilit\u00e4t-UP_Umwelt-Perspektiven.jpg\" alt=\"Corona\" width=\"680\" height=\"453\" \/><figcaption id=\"caption-attachment-2951\" class=\"wp-caption-text\">Ren\u00e9 Mitteregger of auto-i-dat ag reckons the car world won't be the same after Corona. (Image: Unsplash)<\/figcaption><\/figure>\n<p>Automakers are now reacting quickly to the Corona crisis: Volkswagen is stopping virtually all production from mid-March at almost all its sites, Fiat Chrysler has already closed all its plants in Europe, and in the wake of the stock market slump, the share prices of manufacturers and suppliers are also dipping, in some cases sharply. The Corona crisis shows once again that the automotive industry reacts particularly quickly and strongly to an economic recession.<\/p>\n<p><strong>Swiss automotive industry directly affected<\/strong><\/p>\n<p>This also directly affects the automotive industry in Switzerland. While the new car market in China collapsed practically within a week, Ren\u00e9 Mitteregger expects that the Swiss market will only react to the Corona crisis with a delay. The reason for this lies in our way of buying cars:<\/p>\n<p>\"We Swiss order a car and then wait patiently for delivery, which can occasionally take more than half a year,\" he explains. In China, as well as in the United States, on the other hand, people buy cars that have already been produced. However, if there are delivery problems, which are currently beginning to emerge due to the closure of plants, production and thus delivery could also be seriously affected. In this case, the slump would come earlier. Mitteregger also expects a decline in the used car market.<\/p>\n<p>In his view, the Corona crisis also displaces the general and current uncertainty surrounding the choice of the appropriate drive technology or fuel. Purchasing habits would change in the short term, and customers would tend to hoard savings during a crisis. Purchases, whether in the form of a new or a used vehicle, would be postponed for the next few months.<\/p>\n<p>Ren\u00e9 Mitteregger reckons that the car world won't be the same after Corona anyway, because the crisis is leading to a rethink: \"You now realize that, on the one hand, individual mobility is a solution to avoid crowds,\" he says. But on the other hand, it's also becoming clear that the previously busy travel schedule is largely unnecessary, with other solutions such as home offices, telephone and video conferencing. This, Mitteregger says, \"can counteract the development of mobility in general.\"<\/p>\n<p><a href=\"\/\/www.auto-i-dat.ch\">www.auto-i-dat.ch<\/a><\/p>\n<p>&nbsp;<\/p>","protected":false},"excerpt":{"rendered":"<p>Die Automobilhersteller reagieren jetzt rasch auf die Corona-Krise: Volkswagen stoppt praktisch die ganze Produktion ab Mitte M\u00e4rz an fast allen Standorten, Fiat Chrysler hat alle seine Werke in Europa bereits geschlossen und im Zuge der Talfahrt an der B\u00f6rse tauchen auch die Kurse von Hersteller und Zulieferer, teilweise sogar markant. Die Corona-Krise zeigt einmal mehr, [&hellip;]<\/p>\n","protected":false},"author":5,"featured_media":9690,"comment_status":"closed","ping_status":"closed","sticky":false,"template":"","format":"standard","meta":{"_acf_changed":false,"_yoast_wpseo_focuskw":"Corona","_yoast_wpseo_metadesc":"Der Ausbruch der Corona-Epidemie wird mindestens das Autojahr 2020 massgeblich negativ beeinflussen, unsterstreicht ein Insider.","articlekey":"","footnotes":""},"categories":[580],"tags":[747,946,1731,424],"class_list":["post-2950","post","type-post","status-publish","format-standard","has-post-thumbnail","hentry","category-sustainability","tag-autogewerbe","tag-corona","tag-mobiltitaet","tag-schweiz"],"acf":[],"yoast_head":"<!-- This site is optimized with the Yoast SEO plugin v27.5 - https:\/\/yoast.com\/product\/yoast-seo-wordpress\/ -->\n<title>Corona hat das Potenzial, die Mobilit\u00e4t zu bremsen - Organisator<\/title>\n<meta name=\"description\" content=\"Der Ausbruch der Corona-Epidemie wird mindestens das Autojahr 2020 massgeblich negativ beeinflussen, unsterstreicht ein Insider.\" \/>\n<meta name=\"robots\" content=\"index, follow, max-snippet:-1, max-image-preview:large, max-video-preview:-1\" \/>\n<link rel=\"canonical\" href=\"https:\/\/www.organisator.ch\/en\/sustainability\/2020-03-20\/corona-hat-das-potenzial-die-mobilitaet-zu-bremsen\/\" \/>\n<meta property=\"og:locale\" content=\"en_US\" \/>\n<meta property=\"og:type\" content=\"article\" \/>\n<meta property=\"og:title\" content=\"Corona hat das Potenzial, die Mobilit\u00e4t zu bremsen - Organisator\" \/>\n<meta property=\"og:description\" content=\"Der Ausbruch der Corona-Epidemie wird mindestens das Autojahr 2020 massgeblich negativ beeinflussen, unsterstreicht ein Insider.\" \/>\n<meta property=\"og:url\" content=\"https:\/\/www.organisator.ch\/en\/sustainability\/2020-03-20\/corona-hat-das-potenzial-die-mobilitaet-zu-bremsen\/\" \/>\n<meta property=\"og:site_name\" content=\"Organisator\" \/>\n<meta property=\"article:publisher\" content=\"https:\/\/www.facebook.com\/OrganisatorFachmagazin\" \/>\n<meta property=\"article:published_time\" content=\"2020-03-20T08:23:42+00:00\" \/>\n<meta property=\"article:modified_time\" content=\"2024-11-07T04:46:12+00:00\" \/>\n<meta property=\"og:image\" content=\"https:\/\/www.organisator.ch\/wp-content\/uploads\/2020\/03\/Auto-Gewerbe-Schweiz-Corona-Mobilitaet-UP_Umwelt-Perspektiven.jpg\" \/>\n\t<meta property=\"og:image:width\" content=\"1732\" \/>\n\t<meta property=\"og:image:height\" content=\"1154\" \/>\n\t<meta property=\"og:image:type\" content=\"image\/jpeg\" \/>\n<meta name=\"author\" content=\"michael.merz\" \/>\n<meta name=\"twitter:card\" content=\"summary_large_image\" \/>\n<script type=\"application\/ld+json\" class=\"yoast-schema-graph\">{\"@context\":\"https:\\\/\\\/schema.org\",\"@graph\":[{\"@type\":\"Article\",\"@id\":\"https:\\\/\\\/www.organisator.ch\\\/sustainability\\\/2020-03-20\\\/corona-hat-das-potenzial-die-mobilitaet-zu-bremsen\\\/#article\",\"isPartOf\":{\"@id\":\"https:\\\/\\\/www.organisator.ch\\\/sustainability\\\/2020-03-20\\\/corona-hat-das-potenzial-die-mobilitaet-zu-bremsen\\\/\"},\"author\":{\"name\":\"michael.merz\",\"@id\":\"https:\\\/\\\/www.organisator.ch\\\/#\\\/schema\\\/person\\\/134708ca9321c57b0362cceb7948ffbd\"},\"headline\":\"Corona hat das Potenzial, die Mobilit\u00e4t zu bremsen\",\"datePublished\":\"2020-03-20T08:23:42+00:00\",\"dateModified\":\"2024-11-07T04:46:12+00:00\",\"mainEntityOfPage\":{\"@id\":\"https:\\\/\\\/www.organisator.ch\\\/sustainability\\\/2020-03-20\\\/corona-hat-das-potenzial-die-mobilitaet-zu-bremsen\\\/\"},\"wordCount\":392,\"publisher\":{\"@id\":\"https:\\\/\\\/www.organisator.ch\\\/#organization\"},\"image\":{\"@id\":\"https:\\\/\\\/www.organisator.ch\\\/sustainability\\\/2020-03-20\\\/corona-hat-das-potenzial-die-mobilitaet-zu-bremsen\\\/#primaryimage\"},\"thumbnailUrl\":\"https:\\\/\\\/www.organisator.ch\\\/wp-content\\\/uploads\\\/2020\\\/03\\\/Auto-Gewerbe-Schweiz-Corona-Mobilitaet-UP_Umwelt-Perspektiven.jpg\",\"keywords\":[\"Autogewerbe\",\"Corona\",\"Mobiltit\u00e4t\",\"Schweiz\"],\"articleSection\":[\"SUSTAINABILITY\"],\"inLanguage\":\"en-US\"},{\"@type\":\"WebPage\",\"@id\":\"https:\\\/\\\/www.organisator.ch\\\/sustainability\\\/2020-03-20\\\/corona-hat-das-potenzial-die-mobilitaet-zu-bremsen\\\/\",\"url\":\"https:\\\/\\\/www.organisator.ch\\\/sustainability\\\/2020-03-20\\\/corona-hat-das-potenzial-die-mobilitaet-zu-bremsen\\\/\",\"name\":\"Corona hat das Potenzial, die Mobilit\u00e4t zu bremsen - Organisator\",\"isPartOf\":{\"@id\":\"https:\\\/\\\/www.organisator.ch\\\/#website\"},\"primaryImageOfPage\":{\"@id\":\"https:\\\/\\\/www.organisator.ch\\\/sustainability\\\/2020-03-20\\\/corona-hat-das-potenzial-die-mobilitaet-zu-bremsen\\\/#primaryimage\"},\"image\":{\"@id\":\"https:\\\/\\\/www.organisator.ch\\\/sustainability\\\/2020-03-20\\\/corona-hat-das-potenzial-die-mobilitaet-zu-bremsen\\\/#primaryimage\"},\"thumbnailUrl\":\"https:\\\/\\\/www.organisator.ch\\\/wp-content\\\/uploads\\\/2020\\\/03\\\/Auto-Gewerbe-Schweiz-Corona-Mobilitaet-UP_Umwelt-Perspektiven.jpg\",\"datePublished\":\"2020-03-20T08:23:42+00:00\",\"dateModified\":\"2024-11-07T04:46:12+00:00\",\"description\":\"Der Ausbruch der Corona-Epidemie wird mindestens das Autojahr 2020 massgeblich negativ beeinflussen, unsterstreicht ein Insider.\",\"breadcrumb\":{\"@id\":\"https:\\\/\\\/www.organisator.ch\\\/sustainability\\\/2020-03-20\\\/corona-hat-das-potenzial-die-mobilitaet-zu-bremsen\\\/#breadcrumb\"},\"inLanguage\":\"en-US\",\"potentialAction\":[{\"@type\":\"ReadAction\",\"target\":[\"https:\\\/\\\/www.organisator.ch\\\/sustainability\\\/2020-03-20\\\/corona-hat-das-potenzial-die-mobilitaet-zu-bremsen\\\/\"]}]},{\"@type\":\"ImageObject\",\"inLanguage\":\"en-US\",\"@id\":\"https:\\\/\\\/www.organisator.ch\\\/sustainability\\\/2020-03-20\\\/corona-hat-das-potenzial-die-mobilitaet-zu-bremsen\\\/#primaryimage\",\"url\":\"https:\\\/\\\/www.organisator.ch\\\/wp-content\\\/uploads\\\/2020\\\/03\\\/Auto-Gewerbe-Schweiz-Corona-Mobilitaet-UP_Umwelt-Perspektiven.jpg\",\"contentUrl\":\"https:\\\/\\\/www.organisator.ch\\\/wp-content\\\/uploads\\\/2020\\\/03\\\/Auto-Gewerbe-Schweiz-Corona-Mobilitaet-UP_Umwelt-Perspektiven.jpg\",\"width\":1732,\"height\":1154,\"caption\":\"Ren\u00e9 Mitteregger von auto-i-dat rechnet damit, dass die Autowelt nach Corona nicht mehr dieselbe sein wird. (Bild: Unsplash)\"},{\"@type\":\"BreadcrumbList\",\"@id\":\"https:\\\/\\\/www.organisator.ch\\\/sustainability\\\/2020-03-20\\\/corona-hat-das-potenzial-die-mobilitaet-zu-bremsen\\\/#breadcrumb\",\"itemListElement\":[{\"@type\":\"ListItem\",\"position\":1,\"name\":\"Home\",\"item\":\"https:\\\/\\\/www.organisator.ch\\\/\"},{\"@type\":\"ListItem\",\"position\":2,\"name\":\"Corona hat das Potenzial, die Mobilit\u00e4t zu bremsen\"}]},{\"@type\":\"WebSite\",\"@id\":\"https:\\\/\\\/www.organisator.ch\\\/#website\",\"url\":\"https:\\\/\\\/www.organisator.ch\\\/\",\"name\":\"Organisator\",\"description\":\"Kompetent. Praxisnah. Der ORGANISATOR bereitet in 10 Ausgaben pro Jahr die wesentlichen Themen f\u00fcr F\u00fchrungskr\u00e4fte von KMU auf.\",\"publisher\":{\"@id\":\"https:\\\/\\\/www.organisator.ch\\\/#organization\"},\"potentialAction\":[{\"@type\":\"SearchAction\",\"target\":{\"@type\":\"EntryPoint\",\"urlTemplate\":\"https:\\\/\\\/www.organisator.ch\\\/?s={search_term_string}\"},\"query-input\":{\"@type\":\"PropertyValueSpecification\",\"valueRequired\":true,\"valueName\":\"search_term_string\"}}],\"inLanguage\":\"en-US\"},{\"@type\":\"Organization\",\"@id\":\"https:\\\/\\\/www.organisator.ch\\\/#organization\",\"name\":\"Organisator\",\"url\":\"https:\\\/\\\/www.organisator.ch\\\/\",\"logo\":{\"@type\":\"ImageObject\",\"inLanguage\":\"en-US\",\"@id\":\"https:\\\/\\\/www.organisator.ch\\\/#\\\/schema\\\/logo\\\/image\\\/\",\"url\":\"https:\\\/\\\/www.organisator.ch\\\/wp-content\\\/uploads\\\/2022\\\/01\\\/Logo_Organisator_Website.png\",\"contentUrl\":\"https:\\\/\\\/www.organisator.ch\\\/wp-content\\\/uploads\\\/2022\\\/01\\\/Logo_Organisator_Website.png\",\"width\":800,\"height\":77,\"caption\":\"Organisator\"},\"image\":{\"@id\":\"https:\\\/\\\/www.organisator.ch\\\/#\\\/schema\\\/logo\\\/image\\\/\"},\"sameAs\":[\"https:\\\/\\\/www.facebook.com\\\/OrganisatorFachmagazin\",\"https:\\\/\\\/www.linkedin.com\\\/showcase\\\/organisator-das-magazin-fr-kmu\",\"https:\\\/\\\/www.xing.com\\\/news\\\/pages\\\/organisator-ch-695\",\"https:\\\/\\\/www.youtube.com\\\/channel\\\/UCGP2Sq0iWaZwT3BdIAQFYpw\"]},{\"@type\":\"Person\",\"@id\":\"https:\\\/\\\/www.organisator.ch\\\/#\\\/schema\\\/person\\\/134708ca9321c57b0362cceb7948ffbd\",\"name\":\"michael.merz\",\"image\":{\"@type\":\"ImageObject\",\"inLanguage\":\"en-US\",\"@id\":\"https:\\\/\\\/secure.gravatar.com\\\/avatar\\\/?s=96&d=mm&r=g\",\"url\":\"https:\\\/\\\/secure.gravatar.com\\\/avatar\\\/?s=96&d=mm&r=g\",\"contentUrl\":\"https:\\\/\\\/secure.gravatar.com\\\/avatar\\\/?s=96&d=mm&r=g\",\"caption\":\"michael.merz\"},\"url\":\"https:\\\/\\\/www.organisator.ch\\\/en\\\/author\\\/michael-merz\\\/\"}]}<\/script>\n<!-- \/ Yoast SEO plugin. -->","yoast_head_json":{"title":"Corona has the potential to slow down mobility - organizer","description":"The outbreak of the Corona epidemic will have a significant negative impact on the 2020 car year at the very least, an insider underlines.","robots":{"index":"index","follow":"follow","max-snippet":"max-snippet:-1","max-image-preview":"max-image-preview:large","max-video-preview":"max-video-preview:-1"},"canonical":"https:\/\/www.organisator.ch\/en\/sustainability\/2020-03-20\/corona-hat-das-potenzial-die-mobilitaet-zu-bremsen\/","og_locale":"en_US","og_type":"article","og_title":"Corona hat das Potenzial, die Mobilit\u00e4t zu bremsen - Organisator","og_description":"Der Ausbruch der Corona-Epidemie wird mindestens das Autojahr 2020 massgeblich negativ beeinflussen, unsterstreicht ein Insider.","og_url":"https:\/\/www.organisator.ch\/en\/sustainability\/2020-03-20\/corona-hat-das-potenzial-die-mobilitaet-zu-bremsen\/","og_site_name":"Organisator","article_publisher":"https:\/\/www.facebook.com\/OrganisatorFachmagazin","article_published_time":"2020-03-20T08:23:42+00:00","article_modified_time":"2024-11-07T04:46:12+00:00","og_image":[{"width":1732,"height":1154,"url":"https:\/\/www.organisator.ch\/wp-content\/uploads\/2020\/03\/Auto-Gewerbe-Schweiz-Corona-Mobilitaet-UP_Umwelt-Perspektiven.jpg","type":"image\/jpeg"}],"author":"michael.merz","twitter_card":"summary_large_image","schema":{"@context":"https:\/\/schema.org","@graph":[{"@type":"Article","@id":"https:\/\/www.organisator.ch\/sustainability\/2020-03-20\/corona-hat-das-potenzial-die-mobilitaet-zu-bremsen\/#article","isPartOf":{"@id":"https:\/\/www.organisator.ch\/sustainability\/2020-03-20\/corona-hat-das-potenzial-die-mobilitaet-zu-bremsen\/"},"author":{"name":"michael.merz","@id":"https:\/\/www.organisator.ch\/#\/schema\/person\/134708ca9321c57b0362cceb7948ffbd"},"headline":"Corona hat das Potenzial, die Mobilit\u00e4t zu bremsen","datePublished":"2020-03-20T08:23:42+00:00","dateModified":"2024-11-07T04:46:12+00:00","mainEntityOfPage":{"@id":"https:\/\/www.organisator.ch\/sustainability\/2020-03-20\/corona-hat-das-potenzial-die-mobilitaet-zu-bremsen\/"},"wordCount":392,"publisher":{"@id":"https:\/\/www.organisator.ch\/#organization"},"image":{"@id":"https:\/\/www.organisator.ch\/sustainability\/2020-03-20\/corona-hat-das-potenzial-die-mobilitaet-zu-bremsen\/#primaryimage"},"thumbnailUrl":"https:\/\/www.organisator.ch\/wp-content\/uploads\/2020\/03\/Auto-Gewerbe-Schweiz-Corona-Mobilitaet-UP_Umwelt-Perspektiven.jpg","keywords":["Autogewerbe","Corona","Mobiltit\u00e4t","Schweiz"],"articleSection":["SUSTAINABILITY"],"inLanguage":"en-US"},{"@type":"WebPage","@id":"https:\/\/www.organisator.ch\/sustainability\/2020-03-20\/corona-hat-das-potenzial-die-mobilitaet-zu-bremsen\/","url":"https:\/\/www.organisator.ch\/sustainability\/2020-03-20\/corona-hat-das-potenzial-die-mobilitaet-zu-bremsen\/","name":"Corona has the potential to slow down mobility - organizer","isPartOf":{"@id":"https:\/\/www.organisator.ch\/#website"},"primaryImageOfPage":{"@id":"https:\/\/www.organisator.ch\/sustainability\/2020-03-20\/corona-hat-das-potenzial-die-mobilitaet-zu-bremsen\/#primaryimage"},"image":{"@id":"https:\/\/www.organisator.ch\/sustainability\/2020-03-20\/corona-hat-das-potenzial-die-mobilitaet-zu-bremsen\/#primaryimage"},"thumbnailUrl":"https:\/\/www.organisator.ch\/wp-content\/uploads\/2020\/03\/Auto-Gewerbe-Schweiz-Corona-Mobilitaet-UP_Umwelt-Perspektiven.jpg","datePublished":"2020-03-20T08:23:42+00:00","dateModified":"2024-11-07T04:46:12+00:00","description":"The outbreak of the Corona epidemic will have a significant negative impact on the 2020 car year at the very least, an insider underlines.","breadcrumb":{"@id":"https:\/\/www.organisator.ch\/sustainability\/2020-03-20\/corona-hat-das-potenzial-die-mobilitaet-zu-bremsen\/#breadcrumb"},"inLanguage":"en-US","potentialAction":[{"@type":"ReadAction","target":["https:\/\/www.organisator.ch\/sustainability\/2020-03-20\/corona-hat-das-potenzial-die-mobilitaet-zu-bremsen\/"]}]},{"@type":"ImageObject","inLanguage":"en-US","@id":"https:\/\/www.organisator.ch\/sustainability\/2020-03-20\/corona-hat-das-potenzial-die-mobilitaet-zu-bremsen\/#primaryimage","url":"https:\/\/www.organisator.ch\/wp-content\/uploads\/2020\/03\/Auto-Gewerbe-Schweiz-Corona-Mobilitaet-UP_Umwelt-Perspektiven.jpg","contentUrl":"https:\/\/www.organisator.ch\/wp-content\/uploads\/2020\/03\/Auto-Gewerbe-Schweiz-Corona-Mobilitaet-UP_Umwelt-Perspektiven.jpg","width":1732,"height":1154,"caption":"Ren\u00e9 Mitteregger von auto-i-dat rechnet damit, dass die Autowelt nach Corona nicht mehr dieselbe sein wird. (Bild: Unsplash)"},{"@type":"BreadcrumbList","@id":"https:\/\/www.organisator.ch\/sustainability\/2020-03-20\/corona-hat-das-potenzial-die-mobilitaet-zu-bremsen\/#breadcrumb","itemListElement":[{"@type":"ListItem","position":1,"name":"Home","item":"https:\/\/www.organisator.ch\/"},{"@type":"ListItem","position":2,"name":"Corona hat das Potenzial, die Mobilit\u00e4t zu bremsen"}]},{"@type":"WebSite","@id":"https:\/\/www.organisator.ch\/#website","url":"https:\/\/www.organisator.ch\/","name":"Organizer","description":"Competent. Practical. In 10 issues per year, ORGANISATOR presents the essential topics for managers of SMEs.","publisher":{"@id":"https:\/\/www.organisator.ch\/#organization"},"potentialAction":[{"@type":"SearchAction","target":{"@type":"EntryPoint","urlTemplate":"https:\/\/www.organisator.ch\/?s={search_term_string}"},"query-input":{"@type":"PropertyValueSpecification","valueRequired":true,"valueName":"search_term_string"}}],"inLanguage":"en-US"},{"@type":"Organization","@id":"https:\/\/www.organisator.ch\/#organization","name":"Organizer","url":"https:\/\/www.organisator.ch\/","logo":{"@type":"ImageObject","inLanguage":"en-US","@id":"https:\/\/www.organisator.ch\/#\/schema\/logo\/image\/","url":"https:\/\/www.organisator.ch\/wp-content\/uploads\/2022\/01\/Logo_Organisator_Website.png","contentUrl":"https:\/\/www.organisator.ch\/wp-content\/uploads\/2022\/01\/Logo_Organisator_Website.png","width":800,"height":77,"caption":"Organisator"},"image":{"@id":"https:\/\/www.organisator.ch\/#\/schema\/logo\/image\/"},"sameAs":["https:\/\/www.facebook.com\/OrganisatorFachmagazin","https:\/\/www.linkedin.com\/showcase\/organisator-das-magazin-fr-kmu","https:\/\/www.xing.com\/news\/pages\/organisator-ch-695","https:\/\/www.youtube.com\/channel\/UCGP2Sq0iWaZwT3BdIAQFYpw"]},{"@type":"Person","@id":"https:\/\/www.organisator.ch\/#\/schema\/person\/134708ca9321c57b0362cceb7948ffbd","name":"michael.merz","image":{"@type":"ImageObject","inLanguage":"en-US","@id":"https:\/\/secure.gravatar.com\/avatar\/?s=96&d=mm&r=g","url":"https:\/\/secure.gravatar.com\/avatar\/?s=96&d=mm&r=g","contentUrl":"https:\/\/secure.gravatar.com\/avatar\/?s=96&d=mm&r=g","caption":"michael.merz"},"url":"https:\/\/www.organisator.ch\/en\/author\/michael-merz\/"}]}},"_links":{"self":[{"href":"https:\/\/www.organisator.ch\/en\/wp-json\/wp\/v2\/posts\/2950","targetHints":{"allow":["GET"]}}],"collection":[{"href":"https:\/\/www.organisator.ch\/en\/wp-json\/wp\/v2\/posts"}],"about":[{"href":"https:\/\/www.organisator.ch\/en\/wp-json\/wp\/v2\/types\/post"}],"author":[{"embeddable":true,"href":"https:\/\/www.organisator.ch\/en\/wp-json\/wp\/v2\/users\/5"}],"replies":[{"embeddable":true,"href":"https:\/\/www.organisator.ch\/en\/wp-json\/wp\/v2\/comments?post=2950"}],"version-history":[{"count":3,"href":"https:\/\/www.organisator.ch\/en\/wp-json\/wp\/v2\/posts\/2950\/revisions"}],"predecessor-version":[{"id":31613,"href":"https:\/\/www.organisator.ch\/en\/wp-json\/wp\/v2\/posts\/2950\/revisions\/31613"}],"wp:featuredmedia":[{"embeddable":true,"href":"https:\/\/www.organisator.ch\/en\/wp-json\/wp\/v2\/media\/9690"}],"wp:attachment":[{"href":"https:\/\/www.organisator.ch\/en\/wp-json\/wp\/v2\/media?parent=2950"}],"wp:term":[{"taxonomy":"category","embeddable":true,"href":"https:\/\/www.organisator.ch\/en\/wp-json\/wp\/v2\/categories?post=2950"},{"taxonomy":"post_tag","embeddable":true,"href":"https:\/\/www.organisator.ch\/en\/wp-json\/wp\/v2\/tags?post=2950"}],"curies":[{"name":"wp","href":"https:\/\/api.w.org\/{rel}","templated":true}]}}