{"id":2951,"date":"2018-01-08T17:16:03","date_gmt":"2018-01-08T16:16:03","guid":{"rendered":"https:\/\/www.organisator.ch\/?p=2951"},"modified":"2018-01-08T17:16:03","modified_gmt":"2018-01-08T16:16:03","slug":"neuer-country-manager-der-sage-schweiz-ag","status":"publish","type":"post","link":"https:\/\/www.organisator.ch\/en\/management\/it\/2018-01-08\/neuer-country-manager-der-sage-schweiz-ag\/","title":{"rendered":"New Country Manager of Sage Schweiz AG"},"content":{"rendered":"<figure id=\"attachment_2952\" aria-describedby=\"caption-attachment-2952\" style=\"width: 589px\" class=\"wp-caption alignnone\"><img loading=\"lazy\" decoding=\"async\" class=\"size-full wp-image-2952\" src=\"https:\/\/www.organisator.ch\/wp-content\/uploads\/2018\/01\/Neuer-Country-Manager-der-Sage-Schweiz-AG_Organisator.jpg\" alt=\"\" width=\"589\" height=\"480\" srcset=\"https:\/\/www.organisator.ch\/wp-content\/uploads\/2018\/01\/Neuer-Country-Manager-der-Sage-Schweiz-AG_Organisator.jpg 589w, https:\/\/www.organisator.ch\/wp-content\/uploads\/2018\/01\/Neuer-Country-Manager-der-Sage-Schweiz-AG_Organisator-16x12.jpg 16w, https:\/\/www.organisator.ch\/wp-content\/uploads\/2018\/01\/Neuer-Country-Manager-der-Sage-Schweiz-AG_Organisator-215x175.jpg 215w, https:\/\/www.organisator.ch\/wp-content\/uploads\/2018\/01\/Neuer-Country-Manager-der-Sage-Schweiz-AG_Organisator-429x350.jpg 429w, https:\/\/www.organisator.ch\/wp-content\/uploads\/2018\/01\/Neuer-Country-Manager-der-Sage-Schweiz-AG_Organisator-300x244.jpg 300w\" sizes=\"auto, (max-width: 589px) 100vw, 589px\" \/><figcaption id=\"caption-attachment-2952\" class=\"wp-caption-text\">Tobias Ackermann, the new country manager Sage Schweiz AG. (Image: PD)<\/figcaption><\/figure>\n<p>Tobias Ackermann is taking over the management of Sage Schweiz AG with immediate effect. The 37-year-old succeeds Marc Ziegler, who is leaving the company at his own request. In his new position, Tobias Ackermann will continue to drive the business with cloud-based accounting, payroll and payment systems in Switzerland. He reports to Rainer Downar, Executive Vice President Central Europe.<\/p>\n<p>Tobias Ackermann started his career at Sage in June 2015 as Vice President Revenue Marketing Business Development in Dublin (Ireland), where he was responsible for the development and strategic realignment of marketing. Subsequently, he was responsible for the European new customer business as Vice President New Customer Marketing. Most recently, he served as Executive Vice President, Performance Marketing. Before joining Sage, the Swiss native held various positions in marketing and sales, including Adobe Systems and ERNI Group Holding.<\/p>\n<p>Tobias Ackermann completed his studies in International Management (Business Economist) at the University of Applied Sciences Northwestern Switzerland (FHNW) in Olten.<\/p>\n<p><em>Source: <a href=\"http:\/\/www.sage.com\/ch\">Sage Switzerland<\/a><\/em><\/p>\n<p>&nbsp;<\/p>","protected":false},"excerpt":{"rendered":"<p>Tobias Ackermann \u00fcbernimmt mit sofortiger Wirkung die Gesch\u00e4ftsleitung der Sage Schweiz AG. Der 37-j\u00e4hrige folgt auf Marc Ziegler, der das Unternehmen auf eigenen Wunsch verl\u00e4sst. In seiner neuen Position wird Tobias Ackermann das Gesch\u00e4ft mit Cloud-basierten Buchhaltungs-, Lohnabrechnungs- und Bezahlsystemen in der Schweiz weiter vorantreiben. Er berichtet an Rainer Downar, Executive Vice President Central Europe. [&hellip;]<\/p>\n","protected":false},"author":4,"featured_media":2952,"comment_status":"open","ping_status":"open","sticky":false,"template":"","format":"standard","meta":{"_acf_changed":false,"_yoast_wpseo_focuskw":"Sage Schweiz AG","_yoast_wpseo_metadesc":"Tobias Ackermann folgt auf Marc Ziegler als neuer Country Manager der Sage Schweiz AG. Marc Ziegler verl\u00e4sst das Unternehmen auf eigenen Wunsch.","articlekey":"","footnotes":""},"categories":[27],"tags":[288,381,492],"class_list":["post-2951","post","type-post","status-publish","format-standard","has-post-thumbnail","hentry","category-it","tag-it-business-software","tag-personalia","tag-unternehmen"],"acf":[],"yoast_head":"<!-- This site is optimized with the Yoast SEO plugin v27.4 - https:\/\/yoast.com\/product\/yoast-seo-wordpress\/ -->\n<title>Neuer Country Manager der Sage Schweiz AG - Organisator<\/title>\n<meta name=\"description\" content=\"Tobias Ackermann folgt auf Marc Ziegler als neuer Country Manager der Sage Schweiz AG. Marc Ziegler verl\u00e4sst das Unternehmen auf eigenen Wunsch.\" \/>\n<meta name=\"robots\" content=\"index, follow, max-snippet:-1, max-image-preview:large, max-video-preview:-1\" \/>\n<link rel=\"canonical\" href=\"https:\/\/www.organisator.ch\/en\/management\/it\/2018-01-08\/neuer-country-manager-der-sage-schweiz-ag\/\" \/>\n<meta property=\"og:locale\" content=\"en_US\" \/>\n<meta property=\"og:type\" content=\"article\" \/>\n<meta property=\"og:title\" content=\"Neuer Country Manager der Sage Schweiz AG\" \/>\n<meta property=\"og:description\" content=\"Tobias Ackermann folgt auf Marc Ziegler als neuer Country Manager der #Sage Schweiz AG. Marc Ziegler verl\u00e4sst das Unternehmen auf eigenen Wunsch.\" \/>\n<meta property=\"og:url\" content=\"https:\/\/www.organisator.ch\/en\/management\/it\/2018-01-08\/neuer-country-manager-der-sage-schweiz-ag\/\" \/>\n<meta property=\"og:site_name\" content=\"Organisator\" \/>\n<meta property=\"article:publisher\" content=\"https:\/\/www.facebook.com\/OrganisatorFachmagazin\" \/>\n<meta property=\"article:published_time\" content=\"2018-01-08T16:16:03+00:00\" \/>\n<meta property=\"og:image\" content=\"https:\/\/www.organisator.ch\/wp-content\/uploads\/2018\/01\/Neuer-Country-Manager-der-Sage-Schweiz-AG_Organisator.jpg\" \/>\n\t<meta property=\"og:image:width\" content=\"589\" \/>\n\t<meta property=\"og:image:height\" content=\"480\" \/>\n\t<meta property=\"og:image:type\" content=\"image\/jpeg\" \/>\n<meta name=\"author\" content=\"thomas.berner\" \/>\n<meta name=\"twitter:card\" content=\"summary_large_image\" \/>\n<meta name=\"twitter:title\" content=\"Neuer Country Manager der #Sage Schweiz AG\" \/>\n<meta name=\"twitter:description\" content=\"Tobias Ackermann folgt auf Marc Ziegler als neuer Country Manager der #Sage Schweiz AG. Marc Ziegler verl\u00e4sst das Unternehmen auf eigenen Wunsch.\" \/>\n<meta name=\"twitter:image\" content=\"https:\/\/www.organisator.ch\/wp-content\/uploads\/2018\/01\/Neuer-Country-Manager-der-Sage-Schweiz-AG_Organisator.jpg\" \/>\n<script type=\"application\/ld+json\" class=\"yoast-schema-graph\">{\"@context\":\"https:\\\/\\\/schema.org\",\"@graph\":[{\"@type\":\"Article\",\"@id\":\"https:\\\/\\\/www.organisator.ch\\\/management\\\/it\\\/2018-01-08\\\/neuer-country-manager-der-sage-schweiz-ag\\\/#article\",\"isPartOf\":{\"@id\":\"https:\\\/\\\/www.organisator.ch\\\/management\\\/it\\\/2018-01-08\\\/neuer-country-manager-der-sage-schweiz-ag\\\/\"},\"author\":{\"name\":\"thomas.berner\",\"@id\":\"https:\\\/\\\/www.organisator.ch\\\/#\\\/schema\\\/person\\\/6f650f90b2842cd4c0cc334b4e36f67e\"},\"headline\":\"Neuer Country Manager der Sage Schweiz AG\",\"datePublished\":\"2018-01-08T16:16:03+00:00\",\"mainEntityOfPage\":{\"@id\":\"https:\\\/\\\/www.organisator.ch\\\/management\\\/it\\\/2018-01-08\\\/neuer-country-manager-der-sage-schweiz-ag\\\/\"},\"wordCount\":192,\"commentCount\":0,\"publisher\":{\"@id\":\"https:\\\/\\\/www.organisator.ch\\\/#organization\"},\"image\":{\"@id\":\"https:\\\/\\\/www.organisator.ch\\\/management\\\/it\\\/2018-01-08\\\/neuer-country-manager-der-sage-schweiz-ag\\\/#primaryimage\"},\"thumbnailUrl\":\"https:\\\/\\\/www.organisator.ch\\\/wp-content\\\/uploads\\\/2018\\\/01\\\/Neuer-Country-Manager-der-Sage-Schweiz-AG_Organisator.jpg\",\"keywords\":[\"IT &amp; Business Software\",\"Personalia\",\"Unternehmen\"],\"articleSection\":[\"IT\"],\"inLanguage\":\"en-US\"},{\"@type\":\"WebPage\",\"@id\":\"https:\\\/\\\/www.organisator.ch\\\/management\\\/it\\\/2018-01-08\\\/neuer-country-manager-der-sage-schweiz-ag\\\/\",\"url\":\"https:\\\/\\\/www.organisator.ch\\\/management\\\/it\\\/2018-01-08\\\/neuer-country-manager-der-sage-schweiz-ag\\\/\",\"name\":\"Neuer Country Manager der Sage Schweiz AG - Organisator\",\"isPartOf\":{\"@id\":\"https:\\\/\\\/www.organisator.ch\\\/#website\"},\"primaryImageOfPage\":{\"@id\":\"https:\\\/\\\/www.organisator.ch\\\/management\\\/it\\\/2018-01-08\\\/neuer-country-manager-der-sage-schweiz-ag\\\/#primaryimage\"},\"image\":{\"@id\":\"https:\\\/\\\/www.organisator.ch\\\/management\\\/it\\\/2018-01-08\\\/neuer-country-manager-der-sage-schweiz-ag\\\/#primaryimage\"},\"thumbnailUrl\":\"https:\\\/\\\/www.organisator.ch\\\/wp-content\\\/uploads\\\/2018\\\/01\\\/Neuer-Country-Manager-der-Sage-Schweiz-AG_Organisator.jpg\",\"datePublished\":\"2018-01-08T16:16:03+00:00\",\"description\":\"Tobias Ackermann folgt auf Marc Ziegler als neuer Country Manager der Sage Schweiz AG. Marc Ziegler verl\u00e4sst das Unternehmen auf eigenen Wunsch.\",\"breadcrumb\":{\"@id\":\"https:\\\/\\\/www.organisator.ch\\\/management\\\/it\\\/2018-01-08\\\/neuer-country-manager-der-sage-schweiz-ag\\\/#breadcrumb\"},\"inLanguage\":\"en-US\",\"potentialAction\":[{\"@type\":\"ReadAction\",\"target\":[\"https:\\\/\\\/www.organisator.ch\\\/management\\\/it\\\/2018-01-08\\\/neuer-country-manager-der-sage-schweiz-ag\\\/\"]}]},{\"@type\":\"ImageObject\",\"inLanguage\":\"en-US\",\"@id\":\"https:\\\/\\\/www.organisator.ch\\\/management\\\/it\\\/2018-01-08\\\/neuer-country-manager-der-sage-schweiz-ag\\\/#primaryimage\",\"url\":\"https:\\\/\\\/www.organisator.ch\\\/wp-content\\\/uploads\\\/2018\\\/01\\\/Neuer-Country-Manager-der-Sage-Schweiz-AG_Organisator.jpg\",\"contentUrl\":\"https:\\\/\\\/www.organisator.ch\\\/wp-content\\\/uploads\\\/2018\\\/01\\\/Neuer-Country-Manager-der-Sage-Schweiz-AG_Organisator.jpg\",\"width\":589,\"height\":480,\"caption\":\"Tobias Ackermann, der neue Country Manager Sage Schweiz AG. (Bild: PD)\"},{\"@type\":\"BreadcrumbList\",\"@id\":\"https:\\\/\\\/www.organisator.ch\\\/management\\\/it\\\/2018-01-08\\\/neuer-country-manager-der-sage-schweiz-ag\\\/#breadcrumb\",\"itemListElement\":[{\"@type\":\"ListItem\",\"position\":1,\"name\":\"Home\",\"item\":\"https:\\\/\\\/www.organisator.ch\\\/\"},{\"@type\":\"ListItem\",\"position\":2,\"name\":\"Neuer Country Manager der Sage Schweiz AG\"}]},{\"@type\":\"WebSite\",\"@id\":\"https:\\\/\\\/www.organisator.ch\\\/#website\",\"url\":\"https:\\\/\\\/www.organisator.ch\\\/\",\"name\":\"Organisator\",\"description\":\"Kompetent. Praxisnah. Der ORGANISATOR bereitet in 10 Ausgaben pro Jahr die wesentlichen Themen f\u00fcr F\u00fchrungskr\u00e4fte von KMU auf.\",\"publisher\":{\"@id\":\"https:\\\/\\\/www.organisator.ch\\\/#organization\"},\"potentialAction\":[{\"@type\":\"SearchAction\",\"target\":{\"@type\":\"EntryPoint\",\"urlTemplate\":\"https:\\\/\\\/www.organisator.ch\\\/?s={search_term_string}\"},\"query-input\":{\"@type\":\"PropertyValueSpecification\",\"valueRequired\":true,\"valueName\":\"search_term_string\"}}],\"inLanguage\":\"en-US\"},{\"@type\":\"Organization\",\"@id\":\"https:\\\/\\\/www.organisator.ch\\\/#organization\",\"name\":\"Organisator\",\"url\":\"https:\\\/\\\/www.organisator.ch\\\/\",\"logo\":{\"@type\":\"ImageObject\",\"inLanguage\":\"en-US\",\"@id\":\"https:\\\/\\\/www.organisator.ch\\\/#\\\/schema\\\/logo\\\/image\\\/\",\"url\":\"https:\\\/\\\/www.organisator.ch\\\/wp-content\\\/uploads\\\/2022\\\/01\\\/Logo_Organisator_Website.png\",\"contentUrl\":\"https:\\\/\\\/www.organisator.ch\\\/wp-content\\\/uploads\\\/2022\\\/01\\\/Logo_Organisator_Website.png\",\"width\":800,\"height\":77,\"caption\":\"Organisator\"},\"image\":{\"@id\":\"https:\\\/\\\/www.organisator.ch\\\/#\\\/schema\\\/logo\\\/image\\\/\"},\"sameAs\":[\"https:\\\/\\\/www.facebook.com\\\/OrganisatorFachmagazin\",\"https:\\\/\\\/www.linkedin.com\\\/showcase\\\/organisator-das-magazin-fr-kmu\",\"https:\\\/\\\/www.xing.com\\\/news\\\/pages\\\/organisator-ch-695\",\"https:\\\/\\\/www.youtube.com\\\/channel\\\/UCGP2Sq0iWaZwT3BdIAQFYpw\"]},{\"@type\":\"Person\",\"@id\":\"https:\\\/\\\/www.organisator.ch\\\/#\\\/schema\\\/person\\\/6f650f90b2842cd4c0cc334b4e36f67e\",\"name\":\"thomas.berner\",\"image\":{\"@type\":\"ImageObject\",\"inLanguage\":\"en-US\",\"@id\":\"https:\\\/\\\/secure.gravatar.com\\\/avatar\\\/ac5001d2a36cb6c6cd3e50789007ffca834b477b74a2144564522e944eabff61?s=96&d=mm&r=g\",\"url\":\"https:\\\/\\\/secure.gravatar.com\\\/avatar\\\/ac5001d2a36cb6c6cd3e50789007ffca834b477b74a2144564522e944eabff61?s=96&d=mm&r=g\",\"contentUrl\":\"https:\\\/\\\/secure.gravatar.com\\\/avatar\\\/ac5001d2a36cb6c6cd3e50789007ffca834b477b74a2144564522e944eabff61?s=96&d=mm&r=g\",\"caption\":\"thomas.berner\"},\"url\":\"https:\\\/\\\/www.organisator.ch\\\/en\\\/author\\\/thomas-berner\\\/\"}]}<\/script>\n<!-- \/ Yoast SEO plugin. -->","yoast_head_json":{"title":"New Country Manager of Sage Schweiz AG - Organizer","description":"Tobias Ackermann succeeds Marc Ziegler as the new Country Manager of Sage Schweiz AG. Marc Ziegler is leaving the company at his own request.","robots":{"index":"index","follow":"follow","max-snippet":"max-snippet:-1","max-image-preview":"max-image-preview:large","max-video-preview":"max-video-preview:-1"},"canonical":"https:\/\/www.organisator.ch\/en\/management\/it\/2018-01-08\/neuer-country-manager-der-sage-schweiz-ag\/","og_locale":"en_US","og_type":"article","og_title":"Neuer Country Manager der Sage Schweiz AG","og_description":"Tobias Ackermann folgt auf Marc Ziegler als neuer Country Manager der #Sage Schweiz AG. Marc Ziegler verl\u00e4sst das Unternehmen auf eigenen Wunsch.","og_url":"https:\/\/www.organisator.ch\/en\/management\/it\/2018-01-08\/neuer-country-manager-der-sage-schweiz-ag\/","og_site_name":"Organisator","article_publisher":"https:\/\/www.facebook.com\/OrganisatorFachmagazin","article_published_time":"2018-01-08T16:16:03+00:00","og_image":[{"width":589,"height":480,"url":"https:\/\/www.organisator.ch\/wp-content\/uploads\/2018\/01\/Neuer-Country-Manager-der-Sage-Schweiz-AG_Organisator.jpg","type":"image\/jpeg"}],"author":"thomas.berner","twitter_card":"summary_large_image","twitter_title":"Neuer Country Manager der #Sage Schweiz AG","twitter_description":"Tobias Ackermann folgt auf Marc Ziegler als neuer Country Manager der #Sage Schweiz AG. Marc Ziegler verl\u00e4sst das Unternehmen auf eigenen Wunsch.","twitter_image":"https:\/\/www.organisator.ch\/wp-content\/uploads\/2018\/01\/Neuer-Country-Manager-der-Sage-Schweiz-AG_Organisator.jpg","schema":{"@context":"https:\/\/schema.org","@graph":[{"@type":"Article","@id":"https:\/\/www.organisator.ch\/management\/it\/2018-01-08\/neuer-country-manager-der-sage-schweiz-ag\/#article","isPartOf":{"@id":"https:\/\/www.organisator.ch\/management\/it\/2018-01-08\/neuer-country-manager-der-sage-schweiz-ag\/"},"author":{"name":"thomas.berner","@id":"https:\/\/www.organisator.ch\/#\/schema\/person\/6f650f90b2842cd4c0cc334b4e36f67e"},"headline":"Neuer Country Manager der Sage Schweiz AG","datePublished":"2018-01-08T16:16:03+00:00","mainEntityOfPage":{"@id":"https:\/\/www.organisator.ch\/management\/it\/2018-01-08\/neuer-country-manager-der-sage-schweiz-ag\/"},"wordCount":192,"commentCount":0,"publisher":{"@id":"https:\/\/www.organisator.ch\/#organization"},"image":{"@id":"https:\/\/www.organisator.ch\/management\/it\/2018-01-08\/neuer-country-manager-der-sage-schweiz-ag\/#primaryimage"},"thumbnailUrl":"https:\/\/www.organisator.ch\/wp-content\/uploads\/2018\/01\/Neuer-Country-Manager-der-Sage-Schweiz-AG_Organisator.jpg","keywords":["IT &amp; Business Software","Personalia","Unternehmen"],"articleSection":["IT"],"inLanguage":"en-US"},{"@type":"WebPage","@id":"https:\/\/www.organisator.ch\/management\/it\/2018-01-08\/neuer-country-manager-der-sage-schweiz-ag\/","url":"https:\/\/www.organisator.ch\/management\/it\/2018-01-08\/neuer-country-manager-der-sage-schweiz-ag\/","name":"New Country Manager of Sage Schweiz AG - Organizer","isPartOf":{"@id":"https:\/\/www.organisator.ch\/#website"},"primaryImageOfPage":{"@id":"https:\/\/www.organisator.ch\/management\/it\/2018-01-08\/neuer-country-manager-der-sage-schweiz-ag\/#primaryimage"},"image":{"@id":"https:\/\/www.organisator.ch\/management\/it\/2018-01-08\/neuer-country-manager-der-sage-schweiz-ag\/#primaryimage"},"thumbnailUrl":"https:\/\/www.organisator.ch\/wp-content\/uploads\/2018\/01\/Neuer-Country-Manager-der-Sage-Schweiz-AG_Organisator.jpg","datePublished":"2018-01-08T16:16:03+00:00","description":"Tobias Ackermann succeeds Marc Ziegler as the new Country Manager of Sage Schweiz AG. Marc Ziegler is leaving the company at his own request.","breadcrumb":{"@id":"https:\/\/www.organisator.ch\/management\/it\/2018-01-08\/neuer-country-manager-der-sage-schweiz-ag\/#breadcrumb"},"inLanguage":"en-US","potentialAction":[{"@type":"ReadAction","target":["https:\/\/www.organisator.ch\/management\/it\/2018-01-08\/neuer-country-manager-der-sage-schweiz-ag\/"]}]},{"@type":"ImageObject","inLanguage":"en-US","@id":"https:\/\/www.organisator.ch\/management\/it\/2018-01-08\/neuer-country-manager-der-sage-schweiz-ag\/#primaryimage","url":"https:\/\/www.organisator.ch\/wp-content\/uploads\/2018\/01\/Neuer-Country-Manager-der-Sage-Schweiz-AG_Organisator.jpg","contentUrl":"https:\/\/www.organisator.ch\/wp-content\/uploads\/2018\/01\/Neuer-Country-Manager-der-Sage-Schweiz-AG_Organisator.jpg","width":589,"height":480,"caption":"Tobias Ackermann, der neue Country Manager Sage Schweiz AG. (Bild: PD)"},{"@type":"BreadcrumbList","@id":"https:\/\/www.organisator.ch\/management\/it\/2018-01-08\/neuer-country-manager-der-sage-schweiz-ag\/#breadcrumb","itemListElement":[{"@type":"ListItem","position":1,"name":"Home","item":"https:\/\/www.organisator.ch\/"},{"@type":"ListItem","position":2,"name":"Neuer Country Manager der Sage Schweiz AG"}]},{"@type":"WebSite","@id":"https:\/\/www.organisator.ch\/#website","url":"https:\/\/www.organisator.ch\/","name":"Organizer","description":"Competent. Practical. In 10 issues per year, ORGANISATOR presents the essential topics for managers of SMEs.","publisher":{"@id":"https:\/\/www.organisator.ch\/#organization"},"potentialAction":[{"@type":"SearchAction","target":{"@type":"EntryPoint","urlTemplate":"https:\/\/www.organisator.ch\/?s={search_term_string}"},"query-input":{"@type":"PropertyValueSpecification","valueRequired":true,"valueName":"search_term_string"}}],"inLanguage":"en-US"},{"@type":"Organization","@id":"https:\/\/www.organisator.ch\/#organization","name":"Organizer","url":"https:\/\/www.organisator.ch\/","logo":{"@type":"ImageObject","inLanguage":"en-US","@id":"https:\/\/www.organisator.ch\/#\/schema\/logo\/image\/","url":"https:\/\/www.organisator.ch\/wp-content\/uploads\/2022\/01\/Logo_Organisator_Website.png","contentUrl":"https:\/\/www.organisator.ch\/wp-content\/uploads\/2022\/01\/Logo_Organisator_Website.png","width":800,"height":77,"caption":"Organisator"},"image":{"@id":"https:\/\/www.organisator.ch\/#\/schema\/logo\/image\/"},"sameAs":["https:\/\/www.facebook.com\/OrganisatorFachmagazin","https:\/\/www.linkedin.com\/showcase\/organisator-das-magazin-fr-kmu","https:\/\/www.xing.com\/news\/pages\/organisator-ch-695","https:\/\/www.youtube.com\/channel\/UCGP2Sq0iWaZwT3BdIAQFYpw"]},{"@type":"Person","@id":"https:\/\/www.organisator.ch\/#\/schema\/person\/6f650f90b2842cd4c0cc334b4e36f67e","name":"thomas.berner","image":{"@type":"ImageObject","inLanguage":"en-US","@id":"https:\/\/secure.gravatar.com\/avatar\/ac5001d2a36cb6c6cd3e50789007ffca834b477b74a2144564522e944eabff61?s=96&d=mm&r=g","url":"https:\/\/secure.gravatar.com\/avatar\/ac5001d2a36cb6c6cd3e50789007ffca834b477b74a2144564522e944eabff61?s=96&d=mm&r=g","contentUrl":"https:\/\/secure.gravatar.com\/avatar\/ac5001d2a36cb6c6cd3e50789007ffca834b477b74a2144564522e944eabff61?s=96&d=mm&r=g","caption":"thomas.berner"},"url":"https:\/\/www.organisator.ch\/en\/author\/thomas-berner\/"}]}},"_links":{"self":[{"href":"https:\/\/www.organisator.ch\/en\/wp-json\/wp\/v2\/posts\/2951","targetHints":{"allow":["GET"]}}],"collection":[{"href":"https:\/\/www.organisator.ch\/en\/wp-json\/wp\/v2\/posts"}],"about":[{"href":"https:\/\/www.organisator.ch\/en\/wp-json\/wp\/v2\/types\/post"}],"author":[{"embeddable":true,"href":"https:\/\/www.organisator.ch\/en\/wp-json\/wp\/v2\/users\/4"}],"replies":[{"embeddable":true,"href":"https:\/\/www.organisator.ch\/en\/wp-json\/wp\/v2\/comments?post=2951"}],"version-history":[{"count":0,"href":"https:\/\/www.organisator.ch\/en\/wp-json\/wp\/v2\/posts\/2951\/revisions"}],"wp:featuredmedia":[{"embeddable":true,"href":"https:\/\/www.organisator.ch\/en\/wp-json\/wp\/v2\/media\/2952"}],"wp:attachment":[{"href":"https:\/\/www.organisator.ch\/en\/wp-json\/wp\/v2\/media?parent=2951"}],"wp:term":[{"taxonomy":"category","embeddable":true,"href":"https:\/\/www.organisator.ch\/en\/wp-json\/wp\/v2\/categories?post=2951"},{"taxonomy":"post_tag","embeddable":true,"href":"https:\/\/www.organisator.ch\/en\/wp-json\/wp\/v2\/tags?post=2951"}],"curies":[{"name":"wp","href":"https:\/\/api.w.org\/{rel}","templated":true}]}}