{"id":29541,"date":"2024-09-04T12:21:37","date_gmt":"2024-09-04T10:21:37","guid":{"rendered":"https:\/\/www.markt-kom.com\/?p=222772"},"modified":"2024-11-08T11:53:18","modified_gmt":"2024-11-08T10:53:18","slug":"fraser-inszeniert-talentfoerderung-fuer-ubs","status":"publish","type":"post","link":"https:\/\/www.organisator.ch\/en\/marketing\/2024-09-04\/fraser-inszeniert-talentfoerderung-fuer-ubs\/","title":{"rendered":"Fraser stages talent promotion for UBS"},"content":{"rendered":"<p><img class=\"alignnone wp-image-222777 size-full\" src=\"https:\/\/www.markt-kom.com\/wp-content\/uploads\/2024\/09\/Beitragsbild.jpg\" alt=\"UBS Marketing Initiative\" width=\"1200\" height=\"675\" \/>In the new marketing initiative, which has now been launched, UBS and Fraser of Switzerland present an emotional cross-section of all five focus areas: education, sport, culture, entrepreneurship and sustainability. Six real talents are used to highlight their path to the top. In addition to aptitude, discipline and perseverance, long-term partners who recognize and systematically promote their talent are also needed.<\/p>\r\n<p><\/p>\r\n<p>UBS thus provides additional reasons why it is \"A Bank for Switzerland\". As a long-standing partner, UBS has been investing in the systematic promotion of talent for decades. Be it with Swiss Skills for apprenticeships as an important pillar of the Swiss economy and Swiss SMEs, in sport with the promotion of Swiss athletics from the UBS Kids Cup to the World Class in Zurich, Lausanne or Bellinzona, Swiss football at Kids Camps, the women's and men's national team, in culture at the Locarno Film Festival, the Zurich Film Festival, or in classical music at the Zurich Opera House and the Lucerne Festival). As well as in terms of sustainability (Net Zero, UBS Helpetica with volunteer work for the Swiss common good or the promotion of entrepreneurship with partnerships with ETH, EPFL, HSG, the SEF incl. Growth, Women's Award or the Swiss Venture Club), to name just a few examples.<\/p>\r\n<p><\/p>\r\n<hr \/>\r\n<p><strong>Client: <\/strong>UBS Switzerland AG, Zurich, Aydin Sahin (Head Marketing &amp; Digital Sales), Sonja Kingsley-Curry (Head Initiatives &amp; Innovation), Melanie S\u00e4uberli (Strategic Initiatives), Rita Vozarova (Head UBS Engagements), Sandra Caviezel (Head Brand Activation, Sponsorship &amp; Events) Sebastien Rouiller, Tanja Iseppi, Michael R\u00fctti, Adrian Wyss (Brand Activation, Sponsorship &amp; Events), Oliver Vedolin (Head Digital Communication &amp; Growth), Joel Frey (Head Content Marketing &amp; Client Communication), Sascha Meissner (Content Marketing), Benjamin Fehrenbach (Head Social Media), Annina Speich (Social Media), Chloe Hindes (Digital Marketing), Kristel Henggeler (Media Strategy), Mehmet Odabas (Creative Director) <strong>Agency:<\/strong> Fraser of Switzerland, Nadja Stickl (Managing Director), Morgana Stolz (Senior Project Manager), Fernando Barbella (Managing Director Creation &amp; Partner FRASER GmbH), Andreas Schwitter (Creative Director), Heiko Freyland (Creative Director), Karen Le Roux (Digital Design), Mikhail Gany (Senior Design)<strong> Media:<\/strong> Publicis Media Switzerland, Zurich ,Martina White (Business Director), Florence Angstmann (Digital Account Manager), Attila Kovacs (Senior Account Manager), Antonia Joura (Account Executive) <strong>Production:<\/strong>\u00a0Shining, Gonzaga Manso (Director &amp; DOP), Paco Ponce de L\u00e9on (Director Assistant), Leonardo Sanfilippo (Executive Producer), Dimitri Siegrist (Junior Producer), Gustaf Richter (Line Producer), Nathalie Maibach (Line Producer), Gabi Benz (Line Producer), Adi Imholz (Production Assistants), Nina Zogg (Production Assistants), Marino Denk (Production Assistants), Robin Fessel (Artdepartment), Damaris Eigenheer (Styling), No\u00e9mie Bellwald (Casting), Mel Afflenbach (Location), Giacomo Prestinari (Editor), Cloudscape (VFX), Nadia Khairat G\u00f3mez (Colorist), Aimar Molero (Music &amp; Sounddesign), DubDub (Audio Postproduction).<\/p>","protected":false},"excerpt":{"rendered":"<p>In its home market of Switzerland, UBS is committed to promoting education, sport, culture, entrepreneurship and sustainability. Together with partner organizations, current and future generations are supported in developing their full potential.<\/p>","protected":false},"author":8,"featured_media":0,"comment_status":"closed","ping_status":"closed","sticky":false,"template":"","format":"standard","meta":{"_acf_changed":false,"_yoast_wpseo_focuskw":"UBS Marketing-Initiative","_yoast_wpseo_metadesc":"UBS und Fraser of Switzerland starten eine emotionale Marketing-Initiative zur F\u00f6rderung von Talenten in f\u00fcnf Fokusfeldern.","articlekey":"","footnotes":""},"categories":[29],"tags":[4456,3197,4343,4457,2345],"class_list":["post-29541","post","type-post","status-publish","format-standard","hentry","category-marketing","tag-fraser-switzerland","tag-kampagnen","tag-markom","tag-shining","tag-ubs"],"acf":[],"yoast_head":"<!-- This site is optimized with the Yoast SEO plugin v27.5 - https:\/\/yoast.com\/product\/yoast-seo-wordpress\/ -->\n<title>Fraser inszeniert Talentf\u00f6rderung f\u00fcr UBS - Organisator<\/title>\n<meta name=\"description\" content=\"UBS und Fraser of Switzerland starten eine emotionale Marketing-Initiative zur F\u00f6rderung von Talenten in f\u00fcnf Fokusfeldern.\" \/>\n<meta name=\"robots\" content=\"index, follow, max-snippet:-1, max-image-preview:large, max-video-preview:-1\" \/>\n<link rel=\"canonical\" href=\"https:\/\/www.organisator.ch\/en\/marketing\/2024-09-04\/fraser-inszeniert-talentfoerderung-fuer-ubs\/\" \/>\n<meta property=\"og:locale\" content=\"en_US\" \/>\n<meta property=\"og:type\" content=\"article\" \/>\n<meta property=\"og:title\" content=\"Fraser inszeniert Talentf\u00f6rderung f\u00fcr UBS - Organisator\" \/>\n<meta property=\"og:description\" content=\"UBS und Fraser of Switzerland starten eine emotionale Marketing-Initiative zur F\u00f6rderung von Talenten in f\u00fcnf Fokusfeldern.\" \/>\n<meta property=\"og:url\" content=\"https:\/\/www.organisator.ch\/en\/marketing\/2024-09-04\/fraser-inszeniert-talentfoerderung-fuer-ubs\/\" \/>\n<meta property=\"og:site_name\" content=\"Organisator\" \/>\n<meta property=\"article:publisher\" content=\"https:\/\/www.facebook.com\/OrganisatorFachmagazin\" \/>\n<meta property=\"article:published_time\" content=\"2024-09-04T10:21:37+00:00\" \/>\n<meta property=\"article:modified_time\" content=\"2024-11-08T10:53:18+00:00\" \/>\n<meta property=\"og:image\" content=\"https:\/\/www.markt-kom.com\/wp-content\/uploads\/2024\/09\/Beitragsbild.jpg\" \/>\n<meta name=\"author\" content=\"galledia\" \/>\n<meta name=\"twitter:card\" content=\"summary_large_image\" \/>\n<meta name=\"twitter:creator\" content=\"@admin\" \/>\n<script type=\"application\/ld+json\" class=\"yoast-schema-graph\">{\"@context\":\"https:\\\/\\\/schema.org\",\"@graph\":[{\"@type\":\"Article\",\"@id\":\"https:\\\/\\\/www.organisator.ch\\\/marketing\\\/2024-09-04\\\/fraser-inszeniert-talentfoerderung-fuer-ubs\\\/#article\",\"isPartOf\":{\"@id\":\"https:\\\/\\\/www.organisator.ch\\\/marketing\\\/2024-09-04\\\/fraser-inszeniert-talentfoerderung-fuer-ubs\\\/\"},\"author\":{\"name\":\"galledia\",\"@id\":\"https:\\\/\\\/www.organisator.ch\\\/#\\\/schema\\\/person\\\/4e51799071cd2dd1232ac003643ef5f0\"},\"headline\":\"Fraser inszeniert Talentf\u00f6rderung f\u00fcr UBS\",\"datePublished\":\"2024-09-04T10:21:37+00:00\",\"dateModified\":\"2024-11-08T10:53:18+00:00\",\"mainEntityOfPage\":{\"@id\":\"https:\\\/\\\/www.organisator.ch\\\/marketing\\\/2024-09-04\\\/fraser-inszeniert-talentfoerderung-fuer-ubs\\\/\"},\"wordCount\":450,\"publisher\":{\"@id\":\"https:\\\/\\\/www.organisator.ch\\\/#organization\"},\"image\":{\"@id\":\"https:\\\/\\\/www.organisator.ch\\\/marketing\\\/2024-09-04\\\/fraser-inszeniert-talentfoerderung-fuer-ubs\\\/#primaryimage\"},\"thumbnailUrl\":\"https:\\\/\\\/www.markt-kom.com\\\/wp-content\\\/uploads\\\/2024\\\/09\\\/Beitragsbild.jpg\",\"keywords\":[\"Fraser Switzerland\",\"Kampagnen\",\"MarKom\",\"Shining\",\"UBS\"],\"articleSection\":[\"MARKETING\"],\"inLanguage\":\"en-US\"},{\"@type\":\"WebPage\",\"@id\":\"https:\\\/\\\/www.organisator.ch\\\/marketing\\\/2024-09-04\\\/fraser-inszeniert-talentfoerderung-fuer-ubs\\\/\",\"url\":\"https:\\\/\\\/www.organisator.ch\\\/marketing\\\/2024-09-04\\\/fraser-inszeniert-talentfoerderung-fuer-ubs\\\/\",\"name\":\"Fraser inszeniert Talentf\u00f6rderung f\u00fcr UBS - Organisator\",\"isPartOf\":{\"@id\":\"https:\\\/\\\/www.organisator.ch\\\/#website\"},\"primaryImageOfPage\":{\"@id\":\"https:\\\/\\\/www.organisator.ch\\\/marketing\\\/2024-09-04\\\/fraser-inszeniert-talentfoerderung-fuer-ubs\\\/#primaryimage\"},\"image\":{\"@id\":\"https:\\\/\\\/www.organisator.ch\\\/marketing\\\/2024-09-04\\\/fraser-inszeniert-talentfoerderung-fuer-ubs\\\/#primaryimage\"},\"thumbnailUrl\":\"https:\\\/\\\/www.markt-kom.com\\\/wp-content\\\/uploads\\\/2024\\\/09\\\/Beitragsbild.jpg\",\"datePublished\":\"2024-09-04T10:21:37+00:00\",\"dateModified\":\"2024-11-08T10:53:18+00:00\",\"description\":\"UBS und Fraser of Switzerland starten eine emotionale Marketing-Initiative zur F\u00f6rderung von Talenten in f\u00fcnf Fokusfeldern.\",\"breadcrumb\":{\"@id\":\"https:\\\/\\\/www.organisator.ch\\\/marketing\\\/2024-09-04\\\/fraser-inszeniert-talentfoerderung-fuer-ubs\\\/#breadcrumb\"},\"inLanguage\":\"en-US\",\"potentialAction\":[{\"@type\":\"ReadAction\",\"target\":[\"https:\\\/\\\/www.organisator.ch\\\/marketing\\\/2024-09-04\\\/fraser-inszeniert-talentfoerderung-fuer-ubs\\\/\"]}]},{\"@type\":\"ImageObject\",\"inLanguage\":\"en-US\",\"@id\":\"https:\\\/\\\/www.organisator.ch\\\/marketing\\\/2024-09-04\\\/fraser-inszeniert-talentfoerderung-fuer-ubs\\\/#primaryimage\",\"url\":\"https:\\\/\\\/www.markt-kom.com\\\/wp-content\\\/uploads\\\/2024\\\/09\\\/Beitragsbild.jpg\",\"contentUrl\":\"https:\\\/\\\/www.markt-kom.com\\\/wp-content\\\/uploads\\\/2024\\\/09\\\/Beitragsbild.jpg\"},{\"@type\":\"BreadcrumbList\",\"@id\":\"https:\\\/\\\/www.organisator.ch\\\/marketing\\\/2024-09-04\\\/fraser-inszeniert-talentfoerderung-fuer-ubs\\\/#breadcrumb\",\"itemListElement\":[{\"@type\":\"ListItem\",\"position\":1,\"name\":\"Home\",\"item\":\"https:\\\/\\\/www.organisator.ch\\\/\"},{\"@type\":\"ListItem\",\"position\":2,\"name\":\"Fraser inszeniert Talentf\u00f6rderung f\u00fcr UBS\"}]},{\"@type\":\"WebSite\",\"@id\":\"https:\\\/\\\/www.organisator.ch\\\/#website\",\"url\":\"https:\\\/\\\/www.organisator.ch\\\/\",\"name\":\"Organisator\",\"description\":\"Kompetent. Praxisnah. Der ORGANISATOR bereitet in 10 Ausgaben pro Jahr die wesentlichen Themen f\u00fcr F\u00fchrungskr\u00e4fte von KMU auf.\",\"publisher\":{\"@id\":\"https:\\\/\\\/www.organisator.ch\\\/#organization\"},\"potentialAction\":[{\"@type\":\"SearchAction\",\"target\":{\"@type\":\"EntryPoint\",\"urlTemplate\":\"https:\\\/\\\/www.organisator.ch\\\/?s={search_term_string}\"},\"query-input\":{\"@type\":\"PropertyValueSpecification\",\"valueRequired\":true,\"valueName\":\"search_term_string\"}}],\"inLanguage\":\"en-US\"},{\"@type\":\"Organization\",\"@id\":\"https:\\\/\\\/www.organisator.ch\\\/#organization\",\"name\":\"Organisator\",\"url\":\"https:\\\/\\\/www.organisator.ch\\\/\",\"logo\":{\"@type\":\"ImageObject\",\"inLanguage\":\"en-US\",\"@id\":\"https:\\\/\\\/www.organisator.ch\\\/#\\\/schema\\\/logo\\\/image\\\/\",\"url\":\"https:\\\/\\\/www.organisator.ch\\\/wp-content\\\/uploads\\\/2022\\\/01\\\/Logo_Organisator_Website.png\",\"contentUrl\":\"https:\\\/\\\/www.organisator.ch\\\/wp-content\\\/uploads\\\/2022\\\/01\\\/Logo_Organisator_Website.png\",\"width\":800,\"height\":77,\"caption\":\"Organisator\"},\"image\":{\"@id\":\"https:\\\/\\\/www.organisator.ch\\\/#\\\/schema\\\/logo\\\/image\\\/\"},\"sameAs\":[\"https:\\\/\\\/www.facebook.com\\\/OrganisatorFachmagazin\",\"https:\\\/\\\/www.linkedin.com\\\/showcase\\\/organisator-das-magazin-fr-kmu\",\"https:\\\/\\\/www.xing.com\\\/news\\\/pages\\\/organisator-ch-695\",\"https:\\\/\\\/www.youtube.com\\\/channel\\\/UCGP2Sq0iWaZwT3BdIAQFYpw\"]},{\"@type\":\"Person\",\"@id\":\"https:\\\/\\\/www.organisator.ch\\\/#\\\/schema\\\/person\\\/4e51799071cd2dd1232ac003643ef5f0\",\"name\":\"galledia\",\"image\":{\"@type\":\"ImageObject\",\"inLanguage\":\"en-US\",\"@id\":\"https:\\\/\\\/secure.gravatar.com\\\/avatar\\\/78a7f90c01fc2bfc875782a0d4922b37cde2cf184ce347b91316d23cd7f69a36?s=96&d=mm&r=g\",\"url\":\"https:\\\/\\\/secure.gravatar.com\\\/avatar\\\/78a7f90c01fc2bfc875782a0d4922b37cde2cf184ce347b91316d23cd7f69a36?s=96&d=mm&r=g\",\"contentUrl\":\"https:\\\/\\\/secure.gravatar.com\\\/avatar\\\/78a7f90c01fc2bfc875782a0d4922b37cde2cf184ce347b91316d23cd7f69a36?s=96&d=mm&r=g\",\"caption\":\"galledia\"},\"sameAs\":[\"https:\\\/\\\/x.com\\\/admin\"],\"url\":\"https:\\\/\\\/www.organisator.ch\\\/en\\\/author\\\/galledia\\\/\"}]}<\/script>\n<!-- \/ Yoast SEO plugin. -->","yoast_head_json":{"title":"Fraser stages talent promotion for UBS - organizer","description":"UBS and Fraser of Switzerland are launching an emotional marketing initiative to promote talent in five focus areas.","robots":{"index":"index","follow":"follow","max-snippet":"max-snippet:-1","max-image-preview":"max-image-preview:large","max-video-preview":"max-video-preview:-1"},"canonical":"https:\/\/www.organisator.ch\/en\/marketing\/2024-09-04\/fraser-inszeniert-talentfoerderung-fuer-ubs\/","og_locale":"en_US","og_type":"article","og_title":"Fraser inszeniert Talentf\u00f6rderung f\u00fcr UBS - Organisator","og_description":"UBS und Fraser of Switzerland starten eine emotionale Marketing-Initiative zur F\u00f6rderung von Talenten in f\u00fcnf Fokusfeldern.","og_url":"https:\/\/www.organisator.ch\/en\/marketing\/2024-09-04\/fraser-inszeniert-talentfoerderung-fuer-ubs\/","og_site_name":"Organisator","article_publisher":"https:\/\/www.facebook.com\/OrganisatorFachmagazin","article_published_time":"2024-09-04T10:21:37+00:00","article_modified_time":"2024-11-08T10:53:18+00:00","og_image":[{"url":"https:\/\/www.markt-kom.com\/wp-content\/uploads\/2024\/09\/Beitragsbild.jpg","type":"","width":"","height":""}],"author":"galledia","twitter_card":"summary_large_image","twitter_creator":"@admin","schema":{"@context":"https:\/\/schema.org","@graph":[{"@type":"Article","@id":"https:\/\/www.organisator.ch\/marketing\/2024-09-04\/fraser-inszeniert-talentfoerderung-fuer-ubs\/#article","isPartOf":{"@id":"https:\/\/www.organisator.ch\/marketing\/2024-09-04\/fraser-inszeniert-talentfoerderung-fuer-ubs\/"},"author":{"name":"galledia","@id":"https:\/\/www.organisator.ch\/#\/schema\/person\/4e51799071cd2dd1232ac003643ef5f0"},"headline":"Fraser inszeniert Talentf\u00f6rderung f\u00fcr UBS","datePublished":"2024-09-04T10:21:37+00:00","dateModified":"2024-11-08T10:53:18+00:00","mainEntityOfPage":{"@id":"https:\/\/www.organisator.ch\/marketing\/2024-09-04\/fraser-inszeniert-talentfoerderung-fuer-ubs\/"},"wordCount":450,"publisher":{"@id":"https:\/\/www.organisator.ch\/#organization"},"image":{"@id":"https:\/\/www.organisator.ch\/marketing\/2024-09-04\/fraser-inszeniert-talentfoerderung-fuer-ubs\/#primaryimage"},"thumbnailUrl":"https:\/\/www.markt-kom.com\/wp-content\/uploads\/2024\/09\/Beitragsbild.jpg","keywords":["Fraser Switzerland","Kampagnen","MarKom","Shining","UBS"],"articleSection":["MARKETING"],"inLanguage":"en-US"},{"@type":"WebPage","@id":"https:\/\/www.organisator.ch\/marketing\/2024-09-04\/fraser-inszeniert-talentfoerderung-fuer-ubs\/","url":"https:\/\/www.organisator.ch\/marketing\/2024-09-04\/fraser-inszeniert-talentfoerderung-fuer-ubs\/","name":"Fraser stages talent promotion for UBS - organizer","isPartOf":{"@id":"https:\/\/www.organisator.ch\/#website"},"primaryImageOfPage":{"@id":"https:\/\/www.organisator.ch\/marketing\/2024-09-04\/fraser-inszeniert-talentfoerderung-fuer-ubs\/#primaryimage"},"image":{"@id":"https:\/\/www.organisator.ch\/marketing\/2024-09-04\/fraser-inszeniert-talentfoerderung-fuer-ubs\/#primaryimage"},"thumbnailUrl":"https:\/\/www.markt-kom.com\/wp-content\/uploads\/2024\/09\/Beitragsbild.jpg","datePublished":"2024-09-04T10:21:37+00:00","dateModified":"2024-11-08T10:53:18+00:00","description":"UBS and Fraser of Switzerland are launching an emotional marketing initiative to promote talent in five focus areas.","breadcrumb":{"@id":"https:\/\/www.organisator.ch\/marketing\/2024-09-04\/fraser-inszeniert-talentfoerderung-fuer-ubs\/#breadcrumb"},"inLanguage":"en-US","potentialAction":[{"@type":"ReadAction","target":["https:\/\/www.organisator.ch\/marketing\/2024-09-04\/fraser-inszeniert-talentfoerderung-fuer-ubs\/"]}]},{"@type":"ImageObject","inLanguage":"en-US","@id":"https:\/\/www.organisator.ch\/marketing\/2024-09-04\/fraser-inszeniert-talentfoerderung-fuer-ubs\/#primaryimage","url":"https:\/\/www.markt-kom.com\/wp-content\/uploads\/2024\/09\/Beitragsbild.jpg","contentUrl":"https:\/\/www.markt-kom.com\/wp-content\/uploads\/2024\/09\/Beitragsbild.jpg"},{"@type":"BreadcrumbList","@id":"https:\/\/www.organisator.ch\/marketing\/2024-09-04\/fraser-inszeniert-talentfoerderung-fuer-ubs\/#breadcrumb","itemListElement":[{"@type":"ListItem","position":1,"name":"Home","item":"https:\/\/www.organisator.ch\/"},{"@type":"ListItem","position":2,"name":"Fraser inszeniert Talentf\u00f6rderung f\u00fcr UBS"}]},{"@type":"WebSite","@id":"https:\/\/www.organisator.ch\/#website","url":"https:\/\/www.organisator.ch\/","name":"Organizer","description":"Competent. Practical. In 10 issues per year, ORGANISATOR presents the essential topics for managers of SMEs.","publisher":{"@id":"https:\/\/www.organisator.ch\/#organization"},"potentialAction":[{"@type":"SearchAction","target":{"@type":"EntryPoint","urlTemplate":"https:\/\/www.organisator.ch\/?s={search_term_string}"},"query-input":{"@type":"PropertyValueSpecification","valueRequired":true,"valueName":"search_term_string"}}],"inLanguage":"en-US"},{"@type":"Organization","@id":"https:\/\/www.organisator.ch\/#organization","name":"Organizer","url":"https:\/\/www.organisator.ch\/","logo":{"@type":"ImageObject","inLanguage":"en-US","@id":"https:\/\/www.organisator.ch\/#\/schema\/logo\/image\/","url":"https:\/\/www.organisator.ch\/wp-content\/uploads\/2022\/01\/Logo_Organisator_Website.png","contentUrl":"https:\/\/www.organisator.ch\/wp-content\/uploads\/2022\/01\/Logo_Organisator_Website.png","width":800,"height":77,"caption":"Organisator"},"image":{"@id":"https:\/\/www.organisator.ch\/#\/schema\/logo\/image\/"},"sameAs":["https:\/\/www.facebook.com\/OrganisatorFachmagazin","https:\/\/www.linkedin.com\/showcase\/organisator-das-magazin-fr-kmu","https:\/\/www.xing.com\/news\/pages\/organisator-ch-695","https:\/\/www.youtube.com\/channel\/UCGP2Sq0iWaZwT3BdIAQFYpw"]},{"@type":"Person","@id":"https:\/\/www.organisator.ch\/#\/schema\/person\/4e51799071cd2dd1232ac003643ef5f0","name":"galledia","image":{"@type":"ImageObject","inLanguage":"en-US","@id":"https:\/\/secure.gravatar.com\/avatar\/78a7f90c01fc2bfc875782a0d4922b37cde2cf184ce347b91316d23cd7f69a36?s=96&d=mm&r=g","url":"https:\/\/secure.gravatar.com\/avatar\/78a7f90c01fc2bfc875782a0d4922b37cde2cf184ce347b91316d23cd7f69a36?s=96&d=mm&r=g","contentUrl":"https:\/\/secure.gravatar.com\/avatar\/78a7f90c01fc2bfc875782a0d4922b37cde2cf184ce347b91316d23cd7f69a36?s=96&d=mm&r=g","caption":"galledia"},"sameAs":["https:\/\/x.com\/admin"],"url":"https:\/\/www.organisator.ch\/en\/author\/galledia\/"}]}},"_links":{"self":[{"href":"https:\/\/www.organisator.ch\/en\/wp-json\/wp\/v2\/posts\/29541","targetHints":{"allow":["GET"]}}],"collection":[{"href":"https:\/\/www.organisator.ch\/en\/wp-json\/wp\/v2\/posts"}],"about":[{"href":"https:\/\/www.organisator.ch\/en\/wp-json\/wp\/v2\/types\/post"}],"author":[{"embeddable":true,"href":"https:\/\/www.organisator.ch\/en\/wp-json\/wp\/v2\/users\/8"}],"replies":[{"embeddable":true,"href":"https:\/\/www.organisator.ch\/en\/wp-json\/wp\/v2\/comments?post=29541"}],"version-history":[{"count":4,"href":"https:\/\/www.organisator.ch\/en\/wp-json\/wp\/v2\/posts\/29541\/revisions"}],"predecessor-version":[{"id":31979,"href":"https:\/\/www.organisator.ch\/en\/wp-json\/wp\/v2\/posts\/29541\/revisions\/31979"}],"wp:attachment":[{"href":"https:\/\/www.organisator.ch\/en\/wp-json\/wp\/v2\/media?parent=29541"}],"wp:term":[{"taxonomy":"category","embeddable":true,"href":"https:\/\/www.organisator.ch\/en\/wp-json\/wp\/v2\/categories?post=29541"},{"taxonomy":"post_tag","embeddable":true,"href":"https:\/\/www.organisator.ch\/en\/wp-json\/wp\/v2\/tags?post=29541"}],"curies":[{"name":"wp","href":"https:\/\/api.w.org\/{rel}","templated":true}]}}