{"id":29562,"date":"2024-09-05T09:00:24","date_gmt":"2024-09-05T07:00:24","guid":{"rendered":"https:\/\/www.organisator.ch\/?p=29562"},"modified":"2024-09-05T08:27:37","modified_gmt":"2024-09-05T06:27:37","slug":"wechsel-in-der-leitung-von-cablex","status":"publish","type":"post","link":"https:\/\/www.organisator.ch\/en\/management\/2024-09-05\/wechsel-in-der-leitung-von-cablex\/","title":{"rendered":"Change in the management of Cablex"},"content":{"rendered":"<figure id=\"attachment_29564\" aria-describedby=\"caption-attachment-29564\" style=\"width: 680px\" class=\"wp-caption alignnone\"><img loading=\"lazy\" decoding=\"async\" class=\"size-full wp-image-29564\" src=\"https:\/\/www.organisator.ch\/wp-content\/uploads\/2024\/09\/Cablex_Bild1_ps.jpg\" alt=\"\" width=\"680\" height=\"287\" srcset=\"https:\/\/www.organisator.ch\/wp-content\/uploads\/2024\/09\/Cablex_Bild1_ps.jpg 680w, https:\/\/www.organisator.ch\/wp-content\/uploads\/2024\/09\/Cablex_Bild1_ps-18x8.jpg 18w, https:\/\/www.organisator.ch\/wp-content\/uploads\/2024\/09\/Cablex_Bild1_ps-375x158.jpg 375w\" sizes=\"auto, (max-width: 680px) 100vw, 680px\" \/><figcaption id=\"caption-attachment-29564\" class=\"wp-caption-text\">From left to right: Roger Keller, Ulrich Sch\u00e4dler and Thomas von Arx. (Image: www.cablex.ch)<\/figcaption><\/figure>\n<p>With Roger Keller, cablex has a new CEO and a new face on the management board. Roger Keller has many years of experience in sales and in the management of business units. Most recently, he was head of business for small and medium-sized enterprises (SMEs) at Swisscom Business Customers, where he and his team developed and successfully implemented the growth strategy for the information and communication technologies market.<\/p>\n<p>Roger Keller has diversified management experience in various technology industries, including at Technicolor and Reichle &amp; De-Massari. He is familiar with the project, service and distribution business with national and international customers and has many years of experience in managing business areas in the systems, software and services sectors, both in the SME and key account business. Originally from Aargau, Roger lived abroad for several years and now lives with his family in the Zurich region. He is an electrical engineer with a degree from ETH and an Executive MBA HSG and speaks fluent English and French.<\/p>\n<p>Roger Keller on the new challenge: \"Together we are laying the foundations for the infrastructure of tomorrow. I'm looking forward to continuing the already successful work together with my colleagues at cablex and further consolidating cablex's position as a leading company in the industry.\"<\/p>\n<p>Urs Lehner, Head of Swisscom Business Customers, adds: \"I would like to take this opportunity to thank Roger for his successful work in the SME business at Swisscom and wish him all the best for the future.\"<\/p>\n<p>Michael Treunter will succeed Roger Keller as Head of SME ad interim as of October 1, 2024. The current CEO ad interim, Francesco Castelletti, will support Roger Keller during a transition phase and will then be available in an advisory capacity until the end of 2024 before retiring. The Chairman of the Board of Directors, Stefan N\u00fcnlist, thanked Francesco Castelletti for his outstanding work during his more than 40 years with the Swisscom Group.<\/p>\n<p>In addition, Ulrich Sch\u00e4dler will join cablex as the new Chief Financial Officer (CFO). Ulrich Sch\u00e4dler brings many years of experience from the ranks of Swisscom and will take over the finance department of cablex from January 1, 2025.<\/p>\n<p>Furthermore, Thomas von Arx, who has been managing the Field Services organizational unit at cablex on an interim basis, will take over this unit permanently from 1 October 2024 and thus become a member of the Executive Board.<\/p>\n<p>With these changes, cablex is ready to successfully implement the company's strategy and continue to hold the leading position in Switzerland for network infrastructure, services, smart energy and wireless networking.<\/p>\n<p>The Board of Directors would like to thank Francesco Castelletti and Urs Ringgenberg for their outstanding work and wishes Roger Keller, Ulrich Sch\u00e4dler and Thomas von Arx every success in their new roles.<\/p>\n<p><em>Source: <a href=\"http:\/\/www.cablex.ch\">www.cablex.ch<\/a><\/em><\/p>","protected":false},"excerpt":{"rendered":"<p>The Board of Directors of cablex AG is pleased to announce that Roger Keller will take over the management of the company as Chief Executive Officer (CEO) as of January 1, 2025. <\/p>","protected":false},"author":58,"featured_media":29564,"comment_status":"closed","ping_status":"closed","sticky":false,"template":"","format":"standard","meta":{"_acf_changed":false,"_yoast_wpseo_focuskw":"Cablex","_yoast_wpseo_metadesc":"Der Verwaltungsrat der cablex AG freut sich, bekanntzugeben, dass Roger Keller ab dem 1. Januar 2025 die Leitung des Unternehmens als CEO \u00fcbernehmen wird.","articlekey":"","footnotes":""},"categories":[28],"tags":[904,335,492],"class_list":["post-29562","post","type-post","status-publish","format-standard","has-post-thumbnail","hentry","category-management","tag-ceo","tag-management-und-unternehmensfuehrung","tag-unternehmen"],"acf":[],"yoast_head":"<!-- This site is optimized with the Yoast SEO plugin v27.5 - https:\/\/yoast.com\/product\/yoast-seo-wordpress\/ -->\n<title>Wechsel in der Leitung von Cablex - Organisator<\/title>\n<meta name=\"description\" content=\"Der Verwaltungsrat der cablex AG freut sich, bekanntzugeben, dass Roger Keller ab dem 1. Januar 2025 die Leitung des Unternehmens als CEO \u00fcbernehmen wird.\" \/>\n<meta name=\"robots\" content=\"index, follow, max-snippet:-1, max-image-preview:large, max-video-preview:-1\" \/>\n<link rel=\"canonical\" href=\"https:\/\/www.organisator.ch\/en\/management\/2024-09-05\/wechsel-in-der-leitung-von-cablex\/\" \/>\n<meta property=\"og:locale\" content=\"en_US\" \/>\n<meta property=\"og:type\" content=\"article\" \/>\n<meta property=\"og:title\" content=\"Wechsel in der Leitung von Cablex\" \/>\n<meta property=\"og:description\" content=\"Der Verwaltungsrat der cablex AG freut sich, bekanntzugeben, dass Roger Keller ab dem 1. Januar 2025 die Leitung des Unternehmens als CEO \u00fcbernehmen wird.\" \/>\n<meta property=\"og:url\" content=\"https:\/\/www.organisator.ch\/en\/management\/2024-09-05\/wechsel-in-der-leitung-von-cablex\/\" \/>\n<meta property=\"og:site_name\" content=\"Organisator\" \/>\n<meta property=\"article:publisher\" content=\"https:\/\/www.facebook.com\/OrganisatorFachmagazin\" \/>\n<meta property=\"article:published_time\" content=\"2024-09-05T07:00:24+00:00\" \/>\n<meta property=\"og:image\" content=\"https:\/\/www.organisator.ch\/wp-content\/uploads\/2024\/09\/Cablex_Bild1_ps.jpg\" \/>\n\t<meta property=\"og:image:width\" content=\"680\" \/>\n\t<meta property=\"og:image:height\" content=\"287\" \/>\n\t<meta property=\"og:image:type\" content=\"image\/jpeg\" \/>\n<meta name=\"author\" content=\"Adelisa Kalajdzini\" \/>\n<meta name=\"twitter:card\" content=\"summary_large_image\" \/>\n<meta name=\"twitter:title\" content=\"Wechsel in der Leitung von Cablex\" \/>\n<meta name=\"twitter:description\" content=\"Der #Verwaltungsrat der #cablex AG freut sich, bekanntzugeben, dass #Roger #Keller ab dem 1. Januar 2025 die Leitung des Unternehmens als #CEO \u00fcbernehmen wird.\" \/>\n<meta name=\"twitter:image\" content=\"https:\/\/www.organisator.ch\/wp-content\/uploads\/2024\/09\/Cablex_Bild1_ps.jpg\" \/>\n<script type=\"application\/ld+json\" class=\"yoast-schema-graph\">{\"@context\":\"https:\\\/\\\/schema.org\",\"@graph\":[{\"@type\":\"Article\",\"@id\":\"https:\\\/\\\/www.organisator.ch\\\/management\\\/2024-09-05\\\/wechsel-in-der-leitung-von-cablex\\\/#article\",\"isPartOf\":{\"@id\":\"https:\\\/\\\/www.organisator.ch\\\/management\\\/2024-09-05\\\/wechsel-in-der-leitung-von-cablex\\\/\"},\"author\":{\"name\":\"Adelisa Kalajdzini\",\"@id\":\"https:\\\/\\\/www.organisator.ch\\\/#\\\/schema\\\/person\\\/2e1314a2172123f874db408d8911d3f3\"},\"headline\":\"Wechsel in der Leitung von Cablex\",\"datePublished\":\"2024-09-05T07:00:24+00:00\",\"mainEntityOfPage\":{\"@id\":\"https:\\\/\\\/www.organisator.ch\\\/management\\\/2024-09-05\\\/wechsel-in-der-leitung-von-cablex\\\/\"},\"wordCount\":500,\"publisher\":{\"@id\":\"https:\\\/\\\/www.organisator.ch\\\/#organization\"},\"image\":{\"@id\":\"https:\\\/\\\/www.organisator.ch\\\/management\\\/2024-09-05\\\/wechsel-in-der-leitung-von-cablex\\\/#primaryimage\"},\"thumbnailUrl\":\"https:\\\/\\\/www.organisator.ch\\\/wp-content\\\/uploads\\\/2024\\\/09\\\/Cablex_Bild1_ps.jpg\",\"keywords\":[\"CEO\",\"Management und Unternehmensf\u00fchrung\",\"Unternehmen\"],\"articleSection\":[\"MANAGEMENT\"],\"inLanguage\":\"en-US\"},{\"@type\":\"WebPage\",\"@id\":\"https:\\\/\\\/www.organisator.ch\\\/management\\\/2024-09-05\\\/wechsel-in-der-leitung-von-cablex\\\/\",\"url\":\"https:\\\/\\\/www.organisator.ch\\\/management\\\/2024-09-05\\\/wechsel-in-der-leitung-von-cablex\\\/\",\"name\":\"Wechsel in der Leitung von Cablex - Organisator\",\"isPartOf\":{\"@id\":\"https:\\\/\\\/www.organisator.ch\\\/#website\"},\"primaryImageOfPage\":{\"@id\":\"https:\\\/\\\/www.organisator.ch\\\/management\\\/2024-09-05\\\/wechsel-in-der-leitung-von-cablex\\\/#primaryimage\"},\"image\":{\"@id\":\"https:\\\/\\\/www.organisator.ch\\\/management\\\/2024-09-05\\\/wechsel-in-der-leitung-von-cablex\\\/#primaryimage\"},\"thumbnailUrl\":\"https:\\\/\\\/www.organisator.ch\\\/wp-content\\\/uploads\\\/2024\\\/09\\\/Cablex_Bild1_ps.jpg\",\"datePublished\":\"2024-09-05T07:00:24+00:00\",\"description\":\"Der Verwaltungsrat der cablex AG freut sich, bekanntzugeben, dass Roger Keller ab dem 1. Januar 2025 die Leitung des Unternehmens als CEO \u00fcbernehmen wird.\",\"breadcrumb\":{\"@id\":\"https:\\\/\\\/www.organisator.ch\\\/management\\\/2024-09-05\\\/wechsel-in-der-leitung-von-cablex\\\/#breadcrumb\"},\"inLanguage\":\"en-US\",\"potentialAction\":[{\"@type\":\"ReadAction\",\"target\":[\"https:\\\/\\\/www.organisator.ch\\\/management\\\/2024-09-05\\\/wechsel-in-der-leitung-von-cablex\\\/\"]}]},{\"@type\":\"ImageObject\",\"inLanguage\":\"en-US\",\"@id\":\"https:\\\/\\\/www.organisator.ch\\\/management\\\/2024-09-05\\\/wechsel-in-der-leitung-von-cablex\\\/#primaryimage\",\"url\":\"https:\\\/\\\/www.organisator.ch\\\/wp-content\\\/uploads\\\/2024\\\/09\\\/Cablex_Bild1_ps.jpg\",\"contentUrl\":\"https:\\\/\\\/www.organisator.ch\\\/wp-content\\\/uploads\\\/2024\\\/09\\\/Cablex_Bild1_ps.jpg\",\"width\":680,\"height\":287,\"caption\":\"Vlnr. Roger Keller, Ulrich Sch\u00e4dler und Thomas von Arx. (Bild: www.cablex.ch)\"},{\"@type\":\"BreadcrumbList\",\"@id\":\"https:\\\/\\\/www.organisator.ch\\\/management\\\/2024-09-05\\\/wechsel-in-der-leitung-von-cablex\\\/#breadcrumb\",\"itemListElement\":[{\"@type\":\"ListItem\",\"position\":1,\"name\":\"Home\",\"item\":\"https:\\\/\\\/www.organisator.ch\\\/\"},{\"@type\":\"ListItem\",\"position\":2,\"name\":\"Wechsel in der Leitung von Cablex\"}]},{\"@type\":\"WebSite\",\"@id\":\"https:\\\/\\\/www.organisator.ch\\\/#website\",\"url\":\"https:\\\/\\\/www.organisator.ch\\\/\",\"name\":\"Organisator\",\"description\":\"Kompetent. Praxisnah. Der ORGANISATOR bereitet in 10 Ausgaben pro Jahr die wesentlichen Themen f\u00fcr F\u00fchrungskr\u00e4fte von KMU auf.\",\"publisher\":{\"@id\":\"https:\\\/\\\/www.organisator.ch\\\/#organization\"},\"potentialAction\":[{\"@type\":\"SearchAction\",\"target\":{\"@type\":\"EntryPoint\",\"urlTemplate\":\"https:\\\/\\\/www.organisator.ch\\\/?s={search_term_string}\"},\"query-input\":{\"@type\":\"PropertyValueSpecification\",\"valueRequired\":true,\"valueName\":\"search_term_string\"}}],\"inLanguage\":\"en-US\"},{\"@type\":\"Organization\",\"@id\":\"https:\\\/\\\/www.organisator.ch\\\/#organization\",\"name\":\"Organisator\",\"url\":\"https:\\\/\\\/www.organisator.ch\\\/\",\"logo\":{\"@type\":\"ImageObject\",\"inLanguage\":\"en-US\",\"@id\":\"https:\\\/\\\/www.organisator.ch\\\/#\\\/schema\\\/logo\\\/image\\\/\",\"url\":\"https:\\\/\\\/www.organisator.ch\\\/wp-content\\\/uploads\\\/2022\\\/01\\\/Logo_Organisator_Website.png\",\"contentUrl\":\"https:\\\/\\\/www.organisator.ch\\\/wp-content\\\/uploads\\\/2022\\\/01\\\/Logo_Organisator_Website.png\",\"width\":800,\"height\":77,\"caption\":\"Organisator\"},\"image\":{\"@id\":\"https:\\\/\\\/www.organisator.ch\\\/#\\\/schema\\\/logo\\\/image\\\/\"},\"sameAs\":[\"https:\\\/\\\/www.facebook.com\\\/OrganisatorFachmagazin\",\"https:\\\/\\\/www.linkedin.com\\\/showcase\\\/organisator-das-magazin-fr-kmu\",\"https:\\\/\\\/www.xing.com\\\/news\\\/pages\\\/organisator-ch-695\",\"https:\\\/\\\/www.youtube.com\\\/channel\\\/UCGP2Sq0iWaZwT3BdIAQFYpw\"]},{\"@type\":\"Person\",\"@id\":\"https:\\\/\\\/www.organisator.ch\\\/#\\\/schema\\\/person\\\/2e1314a2172123f874db408d8911d3f3\",\"name\":\"Adelisa Kalajdzini\",\"image\":{\"@type\":\"ImageObject\",\"inLanguage\":\"en-US\",\"@id\":\"https:\\\/\\\/secure.gravatar.com\\\/avatar\\\/09a397c22ac58cad6f160ee8306348599df9df58a8ede73696226897b9fa4b24?s=96&d=mm&r=g\",\"url\":\"https:\\\/\\\/secure.gravatar.com\\\/avatar\\\/09a397c22ac58cad6f160ee8306348599df9df58a8ede73696226897b9fa4b24?s=96&d=mm&r=g\",\"contentUrl\":\"https:\\\/\\\/secure.gravatar.com\\\/avatar\\\/09a397c22ac58cad6f160ee8306348599df9df58a8ede73696226897b9fa4b24?s=96&d=mm&r=g\",\"caption\":\"Adelisa Kalajdzini\"},\"url\":\"https:\\\/\\\/www.organisator.ch\\\/en\\\/author\\\/adelisa-kalajdzini\\\/\"}]}<\/script>\n<!-- \/ Yoast SEO plugin. -->","yoast_head_json":{"title":"Change in the management of Cablex - Organizer","description":"The Board of Directors of cablex AG is pleased to announce that Roger Keller will take over the management of the company as CEO as of January 1, 2025.","robots":{"index":"index","follow":"follow","max-snippet":"max-snippet:-1","max-image-preview":"max-image-preview:large","max-video-preview":"max-video-preview:-1"},"canonical":"https:\/\/www.organisator.ch\/en\/management\/2024-09-05\/wechsel-in-der-leitung-von-cablex\/","og_locale":"en_US","og_type":"article","og_title":"Wechsel in der Leitung von Cablex","og_description":"Der Verwaltungsrat der cablex AG freut sich, bekanntzugeben, dass Roger Keller ab dem 1. Januar 2025 die Leitung des Unternehmens als CEO \u00fcbernehmen wird.","og_url":"https:\/\/www.organisator.ch\/en\/management\/2024-09-05\/wechsel-in-der-leitung-von-cablex\/","og_site_name":"Organisator","article_publisher":"https:\/\/www.facebook.com\/OrganisatorFachmagazin","article_published_time":"2024-09-05T07:00:24+00:00","og_image":[{"width":680,"height":287,"url":"https:\/\/www.organisator.ch\/wp-content\/uploads\/2024\/09\/Cablex_Bild1_ps.jpg","type":"image\/jpeg"}],"author":"Adelisa Kalajdzini","twitter_card":"summary_large_image","twitter_title":"Wechsel in der Leitung von Cablex","twitter_description":"Der #Verwaltungsrat der #cablex AG freut sich, bekanntzugeben, dass #Roger #Keller ab dem 1. Januar 2025 die Leitung des Unternehmens als #CEO \u00fcbernehmen wird.","twitter_image":"https:\/\/www.organisator.ch\/wp-content\/uploads\/2024\/09\/Cablex_Bild1_ps.jpg","schema":{"@context":"https:\/\/schema.org","@graph":[{"@type":"Article","@id":"https:\/\/www.organisator.ch\/management\/2024-09-05\/wechsel-in-der-leitung-von-cablex\/#article","isPartOf":{"@id":"https:\/\/www.organisator.ch\/management\/2024-09-05\/wechsel-in-der-leitung-von-cablex\/"},"author":{"name":"Adelisa Kalajdzini","@id":"https:\/\/www.organisator.ch\/#\/schema\/person\/2e1314a2172123f874db408d8911d3f3"},"headline":"Wechsel in der Leitung von Cablex","datePublished":"2024-09-05T07:00:24+00:00","mainEntityOfPage":{"@id":"https:\/\/www.organisator.ch\/management\/2024-09-05\/wechsel-in-der-leitung-von-cablex\/"},"wordCount":500,"publisher":{"@id":"https:\/\/www.organisator.ch\/#organization"},"image":{"@id":"https:\/\/www.organisator.ch\/management\/2024-09-05\/wechsel-in-der-leitung-von-cablex\/#primaryimage"},"thumbnailUrl":"https:\/\/www.organisator.ch\/wp-content\/uploads\/2024\/09\/Cablex_Bild1_ps.jpg","keywords":["CEO","Management und Unternehmensf\u00fchrung","Unternehmen"],"articleSection":["MANAGEMENT"],"inLanguage":"en-US"},{"@type":"WebPage","@id":"https:\/\/www.organisator.ch\/management\/2024-09-05\/wechsel-in-der-leitung-von-cablex\/","url":"https:\/\/www.organisator.ch\/management\/2024-09-05\/wechsel-in-der-leitung-von-cablex\/","name":"Change in the management of Cablex - Organizer","isPartOf":{"@id":"https:\/\/www.organisator.ch\/#website"},"primaryImageOfPage":{"@id":"https:\/\/www.organisator.ch\/management\/2024-09-05\/wechsel-in-der-leitung-von-cablex\/#primaryimage"},"image":{"@id":"https:\/\/www.organisator.ch\/management\/2024-09-05\/wechsel-in-der-leitung-von-cablex\/#primaryimage"},"thumbnailUrl":"https:\/\/www.organisator.ch\/wp-content\/uploads\/2024\/09\/Cablex_Bild1_ps.jpg","datePublished":"2024-09-05T07:00:24+00:00","description":"The Board of Directors of cablex AG is pleased to announce that Roger Keller will take over the management of the company as CEO as of January 1, 2025.","breadcrumb":{"@id":"https:\/\/www.organisator.ch\/management\/2024-09-05\/wechsel-in-der-leitung-von-cablex\/#breadcrumb"},"inLanguage":"en-US","potentialAction":[{"@type":"ReadAction","target":["https:\/\/www.organisator.ch\/management\/2024-09-05\/wechsel-in-der-leitung-von-cablex\/"]}]},{"@type":"ImageObject","inLanguage":"en-US","@id":"https:\/\/www.organisator.ch\/management\/2024-09-05\/wechsel-in-der-leitung-von-cablex\/#primaryimage","url":"https:\/\/www.organisator.ch\/wp-content\/uploads\/2024\/09\/Cablex_Bild1_ps.jpg","contentUrl":"https:\/\/www.organisator.ch\/wp-content\/uploads\/2024\/09\/Cablex_Bild1_ps.jpg","width":680,"height":287,"caption":"Vlnr. Roger Keller, Ulrich Sch\u00e4dler und Thomas von Arx. (Bild: www.cablex.ch)"},{"@type":"BreadcrumbList","@id":"https:\/\/www.organisator.ch\/management\/2024-09-05\/wechsel-in-der-leitung-von-cablex\/#breadcrumb","itemListElement":[{"@type":"ListItem","position":1,"name":"Home","item":"https:\/\/www.organisator.ch\/"},{"@type":"ListItem","position":2,"name":"Wechsel in der Leitung von Cablex"}]},{"@type":"WebSite","@id":"https:\/\/www.organisator.ch\/#website","url":"https:\/\/www.organisator.ch\/","name":"Organizer","description":"Competent. Practical. In 10 issues per year, ORGANISATOR presents the essential topics for managers of SMEs.","publisher":{"@id":"https:\/\/www.organisator.ch\/#organization"},"potentialAction":[{"@type":"SearchAction","target":{"@type":"EntryPoint","urlTemplate":"https:\/\/www.organisator.ch\/?s={search_term_string}"},"query-input":{"@type":"PropertyValueSpecification","valueRequired":true,"valueName":"search_term_string"}}],"inLanguage":"en-US"},{"@type":"Organization","@id":"https:\/\/www.organisator.ch\/#organization","name":"Organizer","url":"https:\/\/www.organisator.ch\/","logo":{"@type":"ImageObject","inLanguage":"en-US","@id":"https:\/\/www.organisator.ch\/#\/schema\/logo\/image\/","url":"https:\/\/www.organisator.ch\/wp-content\/uploads\/2022\/01\/Logo_Organisator_Website.png","contentUrl":"https:\/\/www.organisator.ch\/wp-content\/uploads\/2022\/01\/Logo_Organisator_Website.png","width":800,"height":77,"caption":"Organisator"},"image":{"@id":"https:\/\/www.organisator.ch\/#\/schema\/logo\/image\/"},"sameAs":["https:\/\/www.facebook.com\/OrganisatorFachmagazin","https:\/\/www.linkedin.com\/showcase\/organisator-das-magazin-fr-kmu","https:\/\/www.xing.com\/news\/pages\/organisator-ch-695","https:\/\/www.youtube.com\/channel\/UCGP2Sq0iWaZwT3BdIAQFYpw"]},{"@type":"Person","@id":"https:\/\/www.organisator.ch\/#\/schema\/person\/2e1314a2172123f874db408d8911d3f3","name":"Adelisa Kalajdzini","image":{"@type":"ImageObject","inLanguage":"en-US","@id":"https:\/\/secure.gravatar.com\/avatar\/09a397c22ac58cad6f160ee8306348599df9df58a8ede73696226897b9fa4b24?s=96&d=mm&r=g","url":"https:\/\/secure.gravatar.com\/avatar\/09a397c22ac58cad6f160ee8306348599df9df58a8ede73696226897b9fa4b24?s=96&d=mm&r=g","contentUrl":"https:\/\/secure.gravatar.com\/avatar\/09a397c22ac58cad6f160ee8306348599df9df58a8ede73696226897b9fa4b24?s=96&d=mm&r=g","caption":"Adelisa Kalajdzini"},"url":"https:\/\/www.organisator.ch\/en\/author\/adelisa-kalajdzini\/"}]}},"_links":{"self":[{"href":"https:\/\/www.organisator.ch\/en\/wp-json\/wp\/v2\/posts\/29562","targetHints":{"allow":["GET"]}}],"collection":[{"href":"https:\/\/www.organisator.ch\/en\/wp-json\/wp\/v2\/posts"}],"about":[{"href":"https:\/\/www.organisator.ch\/en\/wp-json\/wp\/v2\/types\/post"}],"author":[{"embeddable":true,"href":"https:\/\/www.organisator.ch\/en\/wp-json\/wp\/v2\/users\/58"}],"replies":[{"embeddable":true,"href":"https:\/\/www.organisator.ch\/en\/wp-json\/wp\/v2\/comments?post=29562"}],"version-history":[{"count":7,"href":"https:\/\/www.organisator.ch\/en\/wp-json\/wp\/v2\/posts\/29562\/revisions"}],"predecessor-version":[{"id":29614,"href":"https:\/\/www.organisator.ch\/en\/wp-json\/wp\/v2\/posts\/29562\/revisions\/29614"}],"wp:featuredmedia":[{"embeddable":true,"href":"https:\/\/www.organisator.ch\/en\/wp-json\/wp\/v2\/media\/29564"}],"wp:attachment":[{"href":"https:\/\/www.organisator.ch\/en\/wp-json\/wp\/v2\/media?parent=29562"}],"wp:term":[{"taxonomy":"category","embeddable":true,"href":"https:\/\/www.organisator.ch\/en\/wp-json\/wp\/v2\/categories?post=29562"},{"taxonomy":"post_tag","embeddable":true,"href":"https:\/\/www.organisator.ch\/en\/wp-json\/wp\/v2\/tags?post=29562"}],"curies":[{"name":"wp","href":"https:\/\/api.w.org\/{rel}","templated":true}]}}