{"id":2957,"date":"2018-01-09T15:58:50","date_gmt":"2018-01-09T14:58:50","guid":{"rendered":"https:\/\/www.organisator.ch\/?p=2957"},"modified":"2018-01-09T15:58:50","modified_gmt":"2018-01-09T14:58:50","slug":"prognose-diese-trends-werden-2018-die-it-praegen","status":"publish","type":"post","link":"https:\/\/www.organisator.ch\/en\/management\/it\/2018-01-09\/prognose-diese-trends-werden-2018-die-it-praegen\/","title":{"rendered":"Forecast: These trends will shape IT in 2018"},"content":{"rendered":"<figure id=\"attachment_2958\" aria-describedby=\"caption-attachment-2958\" style=\"width: 640px\" class=\"wp-caption alignnone\"><img loading=\"lazy\" decoding=\"async\" class=\"size-full wp-image-2958\" src=\"https:\/\/www.organisator.ch\/wp-content\/uploads\/2018\/01\/Prognose-Diese-Trends-werden-2018-die-IT-praegen_Organisator.jpg\" alt=\"\" width=\"640\" height=\"405\" srcset=\"https:\/\/www.organisator.ch\/wp-content\/uploads\/2018\/01\/Prognose-Diese-Trends-werden-2018-die-IT-praegen_Organisator.jpg 640w, https:\/\/www.organisator.ch\/wp-content\/uploads\/2018\/01\/Prognose-Diese-Trends-werden-2018-die-IT-praegen_Organisator-16x10.jpg 16w, https:\/\/www.organisator.ch\/wp-content\/uploads\/2018\/01\/Prognose-Diese-Trends-werden-2018-die-IT-praegen_Organisator-277x175.jpg 277w, https:\/\/www.organisator.ch\/wp-content\/uploads\/2018\/01\/Prognose-Diese-Trends-werden-2018-die-IT-praegen_Organisator-553x350.jpg 553w, https:\/\/www.organisator.ch\/wp-content\/uploads\/2018\/01\/Prognose-Diese-Trends-werden-2018-die-IT-praegen_Organisator-300x190.jpg 300w\" sizes=\"auto, (max-width: 640px) 100vw, 640px\" \/><figcaption id=\"caption-attachment-2958\" class=\"wp-caption-text\">What will 2018 bring for IT? A forecast seems difficult, but a look into the crystal ball reveals a few clear trends. (Image: BirgitH \/ pixelio.de)<\/figcaption><\/figure>\n<p>The year 2018 is still young - so there's still time to look into the \"crystal ball\" for a forecast. Michael Rudnich from Riverbed has also given it some thought and presents the following IT trends and predictions for 2018:<\/p>\n<h2>The Internet of Things (IoT) and hyper-connectivity will fundamentally change traditional security measures<\/h2>\n<p>In the past, there were only a few ways to gain access to a system. Today, the number of devices and access points, and thus the number of access points, is increasing rapidly. Traditional security measures are therefore no longer sufficient. The idea that the network is protected by deploying a firewall that separates trusted and untrusted traffic is antiquated. Instead, companies can ensure the security of their network by looking at it holistically and relying on solutions that monitor user behavior and capture these deviations.<\/p>\n<h2>Forecast: Service providers will be crucial for the success of IoT<\/h2>\n<p>The Internet of Things (IoT) is rapidly gaining acceptance: 30 billion IoT devices are expected worldwide by 2020. The devices all need to be connected to the Internet, managed and secured, while also delivering a high quality of service to end users. Service providers offer the most comprehensive set of communications systems. Enterprises, in turn, rely on mobility services, bandwidth or network infrastructure if they want to provide the connectivity they need. Managing the connectivity of IoT devices is a huge challenge for enterprises, which is why service providers will benefit from offering appropriate services.<\/p>\n<h2>For service providers, the user experience becomes a competitive advantage<\/h2>\n<p>Today, high availability, security and performance determine how valuable the services provided by service providers are to customers. In contrast, little attention is paid to the user experience regarding these services, as it is difficult to measure. Service providers will therefore begin using natural language processing technology to determine users' subjective sentiment in 2018, according to the forecast. This technology can interpret human communication channels (e.g., Twitter, Facebook, message boards, etc.) to measure user satisfaction. These results can then be used to identify problems with applications or the network based on user sentiment. In other words, they complement traditional monitoring technologies. Providers thus gain another source with which to determine how and where to address problems. This, in turn, provides a competitive advantage as they can point to high levels of customer satisfaction.<\/p>\n<h2>A positive user experience is only possible with next generation networks<\/h2>\n<p>An enterprise is essentially a distributed network consisting of smaller workgroups that are interconnected via the network. The user experience regarding key applications and services may vary from branch to branch and for a variety of reasons. However, the different experiences employees have with applications can negatively impact how those applications and services are valued and how frequently they are used. If applications and services are not used because of poor user experience, the functionality hoped for will not be available, even though budget has been invested for it. The traditional network is hardware dependent and runs on fragmented or even inefficient technologies that result in fluctuating performance. Performance management of applications and services is difficult for enterprise IT in such networks: there is no holistic view of the activities and demands on the network as to why the necessary steps cannot be taken.<\/p>\n<p>Next-generation networks, on the other hand, will be largely software defined. This will allow IT to leverage the optimal network paths, properly prioritize network traffic, and ensure the smooth operation of the network everywhere. These networks also provide integrated, end-to-end visibility into the user experience - from the data center to the endpoints at the network edge. This means that any factors that may be impacting performance can be identified and remediated before users are affected.<\/p>\n<p><em>Source: <a href=\"https:\/\/www.riverbed.com\/de\/index.html\">Riverbed<\/a><\/em><\/p>","protected":false},"excerpt":{"rendered":"<p>Das Jahr 2018 ist noch jung &#8211; also immer noch Zeit, um f\u00fcr eine Prognose\u00a0in die &#8222;Kristallkugel&#8220; zu blicken. Michael Rudnich von Riverbed hat sich ebenfalls Gedanken gemacht und pr\u00e4sentiert folgende IT-Trends und Predictions f\u00fcr 2018: Das Internet of Things (IoT) und Hyper-Konnektivit\u00e4t werden traditionelle Security-Ma\u00dfnahmen grundlegend ver\u00e4ndern Fr\u00fcher gab es nur wenige M\u00f6glichkeiten, Zugang [&hellip;]<\/p>\n","protected":false},"author":4,"featured_media":2958,"comment_status":"open","ping_status":"open","sticky":false,"template":"","format":"standard","meta":{"_acf_changed":false,"_yoast_wpseo_focuskw":"Prognose","_yoast_wpseo_metadesc":"Michael Rudrich, Regional Vice President DACH bei Riverbed, erkl\u00e4rt, welche Trends im Jahr 2018 die IT pr\u00e4gen werden.","articlekey":"","footnotes":""},"categories":[27],"tags":[156,282,286,485],"class_list":["post-2957","post","type-post","status-publish","format-standard","has-post-thumbnail","hentry","category-it","tag-digitalisierung","tag-internet-of-things","tag-it","tag-trends"],"acf":[],"yoast_head":"<!-- This site is optimized with the Yoast SEO plugin v27.5 - https:\/\/yoast.com\/product\/yoast-seo-wordpress\/ -->\n<title>Prognose: Diese Trends werden 2018 die IT pr\u00e4gen - Organisator<\/title>\n<meta name=\"description\" content=\"Michael Rudrich, Regional Vice President DACH bei Riverbed, erkl\u00e4rt, welche Trends im Jahr 2018 die IT pr\u00e4gen werden.\" \/>\n<meta name=\"robots\" content=\"index, follow, max-snippet:-1, max-image-preview:large, max-video-preview:-1\" \/>\n<link rel=\"canonical\" href=\"https:\/\/www.organisator.ch\/en\/management\/it\/2018-01-09\/prognose-diese-trends-werden-2018-die-it-praegen\/\" \/>\n<meta property=\"og:locale\" content=\"en_US\" \/>\n<meta property=\"og:type\" content=\"article\" \/>\n<meta property=\"og:title\" content=\"Prognose: Diese Trends werden 2018 die IT pr\u00e4gen\" \/>\n<meta property=\"og:description\" content=\"Michael Rudrich, Regional Vice President DACH bei #Riverbed, erkl\u00e4rt, welche #Trends im Jahr 2018 die #IT pr\u00e4gen werden.\" \/>\n<meta property=\"og:url\" content=\"https:\/\/www.organisator.ch\/en\/management\/it\/2018-01-09\/prognose-diese-trends-werden-2018-die-it-praegen\/\" \/>\n<meta property=\"og:site_name\" content=\"Organisator\" \/>\n<meta property=\"article:publisher\" content=\"https:\/\/www.facebook.com\/OrganisatorFachmagazin\" \/>\n<meta property=\"article:published_time\" content=\"2018-01-09T14:58:50+00:00\" \/>\n<meta property=\"og:image\" content=\"https:\/\/www.organisator.ch\/wp-content\/uploads\/2018\/01\/Prognose-Diese-Trends-werden-2018-die-IT-praegen_Organisator.jpg\" \/>\n\t<meta property=\"og:image:width\" content=\"640\" \/>\n\t<meta property=\"og:image:height\" content=\"405\" \/>\n\t<meta property=\"og:image:type\" content=\"image\/jpeg\" \/>\n<meta name=\"author\" content=\"thomas.berner\" \/>\n<meta name=\"twitter:card\" content=\"summary_large_image\" \/>\n<meta name=\"twitter:title\" content=\"Prognose: Diese #Trends werden 2018 die #IT pr\u00e4gen\" \/>\n<meta name=\"twitter:description\" content=\"Michael Rudrich, Regional Vice President DACH bei #Riverbed, erkl\u00e4rt, welche Trends im Jahr 2018 die #IT pr\u00e4gen werden.\" \/>\n<meta name=\"twitter:image\" content=\"https:\/\/www.organisator.ch\/wp-content\/uploads\/2018\/01\/Prognose-Diese-Trends-werden-2018-die-IT-pr\u00e4gen_Organisator.jpg\" \/>\n<script type=\"application\/ld+json\" class=\"yoast-schema-graph\">{\"@context\":\"https:\\\/\\\/schema.org\",\"@graph\":[{\"@type\":\"Article\",\"@id\":\"https:\\\/\\\/www.organisator.ch\\\/management\\\/it\\\/2018-01-09\\\/prognose-diese-trends-werden-2018-die-it-praegen\\\/#article\",\"isPartOf\":{\"@id\":\"https:\\\/\\\/www.organisator.ch\\\/management\\\/it\\\/2018-01-09\\\/prognose-diese-trends-werden-2018-die-it-praegen\\\/\"},\"author\":{\"name\":\"thomas.berner\",\"@id\":\"https:\\\/\\\/www.organisator.ch\\\/#\\\/schema\\\/person\\\/6f650f90b2842cd4c0cc334b4e36f67e\"},\"headline\":\"Prognose: Diese Trends werden 2018 die IT pr\u00e4gen\",\"datePublished\":\"2018-01-09T14:58:50+00:00\",\"mainEntityOfPage\":{\"@id\":\"https:\\\/\\\/www.organisator.ch\\\/management\\\/it\\\/2018-01-09\\\/prognose-diese-trends-werden-2018-die-it-praegen\\\/\"},\"wordCount\":697,\"commentCount\":0,\"publisher\":{\"@id\":\"https:\\\/\\\/www.organisator.ch\\\/#organization\"},\"image\":{\"@id\":\"https:\\\/\\\/www.organisator.ch\\\/management\\\/it\\\/2018-01-09\\\/prognose-diese-trends-werden-2018-die-it-praegen\\\/#primaryimage\"},\"thumbnailUrl\":\"https:\\\/\\\/www.organisator.ch\\\/wp-content\\\/uploads\\\/2018\\\/01\\\/Prognose-Diese-Trends-werden-2018-die-IT-praegen_Organisator.jpg\",\"keywords\":[\"Digitalisierung\",\"Internet of Things\",\"IT\",\"Trends\"],\"articleSection\":[\"IT\"],\"inLanguage\":\"en-US\"},{\"@type\":\"WebPage\",\"@id\":\"https:\\\/\\\/www.organisator.ch\\\/management\\\/it\\\/2018-01-09\\\/prognose-diese-trends-werden-2018-die-it-praegen\\\/\",\"url\":\"https:\\\/\\\/www.organisator.ch\\\/management\\\/it\\\/2018-01-09\\\/prognose-diese-trends-werden-2018-die-it-praegen\\\/\",\"name\":\"Prognose: Diese Trends werden 2018 die IT pr\u00e4gen - Organisator\",\"isPartOf\":{\"@id\":\"https:\\\/\\\/www.organisator.ch\\\/#website\"},\"primaryImageOfPage\":{\"@id\":\"https:\\\/\\\/www.organisator.ch\\\/management\\\/it\\\/2018-01-09\\\/prognose-diese-trends-werden-2018-die-it-praegen\\\/#primaryimage\"},\"image\":{\"@id\":\"https:\\\/\\\/www.organisator.ch\\\/management\\\/it\\\/2018-01-09\\\/prognose-diese-trends-werden-2018-die-it-praegen\\\/#primaryimage\"},\"thumbnailUrl\":\"https:\\\/\\\/www.organisator.ch\\\/wp-content\\\/uploads\\\/2018\\\/01\\\/Prognose-Diese-Trends-werden-2018-die-IT-praegen_Organisator.jpg\",\"datePublished\":\"2018-01-09T14:58:50+00:00\",\"description\":\"Michael Rudrich, Regional Vice President DACH bei Riverbed, erkl\u00e4rt, welche Trends im Jahr 2018 die IT pr\u00e4gen werden.\",\"breadcrumb\":{\"@id\":\"https:\\\/\\\/www.organisator.ch\\\/management\\\/it\\\/2018-01-09\\\/prognose-diese-trends-werden-2018-die-it-praegen\\\/#breadcrumb\"},\"inLanguage\":\"en-US\",\"potentialAction\":[{\"@type\":\"ReadAction\",\"target\":[\"https:\\\/\\\/www.organisator.ch\\\/management\\\/it\\\/2018-01-09\\\/prognose-diese-trends-werden-2018-die-it-praegen\\\/\"]}]},{\"@type\":\"ImageObject\",\"inLanguage\":\"en-US\",\"@id\":\"https:\\\/\\\/www.organisator.ch\\\/management\\\/it\\\/2018-01-09\\\/prognose-diese-trends-werden-2018-die-it-praegen\\\/#primaryimage\",\"url\":\"https:\\\/\\\/www.organisator.ch\\\/wp-content\\\/uploads\\\/2018\\\/01\\\/Prognose-Diese-Trends-werden-2018-die-IT-praegen_Organisator.jpg\",\"contentUrl\":\"https:\\\/\\\/www.organisator.ch\\\/wp-content\\\/uploads\\\/2018\\\/01\\\/Prognose-Diese-Trends-werden-2018-die-IT-praegen_Organisator.jpg\",\"width\":640,\"height\":405,\"caption\":\"Was bringt 2018 f\u00fcr die IT? Eine Prognose scheint schwierig, doch ein Blick in die Kristallkugel zeigt ein paar eindeutige Trends. (Bild: BirgitH \\\/ pixelio.de)\"},{\"@type\":\"BreadcrumbList\",\"@id\":\"https:\\\/\\\/www.organisator.ch\\\/management\\\/it\\\/2018-01-09\\\/prognose-diese-trends-werden-2018-die-it-praegen\\\/#breadcrumb\",\"itemListElement\":[{\"@type\":\"ListItem\",\"position\":1,\"name\":\"Home\",\"item\":\"https:\\\/\\\/www.organisator.ch\\\/\"},{\"@type\":\"ListItem\",\"position\":2,\"name\":\"Prognose: Diese Trends werden 2018 die IT pr\u00e4gen\"}]},{\"@type\":\"WebSite\",\"@id\":\"https:\\\/\\\/www.organisator.ch\\\/#website\",\"url\":\"https:\\\/\\\/www.organisator.ch\\\/\",\"name\":\"Organisator\",\"description\":\"Kompetent. Praxisnah. Der ORGANISATOR bereitet in 10 Ausgaben pro Jahr die wesentlichen Themen f\u00fcr F\u00fchrungskr\u00e4fte von KMU auf.\",\"publisher\":{\"@id\":\"https:\\\/\\\/www.organisator.ch\\\/#organization\"},\"potentialAction\":[{\"@type\":\"SearchAction\",\"target\":{\"@type\":\"EntryPoint\",\"urlTemplate\":\"https:\\\/\\\/www.organisator.ch\\\/?s={search_term_string}\"},\"query-input\":{\"@type\":\"PropertyValueSpecification\",\"valueRequired\":true,\"valueName\":\"search_term_string\"}}],\"inLanguage\":\"en-US\"},{\"@type\":\"Organization\",\"@id\":\"https:\\\/\\\/www.organisator.ch\\\/#organization\",\"name\":\"Organisator\",\"url\":\"https:\\\/\\\/www.organisator.ch\\\/\",\"logo\":{\"@type\":\"ImageObject\",\"inLanguage\":\"en-US\",\"@id\":\"https:\\\/\\\/www.organisator.ch\\\/#\\\/schema\\\/logo\\\/image\\\/\",\"url\":\"https:\\\/\\\/www.organisator.ch\\\/wp-content\\\/uploads\\\/2022\\\/01\\\/Logo_Organisator_Website.png\",\"contentUrl\":\"https:\\\/\\\/www.organisator.ch\\\/wp-content\\\/uploads\\\/2022\\\/01\\\/Logo_Organisator_Website.png\",\"width\":800,\"height\":77,\"caption\":\"Organisator\"},\"image\":{\"@id\":\"https:\\\/\\\/www.organisator.ch\\\/#\\\/schema\\\/logo\\\/image\\\/\"},\"sameAs\":[\"https:\\\/\\\/www.facebook.com\\\/OrganisatorFachmagazin\",\"https:\\\/\\\/www.linkedin.com\\\/showcase\\\/organisator-das-magazin-fr-kmu\",\"https:\\\/\\\/www.xing.com\\\/news\\\/pages\\\/organisator-ch-695\",\"https:\\\/\\\/www.youtube.com\\\/channel\\\/UCGP2Sq0iWaZwT3BdIAQFYpw\"]},{\"@type\":\"Person\",\"@id\":\"https:\\\/\\\/www.organisator.ch\\\/#\\\/schema\\\/person\\\/6f650f90b2842cd4c0cc334b4e36f67e\",\"name\":\"thomas.berner\",\"image\":{\"@type\":\"ImageObject\",\"inLanguage\":\"en-US\",\"@id\":\"https:\\\/\\\/secure.gravatar.com\\\/avatar\\\/ac5001d2a36cb6c6cd3e50789007ffca834b477b74a2144564522e944eabff61?s=96&d=mm&r=g\",\"url\":\"https:\\\/\\\/secure.gravatar.com\\\/avatar\\\/ac5001d2a36cb6c6cd3e50789007ffca834b477b74a2144564522e944eabff61?s=96&d=mm&r=g\",\"contentUrl\":\"https:\\\/\\\/secure.gravatar.com\\\/avatar\\\/ac5001d2a36cb6c6cd3e50789007ffca834b477b74a2144564522e944eabff61?s=96&d=mm&r=g\",\"caption\":\"thomas.berner\"},\"url\":\"https:\\\/\\\/www.organisator.ch\\\/en\\\/author\\\/thomas-berner\\\/\"}]}<\/script>\n<!-- \/ Yoast SEO plugin. -->","yoast_head_json":{"title":"Forecast: These trends will shape IT in 2018 - Organizer","description":"Michael Rudrich, Regional Vice President DACH at Riverbed, explains which trends will shape IT in 2018.","robots":{"index":"index","follow":"follow","max-snippet":"max-snippet:-1","max-image-preview":"max-image-preview:large","max-video-preview":"max-video-preview:-1"},"canonical":"https:\/\/www.organisator.ch\/en\/management\/it\/2018-01-09\/prognose-diese-trends-werden-2018-die-it-praegen\/","og_locale":"en_US","og_type":"article","og_title":"Prognose: Diese Trends werden 2018 die IT pr\u00e4gen","og_description":"Michael Rudrich, Regional Vice President DACH bei #Riverbed, erkl\u00e4rt, welche #Trends im Jahr 2018 die #IT pr\u00e4gen werden.","og_url":"https:\/\/www.organisator.ch\/en\/management\/it\/2018-01-09\/prognose-diese-trends-werden-2018-die-it-praegen\/","og_site_name":"Organisator","article_publisher":"https:\/\/www.facebook.com\/OrganisatorFachmagazin","article_published_time":"2018-01-09T14:58:50+00:00","og_image":[{"width":640,"height":405,"url":"https:\/\/www.organisator.ch\/wp-content\/uploads\/2018\/01\/Prognose-Diese-Trends-werden-2018-die-IT-praegen_Organisator.jpg","type":"image\/jpeg"}],"author":"thomas.berner","twitter_card":"summary_large_image","twitter_title":"Prognose: Diese #Trends werden 2018 die #IT pr\u00e4gen","twitter_description":"Michael Rudrich, Regional Vice President DACH bei #Riverbed, erkl\u00e4rt, welche Trends im Jahr 2018 die #IT pr\u00e4gen werden.","twitter_image":"https:\/\/www.organisator.ch\/wp-content\/uploads\/2018\/01\/Prognose-Diese-Trends-werden-2018-die-IT-pr\u00e4gen_Organisator.jpg","schema":{"@context":"https:\/\/schema.org","@graph":[{"@type":"Article","@id":"https:\/\/www.organisator.ch\/management\/it\/2018-01-09\/prognose-diese-trends-werden-2018-die-it-praegen\/#article","isPartOf":{"@id":"https:\/\/www.organisator.ch\/management\/it\/2018-01-09\/prognose-diese-trends-werden-2018-die-it-praegen\/"},"author":{"name":"thomas.berner","@id":"https:\/\/www.organisator.ch\/#\/schema\/person\/6f650f90b2842cd4c0cc334b4e36f67e"},"headline":"Prognose: Diese Trends werden 2018 die IT pr\u00e4gen","datePublished":"2018-01-09T14:58:50+00:00","mainEntityOfPage":{"@id":"https:\/\/www.organisator.ch\/management\/it\/2018-01-09\/prognose-diese-trends-werden-2018-die-it-praegen\/"},"wordCount":697,"commentCount":0,"publisher":{"@id":"https:\/\/www.organisator.ch\/#organization"},"image":{"@id":"https:\/\/www.organisator.ch\/management\/it\/2018-01-09\/prognose-diese-trends-werden-2018-die-it-praegen\/#primaryimage"},"thumbnailUrl":"https:\/\/www.organisator.ch\/wp-content\/uploads\/2018\/01\/Prognose-Diese-Trends-werden-2018-die-IT-praegen_Organisator.jpg","keywords":["Digitalisierung","Internet of Things","IT","Trends"],"articleSection":["IT"],"inLanguage":"en-US"},{"@type":"WebPage","@id":"https:\/\/www.organisator.ch\/management\/it\/2018-01-09\/prognose-diese-trends-werden-2018-die-it-praegen\/","url":"https:\/\/www.organisator.ch\/management\/it\/2018-01-09\/prognose-diese-trends-werden-2018-die-it-praegen\/","name":"Forecast: These trends will shape IT in 2018 - Organizer","isPartOf":{"@id":"https:\/\/www.organisator.ch\/#website"},"primaryImageOfPage":{"@id":"https:\/\/www.organisator.ch\/management\/it\/2018-01-09\/prognose-diese-trends-werden-2018-die-it-praegen\/#primaryimage"},"image":{"@id":"https:\/\/www.organisator.ch\/management\/it\/2018-01-09\/prognose-diese-trends-werden-2018-die-it-praegen\/#primaryimage"},"thumbnailUrl":"https:\/\/www.organisator.ch\/wp-content\/uploads\/2018\/01\/Prognose-Diese-Trends-werden-2018-die-IT-praegen_Organisator.jpg","datePublished":"2018-01-09T14:58:50+00:00","description":"Michael Rudrich, Regional Vice President DACH at Riverbed, explains which trends will shape IT in 2018.","breadcrumb":{"@id":"https:\/\/www.organisator.ch\/management\/it\/2018-01-09\/prognose-diese-trends-werden-2018-die-it-praegen\/#breadcrumb"},"inLanguage":"en-US","potentialAction":[{"@type":"ReadAction","target":["https:\/\/www.organisator.ch\/management\/it\/2018-01-09\/prognose-diese-trends-werden-2018-die-it-praegen\/"]}]},{"@type":"ImageObject","inLanguage":"en-US","@id":"https:\/\/www.organisator.ch\/management\/it\/2018-01-09\/prognose-diese-trends-werden-2018-die-it-praegen\/#primaryimage","url":"https:\/\/www.organisator.ch\/wp-content\/uploads\/2018\/01\/Prognose-Diese-Trends-werden-2018-die-IT-praegen_Organisator.jpg","contentUrl":"https:\/\/www.organisator.ch\/wp-content\/uploads\/2018\/01\/Prognose-Diese-Trends-werden-2018-die-IT-praegen_Organisator.jpg","width":640,"height":405,"caption":"Was bringt 2018 f\u00fcr die IT? Eine Prognose scheint schwierig, doch ein Blick in die Kristallkugel zeigt ein paar eindeutige Trends. (Bild: BirgitH \/ pixelio.de)"},{"@type":"BreadcrumbList","@id":"https:\/\/www.organisator.ch\/management\/it\/2018-01-09\/prognose-diese-trends-werden-2018-die-it-praegen\/#breadcrumb","itemListElement":[{"@type":"ListItem","position":1,"name":"Home","item":"https:\/\/www.organisator.ch\/"},{"@type":"ListItem","position":2,"name":"Prognose: Diese Trends werden 2018 die IT pr\u00e4gen"}]},{"@type":"WebSite","@id":"https:\/\/www.organisator.ch\/#website","url":"https:\/\/www.organisator.ch\/","name":"Organizer","description":"Competent. Practical. In 10 issues per year, ORGANISATOR presents the essential topics for managers of SMEs.","publisher":{"@id":"https:\/\/www.organisator.ch\/#organization"},"potentialAction":[{"@type":"SearchAction","target":{"@type":"EntryPoint","urlTemplate":"https:\/\/www.organisator.ch\/?s={search_term_string}"},"query-input":{"@type":"PropertyValueSpecification","valueRequired":true,"valueName":"search_term_string"}}],"inLanguage":"en-US"},{"@type":"Organization","@id":"https:\/\/www.organisator.ch\/#organization","name":"Organizer","url":"https:\/\/www.organisator.ch\/","logo":{"@type":"ImageObject","inLanguage":"en-US","@id":"https:\/\/www.organisator.ch\/#\/schema\/logo\/image\/","url":"https:\/\/www.organisator.ch\/wp-content\/uploads\/2022\/01\/Logo_Organisator_Website.png","contentUrl":"https:\/\/www.organisator.ch\/wp-content\/uploads\/2022\/01\/Logo_Organisator_Website.png","width":800,"height":77,"caption":"Organisator"},"image":{"@id":"https:\/\/www.organisator.ch\/#\/schema\/logo\/image\/"},"sameAs":["https:\/\/www.facebook.com\/OrganisatorFachmagazin","https:\/\/www.linkedin.com\/showcase\/organisator-das-magazin-fr-kmu","https:\/\/www.xing.com\/news\/pages\/organisator-ch-695","https:\/\/www.youtube.com\/channel\/UCGP2Sq0iWaZwT3BdIAQFYpw"]},{"@type":"Person","@id":"https:\/\/www.organisator.ch\/#\/schema\/person\/6f650f90b2842cd4c0cc334b4e36f67e","name":"thomas.berner","image":{"@type":"ImageObject","inLanguage":"en-US","@id":"https:\/\/secure.gravatar.com\/avatar\/ac5001d2a36cb6c6cd3e50789007ffca834b477b74a2144564522e944eabff61?s=96&d=mm&r=g","url":"https:\/\/secure.gravatar.com\/avatar\/ac5001d2a36cb6c6cd3e50789007ffca834b477b74a2144564522e944eabff61?s=96&d=mm&r=g","contentUrl":"https:\/\/secure.gravatar.com\/avatar\/ac5001d2a36cb6c6cd3e50789007ffca834b477b74a2144564522e944eabff61?s=96&d=mm&r=g","caption":"thomas.berner"},"url":"https:\/\/www.organisator.ch\/en\/author\/thomas-berner\/"}]}},"_links":{"self":[{"href":"https:\/\/www.organisator.ch\/en\/wp-json\/wp\/v2\/posts\/2957","targetHints":{"allow":["GET"]}}],"collection":[{"href":"https:\/\/www.organisator.ch\/en\/wp-json\/wp\/v2\/posts"}],"about":[{"href":"https:\/\/www.organisator.ch\/en\/wp-json\/wp\/v2\/types\/post"}],"author":[{"embeddable":true,"href":"https:\/\/www.organisator.ch\/en\/wp-json\/wp\/v2\/users\/4"}],"replies":[{"embeddable":true,"href":"https:\/\/www.organisator.ch\/en\/wp-json\/wp\/v2\/comments?post=2957"}],"version-history":[{"count":0,"href":"https:\/\/www.organisator.ch\/en\/wp-json\/wp\/v2\/posts\/2957\/revisions"}],"wp:featuredmedia":[{"embeddable":true,"href":"https:\/\/www.organisator.ch\/en\/wp-json\/wp\/v2\/media\/2958"}],"wp:attachment":[{"href":"https:\/\/www.organisator.ch\/en\/wp-json\/wp\/v2\/media?parent=2957"}],"wp:term":[{"taxonomy":"category","embeddable":true,"href":"https:\/\/www.organisator.ch\/en\/wp-json\/wp\/v2\/categories?post=2957"},{"taxonomy":"post_tag","embeddable":true,"href":"https:\/\/www.organisator.ch\/en\/wp-json\/wp\/v2\/tags?post=2957"}],"curies":[{"name":"wp","href":"https:\/\/api.w.org\/{rel}","templated":true}]}}