{"id":29582,"date":"2024-09-06T07:30:48","date_gmt":"2024-09-06T05:30:48","guid":{"rendered":"https:\/\/www.organisator.ch\/?p=29582"},"modified":"2024-09-06T07:30:48","modified_gmt":"2024-09-06T05:30:48","slug":"agrotec-suisse-steigende-lehrlingszahlen-und-zufriedenheit","status":"publish","type":"post","link":"https:\/\/www.organisator.ch\/en\/weiterbildung\/2024-09-06\/agrotec-suisse-steigende-lehrlingszahlen-und-zufriedenheit\/","title":{"rendered":"Agrotec Suisse: Rising apprentice numbers and satisfaction"},"content":{"rendered":"<figure id=\"attachment_29584\" aria-describedby=\"caption-attachment-29584\" style=\"width: 680px\" class=\"wp-caption alignnone\"><img loading=\"lazy\" decoding=\"async\" class=\"size-full wp-image-29584\" src=\"https:\/\/www.organisator.ch\/wp-content\/uploads\/2024\/09\/Agrotec-Suisse_Bild1_ps.jpg\" alt=\"\" width=\"680\" height=\"454\" srcset=\"https:\/\/www.organisator.ch\/wp-content\/uploads\/2024\/09\/Agrotec-Suisse_Bild1_ps.jpg 680w, https:\/\/www.organisator.ch\/wp-content\/uploads\/2024\/09\/Agrotec-Suisse_Bild1_ps-18x12.jpg 18w, https:\/\/www.organisator.ch\/wp-content\/uploads\/2024\/09\/Agrotec-Suisse_Bild1_ps-375x250.jpg 375w, https:\/\/www.organisator.ch\/wp-content\/uploads\/2024\/09\/Agrotec-Suisse_Bild1_ps-524x350.jpg 524w\" sizes=\"auto, (max-width: 680px) 100vw, 680px\" \/><figcaption id=\"caption-attachment-29584\" class=\"wp-caption-text\">The diagram shows which aspects were assessed and that, on average, learners are satisfied in all areas. (Image: www.agrotecsuisse.ch\/Mark Latzel)<\/figcaption><\/figure>\n<p>Agrotec Suisse recently evaluated the results of the 2024 apprentice survey. A total of 285 fourth-year apprentices took part in the survey. To put this into context, a total of 431 apprentices took their final exams in the qualification process that will take place later. This means that 66 % of those completing their final exams in the professions of agricultural machinery, construction machinery and power tool mechanic took part in the survey.<\/p>\n<p>The apprentices answered questions about how they decided on their apprenticeship, whether the apprenticeship met their expectations and what plans they have after graduation. The results are very positive for the industry and provide valuable insights for the further optimization of training and the recruitment of new apprentices.<\/p>\n<h3><strong>Half remain in the company <\/strong><\/h3>\n<p>Particularly pleasing is the fact that around half of the apprentices surveyed already knew before completing their apprenticeship that they would continue to work at the training company. This underlines the apprentices' confidence in the sector and their training companies. Only around 17 % stated that they wanted to change their field of work. One reason why many of the young professionals stay with their training company could be that the majority are largely happy with its performance.<\/p>\n<figure id=\"attachment_29583\" aria-describedby=\"caption-attachment-29583\" style=\"width: 680px\" class=\"wp-caption alignnone\"><img loading=\"lazy\" decoding=\"async\" class=\"size-full wp-image-29583\" src=\"https:\/\/www.organisator.ch\/wp-content\/uploads\/2024\/09\/Agrotec-Suisse_Bild2_ps.jpg\" alt=\"\" width=\"680\" height=\"328\" srcset=\"https:\/\/www.organisator.ch\/wp-content\/uploads\/2024\/09\/Agrotec-Suisse_Bild2_ps.jpg 680w, https:\/\/www.organisator.ch\/wp-content\/uploads\/2024\/09\/Agrotec-Suisse_Bild2_ps-18x9.jpg 18w, https:\/\/www.organisator.ch\/wp-content\/uploads\/2024\/09\/Agrotec-Suisse_Bild2_ps-375x181.jpg 375w\" sizes=\"auto, (max-width: 680px) 100vw, 680px\" \/><figcaption id=\"caption-attachment-29583\" class=\"wp-caption-text\">The diagram shows which aspects were assessed and that, on average, learners are satisfied in all areas. (Image: www.agrotecsuisse.ch)<\/figcaption><\/figure>\n<p>However, these findings are in contrast to the experience of many companies, which have difficulties finding qualified workers. It can therefore be assumed that the migration to other sectors only takes place some time after completion of the apprenticeship.<\/p>\n<h3><strong>Vocational school is \"demanding\" for learners <\/strong><\/h3>\n<p>In the context of the revision of basic education, it is often said that learners do not (or no longer) meet the requirements. However, the learners themselves assess this somewhat differently: only 6 % rate the teaching at the vocational college as \"too demanding\". The majority consider the teaching to be \"demanding\" (61 %) or \"just right\" (23 %). This indicates that the level of the vocational school is demanding but appropriate. The inter-company courses were rated even more positively. However, half of the respondents would like additional days for these courses.<\/p>\n<h3><strong>Trade fairs still very important for career choice <\/strong><\/h3>\n<p>Having satisfied apprentices is one thing, filling vacant apprenticeship positions is another. The last few years have shown that the supply of apprenticeships is often greater than the demand due to low birth rates - especially in skilled trades. Agrotec Suisse is in the advantageous position of continuing to record rising apprentice numbers. However, in view of current demographic and social developments, it is also becoming increasingly challenging to find good apprentices in agricultural engineering. It is therefore essential to set the course now for the strong promotion of young talent. One important finding from the survey is that apprentices paid most attention to advertising on social media when choosing a career, followed immediately by careers fairs.<\/p>\n<h3><strong>The interpersonal level is crucial <\/strong><\/h3>\n<p>As soon as the career choice becomes more concrete, the taster apprenticeship and discussions with family members play a decisive role. A good experience during the trial apprenticeship proves to be particularly important. From the apprentices' point of view, the team is the most important factor in the final choice of training company. This is followed by the company's image and proximity to the place of residence.<\/p>\n<p>The overall very positive feedback on trainee satisfaction confirms the high quality of the training programs. Agrotec Suisse will emphasize the positive facts in future communication measures and use the new findings to further optimize training conditions and communication with young people.\u00a0<\/p>\n<p><em>Source: <a href=\"http:\/\/www.agrotecsuisse.ch\">www.agrotecsuisse.ch<\/a><\/em><\/p>","protected":false},"excerpt":{"rendered":"<p>Problems with recruiting young talent are an issue in many skilled trades. In this context, the professions of agricultural machinery, construction machinery and power tool mechanic are an exception: the Agrotec Suisse association is in the advantageous position of being able to report a slight increase in the number of apprentices. In addition, the latest survey among apprentices shows a remarkable level of satisfaction with the training.<\/p>","protected":false},"author":58,"featured_media":29584,"comment_status":"closed","ping_status":"closed","sticky":false,"template":"","format":"standard","meta":{"_acf_changed":false,"_yoast_wpseo_focuskw":"Agrotec Suisse","_yoast_wpseo_metadesc":"Der Verband Agrotec Suisse befindet sich in der vorteilhaften Lage einen leichten Anstieg der Lernendenzahlen zu verzeichnen.","articlekey":"","footnotes":""},"categories":[30],"tags":[62,4461,487,492],"class_list":["post-29582","post","type-post","status-publish","format-standard","has-post-thumbnail","hentry","category-weiterbildung","tag-aus-weiterbildung","tag-lernende","tag-umfrage","tag-unternehmen"],"acf":[],"yoast_head":"<!-- This site is optimized with the Yoast SEO plugin v27.4 - https:\/\/yoast.com\/product\/yoast-seo-wordpress\/ -->\n<title>Agrotec Suisse: Steigende Lehrlingszahlen und Zufriedenheit - Organisator<\/title>\n<meta name=\"description\" content=\"Der Verband Agrotec Suisse befindet sich in der vorteilhaften Lage einen leichten Anstieg der Lernendenzahlen zu verzeichnen.\" \/>\n<meta name=\"robots\" content=\"index, follow, max-snippet:-1, max-image-preview:large, max-video-preview:-1\" \/>\n<link rel=\"canonical\" href=\"https:\/\/www.organisator.ch\/en\/further-education\/2024-09-06\/agrotec-suisse-steigende-lehrlingszahlen-und-zufriedenheit\/\" \/>\n<meta property=\"og:locale\" content=\"en_US\" \/>\n<meta property=\"og:type\" content=\"article\" \/>\n<meta property=\"og:title\" content=\"Agrotec Suisse: Steigende Lehrlingszahlen und Zufriedenheit\" \/>\n<meta property=\"og:description\" content=\"Der Verband Agrotec Suisse befindet sich in der vorteilhaften Lage einen leichten Anstieg der Lernendenzahlen zu verzeichnen.\" \/>\n<meta property=\"og:url\" content=\"https:\/\/www.organisator.ch\/en\/further-education\/2024-09-06\/agrotec-suisse-steigende-lehrlingszahlen-und-zufriedenheit\/\" \/>\n<meta property=\"og:site_name\" content=\"Organisator\" \/>\n<meta property=\"article:publisher\" content=\"https:\/\/www.facebook.com\/OrganisatorFachmagazin\" \/>\n<meta property=\"article:published_time\" content=\"2024-09-06T05:30:48+00:00\" \/>\n<meta property=\"og:image\" content=\"https:\/\/www.organisator.ch\/wp-content\/uploads\/2024\/09\/Agrotec-Suisse_Bild1_ps.jpg\" \/>\n\t<meta property=\"og:image:width\" content=\"680\" \/>\n\t<meta property=\"og:image:height\" content=\"454\" \/>\n\t<meta property=\"og:image:type\" content=\"image\/jpeg\" \/>\n<meta name=\"author\" content=\"Adelisa Kalajdzini\" \/>\n<meta name=\"twitter:card\" content=\"summary_large_image\" \/>\n<meta name=\"twitter:title\" content=\"Agrotec Suisse: Steigende Lehrlingszahlen und Zufriedenheit\" \/>\n<meta name=\"twitter:description\" content=\"Der #Verband #Agrotec #Suisse befindet sich in der vorteilhaften Lage einen leichten #Anstieg der #Lernendenzahlen zu verzeichnen.\" \/>\n<meta name=\"twitter:image\" content=\"https:\/\/www.organisator.ch\/wp-content\/uploads\/2024\/09\/Agrotec-Suisse_Bild1_ps.jpg\" \/>\n<script type=\"application\/ld+json\" class=\"yoast-schema-graph\">{\"@context\":\"https:\\\/\\\/schema.org\",\"@graph\":[{\"@type\":\"Article\",\"@id\":\"https:\\\/\\\/www.organisator.ch\\\/weiterbildung\\\/2024-09-06\\\/agrotec-suisse-steigende-lehrlingszahlen-und-zufriedenheit\\\/#article\",\"isPartOf\":{\"@id\":\"https:\\\/\\\/www.organisator.ch\\\/weiterbildung\\\/2024-09-06\\\/agrotec-suisse-steigende-lehrlingszahlen-und-zufriedenheit\\\/\"},\"author\":{\"name\":\"Adelisa Kalajdzini\",\"@id\":\"https:\\\/\\\/www.organisator.ch\\\/#\\\/schema\\\/person\\\/2e1314a2172123f874db408d8911d3f3\"},\"headline\":\"Agrotec Suisse: Steigende Lehrlingszahlen und Zufriedenheit\",\"datePublished\":\"2024-09-06T05:30:48+00:00\",\"mainEntityOfPage\":{\"@id\":\"https:\\\/\\\/www.organisator.ch\\\/weiterbildung\\\/2024-09-06\\\/agrotec-suisse-steigende-lehrlingszahlen-und-zufriedenheit\\\/\"},\"wordCount\":611,\"publisher\":{\"@id\":\"https:\\\/\\\/www.organisator.ch\\\/#organization\"},\"image\":{\"@id\":\"https:\\\/\\\/www.organisator.ch\\\/weiterbildung\\\/2024-09-06\\\/agrotec-suisse-steigende-lehrlingszahlen-und-zufriedenheit\\\/#primaryimage\"},\"thumbnailUrl\":\"https:\\\/\\\/www.organisator.ch\\\/wp-content\\\/uploads\\\/2024\\\/09\\\/Agrotec-Suisse_Bild1_ps.jpg\",\"keywords\":[\"Aus-\\\/Weiterbildung\",\"Lernende\",\"Umfrage\",\"Unternehmen\"],\"articleSection\":[\"WEITERBILDUNG\"],\"inLanguage\":\"en-US\"},{\"@type\":\"WebPage\",\"@id\":\"https:\\\/\\\/www.organisator.ch\\\/weiterbildung\\\/2024-09-06\\\/agrotec-suisse-steigende-lehrlingszahlen-und-zufriedenheit\\\/\",\"url\":\"https:\\\/\\\/www.organisator.ch\\\/weiterbildung\\\/2024-09-06\\\/agrotec-suisse-steigende-lehrlingszahlen-und-zufriedenheit\\\/\",\"name\":\"Agrotec Suisse: Steigende Lehrlingszahlen und Zufriedenheit - Organisator\",\"isPartOf\":{\"@id\":\"https:\\\/\\\/www.organisator.ch\\\/#website\"},\"primaryImageOfPage\":{\"@id\":\"https:\\\/\\\/www.organisator.ch\\\/weiterbildung\\\/2024-09-06\\\/agrotec-suisse-steigende-lehrlingszahlen-und-zufriedenheit\\\/#primaryimage\"},\"image\":{\"@id\":\"https:\\\/\\\/www.organisator.ch\\\/weiterbildung\\\/2024-09-06\\\/agrotec-suisse-steigende-lehrlingszahlen-und-zufriedenheit\\\/#primaryimage\"},\"thumbnailUrl\":\"https:\\\/\\\/www.organisator.ch\\\/wp-content\\\/uploads\\\/2024\\\/09\\\/Agrotec-Suisse_Bild1_ps.jpg\",\"datePublished\":\"2024-09-06T05:30:48+00:00\",\"description\":\"Der Verband Agrotec Suisse befindet sich in der vorteilhaften Lage einen leichten Anstieg der Lernendenzahlen zu verzeichnen.\",\"breadcrumb\":{\"@id\":\"https:\\\/\\\/www.organisator.ch\\\/weiterbildung\\\/2024-09-06\\\/agrotec-suisse-steigende-lehrlingszahlen-und-zufriedenheit\\\/#breadcrumb\"},\"inLanguage\":\"en-US\",\"potentialAction\":[{\"@type\":\"ReadAction\",\"target\":[\"https:\\\/\\\/www.organisator.ch\\\/weiterbildung\\\/2024-09-06\\\/agrotec-suisse-steigende-lehrlingszahlen-und-zufriedenheit\\\/\"]}]},{\"@type\":\"ImageObject\",\"inLanguage\":\"en-US\",\"@id\":\"https:\\\/\\\/www.organisator.ch\\\/weiterbildung\\\/2024-09-06\\\/agrotec-suisse-steigende-lehrlingszahlen-und-zufriedenheit\\\/#primaryimage\",\"url\":\"https:\\\/\\\/www.organisator.ch\\\/wp-content\\\/uploads\\\/2024\\\/09\\\/Agrotec-Suisse_Bild1_ps.jpg\",\"contentUrl\":\"https:\\\/\\\/www.organisator.ch\\\/wp-content\\\/uploads\\\/2024\\\/09\\\/Agrotec-Suisse_Bild1_ps.jpg\",\"width\":680,\"height\":454,\"caption\":\"Die Darstellung zeigt, welche Aspekte bewertet wurden und dass die Lernenden im Durchschnitt in allen Bereichen zufrieden sind. (Bild: www.agrotecsuisse.ch\\\/Mark Latzel)\"},{\"@type\":\"BreadcrumbList\",\"@id\":\"https:\\\/\\\/www.organisator.ch\\\/weiterbildung\\\/2024-09-06\\\/agrotec-suisse-steigende-lehrlingszahlen-und-zufriedenheit\\\/#breadcrumb\",\"itemListElement\":[{\"@type\":\"ListItem\",\"position\":1,\"name\":\"Home\",\"item\":\"https:\\\/\\\/www.organisator.ch\\\/\"},{\"@type\":\"ListItem\",\"position\":2,\"name\":\"Agrotec Suisse: Steigende Lehrlingszahlen und Zufriedenheit\"}]},{\"@type\":\"WebSite\",\"@id\":\"https:\\\/\\\/www.organisator.ch\\\/#website\",\"url\":\"https:\\\/\\\/www.organisator.ch\\\/\",\"name\":\"Organisator\",\"description\":\"Kompetent. Praxisnah. Der ORGANISATOR bereitet in 10 Ausgaben pro Jahr die wesentlichen Themen f\u00fcr F\u00fchrungskr\u00e4fte von KMU auf.\",\"publisher\":{\"@id\":\"https:\\\/\\\/www.organisator.ch\\\/#organization\"},\"potentialAction\":[{\"@type\":\"SearchAction\",\"target\":{\"@type\":\"EntryPoint\",\"urlTemplate\":\"https:\\\/\\\/www.organisator.ch\\\/?s={search_term_string}\"},\"query-input\":{\"@type\":\"PropertyValueSpecification\",\"valueRequired\":true,\"valueName\":\"search_term_string\"}}],\"inLanguage\":\"en-US\"},{\"@type\":\"Organization\",\"@id\":\"https:\\\/\\\/www.organisator.ch\\\/#organization\",\"name\":\"Organisator\",\"url\":\"https:\\\/\\\/www.organisator.ch\\\/\",\"logo\":{\"@type\":\"ImageObject\",\"inLanguage\":\"en-US\",\"@id\":\"https:\\\/\\\/www.organisator.ch\\\/#\\\/schema\\\/logo\\\/image\\\/\",\"url\":\"https:\\\/\\\/www.organisator.ch\\\/wp-content\\\/uploads\\\/2022\\\/01\\\/Logo_Organisator_Website.png\",\"contentUrl\":\"https:\\\/\\\/www.organisator.ch\\\/wp-content\\\/uploads\\\/2022\\\/01\\\/Logo_Organisator_Website.png\",\"width\":800,\"height\":77,\"caption\":\"Organisator\"},\"image\":{\"@id\":\"https:\\\/\\\/www.organisator.ch\\\/#\\\/schema\\\/logo\\\/image\\\/\"},\"sameAs\":[\"https:\\\/\\\/www.facebook.com\\\/OrganisatorFachmagazin\",\"https:\\\/\\\/www.linkedin.com\\\/showcase\\\/organisator-das-magazin-fr-kmu\",\"https:\\\/\\\/www.xing.com\\\/news\\\/pages\\\/organisator-ch-695\",\"https:\\\/\\\/www.youtube.com\\\/channel\\\/UCGP2Sq0iWaZwT3BdIAQFYpw\"]},{\"@type\":\"Person\",\"@id\":\"https:\\\/\\\/www.organisator.ch\\\/#\\\/schema\\\/person\\\/2e1314a2172123f874db408d8911d3f3\",\"name\":\"Adelisa Kalajdzini\",\"image\":{\"@type\":\"ImageObject\",\"inLanguage\":\"en-US\",\"@id\":\"https:\\\/\\\/secure.gravatar.com\\\/avatar\\\/09a397c22ac58cad6f160ee8306348599df9df58a8ede73696226897b9fa4b24?s=96&d=mm&r=g\",\"url\":\"https:\\\/\\\/secure.gravatar.com\\\/avatar\\\/09a397c22ac58cad6f160ee8306348599df9df58a8ede73696226897b9fa4b24?s=96&d=mm&r=g\",\"contentUrl\":\"https:\\\/\\\/secure.gravatar.com\\\/avatar\\\/09a397c22ac58cad6f160ee8306348599df9df58a8ede73696226897b9fa4b24?s=96&d=mm&r=g\",\"caption\":\"Adelisa Kalajdzini\"},\"url\":\"https:\\\/\\\/www.organisator.ch\\\/en\\\/author\\\/adelisa-kalajdzini\\\/\"}]}<\/script>\n<!-- \/ Yoast SEO plugin. -->","yoast_head_json":{"title":"Agrotec Suisse: Rising apprentice numbers and satisfaction - Organizer","description":"The Agrotec Suisse association is in the advantageous position of recording a slight increase in the number of apprentices.","robots":{"index":"index","follow":"follow","max-snippet":"max-snippet:-1","max-image-preview":"max-image-preview:large","max-video-preview":"max-video-preview:-1"},"canonical":"https:\/\/www.organisator.ch\/en\/further-education\/2024-09-06\/agrotec-suisse-steigende-lehrlingszahlen-und-zufriedenheit\/","og_locale":"en_US","og_type":"article","og_title":"Agrotec Suisse: Steigende Lehrlingszahlen und Zufriedenheit","og_description":"Der Verband Agrotec Suisse befindet sich in der vorteilhaften Lage einen leichten Anstieg der Lernendenzahlen zu verzeichnen.","og_url":"https:\/\/www.organisator.ch\/en\/further-education\/2024-09-06\/agrotec-suisse-steigende-lehrlingszahlen-und-zufriedenheit\/","og_site_name":"Organisator","article_publisher":"https:\/\/www.facebook.com\/OrganisatorFachmagazin","article_published_time":"2024-09-06T05:30:48+00:00","og_image":[{"width":680,"height":454,"url":"https:\/\/www.organisator.ch\/wp-content\/uploads\/2024\/09\/Agrotec-Suisse_Bild1_ps.jpg","type":"image\/jpeg"}],"author":"Adelisa Kalajdzini","twitter_card":"summary_large_image","twitter_title":"Agrotec Suisse: Steigende Lehrlingszahlen und Zufriedenheit","twitter_description":"Der #Verband #Agrotec #Suisse befindet sich in der vorteilhaften Lage einen leichten #Anstieg der #Lernendenzahlen zu verzeichnen.","twitter_image":"https:\/\/www.organisator.ch\/wp-content\/uploads\/2024\/09\/Agrotec-Suisse_Bild1_ps.jpg","schema":{"@context":"https:\/\/schema.org","@graph":[{"@type":"Article","@id":"https:\/\/www.organisator.ch\/weiterbildung\/2024-09-06\/agrotec-suisse-steigende-lehrlingszahlen-und-zufriedenheit\/#article","isPartOf":{"@id":"https:\/\/www.organisator.ch\/weiterbildung\/2024-09-06\/agrotec-suisse-steigende-lehrlingszahlen-und-zufriedenheit\/"},"author":{"name":"Adelisa Kalajdzini","@id":"https:\/\/www.organisator.ch\/#\/schema\/person\/2e1314a2172123f874db408d8911d3f3"},"headline":"Agrotec Suisse: Steigende Lehrlingszahlen und Zufriedenheit","datePublished":"2024-09-06T05:30:48+00:00","mainEntityOfPage":{"@id":"https:\/\/www.organisator.ch\/weiterbildung\/2024-09-06\/agrotec-suisse-steigende-lehrlingszahlen-und-zufriedenheit\/"},"wordCount":611,"publisher":{"@id":"https:\/\/www.organisator.ch\/#organization"},"image":{"@id":"https:\/\/www.organisator.ch\/weiterbildung\/2024-09-06\/agrotec-suisse-steigende-lehrlingszahlen-und-zufriedenheit\/#primaryimage"},"thumbnailUrl":"https:\/\/www.organisator.ch\/wp-content\/uploads\/2024\/09\/Agrotec-Suisse_Bild1_ps.jpg","keywords":["Aus-\/Weiterbildung","Lernende","Umfrage","Unternehmen"],"articleSection":["WEITERBILDUNG"],"inLanguage":"en-US"},{"@type":"WebPage","@id":"https:\/\/www.organisator.ch\/weiterbildung\/2024-09-06\/agrotec-suisse-steigende-lehrlingszahlen-und-zufriedenheit\/","url":"https:\/\/www.organisator.ch\/weiterbildung\/2024-09-06\/agrotec-suisse-steigende-lehrlingszahlen-und-zufriedenheit\/","name":"Agrotec Suisse: Rising apprentice numbers and satisfaction - Organizer","isPartOf":{"@id":"https:\/\/www.organisator.ch\/#website"},"primaryImageOfPage":{"@id":"https:\/\/www.organisator.ch\/weiterbildung\/2024-09-06\/agrotec-suisse-steigende-lehrlingszahlen-und-zufriedenheit\/#primaryimage"},"image":{"@id":"https:\/\/www.organisator.ch\/weiterbildung\/2024-09-06\/agrotec-suisse-steigende-lehrlingszahlen-und-zufriedenheit\/#primaryimage"},"thumbnailUrl":"https:\/\/www.organisator.ch\/wp-content\/uploads\/2024\/09\/Agrotec-Suisse_Bild1_ps.jpg","datePublished":"2024-09-06T05:30:48+00:00","description":"The Agrotec Suisse association is in the advantageous position of recording a slight increase in the number of apprentices.","breadcrumb":{"@id":"https:\/\/www.organisator.ch\/weiterbildung\/2024-09-06\/agrotec-suisse-steigende-lehrlingszahlen-und-zufriedenheit\/#breadcrumb"},"inLanguage":"en-US","potentialAction":[{"@type":"ReadAction","target":["https:\/\/www.organisator.ch\/weiterbildung\/2024-09-06\/agrotec-suisse-steigende-lehrlingszahlen-und-zufriedenheit\/"]}]},{"@type":"ImageObject","inLanguage":"en-US","@id":"https:\/\/www.organisator.ch\/weiterbildung\/2024-09-06\/agrotec-suisse-steigende-lehrlingszahlen-und-zufriedenheit\/#primaryimage","url":"https:\/\/www.organisator.ch\/wp-content\/uploads\/2024\/09\/Agrotec-Suisse_Bild1_ps.jpg","contentUrl":"https:\/\/www.organisator.ch\/wp-content\/uploads\/2024\/09\/Agrotec-Suisse_Bild1_ps.jpg","width":680,"height":454,"caption":"Die Darstellung zeigt, welche Aspekte bewertet wurden und dass die Lernenden im Durchschnitt in allen Bereichen zufrieden sind. (Bild: www.agrotecsuisse.ch\/Mark Latzel)"},{"@type":"BreadcrumbList","@id":"https:\/\/www.organisator.ch\/weiterbildung\/2024-09-06\/agrotec-suisse-steigende-lehrlingszahlen-und-zufriedenheit\/#breadcrumb","itemListElement":[{"@type":"ListItem","position":1,"name":"Home","item":"https:\/\/www.organisator.ch\/"},{"@type":"ListItem","position":2,"name":"Agrotec Suisse: Steigende Lehrlingszahlen und Zufriedenheit"}]},{"@type":"WebSite","@id":"https:\/\/www.organisator.ch\/#website","url":"https:\/\/www.organisator.ch\/","name":"Organizer","description":"Competent. Practical. In 10 issues per year, ORGANISATOR presents the essential topics for managers of SMEs.","publisher":{"@id":"https:\/\/www.organisator.ch\/#organization"},"potentialAction":[{"@type":"SearchAction","target":{"@type":"EntryPoint","urlTemplate":"https:\/\/www.organisator.ch\/?s={search_term_string}"},"query-input":{"@type":"PropertyValueSpecification","valueRequired":true,"valueName":"search_term_string"}}],"inLanguage":"en-US"},{"@type":"Organization","@id":"https:\/\/www.organisator.ch\/#organization","name":"Organizer","url":"https:\/\/www.organisator.ch\/","logo":{"@type":"ImageObject","inLanguage":"en-US","@id":"https:\/\/www.organisator.ch\/#\/schema\/logo\/image\/","url":"https:\/\/www.organisator.ch\/wp-content\/uploads\/2022\/01\/Logo_Organisator_Website.png","contentUrl":"https:\/\/www.organisator.ch\/wp-content\/uploads\/2022\/01\/Logo_Organisator_Website.png","width":800,"height":77,"caption":"Organisator"},"image":{"@id":"https:\/\/www.organisator.ch\/#\/schema\/logo\/image\/"},"sameAs":["https:\/\/www.facebook.com\/OrganisatorFachmagazin","https:\/\/www.linkedin.com\/showcase\/organisator-das-magazin-fr-kmu","https:\/\/www.xing.com\/news\/pages\/organisator-ch-695","https:\/\/www.youtube.com\/channel\/UCGP2Sq0iWaZwT3BdIAQFYpw"]},{"@type":"Person","@id":"https:\/\/www.organisator.ch\/#\/schema\/person\/2e1314a2172123f874db408d8911d3f3","name":"Adelisa Kalajdzini","image":{"@type":"ImageObject","inLanguage":"en-US","@id":"https:\/\/secure.gravatar.com\/avatar\/09a397c22ac58cad6f160ee8306348599df9df58a8ede73696226897b9fa4b24?s=96&d=mm&r=g","url":"https:\/\/secure.gravatar.com\/avatar\/09a397c22ac58cad6f160ee8306348599df9df58a8ede73696226897b9fa4b24?s=96&d=mm&r=g","contentUrl":"https:\/\/secure.gravatar.com\/avatar\/09a397c22ac58cad6f160ee8306348599df9df58a8ede73696226897b9fa4b24?s=96&d=mm&r=g","caption":"Adelisa Kalajdzini"},"url":"https:\/\/www.organisator.ch\/en\/author\/adelisa-kalajdzini\/"}]}},"_links":{"self":[{"href":"https:\/\/www.organisator.ch\/en\/wp-json\/wp\/v2\/posts\/29582","targetHints":{"allow":["GET"]}}],"collection":[{"href":"https:\/\/www.organisator.ch\/en\/wp-json\/wp\/v2\/posts"}],"about":[{"href":"https:\/\/www.organisator.ch\/en\/wp-json\/wp\/v2\/types\/post"}],"author":[{"embeddable":true,"href":"https:\/\/www.organisator.ch\/en\/wp-json\/wp\/v2\/users\/58"}],"replies":[{"embeddable":true,"href":"https:\/\/www.organisator.ch\/en\/wp-json\/wp\/v2\/comments?post=29582"}],"version-history":[{"count":4,"href":"https:\/\/www.organisator.ch\/en\/wp-json\/wp\/v2\/posts\/29582\/revisions"}],"predecessor-version":[{"id":29631,"href":"https:\/\/www.organisator.ch\/en\/wp-json\/wp\/v2\/posts\/29582\/revisions\/29631"}],"wp:featuredmedia":[{"embeddable":true,"href":"https:\/\/www.organisator.ch\/en\/wp-json\/wp\/v2\/media\/29584"}],"wp:attachment":[{"href":"https:\/\/www.organisator.ch\/en\/wp-json\/wp\/v2\/media?parent=29582"}],"wp:term":[{"taxonomy":"category","embeddable":true,"href":"https:\/\/www.organisator.ch\/en\/wp-json\/wp\/v2\/categories?post=29582"},{"taxonomy":"post_tag","embeddable":true,"href":"https:\/\/www.organisator.ch\/en\/wp-json\/wp\/v2\/tags?post=29582"}],"curies":[{"name":"wp","href":"https:\/\/api.w.org\/{rel}","templated":true}]}}