{"id":2960,"date":"2018-01-10T08:04:57","date_gmt":"2018-01-10T07:04:57","guid":{"rendered":"https:\/\/www.organisator.ch\/?p=2960"},"modified":"2018-01-10T08:04:57","modified_gmt":"2018-01-10T07:04:57","slug":"bechtle-akquiriert-erp-spezialist-acommit-ag","status":"publish","type":"post","link":"https:\/\/www.organisator.ch\/en\/management\/it\/2018-01-10\/bechtle-akquiriert-erp-spezialist-acommit-ag\/","title":{"rendered":"Bechtle acquires ERP specialist Acommit AG"},"content":{"rendered":"<figure id=\"attachment_2961\" aria-describedby=\"caption-attachment-2961\" style=\"width: 640px\" class=\"wp-caption alignnone\"><img loading=\"lazy\" decoding=\"async\" class=\"size-full wp-image-2961\" src=\"https:\/\/www.organisator.ch\/wp-content\/uploads\/2018\/01\/Bechtle-akquiriert-ERP-Spezialist-Acommit-AG_Organisator.jpg\" alt=\"\" width=\"640\" height=\"479\" srcset=\"https:\/\/www.organisator.ch\/wp-content\/uploads\/2018\/01\/Bechtle-akquiriert-ERP-Spezialist-Acommit-AG_Organisator.jpg 640w, https:\/\/www.organisator.ch\/wp-content\/uploads\/2018\/01\/Bechtle-akquiriert-ERP-Spezialist-Acommit-AG_Organisator-16x12.jpg 16w, https:\/\/www.organisator.ch\/wp-content\/uploads\/2018\/01\/Bechtle-akquiriert-ERP-Spezialist-Acommit-AG_Organisator-234x175.jpg 234w, https:\/\/www.organisator.ch\/wp-content\/uploads\/2018\/01\/Bechtle-akquiriert-ERP-Spezialist-Acommit-AG_Organisator-468x350.jpg 468w, https:\/\/www.organisator.ch\/wp-content\/uploads\/2018\/01\/Bechtle-akquiriert-ERP-Spezialist-Acommit-AG_Organisator-300x225.jpg 300w\" sizes=\"auto, (max-width: 640px) 100vw, 640px\" \/><figcaption id=\"caption-attachment-2961\" class=\"wp-caption-text\">Andreas Staudigel (Bechtle AG, left) and Robert Zanzerl (Acommit AG, right) are convinced of the acquisition: Bechtle wants to strengthen its presence in Switzerland, Acommit its application solutions division. (Images: Bechtle.com)<\/figcaption><\/figure>\n<p>Bechtle AG, headquartered in Neckarsulm, Germany, acquires Acommit AG, Horgen, one of the leading Swiss service providers for software and IT infrastructure solutions. Founded in 1983, the company is a recognized specialist for ERP software solutions based on Microsoft Dynamics\/NAV and its own development DIAS. Acommit focuses on creating industry-specific ERP solutions, especially for customers in the trade\/retail sectors, and concentrates primarily on the digitalization of business processes. The company employs 60 people at its sites in Horgen, Wallisellen, Lyss and Lucerne and generated sales of around 14 million Swiss francs in the past financial year. The IT service provider has a broad customer base of more than 200 medium-sized Swiss companies. The current owners Martin K\u00fcng, Christoph Kleiner, Erich Wieser and Robert Zanzerl will remain with the company in unchanged management positions. The company name will also be retained.<\/p>\n<p>\"With Acommit, we have been able to win a very well-positioned company for Bechtle. We are pleased that an excellent team of specialists is strengthening us in the future-oriented area of Microsoft Dynamics software solutions,\" says Andreas Staudigel, Divisional Board Member for Application Solutions at Bechtle AG. This company is active in Germany, Austria and Switzerland with around 70 IT system houses and, according to its own information, is one of the leading IT trading companies in Europe with e-commerce companies in 14 countries. Founded in 1983, the group currently employs over 8,300 people.<\/p>\n<p>Acommit's customers will benefit from the Bechtle Group's even broader range of IT solutions, cloud portfolio and multi-vendor infrastructure offering, according to a statement from the two companies. \"Our competencies fit perfectly into Bechtle's range of services. At the same time, the merger strengthens our own market position and enables us to provide our customers with even more comprehensive support in the areas of user solutions, software engineering and IT infrastructure. We are convinced that the two companies are an excellent fit for each other, and that they can enrich and benefit from each other,\" says Robert Zanzerl, CEO of Acommit AG. Both partners have agreed not to disclose the purchase price.<\/p>\n<p><em><a href=\"http:\/\/www.bechtle.com\">Source<\/a><\/em><\/p>","protected":false},"excerpt":{"rendered":"<p>Die Bechtle AG mit Hauptsitz im deutschen Neckarsulm\u00a0akquiriert mit der Acommit AG, Horgen, einen der f\u00fchrenden Schweizer Dienstleister f\u00fcr Software und IT-Infrastrukturl\u00f6sungen. Das 1983 gegr\u00fcndete Unternehmen ist ein anerkannter Spezialist f\u00fcr ERP-Softwarel\u00f6sungen auf Basis von Microsoft Dynamics\/NAV und der Eigenentwicklung DIAS. Acommit erstellt im Schwerpunkt branchenspezifische ERP-L\u00f6sungen, insbesondere f\u00fcr Kunden aus den Branchen Handel\/Retail, und [&hellip;]<\/p>\n","protected":false},"author":4,"featured_media":2961,"comment_status":"open","ping_status":"open","sticky":false,"template":"","format":"standard","meta":{"_acf_changed":false,"_yoast_wpseo_focuskw":"Bechtle","_yoast_wpseo_metadesc":"Bechtle baut seine Pr\u00e4senz in der Schweiz aus und \u00fcbernimmt die Acommit AG. Der ERP-Spezialist aus Horgen st\u00e4rkt dadurch den Bereich Anwendungsl\u00f6sungen.","articlekey":"","footnotes":""},"categories":[27],"tags":[286,288,492],"class_list":["post-2960","post","type-post","status-publish","format-standard","has-post-thumbnail","hentry","category-it","tag-it","tag-it-business-software","tag-unternehmen"],"acf":[],"yoast_head":"<!-- This site is optimized with the Yoast SEO plugin v27.5 - https:\/\/yoast.com\/product\/yoast-seo-wordpress\/ -->\n<title>Bechtle akquiriert ERP-Spezialist Acommit AG - Organisator<\/title>\n<meta name=\"description\" content=\"Bechtle baut seine Pr\u00e4senz in der Schweiz aus und \u00fcbernimmt die Acommit AG. Der ERP-Spezialist aus Horgen st\u00e4rkt dadurch den Bereich Anwendungsl\u00f6sungen.\" \/>\n<meta name=\"robots\" content=\"index, follow, max-snippet:-1, max-image-preview:large, max-video-preview:-1\" \/>\n<link rel=\"canonical\" href=\"https:\/\/www.organisator.ch\/en\/management\/it\/2018-01-10\/bechtle-akquiriert-erp-spezialist-acommit-ag\/\" \/>\n<meta property=\"og:locale\" content=\"en_US\" \/>\n<meta property=\"og:type\" content=\"article\" \/>\n<meta property=\"og:title\" content=\"Bechtle akquiriert ERP-Spezialist Acommit AG\" \/>\n<meta property=\"og:description\" content=\"#Bechtle baut seine Pr\u00e4senz in der Schweiz aus und \u00fcbernimmt die #Acommit AG. Der #ERP-Spezialist aus Horgen st\u00e4rkt dadurch den Bereich Anwendungsl\u00f6sungen.\" \/>\n<meta property=\"og:url\" content=\"https:\/\/www.organisator.ch\/en\/management\/it\/2018-01-10\/bechtle-akquiriert-erp-spezialist-acommit-ag\/\" \/>\n<meta property=\"og:site_name\" content=\"Organisator\" \/>\n<meta property=\"article:publisher\" content=\"https:\/\/www.facebook.com\/OrganisatorFachmagazin\" \/>\n<meta property=\"article:published_time\" content=\"2018-01-10T07:04:57+00:00\" \/>\n<meta property=\"og:image\" content=\"https:\/\/www.organisator.ch\/wp-content\/uploads\/2018\/01\/Bechtle-akquiriert-ERP-Spezialist-Acommit-AG_Organisator.jpg\" \/>\n\t<meta property=\"og:image:width\" content=\"640\" \/>\n\t<meta property=\"og:image:height\" content=\"479\" \/>\n\t<meta property=\"og:image:type\" content=\"image\/jpeg\" \/>\n<meta name=\"author\" content=\"thomas.berner\" \/>\n<meta name=\"twitter:card\" content=\"summary_large_image\" \/>\n<meta name=\"twitter:title\" content=\"#Bechtle akquiriert ERP-Spezialist #Acommit AG\" \/>\n<meta name=\"twitter:description\" content=\"#Bechtle baut seine Pr\u00e4senz in der Schweiz aus und \u00fcbernimmt die #Acommit AG. Der #ERP-Spezialist aus Horgen st\u00e4rkt dadurch den Bereich Anwendungsl\u00f6sungen.\" \/>\n<meta name=\"twitter:image\" content=\"https:\/\/www.organisator.ch\/wp-content\/uploads\/2018\/01\/Bechtle-akquiriert-ERP-Spezialist-Acommit-AG_Organisator.jpg\" \/>\n<script type=\"application\/ld+json\" class=\"yoast-schema-graph\">{\"@context\":\"https:\\\/\\\/schema.org\",\"@graph\":[{\"@type\":\"Article\",\"@id\":\"https:\\\/\\\/www.organisator.ch\\\/management\\\/it\\\/2018-01-10\\\/bechtle-akquiriert-erp-spezialist-acommit-ag\\\/#article\",\"isPartOf\":{\"@id\":\"https:\\\/\\\/www.organisator.ch\\\/management\\\/it\\\/2018-01-10\\\/bechtle-akquiriert-erp-spezialist-acommit-ag\\\/\"},\"author\":{\"name\":\"thomas.berner\",\"@id\":\"https:\\\/\\\/www.organisator.ch\\\/#\\\/schema\\\/person\\\/6f650f90b2842cd4c0cc334b4e36f67e\"},\"headline\":\"Bechtle akquiriert ERP-Spezialist Acommit AG\",\"datePublished\":\"2018-01-10T07:04:57+00:00\",\"mainEntityOfPage\":{\"@id\":\"https:\\\/\\\/www.organisator.ch\\\/management\\\/it\\\/2018-01-10\\\/bechtle-akquiriert-erp-spezialist-acommit-ag\\\/\"},\"wordCount\":372,\"commentCount\":0,\"publisher\":{\"@id\":\"https:\\\/\\\/www.organisator.ch\\\/#organization\"},\"image\":{\"@id\":\"https:\\\/\\\/www.organisator.ch\\\/management\\\/it\\\/2018-01-10\\\/bechtle-akquiriert-erp-spezialist-acommit-ag\\\/#primaryimage\"},\"thumbnailUrl\":\"https:\\\/\\\/www.organisator.ch\\\/wp-content\\\/uploads\\\/2018\\\/01\\\/Bechtle-akquiriert-ERP-Spezialist-Acommit-AG_Organisator.jpg\",\"keywords\":[\"IT\",\"IT &amp; Business Software\",\"Unternehmen\"],\"articleSection\":[\"IT\"],\"inLanguage\":\"en-US\"},{\"@type\":\"WebPage\",\"@id\":\"https:\\\/\\\/www.organisator.ch\\\/management\\\/it\\\/2018-01-10\\\/bechtle-akquiriert-erp-spezialist-acommit-ag\\\/\",\"url\":\"https:\\\/\\\/www.organisator.ch\\\/management\\\/it\\\/2018-01-10\\\/bechtle-akquiriert-erp-spezialist-acommit-ag\\\/\",\"name\":\"Bechtle akquiriert ERP-Spezialist Acommit AG - Organisator\",\"isPartOf\":{\"@id\":\"https:\\\/\\\/www.organisator.ch\\\/#website\"},\"primaryImageOfPage\":{\"@id\":\"https:\\\/\\\/www.organisator.ch\\\/management\\\/it\\\/2018-01-10\\\/bechtle-akquiriert-erp-spezialist-acommit-ag\\\/#primaryimage\"},\"image\":{\"@id\":\"https:\\\/\\\/www.organisator.ch\\\/management\\\/it\\\/2018-01-10\\\/bechtle-akquiriert-erp-spezialist-acommit-ag\\\/#primaryimage\"},\"thumbnailUrl\":\"https:\\\/\\\/www.organisator.ch\\\/wp-content\\\/uploads\\\/2018\\\/01\\\/Bechtle-akquiriert-ERP-Spezialist-Acommit-AG_Organisator.jpg\",\"datePublished\":\"2018-01-10T07:04:57+00:00\",\"description\":\"Bechtle baut seine Pr\u00e4senz in der Schweiz aus und \u00fcbernimmt die Acommit AG. Der ERP-Spezialist aus Horgen st\u00e4rkt dadurch den Bereich Anwendungsl\u00f6sungen.\",\"breadcrumb\":{\"@id\":\"https:\\\/\\\/www.organisator.ch\\\/management\\\/it\\\/2018-01-10\\\/bechtle-akquiriert-erp-spezialist-acommit-ag\\\/#breadcrumb\"},\"inLanguage\":\"en-US\",\"potentialAction\":[{\"@type\":\"ReadAction\",\"target\":[\"https:\\\/\\\/www.organisator.ch\\\/management\\\/it\\\/2018-01-10\\\/bechtle-akquiriert-erp-spezialist-acommit-ag\\\/\"]}]},{\"@type\":\"ImageObject\",\"inLanguage\":\"en-US\",\"@id\":\"https:\\\/\\\/www.organisator.ch\\\/management\\\/it\\\/2018-01-10\\\/bechtle-akquiriert-erp-spezialist-acommit-ag\\\/#primaryimage\",\"url\":\"https:\\\/\\\/www.organisator.ch\\\/wp-content\\\/uploads\\\/2018\\\/01\\\/Bechtle-akquiriert-ERP-Spezialist-Acommit-AG_Organisator.jpg\",\"contentUrl\":\"https:\\\/\\\/www.organisator.ch\\\/wp-content\\\/uploads\\\/2018\\\/01\\\/Bechtle-akquiriert-ERP-Spezialist-Acommit-AG_Organisator.jpg\",\"width\":640,\"height\":479,\"caption\":\"Andreas Staudigel (Bechtle AG, links) und Robert Zanzerl (Acommit AG, rechts) sind \u00fcberzeugt von der Akquisition: Bechtle will die Pr\u00e4senz in der Schweiz st\u00e4rken, Acommit seinen Bereich Anwendungsl\u00f6sungen. (Bilder: Bechtle.com)\"},{\"@type\":\"BreadcrumbList\",\"@id\":\"https:\\\/\\\/www.organisator.ch\\\/management\\\/it\\\/2018-01-10\\\/bechtle-akquiriert-erp-spezialist-acommit-ag\\\/#breadcrumb\",\"itemListElement\":[{\"@type\":\"ListItem\",\"position\":1,\"name\":\"Home\",\"item\":\"https:\\\/\\\/www.organisator.ch\\\/\"},{\"@type\":\"ListItem\",\"position\":2,\"name\":\"Bechtle akquiriert ERP-Spezialist Acommit AG\"}]},{\"@type\":\"WebSite\",\"@id\":\"https:\\\/\\\/www.organisator.ch\\\/#website\",\"url\":\"https:\\\/\\\/www.organisator.ch\\\/\",\"name\":\"Organisator\",\"description\":\"Kompetent. Praxisnah. Der ORGANISATOR bereitet in 10 Ausgaben pro Jahr die wesentlichen Themen f\u00fcr F\u00fchrungskr\u00e4fte von KMU auf.\",\"publisher\":{\"@id\":\"https:\\\/\\\/www.organisator.ch\\\/#organization\"},\"potentialAction\":[{\"@type\":\"SearchAction\",\"target\":{\"@type\":\"EntryPoint\",\"urlTemplate\":\"https:\\\/\\\/www.organisator.ch\\\/?s={search_term_string}\"},\"query-input\":{\"@type\":\"PropertyValueSpecification\",\"valueRequired\":true,\"valueName\":\"search_term_string\"}}],\"inLanguage\":\"en-US\"},{\"@type\":\"Organization\",\"@id\":\"https:\\\/\\\/www.organisator.ch\\\/#organization\",\"name\":\"Organisator\",\"url\":\"https:\\\/\\\/www.organisator.ch\\\/\",\"logo\":{\"@type\":\"ImageObject\",\"inLanguage\":\"en-US\",\"@id\":\"https:\\\/\\\/www.organisator.ch\\\/#\\\/schema\\\/logo\\\/image\\\/\",\"url\":\"https:\\\/\\\/www.organisator.ch\\\/wp-content\\\/uploads\\\/2022\\\/01\\\/Logo_Organisator_Website.png\",\"contentUrl\":\"https:\\\/\\\/www.organisator.ch\\\/wp-content\\\/uploads\\\/2022\\\/01\\\/Logo_Organisator_Website.png\",\"width\":800,\"height\":77,\"caption\":\"Organisator\"},\"image\":{\"@id\":\"https:\\\/\\\/www.organisator.ch\\\/#\\\/schema\\\/logo\\\/image\\\/\"},\"sameAs\":[\"https:\\\/\\\/www.facebook.com\\\/OrganisatorFachmagazin\",\"https:\\\/\\\/www.linkedin.com\\\/showcase\\\/organisator-das-magazin-fr-kmu\",\"https:\\\/\\\/www.xing.com\\\/news\\\/pages\\\/organisator-ch-695\",\"https:\\\/\\\/www.youtube.com\\\/channel\\\/UCGP2Sq0iWaZwT3BdIAQFYpw\"]},{\"@type\":\"Person\",\"@id\":\"https:\\\/\\\/www.organisator.ch\\\/#\\\/schema\\\/person\\\/6f650f90b2842cd4c0cc334b4e36f67e\",\"name\":\"thomas.berner\",\"image\":{\"@type\":\"ImageObject\",\"inLanguage\":\"en-US\",\"@id\":\"https:\\\/\\\/secure.gravatar.com\\\/avatar\\\/ac5001d2a36cb6c6cd3e50789007ffca834b477b74a2144564522e944eabff61?s=96&d=mm&r=g\",\"url\":\"https:\\\/\\\/secure.gravatar.com\\\/avatar\\\/ac5001d2a36cb6c6cd3e50789007ffca834b477b74a2144564522e944eabff61?s=96&d=mm&r=g\",\"contentUrl\":\"https:\\\/\\\/secure.gravatar.com\\\/avatar\\\/ac5001d2a36cb6c6cd3e50789007ffca834b477b74a2144564522e944eabff61?s=96&d=mm&r=g\",\"caption\":\"thomas.berner\"},\"url\":\"https:\\\/\\\/www.organisator.ch\\\/en\\\/author\\\/thomas-berner\\\/\"}]}<\/script>\n<!-- \/ Yoast SEO plugin. -->","yoast_head_json":{"title":"Bechtle acquires ERP specialist Acommit AG - Organizer","description":"Bechtle expands its presence in Switzerland and acquires Acommit AG. The ERP specialist from Horgen thus strengthens the application solutions area.","robots":{"index":"index","follow":"follow","max-snippet":"max-snippet:-1","max-image-preview":"max-image-preview:large","max-video-preview":"max-video-preview:-1"},"canonical":"https:\/\/www.organisator.ch\/en\/management\/it\/2018-01-10\/bechtle-akquiriert-erp-spezialist-acommit-ag\/","og_locale":"en_US","og_type":"article","og_title":"Bechtle akquiriert ERP-Spezialist Acommit AG","og_description":"#Bechtle baut seine Pr\u00e4senz in der Schweiz aus und \u00fcbernimmt die #Acommit AG. Der #ERP-Spezialist aus Horgen st\u00e4rkt dadurch den Bereich Anwendungsl\u00f6sungen.","og_url":"https:\/\/www.organisator.ch\/en\/management\/it\/2018-01-10\/bechtle-akquiriert-erp-spezialist-acommit-ag\/","og_site_name":"Organisator","article_publisher":"https:\/\/www.facebook.com\/OrganisatorFachmagazin","article_published_time":"2018-01-10T07:04:57+00:00","og_image":[{"width":640,"height":479,"url":"https:\/\/www.organisator.ch\/wp-content\/uploads\/2018\/01\/Bechtle-akquiriert-ERP-Spezialist-Acommit-AG_Organisator.jpg","type":"image\/jpeg"}],"author":"thomas.berner","twitter_card":"summary_large_image","twitter_title":"#Bechtle akquiriert ERP-Spezialist #Acommit AG","twitter_description":"#Bechtle baut seine Pr\u00e4senz in der Schweiz aus und \u00fcbernimmt die #Acommit AG. Der #ERP-Spezialist aus Horgen st\u00e4rkt dadurch den Bereich Anwendungsl\u00f6sungen.","twitter_image":"https:\/\/www.organisator.ch\/wp-content\/uploads\/2018\/01\/Bechtle-akquiriert-ERP-Spezialist-Acommit-AG_Organisator.jpg","schema":{"@context":"https:\/\/schema.org","@graph":[{"@type":"Article","@id":"https:\/\/www.organisator.ch\/management\/it\/2018-01-10\/bechtle-akquiriert-erp-spezialist-acommit-ag\/#article","isPartOf":{"@id":"https:\/\/www.organisator.ch\/management\/it\/2018-01-10\/bechtle-akquiriert-erp-spezialist-acommit-ag\/"},"author":{"name":"thomas.berner","@id":"https:\/\/www.organisator.ch\/#\/schema\/person\/6f650f90b2842cd4c0cc334b4e36f67e"},"headline":"Bechtle akquiriert ERP-Spezialist Acommit AG","datePublished":"2018-01-10T07:04:57+00:00","mainEntityOfPage":{"@id":"https:\/\/www.organisator.ch\/management\/it\/2018-01-10\/bechtle-akquiriert-erp-spezialist-acommit-ag\/"},"wordCount":372,"commentCount":0,"publisher":{"@id":"https:\/\/www.organisator.ch\/#organization"},"image":{"@id":"https:\/\/www.organisator.ch\/management\/it\/2018-01-10\/bechtle-akquiriert-erp-spezialist-acommit-ag\/#primaryimage"},"thumbnailUrl":"https:\/\/www.organisator.ch\/wp-content\/uploads\/2018\/01\/Bechtle-akquiriert-ERP-Spezialist-Acommit-AG_Organisator.jpg","keywords":["IT","IT &amp; Business Software","Unternehmen"],"articleSection":["IT"],"inLanguage":"en-US"},{"@type":"WebPage","@id":"https:\/\/www.organisator.ch\/management\/it\/2018-01-10\/bechtle-akquiriert-erp-spezialist-acommit-ag\/","url":"https:\/\/www.organisator.ch\/management\/it\/2018-01-10\/bechtle-akquiriert-erp-spezialist-acommit-ag\/","name":"Bechtle acquires ERP specialist Acommit AG - Organizer","isPartOf":{"@id":"https:\/\/www.organisator.ch\/#website"},"primaryImageOfPage":{"@id":"https:\/\/www.organisator.ch\/management\/it\/2018-01-10\/bechtle-akquiriert-erp-spezialist-acommit-ag\/#primaryimage"},"image":{"@id":"https:\/\/www.organisator.ch\/management\/it\/2018-01-10\/bechtle-akquiriert-erp-spezialist-acommit-ag\/#primaryimage"},"thumbnailUrl":"https:\/\/www.organisator.ch\/wp-content\/uploads\/2018\/01\/Bechtle-akquiriert-ERP-Spezialist-Acommit-AG_Organisator.jpg","datePublished":"2018-01-10T07:04:57+00:00","description":"Bechtle expands its presence in Switzerland and acquires Acommit AG. The ERP specialist from Horgen thus strengthens the application solutions area.","breadcrumb":{"@id":"https:\/\/www.organisator.ch\/management\/it\/2018-01-10\/bechtle-akquiriert-erp-spezialist-acommit-ag\/#breadcrumb"},"inLanguage":"en-US","potentialAction":[{"@type":"ReadAction","target":["https:\/\/www.organisator.ch\/management\/it\/2018-01-10\/bechtle-akquiriert-erp-spezialist-acommit-ag\/"]}]},{"@type":"ImageObject","inLanguage":"en-US","@id":"https:\/\/www.organisator.ch\/management\/it\/2018-01-10\/bechtle-akquiriert-erp-spezialist-acommit-ag\/#primaryimage","url":"https:\/\/www.organisator.ch\/wp-content\/uploads\/2018\/01\/Bechtle-akquiriert-ERP-Spezialist-Acommit-AG_Organisator.jpg","contentUrl":"https:\/\/www.organisator.ch\/wp-content\/uploads\/2018\/01\/Bechtle-akquiriert-ERP-Spezialist-Acommit-AG_Organisator.jpg","width":640,"height":479,"caption":"Andreas Staudigel (Bechtle AG, links) und Robert Zanzerl (Acommit AG, rechts) sind \u00fcberzeugt von der Akquisition: Bechtle will die Pr\u00e4senz in der Schweiz st\u00e4rken, Acommit seinen Bereich Anwendungsl\u00f6sungen. (Bilder: Bechtle.com)"},{"@type":"BreadcrumbList","@id":"https:\/\/www.organisator.ch\/management\/it\/2018-01-10\/bechtle-akquiriert-erp-spezialist-acommit-ag\/#breadcrumb","itemListElement":[{"@type":"ListItem","position":1,"name":"Home","item":"https:\/\/www.organisator.ch\/"},{"@type":"ListItem","position":2,"name":"Bechtle akquiriert ERP-Spezialist Acommit AG"}]},{"@type":"WebSite","@id":"https:\/\/www.organisator.ch\/#website","url":"https:\/\/www.organisator.ch\/","name":"Organizer","description":"Competent. Practical. In 10 issues per year, ORGANISATOR presents the essential topics for managers of SMEs.","publisher":{"@id":"https:\/\/www.organisator.ch\/#organization"},"potentialAction":[{"@type":"SearchAction","target":{"@type":"EntryPoint","urlTemplate":"https:\/\/www.organisator.ch\/?s={search_term_string}"},"query-input":{"@type":"PropertyValueSpecification","valueRequired":true,"valueName":"search_term_string"}}],"inLanguage":"en-US"},{"@type":"Organization","@id":"https:\/\/www.organisator.ch\/#organization","name":"Organizer","url":"https:\/\/www.organisator.ch\/","logo":{"@type":"ImageObject","inLanguage":"en-US","@id":"https:\/\/www.organisator.ch\/#\/schema\/logo\/image\/","url":"https:\/\/www.organisator.ch\/wp-content\/uploads\/2022\/01\/Logo_Organisator_Website.png","contentUrl":"https:\/\/www.organisator.ch\/wp-content\/uploads\/2022\/01\/Logo_Organisator_Website.png","width":800,"height":77,"caption":"Organisator"},"image":{"@id":"https:\/\/www.organisator.ch\/#\/schema\/logo\/image\/"},"sameAs":["https:\/\/www.facebook.com\/OrganisatorFachmagazin","https:\/\/www.linkedin.com\/showcase\/organisator-das-magazin-fr-kmu","https:\/\/www.xing.com\/news\/pages\/organisator-ch-695","https:\/\/www.youtube.com\/channel\/UCGP2Sq0iWaZwT3BdIAQFYpw"]},{"@type":"Person","@id":"https:\/\/www.organisator.ch\/#\/schema\/person\/6f650f90b2842cd4c0cc334b4e36f67e","name":"thomas.berner","image":{"@type":"ImageObject","inLanguage":"en-US","@id":"https:\/\/secure.gravatar.com\/avatar\/ac5001d2a36cb6c6cd3e50789007ffca834b477b74a2144564522e944eabff61?s=96&d=mm&r=g","url":"https:\/\/secure.gravatar.com\/avatar\/ac5001d2a36cb6c6cd3e50789007ffca834b477b74a2144564522e944eabff61?s=96&d=mm&r=g","contentUrl":"https:\/\/secure.gravatar.com\/avatar\/ac5001d2a36cb6c6cd3e50789007ffca834b477b74a2144564522e944eabff61?s=96&d=mm&r=g","caption":"thomas.berner"},"url":"https:\/\/www.organisator.ch\/en\/author\/thomas-berner\/"}]}},"_links":{"self":[{"href":"https:\/\/www.organisator.ch\/en\/wp-json\/wp\/v2\/posts\/2960","targetHints":{"allow":["GET"]}}],"collection":[{"href":"https:\/\/www.organisator.ch\/en\/wp-json\/wp\/v2\/posts"}],"about":[{"href":"https:\/\/www.organisator.ch\/en\/wp-json\/wp\/v2\/types\/post"}],"author":[{"embeddable":true,"href":"https:\/\/www.organisator.ch\/en\/wp-json\/wp\/v2\/users\/4"}],"replies":[{"embeddable":true,"href":"https:\/\/www.organisator.ch\/en\/wp-json\/wp\/v2\/comments?post=2960"}],"version-history":[{"count":0,"href":"https:\/\/www.organisator.ch\/en\/wp-json\/wp\/v2\/posts\/2960\/revisions"}],"wp:featuredmedia":[{"embeddable":true,"href":"https:\/\/www.organisator.ch\/en\/wp-json\/wp\/v2\/media\/2961"}],"wp:attachment":[{"href":"https:\/\/www.organisator.ch\/en\/wp-json\/wp\/v2\/media?parent=2960"}],"wp:term":[{"taxonomy":"category","embeddable":true,"href":"https:\/\/www.organisator.ch\/en\/wp-json\/wp\/v2\/categories?post=2960"},{"taxonomy":"post_tag","embeddable":true,"href":"https:\/\/www.organisator.ch\/en\/wp-json\/wp\/v2\/tags?post=2960"}],"curies":[{"name":"wp","href":"https:\/\/api.w.org\/{rel}","templated":true}]}}