{"id":29633,"date":"2024-09-09T09:27:19","date_gmt":"2024-09-09T07:27:19","guid":{"rendered":"https:\/\/www.organisator.ch\/?p=29633"},"modified":"2024-10-18T08:07:20","modified_gmt":"2024-10-18T06:07:20","slug":"liridona-makica-gewinnt-den-swissalbs-unternehmerpreis-2024","status":"publish","type":"post","link":"https:\/\/www.organisator.ch\/en\/management\/2024-09-09\/liridona-makica-gewinnt-den-swissalbs-unternehmerpreis-2024\/","title":{"rendered":"Liridona Makica wins the swissalbs Entrepreneur Award 2024"},"content":{"rendered":"<figure id=\"attachment_29634\" aria-describedby=\"caption-attachment-29634\" style=\"width: 680px\" class=\"wp-caption alignnone\"><img loading=\"lazy\" decoding=\"async\" class=\"size-full wp-image-29634\" src=\"https:\/\/www.organisator.ch\/wp-content\/uploads\/2024\/09\/Swissalbs_Bild1_ps.jpg\" alt=\"\" width=\"680\" height=\"434\" srcset=\"https:\/\/www.organisator.ch\/wp-content\/uploads\/2024\/09\/Swissalbs_Bild1_ps.jpg 680w, https:\/\/www.organisator.ch\/wp-content\/uploads\/2024\/09\/Swissalbs_Bild1_ps-18x12.jpg 18w, https:\/\/www.organisator.ch\/wp-content\/uploads\/2024\/09\/Swissalbs_Bild1_ps-375x239.jpg 375w, https:\/\/www.organisator.ch\/wp-content\/uploads\/2024\/09\/Swissalbs_Bild1_ps-548x350.jpg 548w\" sizes=\"auto, (max-width: 680px) 100vw, 680px\" \/><figcaption id=\"caption-attachment-29634\" class=\"wp-caption-text\">Liridona Makica, founder and managing director of Spitex Dona, wins the swissalbs Entrepreneur Award 2024 (Image: www.swissalbs.ch \/ Albinfo)<\/figcaption><\/figure>\n<p>In addition to the Entrepreneur Award, the swissalbs Board of Directors presented the Community Hero Award for the first time this year. The winner is Islam Alijaj, National Councillor and disability rights activist. He was honored for his outstanding performance and his successful election campaign, which saw him become the first Swiss politician with an Albanian migration background to be elected to the national parliament.<\/p>\n<figure id=\"attachment_29635\" aria-describedby=\"caption-attachment-29635\" style=\"width: 680px\" class=\"wp-caption alignnone\"><img loading=\"lazy\" decoding=\"async\" class=\"size-full wp-image-29635\" src=\"https:\/\/www.organisator.ch\/wp-content\/uploads\/2024\/09\/Swissalbs_Bild2_ps.jpg\" alt=\"\" width=\"680\" height=\"461\" srcset=\"https:\/\/www.organisator.ch\/wp-content\/uploads\/2024\/09\/Swissalbs_Bild2_ps.jpg 680w, https:\/\/www.organisator.ch\/wp-content\/uploads\/2024\/09\/Swissalbs_Bild2_ps-18x12.jpg 18w, https:\/\/www.organisator.ch\/wp-content\/uploads\/2024\/09\/Swissalbs_Bild2_ps-375x254.jpg 375w, https:\/\/www.organisator.ch\/wp-content\/uploads\/2024\/09\/Swissalbs_Bild2_ps-516x350.jpg 516w\" sizes=\"auto, (max-width: 680px) 100vw, 680px\" \/><figcaption id=\"caption-attachment-29635\" class=\"wp-caption-text\">The Hero Award went to Islam Alijaj, National Councillor and disability rights activist. (Image: www.swissalbs.ch \/ Albinfo)<\/figcaption><\/figure>\n<p>The swissalbs Entrepreneur Award recognizes exceptional entrepreneurial achievements, celebrates the innovative strength of the Albanian community and serves as an inspiration for the entire swissalbs community. Liridona Makica was selected for her outstanding achievements by a top-class jury consisting of personalities such as Roland Brack, founder of Brack.ch, Nadine J\u00fcrgensen, co-founder of elleXX, Andri Silberschmidt, National Councillor, Vllaznim Xhiha, serial entrepreneur and Kristian Kabashi, founder of Numarics.<\/p>\n<p>Liridona Makica is the founder and managing director of Spitex Dona, a company that provides professional care and support services for people in their own homes. Her vision of running a Spitex that is different from many others - namely family-oriented and flexible - was at the heart of founding the company in 2021. Spitex Dona now employs 50 people and offers a wide range of services, including medical care in the somatic and psychiatric fields as well as palliative care. A special feature of the company is the careful planning of care teams in order to minimize staff turnover. This allows patients to develop a personal relationship with their carers, which is crucial to improving their quality of life and enabling them to remain in their own homes for as long as possible.<\/p>\n<h3><strong>Swissalbs recognizes Liridona Makica for her contribution to the care and support sector<\/strong><\/h3>\n<p>Liridona Makica's swissalbs Entrepreneur Award recognizes not only her achievements to date, but also her significant contribution to improving people's quality of life through innovative and personalized care and support services.<\/p>\n<p>In her acceptance speech, Liridona Makica emphasized: \"I am deeply honored to receive this prestigious award from swissalbs. It is not only a recognition of our work to date, but also a confirmation that our approach of providing family and flexible care is the right way forward. I share this success with my dedicated team at Spitex Dona.\"<\/p>\n<p>\"Liridona Makica and her team at Spitex Dona have proven that innovation and commitment in the care and support sector can have a significant impact on people's quality of life. The fact that Liridona Makica is only 31 years old and already managing a company with 50 employees in such a demanding sector is impressive. Her success is an inspiring example of how a visionary approach and passionate implementation can bring about real change in the healthcare sector,\" says Arbela Statovci, co-founder and Head of Communications at swissalbs.<\/p>\n<p>The swissalbs Entrepreneurs' Ball, where the award ceremony took place, offers an interesting platform for networking, exchanging ideas and exploring new business opportunities. As in the previous year, the event was hosted by food blogger and TV personality Zoe Torinesi. Musical highlights were provided by Selami Kolonja, an established singer on the Albanian music scene. A special keynote speech was given by Marco Gredig, Managing Director of Cargologic AG, the leading Swiss air freight handling company for 70 years. In addition to honoring Liridona Makica, the event also included live music, entertainment and inspiring speeches.<\/p>\n<p><em>Source: <a href=\"http:\/\/www.swissalbs.ch\">www.swissalbs.ch<\/a><\/em><\/p>","protected":false},"excerpt":{"rendered":"<p>The Albanian-Swiss association swissalbs has announced the winner of the coveted Entrepreneur Award for 2024. For the first time, the award, which is being presented for the fourth time, goes to a woman: Liridona Makica, founder and managing director of Spitex Dona, based in Kloten. The award ceremony took place as part of the swissalbs Entrepreneurs' Ball on September 7 at the sold-out Kongresshaus Zurich.<\/p>","protected":false},"author":58,"featured_media":29634,"comment_status":"closed","ping_status":"closed","sticky":false,"template":"","format":"standard","meta":{"_acf_changed":false,"_yoast_wpseo_focuskw":"swissalbs","_yoast_wpseo_metadesc":"Der albanisch-schweizerische Verein swissalbs hat die Gewinnerin des begehrten Unternehmerpreises f\u00fcr das Jahr 2024 bekanntgegeben.","articlekey":"","footnotes":""},"categories":[28],"tags":[334,1946,4470,492],"class_list":["post-29633","post","type-post","status-publish","format-standard","has-post-thumbnail","hentry","category-management","tag-management","tag-preisverleihung","tag-swissalbs","tag-unternehmen"],"acf":[],"yoast_head":"<!-- This site is optimized with the Yoast SEO plugin v27.5 - https:\/\/yoast.com\/product\/yoast-seo-wordpress\/ -->\n<title>Liridona Makica gewinnt den swissalbs-Unternehmerpreis 2024 - Organisator<\/title>\n<meta name=\"description\" content=\"Der albanisch-schweizerische Verein swissalbs hat die Gewinnerin des begehrten Unternehmerpreises f\u00fcr das Jahr 2024 bekanntgegeben.\" \/>\n<meta name=\"robots\" content=\"index, follow, max-snippet:-1, max-image-preview:large, max-video-preview:-1\" \/>\n<link rel=\"canonical\" href=\"https:\/\/www.organisator.ch\/en\/management\/2024-09-09\/liridona-makica-gewinnt-den-swissalbs-unternehmerpreis-2024\/\" \/>\n<meta property=\"og:locale\" content=\"en_US\" \/>\n<meta property=\"og:type\" content=\"article\" \/>\n<meta property=\"og:title\" content=\"Liridona Makica gewinnt den swissalbs-Unternehmerpreis 2024\" \/>\n<meta property=\"og:description\" content=\"Der albanisch-schweizerische Verein swissalbs hat die Gewinnerin des begehrten Unternehmerpreises f\u00fcr das Jahr 2024 bekanntgegeben.\" \/>\n<meta property=\"og:url\" content=\"https:\/\/www.organisator.ch\/en\/management\/2024-09-09\/liridona-makica-gewinnt-den-swissalbs-unternehmerpreis-2024\/\" \/>\n<meta property=\"og:site_name\" content=\"Organisator\" \/>\n<meta property=\"article:publisher\" content=\"https:\/\/www.facebook.com\/OrganisatorFachmagazin\" \/>\n<meta property=\"article:published_time\" content=\"2024-09-09T07:27:19+00:00\" \/>\n<meta property=\"article:modified_time\" content=\"2024-10-18T06:07:20+00:00\" \/>\n<meta property=\"og:image\" content=\"https:\/\/www.organisator.ch\/wp-content\/uploads\/2024\/09\/Swissalbs_Bild1_ps.jpg\" \/>\n\t<meta property=\"og:image:width\" content=\"680\" \/>\n\t<meta property=\"og:image:height\" content=\"434\" \/>\n\t<meta property=\"og:image:type\" content=\"image\/jpeg\" \/>\n<meta name=\"author\" content=\"Adelisa Kalajdzini\" \/>\n<meta name=\"twitter:card\" content=\"summary_large_image\" \/>\n<meta name=\"twitter:title\" content=\"Liridona Makica gewinnt den swissalbs-Unternehmerpreis 2024\" \/>\n<meta name=\"twitter:description\" content=\"Der #albanisch-schweizerische #Verein #swissalbs hat die #Gewinnerin des begehrten #Unternehmerpreises f\u00fcr das Jahr 2024 bekanntgegeben.\" \/>\n<meta name=\"twitter:image\" content=\"https:\/\/www.organisator.ch\/wp-content\/uploads\/2024\/09\/Swissalbs_Bild1_ps.jpg\" \/>\n<script type=\"application\/ld+json\" class=\"yoast-schema-graph\">{\"@context\":\"https:\\\/\\\/schema.org\",\"@graph\":[{\"@type\":\"Article\",\"@id\":\"https:\\\/\\\/www.organisator.ch\\\/management\\\/2024-09-09\\\/liridona-makica-gewinnt-den-swissalbs-unternehmerpreis-2024\\\/#article\",\"isPartOf\":{\"@id\":\"https:\\\/\\\/www.organisator.ch\\\/management\\\/2024-09-09\\\/liridona-makica-gewinnt-den-swissalbs-unternehmerpreis-2024\\\/\"},\"author\":{\"name\":\"Adelisa Kalajdzini\",\"@id\":\"https:\\\/\\\/www.organisator.ch\\\/#\\\/schema\\\/person\\\/2e1314a2172123f874db408d8911d3f3\"},\"headline\":\"Liridona Makica gewinnt den swissalbs-Unternehmerpreis 2024\",\"datePublished\":\"2024-09-09T07:27:19+00:00\",\"dateModified\":\"2024-10-18T06:07:20+00:00\",\"mainEntityOfPage\":{\"@id\":\"https:\\\/\\\/www.organisator.ch\\\/management\\\/2024-09-09\\\/liridona-makica-gewinnt-den-swissalbs-unternehmerpreis-2024\\\/\"},\"wordCount\":599,\"publisher\":{\"@id\":\"https:\\\/\\\/www.organisator.ch\\\/#organization\"},\"image\":{\"@id\":\"https:\\\/\\\/www.organisator.ch\\\/management\\\/2024-09-09\\\/liridona-makica-gewinnt-den-swissalbs-unternehmerpreis-2024\\\/#primaryimage\"},\"thumbnailUrl\":\"https:\\\/\\\/www.organisator.ch\\\/wp-content\\\/uploads\\\/2024\\\/09\\\/Swissalbs_Bild1_ps.jpg\",\"keywords\":[\"Management\",\"Preisverleihung\",\"swissalbs\",\"Unternehmen\"],\"articleSection\":[\"MANAGEMENT\"],\"inLanguage\":\"en-US\"},{\"@type\":\"WebPage\",\"@id\":\"https:\\\/\\\/www.organisator.ch\\\/management\\\/2024-09-09\\\/liridona-makica-gewinnt-den-swissalbs-unternehmerpreis-2024\\\/\",\"url\":\"https:\\\/\\\/www.organisator.ch\\\/management\\\/2024-09-09\\\/liridona-makica-gewinnt-den-swissalbs-unternehmerpreis-2024\\\/\",\"name\":\"Liridona Makica gewinnt den swissalbs-Unternehmerpreis 2024 - Organisator\",\"isPartOf\":{\"@id\":\"https:\\\/\\\/www.organisator.ch\\\/#website\"},\"primaryImageOfPage\":{\"@id\":\"https:\\\/\\\/www.organisator.ch\\\/management\\\/2024-09-09\\\/liridona-makica-gewinnt-den-swissalbs-unternehmerpreis-2024\\\/#primaryimage\"},\"image\":{\"@id\":\"https:\\\/\\\/www.organisator.ch\\\/management\\\/2024-09-09\\\/liridona-makica-gewinnt-den-swissalbs-unternehmerpreis-2024\\\/#primaryimage\"},\"thumbnailUrl\":\"https:\\\/\\\/www.organisator.ch\\\/wp-content\\\/uploads\\\/2024\\\/09\\\/Swissalbs_Bild1_ps.jpg\",\"datePublished\":\"2024-09-09T07:27:19+00:00\",\"dateModified\":\"2024-10-18T06:07:20+00:00\",\"description\":\"Der albanisch-schweizerische Verein swissalbs hat die Gewinnerin des begehrten Unternehmerpreises f\u00fcr das Jahr 2024 bekanntgegeben.\",\"breadcrumb\":{\"@id\":\"https:\\\/\\\/www.organisator.ch\\\/management\\\/2024-09-09\\\/liridona-makica-gewinnt-den-swissalbs-unternehmerpreis-2024\\\/#breadcrumb\"},\"inLanguage\":\"en-US\",\"potentialAction\":[{\"@type\":\"ReadAction\",\"target\":[\"https:\\\/\\\/www.organisator.ch\\\/management\\\/2024-09-09\\\/liridona-makica-gewinnt-den-swissalbs-unternehmerpreis-2024\\\/\"]}]},{\"@type\":\"ImageObject\",\"inLanguage\":\"en-US\",\"@id\":\"https:\\\/\\\/www.organisator.ch\\\/management\\\/2024-09-09\\\/liridona-makica-gewinnt-den-swissalbs-unternehmerpreis-2024\\\/#primaryimage\",\"url\":\"https:\\\/\\\/www.organisator.ch\\\/wp-content\\\/uploads\\\/2024\\\/09\\\/Swissalbs_Bild1_ps.jpg\",\"contentUrl\":\"https:\\\/\\\/www.organisator.ch\\\/wp-content\\\/uploads\\\/2024\\\/09\\\/Swissalbs_Bild1_ps.jpg\",\"width\":680,\"height\":434,\"caption\":\"Liridona Makica, Gr\u00fcnderin und Gesch\u00e4ftsf\u00fchrerin von Spitex Dona gewinnt den swissalbs-Unternehmerpreis 2024. (Bild: www.swissalbs.ch \\\/ Albinfo)\"},{\"@type\":\"BreadcrumbList\",\"@id\":\"https:\\\/\\\/www.organisator.ch\\\/management\\\/2024-09-09\\\/liridona-makica-gewinnt-den-swissalbs-unternehmerpreis-2024\\\/#breadcrumb\",\"itemListElement\":[{\"@type\":\"ListItem\",\"position\":1,\"name\":\"Home\",\"item\":\"https:\\\/\\\/www.organisator.ch\\\/\"},{\"@type\":\"ListItem\",\"position\":2,\"name\":\"Liridona Makica gewinnt den swissalbs-Unternehmerpreis 2024\"}]},{\"@type\":\"WebSite\",\"@id\":\"https:\\\/\\\/www.organisator.ch\\\/#website\",\"url\":\"https:\\\/\\\/www.organisator.ch\\\/\",\"name\":\"Organisator\",\"description\":\"Kompetent. Praxisnah. Der ORGANISATOR bereitet in 10 Ausgaben pro Jahr die wesentlichen Themen f\u00fcr F\u00fchrungskr\u00e4fte von KMU auf.\",\"publisher\":{\"@id\":\"https:\\\/\\\/www.organisator.ch\\\/#organization\"},\"potentialAction\":[{\"@type\":\"SearchAction\",\"target\":{\"@type\":\"EntryPoint\",\"urlTemplate\":\"https:\\\/\\\/www.organisator.ch\\\/?s={search_term_string}\"},\"query-input\":{\"@type\":\"PropertyValueSpecification\",\"valueRequired\":true,\"valueName\":\"search_term_string\"}}],\"inLanguage\":\"en-US\"},{\"@type\":\"Organization\",\"@id\":\"https:\\\/\\\/www.organisator.ch\\\/#organization\",\"name\":\"Organisator\",\"url\":\"https:\\\/\\\/www.organisator.ch\\\/\",\"logo\":{\"@type\":\"ImageObject\",\"inLanguage\":\"en-US\",\"@id\":\"https:\\\/\\\/www.organisator.ch\\\/#\\\/schema\\\/logo\\\/image\\\/\",\"url\":\"https:\\\/\\\/www.organisator.ch\\\/wp-content\\\/uploads\\\/2022\\\/01\\\/Logo_Organisator_Website.png\",\"contentUrl\":\"https:\\\/\\\/www.organisator.ch\\\/wp-content\\\/uploads\\\/2022\\\/01\\\/Logo_Organisator_Website.png\",\"width\":800,\"height\":77,\"caption\":\"Organisator\"},\"image\":{\"@id\":\"https:\\\/\\\/www.organisator.ch\\\/#\\\/schema\\\/logo\\\/image\\\/\"},\"sameAs\":[\"https:\\\/\\\/www.facebook.com\\\/OrganisatorFachmagazin\",\"https:\\\/\\\/www.linkedin.com\\\/showcase\\\/organisator-das-magazin-fr-kmu\",\"https:\\\/\\\/www.xing.com\\\/news\\\/pages\\\/organisator-ch-695\",\"https:\\\/\\\/www.youtube.com\\\/channel\\\/UCGP2Sq0iWaZwT3BdIAQFYpw\"]},{\"@type\":\"Person\",\"@id\":\"https:\\\/\\\/www.organisator.ch\\\/#\\\/schema\\\/person\\\/2e1314a2172123f874db408d8911d3f3\",\"name\":\"Adelisa Kalajdzini\",\"image\":{\"@type\":\"ImageObject\",\"inLanguage\":\"en-US\",\"@id\":\"https:\\\/\\\/secure.gravatar.com\\\/avatar\\\/09a397c22ac58cad6f160ee8306348599df9df58a8ede73696226897b9fa4b24?s=96&d=mm&r=g\",\"url\":\"https:\\\/\\\/secure.gravatar.com\\\/avatar\\\/09a397c22ac58cad6f160ee8306348599df9df58a8ede73696226897b9fa4b24?s=96&d=mm&r=g\",\"contentUrl\":\"https:\\\/\\\/secure.gravatar.com\\\/avatar\\\/09a397c22ac58cad6f160ee8306348599df9df58a8ede73696226897b9fa4b24?s=96&d=mm&r=g\",\"caption\":\"Adelisa Kalajdzini\"},\"url\":\"https:\\\/\\\/www.organisator.ch\\\/en\\\/author\\\/adelisa-kalajdzini\\\/\"}]}<\/script>\n<!-- \/ Yoast SEO plugin. -->","yoast_head_json":{"title":"Liridona Makica wins the swissalbs Entrepreneur Award 2024 - Organizer","description":"The Albanian-Swiss association swissalbs has announced the winner of the coveted Entrepreneur Award for 2024.","robots":{"index":"index","follow":"follow","max-snippet":"max-snippet:-1","max-image-preview":"max-image-preview:large","max-video-preview":"max-video-preview:-1"},"canonical":"https:\/\/www.organisator.ch\/en\/management\/2024-09-09\/liridona-makica-gewinnt-den-swissalbs-unternehmerpreis-2024\/","og_locale":"en_US","og_type":"article","og_title":"Liridona Makica gewinnt den swissalbs-Unternehmerpreis 2024","og_description":"Der albanisch-schweizerische Verein swissalbs hat die Gewinnerin des begehrten Unternehmerpreises f\u00fcr das Jahr 2024 bekanntgegeben.","og_url":"https:\/\/www.organisator.ch\/en\/management\/2024-09-09\/liridona-makica-gewinnt-den-swissalbs-unternehmerpreis-2024\/","og_site_name":"Organisator","article_publisher":"https:\/\/www.facebook.com\/OrganisatorFachmagazin","article_published_time":"2024-09-09T07:27:19+00:00","article_modified_time":"2024-10-18T06:07:20+00:00","og_image":[{"width":680,"height":434,"url":"https:\/\/www.organisator.ch\/wp-content\/uploads\/2024\/09\/Swissalbs_Bild1_ps.jpg","type":"image\/jpeg"}],"author":"Adelisa Kalajdzini","twitter_card":"summary_large_image","twitter_title":"Liridona Makica gewinnt den swissalbs-Unternehmerpreis 2024","twitter_description":"Der #albanisch-schweizerische #Verein #swissalbs hat die #Gewinnerin des begehrten #Unternehmerpreises f\u00fcr das Jahr 2024 bekanntgegeben.","twitter_image":"https:\/\/www.organisator.ch\/wp-content\/uploads\/2024\/09\/Swissalbs_Bild1_ps.jpg","schema":{"@context":"https:\/\/schema.org","@graph":[{"@type":"Article","@id":"https:\/\/www.organisator.ch\/management\/2024-09-09\/liridona-makica-gewinnt-den-swissalbs-unternehmerpreis-2024\/#article","isPartOf":{"@id":"https:\/\/www.organisator.ch\/management\/2024-09-09\/liridona-makica-gewinnt-den-swissalbs-unternehmerpreis-2024\/"},"author":{"name":"Adelisa Kalajdzini","@id":"https:\/\/www.organisator.ch\/#\/schema\/person\/2e1314a2172123f874db408d8911d3f3"},"headline":"Liridona Makica gewinnt den swissalbs-Unternehmerpreis 2024","datePublished":"2024-09-09T07:27:19+00:00","dateModified":"2024-10-18T06:07:20+00:00","mainEntityOfPage":{"@id":"https:\/\/www.organisator.ch\/management\/2024-09-09\/liridona-makica-gewinnt-den-swissalbs-unternehmerpreis-2024\/"},"wordCount":599,"publisher":{"@id":"https:\/\/www.organisator.ch\/#organization"},"image":{"@id":"https:\/\/www.organisator.ch\/management\/2024-09-09\/liridona-makica-gewinnt-den-swissalbs-unternehmerpreis-2024\/#primaryimage"},"thumbnailUrl":"https:\/\/www.organisator.ch\/wp-content\/uploads\/2024\/09\/Swissalbs_Bild1_ps.jpg","keywords":["Management","Preisverleihung","swissalbs","Unternehmen"],"articleSection":["MANAGEMENT"],"inLanguage":"en-US"},{"@type":"WebPage","@id":"https:\/\/www.organisator.ch\/management\/2024-09-09\/liridona-makica-gewinnt-den-swissalbs-unternehmerpreis-2024\/","url":"https:\/\/www.organisator.ch\/management\/2024-09-09\/liridona-makica-gewinnt-den-swissalbs-unternehmerpreis-2024\/","name":"Liridona Makica wins the swissalbs Entrepreneur Award 2024 - Organizer","isPartOf":{"@id":"https:\/\/www.organisator.ch\/#website"},"primaryImageOfPage":{"@id":"https:\/\/www.organisator.ch\/management\/2024-09-09\/liridona-makica-gewinnt-den-swissalbs-unternehmerpreis-2024\/#primaryimage"},"image":{"@id":"https:\/\/www.organisator.ch\/management\/2024-09-09\/liridona-makica-gewinnt-den-swissalbs-unternehmerpreis-2024\/#primaryimage"},"thumbnailUrl":"https:\/\/www.organisator.ch\/wp-content\/uploads\/2024\/09\/Swissalbs_Bild1_ps.jpg","datePublished":"2024-09-09T07:27:19+00:00","dateModified":"2024-10-18T06:07:20+00:00","description":"The Albanian-Swiss association swissalbs has announced the winner of the coveted Entrepreneur Award for 2024.","breadcrumb":{"@id":"https:\/\/www.organisator.ch\/management\/2024-09-09\/liridona-makica-gewinnt-den-swissalbs-unternehmerpreis-2024\/#breadcrumb"},"inLanguage":"en-US","potentialAction":[{"@type":"ReadAction","target":["https:\/\/www.organisator.ch\/management\/2024-09-09\/liridona-makica-gewinnt-den-swissalbs-unternehmerpreis-2024\/"]}]},{"@type":"ImageObject","inLanguage":"en-US","@id":"https:\/\/www.organisator.ch\/management\/2024-09-09\/liridona-makica-gewinnt-den-swissalbs-unternehmerpreis-2024\/#primaryimage","url":"https:\/\/www.organisator.ch\/wp-content\/uploads\/2024\/09\/Swissalbs_Bild1_ps.jpg","contentUrl":"https:\/\/www.organisator.ch\/wp-content\/uploads\/2024\/09\/Swissalbs_Bild1_ps.jpg","width":680,"height":434,"caption":"Liridona Makica, Gr\u00fcnderin und Gesch\u00e4ftsf\u00fchrerin von Spitex Dona gewinnt den swissalbs-Unternehmerpreis 2024. (Bild: www.swissalbs.ch \/ Albinfo)"},{"@type":"BreadcrumbList","@id":"https:\/\/www.organisator.ch\/management\/2024-09-09\/liridona-makica-gewinnt-den-swissalbs-unternehmerpreis-2024\/#breadcrumb","itemListElement":[{"@type":"ListItem","position":1,"name":"Home","item":"https:\/\/www.organisator.ch\/"},{"@type":"ListItem","position":2,"name":"Liridona Makica gewinnt den swissalbs-Unternehmerpreis 2024"}]},{"@type":"WebSite","@id":"https:\/\/www.organisator.ch\/#website","url":"https:\/\/www.organisator.ch\/","name":"Organizer","description":"Competent. Practical. In 10 issues per year, ORGANISATOR presents the essential topics for managers of SMEs.","publisher":{"@id":"https:\/\/www.organisator.ch\/#organization"},"potentialAction":[{"@type":"SearchAction","target":{"@type":"EntryPoint","urlTemplate":"https:\/\/www.organisator.ch\/?s={search_term_string}"},"query-input":{"@type":"PropertyValueSpecification","valueRequired":true,"valueName":"search_term_string"}}],"inLanguage":"en-US"},{"@type":"Organization","@id":"https:\/\/www.organisator.ch\/#organization","name":"Organizer","url":"https:\/\/www.organisator.ch\/","logo":{"@type":"ImageObject","inLanguage":"en-US","@id":"https:\/\/www.organisator.ch\/#\/schema\/logo\/image\/","url":"https:\/\/www.organisator.ch\/wp-content\/uploads\/2022\/01\/Logo_Organisator_Website.png","contentUrl":"https:\/\/www.organisator.ch\/wp-content\/uploads\/2022\/01\/Logo_Organisator_Website.png","width":800,"height":77,"caption":"Organisator"},"image":{"@id":"https:\/\/www.organisator.ch\/#\/schema\/logo\/image\/"},"sameAs":["https:\/\/www.facebook.com\/OrganisatorFachmagazin","https:\/\/www.linkedin.com\/showcase\/organisator-das-magazin-fr-kmu","https:\/\/www.xing.com\/news\/pages\/organisator-ch-695","https:\/\/www.youtube.com\/channel\/UCGP2Sq0iWaZwT3BdIAQFYpw"]},{"@type":"Person","@id":"https:\/\/www.organisator.ch\/#\/schema\/person\/2e1314a2172123f874db408d8911d3f3","name":"Adelisa Kalajdzini","image":{"@type":"ImageObject","inLanguage":"en-US","@id":"https:\/\/secure.gravatar.com\/avatar\/09a397c22ac58cad6f160ee8306348599df9df58a8ede73696226897b9fa4b24?s=96&d=mm&r=g","url":"https:\/\/secure.gravatar.com\/avatar\/09a397c22ac58cad6f160ee8306348599df9df58a8ede73696226897b9fa4b24?s=96&d=mm&r=g","contentUrl":"https:\/\/secure.gravatar.com\/avatar\/09a397c22ac58cad6f160ee8306348599df9df58a8ede73696226897b9fa4b24?s=96&d=mm&r=g","caption":"Adelisa Kalajdzini"},"url":"https:\/\/www.organisator.ch\/en\/author\/adelisa-kalajdzini\/"}]}},"_links":{"self":[{"href":"https:\/\/www.organisator.ch\/en\/wp-json\/wp\/v2\/posts\/29633","targetHints":{"allow":["GET"]}}],"collection":[{"href":"https:\/\/www.organisator.ch\/en\/wp-json\/wp\/v2\/posts"}],"about":[{"href":"https:\/\/www.organisator.ch\/en\/wp-json\/wp\/v2\/types\/post"}],"author":[{"embeddable":true,"href":"https:\/\/www.organisator.ch\/en\/wp-json\/wp\/v2\/users\/58"}],"replies":[{"embeddable":true,"href":"https:\/\/www.organisator.ch\/en\/wp-json\/wp\/v2\/comments?post=29633"}],"version-history":[{"count":2,"href":"https:\/\/www.organisator.ch\/en\/wp-json\/wp\/v2\/posts\/29633\/revisions"}],"predecessor-version":[{"id":29637,"href":"https:\/\/www.organisator.ch\/en\/wp-json\/wp\/v2\/posts\/29633\/revisions\/29637"}],"wp:featuredmedia":[{"embeddable":true,"href":"https:\/\/www.organisator.ch\/en\/wp-json\/wp\/v2\/media\/29634"}],"wp:attachment":[{"href":"https:\/\/www.organisator.ch\/en\/wp-json\/wp\/v2\/media?parent=29633"}],"wp:term":[{"taxonomy":"category","embeddable":true,"href":"https:\/\/www.organisator.ch\/en\/wp-json\/wp\/v2\/categories?post=29633"},{"taxonomy":"post_tag","embeddable":true,"href":"https:\/\/www.organisator.ch\/en\/wp-json\/wp\/v2\/tags?post=29633"}],"curies":[{"name":"wp","href":"https:\/\/api.w.org\/{rel}","templated":true}]}}