{"id":2966,"date":"2020-03-31T12:03:18","date_gmt":"2020-03-31T10:03:18","guid":{"rendered":"https:\/\/www.umweltperspektiven.ch\/?p=2966"},"modified":"2022-02-09T11:05:34","modified_gmt":"2022-02-09T10:05:34","slug":"eberhard-baut-neue-baustoffkreislauf-anlage","status":"publish","type":"post","link":"https:\/\/www.organisator.ch\/en\/sustainability\/2020-03-31\/eberhard-baut-neue-baustoffkreislauf-anlage\/","title":{"rendered":"Eberhard builds new building materials recycling plant"},"content":{"rendered":"<div class=\"ym-g66 ym-gl stage\">\n<div class=\"ym-gbox-left\">\n<section class=\"obu-section-text\">\n<div class=\"obu-txt\">\n<figure id=\"attachment_2967\" aria-describedby=\"caption-attachment-2967\" style=\"width: 680px\" class=\"wp-caption alignnone\"><img loading=\"lazy\" decoding=\"async\" class=\"size-medium wp-image-2967\" src=\"\/\/www.umweltperspektiven.ch\/wp-content\/uploads\/2020\/03\/Eberhard-Spatenstich-UP_umweltperspektiven.jpg\" alt=\"\" width=\"680\" height=\"453\" \/><figcaption id=\"caption-attachment-2967\" class=\"wp-caption-text\">Groundbreaking ceremony by representatives of the municipality of Oberglatt, the planning team as well as Eberhard owners at the new building materials recycling facility \"BSR 2.0\" at Ebipark in Oberglatt. (Image: zVg)<\/figcaption><\/figure>\n<p>With the groundbreaking ceremony by representatives of the municipality of Oberglatt, the planning team as well as Eberhard owners, the construction of the new building materials recycling plant \"BSR 2.0\" in the Ebipark in Oberglatt started on February 24, 2020.<\/p>\n<p>The productive start-up of the new plant in the Frevlig industrial zone is scheduled for fall 2021. This pioneering plant will ensure the legally compliant upcycling of construction waste into top-quality products. A new type of treatment with sorting robots and artificial intelligence will be used. Overall, almost 100 percent recycling will be achieved.<\/p>\n<p><strong>In the name of the circular economy<\/strong><\/p>\n<p>Martin Eberhard, CEO of Eberhard Unternehmungen, on the construction of the new plant: \"The previous building materials recycling center \"Ebirec\" in R\u00fcmlang has processed around 7 million tons of building rubble into high-quality recycling products over the past 20 years. With the megatrend of the circular economy, we expect an even greater demand for high-quality recycling products in the future. This will push us to the limits of Ebirec's capacity.<\/p>\n<p>With the new building materials recycling plant in Oberglatt, we are utilizing the largest waste stream in Switzerland, conserving landfill space and setting new standards in recycling management.\"<\/p>\n<p><a href=\"\/\/www.eberhard.ch\">www.eberhard.ch<\/a><\/p>\n<p>&nbsp;<\/p>\n<\/div>\n<\/section>\n<\/div>\n<\/div>","protected":false},"excerpt":{"rendered":"<p>Mit dem Spatenstich durch Vertreter der Gemeinde Oberglatt, dem Planerteam\u00a0sowie Eberhard Besitzern hat der Bau der neuen Baustoffkreislauf-Anlage \u00abBSR 2.0\u00bb\u00a0im Ebipark in Oberglatt\u00a0am 24. Februar 2020 gestartet. Die produktive Inbetriebnahme der neuen Anlage in der Industriezone Frevlig\u00a0ist im Herbst 2021 vorgesehen. Dieses zukunftsweisende Werk sichert das gesetzeskonforme Upcycling von Bauabf\u00e4llen zu qualitativ h\u00f6chstwertigen Produkten. Zum [&hellip;]<\/p>\n","protected":false},"author":5,"featured_media":9693,"comment_status":"closed","ping_status":"closed","sticky":false,"template":"","format":"standard","meta":{"_acf_changed":false,"_yoast_wpseo_focuskw":"Baustoffkreislauf-Anlage","_yoast_wpseo_metadesc":"Die Baustoffkreislauf-Anlage \u00abBSR 2.0\u00bb in Oberglatt ist durch Eberhard lanciert worden. Sie verarbeitet einen Teil des gr\u00f6ssten Abfallstroms der Schweiz.","articlekey":"","footnotes":""},"categories":[580],"tags":[789,1012,594,1987,2164,2216],"class_list":["post-2966","post","type-post","status-publish","format-standard","has-post-thumbnail","hentry","category-sustainability","tag-baustoff","tag-eberhard","tag-kreislaufwirtschaft","tag-recycling","tag-spatenstich","tag-strom"],"acf":[],"yoast_head":"<!-- This site is optimized with the Yoast SEO plugin v27.5 - https:\/\/yoast.com\/product\/yoast-seo-wordpress\/ -->\n<title>Eberhard baut neue Baustoffkreislauf-Anlage - Organisator<\/title>\n<meta name=\"description\" content=\"Die Baustoffkreislauf-Anlage \u00abBSR 2.0\u00bb in Oberglatt ist durch Eberhard lanciert worden. Sie verarbeitet einen Teil des gr\u00f6ssten Abfallstroms der Schweiz.\" \/>\n<meta name=\"robots\" content=\"index, follow, max-snippet:-1, max-image-preview:large, max-video-preview:-1\" \/>\n<link rel=\"canonical\" href=\"https:\/\/www.organisator.ch\/en\/sustainability\/2020-03-31\/eberhard-baut-neue-baustoffkreislauf-anlage\/\" \/>\n<meta property=\"og:locale\" content=\"en_US\" \/>\n<meta property=\"og:type\" content=\"article\" \/>\n<meta property=\"og:title\" content=\"Eberhard baut neue Baustoffkreislauf-Anlage - Organisator\" \/>\n<meta property=\"og:description\" content=\"Die Baustoffkreislauf-Anlage \u00abBSR 2.0\u00bb in Oberglatt ist durch Eberhard lanciert worden. Sie verarbeitet einen Teil des gr\u00f6ssten Abfallstroms der Schweiz.\" \/>\n<meta property=\"og:url\" content=\"https:\/\/www.organisator.ch\/en\/sustainability\/2020-03-31\/eberhard-baut-neue-baustoffkreislauf-anlage\/\" \/>\n<meta property=\"og:site_name\" content=\"Organisator\" \/>\n<meta property=\"article:publisher\" content=\"https:\/\/www.facebook.com\/OrganisatorFachmagazin\" \/>\n<meta property=\"article:published_time\" content=\"2020-03-31T10:03:18+00:00\" \/>\n<meta property=\"article:modified_time\" content=\"2022-02-09T10:05:34+00:00\" \/>\n<meta property=\"og:image\" content=\"https:\/\/www.organisator.ch\/wp-content\/uploads\/2020\/03\/Eberhard-Spatenstich-UP_umweltperspektiven.jpg\" \/>\n\t<meta property=\"og:image:width\" content=\"800\" \/>\n\t<meta property=\"og:image:height\" content=\"533\" \/>\n\t<meta property=\"og:image:type\" content=\"image\/jpeg\" \/>\n<meta name=\"author\" content=\"michael.merz\" \/>\n<meta name=\"twitter:card\" content=\"summary_large_image\" \/>\n<script type=\"application\/ld+json\" class=\"yoast-schema-graph\">{\"@context\":\"https:\\\/\\\/schema.org\",\"@graph\":[{\"@type\":\"Article\",\"@id\":\"https:\\\/\\\/www.organisator.ch\\\/sustainability\\\/2020-03-31\\\/eberhard-baut-neue-baustoffkreislauf-anlage\\\/#article\",\"isPartOf\":{\"@id\":\"https:\\\/\\\/www.organisator.ch\\\/sustainability\\\/2020-03-31\\\/eberhard-baut-neue-baustoffkreislauf-anlage\\\/\"},\"author\":{\"name\":\"michael.merz\",\"@id\":\"https:\\\/\\\/www.organisator.ch\\\/#\\\/schema\\\/person\\\/134708ca9321c57b0362cceb7948ffbd\"},\"headline\":\"Eberhard baut neue Baustoffkreislauf-Anlage\",\"datePublished\":\"2020-03-31T10:03:18+00:00\",\"dateModified\":\"2022-02-09T10:05:34+00:00\",\"mainEntityOfPage\":{\"@id\":\"https:\\\/\\\/www.organisator.ch\\\/sustainability\\\/2020-03-31\\\/eberhard-baut-neue-baustoffkreislauf-anlage\\\/\"},\"wordCount\":200,\"publisher\":{\"@id\":\"https:\\\/\\\/www.organisator.ch\\\/#organization\"},\"image\":{\"@id\":\"https:\\\/\\\/www.organisator.ch\\\/sustainability\\\/2020-03-31\\\/eberhard-baut-neue-baustoffkreislauf-anlage\\\/#primaryimage\"},\"thumbnailUrl\":\"https:\\\/\\\/www.organisator.ch\\\/wp-content\\\/uploads\\\/2020\\\/03\\\/Eberhard-Spatenstich-UP_umweltperspektiven.jpg\",\"keywords\":[\"Baustoff\",\"Eberhard\",\"Kreislaufwirtschaft\",\"Recycling\",\"Spatenstich\",\"Strom\"],\"articleSection\":[\"SUSTAINABILITY\"],\"inLanguage\":\"en-US\"},{\"@type\":\"WebPage\",\"@id\":\"https:\\\/\\\/www.organisator.ch\\\/sustainability\\\/2020-03-31\\\/eberhard-baut-neue-baustoffkreislauf-anlage\\\/\",\"url\":\"https:\\\/\\\/www.organisator.ch\\\/sustainability\\\/2020-03-31\\\/eberhard-baut-neue-baustoffkreislauf-anlage\\\/\",\"name\":\"Eberhard baut neue Baustoffkreislauf-Anlage - Organisator\",\"isPartOf\":{\"@id\":\"https:\\\/\\\/www.organisator.ch\\\/#website\"},\"primaryImageOfPage\":{\"@id\":\"https:\\\/\\\/www.organisator.ch\\\/sustainability\\\/2020-03-31\\\/eberhard-baut-neue-baustoffkreislauf-anlage\\\/#primaryimage\"},\"image\":{\"@id\":\"https:\\\/\\\/www.organisator.ch\\\/sustainability\\\/2020-03-31\\\/eberhard-baut-neue-baustoffkreislauf-anlage\\\/#primaryimage\"},\"thumbnailUrl\":\"https:\\\/\\\/www.organisator.ch\\\/wp-content\\\/uploads\\\/2020\\\/03\\\/Eberhard-Spatenstich-UP_umweltperspektiven.jpg\",\"datePublished\":\"2020-03-31T10:03:18+00:00\",\"dateModified\":\"2022-02-09T10:05:34+00:00\",\"description\":\"Die Baustoffkreislauf-Anlage \u00abBSR 2.0\u00bb in Oberglatt ist durch Eberhard lanciert worden. Sie verarbeitet einen Teil des gr\u00f6ssten Abfallstroms der Schweiz.\",\"breadcrumb\":{\"@id\":\"https:\\\/\\\/www.organisator.ch\\\/sustainability\\\/2020-03-31\\\/eberhard-baut-neue-baustoffkreislauf-anlage\\\/#breadcrumb\"},\"inLanguage\":\"en-US\",\"potentialAction\":[{\"@type\":\"ReadAction\",\"target\":[\"https:\\\/\\\/www.organisator.ch\\\/sustainability\\\/2020-03-31\\\/eberhard-baut-neue-baustoffkreislauf-anlage\\\/\"]}]},{\"@type\":\"ImageObject\",\"inLanguage\":\"en-US\",\"@id\":\"https:\\\/\\\/www.organisator.ch\\\/sustainability\\\/2020-03-31\\\/eberhard-baut-neue-baustoffkreislauf-anlage\\\/#primaryimage\",\"url\":\"https:\\\/\\\/www.organisator.ch\\\/wp-content\\\/uploads\\\/2020\\\/03\\\/Eberhard-Spatenstich-UP_umweltperspektiven.jpg\",\"contentUrl\":\"https:\\\/\\\/www.organisator.ch\\\/wp-content\\\/uploads\\\/2020\\\/03\\\/Eberhard-Spatenstich-UP_umweltperspektiven.jpg\",\"width\":800,\"height\":533,\"caption\":\"Spatenstich durch Vertreter der Gemeinde Oberglatt, dem Planerteam sowie Eberhard Besitzern in der neuen Baustoffkreislauf-Anlage \u00abBSR 2.0\u00bb im Ebipark in Oberglatt. (Bild: zVg)\"},{\"@type\":\"BreadcrumbList\",\"@id\":\"https:\\\/\\\/www.organisator.ch\\\/sustainability\\\/2020-03-31\\\/eberhard-baut-neue-baustoffkreislauf-anlage\\\/#breadcrumb\",\"itemListElement\":[{\"@type\":\"ListItem\",\"position\":1,\"name\":\"Home\",\"item\":\"https:\\\/\\\/www.organisator.ch\\\/\"},{\"@type\":\"ListItem\",\"position\":2,\"name\":\"Eberhard baut neue Baustoffkreislauf-Anlage\"}]},{\"@type\":\"WebSite\",\"@id\":\"https:\\\/\\\/www.organisator.ch\\\/#website\",\"url\":\"https:\\\/\\\/www.organisator.ch\\\/\",\"name\":\"Organisator\",\"description\":\"Kompetent. Praxisnah. Der ORGANISATOR bereitet in 10 Ausgaben pro Jahr die wesentlichen Themen f\u00fcr F\u00fchrungskr\u00e4fte von KMU auf.\",\"publisher\":{\"@id\":\"https:\\\/\\\/www.organisator.ch\\\/#organization\"},\"potentialAction\":[{\"@type\":\"SearchAction\",\"target\":{\"@type\":\"EntryPoint\",\"urlTemplate\":\"https:\\\/\\\/www.organisator.ch\\\/?s={search_term_string}\"},\"query-input\":{\"@type\":\"PropertyValueSpecification\",\"valueRequired\":true,\"valueName\":\"search_term_string\"}}],\"inLanguage\":\"en-US\"},{\"@type\":\"Organization\",\"@id\":\"https:\\\/\\\/www.organisator.ch\\\/#organization\",\"name\":\"Organisator\",\"url\":\"https:\\\/\\\/www.organisator.ch\\\/\",\"logo\":{\"@type\":\"ImageObject\",\"inLanguage\":\"en-US\",\"@id\":\"https:\\\/\\\/www.organisator.ch\\\/#\\\/schema\\\/logo\\\/image\\\/\",\"url\":\"https:\\\/\\\/www.organisator.ch\\\/wp-content\\\/uploads\\\/2022\\\/01\\\/Logo_Organisator_Website.png\",\"contentUrl\":\"https:\\\/\\\/www.organisator.ch\\\/wp-content\\\/uploads\\\/2022\\\/01\\\/Logo_Organisator_Website.png\",\"width\":800,\"height\":77,\"caption\":\"Organisator\"},\"image\":{\"@id\":\"https:\\\/\\\/www.organisator.ch\\\/#\\\/schema\\\/logo\\\/image\\\/\"},\"sameAs\":[\"https:\\\/\\\/www.facebook.com\\\/OrganisatorFachmagazin\",\"https:\\\/\\\/www.linkedin.com\\\/showcase\\\/organisator-das-magazin-fr-kmu\",\"https:\\\/\\\/www.xing.com\\\/news\\\/pages\\\/organisator-ch-695\",\"https:\\\/\\\/www.youtube.com\\\/channel\\\/UCGP2Sq0iWaZwT3BdIAQFYpw\"]},{\"@type\":\"Person\",\"@id\":\"https:\\\/\\\/www.organisator.ch\\\/#\\\/schema\\\/person\\\/134708ca9321c57b0362cceb7948ffbd\",\"name\":\"michael.merz\",\"image\":{\"@type\":\"ImageObject\",\"inLanguage\":\"en-US\",\"@id\":\"https:\\\/\\\/secure.gravatar.com\\\/avatar\\\/?s=96&d=mm&r=g\",\"url\":\"https:\\\/\\\/secure.gravatar.com\\\/avatar\\\/?s=96&d=mm&r=g\",\"contentUrl\":\"https:\\\/\\\/secure.gravatar.com\\\/avatar\\\/?s=96&d=mm&r=g\",\"caption\":\"michael.merz\"},\"url\":\"https:\\\/\\\/www.organisator.ch\\\/en\\\/author\\\/michael-merz\\\/\"}]}<\/script>\n<!-- \/ Yoast SEO plugin. -->","yoast_head_json":{"title":"Eberhard builds new building materials recycling plant - Organizer","description":"The \"BSR 2.0\" building materials recycling plant in Oberglatt has been launched by Eberhard. It processes part of the largest waste stream in Switzerland.","robots":{"index":"index","follow":"follow","max-snippet":"max-snippet:-1","max-image-preview":"max-image-preview:large","max-video-preview":"max-video-preview:-1"},"canonical":"https:\/\/www.organisator.ch\/en\/sustainability\/2020-03-31\/eberhard-baut-neue-baustoffkreislauf-anlage\/","og_locale":"en_US","og_type":"article","og_title":"Eberhard baut neue Baustoffkreislauf-Anlage - Organisator","og_description":"Die Baustoffkreislauf-Anlage \u00abBSR 2.0\u00bb in Oberglatt ist durch Eberhard lanciert worden. Sie verarbeitet einen Teil des gr\u00f6ssten Abfallstroms der Schweiz.","og_url":"https:\/\/www.organisator.ch\/en\/sustainability\/2020-03-31\/eberhard-baut-neue-baustoffkreislauf-anlage\/","og_site_name":"Organisator","article_publisher":"https:\/\/www.facebook.com\/OrganisatorFachmagazin","article_published_time":"2020-03-31T10:03:18+00:00","article_modified_time":"2022-02-09T10:05:34+00:00","og_image":[{"width":800,"height":533,"url":"https:\/\/www.organisator.ch\/wp-content\/uploads\/2020\/03\/Eberhard-Spatenstich-UP_umweltperspektiven.jpg","type":"image\/jpeg"}],"author":"michael.merz","twitter_card":"summary_large_image","schema":{"@context":"https:\/\/schema.org","@graph":[{"@type":"Article","@id":"https:\/\/www.organisator.ch\/sustainability\/2020-03-31\/eberhard-baut-neue-baustoffkreislauf-anlage\/#article","isPartOf":{"@id":"https:\/\/www.organisator.ch\/sustainability\/2020-03-31\/eberhard-baut-neue-baustoffkreislauf-anlage\/"},"author":{"name":"michael.merz","@id":"https:\/\/www.organisator.ch\/#\/schema\/person\/134708ca9321c57b0362cceb7948ffbd"},"headline":"Eberhard baut neue Baustoffkreislauf-Anlage","datePublished":"2020-03-31T10:03:18+00:00","dateModified":"2022-02-09T10:05:34+00:00","mainEntityOfPage":{"@id":"https:\/\/www.organisator.ch\/sustainability\/2020-03-31\/eberhard-baut-neue-baustoffkreislauf-anlage\/"},"wordCount":200,"publisher":{"@id":"https:\/\/www.organisator.ch\/#organization"},"image":{"@id":"https:\/\/www.organisator.ch\/sustainability\/2020-03-31\/eberhard-baut-neue-baustoffkreislauf-anlage\/#primaryimage"},"thumbnailUrl":"https:\/\/www.organisator.ch\/wp-content\/uploads\/2020\/03\/Eberhard-Spatenstich-UP_umweltperspektiven.jpg","keywords":["Baustoff","Eberhard","Kreislaufwirtschaft","Recycling","Spatenstich","Strom"],"articleSection":["SUSTAINABILITY"],"inLanguage":"en-US"},{"@type":"WebPage","@id":"https:\/\/www.organisator.ch\/sustainability\/2020-03-31\/eberhard-baut-neue-baustoffkreislauf-anlage\/","url":"https:\/\/www.organisator.ch\/sustainability\/2020-03-31\/eberhard-baut-neue-baustoffkreislauf-anlage\/","name":"Eberhard builds new building materials recycling plant - Organizer","isPartOf":{"@id":"https:\/\/www.organisator.ch\/#website"},"primaryImageOfPage":{"@id":"https:\/\/www.organisator.ch\/sustainability\/2020-03-31\/eberhard-baut-neue-baustoffkreislauf-anlage\/#primaryimage"},"image":{"@id":"https:\/\/www.organisator.ch\/sustainability\/2020-03-31\/eberhard-baut-neue-baustoffkreislauf-anlage\/#primaryimage"},"thumbnailUrl":"https:\/\/www.organisator.ch\/wp-content\/uploads\/2020\/03\/Eberhard-Spatenstich-UP_umweltperspektiven.jpg","datePublished":"2020-03-31T10:03:18+00:00","dateModified":"2022-02-09T10:05:34+00:00","description":"The \"BSR 2.0\" building materials recycling plant in Oberglatt has been launched by Eberhard. It processes part of the largest waste stream in Switzerland.","breadcrumb":{"@id":"https:\/\/www.organisator.ch\/sustainability\/2020-03-31\/eberhard-baut-neue-baustoffkreislauf-anlage\/#breadcrumb"},"inLanguage":"en-US","potentialAction":[{"@type":"ReadAction","target":["https:\/\/www.organisator.ch\/sustainability\/2020-03-31\/eberhard-baut-neue-baustoffkreislauf-anlage\/"]}]},{"@type":"ImageObject","inLanguage":"en-US","@id":"https:\/\/www.organisator.ch\/sustainability\/2020-03-31\/eberhard-baut-neue-baustoffkreislauf-anlage\/#primaryimage","url":"https:\/\/www.organisator.ch\/wp-content\/uploads\/2020\/03\/Eberhard-Spatenstich-UP_umweltperspektiven.jpg","contentUrl":"https:\/\/www.organisator.ch\/wp-content\/uploads\/2020\/03\/Eberhard-Spatenstich-UP_umweltperspektiven.jpg","width":800,"height":533,"caption":"Spatenstich durch Vertreter der Gemeinde Oberglatt, dem Planerteam sowie Eberhard Besitzern in der neuen Baustoffkreislauf-Anlage \u00abBSR 2.0\u00bb im Ebipark in Oberglatt. (Bild: zVg)"},{"@type":"BreadcrumbList","@id":"https:\/\/www.organisator.ch\/sustainability\/2020-03-31\/eberhard-baut-neue-baustoffkreislauf-anlage\/#breadcrumb","itemListElement":[{"@type":"ListItem","position":1,"name":"Home","item":"https:\/\/www.organisator.ch\/"},{"@type":"ListItem","position":2,"name":"Eberhard baut neue Baustoffkreislauf-Anlage"}]},{"@type":"WebSite","@id":"https:\/\/www.organisator.ch\/#website","url":"https:\/\/www.organisator.ch\/","name":"Organizer","description":"Competent. Practical. In 10 issues per year, ORGANISATOR presents the essential topics for managers of SMEs.","publisher":{"@id":"https:\/\/www.organisator.ch\/#organization"},"potentialAction":[{"@type":"SearchAction","target":{"@type":"EntryPoint","urlTemplate":"https:\/\/www.organisator.ch\/?s={search_term_string}"},"query-input":{"@type":"PropertyValueSpecification","valueRequired":true,"valueName":"search_term_string"}}],"inLanguage":"en-US"},{"@type":"Organization","@id":"https:\/\/www.organisator.ch\/#organization","name":"Organizer","url":"https:\/\/www.organisator.ch\/","logo":{"@type":"ImageObject","inLanguage":"en-US","@id":"https:\/\/www.organisator.ch\/#\/schema\/logo\/image\/","url":"https:\/\/www.organisator.ch\/wp-content\/uploads\/2022\/01\/Logo_Organisator_Website.png","contentUrl":"https:\/\/www.organisator.ch\/wp-content\/uploads\/2022\/01\/Logo_Organisator_Website.png","width":800,"height":77,"caption":"Organisator"},"image":{"@id":"https:\/\/www.organisator.ch\/#\/schema\/logo\/image\/"},"sameAs":["https:\/\/www.facebook.com\/OrganisatorFachmagazin","https:\/\/www.linkedin.com\/showcase\/organisator-das-magazin-fr-kmu","https:\/\/www.xing.com\/news\/pages\/organisator-ch-695","https:\/\/www.youtube.com\/channel\/UCGP2Sq0iWaZwT3BdIAQFYpw"]},{"@type":"Person","@id":"https:\/\/www.organisator.ch\/#\/schema\/person\/134708ca9321c57b0362cceb7948ffbd","name":"michael.merz","image":{"@type":"ImageObject","inLanguage":"en-US","@id":"https:\/\/secure.gravatar.com\/avatar\/?s=96&d=mm&r=g","url":"https:\/\/secure.gravatar.com\/avatar\/?s=96&d=mm&r=g","contentUrl":"https:\/\/secure.gravatar.com\/avatar\/?s=96&d=mm&r=g","caption":"michael.merz"},"url":"https:\/\/www.organisator.ch\/en\/author\/michael-merz\/"}]}},"_links":{"self":[{"href":"https:\/\/www.organisator.ch\/en\/wp-json\/wp\/v2\/posts\/2966","targetHints":{"allow":["GET"]}}],"collection":[{"href":"https:\/\/www.organisator.ch\/en\/wp-json\/wp\/v2\/posts"}],"about":[{"href":"https:\/\/www.organisator.ch\/en\/wp-json\/wp\/v2\/types\/post"}],"author":[{"embeddable":true,"href":"https:\/\/www.organisator.ch\/en\/wp-json\/wp\/v2\/users\/5"}],"replies":[{"embeddable":true,"href":"https:\/\/www.organisator.ch\/en\/wp-json\/wp\/v2\/comments?post=2966"}],"version-history":[{"count":1,"href":"https:\/\/www.organisator.ch\/en\/wp-json\/wp\/v2\/posts\/2966\/revisions"}],"predecessor-version":[{"id":10395,"href":"https:\/\/www.organisator.ch\/en\/wp-json\/wp\/v2\/posts\/2966\/revisions\/10395"}],"wp:featuredmedia":[{"embeddable":true,"href":"https:\/\/www.organisator.ch\/en\/wp-json\/wp\/v2\/media\/9693"}],"wp:attachment":[{"href":"https:\/\/www.organisator.ch\/en\/wp-json\/wp\/v2\/media?parent=2966"}],"wp:term":[{"taxonomy":"category","embeddable":true,"href":"https:\/\/www.organisator.ch\/en\/wp-json\/wp\/v2\/categories?post=2966"},{"taxonomy":"post_tag","embeddable":true,"href":"https:\/\/www.organisator.ch\/en\/wp-json\/wp\/v2\/tags?post=2966"}],"curies":[{"name":"wp","href":"https:\/\/api.w.org\/{rel}","templated":true}]}}