{"id":29674,"date":"2024-09-11T06:27:44","date_gmt":"2024-09-11T04:27:44","guid":{"rendered":"https:\/\/www.organisator.ch\/?p=29674"},"modified":"2024-09-10T11:28:07","modified_gmt":"2024-09-10T09:28:07","slug":"ueber-600-neue-studierende-starten-2024-an-der-zhaw-in-waedenswil","status":"publish","type":"post","link":"https:\/\/www.organisator.ch\/en\/weiterbildung\/2024-09-11\/ueber-600-neue-studierende-starten-2024-an-der-zhaw-in-waedenswil\/","title":{"rendered":"Over 600 new students will start at the ZHAW in W\u00e4denswil in 2024"},"content":{"rendered":"<figure id=\"attachment_29677\" aria-describedby=\"caption-attachment-29677\" style=\"width: 680px\" class=\"wp-caption alignnone\"><img loading=\"lazy\" decoding=\"async\" class=\"size-full wp-image-29677\" src=\"https:\/\/www.organisator.ch\/wp-content\/uploads\/2024\/09\/ZHAW_Bild1_ps.jpg\" alt=\"\" width=\"680\" height=\"412\" srcset=\"https:\/\/www.organisator.ch\/wp-content\/uploads\/2024\/09\/ZHAW_Bild1_ps.jpg 680w, https:\/\/www.organisator.ch\/wp-content\/uploads\/2024\/09\/ZHAW_Bild1_ps-18x12.jpg 18w, https:\/\/www.organisator.ch\/wp-content\/uploads\/2024\/09\/ZHAW_Bild1_ps-375x227.jpg 375w, https:\/\/www.organisator.ch\/wp-content\/uploads\/2024\/09\/ZHAW_Bild1_ps-578x350.jpg 578w\" sizes=\"auto, (max-width: 680px) 100vw, 680px\" \/><figcaption id=\"caption-attachment-29677\" class=\"wp-caption-text\">2024 ZHAW launch week in the Kulturhalle Gl\u00e4rnisch in W\u00e4denswil. (Image: www.zhaw.ch)<\/figcaption><\/figure>\n<p>Department Director Urs Hilber and his deputy Diyana Petrova, Head of Education, Research and Resources, welcomed a total of 435 prospective Bachelor's students to the ZHAW Department of Life Sciences and Facility Management in W\u00e4denswil. The Environmental Engineering course, which once again recorded the highest number of new admissions, has been completely revised for this year. Already known for its strong practical orientation, it goes one step further. From the very first semester, the focus is on competence-oriented and project-based didactics.<\/p>\n<p>In addition to the Bachelor's students, the Department of Life Sciences and Facility Management also has 128 new students on the Master's degree courses in Life Sciences, Real Estate &amp; Facility Management and Environment and Natural Resources this fall. A further 43 have already started one of these Master's courses in the spring semester. In addition, 30 Master's students also started in Preneurship for Regenerative Food Systems in the spring. Furthermore, the Master's in Circular Economy Management, offered by the Department of Life Sciences and Facility Management together with the School of Engineering and the School of Management and Law, will welcome its second cohort this fall.<\/p>\n<h3><strong>Start week as preparation for your studies<\/strong><\/h3>\n<p>The introductory week, known as the start week, makes it easier for first-semester students to start their Bachelor's degree course, not only with regard to technical and administrative issues, but also to find their way around the campus and their chosen degree course. As in the previous year, the welcome event to kick off the start week took place in the Kulturhalle Gl\u00e4rnisch in W\u00e4denswil. This offers enough space for all new Bachelor students. The students then made their way to the campus with their coaches.<\/p>\n<h3><strong>New admissions for Bachelor's and Master's students at the ZHAW in W\u00e4denswil from the start of the fall semester 2024<\/strong><\/h3>\n<p>Status 9.9.2024:<\/p>\n<p><strong>Bachelor Applied Digital Life Sciences 45\u00a0\u00a0\u00a0\u00a0\u00a0\u00a0\u00a0<\/strong><\/p>\n<p><strong>Bachelor of Biomedical Laboratory Diagnostics 57\u00a0\u00a0\u00a0\u00a0\u00a0<\/strong><\/p>\n<p><strong>Bachelor Biotechnology 49\u00a0<\/strong><\/p>\n<p><strong>Bachelor Chemistry 40<\/strong><\/p>\n<p><strong>Bachelor Facility Management 54<\/strong><\/p>\n<p><strong>Bachelor of Food Technology 53<\/strong><\/p>\n<p><strong>Bachelor of Environmental Engineering 137<\/strong><\/p>\n<p><strong>Total 435\u00a0<\/strong><\/p>\n<p>&nbsp;<\/p>\n<p><strong>Master Life Sciences 59<\/strong><\/p>\n<p><strong>Master Real Estate &amp; Facility Management 26\u00a0<\/strong><\/p>\n<p><strong>Master Environment and Natural Resources 43<\/strong><\/p>\n<p><strong>Total 128<\/strong><\/p>\n<p><em>Source: <a href=\"http:\/\/www.zhaw.ch\">www.zhaw.ch<\/a><\/em><\/p>","protected":false},"excerpt":{"rendered":"<p>On September 9, 2024, the new Bachelor's students at the ZHAW in W\u00e4denswil began their introductory week. This so-called \"Start Week\" at the Department of Life Sciences and Facility Management takes place before the official start of the semester and marks the start of the seven Bachelor's degree programs: Applied Digital Life Sciences, Biomedical Laboratory Diagnostics, Biotechnology, Chemistry, Facility Management, Food Technology and Environmental Engineering.<\/p>","protected":false},"author":58,"featured_media":29677,"comment_status":"closed","ping_status":"closed","sticky":false,"template":"","format":"standard","meta":{"_acf_changed":false,"_yoast_wpseo_focuskw":"Studierende","_yoast_wpseo_metadesc":"Am 9. September 2024 haben die neuen Bachelorstudierenden an der ZHAW in W\u00e4denswil ihre Einf\u00fchrungswoche begonnen.","articlekey":"","footnotes":""},"categories":[30],"tags":[62,195,424,4207,2600],"class_list":["post-29674","post","type-post","status-publish","format-standard","has-post-thumbnail","hentry","category-weiterbildung","tag-aus-weiterbildung","tag-facility-management","tag-schweiz","tag-studierende","tag-zhaw"],"acf":[],"yoast_head":"<!-- This site is optimized with the Yoast SEO plugin v27.4 - https:\/\/yoast.com\/product\/yoast-seo-wordpress\/ -->\n<title>\u00dcber 600 neue Studierende starten 2024 an der ZHAW in W\u00e4denswil - Organisator<\/title>\n<meta name=\"description\" content=\"Am 9. September 2024 haben die neuen Bachelorstudierenden an der ZHAW in W\u00e4denswil ihre Einf\u00fchrungswoche begonnen.\" \/>\n<meta name=\"robots\" content=\"index, follow, max-snippet:-1, max-image-preview:large, max-video-preview:-1\" \/>\n<link rel=\"canonical\" href=\"https:\/\/www.organisator.ch\/en\/further-education\/2024-09-11\/ueber-600-neue-studierende-starten-2024-an-der-zhaw-in-waedenswil\/\" \/>\n<meta property=\"og:locale\" content=\"en_US\" \/>\n<meta property=\"og:type\" content=\"article\" \/>\n<meta property=\"og:title\" content=\"\u00dcber 600 neue Studierende starten 2024 an der ZHAW in W\u00e4denswil\" \/>\n<meta property=\"og:description\" content=\"Am 9. September 2024 haben die neuen Bachelorstudierenden an der ZHAW in W\u00e4denswil ihre Einf\u00fchrungswoche begonnen.\" \/>\n<meta property=\"og:url\" content=\"https:\/\/www.organisator.ch\/en\/further-education\/2024-09-11\/ueber-600-neue-studierende-starten-2024-an-der-zhaw-in-waedenswil\/\" \/>\n<meta property=\"og:site_name\" content=\"Organisator\" \/>\n<meta property=\"article:publisher\" content=\"https:\/\/www.facebook.com\/OrganisatorFachmagazin\" \/>\n<meta property=\"article:published_time\" content=\"2024-09-11T04:27:44+00:00\" \/>\n<meta property=\"og:image\" content=\"https:\/\/www.organisator.ch\/wp-content\/uploads\/2024\/09\/ZHAW_Bild1_ps.jpg\" \/>\n\t<meta property=\"og:image:width\" content=\"680\" \/>\n\t<meta property=\"og:image:height\" content=\"412\" \/>\n\t<meta property=\"og:image:type\" content=\"image\/jpeg\" \/>\n<meta name=\"author\" content=\"Adelisa Kalajdzini\" \/>\n<meta name=\"twitter:card\" content=\"summary_large_image\" \/>\n<meta name=\"twitter:title\" content=\"\u00dcber 600 neue Studierende starten 2024 an der ZHAW in W\u00e4denswil\" \/>\n<meta name=\"twitter:description\" content=\"Am 9. September 2024 haben die neuen #Bachelorstudierenden an der #ZHAW in #W\u00e4denswil ihre #Einf\u00fchrungswoche begonnen.\" \/>\n<meta name=\"twitter:image\" content=\"https:\/\/www.organisator.ch\/wp-content\/uploads\/2024\/09\/ZHAW_Bild1_ps.jpg\" \/>\n<script type=\"application\/ld+json\" class=\"yoast-schema-graph\">{\"@context\":\"https:\\\/\\\/schema.org\",\"@graph\":[{\"@type\":\"Article\",\"@id\":\"https:\\\/\\\/www.organisator.ch\\\/weiterbildung\\\/2024-09-11\\\/ueber-600-neue-studierende-starten-2024-an-der-zhaw-in-waedenswil\\\/#article\",\"isPartOf\":{\"@id\":\"https:\\\/\\\/www.organisator.ch\\\/weiterbildung\\\/2024-09-11\\\/ueber-600-neue-studierende-starten-2024-an-der-zhaw-in-waedenswil\\\/\"},\"author\":{\"name\":\"Adelisa Kalajdzini\",\"@id\":\"https:\\\/\\\/www.organisator.ch\\\/#\\\/schema\\\/person\\\/2e1314a2172123f874db408d8911d3f3\"},\"headline\":\"\u00dcber 600 neue Studierende starten 2024 an der ZHAW in W\u00e4denswil\",\"datePublished\":\"2024-09-11T04:27:44+00:00\",\"mainEntityOfPage\":{\"@id\":\"https:\\\/\\\/www.organisator.ch\\\/weiterbildung\\\/2024-09-11\\\/ueber-600-neue-studierende-starten-2024-an-der-zhaw-in-waedenswil\\\/\"},\"wordCount\":333,\"publisher\":{\"@id\":\"https:\\\/\\\/www.organisator.ch\\\/#organization\"},\"image\":{\"@id\":\"https:\\\/\\\/www.organisator.ch\\\/weiterbildung\\\/2024-09-11\\\/ueber-600-neue-studierende-starten-2024-an-der-zhaw-in-waedenswil\\\/#primaryimage\"},\"thumbnailUrl\":\"https:\\\/\\\/www.organisator.ch\\\/wp-content\\\/uploads\\\/2024\\\/09\\\/ZHAW_Bild1_ps.jpg\",\"keywords\":[\"Aus-\\\/Weiterbildung\",\"Facility Management\",\"Schweiz\",\"Studierende\",\"ZHAW\"],\"articleSection\":[\"WEITERBILDUNG\"],\"inLanguage\":\"en-US\"},{\"@type\":\"WebPage\",\"@id\":\"https:\\\/\\\/www.organisator.ch\\\/weiterbildung\\\/2024-09-11\\\/ueber-600-neue-studierende-starten-2024-an-der-zhaw-in-waedenswil\\\/\",\"url\":\"https:\\\/\\\/www.organisator.ch\\\/weiterbildung\\\/2024-09-11\\\/ueber-600-neue-studierende-starten-2024-an-der-zhaw-in-waedenswil\\\/\",\"name\":\"\u00dcber 600 neue Studierende starten 2024 an der ZHAW in W\u00e4denswil - Organisator\",\"isPartOf\":{\"@id\":\"https:\\\/\\\/www.organisator.ch\\\/#website\"},\"primaryImageOfPage\":{\"@id\":\"https:\\\/\\\/www.organisator.ch\\\/weiterbildung\\\/2024-09-11\\\/ueber-600-neue-studierende-starten-2024-an-der-zhaw-in-waedenswil\\\/#primaryimage\"},\"image\":{\"@id\":\"https:\\\/\\\/www.organisator.ch\\\/weiterbildung\\\/2024-09-11\\\/ueber-600-neue-studierende-starten-2024-an-der-zhaw-in-waedenswil\\\/#primaryimage\"},\"thumbnailUrl\":\"https:\\\/\\\/www.organisator.ch\\\/wp-content\\\/uploads\\\/2024\\\/09\\\/ZHAW_Bild1_ps.jpg\",\"datePublished\":\"2024-09-11T04:27:44+00:00\",\"description\":\"Am 9. September 2024 haben die neuen Bachelorstudierenden an der ZHAW in W\u00e4denswil ihre Einf\u00fchrungswoche begonnen.\",\"breadcrumb\":{\"@id\":\"https:\\\/\\\/www.organisator.ch\\\/weiterbildung\\\/2024-09-11\\\/ueber-600-neue-studierende-starten-2024-an-der-zhaw-in-waedenswil\\\/#breadcrumb\"},\"inLanguage\":\"en-US\",\"potentialAction\":[{\"@type\":\"ReadAction\",\"target\":[\"https:\\\/\\\/www.organisator.ch\\\/weiterbildung\\\/2024-09-11\\\/ueber-600-neue-studierende-starten-2024-an-der-zhaw-in-waedenswil\\\/\"]}]},{\"@type\":\"ImageObject\",\"inLanguage\":\"en-US\",\"@id\":\"https:\\\/\\\/www.organisator.ch\\\/weiterbildung\\\/2024-09-11\\\/ueber-600-neue-studierende-starten-2024-an-der-zhaw-in-waedenswil\\\/#primaryimage\",\"url\":\"https:\\\/\\\/www.organisator.ch\\\/wp-content\\\/uploads\\\/2024\\\/09\\\/ZHAW_Bild1_ps.jpg\",\"contentUrl\":\"https:\\\/\\\/www.organisator.ch\\\/wp-content\\\/uploads\\\/2024\\\/09\\\/ZHAW_Bild1_ps.jpg\",\"width\":680,\"height\":412,\"caption\":\"2024 ZHAW Startwoche in der Kulturhalle Gl\u00e4rnisch in W\u00e4denswil. (Bild: www.zhaw.ch)\"},{\"@type\":\"BreadcrumbList\",\"@id\":\"https:\\\/\\\/www.organisator.ch\\\/weiterbildung\\\/2024-09-11\\\/ueber-600-neue-studierende-starten-2024-an-der-zhaw-in-waedenswil\\\/#breadcrumb\",\"itemListElement\":[{\"@type\":\"ListItem\",\"position\":1,\"name\":\"Home\",\"item\":\"https:\\\/\\\/www.organisator.ch\\\/\"},{\"@type\":\"ListItem\",\"position\":2,\"name\":\"\u00dcber 600 neue Studierende starten 2024 an der ZHAW in W\u00e4denswil\"}]},{\"@type\":\"WebSite\",\"@id\":\"https:\\\/\\\/www.organisator.ch\\\/#website\",\"url\":\"https:\\\/\\\/www.organisator.ch\\\/\",\"name\":\"Organisator\",\"description\":\"Kompetent. Praxisnah. Der ORGANISATOR bereitet in 10 Ausgaben pro Jahr die wesentlichen Themen f\u00fcr F\u00fchrungskr\u00e4fte von KMU auf.\",\"publisher\":{\"@id\":\"https:\\\/\\\/www.organisator.ch\\\/#organization\"},\"potentialAction\":[{\"@type\":\"SearchAction\",\"target\":{\"@type\":\"EntryPoint\",\"urlTemplate\":\"https:\\\/\\\/www.organisator.ch\\\/?s={search_term_string}\"},\"query-input\":{\"@type\":\"PropertyValueSpecification\",\"valueRequired\":true,\"valueName\":\"search_term_string\"}}],\"inLanguage\":\"en-US\"},{\"@type\":\"Organization\",\"@id\":\"https:\\\/\\\/www.organisator.ch\\\/#organization\",\"name\":\"Organisator\",\"url\":\"https:\\\/\\\/www.organisator.ch\\\/\",\"logo\":{\"@type\":\"ImageObject\",\"inLanguage\":\"en-US\",\"@id\":\"https:\\\/\\\/www.organisator.ch\\\/#\\\/schema\\\/logo\\\/image\\\/\",\"url\":\"https:\\\/\\\/www.organisator.ch\\\/wp-content\\\/uploads\\\/2022\\\/01\\\/Logo_Organisator_Website.png\",\"contentUrl\":\"https:\\\/\\\/www.organisator.ch\\\/wp-content\\\/uploads\\\/2022\\\/01\\\/Logo_Organisator_Website.png\",\"width\":800,\"height\":77,\"caption\":\"Organisator\"},\"image\":{\"@id\":\"https:\\\/\\\/www.organisator.ch\\\/#\\\/schema\\\/logo\\\/image\\\/\"},\"sameAs\":[\"https:\\\/\\\/www.facebook.com\\\/OrganisatorFachmagazin\",\"https:\\\/\\\/www.linkedin.com\\\/showcase\\\/organisator-das-magazin-fr-kmu\",\"https:\\\/\\\/www.xing.com\\\/news\\\/pages\\\/organisator-ch-695\",\"https:\\\/\\\/www.youtube.com\\\/channel\\\/UCGP2Sq0iWaZwT3BdIAQFYpw\"]},{\"@type\":\"Person\",\"@id\":\"https:\\\/\\\/www.organisator.ch\\\/#\\\/schema\\\/person\\\/2e1314a2172123f874db408d8911d3f3\",\"name\":\"Adelisa Kalajdzini\",\"image\":{\"@type\":\"ImageObject\",\"inLanguage\":\"en-US\",\"@id\":\"https:\\\/\\\/secure.gravatar.com\\\/avatar\\\/09a397c22ac58cad6f160ee8306348599df9df58a8ede73696226897b9fa4b24?s=96&d=mm&r=g\",\"url\":\"https:\\\/\\\/secure.gravatar.com\\\/avatar\\\/09a397c22ac58cad6f160ee8306348599df9df58a8ede73696226897b9fa4b24?s=96&d=mm&r=g\",\"contentUrl\":\"https:\\\/\\\/secure.gravatar.com\\\/avatar\\\/09a397c22ac58cad6f160ee8306348599df9df58a8ede73696226897b9fa4b24?s=96&d=mm&r=g\",\"caption\":\"Adelisa Kalajdzini\"},\"url\":\"https:\\\/\\\/www.organisator.ch\\\/en\\\/author\\\/adelisa-kalajdzini\\\/\"}]}<\/script>\n<!-- \/ Yoast SEO plugin. -->","yoast_head_json":{"title":"Over 600 new students will start at the ZHAW in W\u00e4denswil in 2024 - organizer","description":"On September 9, 2024, the new Bachelor's students at the ZHAW in W\u00e4denswil began their induction week.","robots":{"index":"index","follow":"follow","max-snippet":"max-snippet:-1","max-image-preview":"max-image-preview:large","max-video-preview":"max-video-preview:-1"},"canonical":"https:\/\/www.organisator.ch\/en\/further-education\/2024-09-11\/ueber-600-neue-studierende-starten-2024-an-der-zhaw-in-waedenswil\/","og_locale":"en_US","og_type":"article","og_title":"\u00dcber 600 neue Studierende starten 2024 an der ZHAW in W\u00e4denswil","og_description":"Am 9. September 2024 haben die neuen Bachelorstudierenden an der ZHAW in W\u00e4denswil ihre Einf\u00fchrungswoche begonnen.","og_url":"https:\/\/www.organisator.ch\/en\/further-education\/2024-09-11\/ueber-600-neue-studierende-starten-2024-an-der-zhaw-in-waedenswil\/","og_site_name":"Organisator","article_publisher":"https:\/\/www.facebook.com\/OrganisatorFachmagazin","article_published_time":"2024-09-11T04:27:44+00:00","og_image":[{"width":680,"height":412,"url":"https:\/\/www.organisator.ch\/wp-content\/uploads\/2024\/09\/ZHAW_Bild1_ps.jpg","type":"image\/jpeg"}],"author":"Adelisa Kalajdzini","twitter_card":"summary_large_image","twitter_title":"\u00dcber 600 neue Studierende starten 2024 an der ZHAW in W\u00e4denswil","twitter_description":"Am 9. September 2024 haben die neuen #Bachelorstudierenden an der #ZHAW in #W\u00e4denswil ihre #Einf\u00fchrungswoche begonnen.","twitter_image":"https:\/\/www.organisator.ch\/wp-content\/uploads\/2024\/09\/ZHAW_Bild1_ps.jpg","schema":{"@context":"https:\/\/schema.org","@graph":[{"@type":"Article","@id":"https:\/\/www.organisator.ch\/weiterbildung\/2024-09-11\/ueber-600-neue-studierende-starten-2024-an-der-zhaw-in-waedenswil\/#article","isPartOf":{"@id":"https:\/\/www.organisator.ch\/weiterbildung\/2024-09-11\/ueber-600-neue-studierende-starten-2024-an-der-zhaw-in-waedenswil\/"},"author":{"name":"Adelisa Kalajdzini","@id":"https:\/\/www.organisator.ch\/#\/schema\/person\/2e1314a2172123f874db408d8911d3f3"},"headline":"\u00dcber 600 neue Studierende starten 2024 an der ZHAW in W\u00e4denswil","datePublished":"2024-09-11T04:27:44+00:00","mainEntityOfPage":{"@id":"https:\/\/www.organisator.ch\/weiterbildung\/2024-09-11\/ueber-600-neue-studierende-starten-2024-an-der-zhaw-in-waedenswil\/"},"wordCount":333,"publisher":{"@id":"https:\/\/www.organisator.ch\/#organization"},"image":{"@id":"https:\/\/www.organisator.ch\/weiterbildung\/2024-09-11\/ueber-600-neue-studierende-starten-2024-an-der-zhaw-in-waedenswil\/#primaryimage"},"thumbnailUrl":"https:\/\/www.organisator.ch\/wp-content\/uploads\/2024\/09\/ZHAW_Bild1_ps.jpg","keywords":["Aus-\/Weiterbildung","Facility Management","Schweiz","Studierende","ZHAW"],"articleSection":["WEITERBILDUNG"],"inLanguage":"en-US"},{"@type":"WebPage","@id":"https:\/\/www.organisator.ch\/weiterbildung\/2024-09-11\/ueber-600-neue-studierende-starten-2024-an-der-zhaw-in-waedenswil\/","url":"https:\/\/www.organisator.ch\/weiterbildung\/2024-09-11\/ueber-600-neue-studierende-starten-2024-an-der-zhaw-in-waedenswil\/","name":"Over 600 new students will start at the ZHAW in W\u00e4denswil in 2024 - organizer","isPartOf":{"@id":"https:\/\/www.organisator.ch\/#website"},"primaryImageOfPage":{"@id":"https:\/\/www.organisator.ch\/weiterbildung\/2024-09-11\/ueber-600-neue-studierende-starten-2024-an-der-zhaw-in-waedenswil\/#primaryimage"},"image":{"@id":"https:\/\/www.organisator.ch\/weiterbildung\/2024-09-11\/ueber-600-neue-studierende-starten-2024-an-der-zhaw-in-waedenswil\/#primaryimage"},"thumbnailUrl":"https:\/\/www.organisator.ch\/wp-content\/uploads\/2024\/09\/ZHAW_Bild1_ps.jpg","datePublished":"2024-09-11T04:27:44+00:00","description":"On September 9, 2024, the new Bachelor's students at the ZHAW in W\u00e4denswil began their induction week.","breadcrumb":{"@id":"https:\/\/www.organisator.ch\/weiterbildung\/2024-09-11\/ueber-600-neue-studierende-starten-2024-an-der-zhaw-in-waedenswil\/#breadcrumb"},"inLanguage":"en-US","potentialAction":[{"@type":"ReadAction","target":["https:\/\/www.organisator.ch\/weiterbildung\/2024-09-11\/ueber-600-neue-studierende-starten-2024-an-der-zhaw-in-waedenswil\/"]}]},{"@type":"ImageObject","inLanguage":"en-US","@id":"https:\/\/www.organisator.ch\/weiterbildung\/2024-09-11\/ueber-600-neue-studierende-starten-2024-an-der-zhaw-in-waedenswil\/#primaryimage","url":"https:\/\/www.organisator.ch\/wp-content\/uploads\/2024\/09\/ZHAW_Bild1_ps.jpg","contentUrl":"https:\/\/www.organisator.ch\/wp-content\/uploads\/2024\/09\/ZHAW_Bild1_ps.jpg","width":680,"height":412,"caption":"2024 ZHAW Startwoche in der Kulturhalle Gl\u00e4rnisch in W\u00e4denswil. (Bild: www.zhaw.ch)"},{"@type":"BreadcrumbList","@id":"https:\/\/www.organisator.ch\/weiterbildung\/2024-09-11\/ueber-600-neue-studierende-starten-2024-an-der-zhaw-in-waedenswil\/#breadcrumb","itemListElement":[{"@type":"ListItem","position":1,"name":"Home","item":"https:\/\/www.organisator.ch\/"},{"@type":"ListItem","position":2,"name":"\u00dcber 600 neue Studierende starten 2024 an der ZHAW in W\u00e4denswil"}]},{"@type":"WebSite","@id":"https:\/\/www.organisator.ch\/#website","url":"https:\/\/www.organisator.ch\/","name":"Organizer","description":"Competent. Practical. In 10 issues per year, ORGANISATOR presents the essential topics for managers of SMEs.","publisher":{"@id":"https:\/\/www.organisator.ch\/#organization"},"potentialAction":[{"@type":"SearchAction","target":{"@type":"EntryPoint","urlTemplate":"https:\/\/www.organisator.ch\/?s={search_term_string}"},"query-input":{"@type":"PropertyValueSpecification","valueRequired":true,"valueName":"search_term_string"}}],"inLanguage":"en-US"},{"@type":"Organization","@id":"https:\/\/www.organisator.ch\/#organization","name":"Organizer","url":"https:\/\/www.organisator.ch\/","logo":{"@type":"ImageObject","inLanguage":"en-US","@id":"https:\/\/www.organisator.ch\/#\/schema\/logo\/image\/","url":"https:\/\/www.organisator.ch\/wp-content\/uploads\/2022\/01\/Logo_Organisator_Website.png","contentUrl":"https:\/\/www.organisator.ch\/wp-content\/uploads\/2022\/01\/Logo_Organisator_Website.png","width":800,"height":77,"caption":"Organisator"},"image":{"@id":"https:\/\/www.organisator.ch\/#\/schema\/logo\/image\/"},"sameAs":["https:\/\/www.facebook.com\/OrganisatorFachmagazin","https:\/\/www.linkedin.com\/showcase\/organisator-das-magazin-fr-kmu","https:\/\/www.xing.com\/news\/pages\/organisator-ch-695","https:\/\/www.youtube.com\/channel\/UCGP2Sq0iWaZwT3BdIAQFYpw"]},{"@type":"Person","@id":"https:\/\/www.organisator.ch\/#\/schema\/person\/2e1314a2172123f874db408d8911d3f3","name":"Adelisa Kalajdzini","image":{"@type":"ImageObject","inLanguage":"en-US","@id":"https:\/\/secure.gravatar.com\/avatar\/09a397c22ac58cad6f160ee8306348599df9df58a8ede73696226897b9fa4b24?s=96&d=mm&r=g","url":"https:\/\/secure.gravatar.com\/avatar\/09a397c22ac58cad6f160ee8306348599df9df58a8ede73696226897b9fa4b24?s=96&d=mm&r=g","contentUrl":"https:\/\/secure.gravatar.com\/avatar\/09a397c22ac58cad6f160ee8306348599df9df58a8ede73696226897b9fa4b24?s=96&d=mm&r=g","caption":"Adelisa Kalajdzini"},"url":"https:\/\/www.organisator.ch\/en\/author\/adelisa-kalajdzini\/"}]}},"_links":{"self":[{"href":"https:\/\/www.organisator.ch\/en\/wp-json\/wp\/v2\/posts\/29674","targetHints":{"allow":["GET"]}}],"collection":[{"href":"https:\/\/www.organisator.ch\/en\/wp-json\/wp\/v2\/posts"}],"about":[{"href":"https:\/\/www.organisator.ch\/en\/wp-json\/wp\/v2\/types\/post"}],"author":[{"embeddable":true,"href":"https:\/\/www.organisator.ch\/en\/wp-json\/wp\/v2\/users\/58"}],"replies":[{"embeddable":true,"href":"https:\/\/www.organisator.ch\/en\/wp-json\/wp\/v2\/comments?post=29674"}],"version-history":[{"count":4,"href":"https:\/\/www.organisator.ch\/en\/wp-json\/wp\/v2\/posts\/29674\/revisions"}],"predecessor-version":[{"id":29737,"href":"https:\/\/www.organisator.ch\/en\/wp-json\/wp\/v2\/posts\/29674\/revisions\/29737"}],"wp:featuredmedia":[{"embeddable":true,"href":"https:\/\/www.organisator.ch\/en\/wp-json\/wp\/v2\/media\/29677"}],"wp:attachment":[{"href":"https:\/\/www.organisator.ch\/en\/wp-json\/wp\/v2\/media?parent=29674"}],"wp:term":[{"taxonomy":"category","embeddable":true,"href":"https:\/\/www.organisator.ch\/en\/wp-json\/wp\/v2\/categories?post=29674"},{"taxonomy":"post_tag","embeddable":true,"href":"https:\/\/www.organisator.ch\/en\/wp-json\/wp\/v2\/tags?post=29674"}],"curies":[{"name":"wp","href":"https:\/\/api.w.org\/{rel}","templated":true}]}}