{"id":29698,"date":"2024-09-12T08:37:36","date_gmt":"2024-09-12T06:37:36","guid":{"rendered":"https:\/\/www.organisator.ch\/?p=29698"},"modified":"2024-09-11T15:00:00","modified_gmt":"2024-09-11T13:00:00","slug":"rostocker-start-up-sawayo-wird-teil-der-infoniqa-gruppe","status":"publish","type":"post","link":"https:\/\/www.organisator.ch\/en\/management\/2024-09-12\/rostocker-start-up-sawayo-wird-teil-der-infoniqa-gruppe\/","title":{"rendered":"Rostock start-up Sawayo becomes part of the Infoniqa Group"},"content":{"rendered":"<figure id=\"attachment_29700\" aria-describedby=\"caption-attachment-29700\" style=\"width: 680px\" class=\"wp-caption alignnone\"><img loading=\"lazy\" decoding=\"async\" class=\"size-full wp-image-29700\" src=\"https:\/\/www.organisator.ch\/wp-content\/uploads\/2024\/09\/Sawayo-Infoniqa_Bild1_ps.jpg\" alt=\"\" width=\"680\" height=\"510\" srcset=\"https:\/\/www.organisator.ch\/wp-content\/uploads\/2024\/09\/Sawayo-Infoniqa_Bild1_ps.jpg 680w, https:\/\/www.organisator.ch\/wp-content\/uploads\/2024\/09\/Sawayo-Infoniqa_Bild1_ps-16x12.jpg 16w, https:\/\/www.organisator.ch\/wp-content\/uploads\/2024\/09\/Sawayo-Infoniqa_Bild1_ps-375x281.jpg 375w, https:\/\/www.organisator.ch\/wp-content\/uploads\/2024\/09\/Sawayo-Infoniqa_Bild1_ps-467x350.jpg 467w\" sizes=\"auto, (max-width: 680px) 100vw, 680px\" \/><figcaption id=\"caption-attachment-29700\" class=\"wp-caption-text\">Expansion and new opportunities in the DACH region for Sawayo. (Image: www.sawayo.de)<\/figcaption><\/figure>\n<p>The acquisition by Infoniqa opens the doors to new markets for Sawayo and enables it to implement its own technologies and ideas on a larger scale in the DACH region. The merger also allows Sawayo to expand its product portfolio to include solutions for enterprise resource planning (ERP), payroll and financial accounting, order management and business process outsourcing (BPO). In addition, Sawayo will benefit from a broader customer base and the resources of a market leader in DACH. Infoniqa aims to bring new impetus and innovation to the market through the acquisition.<\/p>\n<p>\"Together with Infoniqa, we can now focus even more strongly on optimizing the end-to-end process flow of previously tedious administrative and bureaucratic tasks,\" says Andreas Wieczorke, one of Sawayo's managing directors. \"This frees up important human and financial resources in the companies for their core business. A win-win situation for our customers.\"<\/p>\n<p>Sawayo has so far been managed by two managing directors who combine innovation expertise and experience: Serial entrepreneur Andreas Wieczorke and 25-year-old Bjarne Wilhelm drive the innovation processes forward with creativity and energy. At the same time, with a realistic view of what is feasible, they ensure that the focus is always on the benefits for customers.<\/p>\n<p>\"Our vision and our values fit perfectly with Infoniqa,\" emphasizes Bjarne Wilhelm, Managing Director of Sawayo. \"With the support of an established market leader, we will bring movement and a breath of fresh air to the market and set new standards.\"<\/p>\n<p>As part of the transaction, Infoniqa is integrating the Sawayo team and expanding its product range with modern technologies. Existing customers of both companies can expect even more user-friendly and modern solutions in the future.<\/p>\n<p><em>Source: <a href=\"http:\/\/www.sawayo.de\">www.sawayo.de<\/a> \/ <a href=\"http:\/\/www.infoniqa.com\">www.infoniqa.com<\/a><\/em><\/p>","protected":false},"excerpt":{"rendered":"<p>Sawayo GmbH, a SaaS start-up founded in 2020 with digital solutions for the fulfillment of employer obligations, announces its acquisition by the Infoniqa Group - a provider of HR and finance solutions in Germany, Austria and Switzerland.<\/p>","protected":false},"author":58,"featured_media":29700,"comment_status":"closed","ping_status":"closed","sticky":false,"template":"","format":"standard","meta":{"_acf_changed":false,"_yoast_wpseo_focuskw":"Sawayo","_yoast_wpseo_metadesc":"Die Sawayo GmbH, ein 2020 gegr\u00fcndetes SaaS-Start-up gibt seine \u00dcbernahme durch die Infoniqa Gruppe bekannt.","articlekey":"","footnotes":""},"categories":[28],"tags":[3992,334,2343,492],"class_list":["post-29698","post","type-post","status-publish","format-standard","has-post-thumbnail","hentry","category-management","tag-dach","tag-management","tag-uebernahme","tag-unternehmen"],"acf":[],"yoast_head":"<!-- This site is optimized with the Yoast SEO plugin v27.5 - https:\/\/yoast.com\/product\/yoast-seo-wordpress\/ -->\n<title>Rostocker Start-up Sawayo wird Teil der Infoniqa Gruppe - Organisator<\/title>\n<meta name=\"description\" content=\"Die Sawayo GmbH, ein 2020 gegr\u00fcndetes SaaS-Start-up gibt seine \u00dcbernahme durch die Infoniqa Gruppe bekannt.\" \/>\n<meta name=\"robots\" content=\"index, follow, max-snippet:-1, max-image-preview:large, max-video-preview:-1\" \/>\n<link rel=\"canonical\" href=\"https:\/\/www.organisator.ch\/en\/management\/2024-09-12\/rostocker-start-up-sawayo-wird-teil-der-infoniqa-gruppe\/\" \/>\n<meta property=\"og:locale\" content=\"en_US\" \/>\n<meta property=\"og:type\" content=\"article\" \/>\n<meta property=\"og:title\" content=\"Rostocker Start-up Sawayo wird Teil der Infoniqa Gruppe\" \/>\n<meta property=\"og:description\" content=\"Die Sawayo GmbH, ein 2020 gegr\u00fcndetes SaaS-Start-up gibt seine \u00dcbernahme durch die Infoniqa Gruppe bekannt.\" \/>\n<meta property=\"og:url\" content=\"https:\/\/www.organisator.ch\/en\/management\/2024-09-12\/rostocker-start-up-sawayo-wird-teil-der-infoniqa-gruppe\/\" \/>\n<meta property=\"og:site_name\" content=\"Organisator\" \/>\n<meta property=\"article:publisher\" content=\"https:\/\/www.facebook.com\/OrganisatorFachmagazin\" \/>\n<meta property=\"article:published_time\" content=\"2024-09-12T06:37:36+00:00\" \/>\n<meta property=\"og:image\" content=\"https:\/\/www.organisator.ch\/wp-content\/uploads\/2024\/09\/Sawayo-Infoniqa_Bild1_ps.jpg\" \/>\n\t<meta property=\"og:image:width\" content=\"680\" \/>\n\t<meta property=\"og:image:height\" content=\"510\" \/>\n\t<meta property=\"og:image:type\" content=\"image\/jpeg\" \/>\n<meta name=\"author\" content=\"Adelisa Kalajdzini\" \/>\n<meta name=\"twitter:card\" content=\"summary_large_image\" \/>\n<meta name=\"twitter:title\" content=\"Rostocker Start-up Sawayo wird Teil der Infoniqa Gruppe\" \/>\n<meta name=\"twitter:description\" content=\"Die #Sawayo GmbH, ein 2020 gegr\u00fcndetes #SaaS-Start-up gibt seine #\u00dcbernahme durch die #Infoniqa #Gruppe bekannt.\" \/>\n<meta name=\"twitter:image\" content=\"https:\/\/www.organisator.ch\/wp-content\/uploads\/2024\/09\/Sawayo-Infoniqa_Bild1_ps.jpg\" \/>\n<script type=\"application\/ld+json\" class=\"yoast-schema-graph\">{\"@context\":\"https:\\\/\\\/schema.org\",\"@graph\":[{\"@type\":\"Article\",\"@id\":\"https:\\\/\\\/www.organisator.ch\\\/management\\\/2024-09-12\\\/rostocker-start-up-sawayo-wird-teil-der-infoniqa-gruppe\\\/#article\",\"isPartOf\":{\"@id\":\"https:\\\/\\\/www.organisator.ch\\\/management\\\/2024-09-12\\\/rostocker-start-up-sawayo-wird-teil-der-infoniqa-gruppe\\\/\"},\"author\":{\"name\":\"Adelisa Kalajdzini\",\"@id\":\"https:\\\/\\\/www.organisator.ch\\\/#\\\/schema\\\/person\\\/2e1314a2172123f874db408d8911d3f3\"},\"headline\":\"Rostocker Start-up Sawayo wird Teil der Infoniqa Gruppe\",\"datePublished\":\"2024-09-12T06:37:36+00:00\",\"mainEntityOfPage\":{\"@id\":\"https:\\\/\\\/www.organisator.ch\\\/management\\\/2024-09-12\\\/rostocker-start-up-sawayo-wird-teil-der-infoniqa-gruppe\\\/\"},\"wordCount\":317,\"publisher\":{\"@id\":\"https:\\\/\\\/www.organisator.ch\\\/#organization\"},\"image\":{\"@id\":\"https:\\\/\\\/www.organisator.ch\\\/management\\\/2024-09-12\\\/rostocker-start-up-sawayo-wird-teil-der-infoniqa-gruppe\\\/#primaryimage\"},\"thumbnailUrl\":\"https:\\\/\\\/www.organisator.ch\\\/wp-content\\\/uploads\\\/2024\\\/09\\\/Sawayo-Infoniqa_Bild1_ps.jpg\",\"keywords\":[\"DACH\",\"Management\",\"\u00dcbernahme\",\"Unternehmen\"],\"articleSection\":[\"MANAGEMENT\"],\"inLanguage\":\"en-US\"},{\"@type\":\"WebPage\",\"@id\":\"https:\\\/\\\/www.organisator.ch\\\/management\\\/2024-09-12\\\/rostocker-start-up-sawayo-wird-teil-der-infoniqa-gruppe\\\/\",\"url\":\"https:\\\/\\\/www.organisator.ch\\\/management\\\/2024-09-12\\\/rostocker-start-up-sawayo-wird-teil-der-infoniqa-gruppe\\\/\",\"name\":\"Rostocker Start-up Sawayo wird Teil der Infoniqa Gruppe - Organisator\",\"isPartOf\":{\"@id\":\"https:\\\/\\\/www.organisator.ch\\\/#website\"},\"primaryImageOfPage\":{\"@id\":\"https:\\\/\\\/www.organisator.ch\\\/management\\\/2024-09-12\\\/rostocker-start-up-sawayo-wird-teil-der-infoniqa-gruppe\\\/#primaryimage\"},\"image\":{\"@id\":\"https:\\\/\\\/www.organisator.ch\\\/management\\\/2024-09-12\\\/rostocker-start-up-sawayo-wird-teil-der-infoniqa-gruppe\\\/#primaryimage\"},\"thumbnailUrl\":\"https:\\\/\\\/www.organisator.ch\\\/wp-content\\\/uploads\\\/2024\\\/09\\\/Sawayo-Infoniqa_Bild1_ps.jpg\",\"datePublished\":\"2024-09-12T06:37:36+00:00\",\"description\":\"Die Sawayo GmbH, ein 2020 gegr\u00fcndetes SaaS-Start-up gibt seine \u00dcbernahme durch die Infoniqa Gruppe bekannt.\",\"breadcrumb\":{\"@id\":\"https:\\\/\\\/www.organisator.ch\\\/management\\\/2024-09-12\\\/rostocker-start-up-sawayo-wird-teil-der-infoniqa-gruppe\\\/#breadcrumb\"},\"inLanguage\":\"en-US\",\"potentialAction\":[{\"@type\":\"ReadAction\",\"target\":[\"https:\\\/\\\/www.organisator.ch\\\/management\\\/2024-09-12\\\/rostocker-start-up-sawayo-wird-teil-der-infoniqa-gruppe\\\/\"]}]},{\"@type\":\"ImageObject\",\"inLanguage\":\"en-US\",\"@id\":\"https:\\\/\\\/www.organisator.ch\\\/management\\\/2024-09-12\\\/rostocker-start-up-sawayo-wird-teil-der-infoniqa-gruppe\\\/#primaryimage\",\"url\":\"https:\\\/\\\/www.organisator.ch\\\/wp-content\\\/uploads\\\/2024\\\/09\\\/Sawayo-Infoniqa_Bild1_ps.jpg\",\"contentUrl\":\"https:\\\/\\\/www.organisator.ch\\\/wp-content\\\/uploads\\\/2024\\\/09\\\/Sawayo-Infoniqa_Bild1_ps.jpg\",\"width\":680,\"height\":510,\"caption\":\"Expansion und neue Chancen im DACH-Raum f\u00fcr Sawayo. (Bild: www.sawayo.de)\"},{\"@type\":\"BreadcrumbList\",\"@id\":\"https:\\\/\\\/www.organisator.ch\\\/management\\\/2024-09-12\\\/rostocker-start-up-sawayo-wird-teil-der-infoniqa-gruppe\\\/#breadcrumb\",\"itemListElement\":[{\"@type\":\"ListItem\",\"position\":1,\"name\":\"Home\",\"item\":\"https:\\\/\\\/www.organisator.ch\\\/\"},{\"@type\":\"ListItem\",\"position\":2,\"name\":\"Rostocker Start-up Sawayo wird Teil der Infoniqa Gruppe\"}]},{\"@type\":\"WebSite\",\"@id\":\"https:\\\/\\\/www.organisator.ch\\\/#website\",\"url\":\"https:\\\/\\\/www.organisator.ch\\\/\",\"name\":\"Organisator\",\"description\":\"Kompetent. Praxisnah. Der ORGANISATOR bereitet in 10 Ausgaben pro Jahr die wesentlichen Themen f\u00fcr F\u00fchrungskr\u00e4fte von KMU auf.\",\"publisher\":{\"@id\":\"https:\\\/\\\/www.organisator.ch\\\/#organization\"},\"potentialAction\":[{\"@type\":\"SearchAction\",\"target\":{\"@type\":\"EntryPoint\",\"urlTemplate\":\"https:\\\/\\\/www.organisator.ch\\\/?s={search_term_string}\"},\"query-input\":{\"@type\":\"PropertyValueSpecification\",\"valueRequired\":true,\"valueName\":\"search_term_string\"}}],\"inLanguage\":\"en-US\"},{\"@type\":\"Organization\",\"@id\":\"https:\\\/\\\/www.organisator.ch\\\/#organization\",\"name\":\"Organisator\",\"url\":\"https:\\\/\\\/www.organisator.ch\\\/\",\"logo\":{\"@type\":\"ImageObject\",\"inLanguage\":\"en-US\",\"@id\":\"https:\\\/\\\/www.organisator.ch\\\/#\\\/schema\\\/logo\\\/image\\\/\",\"url\":\"https:\\\/\\\/www.organisator.ch\\\/wp-content\\\/uploads\\\/2022\\\/01\\\/Logo_Organisator_Website.png\",\"contentUrl\":\"https:\\\/\\\/www.organisator.ch\\\/wp-content\\\/uploads\\\/2022\\\/01\\\/Logo_Organisator_Website.png\",\"width\":800,\"height\":77,\"caption\":\"Organisator\"},\"image\":{\"@id\":\"https:\\\/\\\/www.organisator.ch\\\/#\\\/schema\\\/logo\\\/image\\\/\"},\"sameAs\":[\"https:\\\/\\\/www.facebook.com\\\/OrganisatorFachmagazin\",\"https:\\\/\\\/www.linkedin.com\\\/showcase\\\/organisator-das-magazin-fr-kmu\",\"https:\\\/\\\/www.xing.com\\\/news\\\/pages\\\/organisator-ch-695\",\"https:\\\/\\\/www.youtube.com\\\/channel\\\/UCGP2Sq0iWaZwT3BdIAQFYpw\"]},{\"@type\":\"Person\",\"@id\":\"https:\\\/\\\/www.organisator.ch\\\/#\\\/schema\\\/person\\\/2e1314a2172123f874db408d8911d3f3\",\"name\":\"Adelisa Kalajdzini\",\"image\":{\"@type\":\"ImageObject\",\"inLanguage\":\"en-US\",\"@id\":\"https:\\\/\\\/secure.gravatar.com\\\/avatar\\\/09a397c22ac58cad6f160ee8306348599df9df58a8ede73696226897b9fa4b24?s=96&d=mm&r=g\",\"url\":\"https:\\\/\\\/secure.gravatar.com\\\/avatar\\\/09a397c22ac58cad6f160ee8306348599df9df58a8ede73696226897b9fa4b24?s=96&d=mm&r=g\",\"contentUrl\":\"https:\\\/\\\/secure.gravatar.com\\\/avatar\\\/09a397c22ac58cad6f160ee8306348599df9df58a8ede73696226897b9fa4b24?s=96&d=mm&r=g\",\"caption\":\"Adelisa Kalajdzini\"},\"url\":\"https:\\\/\\\/www.organisator.ch\\\/en\\\/author\\\/adelisa-kalajdzini\\\/\"}]}<\/script>\n<!-- \/ Yoast SEO plugin. -->","yoast_head_json":{"title":"Rostock-based start-up Sawayo becomes part of the Infoniqa Group - Organizer","description":"Sawayo GmbH, a SaaS start-up founded in 2020, announces its acquisition by the Infoniqa Group.","robots":{"index":"index","follow":"follow","max-snippet":"max-snippet:-1","max-image-preview":"max-image-preview:large","max-video-preview":"max-video-preview:-1"},"canonical":"https:\/\/www.organisator.ch\/en\/management\/2024-09-12\/rostocker-start-up-sawayo-wird-teil-der-infoniqa-gruppe\/","og_locale":"en_US","og_type":"article","og_title":"Rostocker Start-up Sawayo wird Teil der Infoniqa Gruppe","og_description":"Die Sawayo GmbH, ein 2020 gegr\u00fcndetes SaaS-Start-up gibt seine \u00dcbernahme durch die Infoniqa Gruppe bekannt.","og_url":"https:\/\/www.organisator.ch\/en\/management\/2024-09-12\/rostocker-start-up-sawayo-wird-teil-der-infoniqa-gruppe\/","og_site_name":"Organisator","article_publisher":"https:\/\/www.facebook.com\/OrganisatorFachmagazin","article_published_time":"2024-09-12T06:37:36+00:00","og_image":[{"width":680,"height":510,"url":"https:\/\/www.organisator.ch\/wp-content\/uploads\/2024\/09\/Sawayo-Infoniqa_Bild1_ps.jpg","type":"image\/jpeg"}],"author":"Adelisa Kalajdzini","twitter_card":"summary_large_image","twitter_title":"Rostocker Start-up Sawayo wird Teil der Infoniqa Gruppe","twitter_description":"Die #Sawayo GmbH, ein 2020 gegr\u00fcndetes #SaaS-Start-up gibt seine #\u00dcbernahme durch die #Infoniqa #Gruppe bekannt.","twitter_image":"https:\/\/www.organisator.ch\/wp-content\/uploads\/2024\/09\/Sawayo-Infoniqa_Bild1_ps.jpg","schema":{"@context":"https:\/\/schema.org","@graph":[{"@type":"Article","@id":"https:\/\/www.organisator.ch\/management\/2024-09-12\/rostocker-start-up-sawayo-wird-teil-der-infoniqa-gruppe\/#article","isPartOf":{"@id":"https:\/\/www.organisator.ch\/management\/2024-09-12\/rostocker-start-up-sawayo-wird-teil-der-infoniqa-gruppe\/"},"author":{"name":"Adelisa Kalajdzini","@id":"https:\/\/www.organisator.ch\/#\/schema\/person\/2e1314a2172123f874db408d8911d3f3"},"headline":"Rostocker Start-up Sawayo wird Teil der Infoniqa Gruppe","datePublished":"2024-09-12T06:37:36+00:00","mainEntityOfPage":{"@id":"https:\/\/www.organisator.ch\/management\/2024-09-12\/rostocker-start-up-sawayo-wird-teil-der-infoniqa-gruppe\/"},"wordCount":317,"publisher":{"@id":"https:\/\/www.organisator.ch\/#organization"},"image":{"@id":"https:\/\/www.organisator.ch\/management\/2024-09-12\/rostocker-start-up-sawayo-wird-teil-der-infoniqa-gruppe\/#primaryimage"},"thumbnailUrl":"https:\/\/www.organisator.ch\/wp-content\/uploads\/2024\/09\/Sawayo-Infoniqa_Bild1_ps.jpg","keywords":["DACH","Management","\u00dcbernahme","Unternehmen"],"articleSection":["MANAGEMENT"],"inLanguage":"en-US"},{"@type":"WebPage","@id":"https:\/\/www.organisator.ch\/management\/2024-09-12\/rostocker-start-up-sawayo-wird-teil-der-infoniqa-gruppe\/","url":"https:\/\/www.organisator.ch\/management\/2024-09-12\/rostocker-start-up-sawayo-wird-teil-der-infoniqa-gruppe\/","name":"Rostock-based start-up Sawayo becomes part of the Infoniqa Group - Organizer","isPartOf":{"@id":"https:\/\/www.organisator.ch\/#website"},"primaryImageOfPage":{"@id":"https:\/\/www.organisator.ch\/management\/2024-09-12\/rostocker-start-up-sawayo-wird-teil-der-infoniqa-gruppe\/#primaryimage"},"image":{"@id":"https:\/\/www.organisator.ch\/management\/2024-09-12\/rostocker-start-up-sawayo-wird-teil-der-infoniqa-gruppe\/#primaryimage"},"thumbnailUrl":"https:\/\/www.organisator.ch\/wp-content\/uploads\/2024\/09\/Sawayo-Infoniqa_Bild1_ps.jpg","datePublished":"2024-09-12T06:37:36+00:00","description":"Sawayo GmbH, a SaaS start-up founded in 2020, announces its acquisition by the Infoniqa Group.","breadcrumb":{"@id":"https:\/\/www.organisator.ch\/management\/2024-09-12\/rostocker-start-up-sawayo-wird-teil-der-infoniqa-gruppe\/#breadcrumb"},"inLanguage":"en-US","potentialAction":[{"@type":"ReadAction","target":["https:\/\/www.organisator.ch\/management\/2024-09-12\/rostocker-start-up-sawayo-wird-teil-der-infoniqa-gruppe\/"]}]},{"@type":"ImageObject","inLanguage":"en-US","@id":"https:\/\/www.organisator.ch\/management\/2024-09-12\/rostocker-start-up-sawayo-wird-teil-der-infoniqa-gruppe\/#primaryimage","url":"https:\/\/www.organisator.ch\/wp-content\/uploads\/2024\/09\/Sawayo-Infoniqa_Bild1_ps.jpg","contentUrl":"https:\/\/www.organisator.ch\/wp-content\/uploads\/2024\/09\/Sawayo-Infoniqa_Bild1_ps.jpg","width":680,"height":510,"caption":"Expansion und neue Chancen im DACH-Raum f\u00fcr Sawayo. (Bild: www.sawayo.de)"},{"@type":"BreadcrumbList","@id":"https:\/\/www.organisator.ch\/management\/2024-09-12\/rostocker-start-up-sawayo-wird-teil-der-infoniqa-gruppe\/#breadcrumb","itemListElement":[{"@type":"ListItem","position":1,"name":"Home","item":"https:\/\/www.organisator.ch\/"},{"@type":"ListItem","position":2,"name":"Rostocker Start-up Sawayo wird Teil der Infoniqa Gruppe"}]},{"@type":"WebSite","@id":"https:\/\/www.organisator.ch\/#website","url":"https:\/\/www.organisator.ch\/","name":"Organizer","description":"Competent. Practical. In 10 issues per year, ORGANISATOR presents the essential topics for managers of SMEs.","publisher":{"@id":"https:\/\/www.organisator.ch\/#organization"},"potentialAction":[{"@type":"SearchAction","target":{"@type":"EntryPoint","urlTemplate":"https:\/\/www.organisator.ch\/?s={search_term_string}"},"query-input":{"@type":"PropertyValueSpecification","valueRequired":true,"valueName":"search_term_string"}}],"inLanguage":"en-US"},{"@type":"Organization","@id":"https:\/\/www.organisator.ch\/#organization","name":"Organizer","url":"https:\/\/www.organisator.ch\/","logo":{"@type":"ImageObject","inLanguage":"en-US","@id":"https:\/\/www.organisator.ch\/#\/schema\/logo\/image\/","url":"https:\/\/www.organisator.ch\/wp-content\/uploads\/2022\/01\/Logo_Organisator_Website.png","contentUrl":"https:\/\/www.organisator.ch\/wp-content\/uploads\/2022\/01\/Logo_Organisator_Website.png","width":800,"height":77,"caption":"Organisator"},"image":{"@id":"https:\/\/www.organisator.ch\/#\/schema\/logo\/image\/"},"sameAs":["https:\/\/www.facebook.com\/OrganisatorFachmagazin","https:\/\/www.linkedin.com\/showcase\/organisator-das-magazin-fr-kmu","https:\/\/www.xing.com\/news\/pages\/organisator-ch-695","https:\/\/www.youtube.com\/channel\/UCGP2Sq0iWaZwT3BdIAQFYpw"]},{"@type":"Person","@id":"https:\/\/www.organisator.ch\/#\/schema\/person\/2e1314a2172123f874db408d8911d3f3","name":"Adelisa Kalajdzini","image":{"@type":"ImageObject","inLanguage":"en-US","@id":"https:\/\/secure.gravatar.com\/avatar\/09a397c22ac58cad6f160ee8306348599df9df58a8ede73696226897b9fa4b24?s=96&d=mm&r=g","url":"https:\/\/secure.gravatar.com\/avatar\/09a397c22ac58cad6f160ee8306348599df9df58a8ede73696226897b9fa4b24?s=96&d=mm&r=g","contentUrl":"https:\/\/secure.gravatar.com\/avatar\/09a397c22ac58cad6f160ee8306348599df9df58a8ede73696226897b9fa4b24?s=96&d=mm&r=g","caption":"Adelisa Kalajdzini"},"url":"https:\/\/www.organisator.ch\/en\/author\/adelisa-kalajdzini\/"}]}},"_links":{"self":[{"href":"https:\/\/www.organisator.ch\/en\/wp-json\/wp\/v2\/posts\/29698","targetHints":{"allow":["GET"]}}],"collection":[{"href":"https:\/\/www.organisator.ch\/en\/wp-json\/wp\/v2\/posts"}],"about":[{"href":"https:\/\/www.organisator.ch\/en\/wp-json\/wp\/v2\/types\/post"}],"author":[{"embeddable":true,"href":"https:\/\/www.organisator.ch\/en\/wp-json\/wp\/v2\/users\/58"}],"replies":[{"embeddable":true,"href":"https:\/\/www.organisator.ch\/en\/wp-json\/wp\/v2\/comments?post=29698"}],"version-history":[{"count":5,"href":"https:\/\/www.organisator.ch\/en\/wp-json\/wp\/v2\/posts\/29698\/revisions"}],"predecessor-version":[{"id":29795,"href":"https:\/\/www.organisator.ch\/en\/wp-json\/wp\/v2\/posts\/29698\/revisions\/29795"}],"wp:featuredmedia":[{"embeddable":true,"href":"https:\/\/www.organisator.ch\/en\/wp-json\/wp\/v2\/media\/29700"}],"wp:attachment":[{"href":"https:\/\/www.organisator.ch\/en\/wp-json\/wp\/v2\/media?parent=29698"}],"wp:term":[{"taxonomy":"category","embeddable":true,"href":"https:\/\/www.organisator.ch\/en\/wp-json\/wp\/v2\/categories?post=29698"},{"taxonomy":"post_tag","embeddable":true,"href":"https:\/\/www.organisator.ch\/en\/wp-json\/wp\/v2\/tags?post=29698"}],"curies":[{"name":"wp","href":"https:\/\/api.w.org\/{rel}","templated":true}]}}