{"id":297,"date":"2016-12-07T11:27:32","date_gmt":"2016-12-07T10:27:32","guid":{"rendered":"http:\/\/dev.organisator.ch\/?p=297"},"modified":"2016-12-07T11:27:32","modified_gmt":"2016-12-07T10:27:32","slug":"die-gewinner-des-family-business-awards-2016","status":"publish","type":"post","link":"https:\/\/www.organisator.ch\/en\/management\/2016-12-07\/die-gewinner-des-family-business-awards-2016\/","title":{"rendered":"The winners of the Family Business Awards 2016"},"content":{"rendered":"<figure id=\"attachment_300\" aria-describedby=\"caption-attachment-300\" style=\"width: 640px\" class=\"wp-caption alignnone\"><img loading=\"lazy\" decoding=\"async\" class=\"size-full wp-image-300\" src=\"https:\/\/www.organisator.ch\/wp-content\/uploads\/2016\/12\/Die-Gewinner-des-Family-Business-Awards-2016-organisator.jpg\" alt=\"\" width=\"640\" height=\"427\" srcset=\"https:\/\/www.organisator.ch\/wp-content\/uploads\/2016\/12\/Die-Gewinner-des-Family-Business-Awards-2016-organisator.jpg 640w, https:\/\/www.organisator.ch\/wp-content\/uploads\/2016\/12\/Die-Gewinner-des-Family-Business-Awards-2016-organisator-16x12.jpg 16w, https:\/\/www.organisator.ch\/wp-content\/uploads\/2016\/12\/Die-Gewinner-des-Family-Business-Awards-2016-organisator-262x175.jpg 262w, https:\/\/www.organisator.ch\/wp-content\/uploads\/2016\/12\/Die-Gewinner-des-Family-Business-Awards-2016-organisator-525x350.jpg 525w, https:\/\/www.organisator.ch\/wp-content\/uploads\/2016\/12\/Die-Gewinner-des-Family-Business-Awards-2016-organisator-300x200.jpg 300w\" sizes=\"auto, (max-width: 640px) 100vw, 640px\" \/><figcaption id=\"caption-attachment-300\" class=\"wp-caption-text\">FRAISA SA, represented by Peter Roth (left), Project Manager Product Development, and the members of the Executive Board, Hanspeter Kocher (2nd from left), Stefan Gutmann (center) and Thomas N\u00e4gelin (2nd from right) and Andreas Iseli, AMAG.<\/figcaption><\/figure>\n<p>Since 2012, the Family Business Award has annually honored a particularly sustainably managed Swiss family business. The award was established by AMAG in honor of its founder Walter Haefner. This year, Blumer-Lehmann AG from Gossau, FRAISA SA from Bellach and Groupe Volet SA from St-L\u00e9gier were in the final. FRAISA SA convinced the expert jury with its corporate culture, long-term commitment and sustainable development.<\/p>\n<p>As the winner, it joins previous winners Wyon AG (2015), Entreprises et Domaines Rouvinez (2014), SIGA Holding AG (2013) and Trisa AG (2012).<\/p>\n<p>The award ceremony took place at AMAG Solothurn on December 6, 2016. All award finalists receive a vehicle from AMAG - this year it is a VW Passat Variant GTE. The plug-in hybrid from Volkswagen will accompany the finalists efficiently and sustainably for a year.<\/p>\n<p><strong>FRAISA shows passion for the product<\/strong><\/p>\n<p>FRAISA produces state-of-the-art cutting tools for metalworking. The company was founded in 1934 and with its 540 employees at seven locations today is one of the leading manufacturers in the industry. Despite its size and diverse locations, FRAISA is a truly family-owned company with a strong bond between the management team and the workforce. The employees are characterized by a high level of enthusiasm and identification with the product. Thus, the product is always the focus and all activities and services are aligned accordingly.<\/p>\n<p><strong>Family Business Award 2017<\/strong><\/p>\n<p>For the participation in the Family Business Award 2017, the application window will be available on the homepage from next February. <a href=\"http:\/\/www.family-business-award.ch\" target=\"_blank\" rel=\"noreferrer noopener\" data-cke-saved-href=\"http:\/\/www.family-business-award.ch\">www.family-business-award.ch<\/a> available again.<\/p>","protected":false},"excerpt":{"rendered":"<p>Seit 2012 zeichnet der Family Business Award j\u00e4hrlich ein besonders nachhaltig gef\u00fchrtes Schweizer Familienunternehmen aus. Der Preis wurde von der AMAG zu Ehren ihres Gr\u00fcndes Walter Haefner ins Leben gerufen. In diesem Jahr standen die Blumer-Lehmann AG aus Gossau, die FRAISA SA aus Bellach und die Groupe Volet SA aus St-L\u00e9gier im Finale. Die FRAISA [&hellip;]<\/p>\n","protected":false},"author":1,"featured_media":300,"comment_status":"open","ping_status":"open","sticky":false,"template":"","format":"standard","meta":{"_acf_changed":false,"_yoast_wpseo_focuskw":"Family Business Awards","_yoast_wpseo_metadesc":"Die Gewinner des Family Business Awards 2016: Die FRAISA SA aus Bellach SO. Das Familienunternehmen \u00fcberzeugte mit seiner nachhaltigen Unternehmensf\u00fchrung.","articlekey":"","footnotes":""},"categories":[28],"tags":[66,335],"class_list":["post-297","post","type-post","status-publish","format-standard","has-post-thumbnail","hentry","category-management","tag-awards","tag-management-und-unternehmensfuehrung"],"acf":[],"yoast_head":"<!-- This site is optimized with the Yoast SEO plugin v27.5 - https:\/\/yoast.com\/product\/yoast-seo-wordpress\/ -->\n<title>Die Gewinner des Family Business Awards 2016 - Organisator<\/title>\n<meta name=\"description\" content=\"Die Gewinner des Family Business Awards 2016: Die FRAISA SA aus Bellach SO. Das Familienunternehmen \u00fcberzeugte mit seiner nachhaltigen Unternehmensf\u00fchrung.\" \/>\n<meta name=\"robots\" content=\"index, follow, max-snippet:-1, max-image-preview:large, max-video-preview:-1\" \/>\n<link rel=\"canonical\" href=\"https:\/\/www.organisator.ch\/en\/management\/2016-12-07\/die-gewinner-des-family-business-awards-2016\/\" \/>\n<meta property=\"og:locale\" content=\"en_US\" \/>\n<meta property=\"og:type\" content=\"article\" \/>\n<meta property=\"og:title\" content=\"Die Gewinner des Family Business Awards 2016\" \/>\n<meta property=\"og:description\" content=\"Die FRAISA SA aus Bellach im Kanton Solothurn hat dieses Jahr den Family Business Award gewonnen. Das Familienunternehmen \u00fcberzeugte die Fachjury mit seiner nachhaltigen Unternehmensf\u00fchrung. Gestern durfte die Gesch\u00e4ftsleitung der FRAISA in der AMAG Solothurn einen VW Passat Variant GTE als Preis in Empfang nehmen.\" \/>\n<meta property=\"og:url\" content=\"https:\/\/www.organisator.ch\/en\/management\/2016-12-07\/die-gewinner-des-family-business-awards-2016\/\" \/>\n<meta property=\"og:site_name\" content=\"Organisator\" \/>\n<meta property=\"article:publisher\" content=\"https:\/\/www.facebook.com\/OrganisatorFachmagazin\" \/>\n<meta property=\"article:published_time\" content=\"2016-12-07T10:27:32+00:00\" \/>\n<meta name=\"author\" content=\"admin\" \/>\n<meta name=\"twitter:card\" content=\"summary_large_image\" \/>\n<meta name=\"twitter:image\" content=\"https:\/\/www.organisator.ch\/wp-content\/uploads\/2016\/12\/Die-Gewinner-des-Family-Business-Awards-2016-organisator.jpg\" \/>\n<script type=\"application\/ld+json\" class=\"yoast-schema-graph\">{\"@context\":\"https:\\\/\\\/schema.org\",\"@graph\":[{\"@type\":\"Article\",\"@id\":\"https:\\\/\\\/www.organisator.ch\\\/management\\\/2016-12-07\\\/die-gewinner-des-family-business-awards-2016\\\/#article\",\"isPartOf\":{\"@id\":\"https:\\\/\\\/www.organisator.ch\\\/management\\\/2016-12-07\\\/die-gewinner-des-family-business-awards-2016\\\/\"},\"author\":{\"name\":\"admin\",\"@id\":\"https:\\\/\\\/www.organisator.ch\\\/#\\\/schema\\\/person\\\/aa2bace6c5c5aad60102004a50c4eb1c\"},\"headline\":\"Die Gewinner des Family Business Awards 2016\",\"datePublished\":\"2016-12-07T10:27:32+00:00\",\"mainEntityOfPage\":{\"@id\":\"https:\\\/\\\/www.organisator.ch\\\/management\\\/2016-12-07\\\/die-gewinner-des-family-business-awards-2016\\\/\"},\"wordCount\":312,\"commentCount\":0,\"publisher\":{\"@id\":\"https:\\\/\\\/www.organisator.ch\\\/#organization\"},\"image\":{\"@id\":\"https:\\\/\\\/www.organisator.ch\\\/management\\\/2016-12-07\\\/die-gewinner-des-family-business-awards-2016\\\/#primaryimage\"},\"thumbnailUrl\":\"https:\\\/\\\/www.organisator.ch\\\/wp-content\\\/uploads\\\/2016\\\/12\\\/Die-Gewinner-des-Family-Business-Awards-2016-organisator.jpg\",\"keywords\":[\"Awards\",\"Management und Unternehmensf\u00fchrung\"],\"articleSection\":[\"MANAGEMENT\"],\"inLanguage\":\"en-US\"},{\"@type\":\"WebPage\",\"@id\":\"https:\\\/\\\/www.organisator.ch\\\/management\\\/2016-12-07\\\/die-gewinner-des-family-business-awards-2016\\\/\",\"url\":\"https:\\\/\\\/www.organisator.ch\\\/management\\\/2016-12-07\\\/die-gewinner-des-family-business-awards-2016\\\/\",\"name\":\"Die Gewinner des Family Business Awards 2016 - Organisator\",\"isPartOf\":{\"@id\":\"https:\\\/\\\/www.organisator.ch\\\/#website\"},\"primaryImageOfPage\":{\"@id\":\"https:\\\/\\\/www.organisator.ch\\\/management\\\/2016-12-07\\\/die-gewinner-des-family-business-awards-2016\\\/#primaryimage\"},\"image\":{\"@id\":\"https:\\\/\\\/www.organisator.ch\\\/management\\\/2016-12-07\\\/die-gewinner-des-family-business-awards-2016\\\/#primaryimage\"},\"thumbnailUrl\":\"https:\\\/\\\/www.organisator.ch\\\/wp-content\\\/uploads\\\/2016\\\/12\\\/Die-Gewinner-des-Family-Business-Awards-2016-organisator.jpg\",\"datePublished\":\"2016-12-07T10:27:32+00:00\",\"description\":\"Die Gewinner des Family Business Awards 2016: Die FRAISA SA aus Bellach SO. Das Familienunternehmen \u00fcberzeugte mit seiner nachhaltigen Unternehmensf\u00fchrung.\",\"breadcrumb\":{\"@id\":\"https:\\\/\\\/www.organisator.ch\\\/management\\\/2016-12-07\\\/die-gewinner-des-family-business-awards-2016\\\/#breadcrumb\"},\"inLanguage\":\"en-US\",\"potentialAction\":[{\"@type\":\"ReadAction\",\"target\":[\"https:\\\/\\\/www.organisator.ch\\\/management\\\/2016-12-07\\\/die-gewinner-des-family-business-awards-2016\\\/\"]}]},{\"@type\":\"ImageObject\",\"inLanguage\":\"en-US\",\"@id\":\"https:\\\/\\\/www.organisator.ch\\\/management\\\/2016-12-07\\\/die-gewinner-des-family-business-awards-2016\\\/#primaryimage\",\"url\":\"https:\\\/\\\/www.organisator.ch\\\/wp-content\\\/uploads\\\/2016\\\/12\\\/Die-Gewinner-des-Family-Business-Awards-2016-organisator.jpg\",\"contentUrl\":\"https:\\\/\\\/www.organisator.ch\\\/wp-content\\\/uploads\\\/2016\\\/12\\\/Die-Gewinner-des-Family-Business-Awards-2016-organisator.jpg\",\"width\":640,\"height\":427,\"caption\":\"Die FRAISA SA, vertreten durch Peter Roth (links), Projektleiter Produktentwicklung, und die Mitglieder der Gesch\u00e4ftsleitung, Hanspeter Kocher (2.v.l.), Stefan Gutmann (Mitte) und Thomas N\u00e4gelin (2.v.r.) und Andreas Iseli, AMAG.\"},{\"@type\":\"BreadcrumbList\",\"@id\":\"https:\\\/\\\/www.organisator.ch\\\/management\\\/2016-12-07\\\/die-gewinner-des-family-business-awards-2016\\\/#breadcrumb\",\"itemListElement\":[{\"@type\":\"ListItem\",\"position\":1,\"name\":\"Home\",\"item\":\"https:\\\/\\\/www.organisator.ch\\\/\"},{\"@type\":\"ListItem\",\"position\":2,\"name\":\"Die Gewinner des Family Business Awards 2016\"}]},{\"@type\":\"WebSite\",\"@id\":\"https:\\\/\\\/www.organisator.ch\\\/#website\",\"url\":\"https:\\\/\\\/www.organisator.ch\\\/\",\"name\":\"Organisator\",\"description\":\"Kompetent. Praxisnah. Der ORGANISATOR bereitet in 10 Ausgaben pro Jahr die wesentlichen Themen f\u00fcr F\u00fchrungskr\u00e4fte von KMU auf.\",\"publisher\":{\"@id\":\"https:\\\/\\\/www.organisator.ch\\\/#organization\"},\"potentialAction\":[{\"@type\":\"SearchAction\",\"target\":{\"@type\":\"EntryPoint\",\"urlTemplate\":\"https:\\\/\\\/www.organisator.ch\\\/?s={search_term_string}\"},\"query-input\":{\"@type\":\"PropertyValueSpecification\",\"valueRequired\":true,\"valueName\":\"search_term_string\"}}],\"inLanguage\":\"en-US\"},{\"@type\":\"Organization\",\"@id\":\"https:\\\/\\\/www.organisator.ch\\\/#organization\",\"name\":\"Organisator\",\"url\":\"https:\\\/\\\/www.organisator.ch\\\/\",\"logo\":{\"@type\":\"ImageObject\",\"inLanguage\":\"en-US\",\"@id\":\"https:\\\/\\\/www.organisator.ch\\\/#\\\/schema\\\/logo\\\/image\\\/\",\"url\":\"https:\\\/\\\/www.organisator.ch\\\/wp-content\\\/uploads\\\/2022\\\/01\\\/Logo_Organisator_Website.png\",\"contentUrl\":\"https:\\\/\\\/www.organisator.ch\\\/wp-content\\\/uploads\\\/2022\\\/01\\\/Logo_Organisator_Website.png\",\"width\":800,\"height\":77,\"caption\":\"Organisator\"},\"image\":{\"@id\":\"https:\\\/\\\/www.organisator.ch\\\/#\\\/schema\\\/logo\\\/image\\\/\"},\"sameAs\":[\"https:\\\/\\\/www.facebook.com\\\/OrganisatorFachmagazin\",\"https:\\\/\\\/www.linkedin.com\\\/showcase\\\/organisator-das-magazin-fr-kmu\",\"https:\\\/\\\/www.xing.com\\\/news\\\/pages\\\/organisator-ch-695\",\"https:\\\/\\\/www.youtube.com\\\/channel\\\/UCGP2Sq0iWaZwT3BdIAQFYpw\"]},{\"@type\":\"Person\",\"@id\":\"https:\\\/\\\/www.organisator.ch\\\/#\\\/schema\\\/person\\\/aa2bace6c5c5aad60102004a50c4eb1c\",\"name\":\"admin\",\"image\":{\"@type\":\"ImageObject\",\"inLanguage\":\"en-US\",\"@id\":\"https:\\\/\\\/secure.gravatar.com\\\/avatar\\\/ae2f4d718e6c49043e314ce431e7e645d646302a24a5ef5a8bc8e3f5a032e319?s=96&d=mm&r=g\",\"url\":\"https:\\\/\\\/secure.gravatar.com\\\/avatar\\\/ae2f4d718e6c49043e314ce431e7e645d646302a24a5ef5a8bc8e3f5a032e319?s=96&d=mm&r=g\",\"contentUrl\":\"https:\\\/\\\/secure.gravatar.com\\\/avatar\\\/ae2f4d718e6c49043e314ce431e7e645d646302a24a5ef5a8bc8e3f5a032e319?s=96&d=mm&r=g\",\"caption\":\"admin\"},\"sameAs\":[\"https:\\\/\\\/www.organisator.ch\"],\"url\":\"https:\\\/\\\/www.organisator.ch\\\/en\\\/author\\\/admin\\\/\"}]}<\/script>\n<!-- \/ Yoast SEO plugin. -->","yoast_head_json":{"title":"The winners of the Family Business Awards 2016 - organizer","description":"The winners of the Family Business Awards 2016: FRAISA SA from Bellach SO. The family business convinced with its sustainable corporate management.","robots":{"index":"index","follow":"follow","max-snippet":"max-snippet:-1","max-image-preview":"max-image-preview:large","max-video-preview":"max-video-preview:-1"},"canonical":"https:\/\/www.organisator.ch\/en\/management\/2016-12-07\/die-gewinner-des-family-business-awards-2016\/","og_locale":"en_US","og_type":"article","og_title":"Die Gewinner des Family Business Awards 2016","og_description":"Die FRAISA SA aus Bellach im Kanton Solothurn hat dieses Jahr den Family Business Award gewonnen. Das Familienunternehmen \u00fcberzeugte die Fachjury mit seiner nachhaltigen Unternehmensf\u00fchrung. Gestern durfte die Gesch\u00e4ftsleitung der FRAISA in der AMAG Solothurn einen VW Passat Variant GTE als Preis in Empfang nehmen.","og_url":"https:\/\/www.organisator.ch\/en\/management\/2016-12-07\/die-gewinner-des-family-business-awards-2016\/","og_site_name":"Organisator","article_publisher":"https:\/\/www.facebook.com\/OrganisatorFachmagazin","article_published_time":"2016-12-07T10:27:32+00:00","author":"admin","twitter_card":"summary_large_image","twitter_image":"https:\/\/www.organisator.ch\/wp-content\/uploads\/2016\/12\/Die-Gewinner-des-Family-Business-Awards-2016-organisator.jpg","schema":{"@context":"https:\/\/schema.org","@graph":[{"@type":"Article","@id":"https:\/\/www.organisator.ch\/management\/2016-12-07\/die-gewinner-des-family-business-awards-2016\/#article","isPartOf":{"@id":"https:\/\/www.organisator.ch\/management\/2016-12-07\/die-gewinner-des-family-business-awards-2016\/"},"author":{"name":"admin","@id":"https:\/\/www.organisator.ch\/#\/schema\/person\/aa2bace6c5c5aad60102004a50c4eb1c"},"headline":"Die Gewinner des Family Business Awards 2016","datePublished":"2016-12-07T10:27:32+00:00","mainEntityOfPage":{"@id":"https:\/\/www.organisator.ch\/management\/2016-12-07\/die-gewinner-des-family-business-awards-2016\/"},"wordCount":312,"commentCount":0,"publisher":{"@id":"https:\/\/www.organisator.ch\/#organization"},"image":{"@id":"https:\/\/www.organisator.ch\/management\/2016-12-07\/die-gewinner-des-family-business-awards-2016\/#primaryimage"},"thumbnailUrl":"https:\/\/www.organisator.ch\/wp-content\/uploads\/2016\/12\/Die-Gewinner-des-Family-Business-Awards-2016-organisator.jpg","keywords":["Awards","Management und Unternehmensf\u00fchrung"],"articleSection":["MANAGEMENT"],"inLanguage":"en-US"},{"@type":"WebPage","@id":"https:\/\/www.organisator.ch\/management\/2016-12-07\/die-gewinner-des-family-business-awards-2016\/","url":"https:\/\/www.organisator.ch\/management\/2016-12-07\/die-gewinner-des-family-business-awards-2016\/","name":"The winners of the Family Business Awards 2016 - organizer","isPartOf":{"@id":"https:\/\/www.organisator.ch\/#website"},"primaryImageOfPage":{"@id":"https:\/\/www.organisator.ch\/management\/2016-12-07\/die-gewinner-des-family-business-awards-2016\/#primaryimage"},"image":{"@id":"https:\/\/www.organisator.ch\/management\/2016-12-07\/die-gewinner-des-family-business-awards-2016\/#primaryimage"},"thumbnailUrl":"https:\/\/www.organisator.ch\/wp-content\/uploads\/2016\/12\/Die-Gewinner-des-Family-Business-Awards-2016-organisator.jpg","datePublished":"2016-12-07T10:27:32+00:00","description":"The winners of the Family Business Awards 2016: FRAISA SA from Bellach SO. The family business convinced with its sustainable corporate management.","breadcrumb":{"@id":"https:\/\/www.organisator.ch\/management\/2016-12-07\/die-gewinner-des-family-business-awards-2016\/#breadcrumb"},"inLanguage":"en-US","potentialAction":[{"@type":"ReadAction","target":["https:\/\/www.organisator.ch\/management\/2016-12-07\/die-gewinner-des-family-business-awards-2016\/"]}]},{"@type":"ImageObject","inLanguage":"en-US","@id":"https:\/\/www.organisator.ch\/management\/2016-12-07\/die-gewinner-des-family-business-awards-2016\/#primaryimage","url":"https:\/\/www.organisator.ch\/wp-content\/uploads\/2016\/12\/Die-Gewinner-des-Family-Business-Awards-2016-organisator.jpg","contentUrl":"https:\/\/www.organisator.ch\/wp-content\/uploads\/2016\/12\/Die-Gewinner-des-Family-Business-Awards-2016-organisator.jpg","width":640,"height":427,"caption":"Die FRAISA SA, vertreten durch Peter Roth (links), Projektleiter Produktentwicklung, und die Mitglieder der Gesch\u00e4ftsleitung, Hanspeter Kocher (2.v.l.), Stefan Gutmann (Mitte) und Thomas N\u00e4gelin (2.v.r.) und Andreas Iseli, AMAG."},{"@type":"BreadcrumbList","@id":"https:\/\/www.organisator.ch\/management\/2016-12-07\/die-gewinner-des-family-business-awards-2016\/#breadcrumb","itemListElement":[{"@type":"ListItem","position":1,"name":"Home","item":"https:\/\/www.organisator.ch\/"},{"@type":"ListItem","position":2,"name":"Die Gewinner des Family Business Awards 2016"}]},{"@type":"WebSite","@id":"https:\/\/www.organisator.ch\/#website","url":"https:\/\/www.organisator.ch\/","name":"Organizer","description":"Competent. Practical. In 10 issues per year, ORGANISATOR presents the essential topics for managers of SMEs.","publisher":{"@id":"https:\/\/www.organisator.ch\/#organization"},"potentialAction":[{"@type":"SearchAction","target":{"@type":"EntryPoint","urlTemplate":"https:\/\/www.organisator.ch\/?s={search_term_string}"},"query-input":{"@type":"PropertyValueSpecification","valueRequired":true,"valueName":"search_term_string"}}],"inLanguage":"en-US"},{"@type":"Organization","@id":"https:\/\/www.organisator.ch\/#organization","name":"Organizer","url":"https:\/\/www.organisator.ch\/","logo":{"@type":"ImageObject","inLanguage":"en-US","@id":"https:\/\/www.organisator.ch\/#\/schema\/logo\/image\/","url":"https:\/\/www.organisator.ch\/wp-content\/uploads\/2022\/01\/Logo_Organisator_Website.png","contentUrl":"https:\/\/www.organisator.ch\/wp-content\/uploads\/2022\/01\/Logo_Organisator_Website.png","width":800,"height":77,"caption":"Organisator"},"image":{"@id":"https:\/\/www.organisator.ch\/#\/schema\/logo\/image\/"},"sameAs":["https:\/\/www.facebook.com\/OrganisatorFachmagazin","https:\/\/www.linkedin.com\/showcase\/organisator-das-magazin-fr-kmu","https:\/\/www.xing.com\/news\/pages\/organisator-ch-695","https:\/\/www.youtube.com\/channel\/UCGP2Sq0iWaZwT3BdIAQFYpw"]},{"@type":"Person","@id":"https:\/\/www.organisator.ch\/#\/schema\/person\/aa2bace6c5c5aad60102004a50c4eb1c","name":"admin","image":{"@type":"ImageObject","inLanguage":"en-US","@id":"https:\/\/secure.gravatar.com\/avatar\/ae2f4d718e6c49043e314ce431e7e645d646302a24a5ef5a8bc8e3f5a032e319?s=96&d=mm&r=g","url":"https:\/\/secure.gravatar.com\/avatar\/ae2f4d718e6c49043e314ce431e7e645d646302a24a5ef5a8bc8e3f5a032e319?s=96&d=mm&r=g","contentUrl":"https:\/\/secure.gravatar.com\/avatar\/ae2f4d718e6c49043e314ce431e7e645d646302a24a5ef5a8bc8e3f5a032e319?s=96&d=mm&r=g","caption":"admin"},"sameAs":["https:\/\/www.organisator.ch"],"url":"https:\/\/www.organisator.ch\/en\/author\/admin\/"}]}},"_links":{"self":[{"href":"https:\/\/www.organisator.ch\/en\/wp-json\/wp\/v2\/posts\/297","targetHints":{"allow":["GET"]}}],"collection":[{"href":"https:\/\/www.organisator.ch\/en\/wp-json\/wp\/v2\/posts"}],"about":[{"href":"https:\/\/www.organisator.ch\/en\/wp-json\/wp\/v2\/types\/post"}],"author":[{"embeddable":true,"href":"https:\/\/www.organisator.ch\/en\/wp-json\/wp\/v2\/users\/1"}],"replies":[{"embeddable":true,"href":"https:\/\/www.organisator.ch\/en\/wp-json\/wp\/v2\/comments?post=297"}],"version-history":[{"count":0,"href":"https:\/\/www.organisator.ch\/en\/wp-json\/wp\/v2\/posts\/297\/revisions"}],"wp:featuredmedia":[{"embeddable":true,"href":"https:\/\/www.organisator.ch\/en\/wp-json\/wp\/v2\/media\/300"}],"wp:attachment":[{"href":"https:\/\/www.organisator.ch\/en\/wp-json\/wp\/v2\/media?parent=297"}],"wp:term":[{"taxonomy":"category","embeddable":true,"href":"https:\/\/www.organisator.ch\/en\/wp-json\/wp\/v2\/categories?post=297"},{"taxonomy":"post_tag","embeddable":true,"href":"https:\/\/www.organisator.ch\/en\/wp-json\/wp\/v2\/tags?post=297"}],"curies":[{"name":"wp","href":"https:\/\/api.w.org\/{rel}","templated":true}]}}