{"id":29731,"date":"2024-09-12T12:30:15","date_gmt":"2024-09-12T10:30:15","guid":{"rendered":"https:\/\/www.organisator.ch\/?p=29731"},"modified":"2024-09-11T14:12:53","modified_gmt":"2024-09-11T12:12:53","slug":"38-der-deutschschweizer-wollen-trotz-fachkraeftemangel-weniger-arbeiten","status":"publish","type":"post","link":"https:\/\/www.organisator.ch\/en\/human-resources\/2024-09-12\/38-der-deutschschweizer-wollen-trotz-fachkraeftemangel-weniger-arbeiten\/","title":{"rendered":"38% of German-speaking Swiss want to work less despite skills shortage"},"content":{"rendered":"<figure id=\"attachment_29732\" aria-describedby=\"caption-attachment-29732\" style=\"width: 680px\" class=\"wp-caption alignnone\"><img loading=\"lazy\" decoding=\"async\" class=\"size-full wp-image-29732\" src=\"https:\/\/www.organisator.ch\/wp-content\/uploads\/2024\/09\/Xing_Bild1_ps.jpg\" alt=\"\" width=\"680\" height=\"448\" srcset=\"https:\/\/www.organisator.ch\/wp-content\/uploads\/2024\/09\/Xing_Bild1_ps.jpg 680w, https:\/\/www.organisator.ch\/wp-content\/uploads\/2024\/09\/Xing_Bild1_ps-18x12.jpg 18w, https:\/\/www.organisator.ch\/wp-content\/uploads\/2024\/09\/Xing_Bild1_ps-375x247.jpg 375w, https:\/\/www.organisator.ch\/wp-content\/uploads\/2024\/09\/Xing_Bild1_ps-531x350.jpg 531w\" sizes=\"auto, (max-width: 680px) 100vw, 680px\" \/><figcaption id=\"caption-attachment-29732\" class=\"wp-caption-text\">(Image: www.xing.com)<\/figcaption><\/figure>\n<p>The labor market in Switzerland is currently facing several challenges at the same time: a weakening economy, demographic change, a shortage of skilled workers and AI, which can have an impact on many of these areas.\u00a0<\/p>\n<p>Around 5.3 million people are employed on the Swiss labor market in a wide variety of working time models. At the same time, the average weekly working time in Switzerland is 31.2 hours (2023) - which is below the European average (36.9 hours; source: Statista). An entire generation, namely the baby boomers, is leaving the labor market for retirement. Despite the recession, this is combining to create a labor market in which many companies are struggling to find enough workers and specialists.<\/p>\n<h3><strong>More work? Half of employees in Switzerland are satisfied with their working hours<\/strong><\/h3>\n<p>Across all generations, more than half of employees in Switzerland (55 %) see no need to work more to counteract the economic downturn.\u00a0<\/p>\n<p>Opinion leaders here tend to be the older baby boomer and Generation X generations, who have been in the workforce for longer: 73 % (Baby Boomers) and 61 % (Generation X) of them say that working more is not necessary. The younger generations, Millennials and Gen Z, tend to share this opinion to a lesser extent: they largely agree with the discussion that it is necessary to work more rather than less in order to maintain prosperity (Millennials 50 % and Gen Z 55 %).\u00a0<\/p>\n<p>However, this opinion is not entirely reflected in their own willingness to work. 45 percent of Gen Z are satisfied with the number of working hours as it is. 40 percent would like to work fewer hours, while 15 percent would like to work more. 40 percent of millennials would like to work fewer hours - almost on a par with 39 percent of millennials who are satisfied with the number of hours they work. Around one in five millennials surveyed would like to work more hours (21 %). Across all generations, the majority of respondents (44%) are satisfied with the number of hours they work. 38 percent would like to reduce their working hours.<\/p>\n<p>\"The trend shows a gap between the generations: While baby boomers, who are more willing to work harder than average, tend to feel that they have done their bit, but also generally see less need for an increase in working hours, younger people are more aware of an impending loss of prosperity. While they theoretically recognize that overtime is an effective antidote, they would tend to prefer not to have to do it themselves,\" says Sandra Bascha, Head of Communications at Xing in Switzerland.\u00a0<\/p>\n<p>Many employees are already feeling the effects of the skills shortage first-hand: 33% report that their company is having difficulties finding suitable staff, while 23% perceive an increased workload. Interestingly, this contrasts with 24% of respondents who perceive little to no impact from the skills shortage. Poor mood and motivation problems (18 %), an increased stress level and concerns about burnout (17 %) and an increased transfer of responsibility (15 %) are the effects of the skills shortage that respondents feel most frequently.<\/p>\n<p>Nevertheless, a total of 16% of respondents would like to work more. Among those who are employed part-time or in a marginal employment relationship, the proportion increases to 26% (part-time employees) and 33% (marginal employees). This is particularly interesting: Half of employees who are marginally employed are satisfied with their number of hours (50 %). Half of part-time employees also agree with this: they are satisfied with the way things are (50 %).\u00a0<\/p>\n<h3><strong>For most employees, only financial incentives would make overtime attractive<\/strong><\/h3>\n<p>But even those who do not necessarily want to work more would be persuaded to do so if the right offers were made. Financial benefits are the main focus for the respondents: bonus payments and premiums (44 %), (significantly) higher salary over and above the pro rata number of hours (39 %) and higher salary pro rata to the number of hours (37 %) as well as additional vacation days (37 %) are in the running. For 28 percent of respondents, tax incentives would be a reason to increase their weekly working hours.\u00a0<\/p>\n<p>Respondents would also give up part of their salary for more vacation days: 30 percent would buy themselves more time off. 22 percent could imagine accepting financial sacrifices for a better work-life balance. More flexibility in working hours would also be an aspect for just under one in five (16 %). On the other hand, 30 percent would not be prepared to give up part of their salary for any reason.<\/p>\n<h3><strong>Work-life balance: the majority of Swiss people are satisfied with their work-life balance<\/strong><\/h3>\n<p>Good news: Overall, around 89 percent are very satisfied, satisfied and somewhat satisfied with their work-life balance. Only a small proportion of respondents, 11 percent in total, stated that they were rather dissatisfied, dissatisfied and very dissatisfied. A lack of flexible working hours (28 %), health problems and stress (28 %) as well as little time for hobbies and leisure activities (27 %) were cited as the biggest hurdles in terms of work-life balance. On a positive note, more than a quarter of the employees surveyed in Switzerland (27 %) do not see any obstacles to achieving a work-life balance.<\/p>\n<p>\"Even though the majority of respondents seem satisfied with their work-life balance, there are still challenges,\" says Sandra Bascha. \"Companies have effective means at their disposal to mitigate the shortage of skilled workers. Incentives for overtime such as attractive remuneration and working time models with as much flexibility as possible contribute to the future viability of companies. A rethink is needed here - and better today than tomorrow.\"<\/p>\n<p><em>Source: <a href=\"http:\/\/www.xing.com\">www.xing.com<\/a><\/em><\/p>","protected":false},"excerpt":{"rendered":"<p>Despite a shortage of skilled workers and demographic change, most employees in German-speaking Switzerland do not see any need to work more, although unfilled vacancies are noticeable. 44 % are satisfied with their working hours, 38 % would like to work less and 30 % would be prepared to accept a reduction in salary for more vacation. These are the findings of the new Xing Labor Market Report 2024, which was conducted by the market research institute Appinio on behalf of the jobs network among 500 employees in German-speaking Switzerland.<\/p>","protected":false},"author":58,"featured_media":29732,"comment_status":"closed","ping_status":"closed","sticky":false,"template":"","format":"standard","meta":{"_acf_changed":false,"_yoast_wpseo_focuskw":"Fachkr\u00e4ftemangel","_yoast_wpseo_metadesc":"Trotz Fachkr\u00e4ftemangel und demografischem Wandel sehen die meisten Besch\u00e4ftigten in der Deutschschweiz keine Notwendigkeit f\u00fcr Mehrarbeit.","articlekey":"","footnotes":""},"categories":[579],"tags":[4040,194,3506,492,4258],"class_list":["post-29731","post","type-post","status-publish","format-standard","has-post-thumbnail","hentry","category-human-resources","tag-bericht","tag-fachkraeftemangel","tag-human-resources","tag-unternehmen","tag-xing"],"acf":[],"yoast_head":"<!-- This site is optimized with the Yoast SEO plugin v27.5 - https:\/\/yoast.com\/product\/yoast-seo-wordpress\/ -->\n<title>38% der Deutschschweizer wollen trotz Fachkr\u00e4ftemangel weniger arbeiten - Organisator<\/title>\n<meta name=\"description\" content=\"Trotz Fachkr\u00e4ftemangel und demografischem Wandel sehen die meisten Besch\u00e4ftigten in der Deutschschweiz keine Notwendigkeit f\u00fcr Mehrarbeit.\" \/>\n<meta name=\"robots\" content=\"index, follow, max-snippet:-1, max-image-preview:large, max-video-preview:-1\" \/>\n<link rel=\"canonical\" href=\"https:\/\/www.organisator.ch\/en\/human-resources\/2024-09-12\/38-der-deutschschweizer-wollen-trotz-fachkraeftemangel-weniger-arbeiten\/\" \/>\n<meta property=\"og:locale\" content=\"en_US\" \/>\n<meta property=\"og:type\" content=\"article\" \/>\n<meta property=\"og:title\" content=\"38% der Deutschschweizer wollen trotz Fachkr\u00e4ftemangel weniger arbeiten\" \/>\n<meta property=\"og:description\" content=\"Trotz Fachkr\u00e4ftemangel und demografischem Wandel sehen die meisten Besch\u00e4ftigten in der Deutschschweiz keine Notwendigkeit f\u00fcr Mehrarbeit.\" \/>\n<meta property=\"og:url\" content=\"https:\/\/www.organisator.ch\/en\/human-resources\/2024-09-12\/38-der-deutschschweizer-wollen-trotz-fachkraeftemangel-weniger-arbeiten\/\" \/>\n<meta property=\"og:site_name\" content=\"Organisator\" \/>\n<meta property=\"article:publisher\" content=\"https:\/\/www.facebook.com\/OrganisatorFachmagazin\" \/>\n<meta property=\"article:published_time\" content=\"2024-09-12T10:30:15+00:00\" \/>\n<meta property=\"og:image\" content=\"https:\/\/www.organisator.ch\/wp-content\/uploads\/2024\/09\/Xing_Bild1_ps.jpg\" \/>\n\t<meta property=\"og:image:width\" content=\"680\" \/>\n\t<meta property=\"og:image:height\" content=\"448\" \/>\n\t<meta property=\"og:image:type\" content=\"image\/jpeg\" \/>\n<meta name=\"author\" content=\"Adelisa Kalajdzini\" \/>\n<meta name=\"twitter:card\" content=\"summary_large_image\" \/>\n<meta name=\"twitter:title\" content=\"38% der Deutschschweizer wollen trotz Fachkr\u00e4ftemangel weniger arbeiten\" \/>\n<meta name=\"twitter:description\" content=\"Trotz #Fachkr\u00e4ftemangel und demografischem Wandel sehen die meisten #Besch\u00e4ftigten in der #Deutschschweiz keine Notwendigkeit f\u00fcr #Mehrarbeit.\" \/>\n<meta name=\"twitter:image\" content=\"https:\/\/www.organisator.ch\/wp-content\/uploads\/2024\/09\/Xing_Bild1_ps.jpg\" \/>\n<script type=\"application\/ld+json\" class=\"yoast-schema-graph\">{\"@context\":\"https:\\\/\\\/schema.org\",\"@graph\":[{\"@type\":\"Article\",\"@id\":\"https:\\\/\\\/www.organisator.ch\\\/human-resources\\\/2024-09-12\\\/38-der-deutschschweizer-wollen-trotz-fachkraeftemangel-weniger-arbeiten\\\/#article\",\"isPartOf\":{\"@id\":\"https:\\\/\\\/www.organisator.ch\\\/human-resources\\\/2024-09-12\\\/38-der-deutschschweizer-wollen-trotz-fachkraeftemangel-weniger-arbeiten\\\/\"},\"author\":{\"name\":\"Adelisa Kalajdzini\",\"@id\":\"https:\\\/\\\/www.organisator.ch\\\/#\\\/schema\\\/person\\\/2e1314a2172123f874db408d8911d3f3\"},\"headline\":\"38% der Deutschschweizer wollen trotz Fachkr\u00e4ftemangel weniger arbeiten\",\"datePublished\":\"2024-09-12T10:30:15+00:00\",\"mainEntityOfPage\":{\"@id\":\"https:\\\/\\\/www.organisator.ch\\\/human-resources\\\/2024-09-12\\\/38-der-deutschschweizer-wollen-trotz-fachkraeftemangel-weniger-arbeiten\\\/\"},\"wordCount\":918,\"publisher\":{\"@id\":\"https:\\\/\\\/www.organisator.ch\\\/#organization\"},\"image\":{\"@id\":\"https:\\\/\\\/www.organisator.ch\\\/human-resources\\\/2024-09-12\\\/38-der-deutschschweizer-wollen-trotz-fachkraeftemangel-weniger-arbeiten\\\/#primaryimage\"},\"thumbnailUrl\":\"https:\\\/\\\/www.organisator.ch\\\/wp-content\\\/uploads\\\/2024\\\/09\\\/Xing_Bild1_ps.jpg\",\"keywords\":[\"Bericht\",\"Fachkr\u00e4ftemangel\",\"Human Resources\",\"Unternehmen\",\"Xing\"],\"articleSection\":[\"HUMAN RESOURCES\"],\"inLanguage\":\"en-US\"},{\"@type\":\"WebPage\",\"@id\":\"https:\\\/\\\/www.organisator.ch\\\/human-resources\\\/2024-09-12\\\/38-der-deutschschweizer-wollen-trotz-fachkraeftemangel-weniger-arbeiten\\\/\",\"url\":\"https:\\\/\\\/www.organisator.ch\\\/human-resources\\\/2024-09-12\\\/38-der-deutschschweizer-wollen-trotz-fachkraeftemangel-weniger-arbeiten\\\/\",\"name\":\"38% der Deutschschweizer wollen trotz Fachkr\u00e4ftemangel weniger arbeiten - Organisator\",\"isPartOf\":{\"@id\":\"https:\\\/\\\/www.organisator.ch\\\/#website\"},\"primaryImageOfPage\":{\"@id\":\"https:\\\/\\\/www.organisator.ch\\\/human-resources\\\/2024-09-12\\\/38-der-deutschschweizer-wollen-trotz-fachkraeftemangel-weniger-arbeiten\\\/#primaryimage\"},\"image\":{\"@id\":\"https:\\\/\\\/www.organisator.ch\\\/human-resources\\\/2024-09-12\\\/38-der-deutschschweizer-wollen-trotz-fachkraeftemangel-weniger-arbeiten\\\/#primaryimage\"},\"thumbnailUrl\":\"https:\\\/\\\/www.organisator.ch\\\/wp-content\\\/uploads\\\/2024\\\/09\\\/Xing_Bild1_ps.jpg\",\"datePublished\":\"2024-09-12T10:30:15+00:00\",\"description\":\"Trotz Fachkr\u00e4ftemangel und demografischem Wandel sehen die meisten Besch\u00e4ftigten in der Deutschschweiz keine Notwendigkeit f\u00fcr Mehrarbeit.\",\"breadcrumb\":{\"@id\":\"https:\\\/\\\/www.organisator.ch\\\/human-resources\\\/2024-09-12\\\/38-der-deutschschweizer-wollen-trotz-fachkraeftemangel-weniger-arbeiten\\\/#breadcrumb\"},\"inLanguage\":\"en-US\",\"potentialAction\":[{\"@type\":\"ReadAction\",\"target\":[\"https:\\\/\\\/www.organisator.ch\\\/human-resources\\\/2024-09-12\\\/38-der-deutschschweizer-wollen-trotz-fachkraeftemangel-weniger-arbeiten\\\/\"]}]},{\"@type\":\"ImageObject\",\"inLanguage\":\"en-US\",\"@id\":\"https:\\\/\\\/www.organisator.ch\\\/human-resources\\\/2024-09-12\\\/38-der-deutschschweizer-wollen-trotz-fachkraeftemangel-weniger-arbeiten\\\/#primaryimage\",\"url\":\"https:\\\/\\\/www.organisator.ch\\\/wp-content\\\/uploads\\\/2024\\\/09\\\/Xing_Bild1_ps.jpg\",\"contentUrl\":\"https:\\\/\\\/www.organisator.ch\\\/wp-content\\\/uploads\\\/2024\\\/09\\\/Xing_Bild1_ps.jpg\",\"width\":680,\"height\":448,\"caption\":\"(Bild: www.xing.com)\"},{\"@type\":\"BreadcrumbList\",\"@id\":\"https:\\\/\\\/www.organisator.ch\\\/human-resources\\\/2024-09-12\\\/38-der-deutschschweizer-wollen-trotz-fachkraeftemangel-weniger-arbeiten\\\/#breadcrumb\",\"itemListElement\":[{\"@type\":\"ListItem\",\"position\":1,\"name\":\"Home\",\"item\":\"https:\\\/\\\/www.organisator.ch\\\/\"},{\"@type\":\"ListItem\",\"position\":2,\"name\":\"38% der Deutschschweizer wollen trotz Fachkr\u00e4ftemangel weniger arbeiten\"}]},{\"@type\":\"WebSite\",\"@id\":\"https:\\\/\\\/www.organisator.ch\\\/#website\",\"url\":\"https:\\\/\\\/www.organisator.ch\\\/\",\"name\":\"Organisator\",\"description\":\"Kompetent. Praxisnah. Der ORGANISATOR bereitet in 10 Ausgaben pro Jahr die wesentlichen Themen f\u00fcr F\u00fchrungskr\u00e4fte von KMU auf.\",\"publisher\":{\"@id\":\"https:\\\/\\\/www.organisator.ch\\\/#organization\"},\"potentialAction\":[{\"@type\":\"SearchAction\",\"target\":{\"@type\":\"EntryPoint\",\"urlTemplate\":\"https:\\\/\\\/www.organisator.ch\\\/?s={search_term_string}\"},\"query-input\":{\"@type\":\"PropertyValueSpecification\",\"valueRequired\":true,\"valueName\":\"search_term_string\"}}],\"inLanguage\":\"en-US\"},{\"@type\":\"Organization\",\"@id\":\"https:\\\/\\\/www.organisator.ch\\\/#organization\",\"name\":\"Organisator\",\"url\":\"https:\\\/\\\/www.organisator.ch\\\/\",\"logo\":{\"@type\":\"ImageObject\",\"inLanguage\":\"en-US\",\"@id\":\"https:\\\/\\\/www.organisator.ch\\\/#\\\/schema\\\/logo\\\/image\\\/\",\"url\":\"https:\\\/\\\/www.organisator.ch\\\/wp-content\\\/uploads\\\/2022\\\/01\\\/Logo_Organisator_Website.png\",\"contentUrl\":\"https:\\\/\\\/www.organisator.ch\\\/wp-content\\\/uploads\\\/2022\\\/01\\\/Logo_Organisator_Website.png\",\"width\":800,\"height\":77,\"caption\":\"Organisator\"},\"image\":{\"@id\":\"https:\\\/\\\/www.organisator.ch\\\/#\\\/schema\\\/logo\\\/image\\\/\"},\"sameAs\":[\"https:\\\/\\\/www.facebook.com\\\/OrganisatorFachmagazin\",\"https:\\\/\\\/www.linkedin.com\\\/showcase\\\/organisator-das-magazin-fr-kmu\",\"https:\\\/\\\/www.xing.com\\\/news\\\/pages\\\/organisator-ch-695\",\"https:\\\/\\\/www.youtube.com\\\/channel\\\/UCGP2Sq0iWaZwT3BdIAQFYpw\"]},{\"@type\":\"Person\",\"@id\":\"https:\\\/\\\/www.organisator.ch\\\/#\\\/schema\\\/person\\\/2e1314a2172123f874db408d8911d3f3\",\"name\":\"Adelisa Kalajdzini\",\"image\":{\"@type\":\"ImageObject\",\"inLanguage\":\"en-US\",\"@id\":\"https:\\\/\\\/secure.gravatar.com\\\/avatar\\\/09a397c22ac58cad6f160ee8306348599df9df58a8ede73696226897b9fa4b24?s=96&d=mm&r=g\",\"url\":\"https:\\\/\\\/secure.gravatar.com\\\/avatar\\\/09a397c22ac58cad6f160ee8306348599df9df58a8ede73696226897b9fa4b24?s=96&d=mm&r=g\",\"contentUrl\":\"https:\\\/\\\/secure.gravatar.com\\\/avatar\\\/09a397c22ac58cad6f160ee8306348599df9df58a8ede73696226897b9fa4b24?s=96&d=mm&r=g\",\"caption\":\"Adelisa Kalajdzini\"},\"url\":\"https:\\\/\\\/www.organisator.ch\\\/en\\\/author\\\/adelisa-kalajdzini\\\/\"}]}<\/script>\n<!-- \/ Yoast SEO plugin. -->","yoast_head_json":{"title":"38% of Swiss Germans want to work less despite skills shortage - Organizer","description":"Despite the shortage of skilled workers and demographic change, most employees in German-speaking Switzerland see no need to work more hours.","robots":{"index":"index","follow":"follow","max-snippet":"max-snippet:-1","max-image-preview":"max-image-preview:large","max-video-preview":"max-video-preview:-1"},"canonical":"https:\/\/www.organisator.ch\/en\/human-resources\/2024-09-12\/38-der-deutschschweizer-wollen-trotz-fachkraeftemangel-weniger-arbeiten\/","og_locale":"en_US","og_type":"article","og_title":"38% der Deutschschweizer wollen trotz Fachkr\u00e4ftemangel weniger arbeiten","og_description":"Trotz Fachkr\u00e4ftemangel und demografischem Wandel sehen die meisten Besch\u00e4ftigten in der Deutschschweiz keine Notwendigkeit f\u00fcr Mehrarbeit.","og_url":"https:\/\/www.organisator.ch\/en\/human-resources\/2024-09-12\/38-der-deutschschweizer-wollen-trotz-fachkraeftemangel-weniger-arbeiten\/","og_site_name":"Organisator","article_publisher":"https:\/\/www.facebook.com\/OrganisatorFachmagazin","article_published_time":"2024-09-12T10:30:15+00:00","og_image":[{"width":680,"height":448,"url":"https:\/\/www.organisator.ch\/wp-content\/uploads\/2024\/09\/Xing_Bild1_ps.jpg","type":"image\/jpeg"}],"author":"Adelisa Kalajdzini","twitter_card":"summary_large_image","twitter_title":"38% der Deutschschweizer wollen trotz Fachkr\u00e4ftemangel weniger arbeiten","twitter_description":"Trotz #Fachkr\u00e4ftemangel und demografischem Wandel sehen die meisten #Besch\u00e4ftigten in der #Deutschschweiz keine Notwendigkeit f\u00fcr #Mehrarbeit.","twitter_image":"https:\/\/www.organisator.ch\/wp-content\/uploads\/2024\/09\/Xing_Bild1_ps.jpg","schema":{"@context":"https:\/\/schema.org","@graph":[{"@type":"Article","@id":"https:\/\/www.organisator.ch\/human-resources\/2024-09-12\/38-der-deutschschweizer-wollen-trotz-fachkraeftemangel-weniger-arbeiten\/#article","isPartOf":{"@id":"https:\/\/www.organisator.ch\/human-resources\/2024-09-12\/38-der-deutschschweizer-wollen-trotz-fachkraeftemangel-weniger-arbeiten\/"},"author":{"name":"Adelisa Kalajdzini","@id":"https:\/\/www.organisator.ch\/#\/schema\/person\/2e1314a2172123f874db408d8911d3f3"},"headline":"38% der Deutschschweizer wollen trotz Fachkr\u00e4ftemangel weniger arbeiten","datePublished":"2024-09-12T10:30:15+00:00","mainEntityOfPage":{"@id":"https:\/\/www.organisator.ch\/human-resources\/2024-09-12\/38-der-deutschschweizer-wollen-trotz-fachkraeftemangel-weniger-arbeiten\/"},"wordCount":918,"publisher":{"@id":"https:\/\/www.organisator.ch\/#organization"},"image":{"@id":"https:\/\/www.organisator.ch\/human-resources\/2024-09-12\/38-der-deutschschweizer-wollen-trotz-fachkraeftemangel-weniger-arbeiten\/#primaryimage"},"thumbnailUrl":"https:\/\/www.organisator.ch\/wp-content\/uploads\/2024\/09\/Xing_Bild1_ps.jpg","keywords":["Bericht","Fachkr\u00e4ftemangel","Human Resources","Unternehmen","Xing"],"articleSection":["HUMAN RESOURCES"],"inLanguage":"en-US"},{"@type":"WebPage","@id":"https:\/\/www.organisator.ch\/human-resources\/2024-09-12\/38-der-deutschschweizer-wollen-trotz-fachkraeftemangel-weniger-arbeiten\/","url":"https:\/\/www.organisator.ch\/human-resources\/2024-09-12\/38-der-deutschschweizer-wollen-trotz-fachkraeftemangel-weniger-arbeiten\/","name":"38% of Swiss Germans want to work less despite skills shortage - Organizer","isPartOf":{"@id":"https:\/\/www.organisator.ch\/#website"},"primaryImageOfPage":{"@id":"https:\/\/www.organisator.ch\/human-resources\/2024-09-12\/38-der-deutschschweizer-wollen-trotz-fachkraeftemangel-weniger-arbeiten\/#primaryimage"},"image":{"@id":"https:\/\/www.organisator.ch\/human-resources\/2024-09-12\/38-der-deutschschweizer-wollen-trotz-fachkraeftemangel-weniger-arbeiten\/#primaryimage"},"thumbnailUrl":"https:\/\/www.organisator.ch\/wp-content\/uploads\/2024\/09\/Xing_Bild1_ps.jpg","datePublished":"2024-09-12T10:30:15+00:00","description":"Despite the shortage of skilled workers and demographic change, most employees in German-speaking Switzerland see no need to work more hours.","breadcrumb":{"@id":"https:\/\/www.organisator.ch\/human-resources\/2024-09-12\/38-der-deutschschweizer-wollen-trotz-fachkraeftemangel-weniger-arbeiten\/#breadcrumb"},"inLanguage":"en-US","potentialAction":[{"@type":"ReadAction","target":["https:\/\/www.organisator.ch\/human-resources\/2024-09-12\/38-der-deutschschweizer-wollen-trotz-fachkraeftemangel-weniger-arbeiten\/"]}]},{"@type":"ImageObject","inLanguage":"en-US","@id":"https:\/\/www.organisator.ch\/human-resources\/2024-09-12\/38-der-deutschschweizer-wollen-trotz-fachkraeftemangel-weniger-arbeiten\/#primaryimage","url":"https:\/\/www.organisator.ch\/wp-content\/uploads\/2024\/09\/Xing_Bild1_ps.jpg","contentUrl":"https:\/\/www.organisator.ch\/wp-content\/uploads\/2024\/09\/Xing_Bild1_ps.jpg","width":680,"height":448,"caption":"(Bild: www.xing.com)"},{"@type":"BreadcrumbList","@id":"https:\/\/www.organisator.ch\/human-resources\/2024-09-12\/38-der-deutschschweizer-wollen-trotz-fachkraeftemangel-weniger-arbeiten\/#breadcrumb","itemListElement":[{"@type":"ListItem","position":1,"name":"Home","item":"https:\/\/www.organisator.ch\/"},{"@type":"ListItem","position":2,"name":"38% der Deutschschweizer wollen trotz Fachkr\u00e4ftemangel weniger arbeiten"}]},{"@type":"WebSite","@id":"https:\/\/www.organisator.ch\/#website","url":"https:\/\/www.organisator.ch\/","name":"Organizer","description":"Competent. Practical. In 10 issues per year, ORGANISATOR presents the essential topics for managers of SMEs.","publisher":{"@id":"https:\/\/www.organisator.ch\/#organization"},"potentialAction":[{"@type":"SearchAction","target":{"@type":"EntryPoint","urlTemplate":"https:\/\/www.organisator.ch\/?s={search_term_string}"},"query-input":{"@type":"PropertyValueSpecification","valueRequired":true,"valueName":"search_term_string"}}],"inLanguage":"en-US"},{"@type":"Organization","@id":"https:\/\/www.organisator.ch\/#organization","name":"Organizer","url":"https:\/\/www.organisator.ch\/","logo":{"@type":"ImageObject","inLanguage":"en-US","@id":"https:\/\/www.organisator.ch\/#\/schema\/logo\/image\/","url":"https:\/\/www.organisator.ch\/wp-content\/uploads\/2022\/01\/Logo_Organisator_Website.png","contentUrl":"https:\/\/www.organisator.ch\/wp-content\/uploads\/2022\/01\/Logo_Organisator_Website.png","width":800,"height":77,"caption":"Organisator"},"image":{"@id":"https:\/\/www.organisator.ch\/#\/schema\/logo\/image\/"},"sameAs":["https:\/\/www.facebook.com\/OrganisatorFachmagazin","https:\/\/www.linkedin.com\/showcase\/organisator-das-magazin-fr-kmu","https:\/\/www.xing.com\/news\/pages\/organisator-ch-695","https:\/\/www.youtube.com\/channel\/UCGP2Sq0iWaZwT3BdIAQFYpw"]},{"@type":"Person","@id":"https:\/\/www.organisator.ch\/#\/schema\/person\/2e1314a2172123f874db408d8911d3f3","name":"Adelisa Kalajdzini","image":{"@type":"ImageObject","inLanguage":"en-US","@id":"https:\/\/secure.gravatar.com\/avatar\/09a397c22ac58cad6f160ee8306348599df9df58a8ede73696226897b9fa4b24?s=96&d=mm&r=g","url":"https:\/\/secure.gravatar.com\/avatar\/09a397c22ac58cad6f160ee8306348599df9df58a8ede73696226897b9fa4b24?s=96&d=mm&r=g","contentUrl":"https:\/\/secure.gravatar.com\/avatar\/09a397c22ac58cad6f160ee8306348599df9df58a8ede73696226897b9fa4b24?s=96&d=mm&r=g","caption":"Adelisa Kalajdzini"},"url":"https:\/\/www.organisator.ch\/en\/author\/adelisa-kalajdzini\/"}]}},"_links":{"self":[{"href":"https:\/\/www.organisator.ch\/en\/wp-json\/wp\/v2\/posts\/29731","targetHints":{"allow":["GET"]}}],"collection":[{"href":"https:\/\/www.organisator.ch\/en\/wp-json\/wp\/v2\/posts"}],"about":[{"href":"https:\/\/www.organisator.ch\/en\/wp-json\/wp\/v2\/types\/post"}],"author":[{"embeddable":true,"href":"https:\/\/www.organisator.ch\/en\/wp-json\/wp\/v2\/users\/58"}],"replies":[{"embeddable":true,"href":"https:\/\/www.organisator.ch\/en\/wp-json\/wp\/v2\/comments?post=29731"}],"version-history":[{"count":4,"href":"https:\/\/www.organisator.ch\/en\/wp-json\/wp\/v2\/posts\/29731\/revisions"}],"predecessor-version":[{"id":29820,"href":"https:\/\/www.organisator.ch\/en\/wp-json\/wp\/v2\/posts\/29731\/revisions\/29820"}],"wp:featuredmedia":[{"embeddable":true,"href":"https:\/\/www.organisator.ch\/en\/wp-json\/wp\/v2\/media\/29732"}],"wp:attachment":[{"href":"https:\/\/www.organisator.ch\/en\/wp-json\/wp\/v2\/media?parent=29731"}],"wp:term":[{"taxonomy":"category","embeddable":true,"href":"https:\/\/www.organisator.ch\/en\/wp-json\/wp\/v2\/categories?post=29731"},{"taxonomy":"post_tag","embeddable":true,"href":"https:\/\/www.organisator.ch\/en\/wp-json\/wp\/v2\/tags?post=29731"}],"curies":[{"name":"wp","href":"https:\/\/api.w.org\/{rel}","templated":true}]}}