{"id":29772,"date":"2024-09-13T09:31:17","date_gmt":"2024-09-13T07:31:17","guid":{"rendered":"https:\/\/www.organisator.ch\/?p=29772"},"modified":"2024-09-12T11:01:33","modified_gmt":"2024-09-12T09:01:33","slug":"studienstart-an-der-hes-so-mit-fast-21-000-studierenden","status":"publish","type":"post","link":"https:\/\/www.organisator.ch\/en\/weiterbildung\/2024-09-13\/studienstart-an-der-hes-so-mit-fast-21-000-studierenden\/","title":{"rendered":"Start of studies at the HES-SO with almost 21,000 students"},"content":{"rendered":"<figure id=\"attachment_29774\" aria-describedby=\"caption-attachment-29774\" style=\"width: 680px\" class=\"wp-caption alignnone\"><img loading=\"lazy\" decoding=\"async\" class=\"size-full wp-image-29774\" src=\"https:\/\/www.organisator.ch\/wp-content\/uploads\/2024\/09\/HES-SO_Bild1_ps.jpg\" alt=\"\" width=\"680\" height=\"431\" srcset=\"https:\/\/www.organisator.ch\/wp-content\/uploads\/2024\/09\/HES-SO_Bild1_ps.jpg 680w, https:\/\/www.organisator.ch\/wp-content\/uploads\/2024\/09\/HES-SO_Bild1_ps-18x12.jpg 18w, https:\/\/www.organisator.ch\/wp-content\/uploads\/2024\/09\/HES-SO_Bild1_ps-375x238.jpg 375w, https:\/\/www.organisator.ch\/wp-content\/uploads\/2024\/09\/HES-SO_Bild1_ps-552x350.jpg 552w\" sizes=\"auto, (max-width: 680px) 100vw, 680px\" \/><figcaption id=\"caption-attachment-29774\" class=\"wp-caption-text\">Around 21,000 students will start the new academic year at the 28 universities of the HES-SO in French-speaking Switzerland from September 16, 2024. (Image: www.depositphotos.com)<\/figcaption><\/figure>\n<p>The Master's degree course Integrated Innovation for Product and Business Development (Innokick) is emblematic of this new beginning: the program of this degree course, which focuses on innovation, has been completely revised for the upcoming academic year. Previously, it was reserved for Bachelor's graduates in the fields of Engineering and Architecture, Business &amp; Services or Design and Fine Arts. From the coming academic year, it will also be open to students from the three other HES-SO faculties (Music and Performing Arts, Health, Social Work) and will therefore benefit from even more diverse input into the creative process. In addition, the Innokick Master's program can in future be completed not only as a full-time course, but also as a part-time course.<\/p>\n<p>The range of nursing courses has also been expanded: Part-time study is now possible not only at the Fribourg School of Health (HEdS-FR), where this option has been offered for a year, but also at the Geneva School of Health (HEdS-Gen\u00e8ve) and the Valais-Wallis School of Health (HEdS). In addition, the midwifery course at the Vaud School of Health (HESAV) is also offered as a part-time course. The flexibilization of the course is primarily aimed at people who cannot easily complete a full-time course for personal or professional reasons.<\/p>\n<p>Universities in the healthcare sector are also making widespread use of the e-portfolio: an online dossier used by students to document their work, their reflections and their personal and professional development. The e-portfolio is in line with the development of increasingly modular training courses, which can be designed more and more freely, and is a pedagogical tool for lecturers and teaching staff, allowing them to follow and evaluate students' progress online. The e-portfolio should also become a central component of application documents when looking for a job.<\/p>\n<h3><strong>Training courses that are geared towards the needs of the professional world<\/strong><\/h3>\n<p>The proximity to the professional world is strengthened in particular through increased cooperation with partner companies. This is the case at the Fribourg School of Engineering and Architecture (HEIA-FR), for example, which is offering a new course for second-year graduates in mechanical engineering, electrical engineering and computer science and communication systems, developed in collaboration with the energy producer and distributor Groupe E. This course, which is dedicated to topics at the interface between the optimization of heat flows, electricity and new computer technologies, enables students to work on specific projects in an interdisciplinary way. It should also motivate them to pursue projects in interdisciplinary teams and in collaboration with partner municipalities and companies throughout the new academic year.<\/p>\n<p>The Master of Science in Business Administration (MSc BA) has also been adapted to the changing needs of business and society and takes particular account of the challenges associated with sustainability and digitalization. Both the skills profile and the framework curriculum of the Master's degree program have been completely revised.<\/p>\n<h3><strong>Student numbers at the start of the 2024\/2025 academic year\u00a0<\/strong><\/h3>\n<p>Bachelor's enrolments are down slightly, except in the arts degree programs, half of which is offset by the steady increase in Master's enrolments over the past three years. In total, over 17,800 students will enrol for a Bachelor's degree and over 2,600 for a Master's degree in one of the six departments of the HES-SO. Switzerland's largest university of applied sciences will therefore have almost 21,000 students at the start of the 2024\/2025 academic year.<\/p>\n<p><em>Source: <a href=\"http:\/\/www.hes-so.ch\">www.hes-so.ch<\/a><\/em><\/p>","protected":false},"excerpt":{"rendered":"<p>Almost 21,000 students will start the new academic year in the week of September 16, 2024 at one of the 28 HES-SO universities throughout French-speaking Switzerland. Changes have been made to some courses: more opportunities to make studies more flexible, an opening up to new target groups and greater proximity to the professional world.<\/p>","protected":false},"author":58,"featured_media":29774,"comment_status":"closed","ping_status":"closed","sticky":false,"template":"","format":"standard","meta":{"_acf_changed":false,"_yoast_wpseo_focuskw":"HES-SO","_yoast_wpseo_metadesc":"Fast 21'000 Studentinnen und Studenten werden in der Woche vom 16. September 2024 in der gesamten Westschweiz das neue Studienjahr in Angriff nehmen.","articlekey":"","footnotes":""},"categories":[30],"tags":[62,4500,460],"class_list":["post-29772","post","type-post","status-publish","format-standard","has-post-thumbnail","hentry","category-weiterbildung","tag-aus-weiterbildung","tag-hes-so","tag-studien"],"acf":[],"yoast_head":"<!-- This site is optimized with the Yoast SEO plugin v27.4 - https:\/\/yoast.com\/product\/yoast-seo-wordpress\/ -->\n<title>Studienstart an der HES-SO mit fast 21.000 Studierenden - Organisator<\/title>\n<meta name=\"description\" content=\"Fast 21&#039;000 Studentinnen und Studenten werden in der Woche vom 16. September 2024 in der gesamten Westschweiz das neue Studienjahr in Angriff nehmen.\" \/>\n<meta name=\"robots\" content=\"index, follow, max-snippet:-1, max-image-preview:large, max-video-preview:-1\" \/>\n<link rel=\"canonical\" href=\"https:\/\/www.organisator.ch\/en\/further-education\/2024-09-13\/studienstart-an-der-hes-so-mit-fast-21-000-studierenden\/\" \/>\n<meta property=\"og:locale\" content=\"en_US\" \/>\n<meta property=\"og:type\" content=\"article\" \/>\n<meta property=\"og:title\" content=\"Studienstart an der HES-SO mit fast 21.000 Studierenden\" \/>\n<meta property=\"og:description\" content=\"Fast 21&#039;000 Studentinnen und Studenten werden in der Woche vom 16. September 2024 in der gesamten Westschweiz das neue Studienjahr in Angriff nehmen.\" \/>\n<meta property=\"og:url\" content=\"https:\/\/www.organisator.ch\/en\/further-education\/2024-09-13\/studienstart-an-der-hes-so-mit-fast-21-000-studierenden\/\" \/>\n<meta property=\"og:site_name\" content=\"Organisator\" \/>\n<meta property=\"article:publisher\" content=\"https:\/\/www.facebook.com\/OrganisatorFachmagazin\" \/>\n<meta property=\"article:published_time\" content=\"2024-09-13T07:31:17+00:00\" \/>\n<meta property=\"og:image\" content=\"https:\/\/www.organisator.ch\/wp-content\/uploads\/2024\/09\/HES-SO_Bild1_ps.jpg\" \/>\n\t<meta property=\"og:image:width\" content=\"680\" \/>\n\t<meta property=\"og:image:height\" content=\"431\" \/>\n\t<meta property=\"og:image:type\" content=\"image\/jpeg\" \/>\n<meta name=\"author\" content=\"Adelisa Kalajdzini\" \/>\n<meta name=\"twitter:card\" content=\"summary_large_image\" \/>\n<meta name=\"twitter:title\" content=\"Studienstart an der HES-SO mit fast 21.000 Studierenden\" \/>\n<meta name=\"twitter:description\" content=\"Fast 21&#039;000 #Studentinnen und #Studenten werden in der Woche vom 16. September 2024 in der gesamten #Westschweiz das neue #Studienjahr in Angriff nehmen.\" \/>\n<meta name=\"twitter:image\" content=\"https:\/\/www.organisator.ch\/wp-content\/uploads\/2024\/09\/HES-SO_Bild1_ps.jpg\" \/>\n<script type=\"application\/ld+json\" class=\"yoast-schema-graph\">{\"@context\":\"https:\\\/\\\/schema.org\",\"@graph\":[{\"@type\":\"Article\",\"@id\":\"https:\\\/\\\/www.organisator.ch\\\/weiterbildung\\\/2024-09-13\\\/studienstart-an-der-hes-so-mit-fast-21-000-studierenden\\\/#article\",\"isPartOf\":{\"@id\":\"https:\\\/\\\/www.organisator.ch\\\/weiterbildung\\\/2024-09-13\\\/studienstart-an-der-hes-so-mit-fast-21-000-studierenden\\\/\"},\"author\":{\"name\":\"Adelisa Kalajdzini\",\"@id\":\"https:\\\/\\\/www.organisator.ch\\\/#\\\/schema\\\/person\\\/2e1314a2172123f874db408d8911d3f3\"},\"headline\":\"Studienstart an der HES-SO mit fast 21.000 Studierenden\",\"datePublished\":\"2024-09-13T07:31:17+00:00\",\"mainEntityOfPage\":{\"@id\":\"https:\\\/\\\/www.organisator.ch\\\/weiterbildung\\\/2024-09-13\\\/studienstart-an-der-hes-so-mit-fast-21-000-studierenden\\\/\"},\"wordCount\":581,\"publisher\":{\"@id\":\"https:\\\/\\\/www.organisator.ch\\\/#organization\"},\"image\":{\"@id\":\"https:\\\/\\\/www.organisator.ch\\\/weiterbildung\\\/2024-09-13\\\/studienstart-an-der-hes-so-mit-fast-21-000-studierenden\\\/#primaryimage\"},\"thumbnailUrl\":\"https:\\\/\\\/www.organisator.ch\\\/wp-content\\\/uploads\\\/2024\\\/09\\\/HES-SO_Bild1_ps.jpg\",\"keywords\":[\"Aus-\\\/Weiterbildung\",\"HES-SO\",\"Studien\"],\"articleSection\":[\"WEITERBILDUNG\"],\"inLanguage\":\"en-US\"},{\"@type\":\"WebPage\",\"@id\":\"https:\\\/\\\/www.organisator.ch\\\/weiterbildung\\\/2024-09-13\\\/studienstart-an-der-hes-so-mit-fast-21-000-studierenden\\\/\",\"url\":\"https:\\\/\\\/www.organisator.ch\\\/weiterbildung\\\/2024-09-13\\\/studienstart-an-der-hes-so-mit-fast-21-000-studierenden\\\/\",\"name\":\"Studienstart an der HES-SO mit fast 21.000 Studierenden - Organisator\",\"isPartOf\":{\"@id\":\"https:\\\/\\\/www.organisator.ch\\\/#website\"},\"primaryImageOfPage\":{\"@id\":\"https:\\\/\\\/www.organisator.ch\\\/weiterbildung\\\/2024-09-13\\\/studienstart-an-der-hes-so-mit-fast-21-000-studierenden\\\/#primaryimage\"},\"image\":{\"@id\":\"https:\\\/\\\/www.organisator.ch\\\/weiterbildung\\\/2024-09-13\\\/studienstart-an-der-hes-so-mit-fast-21-000-studierenden\\\/#primaryimage\"},\"thumbnailUrl\":\"https:\\\/\\\/www.organisator.ch\\\/wp-content\\\/uploads\\\/2024\\\/09\\\/HES-SO_Bild1_ps.jpg\",\"datePublished\":\"2024-09-13T07:31:17+00:00\",\"description\":\"Fast 21'000 Studentinnen und Studenten werden in der Woche vom 16. September 2024 in der gesamten Westschweiz das neue Studienjahr in Angriff nehmen.\",\"breadcrumb\":{\"@id\":\"https:\\\/\\\/www.organisator.ch\\\/weiterbildung\\\/2024-09-13\\\/studienstart-an-der-hes-so-mit-fast-21-000-studierenden\\\/#breadcrumb\"},\"inLanguage\":\"en-US\",\"potentialAction\":[{\"@type\":\"ReadAction\",\"target\":[\"https:\\\/\\\/www.organisator.ch\\\/weiterbildung\\\/2024-09-13\\\/studienstart-an-der-hes-so-mit-fast-21-000-studierenden\\\/\"]}]},{\"@type\":\"ImageObject\",\"inLanguage\":\"en-US\",\"@id\":\"https:\\\/\\\/www.organisator.ch\\\/weiterbildung\\\/2024-09-13\\\/studienstart-an-der-hes-so-mit-fast-21-000-studierenden\\\/#primaryimage\",\"url\":\"https:\\\/\\\/www.organisator.ch\\\/wp-content\\\/uploads\\\/2024\\\/09\\\/HES-SO_Bild1_ps.jpg\",\"contentUrl\":\"https:\\\/\\\/www.organisator.ch\\\/wp-content\\\/uploads\\\/2024\\\/09\\\/HES-SO_Bild1_ps.jpg\",\"width\":680,\"height\":431,\"caption\":\"Rund 21'000 Studierende starten ab dem 16. September 2024 an den 28 Hochschulen der HES-SO in der Westschweiz ins neue Studienjahr. (Bild: www.depositphotos.com)\"},{\"@type\":\"BreadcrumbList\",\"@id\":\"https:\\\/\\\/www.organisator.ch\\\/weiterbildung\\\/2024-09-13\\\/studienstart-an-der-hes-so-mit-fast-21-000-studierenden\\\/#breadcrumb\",\"itemListElement\":[{\"@type\":\"ListItem\",\"position\":1,\"name\":\"Home\",\"item\":\"https:\\\/\\\/www.organisator.ch\\\/\"},{\"@type\":\"ListItem\",\"position\":2,\"name\":\"Studienstart an der HES-SO mit fast 21.000 Studierenden\"}]},{\"@type\":\"WebSite\",\"@id\":\"https:\\\/\\\/www.organisator.ch\\\/#website\",\"url\":\"https:\\\/\\\/www.organisator.ch\\\/\",\"name\":\"Organisator\",\"description\":\"Kompetent. Praxisnah. Der ORGANISATOR bereitet in 10 Ausgaben pro Jahr die wesentlichen Themen f\u00fcr F\u00fchrungskr\u00e4fte von KMU auf.\",\"publisher\":{\"@id\":\"https:\\\/\\\/www.organisator.ch\\\/#organization\"},\"potentialAction\":[{\"@type\":\"SearchAction\",\"target\":{\"@type\":\"EntryPoint\",\"urlTemplate\":\"https:\\\/\\\/www.organisator.ch\\\/?s={search_term_string}\"},\"query-input\":{\"@type\":\"PropertyValueSpecification\",\"valueRequired\":true,\"valueName\":\"search_term_string\"}}],\"inLanguage\":\"en-US\"},{\"@type\":\"Organization\",\"@id\":\"https:\\\/\\\/www.organisator.ch\\\/#organization\",\"name\":\"Organisator\",\"url\":\"https:\\\/\\\/www.organisator.ch\\\/\",\"logo\":{\"@type\":\"ImageObject\",\"inLanguage\":\"en-US\",\"@id\":\"https:\\\/\\\/www.organisator.ch\\\/#\\\/schema\\\/logo\\\/image\\\/\",\"url\":\"https:\\\/\\\/www.organisator.ch\\\/wp-content\\\/uploads\\\/2022\\\/01\\\/Logo_Organisator_Website.png\",\"contentUrl\":\"https:\\\/\\\/www.organisator.ch\\\/wp-content\\\/uploads\\\/2022\\\/01\\\/Logo_Organisator_Website.png\",\"width\":800,\"height\":77,\"caption\":\"Organisator\"},\"image\":{\"@id\":\"https:\\\/\\\/www.organisator.ch\\\/#\\\/schema\\\/logo\\\/image\\\/\"},\"sameAs\":[\"https:\\\/\\\/www.facebook.com\\\/OrganisatorFachmagazin\",\"https:\\\/\\\/www.linkedin.com\\\/showcase\\\/organisator-das-magazin-fr-kmu\",\"https:\\\/\\\/www.xing.com\\\/news\\\/pages\\\/organisator-ch-695\",\"https:\\\/\\\/www.youtube.com\\\/channel\\\/UCGP2Sq0iWaZwT3BdIAQFYpw\"]},{\"@type\":\"Person\",\"@id\":\"https:\\\/\\\/www.organisator.ch\\\/#\\\/schema\\\/person\\\/2e1314a2172123f874db408d8911d3f3\",\"name\":\"Adelisa Kalajdzini\",\"image\":{\"@type\":\"ImageObject\",\"inLanguage\":\"en-US\",\"@id\":\"https:\\\/\\\/secure.gravatar.com\\\/avatar\\\/09a397c22ac58cad6f160ee8306348599df9df58a8ede73696226897b9fa4b24?s=96&d=mm&r=g\",\"url\":\"https:\\\/\\\/secure.gravatar.com\\\/avatar\\\/09a397c22ac58cad6f160ee8306348599df9df58a8ede73696226897b9fa4b24?s=96&d=mm&r=g\",\"contentUrl\":\"https:\\\/\\\/secure.gravatar.com\\\/avatar\\\/09a397c22ac58cad6f160ee8306348599df9df58a8ede73696226897b9fa4b24?s=96&d=mm&r=g\",\"caption\":\"Adelisa Kalajdzini\"},\"url\":\"https:\\\/\\\/www.organisator.ch\\\/en\\\/author\\\/adelisa-kalajdzini\\\/\"}]}<\/script>\n<!-- \/ Yoast SEO plugin. -->","yoast_head_json":{"title":"Start of studies at the HES-SO with almost 21,000 students - Organizer","description":"Almost 21,000 students will start the new academic year in the week of September 16, 2024 throughout French-speaking Switzerland.","robots":{"index":"index","follow":"follow","max-snippet":"max-snippet:-1","max-image-preview":"max-image-preview:large","max-video-preview":"max-video-preview:-1"},"canonical":"https:\/\/www.organisator.ch\/en\/further-education\/2024-09-13\/studienstart-an-der-hes-so-mit-fast-21-000-studierenden\/","og_locale":"en_US","og_type":"article","og_title":"Studienstart an der HES-SO mit fast 21.000 Studierenden","og_description":"Fast 21'000 Studentinnen und Studenten werden in der Woche vom 16. September 2024 in der gesamten Westschweiz das neue Studienjahr in Angriff nehmen.","og_url":"https:\/\/www.organisator.ch\/en\/further-education\/2024-09-13\/studienstart-an-der-hes-so-mit-fast-21-000-studierenden\/","og_site_name":"Organisator","article_publisher":"https:\/\/www.facebook.com\/OrganisatorFachmagazin","article_published_time":"2024-09-13T07:31:17+00:00","og_image":[{"width":680,"height":431,"url":"https:\/\/www.organisator.ch\/wp-content\/uploads\/2024\/09\/HES-SO_Bild1_ps.jpg","type":"image\/jpeg"}],"author":"Adelisa Kalajdzini","twitter_card":"summary_large_image","twitter_title":"Studienstart an der HES-SO mit fast 21.000 Studierenden","twitter_description":"Fast 21'000 #Studentinnen und #Studenten werden in der Woche vom 16. September 2024 in der gesamten #Westschweiz das neue #Studienjahr in Angriff nehmen.","twitter_image":"https:\/\/www.organisator.ch\/wp-content\/uploads\/2024\/09\/HES-SO_Bild1_ps.jpg","schema":{"@context":"https:\/\/schema.org","@graph":[{"@type":"Article","@id":"https:\/\/www.organisator.ch\/weiterbildung\/2024-09-13\/studienstart-an-der-hes-so-mit-fast-21-000-studierenden\/#article","isPartOf":{"@id":"https:\/\/www.organisator.ch\/weiterbildung\/2024-09-13\/studienstart-an-der-hes-so-mit-fast-21-000-studierenden\/"},"author":{"name":"Adelisa Kalajdzini","@id":"https:\/\/www.organisator.ch\/#\/schema\/person\/2e1314a2172123f874db408d8911d3f3"},"headline":"Studienstart an der HES-SO mit fast 21.000 Studierenden","datePublished":"2024-09-13T07:31:17+00:00","mainEntityOfPage":{"@id":"https:\/\/www.organisator.ch\/weiterbildung\/2024-09-13\/studienstart-an-der-hes-so-mit-fast-21-000-studierenden\/"},"wordCount":581,"publisher":{"@id":"https:\/\/www.organisator.ch\/#organization"},"image":{"@id":"https:\/\/www.organisator.ch\/weiterbildung\/2024-09-13\/studienstart-an-der-hes-so-mit-fast-21-000-studierenden\/#primaryimage"},"thumbnailUrl":"https:\/\/www.organisator.ch\/wp-content\/uploads\/2024\/09\/HES-SO_Bild1_ps.jpg","keywords":["Aus-\/Weiterbildung","HES-SO","Studien"],"articleSection":["WEITERBILDUNG"],"inLanguage":"en-US"},{"@type":"WebPage","@id":"https:\/\/www.organisator.ch\/weiterbildung\/2024-09-13\/studienstart-an-der-hes-so-mit-fast-21-000-studierenden\/","url":"https:\/\/www.organisator.ch\/weiterbildung\/2024-09-13\/studienstart-an-der-hes-so-mit-fast-21-000-studierenden\/","name":"Start of studies at the HES-SO with almost 21,000 students - Organizer","isPartOf":{"@id":"https:\/\/www.organisator.ch\/#website"},"primaryImageOfPage":{"@id":"https:\/\/www.organisator.ch\/weiterbildung\/2024-09-13\/studienstart-an-der-hes-so-mit-fast-21-000-studierenden\/#primaryimage"},"image":{"@id":"https:\/\/www.organisator.ch\/weiterbildung\/2024-09-13\/studienstart-an-der-hes-so-mit-fast-21-000-studierenden\/#primaryimage"},"thumbnailUrl":"https:\/\/www.organisator.ch\/wp-content\/uploads\/2024\/09\/HES-SO_Bild1_ps.jpg","datePublished":"2024-09-13T07:31:17+00:00","description":"Almost 21,000 students will start the new academic year in the week of September 16, 2024 throughout French-speaking Switzerland.","breadcrumb":{"@id":"https:\/\/www.organisator.ch\/weiterbildung\/2024-09-13\/studienstart-an-der-hes-so-mit-fast-21-000-studierenden\/#breadcrumb"},"inLanguage":"en-US","potentialAction":[{"@type":"ReadAction","target":["https:\/\/www.organisator.ch\/weiterbildung\/2024-09-13\/studienstart-an-der-hes-so-mit-fast-21-000-studierenden\/"]}]},{"@type":"ImageObject","inLanguage":"en-US","@id":"https:\/\/www.organisator.ch\/weiterbildung\/2024-09-13\/studienstart-an-der-hes-so-mit-fast-21-000-studierenden\/#primaryimage","url":"https:\/\/www.organisator.ch\/wp-content\/uploads\/2024\/09\/HES-SO_Bild1_ps.jpg","contentUrl":"https:\/\/www.organisator.ch\/wp-content\/uploads\/2024\/09\/HES-SO_Bild1_ps.jpg","width":680,"height":431,"caption":"Rund 21'000 Studierende starten ab dem 16. September 2024 an den 28 Hochschulen der HES-SO in der Westschweiz ins neue Studienjahr. (Bild: www.depositphotos.com)"},{"@type":"BreadcrumbList","@id":"https:\/\/www.organisator.ch\/weiterbildung\/2024-09-13\/studienstart-an-der-hes-so-mit-fast-21-000-studierenden\/#breadcrumb","itemListElement":[{"@type":"ListItem","position":1,"name":"Home","item":"https:\/\/www.organisator.ch\/"},{"@type":"ListItem","position":2,"name":"Studienstart an der HES-SO mit fast 21.000 Studierenden"}]},{"@type":"WebSite","@id":"https:\/\/www.organisator.ch\/#website","url":"https:\/\/www.organisator.ch\/","name":"Organizer","description":"Competent. Practical. In 10 issues per year, ORGANISATOR presents the essential topics for managers of SMEs.","publisher":{"@id":"https:\/\/www.organisator.ch\/#organization"},"potentialAction":[{"@type":"SearchAction","target":{"@type":"EntryPoint","urlTemplate":"https:\/\/www.organisator.ch\/?s={search_term_string}"},"query-input":{"@type":"PropertyValueSpecification","valueRequired":true,"valueName":"search_term_string"}}],"inLanguage":"en-US"},{"@type":"Organization","@id":"https:\/\/www.organisator.ch\/#organization","name":"Organizer","url":"https:\/\/www.organisator.ch\/","logo":{"@type":"ImageObject","inLanguage":"en-US","@id":"https:\/\/www.organisator.ch\/#\/schema\/logo\/image\/","url":"https:\/\/www.organisator.ch\/wp-content\/uploads\/2022\/01\/Logo_Organisator_Website.png","contentUrl":"https:\/\/www.organisator.ch\/wp-content\/uploads\/2022\/01\/Logo_Organisator_Website.png","width":800,"height":77,"caption":"Organisator"},"image":{"@id":"https:\/\/www.organisator.ch\/#\/schema\/logo\/image\/"},"sameAs":["https:\/\/www.facebook.com\/OrganisatorFachmagazin","https:\/\/www.linkedin.com\/showcase\/organisator-das-magazin-fr-kmu","https:\/\/www.xing.com\/news\/pages\/organisator-ch-695","https:\/\/www.youtube.com\/channel\/UCGP2Sq0iWaZwT3BdIAQFYpw"]},{"@type":"Person","@id":"https:\/\/www.organisator.ch\/#\/schema\/person\/2e1314a2172123f874db408d8911d3f3","name":"Adelisa Kalajdzini","image":{"@type":"ImageObject","inLanguage":"en-US","@id":"https:\/\/secure.gravatar.com\/avatar\/09a397c22ac58cad6f160ee8306348599df9df58a8ede73696226897b9fa4b24?s=96&d=mm&r=g","url":"https:\/\/secure.gravatar.com\/avatar\/09a397c22ac58cad6f160ee8306348599df9df58a8ede73696226897b9fa4b24?s=96&d=mm&r=g","contentUrl":"https:\/\/secure.gravatar.com\/avatar\/09a397c22ac58cad6f160ee8306348599df9df58a8ede73696226897b9fa4b24?s=96&d=mm&r=g","caption":"Adelisa Kalajdzini"},"url":"https:\/\/www.organisator.ch\/en\/author\/adelisa-kalajdzini\/"}]}},"_links":{"self":[{"href":"https:\/\/www.organisator.ch\/en\/wp-json\/wp\/v2\/posts\/29772","targetHints":{"allow":["GET"]}}],"collection":[{"href":"https:\/\/www.organisator.ch\/en\/wp-json\/wp\/v2\/posts"}],"about":[{"href":"https:\/\/www.organisator.ch\/en\/wp-json\/wp\/v2\/types\/post"}],"author":[{"embeddable":true,"href":"https:\/\/www.organisator.ch\/en\/wp-json\/wp\/v2\/users\/58"}],"replies":[{"embeddable":true,"href":"https:\/\/www.organisator.ch\/en\/wp-json\/wp\/v2\/comments?post=29772"}],"version-history":[{"count":3,"href":"https:\/\/www.organisator.ch\/en\/wp-json\/wp\/v2\/posts\/29772\/revisions"}],"predecessor-version":[{"id":29816,"href":"https:\/\/www.organisator.ch\/en\/wp-json\/wp\/v2\/posts\/29772\/revisions\/29816"}],"wp:featuredmedia":[{"embeddable":true,"href":"https:\/\/www.organisator.ch\/en\/wp-json\/wp\/v2\/media\/29774"}],"wp:attachment":[{"href":"https:\/\/www.organisator.ch\/en\/wp-json\/wp\/v2\/media?parent=29772"}],"wp:term":[{"taxonomy":"category","embeddable":true,"href":"https:\/\/www.organisator.ch\/en\/wp-json\/wp\/v2\/categories?post=29772"},{"taxonomy":"post_tag","embeddable":true,"href":"https:\/\/www.organisator.ch\/en\/wp-json\/wp\/v2\/tags?post=29772"}],"curies":[{"name":"wp","href":"https:\/\/api.w.org\/{rel}","templated":true}]}}