{"id":29809,"date":"2024-09-13T10:53:52","date_gmt":"2024-09-13T08:53:52","guid":{"rendered":"https:\/\/www.markt-kom.com\/?p=223265"},"modified":"2024-11-08T09:48:27","modified_gmt":"2024-11-08T08:48:27","slug":"giselle-vaugne-verlaesst-ingo-zuerich","status":"publish","type":"post","link":"https:\/\/www.organisator.ch\/en\/marketing\/2024-09-13\/giselle-vaugne-verlaesst-ingo-zuerich\/","title":{"rendered":"Giselle Vaugne leaves Ingo Zurich"},"content":{"rendered":"<figure id=\"attachment_223266\" class=\"wp-caption aligncenter\" style=\"width: 1200px\" aria-describedby=\"caption-attachment-223266\"><img class=\"aligncenter wp-image-223266 size-full\" src=\"https:\/\/www.markt-kom.com\/wp-content\/uploads\/2024\/09\/Giselle_Vaugne_Portrait.jpg\" alt=\"Giselle Vaugne \" width=\"1200\" height=\"900\" \/>\r\n<figcaption id=\"caption-attachment-223266\" class=\"wp-caption-text\">(Image: zVg.)<\/figcaption>\r\n<\/figure>\r\n<p>Vaugne joined the agency in March 2019 as Client Service Director and steadily took on more responsibility over the course of her career. She led the entire consulting team for campaigning and technology, was appointed COO in November 2019 and has led the agency together with Swen Morath as Co-CEO since 2021.<\/p>\r\n<p>\"It was a well-considered decision to leave Ingo Zurich, even though it was a very difficult one for me,\" said Giselle Vaugne in a statement. \"The past five and a half years have been an extremely rewarding time. Together, after the rebranding to Wunderman Thompson, we led the agency into the top 5 creative agencies, won great new clients and were awarded Gold Effies for our work with Geberit and HEKS.\"<\/p>\r\n<p>The name change to Ingo Zurich in spring 2024 was also a success, Vaugne continues, looking back with pride on what she has achieved. But now it's time for a new adventure: \"After these six intense years, I would like to focus on my private life first and then reorient myself professionally from 2025.\"<\/p>\r\n<p>Co-CEO and CCO Swen Morath regrets Vaugne's departure: \"I will probably just continue to call her every morning on the way to the agency, as we have done every day over the past few years <em>(laughs)<\/em>. I am very grateful for the trusting, constructive and, above all, successful collaboration. I wish Giselle all the best for the future. At the same time, I am looking forward to the coming months. Ingo Zurich has some exciting projects with exciting clients coming up. The team is highly motivated and I personally am also looking forward to working closely with our new Global Chief Creative Officer Dan Fisher.\"<\/p>\r\n<p>Giselle Vaugne will continue to actively support the agency until the end of September 2024 and will hand over her responsibilities in the meantime.<\/p>\r\n<p>Sandro Tschuor is currently taking on her client-related tasks as Chief Client Officer. Tschuor joined the agency in 2015 after finishing his professional ice hockey career. During this time, he has managed national and international clients such as PostFinance and Microsoft and was responsible for Migros Fachm\u00e4rkte as WPP Lead.<\/p>","protected":false},"excerpt":{"rendered":"<p>After almost six years at Ingo Zurich - formerly Wunderman Thompson - Giselle Vaugne has decided to step down as Co-CEO and COO.<\/p>","protected":false},"author":8,"featured_media":0,"comment_status":"closed","ping_status":"closed","sticky":false,"template":"","format":"standard","meta":{"_acf_changed":false,"_yoast_wpseo_focuskw":"Giselle Vaugne","_yoast_wpseo_metadesc":"Giselle Vaugne verl\u00e4sst Ingo Z\u00fcrich nach erfolgreichen Jahren und Gold-Effies. Sandro Tschuor \u00fcbernimmt als Chief Client Officer.","articlekey":"","footnotes":""},"categories":[29],"tags":[4345,4506,2853],"class_list":["post-29809","post","type-post","status-publish","format-standard","hentry","category-marketing","tag-business","tag-ingo","tag-jobchange"],"acf":[],"yoast_head":"<!-- This site is optimized with the Yoast SEO plugin v27.5 - https:\/\/yoast.com\/product\/yoast-seo-wordpress\/ -->\n<title>Giselle Vaugne verl\u00e4sst Ingo Z\u00fcrich - Organisator<\/title>\n<meta name=\"description\" content=\"Giselle Vaugne verl\u00e4sst Ingo Z\u00fcrich nach erfolgreichen Jahren und Gold-Effies. Sandro Tschuor \u00fcbernimmt als Chief Client Officer.\" \/>\n<meta name=\"robots\" content=\"index, follow, max-snippet:-1, max-image-preview:large, max-video-preview:-1\" \/>\n<link rel=\"canonical\" href=\"https:\/\/www.organisator.ch\/en\/marketing\/2024-09-13\/giselle-vaugne-verlaesst-ingo-zuerich\/\" \/>\n<meta property=\"og:locale\" content=\"en_US\" \/>\n<meta property=\"og:type\" content=\"article\" \/>\n<meta property=\"og:title\" content=\"Giselle Vaugne verl\u00e4sst Ingo Z\u00fcrich - Organisator\" \/>\n<meta property=\"og:description\" content=\"Giselle Vaugne verl\u00e4sst Ingo Z\u00fcrich nach erfolgreichen Jahren und Gold-Effies. Sandro Tschuor \u00fcbernimmt als Chief Client Officer.\" \/>\n<meta property=\"og:url\" content=\"https:\/\/www.organisator.ch\/en\/marketing\/2024-09-13\/giselle-vaugne-verlaesst-ingo-zuerich\/\" \/>\n<meta property=\"og:site_name\" content=\"Organisator\" \/>\n<meta property=\"article:publisher\" content=\"https:\/\/www.facebook.com\/OrganisatorFachmagazin\" \/>\n<meta property=\"article:published_time\" content=\"2024-09-13T08:53:52+00:00\" \/>\n<meta property=\"article:modified_time\" content=\"2024-11-08T08:48:27+00:00\" \/>\n<meta property=\"og:image\" content=\"https:\/\/www.markt-kom.com\/wp-content\/uploads\/2024\/09\/Giselle_Vaugne_Portrait.jpg\" \/>\n<meta name=\"author\" content=\"galledia\" \/>\n<meta name=\"twitter:card\" content=\"summary_large_image\" \/>\n<meta name=\"twitter:creator\" content=\"@admin\" \/>\n<script type=\"application\/ld+json\" class=\"yoast-schema-graph\">{\"@context\":\"https:\\\/\\\/schema.org\",\"@graph\":[{\"@type\":\"Article\",\"@id\":\"https:\\\/\\\/www.organisator.ch\\\/marketing\\\/2024-09-13\\\/giselle-vaugne-verlaesst-ingo-zuerich\\\/#article\",\"isPartOf\":{\"@id\":\"https:\\\/\\\/www.organisator.ch\\\/marketing\\\/2024-09-13\\\/giselle-vaugne-verlaesst-ingo-zuerich\\\/\"},\"author\":{\"name\":\"galledia\",\"@id\":\"https:\\\/\\\/www.organisator.ch\\\/#\\\/schema\\\/person\\\/4e51799071cd2dd1232ac003643ef5f0\"},\"headline\":\"Giselle Vaugne verl\u00e4sst Ingo Z\u00fcrich\",\"datePublished\":\"2024-09-13T08:53:52+00:00\",\"dateModified\":\"2024-11-08T08:48:27+00:00\",\"mainEntityOfPage\":{\"@id\":\"https:\\\/\\\/www.organisator.ch\\\/marketing\\\/2024-09-13\\\/giselle-vaugne-verlaesst-ingo-zuerich\\\/\"},\"wordCount\":357,\"publisher\":{\"@id\":\"https:\\\/\\\/www.organisator.ch\\\/#organization\"},\"image\":{\"@id\":\"https:\\\/\\\/www.organisator.ch\\\/marketing\\\/2024-09-13\\\/giselle-vaugne-verlaesst-ingo-zuerich\\\/#primaryimage\"},\"thumbnailUrl\":\"https:\\\/\\\/www.markt-kom.com\\\/wp-content\\\/uploads\\\/2024\\\/09\\\/Giselle_Vaugne_Portrait.jpg\",\"keywords\":[\"Business\",\"Ingo\",\"Jobchange\"],\"articleSection\":[\"MARKETING\"],\"inLanguage\":\"en-US\"},{\"@type\":\"WebPage\",\"@id\":\"https:\\\/\\\/www.organisator.ch\\\/marketing\\\/2024-09-13\\\/giselle-vaugne-verlaesst-ingo-zuerich\\\/\",\"url\":\"https:\\\/\\\/www.organisator.ch\\\/marketing\\\/2024-09-13\\\/giselle-vaugne-verlaesst-ingo-zuerich\\\/\",\"name\":\"Giselle Vaugne verl\u00e4sst Ingo Z\u00fcrich - Organisator\",\"isPartOf\":{\"@id\":\"https:\\\/\\\/www.organisator.ch\\\/#website\"},\"primaryImageOfPage\":{\"@id\":\"https:\\\/\\\/www.organisator.ch\\\/marketing\\\/2024-09-13\\\/giselle-vaugne-verlaesst-ingo-zuerich\\\/#primaryimage\"},\"image\":{\"@id\":\"https:\\\/\\\/www.organisator.ch\\\/marketing\\\/2024-09-13\\\/giselle-vaugne-verlaesst-ingo-zuerich\\\/#primaryimage\"},\"thumbnailUrl\":\"https:\\\/\\\/www.markt-kom.com\\\/wp-content\\\/uploads\\\/2024\\\/09\\\/Giselle_Vaugne_Portrait.jpg\",\"datePublished\":\"2024-09-13T08:53:52+00:00\",\"dateModified\":\"2024-11-08T08:48:27+00:00\",\"description\":\"Giselle Vaugne verl\u00e4sst Ingo Z\u00fcrich nach erfolgreichen Jahren und Gold-Effies. Sandro Tschuor \u00fcbernimmt als Chief Client Officer.\",\"breadcrumb\":{\"@id\":\"https:\\\/\\\/www.organisator.ch\\\/marketing\\\/2024-09-13\\\/giselle-vaugne-verlaesst-ingo-zuerich\\\/#breadcrumb\"},\"inLanguage\":\"en-US\",\"potentialAction\":[{\"@type\":\"ReadAction\",\"target\":[\"https:\\\/\\\/www.organisator.ch\\\/marketing\\\/2024-09-13\\\/giselle-vaugne-verlaesst-ingo-zuerich\\\/\"]}]},{\"@type\":\"ImageObject\",\"inLanguage\":\"en-US\",\"@id\":\"https:\\\/\\\/www.organisator.ch\\\/marketing\\\/2024-09-13\\\/giselle-vaugne-verlaesst-ingo-zuerich\\\/#primaryimage\",\"url\":\"https:\\\/\\\/www.markt-kom.com\\\/wp-content\\\/uploads\\\/2024\\\/09\\\/Giselle_Vaugne_Portrait.jpg\",\"contentUrl\":\"https:\\\/\\\/www.markt-kom.com\\\/wp-content\\\/uploads\\\/2024\\\/09\\\/Giselle_Vaugne_Portrait.jpg\"},{\"@type\":\"BreadcrumbList\",\"@id\":\"https:\\\/\\\/www.organisator.ch\\\/marketing\\\/2024-09-13\\\/giselle-vaugne-verlaesst-ingo-zuerich\\\/#breadcrumb\",\"itemListElement\":[{\"@type\":\"ListItem\",\"position\":1,\"name\":\"Home\",\"item\":\"https:\\\/\\\/www.organisator.ch\\\/\"},{\"@type\":\"ListItem\",\"position\":2,\"name\":\"Giselle Vaugne verl\u00e4sst Ingo Z\u00fcrich\"}]},{\"@type\":\"WebSite\",\"@id\":\"https:\\\/\\\/www.organisator.ch\\\/#website\",\"url\":\"https:\\\/\\\/www.organisator.ch\\\/\",\"name\":\"Organisator\",\"description\":\"Kompetent. Praxisnah. Der ORGANISATOR bereitet in 10 Ausgaben pro Jahr die wesentlichen Themen f\u00fcr F\u00fchrungskr\u00e4fte von KMU auf.\",\"publisher\":{\"@id\":\"https:\\\/\\\/www.organisator.ch\\\/#organization\"},\"potentialAction\":[{\"@type\":\"SearchAction\",\"target\":{\"@type\":\"EntryPoint\",\"urlTemplate\":\"https:\\\/\\\/www.organisator.ch\\\/?s={search_term_string}\"},\"query-input\":{\"@type\":\"PropertyValueSpecification\",\"valueRequired\":true,\"valueName\":\"search_term_string\"}}],\"inLanguage\":\"en-US\"},{\"@type\":\"Organization\",\"@id\":\"https:\\\/\\\/www.organisator.ch\\\/#organization\",\"name\":\"Organisator\",\"url\":\"https:\\\/\\\/www.organisator.ch\\\/\",\"logo\":{\"@type\":\"ImageObject\",\"inLanguage\":\"en-US\",\"@id\":\"https:\\\/\\\/www.organisator.ch\\\/#\\\/schema\\\/logo\\\/image\\\/\",\"url\":\"https:\\\/\\\/www.organisator.ch\\\/wp-content\\\/uploads\\\/2022\\\/01\\\/Logo_Organisator_Website.png\",\"contentUrl\":\"https:\\\/\\\/www.organisator.ch\\\/wp-content\\\/uploads\\\/2022\\\/01\\\/Logo_Organisator_Website.png\",\"width\":800,\"height\":77,\"caption\":\"Organisator\"},\"image\":{\"@id\":\"https:\\\/\\\/www.organisator.ch\\\/#\\\/schema\\\/logo\\\/image\\\/\"},\"sameAs\":[\"https:\\\/\\\/www.facebook.com\\\/OrganisatorFachmagazin\",\"https:\\\/\\\/www.linkedin.com\\\/showcase\\\/organisator-das-magazin-fr-kmu\",\"https:\\\/\\\/www.xing.com\\\/news\\\/pages\\\/organisator-ch-695\",\"https:\\\/\\\/www.youtube.com\\\/channel\\\/UCGP2Sq0iWaZwT3BdIAQFYpw\"]},{\"@type\":\"Person\",\"@id\":\"https:\\\/\\\/www.organisator.ch\\\/#\\\/schema\\\/person\\\/4e51799071cd2dd1232ac003643ef5f0\",\"name\":\"galledia\",\"image\":{\"@type\":\"ImageObject\",\"inLanguage\":\"en-US\",\"@id\":\"https:\\\/\\\/secure.gravatar.com\\\/avatar\\\/78a7f90c01fc2bfc875782a0d4922b37cde2cf184ce347b91316d23cd7f69a36?s=96&d=mm&r=g\",\"url\":\"https:\\\/\\\/secure.gravatar.com\\\/avatar\\\/78a7f90c01fc2bfc875782a0d4922b37cde2cf184ce347b91316d23cd7f69a36?s=96&d=mm&r=g\",\"contentUrl\":\"https:\\\/\\\/secure.gravatar.com\\\/avatar\\\/78a7f90c01fc2bfc875782a0d4922b37cde2cf184ce347b91316d23cd7f69a36?s=96&d=mm&r=g\",\"caption\":\"galledia\"},\"sameAs\":[\"https:\\\/\\\/x.com\\\/admin\"],\"url\":\"https:\\\/\\\/www.organisator.ch\\\/en\\\/author\\\/galledia\\\/\"}]}<\/script>\n<!-- \/ Yoast SEO plugin. -->","yoast_head_json":{"title":"Giselle Vaugne leaves Ingo Zurich - Organizer","description":"Giselle Vaugne leaves Ingo Zurich after successful years and Gold Effies. Sandro Tschuor takes over as Chief Client Officer.","robots":{"index":"index","follow":"follow","max-snippet":"max-snippet:-1","max-image-preview":"max-image-preview:large","max-video-preview":"max-video-preview:-1"},"canonical":"https:\/\/www.organisator.ch\/en\/marketing\/2024-09-13\/giselle-vaugne-verlaesst-ingo-zuerich\/","og_locale":"en_US","og_type":"article","og_title":"Giselle Vaugne verl\u00e4sst Ingo Z\u00fcrich - Organisator","og_description":"Giselle Vaugne verl\u00e4sst Ingo Z\u00fcrich nach erfolgreichen Jahren und Gold-Effies. Sandro Tschuor \u00fcbernimmt als Chief Client Officer.","og_url":"https:\/\/www.organisator.ch\/en\/marketing\/2024-09-13\/giselle-vaugne-verlaesst-ingo-zuerich\/","og_site_name":"Organisator","article_publisher":"https:\/\/www.facebook.com\/OrganisatorFachmagazin","article_published_time":"2024-09-13T08:53:52+00:00","article_modified_time":"2024-11-08T08:48:27+00:00","og_image":[{"url":"https:\/\/www.markt-kom.com\/wp-content\/uploads\/2024\/09\/Giselle_Vaugne_Portrait.jpg","type":"","width":"","height":""}],"author":"galledia","twitter_card":"summary_large_image","twitter_creator":"@admin","schema":{"@context":"https:\/\/schema.org","@graph":[{"@type":"Article","@id":"https:\/\/www.organisator.ch\/marketing\/2024-09-13\/giselle-vaugne-verlaesst-ingo-zuerich\/#article","isPartOf":{"@id":"https:\/\/www.organisator.ch\/marketing\/2024-09-13\/giselle-vaugne-verlaesst-ingo-zuerich\/"},"author":{"name":"galledia","@id":"https:\/\/www.organisator.ch\/#\/schema\/person\/4e51799071cd2dd1232ac003643ef5f0"},"headline":"Giselle Vaugne verl\u00e4sst Ingo Z\u00fcrich","datePublished":"2024-09-13T08:53:52+00:00","dateModified":"2024-11-08T08:48:27+00:00","mainEntityOfPage":{"@id":"https:\/\/www.organisator.ch\/marketing\/2024-09-13\/giselle-vaugne-verlaesst-ingo-zuerich\/"},"wordCount":357,"publisher":{"@id":"https:\/\/www.organisator.ch\/#organization"},"image":{"@id":"https:\/\/www.organisator.ch\/marketing\/2024-09-13\/giselle-vaugne-verlaesst-ingo-zuerich\/#primaryimage"},"thumbnailUrl":"https:\/\/www.markt-kom.com\/wp-content\/uploads\/2024\/09\/Giselle_Vaugne_Portrait.jpg","keywords":["Business","Ingo","Jobchange"],"articleSection":["MARKETING"],"inLanguage":"en-US"},{"@type":"WebPage","@id":"https:\/\/www.organisator.ch\/marketing\/2024-09-13\/giselle-vaugne-verlaesst-ingo-zuerich\/","url":"https:\/\/www.organisator.ch\/marketing\/2024-09-13\/giselle-vaugne-verlaesst-ingo-zuerich\/","name":"Giselle Vaugne leaves Ingo Zurich - Organizer","isPartOf":{"@id":"https:\/\/www.organisator.ch\/#website"},"primaryImageOfPage":{"@id":"https:\/\/www.organisator.ch\/marketing\/2024-09-13\/giselle-vaugne-verlaesst-ingo-zuerich\/#primaryimage"},"image":{"@id":"https:\/\/www.organisator.ch\/marketing\/2024-09-13\/giselle-vaugne-verlaesst-ingo-zuerich\/#primaryimage"},"thumbnailUrl":"https:\/\/www.markt-kom.com\/wp-content\/uploads\/2024\/09\/Giselle_Vaugne_Portrait.jpg","datePublished":"2024-09-13T08:53:52+00:00","dateModified":"2024-11-08T08:48:27+00:00","description":"Giselle Vaugne leaves Ingo Zurich after successful years and Gold Effies. Sandro Tschuor takes over as Chief Client Officer.","breadcrumb":{"@id":"https:\/\/www.organisator.ch\/marketing\/2024-09-13\/giselle-vaugne-verlaesst-ingo-zuerich\/#breadcrumb"},"inLanguage":"en-US","potentialAction":[{"@type":"ReadAction","target":["https:\/\/www.organisator.ch\/marketing\/2024-09-13\/giselle-vaugne-verlaesst-ingo-zuerich\/"]}]},{"@type":"ImageObject","inLanguage":"en-US","@id":"https:\/\/www.organisator.ch\/marketing\/2024-09-13\/giselle-vaugne-verlaesst-ingo-zuerich\/#primaryimage","url":"https:\/\/www.markt-kom.com\/wp-content\/uploads\/2024\/09\/Giselle_Vaugne_Portrait.jpg","contentUrl":"https:\/\/www.markt-kom.com\/wp-content\/uploads\/2024\/09\/Giselle_Vaugne_Portrait.jpg"},{"@type":"BreadcrumbList","@id":"https:\/\/www.organisator.ch\/marketing\/2024-09-13\/giselle-vaugne-verlaesst-ingo-zuerich\/#breadcrumb","itemListElement":[{"@type":"ListItem","position":1,"name":"Home","item":"https:\/\/www.organisator.ch\/"},{"@type":"ListItem","position":2,"name":"Giselle Vaugne verl\u00e4sst Ingo Z\u00fcrich"}]},{"@type":"WebSite","@id":"https:\/\/www.organisator.ch\/#website","url":"https:\/\/www.organisator.ch\/","name":"Organizer","description":"Competent. Practical. In 10 issues per year, ORGANISATOR presents the essential topics for managers of SMEs.","publisher":{"@id":"https:\/\/www.organisator.ch\/#organization"},"potentialAction":[{"@type":"SearchAction","target":{"@type":"EntryPoint","urlTemplate":"https:\/\/www.organisator.ch\/?s={search_term_string}"},"query-input":{"@type":"PropertyValueSpecification","valueRequired":true,"valueName":"search_term_string"}}],"inLanguage":"en-US"},{"@type":"Organization","@id":"https:\/\/www.organisator.ch\/#organization","name":"Organizer","url":"https:\/\/www.organisator.ch\/","logo":{"@type":"ImageObject","inLanguage":"en-US","@id":"https:\/\/www.organisator.ch\/#\/schema\/logo\/image\/","url":"https:\/\/www.organisator.ch\/wp-content\/uploads\/2022\/01\/Logo_Organisator_Website.png","contentUrl":"https:\/\/www.organisator.ch\/wp-content\/uploads\/2022\/01\/Logo_Organisator_Website.png","width":800,"height":77,"caption":"Organisator"},"image":{"@id":"https:\/\/www.organisator.ch\/#\/schema\/logo\/image\/"},"sameAs":["https:\/\/www.facebook.com\/OrganisatorFachmagazin","https:\/\/www.linkedin.com\/showcase\/organisator-das-magazin-fr-kmu","https:\/\/www.xing.com\/news\/pages\/organisator-ch-695","https:\/\/www.youtube.com\/channel\/UCGP2Sq0iWaZwT3BdIAQFYpw"]},{"@type":"Person","@id":"https:\/\/www.organisator.ch\/#\/schema\/person\/4e51799071cd2dd1232ac003643ef5f0","name":"galledia","image":{"@type":"ImageObject","inLanguage":"en-US","@id":"https:\/\/secure.gravatar.com\/avatar\/78a7f90c01fc2bfc875782a0d4922b37cde2cf184ce347b91316d23cd7f69a36?s=96&d=mm&r=g","url":"https:\/\/secure.gravatar.com\/avatar\/78a7f90c01fc2bfc875782a0d4922b37cde2cf184ce347b91316d23cd7f69a36?s=96&d=mm&r=g","contentUrl":"https:\/\/secure.gravatar.com\/avatar\/78a7f90c01fc2bfc875782a0d4922b37cde2cf184ce347b91316d23cd7f69a36?s=96&d=mm&r=g","caption":"galledia"},"sameAs":["https:\/\/x.com\/admin"],"url":"https:\/\/www.organisator.ch\/en\/author\/galledia\/"}]}},"_links":{"self":[{"href":"https:\/\/www.organisator.ch\/en\/wp-json\/wp\/v2\/posts\/29809","targetHints":{"allow":["GET"]}}],"collection":[{"href":"https:\/\/www.organisator.ch\/en\/wp-json\/wp\/v2\/posts"}],"about":[{"href":"https:\/\/www.organisator.ch\/en\/wp-json\/wp\/v2\/types\/post"}],"author":[{"embeddable":true,"href":"https:\/\/www.organisator.ch\/en\/wp-json\/wp\/v2\/users\/8"}],"replies":[{"embeddable":true,"href":"https:\/\/www.organisator.ch\/en\/wp-json\/wp\/v2\/comments?post=29809"}],"version-history":[{"count":3,"href":"https:\/\/www.organisator.ch\/en\/wp-json\/wp\/v2\/posts\/29809\/revisions"}],"predecessor-version":[{"id":31939,"href":"https:\/\/www.organisator.ch\/en\/wp-json\/wp\/v2\/posts\/29809\/revisions\/31939"}],"wp:attachment":[{"href":"https:\/\/www.organisator.ch\/en\/wp-json\/wp\/v2\/media?parent=29809"}],"wp:term":[{"taxonomy":"category","embeddable":true,"href":"https:\/\/www.organisator.ch\/en\/wp-json\/wp\/v2\/categories?post=29809"},{"taxonomy":"post_tag","embeddable":true,"href":"https:\/\/www.organisator.ch\/en\/wp-json\/wp\/v2\/tags?post=29809"}],"curies":[{"name":"wp","href":"https:\/\/api.w.org\/{rel}","templated":true}]}}