{"id":299,"date":"2016-04-20T11:32:06","date_gmt":"2016-04-20T09:32:06","guid":{"rendered":"http:\/\/dev.organisator.ch\/?p=299"},"modified":"2016-04-20T11:32:06","modified_gmt":"2016-04-20T09:32:06","slug":"jeder-zweite-kann-nicht-zugleich-tippen-und-zuhoeren","status":"publish","type":"post","link":"https:\/\/www.organisator.ch\/en\/allgemein\/2016-04-20\/jeder-zweite-kann-nicht-zugleich-tippen-und-zuhoeren\/","title":{"rendered":"One in two can't type and listen at the same time!"},"content":{"rendered":"<p><img loading=\"lazy\" decoding=\"async\" class=\"alignnone size-medium wp-image-304\" src=\"https:\/\/organisator.ch\/wp-content\/uploads\/2016\/12\/Jeder-Zweite-kann-nicht-zugleich-tippen-und-zuh\u00f6ren-organisator.jpg\" alt=\"\" width=\"680\" height=\"454\" \/><\/p>\n<blockquote><p>After all, if you type your thoughts into a mobile device, you can't really follow what's going on and become dependent on it.<\/p><\/blockquote>\n<p>What you have stored digitally, you no longer need to remember. - Due to the widespread use of mobile devices, the phenomenon of \"digital amnesia\" unfortunately presents itself not only in everyday life, but also in the work environment. Many employees overestimate their ability to multi-task, as a global survey commissioned by Kaspersky Lab shows.<\/p>\n<p>After all, if you type your thoughts into a mobile device, you can't really follow what's happening and become dependent on it. From an information security perspective, companies would need to ensure that the devices used by employees are equally protected against theft, loss and cyber attacks.<\/p>\n<p><strong>Information loss<\/strong><\/p>\n<p>According to the Kaspersky study, 52 percent of employees surveyed in Germany admitted that when notes are recorded in digital form, much is lost that is necessary for later understanding:<\/p>\n<p>Namely, the context, the feelings and references to the behavior with which the facts to be recorded were expressed - in the European average, by the way, this said somewhat less at 44 percent. Five percent of the Germans surveyed (6.8 percent across Europe) are even completely dependent on their digital notes during a meeting: With these, all memories of it were lost at the same time!<\/p>\n<p>The study also shows that one in two respondents in Germany and Europe can no longer actively follow what is happening while typing their meeting notes. However, more than one in three (36 percent) German respondents (46 percent across Europe) insist that meticulously recorded facts are more important than, say, recording the mood that prevailed during a meeting.<\/p>\n<p>In addition, one in two (51 percent) in Germany and two-thirds in Europe (67 percent) say that digital notes have the advantage over their own memories of being easier to store and pass on.<\/p>\n<p><strong>\"Digital Amnesia\"<\/strong><\/p>\n<p>\"Human memory is limited. Those who only listen and rely on their memory should know that the transfer from short-term to long-term memory is a difficult process and depends on how well we already know the subject in question,\" explains Dr. Gorkan Ahmetoglu, a lecturer in industrial psychology at University College London.<\/p>\n<p>\"If a topic is new to us and we can't fully grasp it yet, we should record as much as possible so it can be recalled and internalized later. In the case of a familiar subject, however, the advantages of digital notes are less pronounced,\" continues Dr. Gorkan Ahmetoglu.<\/p>\n<p>\"Then we'd better dispense with a record and give full attention to the information presented and its circumstances to complete our picture.\"<\/p>\n<p><strong>Interaction<\/strong><\/p>\n<p>Relying entirely on digital memory is risky: the device used could be lost, stolen, or the data could fall victim to a cyberattack. \"There is now a great deal of tolerance in companies for the use of digital devices in meetings,\" says Holger Suhl, General Manager DACH at Kaspersky Lab.<\/p>\n<p>\"Digital amnesia in the working world harbors risks. At the same time, however, it also shows us that the best results are only achieved through the interaction of man and machine. In this way, it is possible to hold on to both: the facts and the emotions that are important for their interpretation. For companies of all sizes and in all industries, protecting digital devices used as memory aids should be a priority.\"<\/p>\n<p>The detailed Kaspersky report \"Digital Amnesia at Work\" can be <a href=\"http:\/\/newsroom.kaspersky.eu\/fileadmin\/user_upload\/de\/Downloads\/PDFs\/Digital_Amnesia_at_work-the_risks_and_rewards_of_forgetting_in_business.pdf\" target=\"_blank\" data-cke-saved-href=\"http:\/\/newsroom.kaspersky.eu\/fileadmin\/user_upload\/de\/Downloads\/PDFs\/Digital_Amnesia_at_work-the_risks_and_rewards_of_forgetting_in_business.pdf\" rel=\"noopener\">here <\/a>can be retrieved.<\/p>","protected":false},"excerpt":{"rendered":"<p>Wer n\u00e4mlich seine Gedanken in ein mobiles Ger\u00e4t tippt, kann dem Geschehen nicht mehr richtig folgen und macht sich davon abh\u00e4ngig. Was man digital gespeichert hat, braucht man sich nicht mehr zu merken. &#8211; Durch den weitverbreiteten Einsatz mobiler Ger\u00e4te stellt sich das Ph\u00e4nomen der \u201edigitalen Amnesie\u201c leider nicht nur im Alltag, sondern auch im [&hellip;]<\/p>\n","protected":false},"author":1,"featured_media":304,"comment_status":"open","ping_status":"open","sticky":false,"template":"","format":"standard","meta":{"_acf_changed":false,"_yoast_wpseo_focuskw":"tippen und zuh\u00f6ren","_yoast_wpseo_metadesc":"Studie von Kaspersky Lab untersucht das Ph\u00e4nomen der digitalen Amnesie im Arbeitsumfeld, jeder zweite kann nicht zugleich tippen und zuh\u00f6ren!","articlekey":"","footnotes":""},"categories":[1],"tags":[218,533],"class_list":["post-299","post","type-post","status-publish","format-standard","has-post-thumbnail","hentry","category-allgemein","tag-forschung","tag-wissenschaft"],"acf":[],"yoast_head":"<!-- This site is optimized with the Yoast SEO plugin v27.5 - https:\/\/yoast.com\/product\/yoast-seo-wordpress\/ -->\n<title>Jeder Zweite kann nicht zugleich tippen und zuh\u00f6ren! - Organisator<\/title>\n<meta name=\"description\" content=\"Studie von Kaspersky Lab untersucht das Ph\u00e4nomen der digitalen Amnesie im Arbeitsumfeld, jeder zweite kann nicht zugleich tippen und zuh\u00f6ren!\" \/>\n<meta name=\"robots\" content=\"index, follow, max-snippet:-1, max-image-preview:large, max-video-preview:-1\" \/>\n<link rel=\"canonical\" href=\"https:\/\/www.organisator.ch\/en\/general\/2016-04-20\/jeder-zweite-kann-nicht-zugleich-tippen-und-zuhoeren\/\" \/>\n<meta property=\"og:locale\" content=\"en_US\" \/>\n<meta property=\"og:type\" content=\"article\" \/>\n<meta property=\"og:title\" content=\"Jeder Zweite kann nicht zugleich tippen und zuh\u00f6ren!\" \/>\n<meta property=\"og:description\" content=\"Studie von Kaspersky Lab untersucht das Ph\u00e4nomen der digitalen Amnesie im Arbeitsumfeld. Laut der Studie gaben 52 Prozent der befragten Mitarbeiter in Deutschland zu, dass mit der Aufzeichnung von Notizen in digitaler Form vieles verloren geht, was f\u00fcr ein sp\u00e4teres Verst\u00e4ndnis notwendig w\u00e4re.\" \/>\n<meta property=\"og:url\" content=\"https:\/\/www.organisator.ch\/en\/general\/2016-04-20\/jeder-zweite-kann-nicht-zugleich-tippen-und-zuhoeren\/\" \/>\n<meta property=\"og:site_name\" content=\"Organisator\" \/>\n<meta property=\"article:publisher\" content=\"https:\/\/www.facebook.com\/OrganisatorFachmagazin\" \/>\n<meta property=\"article:published_time\" content=\"2016-04-20T09:32:06+00:00\" \/>\n<meta name=\"author\" content=\"admin\" \/>\n<meta name=\"twitter:card\" content=\"summary_large_image\" \/>\n<meta name=\"twitter:image\" content=\"https:\/\/www.organisator.ch\/wp-content\/uploads\/2016\/12\/Jeder-Zweite-kann-nicht-zugleich-tippen-und-zuhoeren-organisator.jpg\" \/>\n<script type=\"application\/ld+json\" class=\"yoast-schema-graph\">{\"@context\":\"https:\\\/\\\/schema.org\",\"@graph\":[{\"@type\":\"Article\",\"@id\":\"https:\\\/\\\/www.organisator.ch\\\/en\\\/general\\\/2016-04-20\\\/jeder-zweite-kann-nicht-zugleich-tippen-und-zuhoeren\\\/#article\",\"isPartOf\":{\"@id\":\"https:\\\/\\\/www.organisator.ch\\\/en\\\/general\\\/2016-04-20\\\/jeder-zweite-kann-nicht-zugleich-tippen-und-zuhoeren\\\/\"},\"author\":{\"name\":\"admin\",\"@id\":\"https:\\\/\\\/www.organisator.ch\\\/#\\\/schema\\\/person\\\/aa2bace6c5c5aad60102004a50c4eb1c\"},\"headline\":\"Jeder Zweite kann nicht zugleich tippen und zuh\u00f6ren!\",\"datePublished\":\"2016-04-20T09:32:06+00:00\",\"mainEntityOfPage\":{\"@id\":\"https:\\\/\\\/www.organisator.ch\\\/en\\\/general\\\/2016-04-20\\\/jeder-zweite-kann-nicht-zugleich-tippen-und-zuhoeren\\\/\"},\"wordCount\":593,\"commentCount\":0,\"publisher\":{\"@id\":\"https:\\\/\\\/www.organisator.ch\\\/#organization\"},\"image\":{\"@id\":\"https:\\\/\\\/www.organisator.ch\\\/en\\\/general\\\/2016-04-20\\\/jeder-zweite-kann-nicht-zugleich-tippen-und-zuhoeren\\\/#primaryimage\"},\"thumbnailUrl\":\"https:\\\/\\\/www.organisator.ch\\\/wp-content\\\/uploads\\\/2016\\\/12\\\/Jeder-Zweite-kann-nicht-zugleich-tippen-und-zuhoeren-organisator.jpg\",\"keywords\":[\"Forschung\",\"Wissenschaft\"],\"articleSection\":[\"Allgemein\"],\"inLanguage\":\"en-US\"},{\"@type\":\"WebPage\",\"@id\":\"https:\\\/\\\/www.organisator.ch\\\/en\\\/general\\\/2016-04-20\\\/jeder-zweite-kann-nicht-zugleich-tippen-und-zuhoeren\\\/\",\"url\":\"https:\\\/\\\/www.organisator.ch\\\/en\\\/general\\\/2016-04-20\\\/jeder-zweite-kann-nicht-zugleich-tippen-und-zuhoeren\\\/\",\"name\":\"Jeder Zweite kann nicht zugleich tippen und zuh\u00f6ren! - Organisator\",\"isPartOf\":{\"@id\":\"https:\\\/\\\/www.organisator.ch\\\/#website\"},\"primaryImageOfPage\":{\"@id\":\"https:\\\/\\\/www.organisator.ch\\\/en\\\/general\\\/2016-04-20\\\/jeder-zweite-kann-nicht-zugleich-tippen-und-zuhoeren\\\/#primaryimage\"},\"image\":{\"@id\":\"https:\\\/\\\/www.organisator.ch\\\/en\\\/general\\\/2016-04-20\\\/jeder-zweite-kann-nicht-zugleich-tippen-und-zuhoeren\\\/#primaryimage\"},\"thumbnailUrl\":\"https:\\\/\\\/www.organisator.ch\\\/wp-content\\\/uploads\\\/2016\\\/12\\\/Jeder-Zweite-kann-nicht-zugleich-tippen-und-zuhoeren-organisator.jpg\",\"datePublished\":\"2016-04-20T09:32:06+00:00\",\"description\":\"Studie von Kaspersky Lab untersucht das Ph\u00e4nomen der digitalen Amnesie im Arbeitsumfeld, jeder zweite kann nicht zugleich tippen und zuh\u00f6ren!\",\"breadcrumb\":{\"@id\":\"https:\\\/\\\/www.organisator.ch\\\/en\\\/general\\\/2016-04-20\\\/jeder-zweite-kann-nicht-zugleich-tippen-und-zuhoeren\\\/#breadcrumb\"},\"inLanguage\":\"en-US\",\"potentialAction\":[{\"@type\":\"ReadAction\",\"target\":[\"https:\\\/\\\/www.organisator.ch\\\/en\\\/general\\\/2016-04-20\\\/jeder-zweite-kann-nicht-zugleich-tippen-und-zuhoeren\\\/\"]}]},{\"@type\":\"ImageObject\",\"inLanguage\":\"en-US\",\"@id\":\"https:\\\/\\\/www.organisator.ch\\\/en\\\/general\\\/2016-04-20\\\/jeder-zweite-kann-nicht-zugleich-tippen-und-zuhoeren\\\/#primaryimage\",\"url\":\"https:\\\/\\\/www.organisator.ch\\\/wp-content\\\/uploads\\\/2016\\\/12\\\/Jeder-Zweite-kann-nicht-zugleich-tippen-und-zuhoeren-organisator.jpg\",\"contentUrl\":\"https:\\\/\\\/www.organisator.ch\\\/wp-content\\\/uploads\\\/2016\\\/12\\\/Jeder-Zweite-kann-nicht-zugleich-tippen-und-zuhoeren-organisator.jpg\",\"width\":700,\"height\":467},{\"@type\":\"BreadcrumbList\",\"@id\":\"https:\\\/\\\/www.organisator.ch\\\/en\\\/general\\\/2016-04-20\\\/jeder-zweite-kann-nicht-zugleich-tippen-und-zuhoeren\\\/#breadcrumb\",\"itemListElement\":[{\"@type\":\"ListItem\",\"position\":1,\"name\":\"Home\",\"item\":\"https:\\\/\\\/www.organisator.ch\\\/\"},{\"@type\":\"ListItem\",\"position\":2,\"name\":\"Jeder Zweite kann nicht zugleich tippen und zuh\u00f6ren!\"}]},{\"@type\":\"WebSite\",\"@id\":\"https:\\\/\\\/www.organisator.ch\\\/#website\",\"url\":\"https:\\\/\\\/www.organisator.ch\\\/\",\"name\":\"Organisator\",\"description\":\"Kompetent. Praxisnah. Der ORGANISATOR bereitet in 10 Ausgaben pro Jahr die wesentlichen Themen f\u00fcr F\u00fchrungskr\u00e4fte von KMU auf.\",\"publisher\":{\"@id\":\"https:\\\/\\\/www.organisator.ch\\\/#organization\"},\"potentialAction\":[{\"@type\":\"SearchAction\",\"target\":{\"@type\":\"EntryPoint\",\"urlTemplate\":\"https:\\\/\\\/www.organisator.ch\\\/?s={search_term_string}\"},\"query-input\":{\"@type\":\"PropertyValueSpecification\",\"valueRequired\":true,\"valueName\":\"search_term_string\"}}],\"inLanguage\":\"en-US\"},{\"@type\":\"Organization\",\"@id\":\"https:\\\/\\\/www.organisator.ch\\\/#organization\",\"name\":\"Organisator\",\"url\":\"https:\\\/\\\/www.organisator.ch\\\/\",\"logo\":{\"@type\":\"ImageObject\",\"inLanguage\":\"en-US\",\"@id\":\"https:\\\/\\\/www.organisator.ch\\\/#\\\/schema\\\/logo\\\/image\\\/\",\"url\":\"https:\\\/\\\/www.organisator.ch\\\/wp-content\\\/uploads\\\/2022\\\/01\\\/Logo_Organisator_Website.png\",\"contentUrl\":\"https:\\\/\\\/www.organisator.ch\\\/wp-content\\\/uploads\\\/2022\\\/01\\\/Logo_Organisator_Website.png\",\"width\":800,\"height\":77,\"caption\":\"Organisator\"},\"image\":{\"@id\":\"https:\\\/\\\/www.organisator.ch\\\/#\\\/schema\\\/logo\\\/image\\\/\"},\"sameAs\":[\"https:\\\/\\\/www.facebook.com\\\/OrganisatorFachmagazin\",\"https:\\\/\\\/www.linkedin.com\\\/showcase\\\/organisator-das-magazin-fr-kmu\",\"https:\\\/\\\/www.xing.com\\\/news\\\/pages\\\/organisator-ch-695\",\"https:\\\/\\\/www.youtube.com\\\/channel\\\/UCGP2Sq0iWaZwT3BdIAQFYpw\"]},{\"@type\":\"Person\",\"@id\":\"https:\\\/\\\/www.organisator.ch\\\/#\\\/schema\\\/person\\\/aa2bace6c5c5aad60102004a50c4eb1c\",\"name\":\"admin\",\"image\":{\"@type\":\"ImageObject\",\"inLanguage\":\"en-US\",\"@id\":\"https:\\\/\\\/secure.gravatar.com\\\/avatar\\\/ae2f4d718e6c49043e314ce431e7e645d646302a24a5ef5a8bc8e3f5a032e319?s=96&d=mm&r=g\",\"url\":\"https:\\\/\\\/secure.gravatar.com\\\/avatar\\\/ae2f4d718e6c49043e314ce431e7e645d646302a24a5ef5a8bc8e3f5a032e319?s=96&d=mm&r=g\",\"contentUrl\":\"https:\\\/\\\/secure.gravatar.com\\\/avatar\\\/ae2f4d718e6c49043e314ce431e7e645d646302a24a5ef5a8bc8e3f5a032e319?s=96&d=mm&r=g\",\"caption\":\"admin\"},\"sameAs\":[\"https:\\\/\\\/www.organisator.ch\"],\"url\":\"https:\\\/\\\/www.organisator.ch\\\/en\\\/author\\\/admin\\\/\"}]}<\/script>\n<!-- \/ Yoast SEO plugin. -->","yoast_head_json":{"title":"One in two can't type and listen at the same time! - Organizer","description":"Kaspersky Lab study examines the phenomenon of digital amnesia in the work environment, one in two cannot type and listen at the same time!","robots":{"index":"index","follow":"follow","max-snippet":"max-snippet:-1","max-image-preview":"max-image-preview:large","max-video-preview":"max-video-preview:-1"},"canonical":"https:\/\/www.organisator.ch\/en\/general\/2016-04-20\/jeder-zweite-kann-nicht-zugleich-tippen-und-zuhoeren\/","og_locale":"en_US","og_type":"article","og_title":"Jeder Zweite kann nicht zugleich tippen und zuh\u00f6ren!","og_description":"Studie von Kaspersky Lab untersucht das Ph\u00e4nomen der digitalen Amnesie im Arbeitsumfeld. Laut der Studie gaben 52 Prozent der befragten Mitarbeiter in Deutschland zu, dass mit der Aufzeichnung von Notizen in digitaler Form vieles verloren geht, was f\u00fcr ein sp\u00e4teres Verst\u00e4ndnis notwendig w\u00e4re.","og_url":"https:\/\/www.organisator.ch\/en\/general\/2016-04-20\/jeder-zweite-kann-nicht-zugleich-tippen-und-zuhoeren\/","og_site_name":"Organisator","article_publisher":"https:\/\/www.facebook.com\/OrganisatorFachmagazin","article_published_time":"2016-04-20T09:32:06+00:00","author":"admin","twitter_card":"summary_large_image","twitter_image":"https:\/\/www.organisator.ch\/wp-content\/uploads\/2016\/12\/Jeder-Zweite-kann-nicht-zugleich-tippen-und-zuhoeren-organisator.jpg","schema":{"@context":"https:\/\/schema.org","@graph":[{"@type":"Article","@id":"https:\/\/www.organisator.ch\/en\/general\/2016-04-20\/jeder-zweite-kann-nicht-zugleich-tippen-und-zuhoeren\/#article","isPartOf":{"@id":"https:\/\/www.organisator.ch\/en\/general\/2016-04-20\/jeder-zweite-kann-nicht-zugleich-tippen-und-zuhoeren\/"},"author":{"name":"admin","@id":"https:\/\/www.organisator.ch\/#\/schema\/person\/aa2bace6c5c5aad60102004a50c4eb1c"},"headline":"Jeder Zweite kann nicht zugleich tippen und zuh\u00f6ren!","datePublished":"2016-04-20T09:32:06+00:00","mainEntityOfPage":{"@id":"https:\/\/www.organisator.ch\/en\/general\/2016-04-20\/jeder-zweite-kann-nicht-zugleich-tippen-und-zuhoeren\/"},"wordCount":593,"commentCount":0,"publisher":{"@id":"https:\/\/www.organisator.ch\/#organization"},"image":{"@id":"https:\/\/www.organisator.ch\/en\/general\/2016-04-20\/jeder-zweite-kann-nicht-zugleich-tippen-und-zuhoeren\/#primaryimage"},"thumbnailUrl":"https:\/\/www.organisator.ch\/wp-content\/uploads\/2016\/12\/Jeder-Zweite-kann-nicht-zugleich-tippen-und-zuhoeren-organisator.jpg","keywords":["Forschung","Wissenschaft"],"articleSection":["Allgemein"],"inLanguage":"en-US"},{"@type":"WebPage","@id":"https:\/\/www.organisator.ch\/en\/general\/2016-04-20\/jeder-zweite-kann-nicht-zugleich-tippen-und-zuhoeren\/","url":"https:\/\/www.organisator.ch\/en\/general\/2016-04-20\/jeder-zweite-kann-nicht-zugleich-tippen-und-zuhoeren\/","name":"One in two can't type and listen at the same time! - Organizer","isPartOf":{"@id":"https:\/\/www.organisator.ch\/#website"},"primaryImageOfPage":{"@id":"https:\/\/www.organisator.ch\/en\/general\/2016-04-20\/jeder-zweite-kann-nicht-zugleich-tippen-und-zuhoeren\/#primaryimage"},"image":{"@id":"https:\/\/www.organisator.ch\/en\/general\/2016-04-20\/jeder-zweite-kann-nicht-zugleich-tippen-und-zuhoeren\/#primaryimage"},"thumbnailUrl":"https:\/\/www.organisator.ch\/wp-content\/uploads\/2016\/12\/Jeder-Zweite-kann-nicht-zugleich-tippen-und-zuhoeren-organisator.jpg","datePublished":"2016-04-20T09:32:06+00:00","description":"Kaspersky Lab study examines the phenomenon of digital amnesia in the work environment, one in two cannot type and listen at the same time!","breadcrumb":{"@id":"https:\/\/www.organisator.ch\/en\/general\/2016-04-20\/jeder-zweite-kann-nicht-zugleich-tippen-und-zuhoeren\/#breadcrumb"},"inLanguage":"en-US","potentialAction":[{"@type":"ReadAction","target":["https:\/\/www.organisator.ch\/en\/general\/2016-04-20\/jeder-zweite-kann-nicht-zugleich-tippen-und-zuhoeren\/"]}]},{"@type":"ImageObject","inLanguage":"en-US","@id":"https:\/\/www.organisator.ch\/en\/general\/2016-04-20\/jeder-zweite-kann-nicht-zugleich-tippen-und-zuhoeren\/#primaryimage","url":"https:\/\/www.organisator.ch\/wp-content\/uploads\/2016\/12\/Jeder-Zweite-kann-nicht-zugleich-tippen-und-zuhoeren-organisator.jpg","contentUrl":"https:\/\/www.organisator.ch\/wp-content\/uploads\/2016\/12\/Jeder-Zweite-kann-nicht-zugleich-tippen-und-zuhoeren-organisator.jpg","width":700,"height":467},{"@type":"BreadcrumbList","@id":"https:\/\/www.organisator.ch\/en\/general\/2016-04-20\/jeder-zweite-kann-nicht-zugleich-tippen-und-zuhoeren\/#breadcrumb","itemListElement":[{"@type":"ListItem","position":1,"name":"Home","item":"https:\/\/www.organisator.ch\/"},{"@type":"ListItem","position":2,"name":"Jeder Zweite kann nicht zugleich tippen und zuh\u00f6ren!"}]},{"@type":"WebSite","@id":"https:\/\/www.organisator.ch\/#website","url":"https:\/\/www.organisator.ch\/","name":"Organizer","description":"Competent. Practical. In 10 issues per year, ORGANISATOR presents the essential topics for managers of SMEs.","publisher":{"@id":"https:\/\/www.organisator.ch\/#organization"},"potentialAction":[{"@type":"SearchAction","target":{"@type":"EntryPoint","urlTemplate":"https:\/\/www.organisator.ch\/?s={search_term_string}"},"query-input":{"@type":"PropertyValueSpecification","valueRequired":true,"valueName":"search_term_string"}}],"inLanguage":"en-US"},{"@type":"Organization","@id":"https:\/\/www.organisator.ch\/#organization","name":"Organizer","url":"https:\/\/www.organisator.ch\/","logo":{"@type":"ImageObject","inLanguage":"en-US","@id":"https:\/\/www.organisator.ch\/#\/schema\/logo\/image\/","url":"https:\/\/www.organisator.ch\/wp-content\/uploads\/2022\/01\/Logo_Organisator_Website.png","contentUrl":"https:\/\/www.organisator.ch\/wp-content\/uploads\/2022\/01\/Logo_Organisator_Website.png","width":800,"height":77,"caption":"Organisator"},"image":{"@id":"https:\/\/www.organisator.ch\/#\/schema\/logo\/image\/"},"sameAs":["https:\/\/www.facebook.com\/OrganisatorFachmagazin","https:\/\/www.linkedin.com\/showcase\/organisator-das-magazin-fr-kmu","https:\/\/www.xing.com\/news\/pages\/organisator-ch-695","https:\/\/www.youtube.com\/channel\/UCGP2Sq0iWaZwT3BdIAQFYpw"]},{"@type":"Person","@id":"https:\/\/www.organisator.ch\/#\/schema\/person\/aa2bace6c5c5aad60102004a50c4eb1c","name":"admin","image":{"@type":"ImageObject","inLanguage":"en-US","@id":"https:\/\/secure.gravatar.com\/avatar\/ae2f4d718e6c49043e314ce431e7e645d646302a24a5ef5a8bc8e3f5a032e319?s=96&d=mm&r=g","url":"https:\/\/secure.gravatar.com\/avatar\/ae2f4d718e6c49043e314ce431e7e645d646302a24a5ef5a8bc8e3f5a032e319?s=96&d=mm&r=g","contentUrl":"https:\/\/secure.gravatar.com\/avatar\/ae2f4d718e6c49043e314ce431e7e645d646302a24a5ef5a8bc8e3f5a032e319?s=96&d=mm&r=g","caption":"admin"},"sameAs":["https:\/\/www.organisator.ch"],"url":"https:\/\/www.organisator.ch\/en\/author\/admin\/"}]}},"_links":{"self":[{"href":"https:\/\/www.organisator.ch\/en\/wp-json\/wp\/v2\/posts\/299","targetHints":{"allow":["GET"]}}],"collection":[{"href":"https:\/\/www.organisator.ch\/en\/wp-json\/wp\/v2\/posts"}],"about":[{"href":"https:\/\/www.organisator.ch\/en\/wp-json\/wp\/v2\/types\/post"}],"author":[{"embeddable":true,"href":"https:\/\/www.organisator.ch\/en\/wp-json\/wp\/v2\/users\/1"}],"replies":[{"embeddable":true,"href":"https:\/\/www.organisator.ch\/en\/wp-json\/wp\/v2\/comments?post=299"}],"version-history":[{"count":0,"href":"https:\/\/www.organisator.ch\/en\/wp-json\/wp\/v2\/posts\/299\/revisions"}],"wp:featuredmedia":[{"embeddable":true,"href":"https:\/\/www.organisator.ch\/en\/wp-json\/wp\/v2\/media\/304"}],"wp:attachment":[{"href":"https:\/\/www.organisator.ch\/en\/wp-json\/wp\/v2\/media?parent=299"}],"wp:term":[{"taxonomy":"category","embeddable":true,"href":"https:\/\/www.organisator.ch\/en\/wp-json\/wp\/v2\/categories?post=299"},{"taxonomy":"post_tag","embeddable":true,"href":"https:\/\/www.organisator.ch\/en\/wp-json\/wp\/v2\/tags?post=299"}],"curies":[{"name":"wp","href":"https:\/\/api.w.org\/{rel}","templated":true}]}}