{"id":2993,"date":"2020-04-08T15:02:11","date_gmt":"2020-04-08T13:02:11","guid":{"rendered":"https:\/\/www.umweltperspektiven.ch\/?p=2993"},"modified":"2022-02-09T11:06:50","modified_gmt":"2022-02-09T10:06:50","slug":"swiss-re-studie-zu-extrem-wetter-ereignissen-wegen-klimafolgen","status":"publish","type":"post","link":"https:\/\/www.organisator.ch\/en\/sustainability\/2020-04-08\/swiss-re-studie-zu-extrem-wetter-ereignissen-wegen-klimafolgen\/","title":{"rendered":"Swiss Re study on extreme weather events due to climate impacts"},"content":{"rendered":"<figure id=\"attachment_2994\" aria-describedby=\"caption-attachment-2994\" style=\"width: 680px\" class=\"wp-caption alignnone\"><img loading=\"lazy\" decoding=\"async\" class=\"size-medium wp-image-2994\" src=\"\/\/www.umweltperspektiven.ch\/wp-content\/uploads\/2020\/04\/sigma-studie-Extrem-Wetter-Ereignisse-UP_Umwelt-Perspektiven.jpg\" alt=\"\" width=\"680\" height=\"450\" \/><figcaption id=\"caption-attachment-2994\" class=\"wp-caption-text\">Extreme weather events are amplified by socioeconomic developments, the latest sigma study says. (Image: Unsplash)<\/figcaption><\/figure>\n<p class=\"bodytext\">Once again, extreme weather events were the primary loss drivers in 2019. The increasing intensity of disasters will continue to lead to higher losses in the coming decades, he said. This is warned by the current\u00a0<a href=\"\/\/www.sigma-explorer.com\/\" target=\"_blank\" rel=\"noopener\">sigma study<\/a>\u00a0\"Natural catastrophes in times of economic accumulation and climate change\" of the\u00a0<a href=\"\/\/www.swissre.com\/institute\/\" target=\"_blank\" rel=\"noopener\">Swiss Re Institute<\/a>.<\/p>\n<p class=\"bodytext\">According to the report, weather-related overall economic losses reached a value of $146 billion worldwide last year. Insured losses amounted to $60 billion. Their increase was due to population growth, ongoing urbanization and economic development, the English-language media release said. For the future, it poses \"a significant threat to global resilience,\" it said.<\/p>\n<p class=\"bodytext\">Extreme weather events are exacerbated by socioeconomic developments in the affected areas. The fact that total insured losses nevertheless decreased by $33 billion in 2019 compared with the previous year is primarily due to the absence of major and cost-intensive hurricanes in the USA.<\/p>\n<p><a href=\"\/\/www.swissre.com\/media\/news-releases\/nr-20200408-sigma-2-2020.html\"><em>More details on the sigma study (English)\u00a0<\/em><\/a><\/p>\n<p>&nbsp;<\/p>","protected":false},"excerpt":{"rendered":"<p>Einmal mehr waren 2019 Extrem-Wetter-Ereignisse die prim\u00e4ren Schadentreiber. Die zunehmende Intensit\u00e4t der Katastrophen werde auch in den kommenden Jahrzehnten zu h\u00f6heren Sch\u00e4den f\u00fchren. Davor warnt die aktuelle\u00a0sigma-Studie\u00a0\u201eNatural catastrophes in times of economic accumulation and climate change\u201c des\u00a0Swiss Re Institute. Demnach erreichten die wetterbedingten gesamtwirtschaftlichen Sch\u00e4den im vergangenen Jahr\u00a0weltweit einen Wert von 146 Milliarden Dollar. Die [&hellip;]<\/p>\n","protected":false},"author":5,"featured_media":2994,"comment_status":"closed","ping_status":"closed","sticky":false,"template":"","format":"standard","meta":{"_acf_changed":false,"_yoast_wpseo_focuskw":"Extrem-Wetter-Ereignisse","_yoast_wpseo_metadesc":"Einer Studie des Swiss Re Institute zufolge werden Extrem-Wetter-Ereignisse weiter zunehmen. Eine kurze Zusammenfassung.","articlekey":"","footnotes":""},"categories":[580],"tags":[1147,1365,1509,460,2417],"class_list":["post-2993","post","type-post","status-publish","format-standard","has-post-thumbnail","hentry","category-sustainability","tag-extremwetter","tag-hochwasser","tag-klimaerwaermung","tag-studien","tag-urbanisierung"],"acf":[],"yoast_head":"<!-- This site is optimized with the Yoast SEO plugin v27.4 - https:\/\/yoast.com\/product\/yoast-seo-wordpress\/ -->\n<title>Swiss Re-Studie zu Extrem-Wetter-Ereignissen wegen Klimafolgen - Organisator<\/title>\n<meta name=\"description\" content=\"Einer Studie des Swiss Re Institute zufolge werden Extrem-Wetter-Ereignisse weiter zunehmen. Eine kurze Zusammenfassung.\" \/>\n<meta name=\"robots\" content=\"index, follow, max-snippet:-1, max-image-preview:large, max-video-preview:-1\" \/>\n<link rel=\"canonical\" href=\"https:\/\/www.organisator.ch\/en\/sustainability\/2020-04-08\/swiss-re-studie-zu-extrem-wetter-ereignissen-wegen-klimafolgen\/\" \/>\n<meta property=\"og:locale\" content=\"en_US\" \/>\n<meta property=\"og:type\" content=\"article\" \/>\n<meta property=\"og:title\" content=\"Swiss Re-Studie zu Extrem-Wetter-Ereignissen wegen Klimafolgen - Organisator\" \/>\n<meta property=\"og:description\" content=\"Einer Studie des Swiss Re Institute zufolge werden Extrem-Wetter-Ereignisse weiter zunehmen. Eine kurze Zusammenfassung.\" \/>\n<meta property=\"og:url\" content=\"https:\/\/www.organisator.ch\/en\/sustainability\/2020-04-08\/swiss-re-studie-zu-extrem-wetter-ereignissen-wegen-klimafolgen\/\" \/>\n<meta property=\"og:site_name\" content=\"Organisator\" \/>\n<meta property=\"article:publisher\" content=\"https:\/\/www.facebook.com\/OrganisatorFachmagazin\" \/>\n<meta property=\"article:published_time\" content=\"2020-04-08T13:02:11+00:00\" \/>\n<meta property=\"article:modified_time\" content=\"2022-02-09T10:06:50+00:00\" \/>\n<meta property=\"og:image\" content=\"https:\/\/www.organisator.ch\/wp-content\/uploads\/2020\/04\/sigma-studie-Extrem-Wetter-Ereignisse-UP_Umwelt-Perspektiven-scaled.jpg\" \/>\n\t<meta property=\"og:image:width\" content=\"2560\" \/>\n\t<meta property=\"og:image:height\" content=\"1695\" \/>\n\t<meta property=\"og:image:type\" content=\"image\/jpeg\" \/>\n<meta name=\"author\" content=\"michael.merz\" \/>\n<meta name=\"twitter:card\" content=\"summary_large_image\" \/>\n<script type=\"application\/ld+json\" class=\"yoast-schema-graph\">{\"@context\":\"https:\\\/\\\/schema.org\",\"@graph\":[{\"@type\":\"Article\",\"@id\":\"https:\\\/\\\/www.organisator.ch\\\/sustainability\\\/2020-04-08\\\/swiss-re-studie-zu-extrem-wetter-ereignissen-wegen-klimafolgen\\\/#article\",\"isPartOf\":{\"@id\":\"https:\\\/\\\/www.organisator.ch\\\/sustainability\\\/2020-04-08\\\/swiss-re-studie-zu-extrem-wetter-ereignissen-wegen-klimafolgen\\\/\"},\"author\":{\"name\":\"michael.merz\",\"@id\":\"https:\\\/\\\/www.organisator.ch\\\/#\\\/schema\\\/person\\\/134708ca9321c57b0362cceb7948ffbd\"},\"headline\":\"Swiss Re-Studie zu Extrem-Wetter-Ereignissen wegen Klimafolgen\",\"datePublished\":\"2020-04-08T13:02:11+00:00\",\"dateModified\":\"2022-02-09T10:06:50+00:00\",\"mainEntityOfPage\":{\"@id\":\"https:\\\/\\\/www.organisator.ch\\\/sustainability\\\/2020-04-08\\\/swiss-re-studie-zu-extrem-wetter-ereignissen-wegen-klimafolgen\\\/\"},\"wordCount\":187,\"publisher\":{\"@id\":\"https:\\\/\\\/www.organisator.ch\\\/#organization\"},\"image\":{\"@id\":\"https:\\\/\\\/www.organisator.ch\\\/sustainability\\\/2020-04-08\\\/swiss-re-studie-zu-extrem-wetter-ereignissen-wegen-klimafolgen\\\/#primaryimage\"},\"thumbnailUrl\":\"https:\\\/\\\/www.organisator.ch\\\/wp-content\\\/uploads\\\/2020\\\/04\\\/sigma-studie-Extrem-Wetter-Ereignisse-UP_Umwelt-Perspektiven-scaled.jpg\",\"keywords\":[\"Extremwetter\",\"Hochwasser\",\"Klimaerw\u00e4rmung\",\"Studien\",\"Urbanisierung\"],\"articleSection\":[\"SUSTAINABILITY\"],\"inLanguage\":\"en-US\"},{\"@type\":\"WebPage\",\"@id\":\"https:\\\/\\\/www.organisator.ch\\\/sustainability\\\/2020-04-08\\\/swiss-re-studie-zu-extrem-wetter-ereignissen-wegen-klimafolgen\\\/\",\"url\":\"https:\\\/\\\/www.organisator.ch\\\/sustainability\\\/2020-04-08\\\/swiss-re-studie-zu-extrem-wetter-ereignissen-wegen-klimafolgen\\\/\",\"name\":\"Swiss Re-Studie zu Extrem-Wetter-Ereignissen wegen Klimafolgen - Organisator\",\"isPartOf\":{\"@id\":\"https:\\\/\\\/www.organisator.ch\\\/#website\"},\"primaryImageOfPage\":{\"@id\":\"https:\\\/\\\/www.organisator.ch\\\/sustainability\\\/2020-04-08\\\/swiss-re-studie-zu-extrem-wetter-ereignissen-wegen-klimafolgen\\\/#primaryimage\"},\"image\":{\"@id\":\"https:\\\/\\\/www.organisator.ch\\\/sustainability\\\/2020-04-08\\\/swiss-re-studie-zu-extrem-wetter-ereignissen-wegen-klimafolgen\\\/#primaryimage\"},\"thumbnailUrl\":\"https:\\\/\\\/www.organisator.ch\\\/wp-content\\\/uploads\\\/2020\\\/04\\\/sigma-studie-Extrem-Wetter-Ereignisse-UP_Umwelt-Perspektiven-scaled.jpg\",\"datePublished\":\"2020-04-08T13:02:11+00:00\",\"dateModified\":\"2022-02-09T10:06:50+00:00\",\"description\":\"Einer Studie des Swiss Re Institute zufolge werden Extrem-Wetter-Ereignisse weiter zunehmen. Eine kurze Zusammenfassung.\",\"breadcrumb\":{\"@id\":\"https:\\\/\\\/www.organisator.ch\\\/sustainability\\\/2020-04-08\\\/swiss-re-studie-zu-extrem-wetter-ereignissen-wegen-klimafolgen\\\/#breadcrumb\"},\"inLanguage\":\"en-US\",\"potentialAction\":[{\"@type\":\"ReadAction\",\"target\":[\"https:\\\/\\\/www.organisator.ch\\\/sustainability\\\/2020-04-08\\\/swiss-re-studie-zu-extrem-wetter-ereignissen-wegen-klimafolgen\\\/\"]}]},{\"@type\":\"ImageObject\",\"inLanguage\":\"en-US\",\"@id\":\"https:\\\/\\\/www.organisator.ch\\\/sustainability\\\/2020-04-08\\\/swiss-re-studie-zu-extrem-wetter-ereignissen-wegen-klimafolgen\\\/#primaryimage\",\"url\":\"https:\\\/\\\/www.organisator.ch\\\/wp-content\\\/uploads\\\/2020\\\/04\\\/sigma-studie-Extrem-Wetter-Ereignisse-UP_Umwelt-Perspektiven-scaled.jpg\",\"contentUrl\":\"https:\\\/\\\/www.organisator.ch\\\/wp-content\\\/uploads\\\/2020\\\/04\\\/sigma-studie-Extrem-Wetter-Ereignisse-UP_Umwelt-Perspektiven-scaled.jpg\",\"width\":2560,\"height\":1695,\"caption\":\"Extreme Wettereignisse w\u00fcrden durch sozio\u00f6konomische Entwicklungen verst\u00e4rkt, heisst es in der aktuellen sigma-Studie. (Bild: Unsplash)\"},{\"@type\":\"BreadcrumbList\",\"@id\":\"https:\\\/\\\/www.organisator.ch\\\/sustainability\\\/2020-04-08\\\/swiss-re-studie-zu-extrem-wetter-ereignissen-wegen-klimafolgen\\\/#breadcrumb\",\"itemListElement\":[{\"@type\":\"ListItem\",\"position\":1,\"name\":\"Home\",\"item\":\"https:\\\/\\\/www.organisator.ch\\\/\"},{\"@type\":\"ListItem\",\"position\":2,\"name\":\"Swiss Re-Studie zu Extrem-Wetter-Ereignissen wegen Klimafolgen\"}]},{\"@type\":\"WebSite\",\"@id\":\"https:\\\/\\\/www.organisator.ch\\\/#website\",\"url\":\"https:\\\/\\\/www.organisator.ch\\\/\",\"name\":\"Organisator\",\"description\":\"Kompetent. Praxisnah. Der ORGANISATOR bereitet in 10 Ausgaben pro Jahr die wesentlichen Themen f\u00fcr F\u00fchrungskr\u00e4fte von KMU auf.\",\"publisher\":{\"@id\":\"https:\\\/\\\/www.organisator.ch\\\/#organization\"},\"potentialAction\":[{\"@type\":\"SearchAction\",\"target\":{\"@type\":\"EntryPoint\",\"urlTemplate\":\"https:\\\/\\\/www.organisator.ch\\\/?s={search_term_string}\"},\"query-input\":{\"@type\":\"PropertyValueSpecification\",\"valueRequired\":true,\"valueName\":\"search_term_string\"}}],\"inLanguage\":\"en-US\"},{\"@type\":\"Organization\",\"@id\":\"https:\\\/\\\/www.organisator.ch\\\/#organization\",\"name\":\"Organisator\",\"url\":\"https:\\\/\\\/www.organisator.ch\\\/\",\"logo\":{\"@type\":\"ImageObject\",\"inLanguage\":\"en-US\",\"@id\":\"https:\\\/\\\/www.organisator.ch\\\/#\\\/schema\\\/logo\\\/image\\\/\",\"url\":\"https:\\\/\\\/www.organisator.ch\\\/wp-content\\\/uploads\\\/2022\\\/01\\\/Logo_Organisator_Website.png\",\"contentUrl\":\"https:\\\/\\\/www.organisator.ch\\\/wp-content\\\/uploads\\\/2022\\\/01\\\/Logo_Organisator_Website.png\",\"width\":800,\"height\":77,\"caption\":\"Organisator\"},\"image\":{\"@id\":\"https:\\\/\\\/www.organisator.ch\\\/#\\\/schema\\\/logo\\\/image\\\/\"},\"sameAs\":[\"https:\\\/\\\/www.facebook.com\\\/OrganisatorFachmagazin\",\"https:\\\/\\\/www.linkedin.com\\\/showcase\\\/organisator-das-magazin-fr-kmu\",\"https:\\\/\\\/www.xing.com\\\/news\\\/pages\\\/organisator-ch-695\",\"https:\\\/\\\/www.youtube.com\\\/channel\\\/UCGP2Sq0iWaZwT3BdIAQFYpw\"]},{\"@type\":\"Person\",\"@id\":\"https:\\\/\\\/www.organisator.ch\\\/#\\\/schema\\\/person\\\/134708ca9321c57b0362cceb7948ffbd\",\"name\":\"michael.merz\",\"image\":{\"@type\":\"ImageObject\",\"inLanguage\":\"en-US\",\"@id\":\"https:\\\/\\\/secure.gravatar.com\\\/avatar\\\/?s=96&d=mm&r=g\",\"url\":\"https:\\\/\\\/secure.gravatar.com\\\/avatar\\\/?s=96&d=mm&r=g\",\"contentUrl\":\"https:\\\/\\\/secure.gravatar.com\\\/avatar\\\/?s=96&d=mm&r=g\",\"caption\":\"michael.merz\"},\"url\":\"https:\\\/\\\/www.organisator.ch\\\/en\\\/author\\\/michael-merz\\\/\"}]}<\/script>\n<!-- \/ Yoast SEO plugin. -->","yoast_head_json":{"title":"Swiss Re study on extreme weather events due to climate impacts - Organizer","description":"According to a study by the Swiss Re Institute, extreme weather events will continue to increase. A brief summary.","robots":{"index":"index","follow":"follow","max-snippet":"max-snippet:-1","max-image-preview":"max-image-preview:large","max-video-preview":"max-video-preview:-1"},"canonical":"https:\/\/www.organisator.ch\/en\/sustainability\/2020-04-08\/swiss-re-studie-zu-extrem-wetter-ereignissen-wegen-klimafolgen\/","og_locale":"en_US","og_type":"article","og_title":"Swiss Re-Studie zu Extrem-Wetter-Ereignissen wegen Klimafolgen - Organisator","og_description":"Einer Studie des Swiss Re Institute zufolge werden Extrem-Wetter-Ereignisse weiter zunehmen. Eine kurze Zusammenfassung.","og_url":"https:\/\/www.organisator.ch\/en\/sustainability\/2020-04-08\/swiss-re-studie-zu-extrem-wetter-ereignissen-wegen-klimafolgen\/","og_site_name":"Organisator","article_publisher":"https:\/\/www.facebook.com\/OrganisatorFachmagazin","article_published_time":"2020-04-08T13:02:11+00:00","article_modified_time":"2022-02-09T10:06:50+00:00","og_image":[{"width":2560,"height":1695,"url":"https:\/\/www.organisator.ch\/wp-content\/uploads\/2020\/04\/sigma-studie-Extrem-Wetter-Ereignisse-UP_Umwelt-Perspektiven-scaled.jpg","type":"image\/jpeg"}],"author":"michael.merz","twitter_card":"summary_large_image","schema":{"@context":"https:\/\/schema.org","@graph":[{"@type":"Article","@id":"https:\/\/www.organisator.ch\/sustainability\/2020-04-08\/swiss-re-studie-zu-extrem-wetter-ereignissen-wegen-klimafolgen\/#article","isPartOf":{"@id":"https:\/\/www.organisator.ch\/sustainability\/2020-04-08\/swiss-re-studie-zu-extrem-wetter-ereignissen-wegen-klimafolgen\/"},"author":{"name":"michael.merz","@id":"https:\/\/www.organisator.ch\/#\/schema\/person\/134708ca9321c57b0362cceb7948ffbd"},"headline":"Swiss Re-Studie zu Extrem-Wetter-Ereignissen wegen Klimafolgen","datePublished":"2020-04-08T13:02:11+00:00","dateModified":"2022-02-09T10:06:50+00:00","mainEntityOfPage":{"@id":"https:\/\/www.organisator.ch\/sustainability\/2020-04-08\/swiss-re-studie-zu-extrem-wetter-ereignissen-wegen-klimafolgen\/"},"wordCount":187,"publisher":{"@id":"https:\/\/www.organisator.ch\/#organization"},"image":{"@id":"https:\/\/www.organisator.ch\/sustainability\/2020-04-08\/swiss-re-studie-zu-extrem-wetter-ereignissen-wegen-klimafolgen\/#primaryimage"},"thumbnailUrl":"https:\/\/www.organisator.ch\/wp-content\/uploads\/2020\/04\/sigma-studie-Extrem-Wetter-Ereignisse-UP_Umwelt-Perspektiven-scaled.jpg","keywords":["Extremwetter","Hochwasser","Klimaerw\u00e4rmung","Studien","Urbanisierung"],"articleSection":["SUSTAINABILITY"],"inLanguage":"en-US"},{"@type":"WebPage","@id":"https:\/\/www.organisator.ch\/sustainability\/2020-04-08\/swiss-re-studie-zu-extrem-wetter-ereignissen-wegen-klimafolgen\/","url":"https:\/\/www.organisator.ch\/sustainability\/2020-04-08\/swiss-re-studie-zu-extrem-wetter-ereignissen-wegen-klimafolgen\/","name":"Swiss Re study on extreme weather events due to climate impacts - Organizer","isPartOf":{"@id":"https:\/\/www.organisator.ch\/#website"},"primaryImageOfPage":{"@id":"https:\/\/www.organisator.ch\/sustainability\/2020-04-08\/swiss-re-studie-zu-extrem-wetter-ereignissen-wegen-klimafolgen\/#primaryimage"},"image":{"@id":"https:\/\/www.organisator.ch\/sustainability\/2020-04-08\/swiss-re-studie-zu-extrem-wetter-ereignissen-wegen-klimafolgen\/#primaryimage"},"thumbnailUrl":"https:\/\/www.organisator.ch\/wp-content\/uploads\/2020\/04\/sigma-studie-Extrem-Wetter-Ereignisse-UP_Umwelt-Perspektiven-scaled.jpg","datePublished":"2020-04-08T13:02:11+00:00","dateModified":"2022-02-09T10:06:50+00:00","description":"According to a study by the Swiss Re Institute, extreme weather events will continue to increase. A brief summary.","breadcrumb":{"@id":"https:\/\/www.organisator.ch\/sustainability\/2020-04-08\/swiss-re-studie-zu-extrem-wetter-ereignissen-wegen-klimafolgen\/#breadcrumb"},"inLanguage":"en-US","potentialAction":[{"@type":"ReadAction","target":["https:\/\/www.organisator.ch\/sustainability\/2020-04-08\/swiss-re-studie-zu-extrem-wetter-ereignissen-wegen-klimafolgen\/"]}]},{"@type":"ImageObject","inLanguage":"en-US","@id":"https:\/\/www.organisator.ch\/sustainability\/2020-04-08\/swiss-re-studie-zu-extrem-wetter-ereignissen-wegen-klimafolgen\/#primaryimage","url":"https:\/\/www.organisator.ch\/wp-content\/uploads\/2020\/04\/sigma-studie-Extrem-Wetter-Ereignisse-UP_Umwelt-Perspektiven-scaled.jpg","contentUrl":"https:\/\/www.organisator.ch\/wp-content\/uploads\/2020\/04\/sigma-studie-Extrem-Wetter-Ereignisse-UP_Umwelt-Perspektiven-scaled.jpg","width":2560,"height":1695,"caption":"Extreme Wettereignisse w\u00fcrden durch sozio\u00f6konomische Entwicklungen verst\u00e4rkt, heisst es in der aktuellen sigma-Studie. (Bild: Unsplash)"},{"@type":"BreadcrumbList","@id":"https:\/\/www.organisator.ch\/sustainability\/2020-04-08\/swiss-re-studie-zu-extrem-wetter-ereignissen-wegen-klimafolgen\/#breadcrumb","itemListElement":[{"@type":"ListItem","position":1,"name":"Home","item":"https:\/\/www.organisator.ch\/"},{"@type":"ListItem","position":2,"name":"Swiss Re-Studie zu Extrem-Wetter-Ereignissen wegen Klimafolgen"}]},{"@type":"WebSite","@id":"https:\/\/www.organisator.ch\/#website","url":"https:\/\/www.organisator.ch\/","name":"Organizer","description":"Competent. Practical. In 10 issues per year, ORGANISATOR presents the essential topics for managers of SMEs.","publisher":{"@id":"https:\/\/www.organisator.ch\/#organization"},"potentialAction":[{"@type":"SearchAction","target":{"@type":"EntryPoint","urlTemplate":"https:\/\/www.organisator.ch\/?s={search_term_string}"},"query-input":{"@type":"PropertyValueSpecification","valueRequired":true,"valueName":"search_term_string"}}],"inLanguage":"en-US"},{"@type":"Organization","@id":"https:\/\/www.organisator.ch\/#organization","name":"Organizer","url":"https:\/\/www.organisator.ch\/","logo":{"@type":"ImageObject","inLanguage":"en-US","@id":"https:\/\/www.organisator.ch\/#\/schema\/logo\/image\/","url":"https:\/\/www.organisator.ch\/wp-content\/uploads\/2022\/01\/Logo_Organisator_Website.png","contentUrl":"https:\/\/www.organisator.ch\/wp-content\/uploads\/2022\/01\/Logo_Organisator_Website.png","width":800,"height":77,"caption":"Organisator"},"image":{"@id":"https:\/\/www.organisator.ch\/#\/schema\/logo\/image\/"},"sameAs":["https:\/\/www.facebook.com\/OrganisatorFachmagazin","https:\/\/www.linkedin.com\/showcase\/organisator-das-magazin-fr-kmu","https:\/\/www.xing.com\/news\/pages\/organisator-ch-695","https:\/\/www.youtube.com\/channel\/UCGP2Sq0iWaZwT3BdIAQFYpw"]},{"@type":"Person","@id":"https:\/\/www.organisator.ch\/#\/schema\/person\/134708ca9321c57b0362cceb7948ffbd","name":"michael.merz","image":{"@type":"ImageObject","inLanguage":"en-US","@id":"https:\/\/secure.gravatar.com\/avatar\/?s=96&d=mm&r=g","url":"https:\/\/secure.gravatar.com\/avatar\/?s=96&d=mm&r=g","contentUrl":"https:\/\/secure.gravatar.com\/avatar\/?s=96&d=mm&r=g","caption":"michael.merz"},"url":"https:\/\/www.organisator.ch\/en\/author\/michael-merz\/"}]}},"_links":{"self":[{"href":"https:\/\/www.organisator.ch\/en\/wp-json\/wp\/v2\/posts\/2993","targetHints":{"allow":["GET"]}}],"collection":[{"href":"https:\/\/www.organisator.ch\/en\/wp-json\/wp\/v2\/posts"}],"about":[{"href":"https:\/\/www.organisator.ch\/en\/wp-json\/wp\/v2\/types\/post"}],"author":[{"embeddable":true,"href":"https:\/\/www.organisator.ch\/en\/wp-json\/wp\/v2\/users\/5"}],"replies":[{"embeddable":true,"href":"https:\/\/www.organisator.ch\/en\/wp-json\/wp\/v2\/comments?post=2993"}],"version-history":[{"count":1,"href":"https:\/\/www.organisator.ch\/en\/wp-json\/wp\/v2\/posts\/2993\/revisions"}],"predecessor-version":[{"id":10680,"href":"https:\/\/www.organisator.ch\/en\/wp-json\/wp\/v2\/posts\/2993\/revisions\/10680"}],"wp:featuredmedia":[{"embeddable":true,"href":"https:\/\/www.organisator.ch\/en\/wp-json\/wp\/v2\/media\/2994"}],"wp:attachment":[{"href":"https:\/\/www.organisator.ch\/en\/wp-json\/wp\/v2\/media?parent=2993"}],"wp:term":[{"taxonomy":"category","embeddable":true,"href":"https:\/\/www.organisator.ch\/en\/wp-json\/wp\/v2\/categories?post=2993"},{"taxonomy":"post_tag","embeddable":true,"href":"https:\/\/www.organisator.ch\/en\/wp-json\/wp\/v2\/tags?post=2993"}],"curies":[{"name":"wp","href":"https:\/\/api.w.org\/{rel}","templated":true}]}}