{"id":29939,"date":"2024-09-19T14:53:47","date_gmt":"2024-09-19T12:53:47","guid":{"rendered":"https:\/\/www.markt-kom.com\/?p=223641"},"modified":"2024-11-08T08:50:38","modified_gmt":"2024-11-08T07:50:38","slug":"refluenced-verstaerkt-vr-nach-erfolgreicher-expansion","status":"publish","type":"post","link":"https:\/\/www.organisator.ch\/en\/marketing\/2024-09-19\/refluenced-verstaerkt-vr-nach-erfolgreicher-expansion\/","title":{"rendered":"Refluenced strengthens VR after successful expansion"},"content":{"rendered":"<figure id=\"attachment_223646\" class=\"wp-caption aligncenter\" style=\"width: 1200px\" aria-describedby=\"caption-attachment-223646\"><img class=\"aligncenter wp-image-223646 size-full\" src=\"https:\/\/www.markt-kom.com\/wp-content\/uploads\/2024\/09\/Refluenced-Founders-VR.jpg\" alt=\"Refluenced Board of Directors\" width=\"1200\" height=\"900\" \/>\r\n<figcaption id=\"caption-attachment-223646\" class=\"wp-caption-text\">Sacha Moser (left) and Thomas Br\u00e4ndle (right) are new members of the Refluenced Board of Directors. The platform was founded by Jonas Holzer (2nd from left) and Quirin Hasler. (Image: zVg.)<\/figcaption>\r\n<\/figure>\r\n<p>\"Refluenced\" connects nano- and micro-influencers with brands and products using advanced technology and artificial intelligence (AI). According to the company, the platform has been able to grow rapidly throughout the DACH region. Following its successful market entry in Germany and Austria and a successfully completed financing round, the company is now appointing two new members to its Board of Directors.<\/p>\r\n<p>Serial entrepreneur and founder of Run Accounts, Thomas Br\u00e4ndle, is joining Refluenced's Board of Directors and will also become its Chairman. His \"understanding of the technology industry coupled with his financial expertise\" will be a \"valuable asset for the further development of Refluenced\", the platform writes in a press release.<\/p>\r\n<p>Sacha Moser is also a new member of the Board of Directors. The founder and CEO of Foundry will contribute his many years of experience in brand building and digital transformation to the platform.<\/p>\r\n<p>With the recent financing round, Refluenced can now further expand its platform and extend its offering for companies, agencies and brands. According to the company, it recently launched the world's first platform for TikTok campaigns with nano- and micro-influencers.<\/p>","protected":false},"excerpt":{"rendered":"<p>Following the successful establishment of \"Refluenced\" throughout the DACH region, the platform is strengthening its Board of Directors with Thomas Br\u00e4ndle and Sacha Moser.<\/p>","protected":false},"author":8,"featured_media":0,"comment_status":"closed","ping_status":"closed","sticky":false,"template":"","format":"standard","meta":{"_acf_changed":false,"_yoast_wpseo_focuskw":"Refluenced Verwaltungsrat","_yoast_wpseo_metadesc":"Refluenced erweitert Verwaltungsrat mit Thomas Br\u00e4ndle und Sacha Moser nach erfolgreicher Finanzierungsrunde.","articlekey":"","footnotes":""},"categories":[29],"tags":[4345,2618,4217],"class_list":["post-29939","post","type-post","status-publish","format-standard","hentry","category-marketing","tag-business","tag-foundry","tag-refluenced"],"acf":[],"yoast_head":"<!-- This site is optimized with the Yoast SEO plugin v27.5 - https:\/\/yoast.com\/product\/yoast-seo-wordpress\/ -->\n<title>Refluenced verst\u00e4rkt VR nach erfolgreicher Expansion - Organisator<\/title>\n<meta name=\"description\" content=\"Refluenced erweitert Verwaltungsrat mit Thomas Br\u00e4ndle und Sacha Moser nach erfolgreicher Finanzierungsrunde.\" \/>\n<meta name=\"robots\" content=\"index, follow, max-snippet:-1, max-image-preview:large, max-video-preview:-1\" \/>\n<link rel=\"canonical\" href=\"https:\/\/www.organisator.ch\/en\/marketing\/2024-09-19\/refluenced-verstaerkt-vr-nach-erfolgreicher-expansion\/\" \/>\n<meta property=\"og:locale\" content=\"en_US\" \/>\n<meta property=\"og:type\" content=\"article\" \/>\n<meta property=\"og:title\" content=\"Refluenced verst\u00e4rkt VR nach erfolgreicher Expansion - Organisator\" \/>\n<meta property=\"og:description\" content=\"Refluenced erweitert Verwaltungsrat mit Thomas Br\u00e4ndle und Sacha Moser nach erfolgreicher Finanzierungsrunde.\" \/>\n<meta property=\"og:url\" content=\"https:\/\/www.organisator.ch\/en\/marketing\/2024-09-19\/refluenced-verstaerkt-vr-nach-erfolgreicher-expansion\/\" \/>\n<meta property=\"og:site_name\" content=\"Organisator\" \/>\n<meta property=\"article:publisher\" content=\"https:\/\/www.facebook.com\/OrganisatorFachmagazin\" \/>\n<meta property=\"article:published_time\" content=\"2024-09-19T12:53:47+00:00\" \/>\n<meta property=\"article:modified_time\" content=\"2024-11-08T07:50:38+00:00\" \/>\n<meta property=\"og:image\" content=\"https:\/\/www.markt-kom.com\/wp-content\/uploads\/2024\/09\/Refluenced-Founders-VR.jpg\" \/>\n<meta name=\"author\" content=\"galledia\" \/>\n<meta name=\"twitter:card\" content=\"summary_large_image\" \/>\n<meta name=\"twitter:creator\" content=\"@admin\" \/>\n<script type=\"application\/ld+json\" class=\"yoast-schema-graph\">{\"@context\":\"https:\\\/\\\/schema.org\",\"@graph\":[{\"@type\":\"Article\",\"@id\":\"https:\\\/\\\/www.organisator.ch\\\/marketing\\\/2024-09-19\\\/refluenced-verstaerkt-vr-nach-erfolgreicher-expansion\\\/#article\",\"isPartOf\":{\"@id\":\"https:\\\/\\\/www.organisator.ch\\\/marketing\\\/2024-09-19\\\/refluenced-verstaerkt-vr-nach-erfolgreicher-expansion\\\/\"},\"author\":{\"name\":\"galledia\",\"@id\":\"https:\\\/\\\/www.organisator.ch\\\/#\\\/schema\\\/person\\\/4e51799071cd2dd1232ac003643ef5f0\"},\"headline\":\"Refluenced verst\u00e4rkt VR nach erfolgreicher Expansion\",\"datePublished\":\"2024-09-19T12:53:47+00:00\",\"dateModified\":\"2024-11-08T07:50:38+00:00\",\"mainEntityOfPage\":{\"@id\":\"https:\\\/\\\/www.organisator.ch\\\/marketing\\\/2024-09-19\\\/refluenced-verstaerkt-vr-nach-erfolgreicher-expansion\\\/\"},\"wordCount\":222,\"publisher\":{\"@id\":\"https:\\\/\\\/www.organisator.ch\\\/#organization\"},\"image\":{\"@id\":\"https:\\\/\\\/www.organisator.ch\\\/marketing\\\/2024-09-19\\\/refluenced-verstaerkt-vr-nach-erfolgreicher-expansion\\\/#primaryimage\"},\"thumbnailUrl\":\"https:\\\/\\\/www.markt-kom.com\\\/wp-content\\\/uploads\\\/2024\\\/09\\\/Refluenced-Founders-VR.jpg\",\"keywords\":[\"Business\",\"Foundry\",\"Refluenced\"],\"articleSection\":[\"MARKETING\"],\"inLanguage\":\"en-US\"},{\"@type\":\"WebPage\",\"@id\":\"https:\\\/\\\/www.organisator.ch\\\/marketing\\\/2024-09-19\\\/refluenced-verstaerkt-vr-nach-erfolgreicher-expansion\\\/\",\"url\":\"https:\\\/\\\/www.organisator.ch\\\/marketing\\\/2024-09-19\\\/refluenced-verstaerkt-vr-nach-erfolgreicher-expansion\\\/\",\"name\":\"Refluenced verst\u00e4rkt VR nach erfolgreicher Expansion - Organisator\",\"isPartOf\":{\"@id\":\"https:\\\/\\\/www.organisator.ch\\\/#website\"},\"primaryImageOfPage\":{\"@id\":\"https:\\\/\\\/www.organisator.ch\\\/marketing\\\/2024-09-19\\\/refluenced-verstaerkt-vr-nach-erfolgreicher-expansion\\\/#primaryimage\"},\"image\":{\"@id\":\"https:\\\/\\\/www.organisator.ch\\\/marketing\\\/2024-09-19\\\/refluenced-verstaerkt-vr-nach-erfolgreicher-expansion\\\/#primaryimage\"},\"thumbnailUrl\":\"https:\\\/\\\/www.markt-kom.com\\\/wp-content\\\/uploads\\\/2024\\\/09\\\/Refluenced-Founders-VR.jpg\",\"datePublished\":\"2024-09-19T12:53:47+00:00\",\"dateModified\":\"2024-11-08T07:50:38+00:00\",\"description\":\"Refluenced erweitert Verwaltungsrat mit Thomas Br\u00e4ndle und Sacha Moser nach erfolgreicher Finanzierungsrunde.\",\"breadcrumb\":{\"@id\":\"https:\\\/\\\/www.organisator.ch\\\/marketing\\\/2024-09-19\\\/refluenced-verstaerkt-vr-nach-erfolgreicher-expansion\\\/#breadcrumb\"},\"inLanguage\":\"en-US\",\"potentialAction\":[{\"@type\":\"ReadAction\",\"target\":[\"https:\\\/\\\/www.organisator.ch\\\/marketing\\\/2024-09-19\\\/refluenced-verstaerkt-vr-nach-erfolgreicher-expansion\\\/\"]}]},{\"@type\":\"ImageObject\",\"inLanguage\":\"en-US\",\"@id\":\"https:\\\/\\\/www.organisator.ch\\\/marketing\\\/2024-09-19\\\/refluenced-verstaerkt-vr-nach-erfolgreicher-expansion\\\/#primaryimage\",\"url\":\"https:\\\/\\\/www.markt-kom.com\\\/wp-content\\\/uploads\\\/2024\\\/09\\\/Refluenced-Founders-VR.jpg\",\"contentUrl\":\"https:\\\/\\\/www.markt-kom.com\\\/wp-content\\\/uploads\\\/2024\\\/09\\\/Refluenced-Founders-VR.jpg\"},{\"@type\":\"BreadcrumbList\",\"@id\":\"https:\\\/\\\/www.organisator.ch\\\/marketing\\\/2024-09-19\\\/refluenced-verstaerkt-vr-nach-erfolgreicher-expansion\\\/#breadcrumb\",\"itemListElement\":[{\"@type\":\"ListItem\",\"position\":1,\"name\":\"Home\",\"item\":\"https:\\\/\\\/www.organisator.ch\\\/\"},{\"@type\":\"ListItem\",\"position\":2,\"name\":\"Refluenced verst\u00e4rkt VR nach erfolgreicher Expansion\"}]},{\"@type\":\"WebSite\",\"@id\":\"https:\\\/\\\/www.organisator.ch\\\/#website\",\"url\":\"https:\\\/\\\/www.organisator.ch\\\/\",\"name\":\"Organisator\",\"description\":\"Kompetent. Praxisnah. Der ORGANISATOR bereitet in 10 Ausgaben pro Jahr die wesentlichen Themen f\u00fcr F\u00fchrungskr\u00e4fte von KMU auf.\",\"publisher\":{\"@id\":\"https:\\\/\\\/www.organisator.ch\\\/#organization\"},\"potentialAction\":[{\"@type\":\"SearchAction\",\"target\":{\"@type\":\"EntryPoint\",\"urlTemplate\":\"https:\\\/\\\/www.organisator.ch\\\/?s={search_term_string}\"},\"query-input\":{\"@type\":\"PropertyValueSpecification\",\"valueRequired\":true,\"valueName\":\"search_term_string\"}}],\"inLanguage\":\"en-US\"},{\"@type\":\"Organization\",\"@id\":\"https:\\\/\\\/www.organisator.ch\\\/#organization\",\"name\":\"Organisator\",\"url\":\"https:\\\/\\\/www.organisator.ch\\\/\",\"logo\":{\"@type\":\"ImageObject\",\"inLanguage\":\"en-US\",\"@id\":\"https:\\\/\\\/www.organisator.ch\\\/#\\\/schema\\\/logo\\\/image\\\/\",\"url\":\"https:\\\/\\\/www.organisator.ch\\\/wp-content\\\/uploads\\\/2022\\\/01\\\/Logo_Organisator_Website.png\",\"contentUrl\":\"https:\\\/\\\/www.organisator.ch\\\/wp-content\\\/uploads\\\/2022\\\/01\\\/Logo_Organisator_Website.png\",\"width\":800,\"height\":77,\"caption\":\"Organisator\"},\"image\":{\"@id\":\"https:\\\/\\\/www.organisator.ch\\\/#\\\/schema\\\/logo\\\/image\\\/\"},\"sameAs\":[\"https:\\\/\\\/www.facebook.com\\\/OrganisatorFachmagazin\",\"https:\\\/\\\/www.linkedin.com\\\/showcase\\\/organisator-das-magazin-fr-kmu\",\"https:\\\/\\\/www.xing.com\\\/news\\\/pages\\\/organisator-ch-695\",\"https:\\\/\\\/www.youtube.com\\\/channel\\\/UCGP2Sq0iWaZwT3BdIAQFYpw\"]},{\"@type\":\"Person\",\"@id\":\"https:\\\/\\\/www.organisator.ch\\\/#\\\/schema\\\/person\\\/4e51799071cd2dd1232ac003643ef5f0\",\"name\":\"galledia\",\"image\":{\"@type\":\"ImageObject\",\"inLanguage\":\"en-US\",\"@id\":\"https:\\\/\\\/secure.gravatar.com\\\/avatar\\\/78a7f90c01fc2bfc875782a0d4922b37cde2cf184ce347b91316d23cd7f69a36?s=96&d=mm&r=g\",\"url\":\"https:\\\/\\\/secure.gravatar.com\\\/avatar\\\/78a7f90c01fc2bfc875782a0d4922b37cde2cf184ce347b91316d23cd7f69a36?s=96&d=mm&r=g\",\"contentUrl\":\"https:\\\/\\\/secure.gravatar.com\\\/avatar\\\/78a7f90c01fc2bfc875782a0d4922b37cde2cf184ce347b91316d23cd7f69a36?s=96&d=mm&r=g\",\"caption\":\"galledia\"},\"sameAs\":[\"https:\\\/\\\/x.com\\\/admin\"],\"url\":\"https:\\\/\\\/www.organisator.ch\\\/en\\\/author\\\/galledia\\\/\"}]}<\/script>\n<!-- \/ Yoast SEO plugin. -->","yoast_head_json":{"title":"Refluenced strengthens VR after successful expansion - Organizer","description":"Refluenced expands its Board of Directors with Thomas Br\u00e4ndle and Sacha Moser following a successful financing round.","robots":{"index":"index","follow":"follow","max-snippet":"max-snippet:-1","max-image-preview":"max-image-preview:large","max-video-preview":"max-video-preview:-1"},"canonical":"https:\/\/www.organisator.ch\/en\/marketing\/2024-09-19\/refluenced-verstaerkt-vr-nach-erfolgreicher-expansion\/","og_locale":"en_US","og_type":"article","og_title":"Refluenced verst\u00e4rkt VR nach erfolgreicher Expansion - Organisator","og_description":"Refluenced erweitert Verwaltungsrat mit Thomas Br\u00e4ndle und Sacha Moser nach erfolgreicher Finanzierungsrunde.","og_url":"https:\/\/www.organisator.ch\/en\/marketing\/2024-09-19\/refluenced-verstaerkt-vr-nach-erfolgreicher-expansion\/","og_site_name":"Organisator","article_publisher":"https:\/\/www.facebook.com\/OrganisatorFachmagazin","article_published_time":"2024-09-19T12:53:47+00:00","article_modified_time":"2024-11-08T07:50:38+00:00","og_image":[{"url":"https:\/\/www.markt-kom.com\/wp-content\/uploads\/2024\/09\/Refluenced-Founders-VR.jpg","type":"","width":"","height":""}],"author":"galledia","twitter_card":"summary_large_image","twitter_creator":"@admin","schema":{"@context":"https:\/\/schema.org","@graph":[{"@type":"Article","@id":"https:\/\/www.organisator.ch\/marketing\/2024-09-19\/refluenced-verstaerkt-vr-nach-erfolgreicher-expansion\/#article","isPartOf":{"@id":"https:\/\/www.organisator.ch\/marketing\/2024-09-19\/refluenced-verstaerkt-vr-nach-erfolgreicher-expansion\/"},"author":{"name":"galledia","@id":"https:\/\/www.organisator.ch\/#\/schema\/person\/4e51799071cd2dd1232ac003643ef5f0"},"headline":"Refluenced verst\u00e4rkt VR nach erfolgreicher Expansion","datePublished":"2024-09-19T12:53:47+00:00","dateModified":"2024-11-08T07:50:38+00:00","mainEntityOfPage":{"@id":"https:\/\/www.organisator.ch\/marketing\/2024-09-19\/refluenced-verstaerkt-vr-nach-erfolgreicher-expansion\/"},"wordCount":222,"publisher":{"@id":"https:\/\/www.organisator.ch\/#organization"},"image":{"@id":"https:\/\/www.organisator.ch\/marketing\/2024-09-19\/refluenced-verstaerkt-vr-nach-erfolgreicher-expansion\/#primaryimage"},"thumbnailUrl":"https:\/\/www.markt-kom.com\/wp-content\/uploads\/2024\/09\/Refluenced-Founders-VR.jpg","keywords":["Business","Foundry","Refluenced"],"articleSection":["MARKETING"],"inLanguage":"en-US"},{"@type":"WebPage","@id":"https:\/\/www.organisator.ch\/marketing\/2024-09-19\/refluenced-verstaerkt-vr-nach-erfolgreicher-expansion\/","url":"https:\/\/www.organisator.ch\/marketing\/2024-09-19\/refluenced-verstaerkt-vr-nach-erfolgreicher-expansion\/","name":"Refluenced strengthens VR after successful expansion - Organizer","isPartOf":{"@id":"https:\/\/www.organisator.ch\/#website"},"primaryImageOfPage":{"@id":"https:\/\/www.organisator.ch\/marketing\/2024-09-19\/refluenced-verstaerkt-vr-nach-erfolgreicher-expansion\/#primaryimage"},"image":{"@id":"https:\/\/www.organisator.ch\/marketing\/2024-09-19\/refluenced-verstaerkt-vr-nach-erfolgreicher-expansion\/#primaryimage"},"thumbnailUrl":"https:\/\/www.markt-kom.com\/wp-content\/uploads\/2024\/09\/Refluenced-Founders-VR.jpg","datePublished":"2024-09-19T12:53:47+00:00","dateModified":"2024-11-08T07:50:38+00:00","description":"Refluenced expands its Board of Directors with Thomas Br\u00e4ndle and Sacha Moser following a successful financing round.","breadcrumb":{"@id":"https:\/\/www.organisator.ch\/marketing\/2024-09-19\/refluenced-verstaerkt-vr-nach-erfolgreicher-expansion\/#breadcrumb"},"inLanguage":"en-US","potentialAction":[{"@type":"ReadAction","target":["https:\/\/www.organisator.ch\/marketing\/2024-09-19\/refluenced-verstaerkt-vr-nach-erfolgreicher-expansion\/"]}]},{"@type":"ImageObject","inLanguage":"en-US","@id":"https:\/\/www.organisator.ch\/marketing\/2024-09-19\/refluenced-verstaerkt-vr-nach-erfolgreicher-expansion\/#primaryimage","url":"https:\/\/www.markt-kom.com\/wp-content\/uploads\/2024\/09\/Refluenced-Founders-VR.jpg","contentUrl":"https:\/\/www.markt-kom.com\/wp-content\/uploads\/2024\/09\/Refluenced-Founders-VR.jpg"},{"@type":"BreadcrumbList","@id":"https:\/\/www.organisator.ch\/marketing\/2024-09-19\/refluenced-verstaerkt-vr-nach-erfolgreicher-expansion\/#breadcrumb","itemListElement":[{"@type":"ListItem","position":1,"name":"Home","item":"https:\/\/www.organisator.ch\/"},{"@type":"ListItem","position":2,"name":"Refluenced verst\u00e4rkt VR nach erfolgreicher Expansion"}]},{"@type":"WebSite","@id":"https:\/\/www.organisator.ch\/#website","url":"https:\/\/www.organisator.ch\/","name":"Organizer","description":"Competent. Practical. In 10 issues per year, ORGANISATOR presents the essential topics for managers of SMEs.","publisher":{"@id":"https:\/\/www.organisator.ch\/#organization"},"potentialAction":[{"@type":"SearchAction","target":{"@type":"EntryPoint","urlTemplate":"https:\/\/www.organisator.ch\/?s={search_term_string}"},"query-input":{"@type":"PropertyValueSpecification","valueRequired":true,"valueName":"search_term_string"}}],"inLanguage":"en-US"},{"@type":"Organization","@id":"https:\/\/www.organisator.ch\/#organization","name":"Organizer","url":"https:\/\/www.organisator.ch\/","logo":{"@type":"ImageObject","inLanguage":"en-US","@id":"https:\/\/www.organisator.ch\/#\/schema\/logo\/image\/","url":"https:\/\/www.organisator.ch\/wp-content\/uploads\/2022\/01\/Logo_Organisator_Website.png","contentUrl":"https:\/\/www.organisator.ch\/wp-content\/uploads\/2022\/01\/Logo_Organisator_Website.png","width":800,"height":77,"caption":"Organisator"},"image":{"@id":"https:\/\/www.organisator.ch\/#\/schema\/logo\/image\/"},"sameAs":["https:\/\/www.facebook.com\/OrganisatorFachmagazin","https:\/\/www.linkedin.com\/showcase\/organisator-das-magazin-fr-kmu","https:\/\/www.xing.com\/news\/pages\/organisator-ch-695","https:\/\/www.youtube.com\/channel\/UCGP2Sq0iWaZwT3BdIAQFYpw"]},{"@type":"Person","@id":"https:\/\/www.organisator.ch\/#\/schema\/person\/4e51799071cd2dd1232ac003643ef5f0","name":"galledia","image":{"@type":"ImageObject","inLanguage":"en-US","@id":"https:\/\/secure.gravatar.com\/avatar\/78a7f90c01fc2bfc875782a0d4922b37cde2cf184ce347b91316d23cd7f69a36?s=96&d=mm&r=g","url":"https:\/\/secure.gravatar.com\/avatar\/78a7f90c01fc2bfc875782a0d4922b37cde2cf184ce347b91316d23cd7f69a36?s=96&d=mm&r=g","contentUrl":"https:\/\/secure.gravatar.com\/avatar\/78a7f90c01fc2bfc875782a0d4922b37cde2cf184ce347b91316d23cd7f69a36?s=96&d=mm&r=g","caption":"galledia"},"sameAs":["https:\/\/x.com\/admin"],"url":"https:\/\/www.organisator.ch\/en\/author\/galledia\/"}]}},"_links":{"self":[{"href":"https:\/\/www.organisator.ch\/en\/wp-json\/wp\/v2\/posts\/29939","targetHints":{"allow":["GET"]}}],"collection":[{"href":"https:\/\/www.organisator.ch\/en\/wp-json\/wp\/v2\/posts"}],"about":[{"href":"https:\/\/www.organisator.ch\/en\/wp-json\/wp\/v2\/types\/post"}],"author":[{"embeddable":true,"href":"https:\/\/www.organisator.ch\/en\/wp-json\/wp\/v2\/users\/8"}],"replies":[{"embeddable":true,"href":"https:\/\/www.organisator.ch\/en\/wp-json\/wp\/v2\/comments?post=29939"}],"version-history":[{"count":5,"href":"https:\/\/www.organisator.ch\/en\/wp-json\/wp\/v2\/posts\/29939\/revisions"}],"predecessor-version":[{"id":31908,"href":"https:\/\/www.organisator.ch\/en\/wp-json\/wp\/v2\/posts\/29939\/revisions\/31908"}],"wp:attachment":[{"href":"https:\/\/www.organisator.ch\/en\/wp-json\/wp\/v2\/media?parent=29939"}],"wp:term":[{"taxonomy":"category","embeddable":true,"href":"https:\/\/www.organisator.ch\/en\/wp-json\/wp\/v2\/categories?post=29939"},{"taxonomy":"post_tag","embeddable":true,"href":"https:\/\/www.organisator.ch\/en\/wp-json\/wp\/v2\/tags?post=29939"}],"curies":[{"name":"wp","href":"https:\/\/api.w.org\/{rel}","templated":true}]}}