{"id":29959,"date":"2024-09-20T07:12:35","date_gmt":"2024-09-20T05:12:35","guid":{"rendered":"https:\/\/www.m-q.ch\/?p=20332"},"modified":"2024-11-08T08:44:08","modified_gmt":"2024-11-08T07:44:08","slug":"investitionen-in-cyberschutz-haben-prioritaet-aber-nicht-bei-allen-unternehmen","status":"publish","type":"post","link":"https:\/\/www.organisator.ch\/en\/operational-excellence\/2024-09-20\/investitionen-in-cyberschutz-haben-prioritaet-aber-nicht-bei-allen-unternehmen\/","title":{"rendered":"Investing in cyber protection is a priority - but not for all companies"},"content":{"rendered":"<figure id=\"attachment_20334\" class=\"wp-caption alignnone\" style=\"width: 680px\" aria-describedby=\"caption-attachment-20334\"><img class=\"alignnone wp-image-20334 size-full\" src=\"https:\/\/www.m-q.ch\/wp-content\/uploads\/2024\/09\/Sophos_Bild1_ps.jpg\" alt=\"Cybersecurity DACH region 2024\" width=\"680\" height=\"431\" \/>\r\n<figcaption id=\"caption-attachment-20334\" class=\"wp-caption-text\">The main motive for the expansion of cyber security in companies in the DACH region is the increasing awareness of economic consequences. (Image: www.depositphotos.com)<\/figcaption>\r\n<\/figure>\r\n<p>According to the latest figures from the Sophos management study, the threat of economic damage from cyberattacks is the main reason for investing in cyber protection. Managers in Germany and Austria cite awareness of the economic consequences of cyberattacks as the main reason for investment in the past three years, with 23.4% (Germany) and 24% (Austria) respectively. Switzerland is even more aware in this regard, with 36% emphasizing that they have invested in cyber security due to potential economic damage.<\/p>\r\n<h3><strong>Ransomware and digital transformation<\/strong><\/h3>\r\n<p>The second most common reason for the expansion of IT security in companies in all three countries was the increasing threat of attacks such as ransomware. This aspect was emphasized by 21.4 percent of respondents in Germany, 20 percent in Austria and 28 percent in Switzerland - once again the most.<\/p>\r\n<p>Another key motivation for strengthening the protection of IT systems is the digital transformation in companies. It ranks third in all three countries as a reason for investing in cyber protection, with 18.4% of German bosses, 14.9% of Austrian bosses and 20% of Swiss bosses.<\/p>\r\n<h3><strong>Legal or insurance requirements subordinate<\/strong><\/h3>\r\n<p>Compared to the main motives for investing in cyber protection, aspects such as cyber insurance requirements (Germany 2 percent, Austria 4 percent, Switzerland 4 percent) or applicable IT and cyber protection laws such as GDPR or NIS II were less important. The latter aspect was mentioned by 8% of respondents in both Germany and Austria, while it was not included in the survey in Switzerland.<\/p>\r\n<h3><strong>State-initiated cyberattacks bring up the rear, 10 percent have not invested at all<\/strong><\/h3>\r\n<p>Very few respondents state that protection against state-initiated cyber attacks was a motive for expanding IT security - in Germany this is 2.5 percent, in Switzerland 2 percent and in Austria this aspect is not even mentioned by anyone.<\/p>\r\n<p>Despite the constantly increasing threat situation, some companies have stated that they have not strengthened their cyber protection in the past three years. In Germany, 10 percent of respondents, in Austria 14 percent and in Switzerland 6 percent have not done so.<\/p>\r\n<p>Although the minority say they have not worked on better security in recent years, Michael Veit, Security Evangelist at Sophos, believes that it is a failure if every company does not invest in its cyber protection. \"Companies must be aware that investments in IT security must no longer be seen as a cost factor, but as (over)life insurance,\" he says. \"If you don't take this to heart, you can count down until your own business operations are paralyzed by a cyber attack.\"<\/p>\r\n<p><em>Source: <a href=\"http:\/\/www.sophos.com\/\">www.sophos.com<\/a><\/em><\/p>\n<p class=\"syndicated-attribution\">This article originally appeared on m-q.ch - <a href=\"https:\/\/www.m-q.ch\/de\/investitionen-in-cyberschutz-haben-prioritaet-aber-nicht-bei-allen-unternehmen\/\" target=\"_blank\">https:\/\/www.m-q.ch\/de\/investitionen-in-cyberschutz-haben-prioritaet-aber-nicht-bei-allen-unternehmen\/<\/a><\/p>","protected":false},"excerpt":{"rendered":"<p>According to management, the main motives for expanding cyber security in companies in Germany, Austria and Switzerland are the growing awareness of the economic consequences. An average of 10 percent of companies in the DACH region also stated that they had not invested in cyber security at all in recent years.<\/p>","protected":false},"author":58,"featured_media":0,"comment_status":"closed","ping_status":"closed","sticky":false,"template":"","format":"standard","meta":{"_acf_changed":false,"_yoast_wpseo_focuskw":"Cybersicherheit DACH-Region 2024","_yoast_wpseo_metadesc":"Wirtschaftliche Sch\u00e4den durch Cyberangriffe treiben Investitionen in Cybersicherheit in der DACH-Region, laut Sophos-Studie 2024.","articlekey":"","footnotes":""},"categories":[582],"tags":[608,146,1441,418,492],"class_list":["post-29959","post","type-post","status-publish","format-standard","hentry","category-operational-excellence","tag-cybersicherheit","tag-datenschutz","tag-investition","tag-risikomanagement","tag-unternehmen"],"acf":[],"yoast_head":"<!-- This site is optimized with the Yoast SEO plugin v27.4 - https:\/\/yoast.com\/product\/yoast-seo-wordpress\/ -->\n<title>Investitionen in Cyberschutz haben Priorit\u00e4t \u2013 aber nicht bei allen Unternehmen - Organisator<\/title>\n<meta name=\"description\" content=\"Wirtschaftliche Sch\u00e4den durch Cyberangriffe treiben Investitionen in Cybersicherheit in der DACH-Region, laut Sophos-Studie 2024.\" \/>\n<meta name=\"robots\" content=\"index, follow, max-snippet:-1, max-image-preview:large, max-video-preview:-1\" \/>\n<link rel=\"canonical\" href=\"https:\/\/www.organisator.ch\/en\/operational-excellence\/2024-09-20\/investitionen-in-cyberschutz-haben-prioritaet-aber-nicht-bei-allen-unternehmen\/\" \/>\n<meta property=\"og:locale\" content=\"en_US\" \/>\n<meta property=\"og:type\" content=\"article\" \/>\n<meta property=\"og:title\" content=\"Investitionen in Cyberschutz haben Priorit\u00e4t \u2013 aber nicht bei allen Unternehmen - Organisator\" \/>\n<meta property=\"og:description\" content=\"Wirtschaftliche Sch\u00e4den durch Cyberangriffe treiben Investitionen in Cybersicherheit in der DACH-Region, laut Sophos-Studie 2024.\" \/>\n<meta property=\"og:url\" content=\"https:\/\/www.organisator.ch\/en\/operational-excellence\/2024-09-20\/investitionen-in-cyberschutz-haben-prioritaet-aber-nicht-bei-allen-unternehmen\/\" \/>\n<meta property=\"og:site_name\" content=\"Organisator\" \/>\n<meta property=\"article:publisher\" content=\"https:\/\/www.facebook.com\/OrganisatorFachmagazin\" \/>\n<meta property=\"article:published_time\" content=\"2024-09-20T05:12:35+00:00\" \/>\n<meta property=\"article:modified_time\" content=\"2024-11-08T07:44:08+00:00\" \/>\n<meta property=\"og:image\" content=\"https:\/\/www.m-q.ch\/wp-content\/uploads\/2024\/09\/Sophos_Bild1_ps.jpg\" \/>\n<meta name=\"author\" content=\"Adelisa Kalajdzini\" \/>\n<meta name=\"twitter:card\" content=\"summary_large_image\" \/>\n<script type=\"application\/ld+json\" class=\"yoast-schema-graph\">{\"@context\":\"https:\\\/\\\/schema.org\",\"@graph\":[{\"@type\":\"Article\",\"@id\":\"https:\\\/\\\/www.organisator.ch\\\/operational-excellence\\\/2024-09-20\\\/investitionen-in-cyberschutz-haben-prioritaet-aber-nicht-bei-allen-unternehmen\\\/#article\",\"isPartOf\":{\"@id\":\"https:\\\/\\\/www.organisator.ch\\\/operational-excellence\\\/2024-09-20\\\/investitionen-in-cyberschutz-haben-prioritaet-aber-nicht-bei-allen-unternehmen\\\/\"},\"author\":{\"name\":\"Adelisa Kalajdzini\",\"@id\":\"https:\\\/\\\/www.organisator.ch\\\/#\\\/schema\\\/person\\\/2e1314a2172123f874db408d8911d3f3\"},\"headline\":\"Investitionen in Cyberschutz haben Priorit\u00e4t \u2013 aber nicht bei allen Unternehmen\",\"datePublished\":\"2024-09-20T05:12:35+00:00\",\"dateModified\":\"2024-11-08T07:44:08+00:00\",\"mainEntityOfPage\":{\"@id\":\"https:\\\/\\\/www.organisator.ch\\\/operational-excellence\\\/2024-09-20\\\/investitionen-in-cyberschutz-haben-prioritaet-aber-nicht-bei-allen-unternehmen\\\/\"},\"wordCount\":448,\"publisher\":{\"@id\":\"https:\\\/\\\/www.organisator.ch\\\/#organization\"},\"image\":{\"@id\":\"https:\\\/\\\/www.organisator.ch\\\/operational-excellence\\\/2024-09-20\\\/investitionen-in-cyberschutz-haben-prioritaet-aber-nicht-bei-allen-unternehmen\\\/#primaryimage\"},\"thumbnailUrl\":\"https:\\\/\\\/www.m-q.ch\\\/wp-content\\\/uploads\\\/2024\\\/09\\\/Sophos_Bild1_ps.jpg\",\"keywords\":[\"Cybersicherheit\",\"Datenschutz\",\"Investition\",\"Risikomanagement\",\"Unternehmen\"],\"articleSection\":[\"OPERATIONAL EXCELLENCE\"],\"inLanguage\":\"en-US\"},{\"@type\":\"WebPage\",\"@id\":\"https:\\\/\\\/www.organisator.ch\\\/operational-excellence\\\/2024-09-20\\\/investitionen-in-cyberschutz-haben-prioritaet-aber-nicht-bei-allen-unternehmen\\\/\",\"url\":\"https:\\\/\\\/www.organisator.ch\\\/operational-excellence\\\/2024-09-20\\\/investitionen-in-cyberschutz-haben-prioritaet-aber-nicht-bei-allen-unternehmen\\\/\",\"name\":\"Investitionen in Cyberschutz haben Priorit\u00e4t \u2013 aber nicht bei allen Unternehmen - Organisator\",\"isPartOf\":{\"@id\":\"https:\\\/\\\/www.organisator.ch\\\/#website\"},\"primaryImageOfPage\":{\"@id\":\"https:\\\/\\\/www.organisator.ch\\\/operational-excellence\\\/2024-09-20\\\/investitionen-in-cyberschutz-haben-prioritaet-aber-nicht-bei-allen-unternehmen\\\/#primaryimage\"},\"image\":{\"@id\":\"https:\\\/\\\/www.organisator.ch\\\/operational-excellence\\\/2024-09-20\\\/investitionen-in-cyberschutz-haben-prioritaet-aber-nicht-bei-allen-unternehmen\\\/#primaryimage\"},\"thumbnailUrl\":\"https:\\\/\\\/www.m-q.ch\\\/wp-content\\\/uploads\\\/2024\\\/09\\\/Sophos_Bild1_ps.jpg\",\"datePublished\":\"2024-09-20T05:12:35+00:00\",\"dateModified\":\"2024-11-08T07:44:08+00:00\",\"description\":\"Wirtschaftliche Sch\u00e4den durch Cyberangriffe treiben Investitionen in Cybersicherheit in der DACH-Region, laut Sophos-Studie 2024.\",\"breadcrumb\":{\"@id\":\"https:\\\/\\\/www.organisator.ch\\\/operational-excellence\\\/2024-09-20\\\/investitionen-in-cyberschutz-haben-prioritaet-aber-nicht-bei-allen-unternehmen\\\/#breadcrumb\"},\"inLanguage\":\"en-US\",\"potentialAction\":[{\"@type\":\"ReadAction\",\"target\":[\"https:\\\/\\\/www.organisator.ch\\\/operational-excellence\\\/2024-09-20\\\/investitionen-in-cyberschutz-haben-prioritaet-aber-nicht-bei-allen-unternehmen\\\/\"]}]},{\"@type\":\"ImageObject\",\"inLanguage\":\"en-US\",\"@id\":\"https:\\\/\\\/www.organisator.ch\\\/operational-excellence\\\/2024-09-20\\\/investitionen-in-cyberschutz-haben-prioritaet-aber-nicht-bei-allen-unternehmen\\\/#primaryimage\",\"url\":\"https:\\\/\\\/www.m-q.ch\\\/wp-content\\\/uploads\\\/2024\\\/09\\\/Sophos_Bild1_ps.jpg\",\"contentUrl\":\"https:\\\/\\\/www.m-q.ch\\\/wp-content\\\/uploads\\\/2024\\\/09\\\/Sophos_Bild1_ps.jpg\"},{\"@type\":\"BreadcrumbList\",\"@id\":\"https:\\\/\\\/www.organisator.ch\\\/operational-excellence\\\/2024-09-20\\\/investitionen-in-cyberschutz-haben-prioritaet-aber-nicht-bei-allen-unternehmen\\\/#breadcrumb\",\"itemListElement\":[{\"@type\":\"ListItem\",\"position\":1,\"name\":\"Home\",\"item\":\"https:\\\/\\\/www.organisator.ch\\\/\"},{\"@type\":\"ListItem\",\"position\":2,\"name\":\"Investitionen in Cyberschutz haben Priorit\u00e4t \u2013 aber nicht bei allen Unternehmen\"}]},{\"@type\":\"WebSite\",\"@id\":\"https:\\\/\\\/www.organisator.ch\\\/#website\",\"url\":\"https:\\\/\\\/www.organisator.ch\\\/\",\"name\":\"Organisator\",\"description\":\"Kompetent. Praxisnah. Der ORGANISATOR bereitet in 10 Ausgaben pro Jahr die wesentlichen Themen f\u00fcr F\u00fchrungskr\u00e4fte von KMU auf.\",\"publisher\":{\"@id\":\"https:\\\/\\\/www.organisator.ch\\\/#organization\"},\"potentialAction\":[{\"@type\":\"SearchAction\",\"target\":{\"@type\":\"EntryPoint\",\"urlTemplate\":\"https:\\\/\\\/www.organisator.ch\\\/?s={search_term_string}\"},\"query-input\":{\"@type\":\"PropertyValueSpecification\",\"valueRequired\":true,\"valueName\":\"search_term_string\"}}],\"inLanguage\":\"en-US\"},{\"@type\":\"Organization\",\"@id\":\"https:\\\/\\\/www.organisator.ch\\\/#organization\",\"name\":\"Organisator\",\"url\":\"https:\\\/\\\/www.organisator.ch\\\/\",\"logo\":{\"@type\":\"ImageObject\",\"inLanguage\":\"en-US\",\"@id\":\"https:\\\/\\\/www.organisator.ch\\\/#\\\/schema\\\/logo\\\/image\\\/\",\"url\":\"https:\\\/\\\/www.organisator.ch\\\/wp-content\\\/uploads\\\/2022\\\/01\\\/Logo_Organisator_Website.png\",\"contentUrl\":\"https:\\\/\\\/www.organisator.ch\\\/wp-content\\\/uploads\\\/2022\\\/01\\\/Logo_Organisator_Website.png\",\"width\":800,\"height\":77,\"caption\":\"Organisator\"},\"image\":{\"@id\":\"https:\\\/\\\/www.organisator.ch\\\/#\\\/schema\\\/logo\\\/image\\\/\"},\"sameAs\":[\"https:\\\/\\\/www.facebook.com\\\/OrganisatorFachmagazin\",\"https:\\\/\\\/www.linkedin.com\\\/showcase\\\/organisator-das-magazin-fr-kmu\",\"https:\\\/\\\/www.xing.com\\\/news\\\/pages\\\/organisator-ch-695\",\"https:\\\/\\\/www.youtube.com\\\/channel\\\/UCGP2Sq0iWaZwT3BdIAQFYpw\"]},{\"@type\":\"Person\",\"@id\":\"https:\\\/\\\/www.organisator.ch\\\/#\\\/schema\\\/person\\\/2e1314a2172123f874db408d8911d3f3\",\"name\":\"Adelisa Kalajdzini\",\"image\":{\"@type\":\"ImageObject\",\"inLanguage\":\"en-US\",\"@id\":\"https:\\\/\\\/secure.gravatar.com\\\/avatar\\\/09a397c22ac58cad6f160ee8306348599df9df58a8ede73696226897b9fa4b24?s=96&d=mm&r=g\",\"url\":\"https:\\\/\\\/secure.gravatar.com\\\/avatar\\\/09a397c22ac58cad6f160ee8306348599df9df58a8ede73696226897b9fa4b24?s=96&d=mm&r=g\",\"contentUrl\":\"https:\\\/\\\/secure.gravatar.com\\\/avatar\\\/09a397c22ac58cad6f160ee8306348599df9df58a8ede73696226897b9fa4b24?s=96&d=mm&r=g\",\"caption\":\"Adelisa Kalajdzini\"},\"url\":\"https:\\\/\\\/www.organisator.ch\\\/en\\\/author\\\/adelisa-kalajdzini\\\/\"}]}<\/script>\n<!-- \/ Yoast SEO plugin. -->","yoast_head_json":{"title":"Investing in cyber protection is a priority - but not for all companies - Organizer","description":"Economic damage from cyberattacks is driving investment in cybersecurity in the DACH region, according to Sophos Study 2024.","robots":{"index":"index","follow":"follow","max-snippet":"max-snippet:-1","max-image-preview":"max-image-preview:large","max-video-preview":"max-video-preview:-1"},"canonical":"https:\/\/www.organisator.ch\/en\/operational-excellence\/2024-09-20\/investitionen-in-cyberschutz-haben-prioritaet-aber-nicht-bei-allen-unternehmen\/","og_locale":"en_US","og_type":"article","og_title":"Investitionen in Cyberschutz haben Priorit\u00e4t \u2013 aber nicht bei allen Unternehmen - Organisator","og_description":"Wirtschaftliche Sch\u00e4den durch Cyberangriffe treiben Investitionen in Cybersicherheit in der DACH-Region, laut Sophos-Studie 2024.","og_url":"https:\/\/www.organisator.ch\/en\/operational-excellence\/2024-09-20\/investitionen-in-cyberschutz-haben-prioritaet-aber-nicht-bei-allen-unternehmen\/","og_site_name":"Organisator","article_publisher":"https:\/\/www.facebook.com\/OrganisatorFachmagazin","article_published_time":"2024-09-20T05:12:35+00:00","article_modified_time":"2024-11-08T07:44:08+00:00","og_image":[{"url":"https:\/\/www.m-q.ch\/wp-content\/uploads\/2024\/09\/Sophos_Bild1_ps.jpg","type":"","width":"","height":""}],"author":"Adelisa Kalajdzini","twitter_card":"summary_large_image","schema":{"@context":"https:\/\/schema.org","@graph":[{"@type":"Article","@id":"https:\/\/www.organisator.ch\/operational-excellence\/2024-09-20\/investitionen-in-cyberschutz-haben-prioritaet-aber-nicht-bei-allen-unternehmen\/#article","isPartOf":{"@id":"https:\/\/www.organisator.ch\/operational-excellence\/2024-09-20\/investitionen-in-cyberschutz-haben-prioritaet-aber-nicht-bei-allen-unternehmen\/"},"author":{"name":"Adelisa Kalajdzini","@id":"https:\/\/www.organisator.ch\/#\/schema\/person\/2e1314a2172123f874db408d8911d3f3"},"headline":"Investitionen in Cyberschutz haben Priorit\u00e4t \u2013 aber nicht bei allen Unternehmen","datePublished":"2024-09-20T05:12:35+00:00","dateModified":"2024-11-08T07:44:08+00:00","mainEntityOfPage":{"@id":"https:\/\/www.organisator.ch\/operational-excellence\/2024-09-20\/investitionen-in-cyberschutz-haben-prioritaet-aber-nicht-bei-allen-unternehmen\/"},"wordCount":448,"publisher":{"@id":"https:\/\/www.organisator.ch\/#organization"},"image":{"@id":"https:\/\/www.organisator.ch\/operational-excellence\/2024-09-20\/investitionen-in-cyberschutz-haben-prioritaet-aber-nicht-bei-allen-unternehmen\/#primaryimage"},"thumbnailUrl":"https:\/\/www.m-q.ch\/wp-content\/uploads\/2024\/09\/Sophos_Bild1_ps.jpg","keywords":["Cybersicherheit","Datenschutz","Investition","Risikomanagement","Unternehmen"],"articleSection":["OPERATIONAL EXCELLENCE"],"inLanguage":"en-US"},{"@type":"WebPage","@id":"https:\/\/www.organisator.ch\/operational-excellence\/2024-09-20\/investitionen-in-cyberschutz-haben-prioritaet-aber-nicht-bei-allen-unternehmen\/","url":"https:\/\/www.organisator.ch\/operational-excellence\/2024-09-20\/investitionen-in-cyberschutz-haben-prioritaet-aber-nicht-bei-allen-unternehmen\/","name":"Investing in cyber protection is a priority - but not for all companies - Organizer","isPartOf":{"@id":"https:\/\/www.organisator.ch\/#website"},"primaryImageOfPage":{"@id":"https:\/\/www.organisator.ch\/operational-excellence\/2024-09-20\/investitionen-in-cyberschutz-haben-prioritaet-aber-nicht-bei-allen-unternehmen\/#primaryimage"},"image":{"@id":"https:\/\/www.organisator.ch\/operational-excellence\/2024-09-20\/investitionen-in-cyberschutz-haben-prioritaet-aber-nicht-bei-allen-unternehmen\/#primaryimage"},"thumbnailUrl":"https:\/\/www.m-q.ch\/wp-content\/uploads\/2024\/09\/Sophos_Bild1_ps.jpg","datePublished":"2024-09-20T05:12:35+00:00","dateModified":"2024-11-08T07:44:08+00:00","description":"Economic damage from cyberattacks is driving investment in cybersecurity in the DACH region, according to Sophos Study 2024.","breadcrumb":{"@id":"https:\/\/www.organisator.ch\/operational-excellence\/2024-09-20\/investitionen-in-cyberschutz-haben-prioritaet-aber-nicht-bei-allen-unternehmen\/#breadcrumb"},"inLanguage":"en-US","potentialAction":[{"@type":"ReadAction","target":["https:\/\/www.organisator.ch\/operational-excellence\/2024-09-20\/investitionen-in-cyberschutz-haben-prioritaet-aber-nicht-bei-allen-unternehmen\/"]}]},{"@type":"ImageObject","inLanguage":"en-US","@id":"https:\/\/www.organisator.ch\/operational-excellence\/2024-09-20\/investitionen-in-cyberschutz-haben-prioritaet-aber-nicht-bei-allen-unternehmen\/#primaryimage","url":"https:\/\/www.m-q.ch\/wp-content\/uploads\/2024\/09\/Sophos_Bild1_ps.jpg","contentUrl":"https:\/\/www.m-q.ch\/wp-content\/uploads\/2024\/09\/Sophos_Bild1_ps.jpg"},{"@type":"BreadcrumbList","@id":"https:\/\/www.organisator.ch\/operational-excellence\/2024-09-20\/investitionen-in-cyberschutz-haben-prioritaet-aber-nicht-bei-allen-unternehmen\/#breadcrumb","itemListElement":[{"@type":"ListItem","position":1,"name":"Home","item":"https:\/\/www.organisator.ch\/"},{"@type":"ListItem","position":2,"name":"Investitionen in Cyberschutz haben Priorit\u00e4t \u2013 aber nicht bei allen Unternehmen"}]},{"@type":"WebSite","@id":"https:\/\/www.organisator.ch\/#website","url":"https:\/\/www.organisator.ch\/","name":"Organizer","description":"Competent. Practical. In 10 issues per year, ORGANISATOR presents the essential topics for managers of SMEs.","publisher":{"@id":"https:\/\/www.organisator.ch\/#organization"},"potentialAction":[{"@type":"SearchAction","target":{"@type":"EntryPoint","urlTemplate":"https:\/\/www.organisator.ch\/?s={search_term_string}"},"query-input":{"@type":"PropertyValueSpecification","valueRequired":true,"valueName":"search_term_string"}}],"inLanguage":"en-US"},{"@type":"Organization","@id":"https:\/\/www.organisator.ch\/#organization","name":"Organizer","url":"https:\/\/www.organisator.ch\/","logo":{"@type":"ImageObject","inLanguage":"en-US","@id":"https:\/\/www.organisator.ch\/#\/schema\/logo\/image\/","url":"https:\/\/www.organisator.ch\/wp-content\/uploads\/2022\/01\/Logo_Organisator_Website.png","contentUrl":"https:\/\/www.organisator.ch\/wp-content\/uploads\/2022\/01\/Logo_Organisator_Website.png","width":800,"height":77,"caption":"Organisator"},"image":{"@id":"https:\/\/www.organisator.ch\/#\/schema\/logo\/image\/"},"sameAs":["https:\/\/www.facebook.com\/OrganisatorFachmagazin","https:\/\/www.linkedin.com\/showcase\/organisator-das-magazin-fr-kmu","https:\/\/www.xing.com\/news\/pages\/organisator-ch-695","https:\/\/www.youtube.com\/channel\/UCGP2Sq0iWaZwT3BdIAQFYpw"]},{"@type":"Person","@id":"https:\/\/www.organisator.ch\/#\/schema\/person\/2e1314a2172123f874db408d8911d3f3","name":"Adelisa Kalajdzini","image":{"@type":"ImageObject","inLanguage":"en-US","@id":"https:\/\/secure.gravatar.com\/avatar\/09a397c22ac58cad6f160ee8306348599df9df58a8ede73696226897b9fa4b24?s=96&d=mm&r=g","url":"https:\/\/secure.gravatar.com\/avatar\/09a397c22ac58cad6f160ee8306348599df9df58a8ede73696226897b9fa4b24?s=96&d=mm&r=g","contentUrl":"https:\/\/secure.gravatar.com\/avatar\/09a397c22ac58cad6f160ee8306348599df9df58a8ede73696226897b9fa4b24?s=96&d=mm&r=g","caption":"Adelisa Kalajdzini"},"url":"https:\/\/www.organisator.ch\/en\/author\/adelisa-kalajdzini\/"}]}},"_links":{"self":[{"href":"https:\/\/www.organisator.ch\/en\/wp-json\/wp\/v2\/posts\/29959","targetHints":{"allow":["GET"]}}],"collection":[{"href":"https:\/\/www.organisator.ch\/en\/wp-json\/wp\/v2\/posts"}],"about":[{"href":"https:\/\/www.organisator.ch\/en\/wp-json\/wp\/v2\/types\/post"}],"author":[{"embeddable":true,"href":"https:\/\/www.organisator.ch\/en\/wp-json\/wp\/v2\/users\/58"}],"replies":[{"embeddable":true,"href":"https:\/\/www.organisator.ch\/en\/wp-json\/wp\/v2\/comments?post=29959"}],"version-history":[{"count":6,"href":"https:\/\/www.organisator.ch\/en\/wp-json\/wp\/v2\/posts\/29959\/revisions"}],"predecessor-version":[{"id":31905,"href":"https:\/\/www.organisator.ch\/en\/wp-json\/wp\/v2\/posts\/29959\/revisions\/31905"}],"wp:attachment":[{"href":"https:\/\/www.organisator.ch\/en\/wp-json\/wp\/v2\/media?parent=29959"}],"wp:term":[{"taxonomy":"category","embeddable":true,"href":"https:\/\/www.organisator.ch\/en\/wp-json\/wp\/v2\/categories?post=29959"},{"taxonomy":"post_tag","embeddable":true,"href":"https:\/\/www.organisator.ch\/en\/wp-json\/wp\/v2\/tags?post=29959"}],"curies":[{"name":"wp","href":"https:\/\/api.w.org\/{rel}","templated":true}]}}